{"id":131747,"date":"2021-12-07T11:17:57","date_gmt":"2021-12-07T10:17:57","guid":{"rendered":"https:\/\/www.budokampsport.se\/?p=131747"},"modified":"2021-12-09T15:57:04","modified_gmt":"2021-12-09T14:57:04","slug":"patricia-axling-kliver-in-i-vm-kvartsfinal","status":"publish","type":"post","link":"https:\/\/www.budokampsport.se\/2021\/12\/07\/patricia-axling-kliver-in-i-vm-kvartsfinal\/","title":{"rendered":"Patricia Axling kliver in i VM-kvartsfinal"},"content":{"rendered":"<p>Budokampsport.se fick en intervju med Patricia just innan avresan till Bangkok. Och det var en harmonisk Axling som s\u00e5g fram emot VM.<\/p>\n<p>&#8211; Det \u00e4r en annorlunda situation, s\u00e5 klart. Det k\u00e4nns n\u00e4stan surrealistiskt att f\u00e5 t\u00e4vla internationellt igen. Senast var november 2019, s\u00e5 det ska bli s\u00e5 enormt kul att f\u00e5 \u00e5ka till VM.<br \/>\n&#8211; Jag kollade lite i startlistan och d\u00e4r var ju alla mina gamla antagonister igen. Det var faktiskt lite k\u00e4nslosamt.<\/p>\n<p>Axling har tv\u00e5 VM-guld i bagaget sedan tidigare, ett som hon vann under hemma-VM i J\u00f6nk\u00f6ping 2016 och ett fr\u00e5n 2017 \u00e5rs m\u00e4sterskap i Minsk.<\/p>\n<p>&#8211; Jag dr\u00f6mmer om ett tredje VM-guld och att kvalificera mig till World games n\u00e4sta \u00e5r. F\u00f6r det kr\u00e4vs minst VM-final. Men p\u00e5 det stora hela \u00e4r det sk\u00f6nt att bara f\u00e5 t\u00e4vla internationellt igen.<\/p>\n<p>Patricia Axling st\u00e4lls i VM-kvartsfinalen lite senare idag mot ryskan Maria Klimowa.<\/p>\n<p>\u00d6vriga svenskar i VM under tisdagen \u00e4r <em><strong>Dalian Dawody<\/strong><\/em>, <em><strong>Johanna Persson<\/strong><\/em> och <em><strong>Erica Bj\u00f6rnestrand<\/strong> <\/em>i seniorklass. Bland juniorerna startar <em><strong>Zahra Al-Mougrabi<\/strong><\/em> i U16, <em><strong>Alexander Varga<\/strong><\/em> i U18 och <em><strong>Anton Wal<\/strong><strong>l<\/strong><\/em> i U23. Dock f\u00f6rlorade <em><strong>Nicholas Bryant<\/strong><\/em> sin inledningsmatch nyligen, medan<em><strong> Javad Vahid Rezah<\/strong><\/em> och <em><strong>Moa Carlsson<\/strong><\/em> (U23) g\u00e5tt vidare p\u00e5 W.O.<\/p>\n<p>Under g\u00e5rdagen gick tre svenskar vidare, Marcus Sundin Liljedorff, Dalian Dawody och Giang Hoang.<\/p>\n<p>Text: Jonathan Broberg<\/p>\n","protected":false},"excerpt":{"rendered":"<p>THAIBOXNING. I dag kliver Patricia Axling in i VM i thaiboxning i Bangkok. Ett av de mest meriterade namnen i truppen.<br \/><br>&#8211; Det k\u00e4nns n\u00e4stan surrealistiskt att f\u00e5 t\u00e4vla internationellt igen, s\u00e4ger hon.<br \/><br>(Foto: Benjamin Bayard) <\/p><br>","protected":false},"author":7,"featured_media":67213,"comment_status":"open","ping_status":"open","sticky":false,"template":"","format":"standard","meta":{"_acf_changed":false,"footnotes":""},"categories":[1],"tags":[],"class_list":["post-131747","post","type-post","status-publish","format-standard","has-post-thumbnail","hentry","category-okategoriserade"],"acf":[],"yoast_head":"<!-- This site is optimized with the Yoast SEO plugin v26.8 - https:\/\/yoast.com\/product\/yoast-seo-wordpress\/ -->\n<title>Patricia Axling kliver in i VM-kvartsfinal - Svenska Budo &amp; Kampsportsf\u00f6rbundet<\/title>\n<meta name=\"description\" content=\"THAIBOXNING. I dag kliver Patricia Axling in i VM i thaiboxning i Bangkok. Ett av de mest meriterade namnen i truppen. - Det k\u00e4nns n\u00e4stan surrealistiskt att f\u00e5 t\u00e4vla internationellt igen, s\u00e4ger hon.  (Foto: Benjamin Bayard)\" \/>\n<meta name=\"robots\" content=\"index, follow, max-snippet:-1, max-image-preview:large, max-video-preview:-1\" \/>\n<link rel=\"canonical\" href=\"https:\/\/www.budokampsport.se\/2021\/12\/07\/patricia-axling-kliver-in-i-vm-kvartsfinal\/\" \/>\n<meta property=\"og:locale\" content=\"sv_SE\" \/>\n<meta property=\"og:type\" content=\"article\" \/>\n<meta property=\"og:title\" content=\"Patricia Axling kliver in i VM-kvartsfinal - Svenska Budo &amp; Kampsportsf\u00f6rbundet\" \/>\n<meta property=\"og:description\" content=\"THAIBOXNING. I dag kliver Patricia Axling in i VM i thaiboxning i Bangkok. Ett av de mest meriterade namnen i truppen. - Det k\u00e4nns n\u00e4stan surrealistiskt att f\u00e5 t\u00e4vla internationellt igen, s\u00e4ger hon.  (Foto: Benjamin Bayard)\" \/>\n<meta property=\"og:url\" content=\"https:\/\/www.budokampsport.se\/2021\/12\/07\/patricia-axling-kliver-in-i-vm-kvartsfinal\/\" \/>\n<meta property=\"og:site_name\" content=\"Svenska Budo &amp; Kampsportsf\u00f6rbundet\" \/>\n<meta property=\"article:author\" content=\"https:\/\/www.facebook.com\/jonathan.broberg.7\" \/>\n<meta property=\"article:published_time\" content=\"2021-12-07T10:17:57+00:00\" \/>\n<meta property=\"article:modified_time\" content=\"2021-12-09T14:57:04+00:00\" \/>\n<meta property=\"og:image\" content=\"https:\/\/www.budokampsport.se\/wp-content\/uploads\/2018\/03\/patricia-axling-2-e1624886715913.jpg\" \/>\n\t<meta property=\"og:image:width\" content=\"850\" \/>\n\t<meta property=\"og:image:height\" content=\"565\" \/>\n\t<meta property=\"og:image:type\" content=\"image\/jpeg\" \/>\n<meta name=\"author\" content=\"Jonathan Broberg\" \/>\n<meta name=\"twitter:card\" content=\"summary_large_image\" \/>\n<meta name=\"twitter:label1\" content=\"Skriven av\" \/>\n\t<meta name=\"twitter:data1\" content=\"Jonathan Broberg\" \/>\n\t<meta name=\"twitter:label2\" content=\"Ber\u00e4knad l\u00e4stid\" \/>\n\t<meta name=\"twitter:data2\" content=\"1 minut\" \/>\n<script type=\"application\/ld+json\" class=\"yoast-schema-graph\">{\"@context\":\"https:\/\/schema.org\",\"@graph\":[{\"@type\":\"Article\",\"@id\":\"https:\/\/www.budokampsport.se\/2021\/12\/07\/patricia-axling-kliver-in-i-vm-kvartsfinal\/#article\",\"isPartOf\":{\"@id\":\"https:\/\/www.budokampsport.se\/2021\/12\/07\/patricia-axling-kliver-in-i-vm-kvartsfinal\/\"},\"author\":{\"name\":\"Jonathan Broberg\",\"@id\":\"https:\/\/www.budokampsport.se\/#\/schema\/person\/5c06d81d14850e2a8ce5493386560145\"},\"headline\":\"Patricia Axling kliver in i VM-kvartsfinal\",\"datePublished\":\"2021-12-07T10:17:57+00:00\",\"dateModified\":\"2021-12-09T14:57:04+00:00\",\"mainEntityOfPage\":{\"@id\":\"https:\/\/www.budokampsport.se\/2021\/12\/07\/patricia-axling-kliver-in-i-vm-kvartsfinal\/\"},\"wordCount\":242,\"commentCount\":0,\"image\":{\"@id\":\"https:\/\/www.budokampsport.se\/2021\/12\/07\/patricia-axling-kliver-in-i-vm-kvartsfinal\/#primaryimage\"},\"thumbnailUrl\":\"https:\/\/www.budokampsport.se\/wp-content\/uploads\/2018\/03\/patricia-axling-2-e1624886715913.jpg\",\"inLanguage\":\"sv-SE\",\"potentialAction\":[{\"@type\":\"CommentAction\",\"name\":\"Comment\",\"target\":[\"https:\/\/www.budokampsport.se\/2021\/12\/07\/patricia-axling-kliver-in-i-vm-kvartsfinal\/#respond\"]}]},{\"@type\":\"WebPage\",\"@id\":\"https:\/\/www.budokampsport.se\/2021\/12\/07\/patricia-axling-kliver-in-i-vm-kvartsfinal\/\",\"url\":\"https:\/\/www.budokampsport.se\/2021\/12\/07\/patricia-axling-kliver-in-i-vm-kvartsfinal\/\",\"name\":\"Patricia Axling kliver in i VM-kvartsfinal - Svenska Budo &amp; Kampsportsf\u00f6rbundet\",\"isPartOf\":{\"@id\":\"https:\/\/www.budokampsport.se\/#website\"},\"primaryImageOfPage\":{\"@id\":\"https:\/\/www.budokampsport.se\/2021\/12\/07\/patricia-axling-kliver-in-i-vm-kvartsfinal\/#primaryimage\"},\"image\":{\"@id\":\"https:\/\/www.budokampsport.se\/2021\/12\/07\/patricia-axling-kliver-in-i-vm-kvartsfinal\/#primaryimage\"},\"thumbnailUrl\":\"https:\/\/www.budokampsport.se\/wp-content\/uploads\/2018\/03\/patricia-axling-2-e1624886715913.jpg\",\"datePublished\":\"2021-12-07T10:17:57+00:00\",\"dateModified\":\"2021-12-09T14:57:04+00:00\",\"author\":{\"@id\":\"https:\/\/www.budokampsport.se\/#\/schema\/person\/5c06d81d14850e2a8ce5493386560145\"},\"description\":\"THAIBOXNING. I dag kliver Patricia Axling in i VM i thaiboxning i Bangkok. Ett av de mest meriterade namnen i truppen. - Det k\u00e4nns n\u00e4stan surrealistiskt att f\u00e5 t\u00e4vla internationellt igen, s\u00e4ger hon. (Foto: Benjamin Bayard)\",\"breadcrumb\":{\"@id\":\"https:\/\/www.budokampsport.se\/2021\/12\/07\/patricia-axling-kliver-in-i-vm-kvartsfinal\/#breadcrumb\"},\"inLanguage\":\"sv-SE\",\"potentialAction\":[{\"@type\":\"ReadAction\",\"target\":[\"https:\/\/www.budokampsport.se\/2021\/12\/07\/patricia-axling-kliver-in-i-vm-kvartsfinal\/\"]}]},{\"@type\":\"ImageObject\",\"inLanguage\":\"sv-SE\",\"@id\":\"https:\/\/www.budokampsport.se\/2021\/12\/07\/patricia-axling-kliver-in-i-vm-kvartsfinal\/#primaryimage\",\"url\":\"https:\/\/www.budokampsport.se\/wp-content\/uploads\/2018\/03\/patricia-axling-2-e1624886715913.jpg\",\"contentUrl\":\"https:\/\/www.budokampsport.se\/wp-content\/uploads\/2018\/03\/patricia-axling-2-e1624886715913.jpg\",\"width\":850,\"height\":565,\"caption\":\"Foto: Benjamin Bayard\"},{\"@type\":\"BreadcrumbList\",\"@id\":\"https:\/\/www.budokampsport.se\/2021\/12\/07\/patricia-axling-kliver-in-i-vm-kvartsfinal\/#breadcrumb\",\"itemListElement\":[{\"@type\":\"ListItem\",\"position\":1,\"name\":\"Hem\",\"item\":\"https:\/\/www.budokampsport.se\/\"},{\"@type\":\"ListItem\",\"position\":2,\"name\":\"Patricia Axling kliver in i VM-kvartsfinal\"}]},{\"@type\":\"WebSite\",\"@id\":\"https:\/\/www.budokampsport.se\/#website\",\"url\":\"https:\/\/www.budokampsport.se\/\",\"name\":\"Svenska Budo &amp; Kampsportsf\u00f6rbundet\",\"description\":\"T\u00e4vling, Tr\u00e4ning, Tradition\",\"potentialAction\":[{\"@type\":\"SearchAction\",\"target\":{\"@type\":\"EntryPoint\",\"urlTemplate\":\"https:\/\/www.budokampsport.se\/?s={search_term_string}\"},\"query-input\":{\"@type\":\"PropertyValueSpecification\",\"valueRequired\":true,\"valueName\":\"search_term_string\"}}],\"inLanguage\":\"sv-SE\"},{\"@type\":\"Person\",\"@id\":\"https:\/\/www.budokampsport.se\/#\/schema\/person\/5c06d81d14850e2a8ce5493386560145\",\"name\":\"Jonathan Broberg\",\"image\":{\"@type\":\"ImageObject\",\"inLanguage\":\"sv-SE\",\"@id\":\"https:\/\/www.budokampsport.se\/#\/schema\/person\/image\/\",\"url\":\"https:\/\/secure.gravatar.com\/avatar\/a58041c6cea9128bd9c40ee2f26d4136?s=96&d=blank&r=g\",\"contentUrl\":\"https:\/\/secure.gravatar.com\/avatar\/a58041c6cea9128bd9c40ee2f26d4136?s=96&d=blank&r=g\",\"caption\":\"Jonathan Broberg\"},\"sameAs\":[\"https:\/\/www.facebook.com\/jonathan.broberg.7\"],\"url\":\"https:\/\/www.budokampsport.se\/author\/jonathan\/\"}]}<\/script>\n<!-- \/ Yoast SEO plugin. -->","yoast_head_json":{"title":"Patricia Axling kliver in i VM-kvartsfinal - Svenska Budo &amp; Kampsportsf\u00f6rbundet","description":"THAIBOXNING. I dag kliver Patricia Axling in i VM i thaiboxning i Bangkok. Ett av de mest meriterade namnen i truppen. - Det k\u00e4nns n\u00e4stan surrealistiskt att f\u00e5 t\u00e4vla internationellt igen, s\u00e4ger hon.  (Foto: Benjamin Bayard)","robots":{"index":"index","follow":"follow","max-snippet":"max-snippet:-1","max-image-preview":"max-image-preview:large","max-video-preview":"max-video-preview:-1"},"canonical":"https:\/\/www.budokampsport.se\/2021\/12\/07\/patricia-axling-kliver-in-i-vm-kvartsfinal\/","og_locale":"sv_SE","og_type":"article","og_title":"Patricia Axling kliver in i VM-kvartsfinal - Svenska Budo &amp; Kampsportsf\u00f6rbundet","og_description":"THAIBOXNING. I dag kliver Patricia Axling in i VM i thaiboxning i Bangkok. Ett av de mest meriterade namnen i truppen. - Det k\u00e4nns n\u00e4stan surrealistiskt att f\u00e5 t\u00e4vla internationellt igen, s\u00e4ger hon.  (Foto: Benjamin Bayard)","og_url":"https:\/\/www.budokampsport.se\/2021\/12\/07\/patricia-axling-kliver-in-i-vm-kvartsfinal\/","og_site_name":"Svenska Budo &amp; Kampsportsf\u00f6rbundet","article_author":"https:\/\/www.facebook.com\/jonathan.broberg.7","article_published_time":"2021-12-07T10:17:57+00:00","article_modified_time":"2021-12-09T14:57:04+00:00","og_image":[{"width":850,"height":565,"url":"https:\/\/www.budokampsport.se\/wp-content\/uploads\/2018\/03\/patricia-axling-2-e1624886715913.jpg","type":"image\/jpeg"}],"author":"Jonathan Broberg","twitter_card":"summary_large_image","twitter_misc":{"Skriven av":"Jonathan Broberg","Ber\u00e4knad l\u00e4stid":"1 minut"},"schema":{"@context":"https:\/\/schema.org","@graph":[{"@type":"Article","@id":"https:\/\/www.budokampsport.se\/2021\/12\/07\/patricia-axling-kliver-in-i-vm-kvartsfinal\/#article","isPartOf":{"@id":"https:\/\/www.budokampsport.se\/2021\/12\/07\/patricia-axling-kliver-in-i-vm-kvartsfinal\/"},"author":{"name":"Jonathan Broberg","@id":"https:\/\/www.budokampsport.se\/#\/schema\/person\/5c06d81d14850e2a8ce5493386560145"},"headline":"Patricia Axling kliver in i VM-kvartsfinal","datePublished":"2021-12-07T10:17:57+00:00","dateModified":"2021-12-09T14:57:04+00:00","mainEntityOfPage":{"@id":"https:\/\/www.budokampsport.se\/2021\/12\/07\/patricia-axling-kliver-in-i-vm-kvartsfinal\/"},"wordCount":242,"commentCount":0,"image":{"@id":"https:\/\/www.budokampsport.se\/2021\/12\/07\/patricia-axling-kliver-in-i-vm-kvartsfinal\/#primaryimage"},"thumbnailUrl":"https:\/\/www.budokampsport.se\/wp-content\/uploads\/2018\/03\/patricia-axling-2-e1624886715913.jpg","inLanguage":"sv-SE","potentialAction":[{"@type":"CommentAction","name":"Comment","target":["https:\/\/www.budokampsport.se\/2021\/12\/07\/patricia-axling-kliver-in-i-vm-kvartsfinal\/#respond"]}]},{"@type":"WebPage","@id":"https:\/\/www.budokampsport.se\/2021\/12\/07\/patricia-axling-kliver-in-i-vm-kvartsfinal\/","url":"https:\/\/www.budokampsport.se\/2021\/12\/07\/patricia-axling-kliver-in-i-vm-kvartsfinal\/","name":"Patricia Axling kliver in i VM-kvartsfinal - Svenska Budo &amp; Kampsportsf\u00f6rbundet","isPartOf":{"@id":"https:\/\/www.budokampsport.se\/#website"},"primaryImageOfPage":{"@id":"https:\/\/www.budokampsport.se\/2021\/12\/07\/patricia-axling-kliver-in-i-vm-kvartsfinal\/#primaryimage"},"image":{"@id":"https:\/\/www.budokampsport.se\/2021\/12\/07\/patricia-axling-kliver-in-i-vm-kvartsfinal\/#primaryimage"},"thumbnailUrl":"https:\/\/www.budokampsport.se\/wp-content\/uploads\/2018\/03\/patricia-axling-2-e1624886715913.jpg","datePublished":"2021-12-07T10:17:57+00:00","dateModified":"2021-12-09T14:57:04+00:00","author":{"@id":"https:\/\/www.budokampsport.se\/#\/schema\/person\/5c06d81d14850e2a8ce5493386560145"},"description":"THAIBOXNING. I dag kliver Patricia Axling in i VM i thaiboxning i Bangkok. Ett av de mest meriterade namnen i truppen. - Det k\u00e4nns n\u00e4stan surrealistiskt att f\u00e5 t\u00e4vla internationellt igen, s\u00e4ger hon. (Foto: Benjamin Bayard)","breadcrumb":{"@id":"https:\/\/www.budokampsport.se\/2021\/12\/07\/patricia-axling-kliver-in-i-vm-kvartsfinal\/#breadcrumb"},"inLanguage":"sv-SE","potentialAction":[{"@type":"ReadAction","target":["https:\/\/www.budokampsport.se\/2021\/12\/07\/patricia-axling-kliver-in-i-vm-kvartsfinal\/"]}]},{"@type":"ImageObject","inLanguage":"sv-SE","@id":"https:\/\/www.budokampsport.se\/2021\/12\/07\/patricia-axling-kliver-in-i-vm-kvartsfinal\/#primaryimage","url":"https:\/\/www.budokampsport.se\/wp-content\/uploads\/2018\/03\/patricia-axling-2-e1624886715913.jpg","contentUrl":"https:\/\/www.budokampsport.se\/wp-content\/uploads\/2018\/03\/patricia-axling-2-e1624886715913.jpg","width":850,"height":565,"caption":"Foto: Benjamin Bayard"},{"@type":"BreadcrumbList","@id":"https:\/\/www.budokampsport.se\/2021\/12\/07\/patricia-axling-kliver-in-i-vm-kvartsfinal\/#breadcrumb","itemListElement":[{"@type":"ListItem","position":1,"name":"Hem","item":"https:\/\/www.budokampsport.se\/"},{"@type":"ListItem","position":2,"name":"Patricia Axling kliver in i VM-kvartsfinal"}]},{"@type":"WebSite","@id":"https:\/\/www.budokampsport.se\/#website","url":"https:\/\/www.budokampsport.se\/","name":"Svenska Budo &amp; Kampsportsf\u00f6rbundet","description":"T\u00e4vling, Tr\u00e4ning, Tradition","potentialAction":[{"@type":"SearchAction","target":{"@type":"EntryPoint","urlTemplate":"https:\/\/www.budokampsport.se\/?s={search_term_string}"},"query-input":{"@type":"PropertyValueSpecification","valueRequired":true,"valueName":"search_term_string"}}],"inLanguage":"sv-SE"},{"@type":"Person","@id":"https:\/\/www.budokampsport.se\/#\/schema\/person\/5c06d81d14850e2a8ce5493386560145","name":"Jonathan Broberg","image":{"@type":"ImageObject","inLanguage":"sv-SE","@id":"https:\/\/www.budokampsport.se\/#\/schema\/person\/image\/","url":"https:\/\/secure.gravatar.com\/avatar\/a58041c6cea9128bd9c40ee2f26d4136?s=96&d=blank&r=g","contentUrl":"https:\/\/secure.gravatar.com\/avatar\/a58041c6cea9128bd9c40ee2f26d4136?s=96&d=blank&r=g","caption":"Jonathan Broberg"},"sameAs":["https:\/\/www.facebook.com\/jonathan.broberg.7"],"url":"https:\/\/www.budokampsport.se\/author\/jonathan\/"}]}},"_links":{"self":[{"href":"https:\/\/www.budokampsport.se\/api\/wp\/v2\/posts\/131747","targetHints":{"allow":["GET"]}}],"collection":[{"href":"https:\/\/www.budokampsport.se\/api\/wp\/v2\/posts"}],"about":[{"href":"https:\/\/www.budokampsport.se\/api\/wp\/v2\/types\/post"}],"author":[{"embeddable":true,"href":"https:\/\/www.budokampsport.se\/api\/wp\/v2\/users\/7"}],"replies":[{"embeddable":true,"href":"https:\/\/www.budokampsport.se\/api\/wp\/v2\/comments?post=131747"}],"version-history":[{"count":0,"href":"https:\/\/www.budokampsport.se\/api\/wp\/v2\/posts\/131747\/revisions"}],"wp:featuredmedia":[{"embeddable":true,"href":"https:\/\/www.budokampsport.se\/api\/wp\/v2\/media\/67213"}],"wp:attachment":[{"href":"https:\/\/www.budokampsport.se\/api\/wp\/v2\/media?parent=131747"}],"wp:term":[{"taxonomy":"category","embeddable":true,"href":"https:\/\/www.budokampsport.se\/api\/wp\/v2\/categories?post=131747"},{"taxonomy":"post_tag","embeddable":true,"href":"https:\/\/www.budokampsport.se\/api\/wp\/v2\/tags?post=131747"}],"curies":[{"name":"wp","href":"https:\/\/api.w.org\/{rel}","templated":true}]}}