{"id":132957,"date":"2021-12-22T11:40:32","date_gmt":"2021-12-22T10:40:32","guid":{"rendered":"https:\/\/www.budokampsport.se\/?p=132957"},"modified":"2021-12-27T17:11:52","modified_gmt":"2021-12-27T16:11:52","slug":"julhalsning-fran-ordforanden-2021","status":"publish","type":"post","link":"https:\/\/www.budokampsport.se\/2021\/12\/22\/julhalsning-fran-ordforanden-2021\/","title":{"rendered":"Julh\u00e4lsning fr\u00e5n ordf\u00f6randen"},"content":{"rendered":"<p>S\u00e5 lider ytterligare ett \u00e5r mot sitt slut.<\/p>\n<p>Precis som 2020 har detta \u00e5ret pr\u00e4glats till m\u00e5ngt och mycket av covid. I och med att vaccineringar genomf\u00f6rts har l\u00e4ttnader i restriktionerna medf\u00f6ljt men tyv\u00e4rr ser vi nu ett \u00f6kat antal smittade, med restriktioner som f\u00f6ljd i samh\u00e4llet.<\/p>\n<p><strong>F\u00f6rhoppningsvis har vi blivit visa av erfarenheterna och kommer hantera denna omg\u00e5ng p\u00e5 ett b\u00e4ttre s\u00e4tt.<\/strong><\/p>\n<p>Vi har under \u00e5ret f\u00e5tt se v\u00e5ra landslag i SB&amp;K komma tillbaka i verksamhet med bra resultat, vilket varit kul. Alla f\u00f6reningar har ocks\u00e5 haft m\u00f6jlighet att starta h\u00f6stterminen utan begr\u00e4nsningar och vi hoppas att medlemmar hittar tillbaka till v\u00e5ra verksamheter. Svenska Budo &amp; Kampsportsf\u00f6rbundet har kunnat f\u00f6rdela ett statligt \u00e5terstartst\u00f6d till <a href=\"https:\/\/www.budokampsport.se\/2021\/09\/08\/sbk-har-beviljats-7-miljoner-kronor-i-aterstartsstod\/\" target=\"_blank\" rel=\"noopener noreferrer\">underf\u00f6rbund<\/a> och <a href=\"https:\/\/www.budokampsport.se\/2021\/09\/09\/mojligt-att-soka-aterstartsstod-for-idrottsforeningar\/\" target=\"_blank\" rel=\"noopener noreferrer\">f\u00f6reningar<\/a> vilket vi hoppas ska kunna hj\u00e4lpa till att kickstarta verksamheten igen.<\/p>\n<p>F\u00f6rbundet har lagt den centrala delen av \u00e5terstartst\u00f6det p\u00e5 att erbjuda <a href=\"https:\/\/www.budokampsport.se\/2021\/12\/02\/varens-utbildningsprogram-klart\/\" target=\"_blank\" rel=\"noopener noreferrer\">gratis utbildningar<\/a> till f\u00f6reningarnas tr\u00e4nare s\u00e5 l\u00e4nge pengarna r\u00e4cker. Styrelsen har ocks\u00e5 p\u00e5b\u00f6rjat ett arbete med en ny vision f\u00f6r f\u00f6rbundet, vilket \u00e4r n\u00e5got vi skulle vilja engagera v\u00e5ra underf\u00f6rbund i. Parallellt med detta l\u00f6per arbete med demokratiprojekt med mera vidare. Det k\u00e4nns som att \u00e4ven vi har f\u00e5tt en \u00e5terstart i arbetet efter, ska erk\u00e4nnas, en tung period med n\u00e4stan bara fokus p\u00e5 pandemin.<\/p>\n<p><strong>Kampsport har s\u00e5 m\u00e5nga bra kvaliteter och har s\u00e5 mycket att ge i form av gl\u00e4dje, utvecklingsm\u00f6jligheter och kamratskap.<\/strong><\/p>\n<p>Vi ser positivt p\u00e5 framtiden och vill jobba h\u00e5rt tillsammans med er f\u00f6r att sprida denna gl\u00e4dje till fler m\u00e4nniskor. Kampsportens st\u00e4llning \u00e4r stark och ert of\u00f6rtr\u00f6ttliga arbete ute i f\u00f6reningarna g\u00f6r att vi forts\u00e4tter att v\u00e4xa och utvecklas. Och \u00e4ven om det har varit ett par tuffa \u00e5r ser framtiden ljus ut f\u00f6r svensk kampsport.<\/p>\n<p>Julen \u00e4r en tid att fira ljuset och kamratskapet och gl\u00e4djen. I detta firande f\u00e5r vi inte tappa bort alla f\u00f6r vilka julen \u00e4r en tuff tid. Ni g\u00f6r en fantastisk insats f\u00f6r samh\u00e4llet i stort men \u00e4ven f\u00f6r m\u00e5nga p\u00e5 ett individuellt plan.<\/p>\n<p>Jag skulle vilja uppmana er alla att sk\u00e4nka en tanke till alla de som har det sv\u00e5rt och fundera p\u00e5 vad just du kan g\u00f6ra f\u00f6r att st\u00f6tta en medm\u00e4nniska. Det \u00e4r i dessa handlingar kampsportens riktiga sj\u00e4l visar sig.<\/p>\n<p><strong>L\u00e5t oss visa alla vilken fantastisk positiv kraft svensk kampsport \u00e4r.<\/strong><\/p>\n<p>God jul och gott nytt \u00e5r!<\/p>\n<hr \/>\n<p><strong>Fredrik Gundmark<\/strong><br \/>\n<strong>Ordf\u00f6rande<\/strong><br \/>\n<strong>Svenska Budo &amp; Kampsportsf\u00f6rbundet<\/strong><\/p>\n","protected":false},"excerpt":{"rendered":"<p>Fredrik Gundmark med n\u00e5gra tankar kring \u00e4nnu ett \u00e5r som pr\u00e4glats av pandemin.<br \/><br>(Foto: Mathilda Ahlberg\/Bildbyr\u00e5n)<\/p><br>","protected":false},"author":914,"featured_media":132971,"comment_status":"open","ping_status":"open","sticky":false,"template":"","format":"standard","meta":{"_acf_changed":false,"footnotes":""},"categories":[1],"tags":[],"class_list":["post-132957","post","type-post","status-publish","format-standard","has-post-thumbnail","hentry","category-okategoriserade"],"acf":[],"yoast_head":"<!-- This site is optimized with the Yoast SEO plugin v26.8 - https:\/\/yoast.com\/product\/yoast-seo-wordpress\/ -->\n<title>Julh\u00e4lsning fr\u00e5n ordf\u00f6randen - Svenska Budo &amp; Kampsportsf\u00f6rbundet<\/title>\n<meta name=\"description\" content=\"Fredrik Gundmark med n\u00e5gra tankar kring \u00e4nnu ett \u00e5r som pr\u00e4glats av pandemin. (Foto: Mathilda Ahlberg\/Bildbyr\u00e5n)\" \/>\n<meta name=\"robots\" content=\"index, follow, max-snippet:-1, max-image-preview:large, max-video-preview:-1\" \/>\n<link rel=\"canonical\" href=\"https:\/\/www.budokampsport.se\/2021\/12\/22\/julhalsning-fran-ordforanden-2021\/\" \/>\n<meta property=\"og:locale\" content=\"sv_SE\" \/>\n<meta property=\"og:type\" content=\"article\" \/>\n<meta property=\"og:title\" content=\"Julh\u00e4lsning fr\u00e5n ordf\u00f6randen - Svenska Budo &amp; Kampsportsf\u00f6rbundet\" \/>\n<meta property=\"og:description\" content=\"Fredrik Gundmark med n\u00e5gra tankar kring \u00e4nnu ett \u00e5r som pr\u00e4glats av pandemin. (Foto: Mathilda Ahlberg\/Bildbyr\u00e5n)\" \/>\n<meta property=\"og:url\" content=\"https:\/\/www.budokampsport.se\/2021\/12\/22\/julhalsning-fran-ordforanden-2021\/\" \/>\n<meta property=\"og:site_name\" content=\"Svenska Budo &amp; Kampsportsf\u00f6rbundet\" \/>\n<meta property=\"article:published_time\" content=\"2021-12-22T10:40:32+00:00\" \/>\n<meta property=\"article:modified_time\" content=\"2021-12-27T16:11:52+00:00\" \/>\n<meta property=\"og:image\" content=\"https:\/\/www.budokampsport.se\/wp-content\/uploads\/2021\/12\/BB211127ZU062-1200px.jpg\" \/>\n\t<meta property=\"og:image:width\" content=\"1200\" \/>\n\t<meta property=\"og:image:height\" content=\"800\" \/>\n\t<meta property=\"og:image:type\" content=\"image\/jpeg\" \/>\n<meta name=\"author\" content=\"Mats Lilja\" \/>\n<meta name=\"twitter:card\" content=\"summary_large_image\" \/>\n<meta name=\"twitter:label1\" content=\"Skriven av\" \/>\n\t<meta name=\"twitter:data1\" content=\"Mats Lilja\" \/>\n\t<meta name=\"twitter:label2\" content=\"Ber\u00e4knad l\u00e4stid\" \/>\n\t<meta name=\"twitter:data2\" content=\"2 minuter\" \/>\n<script type=\"application\/ld+json\" class=\"yoast-schema-graph\">{\"@context\":\"https:\/\/schema.org\",\"@graph\":[{\"@type\":\"Article\",\"@id\":\"https:\/\/www.budokampsport.se\/2021\/12\/22\/julhalsning-fran-ordforanden-2021\/#article\",\"isPartOf\":{\"@id\":\"https:\/\/www.budokampsport.se\/2021\/12\/22\/julhalsning-fran-ordforanden-2021\/\"},\"author\":{\"name\":\"Mats Lilja\",\"@id\":\"https:\/\/www.budokampsport.se\/#\/schema\/person\/d80c0bc61f1787703168fc250ce69522\"},\"headline\":\"Julh\u00e4lsning fr\u00e5n ordf\u00f6randen\",\"datePublished\":\"2021-12-22T10:40:32+00:00\",\"dateModified\":\"2021-12-27T16:11:52+00:00\",\"mainEntityOfPage\":{\"@id\":\"https:\/\/www.budokampsport.se\/2021\/12\/22\/julhalsning-fran-ordforanden-2021\/\"},\"wordCount\":471,\"commentCount\":0,\"image\":{\"@id\":\"https:\/\/www.budokampsport.se\/2021\/12\/22\/julhalsning-fran-ordforanden-2021\/#primaryimage\"},\"thumbnailUrl\":\"https:\/\/www.budokampsport.se\/wp-content\/uploads\/2021\/12\/BB211127ZU062-1200px.jpg\",\"inLanguage\":\"sv-SE\",\"potentialAction\":[{\"@type\":\"CommentAction\",\"name\":\"Comment\",\"target\":[\"https:\/\/www.budokampsport.se\/2021\/12\/22\/julhalsning-fran-ordforanden-2021\/#respond\"]}]},{\"@type\":\"WebPage\",\"@id\":\"https:\/\/www.budokampsport.se\/2021\/12\/22\/julhalsning-fran-ordforanden-2021\/\",\"url\":\"https:\/\/www.budokampsport.se\/2021\/12\/22\/julhalsning-fran-ordforanden-2021\/\",\"name\":\"Julh\u00e4lsning fr\u00e5n ordf\u00f6randen - Svenska Budo &amp; Kampsportsf\u00f6rbundet\",\"isPartOf\":{\"@id\":\"https:\/\/www.budokampsport.se\/#website\"},\"primaryImageOfPage\":{\"@id\":\"https:\/\/www.budokampsport.se\/2021\/12\/22\/julhalsning-fran-ordforanden-2021\/#primaryimage\"},\"image\":{\"@id\":\"https:\/\/www.budokampsport.se\/2021\/12\/22\/julhalsning-fran-ordforanden-2021\/#primaryimage\"},\"thumbnailUrl\":\"https:\/\/www.budokampsport.se\/wp-content\/uploads\/2021\/12\/BB211127ZU062-1200px.jpg\",\"datePublished\":\"2021-12-22T10:40:32+00:00\",\"dateModified\":\"2021-12-27T16:11:52+00:00\",\"author\":{\"@id\":\"https:\/\/www.budokampsport.se\/#\/schema\/person\/d80c0bc61f1787703168fc250ce69522\"},\"description\":\"Fredrik Gundmark med n\u00e5gra tankar kring \u00e4nnu ett \u00e5r som pr\u00e4glats av pandemin. (Foto: Mathilda Ahlberg\/Bildbyr\u00e5n)\",\"breadcrumb\":{\"@id\":\"https:\/\/www.budokampsport.se\/2021\/12\/22\/julhalsning-fran-ordforanden-2021\/#breadcrumb\"},\"inLanguage\":\"sv-SE\",\"potentialAction\":[{\"@type\":\"ReadAction\",\"target\":[\"https:\/\/www.budokampsport.se\/2021\/12\/22\/julhalsning-fran-ordforanden-2021\/\"]}]},{\"@type\":\"ImageObject\",\"inLanguage\":\"sv-SE\",\"@id\":\"https:\/\/www.budokampsport.se\/2021\/12\/22\/julhalsning-fran-ordforanden-2021\/#primaryimage\",\"url\":\"https:\/\/www.budokampsport.se\/wp-content\/uploads\/2021\/12\/BB211127ZU062-1200px.jpg\",\"contentUrl\":\"https:\/\/www.budokampsport.se\/wp-content\/uploads\/2021\/12\/BB211127ZU062-1200px.jpg\",\"width\":1200,\"height\":800,\"caption\":\"Foto: Mathilda Ahlberg \/ BILDBYR\u00c5N\"},{\"@type\":\"BreadcrumbList\",\"@id\":\"https:\/\/www.budokampsport.se\/2021\/12\/22\/julhalsning-fran-ordforanden-2021\/#breadcrumb\",\"itemListElement\":[{\"@type\":\"ListItem\",\"position\":1,\"name\":\"Hem\",\"item\":\"https:\/\/www.budokampsport.se\/\"},{\"@type\":\"ListItem\",\"position\":2,\"name\":\"Julh\u00e4lsning fr\u00e5n ordf\u00f6randen\"}]},{\"@type\":\"WebSite\",\"@id\":\"https:\/\/www.budokampsport.se\/#website\",\"url\":\"https:\/\/www.budokampsport.se\/\",\"name\":\"Svenska Budo &amp; Kampsportsf\u00f6rbundet\",\"description\":\"T\u00e4vling, Tr\u00e4ning, Tradition\",\"potentialAction\":[{\"@type\":\"SearchAction\",\"target\":{\"@type\":\"EntryPoint\",\"urlTemplate\":\"https:\/\/www.budokampsport.se\/?s={search_term_string}\"},\"query-input\":{\"@type\":\"PropertyValueSpecification\",\"valueRequired\":true,\"valueName\":\"search_term_string\"}}],\"inLanguage\":\"sv-SE\"},{\"@type\":\"Person\",\"@id\":\"https:\/\/www.budokampsport.se\/#\/schema\/person\/d80c0bc61f1787703168fc250ce69522\",\"name\":\"Mats Lilja\",\"image\":{\"@type\":\"ImageObject\",\"inLanguage\":\"sv-SE\",\"@id\":\"https:\/\/www.budokampsport.se\/#\/schema\/person\/image\/\",\"url\":\"https:\/\/secure.gravatar.com\/avatar\/607f84918e96abe1ebbd8611782fa57d?s=96&d=blank&r=g\",\"contentUrl\":\"https:\/\/secure.gravatar.com\/avatar\/607f84918e96abe1ebbd8611782fa57d?s=96&d=blank&r=g\",\"caption\":\"Mats Lilja\"},\"url\":\"https:\/\/www.budokampsport.se\/author\/mats-lilja\/\"}]}<\/script>\n<!-- \/ Yoast SEO plugin. -->","yoast_head_json":{"title":"Julh\u00e4lsning fr\u00e5n ordf\u00f6randen - Svenska Budo &amp; Kampsportsf\u00f6rbundet","description":"Fredrik Gundmark med n\u00e5gra tankar kring \u00e4nnu ett \u00e5r som pr\u00e4glats av pandemin. (Foto: Mathilda Ahlberg\/Bildbyr\u00e5n)","robots":{"index":"index","follow":"follow","max-snippet":"max-snippet:-1","max-image-preview":"max-image-preview:large","max-video-preview":"max-video-preview:-1"},"canonical":"https:\/\/www.budokampsport.se\/2021\/12\/22\/julhalsning-fran-ordforanden-2021\/","og_locale":"sv_SE","og_type":"article","og_title":"Julh\u00e4lsning fr\u00e5n ordf\u00f6randen - Svenska Budo &amp; Kampsportsf\u00f6rbundet","og_description":"Fredrik Gundmark med n\u00e5gra tankar kring \u00e4nnu ett \u00e5r som pr\u00e4glats av pandemin. (Foto: Mathilda Ahlberg\/Bildbyr\u00e5n)","og_url":"https:\/\/www.budokampsport.se\/2021\/12\/22\/julhalsning-fran-ordforanden-2021\/","og_site_name":"Svenska Budo &amp; Kampsportsf\u00f6rbundet","article_published_time":"2021-12-22T10:40:32+00:00","article_modified_time":"2021-12-27T16:11:52+00:00","og_image":[{"width":1200,"height":800,"url":"https:\/\/www.budokampsport.se\/wp-content\/uploads\/2021\/12\/BB211127ZU062-1200px.jpg","type":"image\/jpeg"}],"author":"Mats Lilja","twitter_card":"summary_large_image","twitter_misc":{"Skriven av":"Mats Lilja","Ber\u00e4knad l\u00e4stid":"2 minuter"},"schema":{"@context":"https:\/\/schema.org","@graph":[{"@type":"Article","@id":"https:\/\/www.budokampsport.se\/2021\/12\/22\/julhalsning-fran-ordforanden-2021\/#article","isPartOf":{"@id":"https:\/\/www.budokampsport.se\/2021\/12\/22\/julhalsning-fran-ordforanden-2021\/"},"author":{"name":"Mats Lilja","@id":"https:\/\/www.budokampsport.se\/#\/schema\/person\/d80c0bc61f1787703168fc250ce69522"},"headline":"Julh\u00e4lsning fr\u00e5n ordf\u00f6randen","datePublished":"2021-12-22T10:40:32+00:00","dateModified":"2021-12-27T16:11:52+00:00","mainEntityOfPage":{"@id":"https:\/\/www.budokampsport.se\/2021\/12\/22\/julhalsning-fran-ordforanden-2021\/"},"wordCount":471,"commentCount":0,"image":{"@id":"https:\/\/www.budokampsport.se\/2021\/12\/22\/julhalsning-fran-ordforanden-2021\/#primaryimage"},"thumbnailUrl":"https:\/\/www.budokampsport.se\/wp-content\/uploads\/2021\/12\/BB211127ZU062-1200px.jpg","inLanguage":"sv-SE","potentialAction":[{"@type":"CommentAction","name":"Comment","target":["https:\/\/www.budokampsport.se\/2021\/12\/22\/julhalsning-fran-ordforanden-2021\/#respond"]}]},{"@type":"WebPage","@id":"https:\/\/www.budokampsport.se\/2021\/12\/22\/julhalsning-fran-ordforanden-2021\/","url":"https:\/\/www.budokampsport.se\/2021\/12\/22\/julhalsning-fran-ordforanden-2021\/","name":"Julh\u00e4lsning fr\u00e5n ordf\u00f6randen - Svenska Budo &amp; Kampsportsf\u00f6rbundet","isPartOf":{"@id":"https:\/\/www.budokampsport.se\/#website"},"primaryImageOfPage":{"@id":"https:\/\/www.budokampsport.se\/2021\/12\/22\/julhalsning-fran-ordforanden-2021\/#primaryimage"},"image":{"@id":"https:\/\/www.budokampsport.se\/2021\/12\/22\/julhalsning-fran-ordforanden-2021\/#primaryimage"},"thumbnailUrl":"https:\/\/www.budokampsport.se\/wp-content\/uploads\/2021\/12\/BB211127ZU062-1200px.jpg","datePublished":"2021-12-22T10:40:32+00:00","dateModified":"2021-12-27T16:11:52+00:00","author":{"@id":"https:\/\/www.budokampsport.se\/#\/schema\/person\/d80c0bc61f1787703168fc250ce69522"},"description":"Fredrik Gundmark med n\u00e5gra tankar kring \u00e4nnu ett \u00e5r som pr\u00e4glats av pandemin. (Foto: Mathilda Ahlberg\/Bildbyr\u00e5n)","breadcrumb":{"@id":"https:\/\/www.budokampsport.se\/2021\/12\/22\/julhalsning-fran-ordforanden-2021\/#breadcrumb"},"inLanguage":"sv-SE","potentialAction":[{"@type":"ReadAction","target":["https:\/\/www.budokampsport.se\/2021\/12\/22\/julhalsning-fran-ordforanden-2021\/"]}]},{"@type":"ImageObject","inLanguage":"sv-SE","@id":"https:\/\/www.budokampsport.se\/2021\/12\/22\/julhalsning-fran-ordforanden-2021\/#primaryimage","url":"https:\/\/www.budokampsport.se\/wp-content\/uploads\/2021\/12\/BB211127ZU062-1200px.jpg","contentUrl":"https:\/\/www.budokampsport.se\/wp-content\/uploads\/2021\/12\/BB211127ZU062-1200px.jpg","width":1200,"height":800,"caption":"Foto: Mathilda Ahlberg \/ BILDBYR\u00c5N"},{"@type":"BreadcrumbList","@id":"https:\/\/www.budokampsport.se\/2021\/12\/22\/julhalsning-fran-ordforanden-2021\/#breadcrumb","itemListElement":[{"@type":"ListItem","position":1,"name":"Hem","item":"https:\/\/www.budokampsport.se\/"},{"@type":"ListItem","position":2,"name":"Julh\u00e4lsning fr\u00e5n ordf\u00f6randen"}]},{"@type":"WebSite","@id":"https:\/\/www.budokampsport.se\/#website","url":"https:\/\/www.budokampsport.se\/","name":"Svenska Budo &amp; Kampsportsf\u00f6rbundet","description":"T\u00e4vling, Tr\u00e4ning, Tradition","potentialAction":[{"@type":"SearchAction","target":{"@type":"EntryPoint","urlTemplate":"https:\/\/www.budokampsport.se\/?s={search_term_string}"},"query-input":{"@type":"PropertyValueSpecification","valueRequired":true,"valueName":"search_term_string"}}],"inLanguage":"sv-SE"},{"@type":"Person","@id":"https:\/\/www.budokampsport.se\/#\/schema\/person\/d80c0bc61f1787703168fc250ce69522","name":"Mats Lilja","image":{"@type":"ImageObject","inLanguage":"sv-SE","@id":"https:\/\/www.budokampsport.se\/#\/schema\/person\/image\/","url":"https:\/\/secure.gravatar.com\/avatar\/607f84918e96abe1ebbd8611782fa57d?s=96&d=blank&r=g","contentUrl":"https:\/\/secure.gravatar.com\/avatar\/607f84918e96abe1ebbd8611782fa57d?s=96&d=blank&r=g","caption":"Mats Lilja"},"url":"https:\/\/www.budokampsport.se\/author\/mats-lilja\/"}]}},"_links":{"self":[{"href":"https:\/\/www.budokampsport.se\/api\/wp\/v2\/posts\/132957","targetHints":{"allow":["GET"]}}],"collection":[{"href":"https:\/\/www.budokampsport.se\/api\/wp\/v2\/posts"}],"about":[{"href":"https:\/\/www.budokampsport.se\/api\/wp\/v2\/types\/post"}],"author":[{"embeddable":true,"href":"https:\/\/www.budokampsport.se\/api\/wp\/v2\/users\/914"}],"replies":[{"embeddable":true,"href":"https:\/\/www.budokampsport.se\/api\/wp\/v2\/comments?post=132957"}],"version-history":[{"count":0,"href":"https:\/\/www.budokampsport.se\/api\/wp\/v2\/posts\/132957\/revisions"}],"wp:featuredmedia":[{"embeddable":true,"href":"https:\/\/www.budokampsport.se\/api\/wp\/v2\/media\/132971"}],"wp:attachment":[{"href":"https:\/\/www.budokampsport.se\/api\/wp\/v2\/media?parent=132957"}],"wp:term":[{"taxonomy":"category","embeddable":true,"href":"https:\/\/www.budokampsport.se\/api\/wp\/v2\/categories?post=132957"},{"taxonomy":"post_tag","embeddable":true,"href":"https:\/\/www.budokampsport.se\/api\/wp\/v2\/tags?post=132957"}],"curies":[{"name":"wp","href":"https:\/\/api.w.org\/{rel}","templated":true}]}}