{"id":133950,"date":"2022-01-24T13:57:10","date_gmt":"2022-01-24T12:57:10","guid":{"rendered":"https:\/\/www.budokampsport.se\/?p=133950"},"modified":"2022-09-14T10:30:58","modified_gmt":"2022-09-14T08:30:58","slug":"fortsatt-foresla-styrelseledamoter-till-valberedningen","status":"publish","type":"post","link":"https:\/\/www.budokampsport.se\/2022\/01\/24\/fortsatt-foresla-styrelseledamoter-till-valberedningen\/","title":{"rendered":"Forts\u00e4tt f\u00f6resl\u00e5 styrelseledam\u00f6ter till valberedningen"},"content":{"rendered":"<p>Det \u00e4r lite drygt tv\u00e5 m\u00e5nader kvar till SB&amp;K:s \u00e5rsm\u00f6te. Valberedningen f\u00f6r SB&amp;K vill fortfarande ha f\u00f6rslag fr\u00e5n medlemmar till styrelsen.<\/p>\n<p>Anders Pettersson menar att det \u00e4r viktigt att f\u00f6reningarna h\u00f6r av sig till valberedningen med sina f\u00f6rslag.<\/p>\n<p>&#8211; Ska det bli bra representation och bra demokrati m\u00e5ste f\u00f6reningarna vara med och p\u00e5verka.<\/p>\n<p>Tv\u00e5 ordinarie ledam\u00f6ter och tv\u00e5 suppleanter kommer inte att st\u00e4lla upp f\u00f6r omval.\u00a0<\/p>\n<p>&#8211; Vi s\u00f6ker personer med kass\u00f6rskunskap samt juridikkompetens. Och eftersom tre av fyra ledam\u00f6ter som l\u00e4mnar styrelsen \u00e4r kvinnor s\u00f6ker vi tjejer. <\/p>\n<p>Anders, varf\u00f6r ska man s\u00f6ka sig till styrelsen rent generellt?<\/p>\n<p>&#8211; Det \u00e4r kul och man kan vara med och p\u00e5verka och se till att budo och kampsporter forts\u00e4tter att v\u00e4xa i framtiden.<\/p>\n<p>S\u00e5 h\u00e4r ser det ut i styrelsen inf\u00f6r \u00e5rsm\u00f6tet den 26 mars.<br \/>\n<strong><br \/>\nOrdf\u00f6rande<\/strong><br \/>\nFredrik Gundmark, kandiderar f\u00f6r omval<\/p>\n<p><strong>Vice ordf\u00f6rande<\/strong><br \/>\nElin Bladh, kandiderar inte f\u00f6r omval<\/p>\n<p><strong>Kass\u00f6r<\/strong><br \/>\nMarina Regn\u00e9r, kandiderar inte f\u00f6r omval<\/p>\n<p><strong>Ledam\u00f6ter<\/strong><br \/>\nKirsi H\u00f6glund, kandiderar f\u00f6r omval<br \/>\nPatrik Asplund, kandiderar f\u00f6r omval<br \/>\nMusse Hasselvall, kandiderar f\u00f6r omval<br \/>\nFrej Levin, kandiderar f\u00f6r omval<\/p>\n<p><strong>Suppleanter<\/strong><br \/>\n1. Ulf Hjerppe, kandiderar inte f\u00f6r omval<br \/>\n2. Sara Abouzeedan, kandiderar inte f\u00f6r omval<\/p>\n<p>N\u00e4r du skickar in f\u00f6rslag till valberedningen kan det vara bra att t\u00e4nka p\u00e5 att det \u00e4r en stor f\u00f6rdel om nomineringarna inneh\u00e5ller kontaktuppgifter och en kort presentation. Likas\u00e5 att kandidaten \u00e4r tillfr\u00e5gad innan nomineringen skickas in.<\/p>\n<p>F\u00f6rslag skickar ni in till <a href=\"mailto:valberedning@budo.se\">valberedning@budo.se<\/a>.<\/p>\n<p>Text: Jonathan Broberg<\/p>\n","protected":false},"excerpt":{"rendered":"<p>SB&#038;K. Valberedningen f\u00f6r Svenska Budo &#038; Kampsportsf\u00f6rbundet uppmanar fler medlemmar att f\u00f6resl\u00e5 styrelseledam\u00f6ter till valberedningen. Det \u00e4r framf\u00f6r allt kvinnor i styrelsen som beh\u00f6vs.<br \/><br>&#8211; Vi s\u00f6ker efter kass\u00f6rskompetens och juridikkunskap, s\u00e4ger ordf\u00f6rande i valberedningen Anders Pettersson till budokampsport.se.<br \/><br>(Foto: Mathias Bergeld\/BILDBYR\u00c5N)<\/p><br>","protected":false},"author":7,"featured_media":122715,"comment_status":"open","ping_status":"open","sticky":false,"template":"","format":"standard","meta":{"_acf_changed":false,"footnotes":""},"categories":[410,1],"tags":[],"class_list":["post-133950","post","type-post","status-publish","format-standard","has-post-thumbnail","hentry","category-arsmote","category-okategoriserade"],"acf":[],"yoast_head":"<!-- This site is optimized with the Yoast SEO plugin v26.8 - https:\/\/yoast.com\/product\/yoast-seo-wordpress\/ -->\n<title>Forts\u00e4tt f\u00f6resl\u00e5 styrelseledam\u00f6ter till valberedningen - Svenska Budo &amp; Kampsportsf\u00f6rbundet<\/title>\n<meta name=\"description\" content=\"SB&amp;K. Valberedningen f\u00f6r Svenska Budo &amp; Kampsportsf\u00f6rbundet uppmanar fler medlemmar att f\u00f6resl\u00e5 styrelseledam\u00f6ter till valberedningen. Det \u00e4r framf\u00f6r allt kvinnor i styrelsen som beh\u00f6vs. - Vi s\u00f6ker efter kass\u00f6rskompetens och juridikkunskap, s\u00e4ger ordf\u00f6rande i valberedningen Anders Pettersson till budokampsport.se. (Foto: Mathias Bergeld\/BILDBYR\u00c5N)\" \/>\n<meta name=\"robots\" content=\"index, follow, max-snippet:-1, max-image-preview:large, max-video-preview:-1\" \/>\n<link rel=\"canonical\" href=\"https:\/\/www.budokampsport.se\/2022\/01\/24\/fortsatt-foresla-styrelseledamoter-till-valberedningen\/\" \/>\n<meta property=\"og:locale\" content=\"sv_SE\" \/>\n<meta property=\"og:type\" content=\"article\" \/>\n<meta property=\"og:title\" content=\"Forts\u00e4tt f\u00f6resl\u00e5 styrelseledam\u00f6ter till valberedningen - Svenska Budo &amp; Kampsportsf\u00f6rbundet\" \/>\n<meta property=\"og:description\" content=\"SB&amp;K. Valberedningen f\u00f6r Svenska Budo &amp; Kampsportsf\u00f6rbundet uppmanar fler medlemmar att f\u00f6resl\u00e5 styrelseledam\u00f6ter till valberedningen. Det \u00e4r framf\u00f6r allt kvinnor i styrelsen som beh\u00f6vs. - Vi s\u00f6ker efter kass\u00f6rskompetens och juridikkunskap, s\u00e4ger ordf\u00f6rande i valberedningen Anders Pettersson till budokampsport.se. (Foto: Mathias Bergeld\/BILDBYR\u00c5N)\" \/>\n<meta property=\"og:url\" content=\"https:\/\/www.budokampsport.se\/2022\/01\/24\/fortsatt-foresla-styrelseledamoter-till-valberedningen\/\" \/>\n<meta property=\"og:site_name\" content=\"Svenska Budo &amp; Kampsportsf\u00f6rbundet\" \/>\n<meta property=\"article:author\" content=\"https:\/\/www.facebook.com\/jonathan.broberg.7\" \/>\n<meta property=\"article:published_time\" content=\"2022-01-24T12:57:10+00:00\" \/>\n<meta property=\"article:modified_time\" content=\"2022-09-14T08:30:58+00:00\" \/>\n<meta property=\"og:image\" content=\"https:\/\/www.budokampsport.se\/wp-content\/uploads\/2020\/11\/BB190526MB009-850px.jpg\" \/>\n\t<meta property=\"og:image:width\" content=\"850\" \/>\n\t<meta property=\"og:image:height\" content=\"567\" \/>\n\t<meta property=\"og:image:type\" content=\"image\/jpeg\" \/>\n<meta name=\"author\" content=\"Jonathan Broberg\" \/>\n<meta name=\"twitter:card\" content=\"summary_large_image\" \/>\n<meta name=\"twitter:label1\" content=\"Skriven av\" \/>\n\t<meta name=\"twitter:data1\" content=\"Jonathan Broberg\" \/>\n\t<meta name=\"twitter:label2\" content=\"Ber\u00e4knad l\u00e4stid\" \/>\n\t<meta name=\"twitter:data2\" content=\"1 minut\" \/>\n<script type=\"application\/ld+json\" class=\"yoast-schema-graph\">{\"@context\":\"https:\/\/schema.org\",\"@graph\":[{\"@type\":\"Article\",\"@id\":\"https:\/\/www.budokampsport.se\/2022\/01\/24\/fortsatt-foresla-styrelseledamoter-till-valberedningen\/#article\",\"isPartOf\":{\"@id\":\"https:\/\/www.budokampsport.se\/2022\/01\/24\/fortsatt-foresla-styrelseledamoter-till-valberedningen\/\"},\"author\":{\"name\":\"Jonathan Broberg\",\"@id\":\"https:\/\/www.budokampsport.se\/#\/schema\/person\/5c06d81d14850e2a8ce5493386560145\"},\"headline\":\"Forts\u00e4tt f\u00f6resl\u00e5 styrelseledam\u00f6ter till valberedningen\",\"datePublished\":\"2022-01-24T12:57:10+00:00\",\"dateModified\":\"2022-09-14T08:30:58+00:00\",\"mainEntityOfPage\":{\"@id\":\"https:\/\/www.budokampsport.se\/2022\/01\/24\/fortsatt-foresla-styrelseledamoter-till-valberedningen\/\"},\"wordCount\":297,\"commentCount\":0,\"image\":{\"@id\":\"https:\/\/www.budokampsport.se\/2022\/01\/24\/fortsatt-foresla-styrelseledamoter-till-valberedningen\/#primaryimage\"},\"thumbnailUrl\":\"https:\/\/www.budokampsport.se\/wp-content\/uploads\/2020\/11\/BB190526MB009-850px.jpg\",\"articleSection\":[\"\u00c5rsm\u00f6te\"],\"inLanguage\":\"sv-SE\",\"potentialAction\":[{\"@type\":\"CommentAction\",\"name\":\"Comment\",\"target\":[\"https:\/\/www.budokampsport.se\/2022\/01\/24\/fortsatt-foresla-styrelseledamoter-till-valberedningen\/#respond\"]}]},{\"@type\":\"WebPage\",\"@id\":\"https:\/\/www.budokampsport.se\/2022\/01\/24\/fortsatt-foresla-styrelseledamoter-till-valberedningen\/\",\"url\":\"https:\/\/www.budokampsport.se\/2022\/01\/24\/fortsatt-foresla-styrelseledamoter-till-valberedningen\/\",\"name\":\"Forts\u00e4tt f\u00f6resl\u00e5 styrelseledam\u00f6ter till valberedningen - Svenska Budo &amp; Kampsportsf\u00f6rbundet\",\"isPartOf\":{\"@id\":\"https:\/\/www.budokampsport.se\/#website\"},\"primaryImageOfPage\":{\"@id\":\"https:\/\/www.budokampsport.se\/2022\/01\/24\/fortsatt-foresla-styrelseledamoter-till-valberedningen\/#primaryimage\"},\"image\":{\"@id\":\"https:\/\/www.budokampsport.se\/2022\/01\/24\/fortsatt-foresla-styrelseledamoter-till-valberedningen\/#primaryimage\"},\"thumbnailUrl\":\"https:\/\/www.budokampsport.se\/wp-content\/uploads\/2020\/11\/BB190526MB009-850px.jpg\",\"datePublished\":\"2022-01-24T12:57:10+00:00\",\"dateModified\":\"2022-09-14T08:30:58+00:00\",\"author\":{\"@id\":\"https:\/\/www.budokampsport.se\/#\/schema\/person\/5c06d81d14850e2a8ce5493386560145\"},\"description\":\"SB&K. Valberedningen f\u00f6r Svenska Budo & Kampsportsf\u00f6rbundet uppmanar fler medlemmar att f\u00f6resl\u00e5 styrelseledam\u00f6ter till valberedningen. Det \u00e4r framf\u00f6r allt kvinnor i styrelsen som beh\u00f6vs. - Vi s\u00f6ker efter kass\u00f6rskompetens och juridikkunskap, s\u00e4ger ordf\u00f6rande i valberedningen Anders Pettersson till budokampsport.se. (Foto: Mathias Bergeld\/BILDBYR\u00c5N)\",\"breadcrumb\":{\"@id\":\"https:\/\/www.budokampsport.se\/2022\/01\/24\/fortsatt-foresla-styrelseledamoter-till-valberedningen\/#breadcrumb\"},\"inLanguage\":\"sv-SE\",\"potentialAction\":[{\"@type\":\"ReadAction\",\"target\":[\"https:\/\/www.budokampsport.se\/2022\/01\/24\/fortsatt-foresla-styrelseledamoter-till-valberedningen\/\"]}]},{\"@type\":\"ImageObject\",\"inLanguage\":\"sv-SE\",\"@id\":\"https:\/\/www.budokampsport.se\/2022\/01\/24\/fortsatt-foresla-styrelseledamoter-till-valberedningen\/#primaryimage\",\"url\":\"https:\/\/www.budokampsport.se\/wp-content\/uploads\/2020\/11\/BB190526MB009-850px.jpg\",\"contentUrl\":\"https:\/\/www.budokampsport.se\/wp-content\/uploads\/2020\/11\/BB190526MB009-850px.jpg\",\"width\":850,\"height\":567,\"caption\":\"190526 Ombuden r\u00f6star genom handuppr\u00e4ckning under dag tre av riksidrottsm\u00f6tet den 26 maj 2019 i J\u00f6nk\u00f6ping. Foto: Mathias Bergeld \/ BILDBYR\u00c5N \/ Cop 200\"},{\"@type\":\"BreadcrumbList\",\"@id\":\"https:\/\/www.budokampsport.se\/2022\/01\/24\/fortsatt-foresla-styrelseledamoter-till-valberedningen\/#breadcrumb\",\"itemListElement\":[{\"@type\":\"ListItem\",\"position\":1,\"name\":\"Hem\",\"item\":\"https:\/\/www.budokampsport.se\/\"},{\"@type\":\"ListItem\",\"position\":2,\"name\":\"Forts\u00e4tt f\u00f6resl\u00e5 styrelseledam\u00f6ter till valberedningen\"}]},{\"@type\":\"WebSite\",\"@id\":\"https:\/\/www.budokampsport.se\/#website\",\"url\":\"https:\/\/www.budokampsport.se\/\",\"name\":\"Svenska Budo &amp; Kampsportsf\u00f6rbundet\",\"description\":\"T\u00e4vling, Tr\u00e4ning, Tradition\",\"potentialAction\":[{\"@type\":\"SearchAction\",\"target\":{\"@type\":\"EntryPoint\",\"urlTemplate\":\"https:\/\/www.budokampsport.se\/?s={search_term_string}\"},\"query-input\":{\"@type\":\"PropertyValueSpecification\",\"valueRequired\":true,\"valueName\":\"search_term_string\"}}],\"inLanguage\":\"sv-SE\"},{\"@type\":\"Person\",\"@id\":\"https:\/\/www.budokampsport.se\/#\/schema\/person\/5c06d81d14850e2a8ce5493386560145\",\"name\":\"Jonathan Broberg\",\"image\":{\"@type\":\"ImageObject\",\"inLanguage\":\"sv-SE\",\"@id\":\"https:\/\/www.budokampsport.se\/#\/schema\/person\/image\/\",\"url\":\"https:\/\/secure.gravatar.com\/avatar\/a58041c6cea9128bd9c40ee2f26d4136?s=96&d=blank&r=g\",\"contentUrl\":\"https:\/\/secure.gravatar.com\/avatar\/a58041c6cea9128bd9c40ee2f26d4136?s=96&d=blank&r=g\",\"caption\":\"Jonathan Broberg\"},\"sameAs\":[\"https:\/\/www.facebook.com\/jonathan.broberg.7\"],\"url\":\"https:\/\/www.budokampsport.se\/author\/jonathan\/\"}]}<\/script>\n<!-- \/ Yoast SEO plugin. -->","yoast_head_json":{"title":"Forts\u00e4tt f\u00f6resl\u00e5 styrelseledam\u00f6ter till valberedningen - Svenska Budo &amp; Kampsportsf\u00f6rbundet","description":"SB&K. Valberedningen f\u00f6r Svenska Budo & Kampsportsf\u00f6rbundet uppmanar fler medlemmar att f\u00f6resl\u00e5 styrelseledam\u00f6ter till valberedningen. Det \u00e4r framf\u00f6r allt kvinnor i styrelsen som beh\u00f6vs. - Vi s\u00f6ker efter kass\u00f6rskompetens och juridikkunskap, s\u00e4ger ordf\u00f6rande i valberedningen Anders Pettersson till budokampsport.se. (Foto: Mathias Bergeld\/BILDBYR\u00c5N)","robots":{"index":"index","follow":"follow","max-snippet":"max-snippet:-1","max-image-preview":"max-image-preview:large","max-video-preview":"max-video-preview:-1"},"canonical":"https:\/\/www.budokampsport.se\/2022\/01\/24\/fortsatt-foresla-styrelseledamoter-till-valberedningen\/","og_locale":"sv_SE","og_type":"article","og_title":"Forts\u00e4tt f\u00f6resl\u00e5 styrelseledam\u00f6ter till valberedningen - Svenska Budo &amp; Kampsportsf\u00f6rbundet","og_description":"SB&K. Valberedningen f\u00f6r Svenska Budo & Kampsportsf\u00f6rbundet uppmanar fler medlemmar att f\u00f6resl\u00e5 styrelseledam\u00f6ter till valberedningen. Det \u00e4r framf\u00f6r allt kvinnor i styrelsen som beh\u00f6vs. - Vi s\u00f6ker efter kass\u00f6rskompetens och juridikkunskap, s\u00e4ger ordf\u00f6rande i valberedningen Anders Pettersson till budokampsport.se. (Foto: Mathias Bergeld\/BILDBYR\u00c5N)","og_url":"https:\/\/www.budokampsport.se\/2022\/01\/24\/fortsatt-foresla-styrelseledamoter-till-valberedningen\/","og_site_name":"Svenska Budo &amp; Kampsportsf\u00f6rbundet","article_author":"https:\/\/www.facebook.com\/jonathan.broberg.7","article_published_time":"2022-01-24T12:57:10+00:00","article_modified_time":"2022-09-14T08:30:58+00:00","og_image":[{"width":850,"height":567,"url":"https:\/\/www.budokampsport.se\/wp-content\/uploads\/2020\/11\/BB190526MB009-850px.jpg","type":"image\/jpeg"}],"author":"Jonathan Broberg","twitter_card":"summary_large_image","twitter_misc":{"Skriven av":"Jonathan Broberg","Ber\u00e4knad l\u00e4stid":"1 minut"},"schema":{"@context":"https:\/\/schema.org","@graph":[{"@type":"Article","@id":"https:\/\/www.budokampsport.se\/2022\/01\/24\/fortsatt-foresla-styrelseledamoter-till-valberedningen\/#article","isPartOf":{"@id":"https:\/\/www.budokampsport.se\/2022\/01\/24\/fortsatt-foresla-styrelseledamoter-till-valberedningen\/"},"author":{"name":"Jonathan Broberg","@id":"https:\/\/www.budokampsport.se\/#\/schema\/person\/5c06d81d14850e2a8ce5493386560145"},"headline":"Forts\u00e4tt f\u00f6resl\u00e5 styrelseledam\u00f6ter till valberedningen","datePublished":"2022-01-24T12:57:10+00:00","dateModified":"2022-09-14T08:30:58+00:00","mainEntityOfPage":{"@id":"https:\/\/www.budokampsport.se\/2022\/01\/24\/fortsatt-foresla-styrelseledamoter-till-valberedningen\/"},"wordCount":297,"commentCount":0,"image":{"@id":"https:\/\/www.budokampsport.se\/2022\/01\/24\/fortsatt-foresla-styrelseledamoter-till-valberedningen\/#primaryimage"},"thumbnailUrl":"https:\/\/www.budokampsport.se\/wp-content\/uploads\/2020\/11\/BB190526MB009-850px.jpg","articleSection":["\u00c5rsm\u00f6te"],"inLanguage":"sv-SE","potentialAction":[{"@type":"CommentAction","name":"Comment","target":["https:\/\/www.budokampsport.se\/2022\/01\/24\/fortsatt-foresla-styrelseledamoter-till-valberedningen\/#respond"]}]},{"@type":"WebPage","@id":"https:\/\/www.budokampsport.se\/2022\/01\/24\/fortsatt-foresla-styrelseledamoter-till-valberedningen\/","url":"https:\/\/www.budokampsport.se\/2022\/01\/24\/fortsatt-foresla-styrelseledamoter-till-valberedningen\/","name":"Forts\u00e4tt f\u00f6resl\u00e5 styrelseledam\u00f6ter till valberedningen - Svenska Budo &amp; Kampsportsf\u00f6rbundet","isPartOf":{"@id":"https:\/\/www.budokampsport.se\/#website"},"primaryImageOfPage":{"@id":"https:\/\/www.budokampsport.se\/2022\/01\/24\/fortsatt-foresla-styrelseledamoter-till-valberedningen\/#primaryimage"},"image":{"@id":"https:\/\/www.budokampsport.se\/2022\/01\/24\/fortsatt-foresla-styrelseledamoter-till-valberedningen\/#primaryimage"},"thumbnailUrl":"https:\/\/www.budokampsport.se\/wp-content\/uploads\/2020\/11\/BB190526MB009-850px.jpg","datePublished":"2022-01-24T12:57:10+00:00","dateModified":"2022-09-14T08:30:58+00:00","author":{"@id":"https:\/\/www.budokampsport.se\/#\/schema\/person\/5c06d81d14850e2a8ce5493386560145"},"description":"SB&K. Valberedningen f\u00f6r Svenska Budo & Kampsportsf\u00f6rbundet uppmanar fler medlemmar att f\u00f6resl\u00e5 styrelseledam\u00f6ter till valberedningen. Det \u00e4r framf\u00f6r allt kvinnor i styrelsen som beh\u00f6vs. - Vi s\u00f6ker efter kass\u00f6rskompetens och juridikkunskap, s\u00e4ger ordf\u00f6rande i valberedningen Anders Pettersson till budokampsport.se. (Foto: Mathias Bergeld\/BILDBYR\u00c5N)","breadcrumb":{"@id":"https:\/\/www.budokampsport.se\/2022\/01\/24\/fortsatt-foresla-styrelseledamoter-till-valberedningen\/#breadcrumb"},"inLanguage":"sv-SE","potentialAction":[{"@type":"ReadAction","target":["https:\/\/www.budokampsport.se\/2022\/01\/24\/fortsatt-foresla-styrelseledamoter-till-valberedningen\/"]}]},{"@type":"ImageObject","inLanguage":"sv-SE","@id":"https:\/\/www.budokampsport.se\/2022\/01\/24\/fortsatt-foresla-styrelseledamoter-till-valberedningen\/#primaryimage","url":"https:\/\/www.budokampsport.se\/wp-content\/uploads\/2020\/11\/BB190526MB009-850px.jpg","contentUrl":"https:\/\/www.budokampsport.se\/wp-content\/uploads\/2020\/11\/BB190526MB009-850px.jpg","width":850,"height":567,"caption":"190526 Ombuden r\u00f6star genom handuppr\u00e4ckning under dag tre av riksidrottsm\u00f6tet den 26 maj 2019 i J\u00f6nk\u00f6ping. Foto: Mathias Bergeld \/ BILDBYR\u00c5N \/ Cop 200"},{"@type":"BreadcrumbList","@id":"https:\/\/www.budokampsport.se\/2022\/01\/24\/fortsatt-foresla-styrelseledamoter-till-valberedningen\/#breadcrumb","itemListElement":[{"@type":"ListItem","position":1,"name":"Hem","item":"https:\/\/www.budokampsport.se\/"},{"@type":"ListItem","position":2,"name":"Forts\u00e4tt f\u00f6resl\u00e5 styrelseledam\u00f6ter till valberedningen"}]},{"@type":"WebSite","@id":"https:\/\/www.budokampsport.se\/#website","url":"https:\/\/www.budokampsport.se\/","name":"Svenska Budo &amp; Kampsportsf\u00f6rbundet","description":"T\u00e4vling, Tr\u00e4ning, Tradition","potentialAction":[{"@type":"SearchAction","target":{"@type":"EntryPoint","urlTemplate":"https:\/\/www.budokampsport.se\/?s={search_term_string}"},"query-input":{"@type":"PropertyValueSpecification","valueRequired":true,"valueName":"search_term_string"}}],"inLanguage":"sv-SE"},{"@type":"Person","@id":"https:\/\/www.budokampsport.se\/#\/schema\/person\/5c06d81d14850e2a8ce5493386560145","name":"Jonathan Broberg","image":{"@type":"ImageObject","inLanguage":"sv-SE","@id":"https:\/\/www.budokampsport.se\/#\/schema\/person\/image\/","url":"https:\/\/secure.gravatar.com\/avatar\/a58041c6cea9128bd9c40ee2f26d4136?s=96&d=blank&r=g","contentUrl":"https:\/\/secure.gravatar.com\/avatar\/a58041c6cea9128bd9c40ee2f26d4136?s=96&d=blank&r=g","caption":"Jonathan Broberg"},"sameAs":["https:\/\/www.facebook.com\/jonathan.broberg.7"],"url":"https:\/\/www.budokampsport.se\/author\/jonathan\/"}]}},"_links":{"self":[{"href":"https:\/\/www.budokampsport.se\/api\/wp\/v2\/posts\/133950","targetHints":{"allow":["GET"]}}],"collection":[{"href":"https:\/\/www.budokampsport.se\/api\/wp\/v2\/posts"}],"about":[{"href":"https:\/\/www.budokampsport.se\/api\/wp\/v2\/types\/post"}],"author":[{"embeddable":true,"href":"https:\/\/www.budokampsport.se\/api\/wp\/v2\/users\/7"}],"replies":[{"embeddable":true,"href":"https:\/\/www.budokampsport.se\/api\/wp\/v2\/comments?post=133950"}],"version-history":[{"count":0,"href":"https:\/\/www.budokampsport.se\/api\/wp\/v2\/posts\/133950\/revisions"}],"wp:featuredmedia":[{"embeddable":true,"href":"https:\/\/www.budokampsport.se\/api\/wp\/v2\/media\/122715"}],"wp:attachment":[{"href":"https:\/\/www.budokampsport.se\/api\/wp\/v2\/media?parent=133950"}],"wp:term":[{"taxonomy":"category","embeddable":true,"href":"https:\/\/www.budokampsport.se\/api\/wp\/v2\/categories?post=133950"},{"taxonomy":"post_tag","embeddable":true,"href":"https:\/\/www.budokampsport.se\/api\/wp\/v2\/tags?post=133950"}],"curies":[{"name":"wp","href":"https:\/\/api.w.org\/{rel}","templated":true}]}}