{"id":134337,"date":"2022-01-26T17:49:50","date_gmt":"2022-01-26T16:49:50","guid":{"rendered":"https:\/\/www.budokampsport.se\/?p=134337"},"modified":"2022-01-26T17:49:50","modified_gmt":"2022-01-26T16:49:50","slug":"fem-svenska-medaljer-sakrade-i-mma-vm","status":"publish","type":"post","link":"https:\/\/www.budokampsport.se\/2022\/01\/26\/fem-svenska-medaljer-sakrade-i-mma-vm\/","title":{"rendered":"Fem svenska medaljer s\u00e4krade i MMA-VM"},"content":{"rendered":"<p>V\u00e5ra svenska ut\u00f6vare forts\u00e4tter att n\u00e5 framg\u00e5ngar i p\u00e5g\u00e5ende <a href=\"https:\/\/www.budokampsport.se\/2022\/01\/24\/ett-forsenat-mma-vm-ar-nu-igang\/\" target=\"_blank\" rel=\"noopener\">MMA-VM<\/a> i Abu Dhabi. Under torsdagen avg\u00f6rs semifinalerna, och d\u00e4r finns fem svenskar med. Samtliga har d\u00e4rmed \u00e4ven s\u00e4krat VM-medaljer!<\/p>\n<p><a href=\"https:\/\/www.budokampsport.se\/2022\/01\/25\/7-svenskar-i-vm-kvartsfinal\/\" target=\"_blank\" rel=\"noopener\">Sju svenska ut\u00f6vare<\/a> var ju kvalificerade f\u00f6r kvartsfinal. Tyv\u00e4rr s\u00e5 kom Millie Eriksson inte till start p\u00e5 grund av en skadek\u00e4nning och f\u00f6r Daniyal Shamkalov och Daniel Karlsson tog VM slut efter f\u00f6rluster.<\/p>\n<p>Men Josefine Modig, Nikolija Milosevic (bilden), Oskar Jaskari och Robin Enonteki\u00f6 vann alla sina matcher. Och i semifinalen kliver \u00e4ven den seedade Yrsa Sandin in i oktagonen.<\/p>\n<p>S\u00e5 h\u00e4r ser svenskarnas fem semifinaler ut:<\/p>\n<table style=\"border-collapse: collapse; width: 100%; height: 331px;\">\n<tbody>\n<tr style=\"height: 23px;\">\n<td style=\"height: 23px; width: 45%;\"><img loading=\"lazy\" decoding=\"async\" class=\"alignnone wp-image-122883 size-full\" src=\"https:\/\/www.budokampsport.se\/wp-content\/uploads\/2020\/11\/sweden-flag-icon-16.png\" alt=\"\" width=\"16\" height=\"10\" \/> <strong>Josefine Modig<\/strong><\/td>\n<td style=\"text-align: center; height: 23px; width: 10%;\">vs<\/td>\n<td style=\"height: 23px; width: 45%;\"><img loading=\"lazy\" decoding=\"async\" class=\"alignnone size-full wp-image-134187\" src=\"https:\/\/www.budokampsport.se\/wp-content\/uploads\/2022\/01\/kazakhstan_flag-png-icon-16.png\" alt=\"\" width=\"16\" height=\"8\" \/> Altynay Mergenbay<\/td>\n<\/tr>\n<tr style=\"height: 24px;\">\n<td style=\"width: 100%; height: 24px;\" colspan=\"3\"><span style=\"font-size: 10pt;\">Str\u00e5vikt (damer)<\/span><\/td>\n<\/tr>\n<tr style=\"height: 23px;\">\n<td style=\"height: 23px; width: 45%;\"><img loading=\"lazy\" decoding=\"async\" class=\"alignnone wp-image-122883 size-full\" src=\"https:\/\/www.budokampsport.se\/wp-content\/uploads\/2020\/11\/sweden-flag-icon-16.png\" alt=\"\" width=\"16\" height=\"10\" \/> <strong>Nikolija Milosevic<\/strong><\/td>\n<td style=\"text-align: center; height: 23px; width: 10%;\">vs<\/td>\n<td style=\"height: 23px; width: 45%;\"><img loading=\"lazy\" decoding=\"async\" class=\"alignnone size-full wp-image-124685\" src=\"https:\/\/www.budokampsport.se\/wp-content\/uploads\/2021\/02\/russia-flag-icon-16.png\" alt=\"Rysslands flagga\" width=\"16\" height=\"11\" \/> Tatiana Postarnakova<\/td>\n<\/tr>\n<tr style=\"height: 24px;\">\n<td style=\"width: 100%; height: 24px;\" colspan=\"3\"><span style=\"font-size: 10pt;\">Bantamvikt (damer)<\/span><\/td>\n<\/tr>\n<tr style=\"height: 23px;\">\n<td style=\"height: 23px; width: 45%;\"><img loading=\"lazy\" decoding=\"async\" class=\"alignnone wp-image-122883 size-full\" src=\"https:\/\/www.budokampsport.se\/wp-content\/uploads\/2020\/11\/sweden-flag-icon-16.png\" alt=\"\" width=\"16\" height=\"10\" \/> <strong>Yrsa Sandin<\/strong><\/td>\n<td style=\"text-align: center; height: 23px; width: 10%;\">vs<\/td>\n<td style=\"height: 23px; width: 45%;\"><img loading=\"lazy\" decoding=\"async\" class=\"alignnone size-full wp-image-124685\" src=\"https:\/\/www.budokampsport.se\/wp-content\/uploads\/2021\/02\/russia-flag-icon-16.png\" alt=\"Rysslands flagga\" width=\"16\" height=\"11\" \/> Olga Lagodnaya<\/td>\n<\/tr>\n<tr style=\"height: 24px;\">\n<td style=\"width: 100%; height: 24px;\" colspan=\"3\"><span style=\"font-size: 10pt;\">L\u00e4ttvikt (damer)<\/span><\/td>\n<\/tr>\n<tr style=\"height: 23px;\">\n<td style=\"height: 23px; width: 45%;\"><img loading=\"lazy\" decoding=\"async\" class=\"alignnone wp-image-122883 size-full\" src=\"https:\/\/www.budokampsport.se\/wp-content\/uploads\/2020\/11\/sweden-flag-icon-16.png\" alt=\"\" width=\"16\" height=\"10\" \/> <strong>Oskar Jaskari<\/strong><\/td>\n<td style=\"text-align: center; height: 23px; width: 10%;\">vs<\/td>\n<td style=\"height: 23px; width: 45%;\"><img loading=\"lazy\" decoding=\"async\" class=\"alignnone size-full wp-image-134182\" src=\"https:\/\/www.budokampsport.se\/wp-content\/uploads\/2022\/01\/israel_flag-png-icon-16.png\" alt=\"\" width=\"16\" height=\"12\" \/> Yevgeni Shinkarevsky<\/td>\n<\/tr>\n<tr style=\"height: 24px;\">\n<td style=\"width: 100%; height: 24px;\" colspan=\"3\"><span style=\"font-size: 10pt;\">Bantamvikt (herrar)<\/span><\/td>\n<\/tr>\n<tr style=\"height: 24px;\">\n<td style=\"width: 45%; height: 24px;\"><img loading=\"lazy\" decoding=\"async\" class=\"alignnone wp-image-122883 size-full\" src=\"https:\/\/www.budokampsport.se\/wp-content\/uploads\/2020\/11\/sweden-flag-icon-16.png\" alt=\"\" width=\"16\" height=\"10\" \/> <strong>Robin Enonteki\u00f6<\/strong><\/td>\n<td style=\"text-align: center; width: 10%; height: 24px;\">vs<\/td>\n<td style=\"width: 45%; height: 24px;\"><img loading=\"lazy\" decoding=\"async\" class=\"alignnone size-full wp-image-124681\" src=\"https:\/\/www.budokampsport.se\/wp-content\/uploads\/2021\/02\/ukraine-flag-icon-16.png\" alt=\"Ukrainas flagga\" width=\"16\" height=\"11\" \/> Dmytro Babynskyi<\/td>\n<\/tr>\n<tr style=\"height: 24px;\">\n<td style=\"width: 100%; height: 24px;\" colspan=\"3\"><span style=\"font-size: 10pt;\">L\u00e4tt tungvikt (herrar)<\/span><\/td>\n<\/tr>\n<\/tbody>\n<\/table>\n<p>&nbsp;<\/p>\n<p>VM p\u00e5g\u00e5r till och med l\u00f6rdag 29 januari. Matcherna kan f\u00f6ljas\u00a0via <a href=\"https:\/\/registrering.smmaf.se\/\" target=\"_blank\" rel=\"noopener\">SMMAF:s hemsida<\/a>.<\/p>\n<p>Text: Mats Lilja<\/p>\n","protected":false},"excerpt":{"rendered":"<p>MMA. Nikolija Milosevic en av fem bl\u00e5gula fighters klara f\u00f6r semifinal.<br \/><br>(Foto: Svenska MMA-f\u00f6rbundet)<\/p><br>","protected":false},"author":914,"featured_media":134354,"comment_status":"open","ping_status":"open","sticky":false,"template":"","format":"standard","meta":{"_acf_changed":false,"footnotes":""},"categories":[1],"tags":[],"class_list":["post-134337","post","type-post","status-publish","format-standard","has-post-thumbnail","hentry","category-okategoriserade"],"acf":[],"yoast_head":"<!-- This site is optimized with the Yoast SEO plugin v26.8 - https:\/\/yoast.com\/product\/yoast-seo-wordpress\/ -->\n<title>Fem svenska medaljer s\u00e4krade i MMA-VM - Svenska Budo &amp; Kampsportsf\u00f6rbundet<\/title>\n<meta name=\"description\" content=\"MMA. Nikolija Milosevic en av fem bl\u00e5gula fighters klara f\u00f6r semifinal. (Foto: Svenska MMA-f\u00f6rbundet)\" \/>\n<meta name=\"robots\" content=\"index, follow, max-snippet:-1, max-image-preview:large, max-video-preview:-1\" \/>\n<link rel=\"canonical\" href=\"https:\/\/www.budokampsport.se\/2022\/01\/26\/fem-svenska-medaljer-sakrade-i-mma-vm\/\" \/>\n<meta property=\"og:locale\" content=\"sv_SE\" \/>\n<meta property=\"og:type\" content=\"article\" \/>\n<meta property=\"og:title\" content=\"Fem svenska medaljer s\u00e4krade i MMA-VM - Svenska Budo &amp; Kampsportsf\u00f6rbundet\" \/>\n<meta property=\"og:description\" content=\"MMA. Nikolija Milosevic en av fem bl\u00e5gula fighters klara f\u00f6r semifinal. (Foto: Svenska MMA-f\u00f6rbundet)\" \/>\n<meta property=\"og:url\" content=\"https:\/\/www.budokampsport.se\/2022\/01\/26\/fem-svenska-medaljer-sakrade-i-mma-vm\/\" \/>\n<meta property=\"og:site_name\" content=\"Svenska Budo &amp; Kampsportsf\u00f6rbundet\" \/>\n<meta property=\"article:published_time\" content=\"2022-01-26T16:49:50+00:00\" \/>\n<meta property=\"og:image\" content=\"https:\/\/www.budokampsport.se\/wp-content\/uploads\/2022\/01\/mmavm2021-4.jpg\" \/>\n\t<meta property=\"og:image:width\" content=\"1152\" \/>\n\t<meta property=\"og:image:height\" content=\"772\" \/>\n\t<meta property=\"og:image:type\" content=\"image\/jpeg\" \/>\n<meta name=\"author\" content=\"Mats Lilja\" \/>\n<meta name=\"twitter:card\" content=\"summary_large_image\" \/>\n<meta name=\"twitter:label1\" content=\"Skriven av\" \/>\n\t<meta name=\"twitter:data1\" content=\"Mats Lilja\" \/>\n\t<meta name=\"twitter:label2\" content=\"Ber\u00e4knad l\u00e4stid\" \/>\n\t<meta name=\"twitter:data2\" content=\"1 minut\" \/>\n<script type=\"application\/ld+json\" class=\"yoast-schema-graph\">{\"@context\":\"https:\/\/schema.org\",\"@graph\":[{\"@type\":\"Article\",\"@id\":\"https:\/\/www.budokampsport.se\/2022\/01\/26\/fem-svenska-medaljer-sakrade-i-mma-vm\/#article\",\"isPartOf\":{\"@id\":\"https:\/\/www.budokampsport.se\/2022\/01\/26\/fem-svenska-medaljer-sakrade-i-mma-vm\/\"},\"author\":{\"name\":\"Mats Lilja\",\"@id\":\"https:\/\/www.budokampsport.se\/#\/schema\/person\/d80c0bc61f1787703168fc250ce69522\"},\"headline\":\"Fem svenska medaljer s\u00e4krade i MMA-VM\",\"datePublished\":\"2022-01-26T16:49:50+00:00\",\"mainEntityOfPage\":{\"@id\":\"https:\/\/www.budokampsport.se\/2022\/01\/26\/fem-svenska-medaljer-sakrade-i-mma-vm\/\"},\"wordCount\":181,\"commentCount\":0,\"image\":{\"@id\":\"https:\/\/www.budokampsport.se\/2022\/01\/26\/fem-svenska-medaljer-sakrade-i-mma-vm\/#primaryimage\"},\"thumbnailUrl\":\"https:\/\/www.budokampsport.se\/wp-content\/uploads\/2022\/01\/mmavm2021-4.jpg\",\"inLanguage\":\"sv-SE\",\"potentialAction\":[{\"@type\":\"CommentAction\",\"name\":\"Comment\",\"target\":[\"https:\/\/www.budokampsport.se\/2022\/01\/26\/fem-svenska-medaljer-sakrade-i-mma-vm\/#respond\"]}]},{\"@type\":\"WebPage\",\"@id\":\"https:\/\/www.budokampsport.se\/2022\/01\/26\/fem-svenska-medaljer-sakrade-i-mma-vm\/\",\"url\":\"https:\/\/www.budokampsport.se\/2022\/01\/26\/fem-svenska-medaljer-sakrade-i-mma-vm\/\",\"name\":\"Fem svenska medaljer s\u00e4krade i MMA-VM - Svenska Budo &amp; Kampsportsf\u00f6rbundet\",\"isPartOf\":{\"@id\":\"https:\/\/www.budokampsport.se\/#website\"},\"primaryImageOfPage\":{\"@id\":\"https:\/\/www.budokampsport.se\/2022\/01\/26\/fem-svenska-medaljer-sakrade-i-mma-vm\/#primaryimage\"},\"image\":{\"@id\":\"https:\/\/www.budokampsport.se\/2022\/01\/26\/fem-svenska-medaljer-sakrade-i-mma-vm\/#primaryimage\"},\"thumbnailUrl\":\"https:\/\/www.budokampsport.se\/wp-content\/uploads\/2022\/01\/mmavm2021-4.jpg\",\"datePublished\":\"2022-01-26T16:49:50+00:00\",\"author\":{\"@id\":\"https:\/\/www.budokampsport.se\/#\/schema\/person\/d80c0bc61f1787703168fc250ce69522\"},\"description\":\"MMA. Nikolija Milosevic en av fem bl\u00e5gula fighters klara f\u00f6r semifinal. (Foto: Svenska MMA-f\u00f6rbundet)\",\"breadcrumb\":{\"@id\":\"https:\/\/www.budokampsport.se\/2022\/01\/26\/fem-svenska-medaljer-sakrade-i-mma-vm\/#breadcrumb\"},\"inLanguage\":\"sv-SE\",\"potentialAction\":[{\"@type\":\"ReadAction\",\"target\":[\"https:\/\/www.budokampsport.se\/2022\/01\/26\/fem-svenska-medaljer-sakrade-i-mma-vm\/\"]}]},{\"@type\":\"ImageObject\",\"inLanguage\":\"sv-SE\",\"@id\":\"https:\/\/www.budokampsport.se\/2022\/01\/26\/fem-svenska-medaljer-sakrade-i-mma-vm\/#primaryimage\",\"url\":\"https:\/\/www.budokampsport.se\/wp-content\/uploads\/2022\/01\/mmavm2021-4.jpg\",\"contentUrl\":\"https:\/\/www.budokampsport.se\/wp-content\/uploads\/2022\/01\/mmavm2021-4.jpg\",\"width\":1152,\"height\":772},{\"@type\":\"BreadcrumbList\",\"@id\":\"https:\/\/www.budokampsport.se\/2022\/01\/26\/fem-svenska-medaljer-sakrade-i-mma-vm\/#breadcrumb\",\"itemListElement\":[{\"@type\":\"ListItem\",\"position\":1,\"name\":\"Hem\",\"item\":\"https:\/\/www.budokampsport.se\/\"},{\"@type\":\"ListItem\",\"position\":2,\"name\":\"Fem svenska medaljer s\u00e4krade i MMA-VM\"}]},{\"@type\":\"WebSite\",\"@id\":\"https:\/\/www.budokampsport.se\/#website\",\"url\":\"https:\/\/www.budokampsport.se\/\",\"name\":\"Svenska Budo &amp; Kampsportsf\u00f6rbundet\",\"description\":\"T\u00e4vling, Tr\u00e4ning, Tradition\",\"potentialAction\":[{\"@type\":\"SearchAction\",\"target\":{\"@type\":\"EntryPoint\",\"urlTemplate\":\"https:\/\/www.budokampsport.se\/?s={search_term_string}\"},\"query-input\":{\"@type\":\"PropertyValueSpecification\",\"valueRequired\":true,\"valueName\":\"search_term_string\"}}],\"inLanguage\":\"sv-SE\"},{\"@type\":\"Person\",\"@id\":\"https:\/\/www.budokampsport.se\/#\/schema\/person\/d80c0bc61f1787703168fc250ce69522\",\"name\":\"Mats Lilja\",\"image\":{\"@type\":\"ImageObject\",\"inLanguage\":\"sv-SE\",\"@id\":\"https:\/\/www.budokampsport.se\/#\/schema\/person\/image\/\",\"url\":\"https:\/\/secure.gravatar.com\/avatar\/607f84918e96abe1ebbd8611782fa57d?s=96&d=blank&r=g\",\"contentUrl\":\"https:\/\/secure.gravatar.com\/avatar\/607f84918e96abe1ebbd8611782fa57d?s=96&d=blank&r=g\",\"caption\":\"Mats Lilja\"},\"url\":\"https:\/\/www.budokampsport.se\/author\/mats-lilja\/\"}]}<\/script>\n<!-- \/ Yoast SEO plugin. -->","yoast_head_json":{"title":"Fem svenska medaljer s\u00e4krade i MMA-VM - Svenska Budo &amp; Kampsportsf\u00f6rbundet","description":"MMA. Nikolija Milosevic en av fem bl\u00e5gula fighters klara f\u00f6r semifinal. (Foto: Svenska MMA-f\u00f6rbundet)","robots":{"index":"index","follow":"follow","max-snippet":"max-snippet:-1","max-image-preview":"max-image-preview:large","max-video-preview":"max-video-preview:-1"},"canonical":"https:\/\/www.budokampsport.se\/2022\/01\/26\/fem-svenska-medaljer-sakrade-i-mma-vm\/","og_locale":"sv_SE","og_type":"article","og_title":"Fem svenska medaljer s\u00e4krade i MMA-VM - Svenska Budo &amp; Kampsportsf\u00f6rbundet","og_description":"MMA. Nikolija Milosevic en av fem bl\u00e5gula fighters klara f\u00f6r semifinal. (Foto: Svenska MMA-f\u00f6rbundet)","og_url":"https:\/\/www.budokampsport.se\/2022\/01\/26\/fem-svenska-medaljer-sakrade-i-mma-vm\/","og_site_name":"Svenska Budo &amp; Kampsportsf\u00f6rbundet","article_published_time":"2022-01-26T16:49:50+00:00","og_image":[{"width":1152,"height":772,"url":"https:\/\/www.budokampsport.se\/wp-content\/uploads\/2022\/01\/mmavm2021-4.jpg","type":"image\/jpeg"}],"author":"Mats Lilja","twitter_card":"summary_large_image","twitter_misc":{"Skriven av":"Mats Lilja","Ber\u00e4knad l\u00e4stid":"1 minut"},"schema":{"@context":"https:\/\/schema.org","@graph":[{"@type":"Article","@id":"https:\/\/www.budokampsport.se\/2022\/01\/26\/fem-svenska-medaljer-sakrade-i-mma-vm\/#article","isPartOf":{"@id":"https:\/\/www.budokampsport.se\/2022\/01\/26\/fem-svenska-medaljer-sakrade-i-mma-vm\/"},"author":{"name":"Mats Lilja","@id":"https:\/\/www.budokampsport.se\/#\/schema\/person\/d80c0bc61f1787703168fc250ce69522"},"headline":"Fem svenska medaljer s\u00e4krade i MMA-VM","datePublished":"2022-01-26T16:49:50+00:00","mainEntityOfPage":{"@id":"https:\/\/www.budokampsport.se\/2022\/01\/26\/fem-svenska-medaljer-sakrade-i-mma-vm\/"},"wordCount":181,"commentCount":0,"image":{"@id":"https:\/\/www.budokampsport.se\/2022\/01\/26\/fem-svenska-medaljer-sakrade-i-mma-vm\/#primaryimage"},"thumbnailUrl":"https:\/\/www.budokampsport.se\/wp-content\/uploads\/2022\/01\/mmavm2021-4.jpg","inLanguage":"sv-SE","potentialAction":[{"@type":"CommentAction","name":"Comment","target":["https:\/\/www.budokampsport.se\/2022\/01\/26\/fem-svenska-medaljer-sakrade-i-mma-vm\/#respond"]}]},{"@type":"WebPage","@id":"https:\/\/www.budokampsport.se\/2022\/01\/26\/fem-svenska-medaljer-sakrade-i-mma-vm\/","url":"https:\/\/www.budokampsport.se\/2022\/01\/26\/fem-svenska-medaljer-sakrade-i-mma-vm\/","name":"Fem svenska medaljer s\u00e4krade i MMA-VM - Svenska Budo &amp; Kampsportsf\u00f6rbundet","isPartOf":{"@id":"https:\/\/www.budokampsport.se\/#website"},"primaryImageOfPage":{"@id":"https:\/\/www.budokampsport.se\/2022\/01\/26\/fem-svenska-medaljer-sakrade-i-mma-vm\/#primaryimage"},"image":{"@id":"https:\/\/www.budokampsport.se\/2022\/01\/26\/fem-svenska-medaljer-sakrade-i-mma-vm\/#primaryimage"},"thumbnailUrl":"https:\/\/www.budokampsport.se\/wp-content\/uploads\/2022\/01\/mmavm2021-4.jpg","datePublished":"2022-01-26T16:49:50+00:00","author":{"@id":"https:\/\/www.budokampsport.se\/#\/schema\/person\/d80c0bc61f1787703168fc250ce69522"},"description":"MMA. Nikolija Milosevic en av fem bl\u00e5gula fighters klara f\u00f6r semifinal. (Foto: Svenska MMA-f\u00f6rbundet)","breadcrumb":{"@id":"https:\/\/www.budokampsport.se\/2022\/01\/26\/fem-svenska-medaljer-sakrade-i-mma-vm\/#breadcrumb"},"inLanguage":"sv-SE","potentialAction":[{"@type":"ReadAction","target":["https:\/\/www.budokampsport.se\/2022\/01\/26\/fem-svenska-medaljer-sakrade-i-mma-vm\/"]}]},{"@type":"ImageObject","inLanguage":"sv-SE","@id":"https:\/\/www.budokampsport.se\/2022\/01\/26\/fem-svenska-medaljer-sakrade-i-mma-vm\/#primaryimage","url":"https:\/\/www.budokampsport.se\/wp-content\/uploads\/2022\/01\/mmavm2021-4.jpg","contentUrl":"https:\/\/www.budokampsport.se\/wp-content\/uploads\/2022\/01\/mmavm2021-4.jpg","width":1152,"height":772},{"@type":"BreadcrumbList","@id":"https:\/\/www.budokampsport.se\/2022\/01\/26\/fem-svenska-medaljer-sakrade-i-mma-vm\/#breadcrumb","itemListElement":[{"@type":"ListItem","position":1,"name":"Hem","item":"https:\/\/www.budokampsport.se\/"},{"@type":"ListItem","position":2,"name":"Fem svenska medaljer s\u00e4krade i MMA-VM"}]},{"@type":"WebSite","@id":"https:\/\/www.budokampsport.se\/#website","url":"https:\/\/www.budokampsport.se\/","name":"Svenska Budo &amp; Kampsportsf\u00f6rbundet","description":"T\u00e4vling, Tr\u00e4ning, Tradition","potentialAction":[{"@type":"SearchAction","target":{"@type":"EntryPoint","urlTemplate":"https:\/\/www.budokampsport.se\/?s={search_term_string}"},"query-input":{"@type":"PropertyValueSpecification","valueRequired":true,"valueName":"search_term_string"}}],"inLanguage":"sv-SE"},{"@type":"Person","@id":"https:\/\/www.budokampsport.se\/#\/schema\/person\/d80c0bc61f1787703168fc250ce69522","name":"Mats Lilja","image":{"@type":"ImageObject","inLanguage":"sv-SE","@id":"https:\/\/www.budokampsport.se\/#\/schema\/person\/image\/","url":"https:\/\/secure.gravatar.com\/avatar\/607f84918e96abe1ebbd8611782fa57d?s=96&d=blank&r=g","contentUrl":"https:\/\/secure.gravatar.com\/avatar\/607f84918e96abe1ebbd8611782fa57d?s=96&d=blank&r=g","caption":"Mats Lilja"},"url":"https:\/\/www.budokampsport.se\/author\/mats-lilja\/"}]}},"_links":{"self":[{"href":"https:\/\/www.budokampsport.se\/api\/wp\/v2\/posts\/134337","targetHints":{"allow":["GET"]}}],"collection":[{"href":"https:\/\/www.budokampsport.se\/api\/wp\/v2\/posts"}],"about":[{"href":"https:\/\/www.budokampsport.se\/api\/wp\/v2\/types\/post"}],"author":[{"embeddable":true,"href":"https:\/\/www.budokampsport.se\/api\/wp\/v2\/users\/914"}],"replies":[{"embeddable":true,"href":"https:\/\/www.budokampsport.se\/api\/wp\/v2\/comments?post=134337"}],"version-history":[{"count":0,"href":"https:\/\/www.budokampsport.se\/api\/wp\/v2\/posts\/134337\/revisions"}],"wp:featuredmedia":[{"embeddable":true,"href":"https:\/\/www.budokampsport.se\/api\/wp\/v2\/media\/134354"}],"wp:attachment":[{"href":"https:\/\/www.budokampsport.se\/api\/wp\/v2\/media?parent=134337"}],"wp:term":[{"taxonomy":"category","embeddable":true,"href":"https:\/\/www.budokampsport.se\/api\/wp\/v2\/categories?post=134337"},{"taxonomy":"post_tag","embeddable":true,"href":"https:\/\/www.budokampsport.se\/api\/wp\/v2\/tags?post=134337"}],"curies":[{"name":"wp","href":"https:\/\/api.w.org\/{rel}","templated":true}]}}