{"id":134409,"date":"2022-01-27T13:03:30","date_gmt":"2022-01-27T12:03:30","guid":{"rendered":"https:\/\/www.budokampsport.se\/?p=134409"},"modified":"2022-01-27T13:03:30","modified_gmt":"2022-01-27T12:03:30","slug":"vm-final-vantar-for-fyra-svenska-fighters","status":"publish","type":"post","link":"https:\/\/www.budokampsport.se\/2022\/01\/27\/vm-final-vantar-for-fyra-svenska-fighters\/","title":{"rendered":"VM-final v\u00e4ntar f\u00f6r fyra svenska fighters"},"content":{"rendered":"<p>Det svenska segert\u00e5get i MMA-VM i Abu Dhabi rullar vidare. Efter dagens semifinaler har hela fyra svenskar kvalificerat sig f\u00f6r VM-finalerna p\u00e5 l\u00f6rdag!<\/p>\n<p>\u2013\u00a0Det \u00e4r ju grymt. J\u00e4ttebra resultat!\u00a0Vi hade ju inf\u00f6r VM varit n\u00f6jda med 3\u20135 medaljer och nu f\u00e5r vi ju fem medaljer. Men att vi skulle vara med i fyra finaler \u00e4r sv\u00e5rt att v\u00e5ga hoppas p\u00e5 i ett VM, s\u00e4ger f\u00f6rbundskaptenen Anders &#8220;Taxi&#8221; Ohlsson fr\u00e5n sin <a href=\"https:\/\/www.budokampsport.se\/2022\/01\/24\/ett-forsenat-mma-vm-ar-nu-igang\/\" target=\"_blank\" rel=\"noopener\">hemmakarant\u00e4n<\/a> i Sverige.<\/p>\n<p><strong>Yrsa Sandin<\/strong> var seedad \u00e4nda fram till semifinal i damernas l\u00e4ttviktsklass, men fick d\u00e4r en tuff resa mot ryskan Olga Lagodnaya. D\u00e4rmed blev det bara en match i VM f\u00f6r Sandin, som reser hem med en bronsmedalj.<\/p>\n<p><strong>Oskar Jaskaris<\/strong> semifinalmotst\u00e5ndare, israelen Yevgeni Shinkarevsky, kom aldrig till start. D\u00e4rmed var finalplatsen bokad f\u00f6r svenskens del.<\/p>\n<p>F\u00f6r \u00f6vriga tre svenskar i semifinal blev det tuffa bataljer som gick tiden ut. Men alla tre lyckades vinna sina matcher p\u00e5 po\u00e4ng! <strong>Josefine Modig<\/strong> besegrade kazakiskan Altynay Mergenbay p\u00e5 delat domslut, <strong>Nikolija &#8220;<\/strong><strong>Nina&#8221; Milosevic<\/strong> vann mot ryskan Tatiana Postarnakova p\u00e5 enh\u00e4lligt domslut och fj\u00e4rde svensk till VM-final blev <strong>Robin Enonteki\u00f6<\/strong> efter vinst p\u00e5 delat domslut mot Ukrainas Dmytro Babynskyi.<\/p>\n<p>Nu v\u00e4ntar vilodag imorgon och sen VM-finaler p\u00e5 l\u00f6rdag f\u00f6r v\u00e5ra fyra svenska fighters.<\/p>\n<p>B\u00e5de Josefine Modig och Nina Milosevic st\u00e4lls d\u00e5 mot bahrainska motst\u00e5ndare, med bakgrunden i Brasilien.\u00a0<\/p>\n<p>\u2013 Generellt sett \u00e4r de aggressiva st\u00e5ende och allround p\u00e5 golvet. De har bra koll p\u00e5 jiu jitsun! Det g\u00e4ller att hamna p\u00e5 topp om man \u00e5ker ner, s\u00e4ger Anders Ohlsson om det blivande finalmotst\u00e5ndet.<\/p>\n<p>Och f\u00f6r Oskar Jaskari och Robin Enonteki\u00f6 v\u00e4ntar ryskt motst\u00e5nd i finalerna.<\/p>\n<p>\u2013 De brukar vara brottarstarka och vill trycka upp sina motst\u00e5ndare mot buren, och d\u00e5 kan det vara sv\u00e5rt att ta sig loss. Men Oskar har v\u00e4ldigt bra nedtagningsf\u00f6rsvar och Robin \u00e4r otroligt stark. I Robins viktklass s\u00e5 r\u00e4cker det dessutom med en bra sm\u00e4ll s\u00e5 sover folk, vilket han visade i sin f\u00f6rsta match.<\/p>\n<p>Med fyra svenska guldchanser \u00e4r optimismen i det sammansvetsade MMA-landslaget p\u00e5 topp, ber\u00e4ttar f\u00f6rbundskaptenen Anders Ohlsson.<\/p>\n<p>\u2013 Vi har lyckats f\u00e5 ihop sammanh\u00e5llningen v\u00e4ldigt bra. Det har varit en bra st\u00e4mning hela v\u00e4gen och atleterna har sporrat varandra mycket. N\u00e4r man f\u00e5r n\u00e5gra tidiga vinster s\u00e5 smittar det av sig p\u00e5 de andra i laget. Det ger en positiv v\u00e5g genom hela truppen. Allt som \u00e4r jobbigt blir lite enklare och man blir \u00e4nnu mer peppad sj\u00e4lv. Nu g\u00e5r vi f\u00f6r de \u00e4dlaste val\u00f6rerna!<\/p>\n<p>S\u00e5 h\u00e4r ser svenskarnas fyra VM-finaler p\u00e5 l\u00f6rdag ut:<\/p>\n<table style=\"border-collapse: collapse; width: 100%; height: 331px;\">\n<tbody>\n<tr style=\"height: 23px;\">\n<td style=\"height: 23px; width: 45%; vertical-align: middle;\"><img loading=\"lazy\" decoding=\"async\" class=\"alignnone wp-image-122883 size-full\" src=\"https:\/\/www.budokampsport.se\/wp-content\/uploads\/2020\/11\/sweden-flag-icon-16.png\" alt=\"\" width=\"16\" height=\"10\" \/> <strong>Josefine Modig<\/strong><\/td>\n<td style=\"text-align: center; height: 23px; width: 10%; vertical-align: middle;\">vs<\/td>\n<td style=\"height: 23px; width: 45%; vertical-align: middle;\"><img loading=\"lazy\" decoding=\"async\" class=\"alignnone size-full wp-image-134104\" src=\"https:\/\/www.budokampsport.se\/wp-content\/uploads\/2022\/01\/bahrain_flag-png-icon-16.png\" alt=\"\" width=\"16\" height=\"10\" \/> Aieza Ramos Bertolso<\/td>\n<\/tr>\n<tr style=\"height: 24px;\">\n<td style=\"width: 100%; height: 24px; vertical-align: middle;\" colspan=\"3\"><span style=\"font-size: 10pt;\">Str\u00e5vikt (damer)<\/span><\/td>\n<\/tr>\n<tr style=\"height: 23px;\">\n<td style=\"height: 23px; width: 45%; vertical-align: middle;\"><img loading=\"lazy\" decoding=\"async\" class=\"alignnone wp-image-122883 size-full\" src=\"https:\/\/www.budokampsport.se\/wp-content\/uploads\/2020\/11\/sweden-flag-icon-16.png\" alt=\"\" width=\"16\" height=\"10\" \/> <strong>Nikolija Milosevic<\/strong><\/td>\n<td style=\"text-align: center; height: 23px; width: 10%; vertical-align: middle;\">vs<\/td>\n<td style=\"height: 23px; width: 45%; vertical-align: middle;\"><img loading=\"lazy\" decoding=\"async\" class=\"alignnone size-full wp-image-134104\" src=\"https:\/\/www.budokampsport.se\/wp-content\/uploads\/2022\/01\/bahrain_flag-png-icon-16.png\" alt=\"\" width=\"16\" height=\"10\" \/> Raiane Vinuto Guimaraes<\/td>\n<\/tr>\n<tr style=\"height: 24px;\">\n<td style=\"width: 100%; height: 24px; vertical-align: middle;\" colspan=\"3\"><span style=\"font-size: 10pt;\">Bantamvikt (damer)<\/span><\/td>\n<\/tr>\n<tr style=\"height: 23px;\">\n<td style=\"height: 23px; width: 45%; vertical-align: middle;\"><img loading=\"lazy\" decoding=\"async\" class=\"alignnone wp-image-122883 size-full\" src=\"https:\/\/www.budokampsport.se\/wp-content\/uploads\/2020\/11\/sweden-flag-icon-16.png\" alt=\"\" width=\"16\" height=\"10\" \/> <strong>Oskar Jaskari<\/strong><\/td>\n<td style=\"text-align: center; height: 23px; width: 10%; vertical-align: middle;\">vs<\/td>\n<td style=\"height: 23px; width: 45%; vertical-align: middle;\"><img loading=\"lazy\" decoding=\"async\" class=\"alignnone size-full wp-image-124685\" src=\"https:\/\/www.budokampsport.se\/wp-content\/uploads\/2021\/02\/russia-flag-icon-16.png\" alt=\"Rysslands flagga\" width=\"16\" height=\"11\" \/>\u00a0Shakhban Gapizov<\/td>\n<\/tr>\n<tr style=\"height: 24px;\">\n<td style=\"width: 100%; height: 24px; vertical-align: middle;\" colspan=\"3\"><span style=\"font-size: 10pt;\">Bantamvikt (herrar)<\/span><\/td>\n<\/tr>\n<tr style=\"height: 24px;\">\n<td style=\"width: 45%; height: 24px; vertical-align: middle;\"><img loading=\"lazy\" decoding=\"async\" class=\"alignnone wp-image-122883 size-full\" src=\"https:\/\/www.budokampsport.se\/wp-content\/uploads\/2020\/11\/sweden-flag-icon-16.png\" alt=\"\" width=\"16\" height=\"10\" \/> <strong>Robin Enonteki\u00f6<\/strong><\/td>\n<td style=\"text-align: center; width: 10%; height: 24px; vertical-align: middle;\">vs<\/td>\n<td style=\"width: 45%; height: 24px; vertical-align: middle;\"><img loading=\"lazy\" decoding=\"async\" class=\"alignnone size-full wp-image-124685\" src=\"https:\/\/www.budokampsport.se\/wp-content\/uploads\/2021\/02\/russia-flag-icon-16.png\" alt=\"Rysslands flagga\" width=\"16\" height=\"11\" \/> Dzhamal Medzhidov<\/td>\n<\/tr>\n<tr style=\"height: 24px;\">\n<td style=\"width: 100%; height: 24px; vertical-align: middle;\" colspan=\"3\"><span style=\"font-size: 10pt;\">L\u00e4tt tungvikt (herrar)<\/span><\/td>\n<\/tr>\n<\/tbody>\n<\/table>\n<p>&nbsp;<\/p>\n<p>VM p\u00e5g\u00e5r 24\u201329 januari. Matcherna kan f\u00f6ljas via <a href=\"https:\/\/registrering.smmaf.se\/\" target=\"_blank\" rel=\"noopener\">SMMAF:s hemsida<\/a>.<\/p>\n<p><strong>Tidigare artiklar<\/strong><br \/>\n\u00bb <a href=\"https:\/\/www.budokampsport.se\/2022\/01\/24\/ett-forsenat-mma-vm-ar-nu-igang\/\" target=\"_blank\" rel=\"noopener\">Ett f\u00f6rsenat MMA-VM \u00e4r nu ig\u00e5ng<\/a><br \/>\n\u00bb <a href=\"https:\/\/www.budokampsport.se\/2022\/01\/25\/7-svenskar-i-vm-kvartsfinal\/\" target=\"_blank\" rel=\"noopener\">7 svenskar i VM-kvartsfinal<\/a><br \/>\n\u00bb <a href=\"https:\/\/www.budokampsport.se\/2022\/01\/26\/fem-svenska-medaljer-sakrade-i-mma-vm\/\" target=\"_blank\" rel=\"noopener\">Fem svenska medaljer s\u00e4krade i MMA-VM<\/a><\/p>\n<p>Text: Mats Lilja<\/p>\n<p><em>P\u00e5 bilden ses de fyra VM-finalisterna Robin Enonteki\u00f6, Nikolija \u201cNina\u201d Milosevic, Oskar Jaskari och Josefine Modig samt de tv\u00e5 landslagsledarna Tom Qvarfordt och Besam Yousef.<\/em><\/p>\n","protected":false},"excerpt":{"rendered":"<p>MMA. Chans till fyra bl\u00e5gula VM-guld p\u00e5 l\u00f6rdag i Abu Dhabi.<br \/><br>(Foto: Svenska MMA-f\u00f6rbundet)<\/p><br>","protected":false},"author":914,"featured_media":134417,"comment_status":"open","ping_status":"open","sticky":false,"template":"","format":"standard","meta":{"_acf_changed":false,"footnotes":""},"categories":[1],"tags":[],"class_list":["post-134409","post","type-post","status-publish","format-standard","has-post-thumbnail","hentry","category-okategoriserade"],"acf":[],"yoast_head":"<!-- This site is optimized with the Yoast SEO plugin v26.8 - https:\/\/yoast.com\/product\/yoast-seo-wordpress\/ -->\n<title>VM-final v\u00e4ntar f\u00f6r fyra svenska fighters - Svenska Budo &amp; Kampsportsf\u00f6rbundet<\/title>\n<meta name=\"description\" content=\"MMA. Chans till fyra bl\u00e5gula VM-guld p\u00e5 l\u00f6rdag i Abu Dhabi. (Foto: Svenska MMA-f\u00f6rbundet)\" \/>\n<meta name=\"robots\" content=\"index, follow, max-snippet:-1, max-image-preview:large, max-video-preview:-1\" \/>\n<link rel=\"canonical\" href=\"https:\/\/www.budokampsport.se\/2022\/01\/27\/vm-final-vantar-for-fyra-svenska-fighters\/\" \/>\n<meta property=\"og:locale\" content=\"sv_SE\" \/>\n<meta property=\"og:type\" content=\"article\" \/>\n<meta property=\"og:title\" content=\"VM-final v\u00e4ntar f\u00f6r fyra svenska fighters - Svenska Budo &amp; Kampsportsf\u00f6rbundet\" \/>\n<meta property=\"og:description\" content=\"MMA. Chans till fyra bl\u00e5gula VM-guld p\u00e5 l\u00f6rdag i Abu Dhabi. (Foto: Svenska MMA-f\u00f6rbundet)\" \/>\n<meta property=\"og:url\" content=\"https:\/\/www.budokampsport.se\/2022\/01\/27\/vm-final-vantar-for-fyra-svenska-fighters\/\" \/>\n<meta property=\"og:site_name\" content=\"Svenska Budo &amp; Kampsportsf\u00f6rbundet\" \/>\n<meta property=\"article:published_time\" content=\"2022-01-27T12:03:30+00:00\" \/>\n<meta property=\"og:image\" content=\"https:\/\/www.budokampsport.se\/wp-content\/uploads\/2022\/01\/mmavm2021-5.jpg\" \/>\n\t<meta property=\"og:image:width\" content=\"1200\" \/>\n\t<meta property=\"og:image:height\" content=\"841\" \/>\n\t<meta property=\"og:image:type\" content=\"image\/jpeg\" \/>\n<meta name=\"author\" content=\"Mats Lilja\" \/>\n<meta name=\"twitter:card\" content=\"summary_large_image\" \/>\n<meta name=\"twitter:label1\" content=\"Skriven av\" \/>\n\t<meta name=\"twitter:data1\" content=\"Mats Lilja\" \/>\n\t<meta name=\"twitter:label2\" content=\"Ber\u00e4knad l\u00e4stid\" \/>\n\t<meta name=\"twitter:data2\" content=\"3 minuter\" \/>\n<script type=\"application\/ld+json\" class=\"yoast-schema-graph\">{\"@context\":\"https:\/\/schema.org\",\"@graph\":[{\"@type\":\"Article\",\"@id\":\"https:\/\/www.budokampsport.se\/2022\/01\/27\/vm-final-vantar-for-fyra-svenska-fighters\/#article\",\"isPartOf\":{\"@id\":\"https:\/\/www.budokampsport.se\/2022\/01\/27\/vm-final-vantar-for-fyra-svenska-fighters\/\"},\"author\":{\"name\":\"Mats Lilja\",\"@id\":\"https:\/\/www.budokampsport.se\/#\/schema\/person\/d80c0bc61f1787703168fc250ce69522\"},\"headline\":\"VM-final v\u00e4ntar f\u00f6r fyra svenska fighters\",\"datePublished\":\"2022-01-27T12:03:30+00:00\",\"mainEntityOfPage\":{\"@id\":\"https:\/\/www.budokampsport.se\/2022\/01\/27\/vm-final-vantar-for-fyra-svenska-fighters\/\"},\"wordCount\":572,\"commentCount\":0,\"image\":{\"@id\":\"https:\/\/www.budokampsport.se\/2022\/01\/27\/vm-final-vantar-for-fyra-svenska-fighters\/#primaryimage\"},\"thumbnailUrl\":\"https:\/\/www.budokampsport.se\/wp-content\/uploads\/2022\/01\/mmavm2021-5.jpg\",\"inLanguage\":\"sv-SE\",\"potentialAction\":[{\"@type\":\"CommentAction\",\"name\":\"Comment\",\"target\":[\"https:\/\/www.budokampsport.se\/2022\/01\/27\/vm-final-vantar-for-fyra-svenska-fighters\/#respond\"]}]},{\"@type\":\"WebPage\",\"@id\":\"https:\/\/www.budokampsport.se\/2022\/01\/27\/vm-final-vantar-for-fyra-svenska-fighters\/\",\"url\":\"https:\/\/www.budokampsport.se\/2022\/01\/27\/vm-final-vantar-for-fyra-svenska-fighters\/\",\"name\":\"VM-final v\u00e4ntar f\u00f6r fyra svenska fighters - Svenska Budo &amp; Kampsportsf\u00f6rbundet\",\"isPartOf\":{\"@id\":\"https:\/\/www.budokampsport.se\/#website\"},\"primaryImageOfPage\":{\"@id\":\"https:\/\/www.budokampsport.se\/2022\/01\/27\/vm-final-vantar-for-fyra-svenska-fighters\/#primaryimage\"},\"image\":{\"@id\":\"https:\/\/www.budokampsport.se\/2022\/01\/27\/vm-final-vantar-for-fyra-svenska-fighters\/#primaryimage\"},\"thumbnailUrl\":\"https:\/\/www.budokampsport.se\/wp-content\/uploads\/2022\/01\/mmavm2021-5.jpg\",\"datePublished\":\"2022-01-27T12:03:30+00:00\",\"author\":{\"@id\":\"https:\/\/www.budokampsport.se\/#\/schema\/person\/d80c0bc61f1787703168fc250ce69522\"},\"description\":\"MMA. Chans till fyra bl\u00e5gula VM-guld p\u00e5 l\u00f6rdag i Abu Dhabi. (Foto: Svenska MMA-f\u00f6rbundet)\",\"breadcrumb\":{\"@id\":\"https:\/\/www.budokampsport.se\/2022\/01\/27\/vm-final-vantar-for-fyra-svenska-fighters\/#breadcrumb\"},\"inLanguage\":\"sv-SE\",\"potentialAction\":[{\"@type\":\"ReadAction\",\"target\":[\"https:\/\/www.budokampsport.se\/2022\/01\/27\/vm-final-vantar-for-fyra-svenska-fighters\/\"]}]},{\"@type\":\"ImageObject\",\"inLanguage\":\"sv-SE\",\"@id\":\"https:\/\/www.budokampsport.se\/2022\/01\/27\/vm-final-vantar-for-fyra-svenska-fighters\/#primaryimage\",\"url\":\"https:\/\/www.budokampsport.se\/wp-content\/uploads\/2022\/01\/mmavm2021-5.jpg\",\"contentUrl\":\"https:\/\/www.budokampsport.se\/wp-content\/uploads\/2022\/01\/mmavm2021-5.jpg\",\"width\":1200,\"height\":841},{\"@type\":\"BreadcrumbList\",\"@id\":\"https:\/\/www.budokampsport.se\/2022\/01\/27\/vm-final-vantar-for-fyra-svenska-fighters\/#breadcrumb\",\"itemListElement\":[{\"@type\":\"ListItem\",\"position\":1,\"name\":\"Hem\",\"item\":\"https:\/\/www.budokampsport.se\/\"},{\"@type\":\"ListItem\",\"position\":2,\"name\":\"VM-final v\u00e4ntar f\u00f6r fyra svenska fighters\"}]},{\"@type\":\"WebSite\",\"@id\":\"https:\/\/www.budokampsport.se\/#website\",\"url\":\"https:\/\/www.budokampsport.se\/\",\"name\":\"Svenska Budo &amp; Kampsportsf\u00f6rbundet\",\"description\":\"T\u00e4vling, Tr\u00e4ning, Tradition\",\"potentialAction\":[{\"@type\":\"SearchAction\",\"target\":{\"@type\":\"EntryPoint\",\"urlTemplate\":\"https:\/\/www.budokampsport.se\/?s={search_term_string}\"},\"query-input\":{\"@type\":\"PropertyValueSpecification\",\"valueRequired\":true,\"valueName\":\"search_term_string\"}}],\"inLanguage\":\"sv-SE\"},{\"@type\":\"Person\",\"@id\":\"https:\/\/www.budokampsport.se\/#\/schema\/person\/d80c0bc61f1787703168fc250ce69522\",\"name\":\"Mats Lilja\",\"image\":{\"@type\":\"ImageObject\",\"inLanguage\":\"sv-SE\",\"@id\":\"https:\/\/www.budokampsport.se\/#\/schema\/person\/image\/\",\"url\":\"https:\/\/secure.gravatar.com\/avatar\/607f84918e96abe1ebbd8611782fa57d?s=96&d=blank&r=g\",\"contentUrl\":\"https:\/\/secure.gravatar.com\/avatar\/607f84918e96abe1ebbd8611782fa57d?s=96&d=blank&r=g\",\"caption\":\"Mats Lilja\"},\"url\":\"https:\/\/www.budokampsport.se\/author\/mats-lilja\/\"}]}<\/script>\n<!-- \/ Yoast SEO plugin. -->","yoast_head_json":{"title":"VM-final v\u00e4ntar f\u00f6r fyra svenska fighters - Svenska Budo &amp; Kampsportsf\u00f6rbundet","description":"MMA. Chans till fyra bl\u00e5gula VM-guld p\u00e5 l\u00f6rdag i Abu Dhabi. (Foto: Svenska MMA-f\u00f6rbundet)","robots":{"index":"index","follow":"follow","max-snippet":"max-snippet:-1","max-image-preview":"max-image-preview:large","max-video-preview":"max-video-preview:-1"},"canonical":"https:\/\/www.budokampsport.se\/2022\/01\/27\/vm-final-vantar-for-fyra-svenska-fighters\/","og_locale":"sv_SE","og_type":"article","og_title":"VM-final v\u00e4ntar f\u00f6r fyra svenska fighters - Svenska Budo &amp; Kampsportsf\u00f6rbundet","og_description":"MMA. Chans till fyra bl\u00e5gula VM-guld p\u00e5 l\u00f6rdag i Abu Dhabi. (Foto: Svenska MMA-f\u00f6rbundet)","og_url":"https:\/\/www.budokampsport.se\/2022\/01\/27\/vm-final-vantar-for-fyra-svenska-fighters\/","og_site_name":"Svenska Budo &amp; Kampsportsf\u00f6rbundet","article_published_time":"2022-01-27T12:03:30+00:00","og_image":[{"width":1200,"height":841,"url":"https:\/\/www.budokampsport.se\/wp-content\/uploads\/2022\/01\/mmavm2021-5.jpg","type":"image\/jpeg"}],"author":"Mats Lilja","twitter_card":"summary_large_image","twitter_misc":{"Skriven av":"Mats Lilja","Ber\u00e4knad l\u00e4stid":"3 minuter"},"schema":{"@context":"https:\/\/schema.org","@graph":[{"@type":"Article","@id":"https:\/\/www.budokampsport.se\/2022\/01\/27\/vm-final-vantar-for-fyra-svenska-fighters\/#article","isPartOf":{"@id":"https:\/\/www.budokampsport.se\/2022\/01\/27\/vm-final-vantar-for-fyra-svenska-fighters\/"},"author":{"name":"Mats Lilja","@id":"https:\/\/www.budokampsport.se\/#\/schema\/person\/d80c0bc61f1787703168fc250ce69522"},"headline":"VM-final v\u00e4ntar f\u00f6r fyra svenska fighters","datePublished":"2022-01-27T12:03:30+00:00","mainEntityOfPage":{"@id":"https:\/\/www.budokampsport.se\/2022\/01\/27\/vm-final-vantar-for-fyra-svenska-fighters\/"},"wordCount":572,"commentCount":0,"image":{"@id":"https:\/\/www.budokampsport.se\/2022\/01\/27\/vm-final-vantar-for-fyra-svenska-fighters\/#primaryimage"},"thumbnailUrl":"https:\/\/www.budokampsport.se\/wp-content\/uploads\/2022\/01\/mmavm2021-5.jpg","inLanguage":"sv-SE","potentialAction":[{"@type":"CommentAction","name":"Comment","target":["https:\/\/www.budokampsport.se\/2022\/01\/27\/vm-final-vantar-for-fyra-svenska-fighters\/#respond"]}]},{"@type":"WebPage","@id":"https:\/\/www.budokampsport.se\/2022\/01\/27\/vm-final-vantar-for-fyra-svenska-fighters\/","url":"https:\/\/www.budokampsport.se\/2022\/01\/27\/vm-final-vantar-for-fyra-svenska-fighters\/","name":"VM-final v\u00e4ntar f\u00f6r fyra svenska fighters - Svenska Budo &amp; Kampsportsf\u00f6rbundet","isPartOf":{"@id":"https:\/\/www.budokampsport.se\/#website"},"primaryImageOfPage":{"@id":"https:\/\/www.budokampsport.se\/2022\/01\/27\/vm-final-vantar-for-fyra-svenska-fighters\/#primaryimage"},"image":{"@id":"https:\/\/www.budokampsport.se\/2022\/01\/27\/vm-final-vantar-for-fyra-svenska-fighters\/#primaryimage"},"thumbnailUrl":"https:\/\/www.budokampsport.se\/wp-content\/uploads\/2022\/01\/mmavm2021-5.jpg","datePublished":"2022-01-27T12:03:30+00:00","author":{"@id":"https:\/\/www.budokampsport.se\/#\/schema\/person\/d80c0bc61f1787703168fc250ce69522"},"description":"MMA. Chans till fyra bl\u00e5gula VM-guld p\u00e5 l\u00f6rdag i Abu Dhabi. (Foto: Svenska MMA-f\u00f6rbundet)","breadcrumb":{"@id":"https:\/\/www.budokampsport.se\/2022\/01\/27\/vm-final-vantar-for-fyra-svenska-fighters\/#breadcrumb"},"inLanguage":"sv-SE","potentialAction":[{"@type":"ReadAction","target":["https:\/\/www.budokampsport.se\/2022\/01\/27\/vm-final-vantar-for-fyra-svenska-fighters\/"]}]},{"@type":"ImageObject","inLanguage":"sv-SE","@id":"https:\/\/www.budokampsport.se\/2022\/01\/27\/vm-final-vantar-for-fyra-svenska-fighters\/#primaryimage","url":"https:\/\/www.budokampsport.se\/wp-content\/uploads\/2022\/01\/mmavm2021-5.jpg","contentUrl":"https:\/\/www.budokampsport.se\/wp-content\/uploads\/2022\/01\/mmavm2021-5.jpg","width":1200,"height":841},{"@type":"BreadcrumbList","@id":"https:\/\/www.budokampsport.se\/2022\/01\/27\/vm-final-vantar-for-fyra-svenska-fighters\/#breadcrumb","itemListElement":[{"@type":"ListItem","position":1,"name":"Hem","item":"https:\/\/www.budokampsport.se\/"},{"@type":"ListItem","position":2,"name":"VM-final v\u00e4ntar f\u00f6r fyra svenska fighters"}]},{"@type":"WebSite","@id":"https:\/\/www.budokampsport.se\/#website","url":"https:\/\/www.budokampsport.se\/","name":"Svenska Budo &amp; Kampsportsf\u00f6rbundet","description":"T\u00e4vling, Tr\u00e4ning, Tradition","potentialAction":[{"@type":"SearchAction","target":{"@type":"EntryPoint","urlTemplate":"https:\/\/www.budokampsport.se\/?s={search_term_string}"},"query-input":{"@type":"PropertyValueSpecification","valueRequired":true,"valueName":"search_term_string"}}],"inLanguage":"sv-SE"},{"@type":"Person","@id":"https:\/\/www.budokampsport.se\/#\/schema\/person\/d80c0bc61f1787703168fc250ce69522","name":"Mats Lilja","image":{"@type":"ImageObject","inLanguage":"sv-SE","@id":"https:\/\/www.budokampsport.se\/#\/schema\/person\/image\/","url":"https:\/\/secure.gravatar.com\/avatar\/607f84918e96abe1ebbd8611782fa57d?s=96&d=blank&r=g","contentUrl":"https:\/\/secure.gravatar.com\/avatar\/607f84918e96abe1ebbd8611782fa57d?s=96&d=blank&r=g","caption":"Mats Lilja"},"url":"https:\/\/www.budokampsport.se\/author\/mats-lilja\/"}]}},"_links":{"self":[{"href":"https:\/\/www.budokampsport.se\/api\/wp\/v2\/posts\/134409","targetHints":{"allow":["GET"]}}],"collection":[{"href":"https:\/\/www.budokampsport.se\/api\/wp\/v2\/posts"}],"about":[{"href":"https:\/\/www.budokampsport.se\/api\/wp\/v2\/types\/post"}],"author":[{"embeddable":true,"href":"https:\/\/www.budokampsport.se\/api\/wp\/v2\/users\/914"}],"replies":[{"embeddable":true,"href":"https:\/\/www.budokampsport.se\/api\/wp\/v2\/comments?post=134409"}],"version-history":[{"count":0,"href":"https:\/\/www.budokampsport.se\/api\/wp\/v2\/posts\/134409\/revisions"}],"wp:featuredmedia":[{"embeddable":true,"href":"https:\/\/www.budokampsport.se\/api\/wp\/v2\/media\/134417"}],"wp:attachment":[{"href":"https:\/\/www.budokampsport.se\/api\/wp\/v2\/media?parent=134409"}],"wp:term":[{"taxonomy":"category","embeddable":true,"href":"https:\/\/www.budokampsport.se\/api\/wp\/v2\/categories?post=134409"},{"taxonomy":"post_tag","embeddable":true,"href":"https:\/\/www.budokampsport.se\/api\/wp\/v2\/tags?post=134409"}],"curies":[{"name":"wp","href":"https:\/\/api.w.org\/{rel}","templated":true}]}}