{"id":135072,"date":"2022-02-09T09:46:20","date_gmt":"2022-02-09T08:46:20","guid":{"rendered":"https:\/\/www.budokampsport.se\/?p=135072"},"modified":"2022-09-01T15:10:11","modified_gmt":"2022-09-01T13:10:11","slug":"30-aktiva-uttagna-till-elit-utveckling","status":"publish","type":"post","link":"https:\/\/www.budokampsport.se\/2022\/02\/09\/30-aktiva-uttagna-till-elit-utveckling\/","title":{"rendered":"30 aktiva uttagna till Elit &#038; Utveckling"},"content":{"rendered":"<p>Nu st\u00e5r det klart vilka ut\u00f6vare inom Svenska Budo &amp; Kampsportsf\u00f6rbundets idrotter som tagits ut till f\u00f6rbundets nya elitidrottsprogram Elit &amp; Utveckling. Projektet handlar om att utveckla b\u00e5de de aktiva och deras hemmatr\u00e4nare.\u00a0<\/p>\n<p>Underf\u00f6rbunden har kunnat nominera namn till elitgruppen och utvecklingsgruppen inom programmet. Urvalsarbetet har letts av Helena Pl\u00fcss (f.d. Hugosson), projektledare f\u00f6r f\u00f6rbundets elitidrottsprogram. SB&amp;K:s f\u00f6rbundsstyrelse har sedan fattat det slutgiltiga beslutet kring vilka som valts ut.<\/p>\n<p>Det nya programmet \u00e4r en f\u00f6rl\u00e4ngning av det tidigare projektet <a href=\"https:\/\/www.budokampsport.se\/2022\/02\/07\/helena-pluss-berattar-om-sbks-elitsatsningar\/\" target=\"_blank\" rel=\"noopener\">Landslagsst\u00f6d X<\/a>. I samr\u00e5d med Riksidrottsf\u00f6rbundet, Sveriges Olympiska Kommitt\u00e9 och Sveriges Paralympiska Kommitt\u00e9 har nu en ny strategi tagits fram f\u00f6r perioden 2022\u20132023.<\/p>\n<p>\u2013 Det huvudsakliga syftet med Elit &amp; Utveckling \u00e4r att skapa en b\u00e4ttre f\u00f6rankring hos hemmatr\u00e4narna, f\u00f6rklarar Helena Pl\u00fcss.<\/p>\n<p>St\u00f6det uppg\u00e5r till en halv miljon kronor per \u00e5r, vilket bland annat g\u00e5r till att bekosta fysiska och digitala tr\u00e4ffar f\u00f6r s\u00e5v\u00e4l aktiva som tr\u00e4nare. Dessutom har de aktiva i programmet tillg\u00e5ng till Riksidrottsf\u00f6rbundets st\u00f6d till elitidrottare i form av bland annat <a href=\"https:\/\/www.rf.se\/bidragochstod\/elitidrottsstod\/Idrottspsykologi\/\" target=\"_blank\" rel=\"noopener\">idrottspsykologi<\/a>, <a href=\"https:\/\/www.rf.se\/bidragochstod\/elitidrottsstod\/Idrottsmedicin\/\" target=\"_blank\" rel=\"noopener\">idrottsmedicin<\/a>, <a href=\"https:\/\/www.rf.se\/bidragochstod\/elitidrottsstod\/Idrottsfysiologi\/\" target=\"_blank\" rel=\"noopener\">idrottsfysiologi<\/a> och <a href=\"https:\/\/www.rf.se\/bidragochstod\/elitidrottsstod\/Idrottsnutrition\/\" target=\"_blank\" rel=\"noopener\">idrottsnutrition<\/a>.<\/p>\n<p>\u2013 Vi har ju m\u00e5nga olika idrotter inom Svenska Budo &amp; Kampsportsf\u00f6rbundet, s\u00e4ger Helena Pl\u00fcss. Man har olika tekniker och olika former. Men n\u00e4r det g\u00e4ller fysiologi, mental ansp\u00e4nning, formtoppning med mera s\u00e5 \u00e4r de delarna likv\u00e4rdiga. Det kan vi m\u00f6tas i och ha gemensamt.<\/p>\n<p>Nu \u00e4r 16 aktiva uttagna till elitgruppen, nio damer och sju herrar.<\/p>\n<p>\u2013 Det \u00e4r seniora landslagsmedlemmar med internationell framg\u00e5ng p\u00e5 n\u00e5gon niv\u00e5. De inneh\u00e5ller toppskiktet inom sin idrott.<\/p>\n<p>Och 14 aktiva, j\u00e4mnt f\u00f6rdelade mellan manliga och kvinnliga ut\u00f6vare, \u00e4r uttagna till utvecklingsgruppen.<\/p>\n<p>\u2013 H\u00e4r har det varit mer spridda skurar n\u00e4r det g\u00e4ller internationella framg\u00e5ngar, vissa idrotter har inte kunnat t\u00e4vla alls under pandemin. Men det handlar om aktiva som verkligen visat framf\u00f6tterna inom sin idrott p\u00e5 till exempel riksl\u00e4ger, SM eller internationellt.<\/p>\n<p>Vissa idrotter har flera aktiva som har tagits ut till det nya elitidrottsprogrammet, d\u00e4r fullkontaktskarate (sju namn) och taido (fem namn) sticker ut. Andra idrotter har inga deltagare.<\/p>\n<p>\u2013 Vissa underf\u00f6rbund har trots sin storlek s\u00f6kt f\u00f6r ett f\u00e5tal personer eller inte s\u00f6kt alls, f\u00f6rklarar Helena Pl\u00fcss f\u00f6rdelningen mellan idrotterna.<\/p>\n<p>Besked om uttagningarna gick ut till idrottare och tr\u00e4nare under g\u00e5rdagen. Namnen p\u00e5 de uttagna kommer att publiceras i en <a href=\"https:\/\/www.budokampsport.se\/2022\/02\/09\/elit-utveckling-hela-listan\/\" target=\"_blank\" rel=\"noopener\">separat artikel<\/a> senare idag.<\/p>\n<p>Text: Mats Lilja<\/p>\n","protected":false},"excerpt":{"rendered":"<p>E&#038;U. F\u00f6rbundsstyrelsen har fattat beslut om vilka idrottare som ing\u00e5r i den nya elitidrottssatsningen. En ny strategi har tagits fram f\u00f6r 2022\u20132023.<br \/><br>(Foto: Magnus Ledin)<\/p><br>","protected":false},"author":914,"featured_media":135190,"comment_status":"open","ping_status":"open","sticky":false,"template":"","format":"standard","meta":{"_acf_changed":false,"footnotes":""},"categories":[1],"tags":[],"class_list":["post-135072","post","type-post","status-publish","format-standard","has-post-thumbnail","hentry","category-okategoriserade"],"acf":[],"yoast_head":"<!-- This site is optimized with the Yoast SEO plugin v26.8 - https:\/\/yoast.com\/product\/yoast-seo-wordpress\/ -->\n<title>30 aktiva uttagna till Elit &amp; Utveckling - Svenska Budo &amp; Kampsportsf\u00f6rbundet<\/title>\n<meta name=\"description\" content=\"E&amp;U. F\u00f6rbundsstyrelsen har fattat beslut om vilka idrottare som ing\u00e5r i den nya elitidrottssatsningen. En ny strategi har tagits fram f\u00f6r 2022\u20132023. (Foto: Magnus Ledin)\" \/>\n<meta name=\"robots\" content=\"index, follow, max-snippet:-1, max-image-preview:large, max-video-preview:-1\" \/>\n<link rel=\"canonical\" href=\"https:\/\/www.budokampsport.se\/2022\/02\/09\/30-aktiva-uttagna-till-elit-utveckling\/\" \/>\n<meta property=\"og:locale\" content=\"sv_SE\" \/>\n<meta property=\"og:type\" content=\"article\" \/>\n<meta property=\"og:title\" content=\"30 aktiva uttagna till Elit &amp; Utveckling - Svenska Budo &amp; Kampsportsf\u00f6rbundet\" \/>\n<meta property=\"og:description\" content=\"E&amp;U. F\u00f6rbundsstyrelsen har fattat beslut om vilka idrottare som ing\u00e5r i den nya elitidrottssatsningen. En ny strategi har tagits fram f\u00f6r 2022\u20132023. (Foto: Magnus Ledin)\" \/>\n<meta property=\"og:url\" content=\"https:\/\/www.budokampsport.se\/2022\/02\/09\/30-aktiva-uttagna-till-elit-utveckling\/\" \/>\n<meta property=\"og:site_name\" content=\"Svenska Budo &amp; Kampsportsf\u00f6rbundet\" \/>\n<meta property=\"article:published_time\" content=\"2022-02-09T08:46:20+00:00\" \/>\n<meta property=\"article:modified_time\" content=\"2022-09-01T13:10:11+00:00\" \/>\n<meta property=\"og:image\" content=\"https:\/\/www.budokampsport.se\/wp-content\/uploads\/2022\/02\/elitsamling.jpg\" \/>\n\t<meta property=\"og:image:width\" content=\"1200\" \/>\n\t<meta property=\"og:image:height\" content=\"800\" \/>\n\t<meta property=\"og:image:type\" content=\"image\/jpeg\" \/>\n<meta name=\"author\" content=\"Mats Lilja\" \/>\n<meta name=\"twitter:card\" content=\"summary_large_image\" \/>\n<meta name=\"twitter:label1\" content=\"Skriven av\" \/>\n\t<meta name=\"twitter:data1\" content=\"Mats Lilja\" \/>\n\t<meta name=\"twitter:label2\" content=\"Ber\u00e4knad l\u00e4stid\" \/>\n\t<meta name=\"twitter:data2\" content=\"2 minuter\" \/>\n<script type=\"application\/ld+json\" class=\"yoast-schema-graph\">{\"@context\":\"https:\/\/schema.org\",\"@graph\":[{\"@type\":\"Article\",\"@id\":\"https:\/\/www.budokampsport.se\/2022\/02\/09\/30-aktiva-uttagna-till-elit-utveckling\/#article\",\"isPartOf\":{\"@id\":\"https:\/\/www.budokampsport.se\/2022\/02\/09\/30-aktiva-uttagna-till-elit-utveckling\/\"},\"author\":{\"name\":\"Mats Lilja\",\"@id\":\"https:\/\/www.budokampsport.se\/#\/schema\/person\/d80c0bc61f1787703168fc250ce69522\"},\"headline\":\"30 aktiva uttagna till Elit &#038; Utveckling\",\"datePublished\":\"2022-02-09T08:46:20+00:00\",\"dateModified\":\"2022-09-01T13:10:11+00:00\",\"mainEntityOfPage\":{\"@id\":\"https:\/\/www.budokampsport.se\/2022\/02\/09\/30-aktiva-uttagna-till-elit-utveckling\/\"},\"wordCount\":441,\"commentCount\":0,\"image\":{\"@id\":\"https:\/\/www.budokampsport.se\/2022\/02\/09\/30-aktiva-uttagna-till-elit-utveckling\/#primaryimage\"},\"thumbnailUrl\":\"https:\/\/www.budokampsport.se\/wp-content\/uploads\/2022\/02\/elitsamling.jpg\",\"inLanguage\":\"sv-SE\",\"potentialAction\":[{\"@type\":\"CommentAction\",\"name\":\"Comment\",\"target\":[\"https:\/\/www.budokampsport.se\/2022\/02\/09\/30-aktiva-uttagna-till-elit-utveckling\/#respond\"]}]},{\"@type\":\"WebPage\",\"@id\":\"https:\/\/www.budokampsport.se\/2022\/02\/09\/30-aktiva-uttagna-till-elit-utveckling\/\",\"url\":\"https:\/\/www.budokampsport.se\/2022\/02\/09\/30-aktiva-uttagna-till-elit-utveckling\/\",\"name\":\"30 aktiva uttagna till Elit & Utveckling - Svenska Budo &amp; Kampsportsf\u00f6rbundet\",\"isPartOf\":{\"@id\":\"https:\/\/www.budokampsport.se\/#website\"},\"primaryImageOfPage\":{\"@id\":\"https:\/\/www.budokampsport.se\/2022\/02\/09\/30-aktiva-uttagna-till-elit-utveckling\/#primaryimage\"},\"image\":{\"@id\":\"https:\/\/www.budokampsport.se\/2022\/02\/09\/30-aktiva-uttagna-till-elit-utveckling\/#primaryimage\"},\"thumbnailUrl\":\"https:\/\/www.budokampsport.se\/wp-content\/uploads\/2022\/02\/elitsamling.jpg\",\"datePublished\":\"2022-02-09T08:46:20+00:00\",\"dateModified\":\"2022-09-01T13:10:11+00:00\",\"author\":{\"@id\":\"https:\/\/www.budokampsport.se\/#\/schema\/person\/d80c0bc61f1787703168fc250ce69522\"},\"description\":\"E&U. F\u00f6rbundsstyrelsen har fattat beslut om vilka idrottare som ing\u00e5r i den nya elitidrottssatsningen. En ny strategi har tagits fram f\u00f6r 2022\u20132023. (Foto: Magnus Ledin)\",\"breadcrumb\":{\"@id\":\"https:\/\/www.budokampsport.se\/2022\/02\/09\/30-aktiva-uttagna-till-elit-utveckling\/#breadcrumb\"},\"inLanguage\":\"sv-SE\",\"potentialAction\":[{\"@type\":\"ReadAction\",\"target\":[\"https:\/\/www.budokampsport.se\/2022\/02\/09\/30-aktiva-uttagna-till-elit-utveckling\/\"]}]},{\"@type\":\"ImageObject\",\"inLanguage\":\"sv-SE\",\"@id\":\"https:\/\/www.budokampsport.se\/2022\/02\/09\/30-aktiva-uttagna-till-elit-utveckling\/#primaryimage\",\"url\":\"https:\/\/www.budokampsport.se\/wp-content\/uploads\/2022\/02\/elitsamling.jpg\",\"contentUrl\":\"https:\/\/www.budokampsport.se\/wp-content\/uploads\/2022\/02\/elitsamling.jpg\",\"width\":1200,\"height\":800,\"caption\":\"Tr\u00e4ff under elitidrottsprogrammet. Foto: Magnus Ledin.\"},{\"@type\":\"BreadcrumbList\",\"@id\":\"https:\/\/www.budokampsport.se\/2022\/02\/09\/30-aktiva-uttagna-till-elit-utveckling\/#breadcrumb\",\"itemListElement\":[{\"@type\":\"ListItem\",\"position\":1,\"name\":\"Hem\",\"item\":\"https:\/\/www.budokampsport.se\/\"},{\"@type\":\"ListItem\",\"position\":2,\"name\":\"30 aktiva uttagna till Elit &#038; Utveckling\"}]},{\"@type\":\"WebSite\",\"@id\":\"https:\/\/www.budokampsport.se\/#website\",\"url\":\"https:\/\/www.budokampsport.se\/\",\"name\":\"Svenska Budo &amp; Kampsportsf\u00f6rbundet\",\"description\":\"T\u00e4vling, Tr\u00e4ning, Tradition\",\"potentialAction\":[{\"@type\":\"SearchAction\",\"target\":{\"@type\":\"EntryPoint\",\"urlTemplate\":\"https:\/\/www.budokampsport.se\/?s={search_term_string}\"},\"query-input\":{\"@type\":\"PropertyValueSpecification\",\"valueRequired\":true,\"valueName\":\"search_term_string\"}}],\"inLanguage\":\"sv-SE\"},{\"@type\":\"Person\",\"@id\":\"https:\/\/www.budokampsport.se\/#\/schema\/person\/d80c0bc61f1787703168fc250ce69522\",\"name\":\"Mats Lilja\",\"image\":{\"@type\":\"ImageObject\",\"inLanguage\":\"sv-SE\",\"@id\":\"https:\/\/www.budokampsport.se\/#\/schema\/person\/image\/\",\"url\":\"https:\/\/secure.gravatar.com\/avatar\/607f84918e96abe1ebbd8611782fa57d?s=96&d=blank&r=g\",\"contentUrl\":\"https:\/\/secure.gravatar.com\/avatar\/607f84918e96abe1ebbd8611782fa57d?s=96&d=blank&r=g\",\"caption\":\"Mats Lilja\"},\"url\":\"https:\/\/www.budokampsport.se\/author\/mats-lilja\/\"}]}<\/script>\n<!-- \/ Yoast SEO plugin. -->","yoast_head_json":{"title":"30 aktiva uttagna till Elit & Utveckling - Svenska Budo &amp; Kampsportsf\u00f6rbundet","description":"E&U. F\u00f6rbundsstyrelsen har fattat beslut om vilka idrottare som ing\u00e5r i den nya elitidrottssatsningen. En ny strategi har tagits fram f\u00f6r 2022\u20132023. (Foto: Magnus Ledin)","robots":{"index":"index","follow":"follow","max-snippet":"max-snippet:-1","max-image-preview":"max-image-preview:large","max-video-preview":"max-video-preview:-1"},"canonical":"https:\/\/www.budokampsport.se\/2022\/02\/09\/30-aktiva-uttagna-till-elit-utveckling\/","og_locale":"sv_SE","og_type":"article","og_title":"30 aktiva uttagna till Elit & Utveckling - Svenska Budo &amp; Kampsportsf\u00f6rbundet","og_description":"E&U. F\u00f6rbundsstyrelsen har fattat beslut om vilka idrottare som ing\u00e5r i den nya elitidrottssatsningen. En ny strategi har tagits fram f\u00f6r 2022\u20132023. (Foto: Magnus Ledin)","og_url":"https:\/\/www.budokampsport.se\/2022\/02\/09\/30-aktiva-uttagna-till-elit-utveckling\/","og_site_name":"Svenska Budo &amp; Kampsportsf\u00f6rbundet","article_published_time":"2022-02-09T08:46:20+00:00","article_modified_time":"2022-09-01T13:10:11+00:00","og_image":[{"width":1200,"height":800,"url":"https:\/\/www.budokampsport.se\/wp-content\/uploads\/2022\/02\/elitsamling.jpg","type":"image\/jpeg"}],"author":"Mats Lilja","twitter_card":"summary_large_image","twitter_misc":{"Skriven av":"Mats Lilja","Ber\u00e4knad l\u00e4stid":"2 minuter"},"schema":{"@context":"https:\/\/schema.org","@graph":[{"@type":"Article","@id":"https:\/\/www.budokampsport.se\/2022\/02\/09\/30-aktiva-uttagna-till-elit-utveckling\/#article","isPartOf":{"@id":"https:\/\/www.budokampsport.se\/2022\/02\/09\/30-aktiva-uttagna-till-elit-utveckling\/"},"author":{"name":"Mats Lilja","@id":"https:\/\/www.budokampsport.se\/#\/schema\/person\/d80c0bc61f1787703168fc250ce69522"},"headline":"30 aktiva uttagna till Elit &#038; Utveckling","datePublished":"2022-02-09T08:46:20+00:00","dateModified":"2022-09-01T13:10:11+00:00","mainEntityOfPage":{"@id":"https:\/\/www.budokampsport.se\/2022\/02\/09\/30-aktiva-uttagna-till-elit-utveckling\/"},"wordCount":441,"commentCount":0,"image":{"@id":"https:\/\/www.budokampsport.se\/2022\/02\/09\/30-aktiva-uttagna-till-elit-utveckling\/#primaryimage"},"thumbnailUrl":"https:\/\/www.budokampsport.se\/wp-content\/uploads\/2022\/02\/elitsamling.jpg","inLanguage":"sv-SE","potentialAction":[{"@type":"CommentAction","name":"Comment","target":["https:\/\/www.budokampsport.se\/2022\/02\/09\/30-aktiva-uttagna-till-elit-utveckling\/#respond"]}]},{"@type":"WebPage","@id":"https:\/\/www.budokampsport.se\/2022\/02\/09\/30-aktiva-uttagna-till-elit-utveckling\/","url":"https:\/\/www.budokampsport.se\/2022\/02\/09\/30-aktiva-uttagna-till-elit-utveckling\/","name":"30 aktiva uttagna till Elit & Utveckling - Svenska Budo &amp; Kampsportsf\u00f6rbundet","isPartOf":{"@id":"https:\/\/www.budokampsport.se\/#website"},"primaryImageOfPage":{"@id":"https:\/\/www.budokampsport.se\/2022\/02\/09\/30-aktiva-uttagna-till-elit-utveckling\/#primaryimage"},"image":{"@id":"https:\/\/www.budokampsport.se\/2022\/02\/09\/30-aktiva-uttagna-till-elit-utveckling\/#primaryimage"},"thumbnailUrl":"https:\/\/www.budokampsport.se\/wp-content\/uploads\/2022\/02\/elitsamling.jpg","datePublished":"2022-02-09T08:46:20+00:00","dateModified":"2022-09-01T13:10:11+00:00","author":{"@id":"https:\/\/www.budokampsport.se\/#\/schema\/person\/d80c0bc61f1787703168fc250ce69522"},"description":"E&U. F\u00f6rbundsstyrelsen har fattat beslut om vilka idrottare som ing\u00e5r i den nya elitidrottssatsningen. En ny strategi har tagits fram f\u00f6r 2022\u20132023. (Foto: Magnus Ledin)","breadcrumb":{"@id":"https:\/\/www.budokampsport.se\/2022\/02\/09\/30-aktiva-uttagna-till-elit-utveckling\/#breadcrumb"},"inLanguage":"sv-SE","potentialAction":[{"@type":"ReadAction","target":["https:\/\/www.budokampsport.se\/2022\/02\/09\/30-aktiva-uttagna-till-elit-utveckling\/"]}]},{"@type":"ImageObject","inLanguage":"sv-SE","@id":"https:\/\/www.budokampsport.se\/2022\/02\/09\/30-aktiva-uttagna-till-elit-utveckling\/#primaryimage","url":"https:\/\/www.budokampsport.se\/wp-content\/uploads\/2022\/02\/elitsamling.jpg","contentUrl":"https:\/\/www.budokampsport.se\/wp-content\/uploads\/2022\/02\/elitsamling.jpg","width":1200,"height":800,"caption":"Tr\u00e4ff under elitidrottsprogrammet. Foto: Magnus Ledin."},{"@type":"BreadcrumbList","@id":"https:\/\/www.budokampsport.se\/2022\/02\/09\/30-aktiva-uttagna-till-elit-utveckling\/#breadcrumb","itemListElement":[{"@type":"ListItem","position":1,"name":"Hem","item":"https:\/\/www.budokampsport.se\/"},{"@type":"ListItem","position":2,"name":"30 aktiva uttagna till Elit &#038; Utveckling"}]},{"@type":"WebSite","@id":"https:\/\/www.budokampsport.se\/#website","url":"https:\/\/www.budokampsport.se\/","name":"Svenska Budo &amp; Kampsportsf\u00f6rbundet","description":"T\u00e4vling, Tr\u00e4ning, Tradition","potentialAction":[{"@type":"SearchAction","target":{"@type":"EntryPoint","urlTemplate":"https:\/\/www.budokampsport.se\/?s={search_term_string}"},"query-input":{"@type":"PropertyValueSpecification","valueRequired":true,"valueName":"search_term_string"}}],"inLanguage":"sv-SE"},{"@type":"Person","@id":"https:\/\/www.budokampsport.se\/#\/schema\/person\/d80c0bc61f1787703168fc250ce69522","name":"Mats Lilja","image":{"@type":"ImageObject","inLanguage":"sv-SE","@id":"https:\/\/www.budokampsport.se\/#\/schema\/person\/image\/","url":"https:\/\/secure.gravatar.com\/avatar\/607f84918e96abe1ebbd8611782fa57d?s=96&d=blank&r=g","contentUrl":"https:\/\/secure.gravatar.com\/avatar\/607f84918e96abe1ebbd8611782fa57d?s=96&d=blank&r=g","caption":"Mats Lilja"},"url":"https:\/\/www.budokampsport.se\/author\/mats-lilja\/"}]}},"_links":{"self":[{"href":"https:\/\/www.budokampsport.se\/api\/wp\/v2\/posts\/135072","targetHints":{"allow":["GET"]}}],"collection":[{"href":"https:\/\/www.budokampsport.se\/api\/wp\/v2\/posts"}],"about":[{"href":"https:\/\/www.budokampsport.se\/api\/wp\/v2\/types\/post"}],"author":[{"embeddable":true,"href":"https:\/\/www.budokampsport.se\/api\/wp\/v2\/users\/914"}],"replies":[{"embeddable":true,"href":"https:\/\/www.budokampsport.se\/api\/wp\/v2\/comments?post=135072"}],"version-history":[{"count":0,"href":"https:\/\/www.budokampsport.se\/api\/wp\/v2\/posts\/135072\/revisions"}],"wp:featuredmedia":[{"embeddable":true,"href":"https:\/\/www.budokampsport.se\/api\/wp\/v2\/media\/135190"}],"wp:attachment":[{"href":"https:\/\/www.budokampsport.se\/api\/wp\/v2\/media?parent=135072"}],"wp:term":[{"taxonomy":"category","embeddable":true,"href":"https:\/\/www.budokampsport.se\/api\/wp\/v2\/categories?post=135072"},{"taxonomy":"post_tag","embeddable":true,"href":"https:\/\/www.budokampsport.se\/api\/wp\/v2\/tags?post=135072"}],"curies":[{"name":"wp","href":"https:\/\/api.w.org\/{rel}","templated":true}]}}