{"id":135080,"date":"2022-02-09T14:04:31","date_gmt":"2022-02-09T13:04:31","guid":{"rendered":"https:\/\/www.budokampsport.se\/?p=135080"},"modified":"2022-09-01T15:10:30","modified_gmt":"2022-09-01T13:10:30","slug":"elit-utveckling-hela-listan","status":"publish","type":"post","link":"https:\/\/www.budokampsport.se\/2022\/02\/09\/elit-utveckling-hela-listan\/","title":{"rendered":"Elit &#038; Utveckling: hela listan"},"content":{"rendered":"<p>Som vi ber\u00e4ttat i en <a href=\"https:\/\/www.budokampsport.se\/2022\/02\/09\/30-aktiva-uttagna-till-elit-utveckling\/\" target=\"_blank\" rel=\"noopener\">separat artikel<\/a> har nu urvalet gjorts till Svenska Budo &amp; Kampsportsf\u00f6rbundets nya elitidrottssatsning Elit &amp; Utveckling 2022\u20132023.<\/p>\n<p>16 aktiva och tr\u00e4nare \u00e4r klara f\u00f6r elitgruppen och 14 aktiva och tr\u00e4nare \u00e4r klara f\u00f6r utvecklingsgruppen. Flera av namnen bland de aktiva k\u00e4nns igen fr\u00e5n det f\u00f6reg\u00e5ende projektet <a href=\"https:\/\/www.budokampsport.se\/2021\/06\/23\/forsta-fysiska-landslagsstod-x-lagret-pa-nastan-ett-ar\/\" target=\"_blank\" rel=\"noopener\">Landslagsst\u00f6d X<\/a>.<\/p>\n<p>Flest aktiva totalt har fullkontaktskarate (sju ut\u00f6vare) och taido (fem ut\u00f6vare).<\/p>\n<h3><strong>Elitgruppen 2022\u20132023<\/strong><\/h3>\n<table style=\"border-collapse: collapse; width: 100%; height: 792px;\">\n<tbody>\n<tr style=\"height: 24px;\">\n<td style=\"width: 50%; height: 24px;\"><strong><img loading=\"lazy\" decoding=\"async\" class=\"alignnone size-full wp-image-122883\" src=\"https:\/\/www.budokampsport.se\/wp-content\/uploads\/2020\/11\/sweden-flag-icon-16.png\" alt=\"Sveriges flagga\" width=\"16\" height=\"10\" \/>\u00a0Amando Morino<\/strong><\/td>\n<td style=\"width: 50%; height: 24px;\"><strong>Fullkontaktskarate<\/strong><\/td>\n<\/tr>\n<tr style=\"height: 24px;\">\n<td style=\"width: 100%; height: 24px;\" colspan=\"2\">Tr\u00e4nare: Ronny Gerdin<\/td>\n<\/tr>\n<tr style=\"height: 24px;\">\n<td style=\"width: 50%; height: 24px;\"><strong><img loading=\"lazy\" decoding=\"async\" class=\"alignnone size-full wp-image-122883\" src=\"https:\/\/www.budokampsport.se\/wp-content\/uploads\/2020\/11\/sweden-flag-icon-16.png\" alt=\"Sveriges flagga\" width=\"16\" height=\"10\" \/>\u00a0Mette-Marie Nielsen<\/strong><\/td>\n<td style=\"width: 50%; height: 24px;\"><strong>Fullkontaktskarate<\/strong><\/td>\n<\/tr>\n<tr style=\"height: 24px;\">\n<td style=\"width: 100%; height: 24px;\" colspan=\"2\">(Tr\u00e4nare fr\u00e5n landslagsledning)<\/td>\n<\/tr>\n<tr style=\"height: 24px;\">\n<td style=\"width: 50%; height: 24px;\"><strong><img loading=\"lazy\" decoding=\"async\" class=\"alignnone size-full wp-image-122883\" src=\"https:\/\/www.budokampsport.se\/wp-content\/uploads\/2020\/11\/sweden-flag-icon-16.png\" alt=\"Sveriges flagga\" width=\"16\" height=\"10\" \/>\u00a0Sanne Larsson<\/strong><\/td>\n<td style=\"width: 50%; height: 24px;\"><strong>Fullkontaktskarate<\/strong><\/td>\n<\/tr>\n<tr style=\"height: 24px;\">\n<td style=\"width: 100%; height: 24px;\" colspan=\"2\">Tr\u00e4nare: Simon Eriksson<\/td>\n<\/tr>\n<tr style=\"height: 24px;\">\n<td style=\"width: 50%; height: 24px;\"><strong><img loading=\"lazy\" decoding=\"async\" class=\"alignnone size-full wp-image-122883\" src=\"https:\/\/www.budokampsport.se\/wp-content\/uploads\/2020\/11\/sweden-flag-icon-16.png\" alt=\"Sveriges flagga\" width=\"16\" height=\"10\" \/> Elvira Ballay<\/strong><\/td>\n<td style=\"width: 50%; height: 24px;\"><strong>Fullkontaktskarate<\/strong><\/td>\n<\/tr>\n<tr style=\"height: 24px;\">\n<td style=\"width: 100%; height: 24px;\" colspan=\"2\">Tr\u00e4nare: Niklas Ballay<\/td>\n<\/tr>\n<tr style=\"height: 24px;\">\n<td style=\"width: 50%; height: 24px;\"><strong><img loading=\"lazy\" decoding=\"async\" class=\"alignnone size-full wp-image-122883\" src=\"https:\/\/www.budokampsport.se\/wp-content\/uploads\/2020\/11\/sweden-flag-icon-16.png\" alt=\"Sveriges flagga\" width=\"16\" height=\"10\" \/> Ki Pasanen<\/strong><\/td>\n<td style=\"width: 50%; height: 24px;\"><strong>Fullkontaktskarate<\/strong><\/td>\n<\/tr>\n<tr style=\"height: 24px;\">\n<td style=\"height: 24px;\" colspan=\"2\">Tr\u00e4nare: Toni Pasanen<\/td>\n<\/tr>\n<tr style=\"height: 24px;\">\n<td style=\"width: 50%; height: 24px;\"><strong><img loading=\"lazy\" decoding=\"async\" class=\"alignnone size-full wp-image-122883\" src=\"https:\/\/www.budokampsport.se\/wp-content\/uploads\/2020\/11\/sweden-flag-icon-16.png\" alt=\"Sveriges flagga\" width=\"16\" height=\"10\" \/> Sofia Sj\u00f6str\u00f6m Bedziri<\/strong><\/td>\n<td style=\"width: 50%; height: 24px;\"><strong>Kickboxning K1<\/strong><\/td>\n<\/tr>\n<tr style=\"height: 24px;\">\n<td style=\"width: 50%; height: 24px;\" colspan=\"2\">Tr\u00e4nare: Martin Pettersson<strong><br \/>\n<\/strong><\/td>\n<\/tr>\n<tr style=\"height: 24px;\">\n<td style=\"width: 50%; height: 24px;\"><strong><img loading=\"lazy\" decoding=\"async\" class=\"alignnone size-full wp-image-122883\" src=\"https:\/\/www.budokampsport.se\/wp-content\/uploads\/2020\/11\/sweden-flag-icon-16.png\" alt=\"Sveriges flagga\" width=\"16\" height=\"10\" \/> Emma Lette<\/strong><\/td>\n<td style=\"width: 50%; height: 24px;\"><strong>Jujutsu<\/strong><\/td>\n<\/tr>\n<tr style=\"height: 24px;\">\n<td style=\"width: 50%; height: 24px;\" colspan=\"2\">Tr\u00e4nare: Joakim Vistam<strong><br \/>\n<\/strong><\/td>\n<\/tr>\n<tr style=\"height: 24px;\">\n<td style=\"width: 50%; height: 24px;\"><strong><img loading=\"lazy\" decoding=\"async\" class=\"alignnone size-full wp-image-122883\" src=\"https:\/\/www.budokampsport.se\/wp-content\/uploads\/2020\/11\/sweden-flag-icon-16.png\" alt=\"Sveriges flagga\" width=\"16\" height=\"10\" \/> Oskar Jaskari<\/strong><\/td>\n<td style=\"width: 50%; height: 24px;\"><strong>Jujutsu och MMA<\/strong><\/td>\n<\/tr>\n<tr style=\"height: 24px;\">\n<td style=\"width: 50%; height: 24px;\" colspan=\"2\">Tr\u00e4nare: Rob Haans<strong><br \/>\n<\/strong><\/td>\n<\/tr>\n<tr style=\"height: 24px;\">\n<td style=\"width: 50%; height: 24px;\"><strong><img loading=\"lazy\" decoding=\"async\" class=\"alignnone size-full wp-image-122883\" src=\"https:\/\/www.budokampsport.se\/wp-content\/uploads\/2020\/11\/sweden-flag-icon-16.png\" alt=\"Sveriges flagga\" width=\"16\" height=\"10\" \/> Emelie Roos<\/strong><\/td>\n<td style=\"width: 50%; height: 24px;\"><strong>Taido<\/strong><\/td>\n<\/tr>\n<tr style=\"height: 24px;\">\n<td style=\"width: 50%; height: 24px;\" colspan=\"2\">Tr\u00e4nare: Hannes Kannisto<strong><br \/>\n<\/strong><\/td>\n<\/tr>\n<tr style=\"height: 24px;\">\n<td style=\"width: 50%; height: 24px;\"><strong><img loading=\"lazy\" decoding=\"async\" class=\"alignnone size-full wp-image-122883\" src=\"https:\/\/www.budokampsport.se\/wp-content\/uploads\/2020\/11\/sweden-flag-icon-16.png\" alt=\"Sveriges flagga\" width=\"16\" height=\"10\" \/> Oskar Sj\u00f6berg<\/strong><\/td>\n<td style=\"width: 50%; height: 24px;\"><strong>Taido<\/strong><\/td>\n<\/tr>\n<tr style=\"height: 24px;\">\n<td style=\"width: 50%; height: 24px;\" colspan=\"2\">Tr\u00e4nare: Bj\u00f6rn Sj\u00f6berg<strong><br \/>\n<\/strong><\/td>\n<\/tr>\n<tr style=\"height: 24px;\">\n<td style=\"width: 50%; height: 24px;\"><strong><img loading=\"lazy\" decoding=\"async\" class=\"alignnone size-full wp-image-122883\" src=\"https:\/\/www.budokampsport.se\/wp-content\/uploads\/2020\/11\/sweden-flag-icon-16.png\" alt=\"Sveriges flagga\" width=\"16\" height=\"10\" \/> Rickard Dahl<\/strong><\/td>\n<td style=\"width: 50%; height: 24px;\"><strong>Taido<\/strong><\/td>\n<\/tr>\n<tr style=\"height: 24px;\">\n<td style=\"width: 50%; height: 24px;\" colspan=\"2\">Tr\u00e4nare: Stefan Nilsson<strong><br \/>\n<\/strong><\/td>\n<\/tr>\n<tr style=\"height: 24px;\">\n<td style=\"width: 50%; height: 24px;\"><strong><img loading=\"lazy\" decoding=\"async\" class=\"alignnone size-full wp-image-122883\" src=\"https:\/\/www.budokampsport.se\/wp-content\/uploads\/2020\/11\/sweden-flag-icon-16.png\" alt=\"Sveriges flagga\" width=\"16\" height=\"10\" \/> Styrbj\u00f6rn Strandell<\/strong><\/td>\n<td style=\"width: 50%; height: 24px;\"><strong>Kendo<\/strong><\/td>\n<\/tr>\n<tr style=\"height: 24px;\">\n<td style=\"width: 50%; height: 24px;\" colspan=\"2\">Tr\u00e4nare: Nils Bj\u00f6rkeg\u00e5rd<strong><br \/>\n<\/strong><\/td>\n<\/tr>\n<tr style=\"height: 24px;\">\n<td style=\"width: 50%; height: 24px;\"><strong><img loading=\"lazy\" decoding=\"async\" class=\"alignnone size-full wp-image-122883\" src=\"https:\/\/www.budokampsport.se\/wp-content\/uploads\/2020\/11\/sweden-flag-icon-16.png\" alt=\"Sveriges flagga\" width=\"16\" height=\"10\" \/> Markus Arfert<\/strong><\/td>\n<td style=\"width: 50%; height: 24px;\"><strong>Kendo<\/strong><\/td>\n<\/tr>\n<tr style=\"height: 24px;\">\n<td style=\"width: 50%; height: 24px;\" colspan=\"2\">Tr\u00e4nare: Nils Bj\u00f6rkeg\u00e5rd<strong><br \/>\n<\/strong><\/td>\n<\/tr>\n<tr style=\"height: 24px;\">\n<td style=\"width: 50%; height: 24px;\"><strong><img loading=\"lazy\" decoding=\"async\" class=\"alignnone size-full wp-image-122883\" src=\"https:\/\/www.budokampsport.se\/wp-content\/uploads\/2020\/11\/sweden-flag-icon-16.png\" alt=\"Sveriges flagga\" width=\"16\" height=\"10\" \/> Patricia Axling<\/strong><\/td>\n<td style=\"width: 50%; height: 24px;\"><strong>Muaythai<\/strong><\/td>\n<\/tr>\n<tr style=\"height: 24px;\">\n<td style=\"width: 50%; height: 24px;\" colspan=\"2\">Tr\u00e4nare: Hans Edstr\u00f6m<strong><br \/>\n<\/strong><\/td>\n<\/tr>\n<tr style=\"height: 24px;\">\n<td style=\"width: 50%; height: 24px;\"><strong><img loading=\"lazy\" decoding=\"async\" class=\"alignnone size-full wp-image-122883\" src=\"https:\/\/www.budokampsport.se\/wp-content\/uploads\/2020\/11\/sweden-flag-icon-16.png\" alt=\"Sveriges flagga\" width=\"16\" height=\"10\" \/> Anton Wall<\/strong><\/td>\n<td style=\"width: 50%; height: 24px;\"><strong>Muaythai<\/strong><\/td>\n<\/tr>\n<tr style=\"height: 24px;\">\n<td style=\"width: 50%; height: 24px;\" colspan=\"2\">Tr\u00e4nare: Rene Bo Costa<strong><br \/>\n<\/strong><\/td>\n<\/tr>\n<tr style=\"height: 24px;\">\n<td style=\"width: 50%; height: 24px;\"><strong><img loading=\"lazy\" decoding=\"async\" class=\"alignnone size-full wp-image-122883\" src=\"https:\/\/www.budokampsport.se\/wp-content\/uploads\/2020\/11\/sweden-flag-icon-16.png\" alt=\"Sveriges flagga\" width=\"16\" height=\"10\" \/> Sophia Judkins<\/strong><\/td>\n<td style=\"width: 50%; height: 24px;\"><strong>Naginata<\/strong><\/td>\n<\/tr>\n<tr style=\"height: 24px;\">\n<td style=\"height: 24px;\" colspan=\"2\">Tr\u00e4nare: Kirsi H\u00f6glund<\/td>\n<\/tr>\n<\/tbody>\n<\/table>\n<p>&nbsp;<\/p>\n<h3><strong>Utvecklingsgruppen 2022\u20132023<\/strong><\/h3>\n<table style=\"border-collapse: collapse; width: 100%; height: 672px;\">\n<tbody>\n<tr style=\"height: 24px;\">\n<td style=\"width: 50%; height: 24px;\"><strong><img loading=\"lazy\" decoding=\"async\" class=\"alignnone size-full wp-image-122883\" src=\"https:\/\/www.budokampsport.se\/wp-content\/uploads\/2020\/11\/sweden-flag-icon-16.png\" alt=\"Sveriges flagga\" width=\"16\" height=\"10\" \/> Hampus Hansson<\/strong><\/td>\n<td style=\"width: 50%; height: 24px;\"><strong>Fullkontaktskarate<\/strong><\/td>\n<\/tr>\n<tr style=\"height: 24px;\">\n<td style=\"width: 100%; height: 24px;\" colspan=\"2\">Tr\u00e4nare: Niklas Ballay<\/td>\n<\/tr>\n<tr style=\"height: 24px;\">\n<td style=\"width: 50%; height: 24px;\"><strong><img loading=\"lazy\" decoding=\"async\" class=\"alignnone size-full wp-image-122883\" src=\"https:\/\/www.budokampsport.se\/wp-content\/uploads\/2020\/11\/sweden-flag-icon-16.png\" alt=\"Sveriges flagga\" width=\"16\" height=\"10\" \/> Bernhard Souter<\/strong><\/td>\n<td style=\"width: 50%; height: 24px;\"><strong>Fullkontaktskarate<\/strong><\/td>\n<\/tr>\n<tr style=\"height: 24px;\">\n<td style=\"width: 100%; height: 24px;\" colspan=\"2\">Tr\u00e4nare: Kenneth Karlsson<\/td>\n<\/tr>\n<tr style=\"height: 24px;\">\n<td style=\"width: 50%; height: 24px;\"><strong><img loading=\"lazy\" decoding=\"async\" class=\"alignnone size-full wp-image-122883\" src=\"https:\/\/www.budokampsport.se\/wp-content\/uploads\/2020\/11\/sweden-flag-icon-16.png\" alt=\"Sveriges flagga\" width=\"16\" height=\"10\" \/> Younes Ouhkti<\/strong><\/td>\n<td style=\"width: 50%; height: 24px;\"><strong>Wushu Sanda<\/strong><\/td>\n<\/tr>\n<tr style=\"height: 24px;\">\n<td style=\"width: 100%; height: 24px;\" colspan=\"2\">Tr\u00e4nare: Luciano Macri<\/td>\n<\/tr>\n<tr style=\"height: 24px;\">\n<td style=\"width: 50%; height: 24px;\"><strong><img loading=\"lazy\" decoding=\"async\" class=\"alignnone size-full wp-image-122883\" src=\"https:\/\/www.budokampsport.se\/wp-content\/uploads\/2020\/11\/sweden-flag-icon-16.png\" alt=\"Sveriges flagga\" width=\"16\" height=\"10\" \/> Paolo Pasquariello<\/strong><\/td>\n<td style=\"width: 50%; height: 24px;\"><strong>Wushu Sanda<\/strong><\/td>\n<\/tr>\n<tr style=\"height: 24px;\">\n<td style=\"width: 100%; height: 24px;\" colspan=\"2\">Tr\u00e4nare: Luciano Macri<\/td>\n<\/tr>\n<tr style=\"height: 24px;\">\n<td style=\"width: 50%; height: 24px;\"><strong><img loading=\"lazy\" decoding=\"async\" class=\"alignnone size-full wp-image-122883\" src=\"https:\/\/www.budokampsport.se\/wp-content\/uploads\/2020\/11\/sweden-flag-icon-16.png\" alt=\"Sveriges flagga\" width=\"16\" height=\"10\" \/> Astrid Sch\u00f6lin<\/strong><\/td>\n<td style=\"width: 50%; height: 24px;\"><strong>Brasiliansk jiu-jitsu<\/strong><\/td>\n<\/tr>\n<tr style=\"height: 24px;\">\n<td style=\"height: 24px; width: 100%;\" colspan=\"2\">Tr\u00e4nare: Elina Moestam<\/td>\n<\/tr>\n<tr style=\"height: 24px;\">\n<td style=\"width: 50%; height: 24px;\"><strong><img loading=\"lazy\" decoding=\"async\" class=\"alignnone size-full wp-image-122883\" src=\"https:\/\/www.budokampsport.se\/wp-content\/uploads\/2020\/11\/sweden-flag-icon-16.png\" alt=\"Sveriges flagga\" width=\"16\" height=\"10\" \/> Karl Pegers<\/strong><\/td>\n<td style=\"width: 50%; height: 24px;\"><strong>Brasiliansk jiu-jitsu<\/strong><\/td>\n<\/tr>\n<tr style=\"height: 24px;\">\n<td style=\"width: 100%; height: 24px;\" colspan=\"2\">Tr\u00e4nare: Max Lindblad<strong><br \/>\n<\/strong><\/td>\n<\/tr>\n<tr style=\"height: 24px;\">\n<td style=\"width: 50%; height: 24px;\"><strong><img loading=\"lazy\" decoding=\"async\" class=\"alignnone size-full wp-image-122883\" src=\"https:\/\/www.budokampsport.se\/wp-content\/uploads\/2020\/11\/sweden-flag-icon-16.png\" alt=\"Sveriges flagga\" width=\"16\" height=\"10\" \/> Freja Lannefors<\/strong><\/td>\n<td style=\"width: 50%; height: 24px;\"><strong>Brasiliansk jiu-jitsu<\/strong><\/td>\n<\/tr>\n<tr>\n<td style=\"width: 100%;\" colspan=\"2\">Tr\u00e4nare: Jesper Zels<strong><br \/>\n<\/strong><\/td>\n<\/tr>\n<tr style=\"height: 24px;\">\n<td style=\"width: 50%; height: 24px;\"><strong><img loading=\"lazy\" decoding=\"async\" class=\"alignnone size-full wp-image-122883\" src=\"https:\/\/www.budokampsport.se\/wp-content\/uploads\/2020\/11\/sweden-flag-icon-16.png\" alt=\"Sveriges flagga\" width=\"16\" height=\"10\" \/> Daniella Eshagi<\/strong><\/td>\n<td style=\"width: 50%; height: 24px;\"><strong>Kickboxning<\/strong><\/td>\n<\/tr>\n<tr style=\"height: 24px;\">\n<td style=\"width: 100%; height: 24px;\" colspan=\"2\">Tr\u00e4nare: Johan Risberg<strong><br \/>\n<\/strong><\/td>\n<\/tr>\n<tr style=\"height: 24px;\">\n<td style=\"width: 50%; height: 24px;\"><strong><img loading=\"lazy\" decoding=\"async\" class=\"alignnone size-full wp-image-122883\" src=\"https:\/\/www.budokampsport.se\/wp-content\/uploads\/2020\/11\/sweden-flag-icon-16.png\" alt=\"Sveriges flagga\" width=\"16\" height=\"10\" \/> Ahmad Almustafa<\/strong><\/td>\n<td style=\"width: 50%; height: 24px;\"><strong>Kickboxning<\/strong><\/td>\n<\/tr>\n<tr style=\"height: 24px;\">\n<td style=\"width: 100%; height: 24px;\" colspan=\"2\">Tr\u00e4nare: Ola S\u00f6derlin<strong><br \/>\n<\/strong><\/td>\n<\/tr>\n<tr style=\"height: 24px;\">\n<td style=\"width: 50%; height: 24px;\"><strong><img loading=\"lazy\" decoding=\"async\" class=\"alignnone size-full wp-image-122883\" src=\"https:\/\/www.budokampsport.se\/wp-content\/uploads\/2020\/11\/sweden-flag-icon-16.png\" alt=\"Sveriges flagga\" width=\"16\" height=\"10\" \/> Moa Celander<\/strong><\/td>\n<td style=\"width: 50%; height: 24px;\"><strong>Taido<\/strong><\/td>\n<\/tr>\n<tr style=\"height: 24px;\">\n<td style=\"width: 100%; height: 24px;\" colspan=\"2\">Tr\u00e4nare: Bj\u00f6rn Sj\u00f6berg<strong><br \/>\n<\/strong><\/td>\n<\/tr>\n<tr style=\"height: 24px;\">\n<td style=\"width: 50%; height: 24px;\"><strong><img loading=\"lazy\" decoding=\"async\" class=\"alignnone size-full wp-image-122883\" src=\"https:\/\/www.budokampsport.se\/wp-content\/uploads\/2020\/11\/sweden-flag-icon-16.png\" alt=\"Sveriges flagga\" width=\"16\" height=\"10\" \/> Wilma Samuelsson<\/strong><\/td>\n<td style=\"width: 50%; height: 24px;\"><strong>Taido<\/strong><\/td>\n<\/tr>\n<tr style=\"height: 24px;\">\n<td style=\"width: 100%; height: 24px;\" colspan=\"2\">Tr\u00e4nare: Stefan Nilsson<strong><br \/>\n<\/strong><\/td>\n<\/tr>\n<tr>\n<td style=\"width: 50%;\"><strong><img loading=\"lazy\" decoding=\"async\" class=\"alignnone size-full wp-image-122883\" src=\"https:\/\/www.budokampsport.se\/wp-content\/uploads\/2020\/11\/sweden-flag-icon-16.png\" alt=\"Sveriges flagga\" width=\"16\" height=\"10\" \/> Jonatan Dagn\u00e5<\/strong><\/td>\n<td style=\"width: 50%;\"><strong>Jujutsu<\/strong><\/td>\n<\/tr>\n<tr>\n<td style=\"width: 50%;\" colspan=\"2\">Tr\u00e4nare: Joakim Vistam<strong><br \/>\n<\/strong><\/td>\n<\/tr>\n<tr style=\"height: 24px;\">\n<td style=\"width: 50%; height: 24px;\"><strong><img loading=\"lazy\" decoding=\"async\" class=\"alignnone size-full wp-image-122883\" src=\"https:\/\/www.budokampsport.se\/wp-content\/uploads\/2020\/11\/sweden-flag-icon-16.png\" alt=\"Sveriges flagga\" width=\"16\" height=\"10\" \/> Rasmus Eriksson<\/strong><\/td>\n<td style=\"width: 50%; height: 24px;\"><strong>Muaythai<\/strong><\/td>\n<\/tr>\n<tr style=\"height: 24px;\">\n<td style=\"width: 100%; height: 24px;\" colspan=\"2\">Tr\u00e4nare: Hans Edstr\u00f6m<strong><br \/>\n<\/strong><\/td>\n<\/tr>\n<tr style=\"height: 24px;\">\n<td style=\"width: 50%; height: 24px;\"><strong><img loading=\"lazy\" decoding=\"async\" class=\"alignnone size-full wp-image-122883\" src=\"https:\/\/www.budokampsport.se\/wp-content\/uploads\/2020\/11\/sweden-flag-icon-16.png\" alt=\"Sveriges flagga\" width=\"16\" height=\"10\" \/> Philippa Odenbring<\/strong><\/td>\n<td style=\"width: 50%; height: 24px;\"><strong>Naginata<\/strong><\/td>\n<\/tr>\n<tr style=\"height: 24px;\">\n<td style=\"width: 100%; height: 24px;\" colspan=\"2\">Tr\u00e4nare: Sophia Judkins<strong><br \/>\n<\/strong><\/td>\n<\/tr>\n<\/tbody>\n<\/table>\n<p><em>Listan \u00e4r uppdaterad 2022-09-02.<\/em><\/p>\n<p>Text: Mats Lilja<\/p>\n<p><em>P\u00e5 bilden ses Markus Arfert (kendo) och Mette-Marie Nielsen (fullkontaktskarate) p\u00e5 en <a href=\"https:\/\/www.budokampsport.se\/2021\/06\/23\/forsta-fysiska-landslagsstod-x-lagret-pa-nastan-ett-ar\/\" target=\"_blank\" rel=\"noopener\">tidigare samling<\/a> inom Landslagsst\u00f6d X. De \u00e4r ocks\u00e5\u00a0tv\u00e5 av de aktiva som finns med \u00e4ven i f\u00f6rbundets nya elitprojekt.<\/em><\/p>\n","protected":false},"excerpt":{"rendered":"<p>E&#038;U. H\u00e4r \u00e4r namnen p\u00e5 de aktiva och tr\u00e4nare som \u00e4r uttagna till Svenska Budo &#038; Kampsportsf\u00f6rbundets nya elitidrottsprojekt.<br \/><br>(Arkivfoto: Sanne Larsson)<\/p><br>","protected":false},"author":914,"featured_media":126296,"comment_status":"open","ping_status":"open","sticky":false,"template":"","format":"standard","meta":{"_acf_changed":false,"footnotes":""},"categories":[1],"tags":[],"class_list":["post-135080","post","type-post","status-publish","format-standard","has-post-thumbnail","hentry","category-okategoriserade"],"acf":[],"yoast_head":"<!-- This site is optimized with the Yoast SEO plugin v26.8 - https:\/\/yoast.com\/product\/yoast-seo-wordpress\/ -->\n<title>Elit &amp; Utveckling: hela listan - Svenska Budo &amp; Kampsportsf\u00f6rbundet<\/title>\n<meta name=\"description\" content=\"E&amp;U. H\u00e4r \u00e4r namnen p\u00e5 de aktiva och tr\u00e4nare som \u00e4r uttagna till Svenska Budo &amp; Kampsportsf\u00f6rbundets nya elitidrottsprojekt. (Arkivfoto: Sanne Larsson)\" \/>\n<meta name=\"robots\" content=\"index, follow, max-snippet:-1, max-image-preview:large, max-video-preview:-1\" \/>\n<link rel=\"canonical\" href=\"https:\/\/www.budokampsport.se\/2022\/02\/09\/elit-utveckling-hela-listan\/\" \/>\n<meta property=\"og:locale\" content=\"sv_SE\" \/>\n<meta property=\"og:type\" content=\"article\" \/>\n<meta property=\"og:title\" content=\"Elit &amp; Utveckling: hela listan - Svenska Budo &amp; Kampsportsf\u00f6rbundet\" \/>\n<meta property=\"og:description\" content=\"E&amp;U. H\u00e4r \u00e4r namnen p\u00e5 de aktiva och tr\u00e4nare som \u00e4r uttagna till Svenska Budo &amp; Kampsportsf\u00f6rbundets nya elitidrottsprojekt. (Arkivfoto: Sanne Larsson)\" \/>\n<meta property=\"og:url\" content=\"https:\/\/www.budokampsport.se\/2022\/02\/09\/elit-utveckling-hela-listan\/\" \/>\n<meta property=\"og:site_name\" content=\"Svenska Budo &amp; Kampsportsf\u00f6rbundet\" \/>\n<meta property=\"article:published_time\" content=\"2022-02-09T13:04:31+00:00\" \/>\n<meta property=\"article:modified_time\" content=\"2022-09-01T13:10:30+00:00\" \/>\n<meta property=\"og:image\" content=\"https:\/\/www.budokampsport.se\/wp-content\/uploads\/2021\/06\/mettemarkus-847px.jpg\" \/>\n\t<meta property=\"og:image:width\" content=\"847\" \/>\n\t<meta property=\"og:image:height\" content=\"581\" \/>\n\t<meta property=\"og:image:type\" content=\"image\/jpeg\" \/>\n<meta name=\"author\" content=\"Mats Lilja\" \/>\n<meta name=\"twitter:card\" content=\"summary_large_image\" \/>\n<meta name=\"twitter:label1\" content=\"Skriven av\" \/>\n\t<meta name=\"twitter:data1\" content=\"Mats Lilja\" \/>\n\t<meta name=\"twitter:label2\" content=\"Ber\u00e4knad l\u00e4stid\" \/>\n\t<meta name=\"twitter:data2\" content=\"2 minuter\" \/>\n<script type=\"application\/ld+json\" class=\"yoast-schema-graph\">{\"@context\":\"https:\/\/schema.org\",\"@graph\":[{\"@type\":\"Article\",\"@id\":\"https:\/\/www.budokampsport.se\/2022\/02\/09\/elit-utveckling-hela-listan\/#article\",\"isPartOf\":{\"@id\":\"https:\/\/www.budokampsport.se\/2022\/02\/09\/elit-utveckling-hela-listan\/\"},\"author\":{\"name\":\"Mats Lilja\",\"@id\":\"https:\/\/www.budokampsport.se\/#\/schema\/person\/d80c0bc61f1787703168fc250ce69522\"},\"headline\":\"Elit &#038; Utveckling: hela listan\",\"datePublished\":\"2022-02-09T13:04:31+00:00\",\"dateModified\":\"2022-09-01T13:10:30+00:00\",\"mainEntityOfPage\":{\"@id\":\"https:\/\/www.budokampsport.se\/2022\/02\/09\/elit-utveckling-hela-listan\/\"},\"wordCount\":361,\"commentCount\":1,\"image\":{\"@id\":\"https:\/\/www.budokampsport.se\/2022\/02\/09\/elit-utveckling-hela-listan\/#primaryimage\"},\"thumbnailUrl\":\"https:\/\/www.budokampsport.se\/wp-content\/uploads\/2021\/06\/mettemarkus-847px.jpg\",\"inLanguage\":\"sv-SE\",\"potentialAction\":[{\"@type\":\"CommentAction\",\"name\":\"Comment\",\"target\":[\"https:\/\/www.budokampsport.se\/2022\/02\/09\/elit-utveckling-hela-listan\/#respond\"]}]},{\"@type\":\"WebPage\",\"@id\":\"https:\/\/www.budokampsport.se\/2022\/02\/09\/elit-utveckling-hela-listan\/\",\"url\":\"https:\/\/www.budokampsport.se\/2022\/02\/09\/elit-utveckling-hela-listan\/\",\"name\":\"Elit & Utveckling: hela listan - Svenska Budo &amp; Kampsportsf\u00f6rbundet\",\"isPartOf\":{\"@id\":\"https:\/\/www.budokampsport.se\/#website\"},\"primaryImageOfPage\":{\"@id\":\"https:\/\/www.budokampsport.se\/2022\/02\/09\/elit-utveckling-hela-listan\/#primaryimage\"},\"image\":{\"@id\":\"https:\/\/www.budokampsport.se\/2022\/02\/09\/elit-utveckling-hela-listan\/#primaryimage\"},\"thumbnailUrl\":\"https:\/\/www.budokampsport.se\/wp-content\/uploads\/2021\/06\/mettemarkus-847px.jpg\",\"datePublished\":\"2022-02-09T13:04:31+00:00\",\"dateModified\":\"2022-09-01T13:10:30+00:00\",\"author\":{\"@id\":\"https:\/\/www.budokampsport.se\/#\/schema\/person\/d80c0bc61f1787703168fc250ce69522\"},\"description\":\"E&U. H\u00e4r \u00e4r namnen p\u00e5 de aktiva och tr\u00e4nare som \u00e4r uttagna till Svenska Budo & Kampsportsf\u00f6rbundets nya elitidrottsprojekt. (Arkivfoto: Sanne Larsson)\",\"breadcrumb\":{\"@id\":\"https:\/\/www.budokampsport.se\/2022\/02\/09\/elit-utveckling-hela-listan\/#breadcrumb\"},\"inLanguage\":\"sv-SE\",\"potentialAction\":[{\"@type\":\"ReadAction\",\"target\":[\"https:\/\/www.budokampsport.se\/2022\/02\/09\/elit-utveckling-hela-listan\/\"]}]},{\"@type\":\"ImageObject\",\"inLanguage\":\"sv-SE\",\"@id\":\"https:\/\/www.budokampsport.se\/2022\/02\/09\/elit-utveckling-hela-listan\/#primaryimage\",\"url\":\"https:\/\/www.budokampsport.se\/wp-content\/uploads\/2021\/06\/mettemarkus-847px.jpg\",\"contentUrl\":\"https:\/\/www.budokampsport.se\/wp-content\/uploads\/2021\/06\/mettemarkus-847px.jpg\",\"width\":847,\"height\":581,\"caption\":\"Markus Arfert, kendo och Mette-Marie Nielsen, fullkontaktskarate. Vinnarna i dam- resp. herr-klass i fysprofilen. Foto: Sanne Larsson.\"},{\"@type\":\"BreadcrumbList\",\"@id\":\"https:\/\/www.budokampsport.se\/2022\/02\/09\/elit-utveckling-hela-listan\/#breadcrumb\",\"itemListElement\":[{\"@type\":\"ListItem\",\"position\":1,\"name\":\"Hem\",\"item\":\"https:\/\/www.budokampsport.se\/\"},{\"@type\":\"ListItem\",\"position\":2,\"name\":\"Elit &#038; Utveckling: hela listan\"}]},{\"@type\":\"WebSite\",\"@id\":\"https:\/\/www.budokampsport.se\/#website\",\"url\":\"https:\/\/www.budokampsport.se\/\",\"name\":\"Svenska Budo &amp; Kampsportsf\u00f6rbundet\",\"description\":\"T\u00e4vling, Tr\u00e4ning, Tradition\",\"potentialAction\":[{\"@type\":\"SearchAction\",\"target\":{\"@type\":\"EntryPoint\",\"urlTemplate\":\"https:\/\/www.budokampsport.se\/?s={search_term_string}\"},\"query-input\":{\"@type\":\"PropertyValueSpecification\",\"valueRequired\":true,\"valueName\":\"search_term_string\"}}],\"inLanguage\":\"sv-SE\"},{\"@type\":\"Person\",\"@id\":\"https:\/\/www.budokampsport.se\/#\/schema\/person\/d80c0bc61f1787703168fc250ce69522\",\"name\":\"Mats Lilja\",\"image\":{\"@type\":\"ImageObject\",\"inLanguage\":\"sv-SE\",\"@id\":\"https:\/\/www.budokampsport.se\/#\/schema\/person\/image\/\",\"url\":\"https:\/\/secure.gravatar.com\/avatar\/607f84918e96abe1ebbd8611782fa57d?s=96&d=blank&r=g\",\"contentUrl\":\"https:\/\/secure.gravatar.com\/avatar\/607f84918e96abe1ebbd8611782fa57d?s=96&d=blank&r=g\",\"caption\":\"Mats Lilja\"},\"url\":\"https:\/\/www.budokampsport.se\/author\/mats-lilja\/\"}]}<\/script>\n<!-- \/ Yoast SEO plugin. -->","yoast_head_json":{"title":"Elit & Utveckling: hela listan - Svenska Budo &amp; Kampsportsf\u00f6rbundet","description":"E&U. H\u00e4r \u00e4r namnen p\u00e5 de aktiva och tr\u00e4nare som \u00e4r uttagna till Svenska Budo & Kampsportsf\u00f6rbundets nya elitidrottsprojekt. (Arkivfoto: Sanne Larsson)","robots":{"index":"index","follow":"follow","max-snippet":"max-snippet:-1","max-image-preview":"max-image-preview:large","max-video-preview":"max-video-preview:-1"},"canonical":"https:\/\/www.budokampsport.se\/2022\/02\/09\/elit-utveckling-hela-listan\/","og_locale":"sv_SE","og_type":"article","og_title":"Elit & Utveckling: hela listan - Svenska Budo &amp; Kampsportsf\u00f6rbundet","og_description":"E&U. H\u00e4r \u00e4r namnen p\u00e5 de aktiva och tr\u00e4nare som \u00e4r uttagna till Svenska Budo & Kampsportsf\u00f6rbundets nya elitidrottsprojekt. (Arkivfoto: Sanne Larsson)","og_url":"https:\/\/www.budokampsport.se\/2022\/02\/09\/elit-utveckling-hela-listan\/","og_site_name":"Svenska Budo &amp; Kampsportsf\u00f6rbundet","article_published_time":"2022-02-09T13:04:31+00:00","article_modified_time":"2022-09-01T13:10:30+00:00","og_image":[{"width":847,"height":581,"url":"https:\/\/www.budokampsport.se\/wp-content\/uploads\/2021\/06\/mettemarkus-847px.jpg","type":"image\/jpeg"}],"author":"Mats Lilja","twitter_card":"summary_large_image","twitter_misc":{"Skriven av":"Mats Lilja","Ber\u00e4knad l\u00e4stid":"2 minuter"},"schema":{"@context":"https:\/\/schema.org","@graph":[{"@type":"Article","@id":"https:\/\/www.budokampsport.se\/2022\/02\/09\/elit-utveckling-hela-listan\/#article","isPartOf":{"@id":"https:\/\/www.budokampsport.se\/2022\/02\/09\/elit-utveckling-hela-listan\/"},"author":{"name":"Mats Lilja","@id":"https:\/\/www.budokampsport.se\/#\/schema\/person\/d80c0bc61f1787703168fc250ce69522"},"headline":"Elit &#038; Utveckling: hela listan","datePublished":"2022-02-09T13:04:31+00:00","dateModified":"2022-09-01T13:10:30+00:00","mainEntityOfPage":{"@id":"https:\/\/www.budokampsport.se\/2022\/02\/09\/elit-utveckling-hela-listan\/"},"wordCount":361,"commentCount":1,"image":{"@id":"https:\/\/www.budokampsport.se\/2022\/02\/09\/elit-utveckling-hela-listan\/#primaryimage"},"thumbnailUrl":"https:\/\/www.budokampsport.se\/wp-content\/uploads\/2021\/06\/mettemarkus-847px.jpg","inLanguage":"sv-SE","potentialAction":[{"@type":"CommentAction","name":"Comment","target":["https:\/\/www.budokampsport.se\/2022\/02\/09\/elit-utveckling-hela-listan\/#respond"]}]},{"@type":"WebPage","@id":"https:\/\/www.budokampsport.se\/2022\/02\/09\/elit-utveckling-hela-listan\/","url":"https:\/\/www.budokampsport.se\/2022\/02\/09\/elit-utveckling-hela-listan\/","name":"Elit & Utveckling: hela listan - Svenska Budo &amp; Kampsportsf\u00f6rbundet","isPartOf":{"@id":"https:\/\/www.budokampsport.se\/#website"},"primaryImageOfPage":{"@id":"https:\/\/www.budokampsport.se\/2022\/02\/09\/elit-utveckling-hela-listan\/#primaryimage"},"image":{"@id":"https:\/\/www.budokampsport.se\/2022\/02\/09\/elit-utveckling-hela-listan\/#primaryimage"},"thumbnailUrl":"https:\/\/www.budokampsport.se\/wp-content\/uploads\/2021\/06\/mettemarkus-847px.jpg","datePublished":"2022-02-09T13:04:31+00:00","dateModified":"2022-09-01T13:10:30+00:00","author":{"@id":"https:\/\/www.budokampsport.se\/#\/schema\/person\/d80c0bc61f1787703168fc250ce69522"},"description":"E&U. H\u00e4r \u00e4r namnen p\u00e5 de aktiva och tr\u00e4nare som \u00e4r uttagna till Svenska Budo & Kampsportsf\u00f6rbundets nya elitidrottsprojekt. (Arkivfoto: Sanne Larsson)","breadcrumb":{"@id":"https:\/\/www.budokampsport.se\/2022\/02\/09\/elit-utveckling-hela-listan\/#breadcrumb"},"inLanguage":"sv-SE","potentialAction":[{"@type":"ReadAction","target":["https:\/\/www.budokampsport.se\/2022\/02\/09\/elit-utveckling-hela-listan\/"]}]},{"@type":"ImageObject","inLanguage":"sv-SE","@id":"https:\/\/www.budokampsport.se\/2022\/02\/09\/elit-utveckling-hela-listan\/#primaryimage","url":"https:\/\/www.budokampsport.se\/wp-content\/uploads\/2021\/06\/mettemarkus-847px.jpg","contentUrl":"https:\/\/www.budokampsport.se\/wp-content\/uploads\/2021\/06\/mettemarkus-847px.jpg","width":847,"height":581,"caption":"Markus Arfert, kendo och Mette-Marie Nielsen, fullkontaktskarate. Vinnarna i dam- resp. herr-klass i fysprofilen. Foto: Sanne Larsson."},{"@type":"BreadcrumbList","@id":"https:\/\/www.budokampsport.se\/2022\/02\/09\/elit-utveckling-hela-listan\/#breadcrumb","itemListElement":[{"@type":"ListItem","position":1,"name":"Hem","item":"https:\/\/www.budokampsport.se\/"},{"@type":"ListItem","position":2,"name":"Elit &#038; Utveckling: hela listan"}]},{"@type":"WebSite","@id":"https:\/\/www.budokampsport.se\/#website","url":"https:\/\/www.budokampsport.se\/","name":"Svenska Budo &amp; Kampsportsf\u00f6rbundet","description":"T\u00e4vling, Tr\u00e4ning, Tradition","potentialAction":[{"@type":"SearchAction","target":{"@type":"EntryPoint","urlTemplate":"https:\/\/www.budokampsport.se\/?s={search_term_string}"},"query-input":{"@type":"PropertyValueSpecification","valueRequired":true,"valueName":"search_term_string"}}],"inLanguage":"sv-SE"},{"@type":"Person","@id":"https:\/\/www.budokampsport.se\/#\/schema\/person\/d80c0bc61f1787703168fc250ce69522","name":"Mats Lilja","image":{"@type":"ImageObject","inLanguage":"sv-SE","@id":"https:\/\/www.budokampsport.se\/#\/schema\/person\/image\/","url":"https:\/\/secure.gravatar.com\/avatar\/607f84918e96abe1ebbd8611782fa57d?s=96&d=blank&r=g","contentUrl":"https:\/\/secure.gravatar.com\/avatar\/607f84918e96abe1ebbd8611782fa57d?s=96&d=blank&r=g","caption":"Mats Lilja"},"url":"https:\/\/www.budokampsport.se\/author\/mats-lilja\/"}]}},"_links":{"self":[{"href":"https:\/\/www.budokampsport.se\/api\/wp\/v2\/posts\/135080","targetHints":{"allow":["GET"]}}],"collection":[{"href":"https:\/\/www.budokampsport.se\/api\/wp\/v2\/posts"}],"about":[{"href":"https:\/\/www.budokampsport.se\/api\/wp\/v2\/types\/post"}],"author":[{"embeddable":true,"href":"https:\/\/www.budokampsport.se\/api\/wp\/v2\/users\/914"}],"replies":[{"embeddable":true,"href":"https:\/\/www.budokampsport.se\/api\/wp\/v2\/comments?post=135080"}],"version-history":[{"count":0,"href":"https:\/\/www.budokampsport.se\/api\/wp\/v2\/posts\/135080\/revisions"}],"wp:featuredmedia":[{"embeddable":true,"href":"https:\/\/www.budokampsport.se\/api\/wp\/v2\/media\/126296"}],"wp:attachment":[{"href":"https:\/\/www.budokampsport.se\/api\/wp\/v2\/media?parent=135080"}],"wp:term":[{"taxonomy":"category","embeddable":true,"href":"https:\/\/www.budokampsport.se\/api\/wp\/v2\/categories?post=135080"},{"taxonomy":"post_tag","embeddable":true,"href":"https:\/\/www.budokampsport.se\/api\/wp\/v2\/tags?post=135080"}],"curies":[{"name":"wp","href":"https:\/\/api.w.org\/{rel}","templated":true}]}}