{"id":135141,"date":"2022-02-14T11:02:20","date_gmt":"2022-02-14T10:02:20","guid":{"rendered":"https:\/\/www.budokampsport.se\/?p=135141"},"modified":"2022-02-14T11:03:40","modified_gmt":"2022-02-14T10:03:40","slug":"preliminar-rostlangd-infor-sbks-arsmote-2022","status":"publish","type":"post","link":"https:\/\/www.budokampsport.se\/2022\/02\/14\/preliminar-rostlangd-infor-sbks-arsmote-2022\/","title":{"rendered":"Prelimin\u00e4r r\u00f6stl\u00e4ngd inf\u00f6r SB&#038;K:s \u00e5rsm\u00f6te 2022"},"content":{"rendered":"<p><strong>R\u00f6stl\u00e4ngd<\/strong><br \/>\nAnger antalet r\u00f6ster som en f\u00f6rening har p\u00e5 st\u00e4mman. I r\u00f6stl\u00e4ngden upptas de f\u00f6reningar som enligt stadgarna fullgjort sina \u00e5taganden f\u00f6r att erh\u00e5lla r\u00f6str\u00e4tt. I korthet inneb\u00e4r det att f\u00f6reningen senast den 31 januari 2022 till SB&amp;K ska ha rapporterat antalet medlemmar samt betalat medlemsavgiften.<\/p>\n<p>Prelimin\u00e4rt best\u00e5r r\u00f6stl\u00e4ngden av 501 idrottsf\u00f6reningar representerande 36 846 medlemmar. Antalet r\u00f6ster uppg\u00e5r till 660.<\/p>\n<p><span style=\"font-size: 14pt;\">\u00bb <strong><a href=\"https:\/\/www.budokampsport.se\/wp-content\/uploads\/2022\/02\/preliminar_rostlangd_sbk_2022-02-10.pdf\" target=\"_blank\" rel=\"noopener noreferrer\">Prelimin\u00e4r r\u00f6stl\u00e4ngd 2022<\/a><\/strong><\/span><\/p>\n<p><strong>Saknas er f\u00f6rening?<\/strong><br \/>\nOm f\u00f6rening har rapporterat samt betalat i tid men saknas i r\u00f6stl\u00e4ngden, var god meddela <a href=\"mailto:info@budokampsport.se\">info@budokampsport.se<\/a> s\u00e5 snart som m\u00f6jligt. Var noga med att uppge f\u00f6reningens fullst\u00e4ndiga namn, SB&amp;K-nummer samt betalningsdatum.<\/p>\n<p><strong>Fullmaktsgranskning\u00a0<\/strong><br \/>\nSker digitalt med start den 23 februari. F\u00f6rening som \u00f6nskar n\u00e4rvara med r\u00f6stber\u00e4ttigat ombud beh\u00f6ver registrera sitt ombud via ett formul\u00e4r enligt angiven tid i <a href=\"https:\/\/www.budokampsport.se\/2022\/02\/03\/kallelse-till-forbundsstammor-2022\/\" target=\"_blank\" rel=\"noopener noreferrer\">kallelsen<\/a>.<\/p>\n<p><strong>Inf\u00f6r deltagande i \u00e5rsm\u00f6te<\/strong><br \/>\n<a href=\"https:\/\/www.budokampsport.se\/forbund\/arsmoten\/deltagande\/\" rel=\"noopener\">Praktiskt information<\/a><\/p>\n<p><strong>F\u00f6r mer information\u00a0<\/strong><br \/>\nSe <a href=\"https:\/\/www.budokampsport.se\/forbund\/\">F\u00f6rbund<\/a> \u203a\u00a0<a href=\"https:\/\/www.budokampsport.se\/forbund\/arsmoten\/\">\u00c5rsm\u00f6ten<\/a>.<\/p>\n<p>Text: Sofia Arnbom, Mats Lilja<\/p>\n","protected":false},"excerpt":{"rendered":"<p>\u00c5RSM\u00d6TE. Svenska Budo &#038; Kampsportsf\u00f6rbundet genomf\u00f6r digitalt \u00e5rsm\u00f6te den 26 mars 2022 klockan 10:00. F\u00f6reningar som \u00e4r upptagna i r\u00f6stl\u00e4ngden har m\u00f6jlighet att anm\u00e4la ombud med r\u00f6str\u00e4tt till st\u00e4mman.<br \/><br>(Foto: Sofia Arnbom)<\/p><br>","protected":false},"author":47,"featured_media":118031,"comment_status":"open","ping_status":"open","sticky":false,"template":"","format":"standard","meta":{"_acf_changed":false,"footnotes":""},"categories":[410,481],"tags":[469,482,474,473],"class_list":["post-135141","post","type-post","status-publish","format-standard","has-post-thumbnail","hentry","category-arsmote","category-forening","tag-arsmote","tag-forening","tag-rostlangd","tag-rostratt"],"acf":[],"yoast_head":"<!-- This site is optimized with the Yoast SEO plugin v26.8 - https:\/\/yoast.com\/product\/yoast-seo-wordpress\/ -->\n<title>Prelimin\u00e4r r\u00f6stl\u00e4ngd inf\u00f6r SB&amp;K:s \u00e5rsm\u00f6te 2022 - Svenska Budo &amp; Kampsportsf\u00f6rbundet<\/title>\n<meta name=\"description\" content=\"\u00c5RSM\u00d6TE. Svenska Budo &amp; Kampsportsf\u00f6rbundet genomf\u00f6r digitalt \u00e5rsm\u00f6te den 26 mars 2022 klockan 10:00. F\u00f6reningar som \u00e4r upptagna i r\u00f6stl\u00e4ngden har m\u00f6jlighet att anm\u00e4la ombud med r\u00f6str\u00e4tt till st\u00e4mman.  (Foto: Sofia Arnbom)\" \/>\n<meta name=\"robots\" content=\"index, follow, max-snippet:-1, max-image-preview:large, max-video-preview:-1\" \/>\n<link rel=\"canonical\" href=\"https:\/\/www.budokampsport.se\/2022\/02\/14\/preliminar-rostlangd-infor-sbks-arsmote-2022\/\" \/>\n<meta property=\"og:locale\" content=\"sv_SE\" \/>\n<meta property=\"og:type\" content=\"article\" \/>\n<meta property=\"og:title\" content=\"Prelimin\u00e4r r\u00f6stl\u00e4ngd inf\u00f6r SB&amp;K:s \u00e5rsm\u00f6te 2022 - Svenska Budo &amp; Kampsportsf\u00f6rbundet\" \/>\n<meta property=\"og:description\" content=\"\u00c5RSM\u00d6TE. Svenska Budo &amp; Kampsportsf\u00f6rbundet genomf\u00f6r digitalt \u00e5rsm\u00f6te den 26 mars 2022 klockan 10:00. F\u00f6reningar som \u00e4r upptagna i r\u00f6stl\u00e4ngden har m\u00f6jlighet att anm\u00e4la ombud med r\u00f6str\u00e4tt till st\u00e4mman.  (Foto: Sofia Arnbom)\" \/>\n<meta property=\"og:url\" content=\"https:\/\/www.budokampsport.se\/2022\/02\/14\/preliminar-rostlangd-infor-sbks-arsmote-2022\/\" \/>\n<meta property=\"og:site_name\" content=\"Svenska Budo &amp; Kampsportsf\u00f6rbundet\" \/>\n<meta property=\"article:published_time\" content=\"2022-02-14T10:02:20+00:00\" \/>\n<meta property=\"article:modified_time\" content=\"2022-02-14T10:03:40+00:00\" \/>\n<meta property=\"og:image\" content=\"https:\/\/www.budokampsport.se\/wp-content\/uploads\/2020\/02\/Rostsedlar-Sofia-Arnbom.jpg\" \/>\n\t<meta property=\"og:image:width\" content=\"850\" \/>\n\t<meta property=\"og:image:height\" content=\"577\" \/>\n\t<meta property=\"og:image:type\" content=\"image\/jpeg\" \/>\n<meta name=\"author\" content=\"Sofia Arnbom\" \/>\n<meta name=\"twitter:card\" content=\"summary_large_image\" \/>\n<meta name=\"twitter:label1\" content=\"Skriven av\" \/>\n\t<meta name=\"twitter:data1\" content=\"Sofia Arnbom\" \/>\n\t<meta name=\"twitter:label2\" content=\"Ber\u00e4knad l\u00e4stid\" \/>\n\t<meta name=\"twitter:data2\" content=\"1 minut\" \/>\n<script type=\"application\/ld+json\" class=\"yoast-schema-graph\">{\"@context\":\"https:\/\/schema.org\",\"@graph\":[{\"@type\":\"Article\",\"@id\":\"https:\/\/www.budokampsport.se\/2022\/02\/14\/preliminar-rostlangd-infor-sbks-arsmote-2022\/#article\",\"isPartOf\":{\"@id\":\"https:\/\/www.budokampsport.se\/2022\/02\/14\/preliminar-rostlangd-infor-sbks-arsmote-2022\/\"},\"author\":{\"name\":\"Sofia Arnbom\",\"@id\":\"https:\/\/www.budokampsport.se\/#\/schema\/person\/666f754cfbc6f9a83a8c253cd24ad660\"},\"headline\":\"Prelimin\u00e4r r\u00f6stl\u00e4ngd inf\u00f6r SB&#038;K:s \u00e5rsm\u00f6te 2022\",\"datePublished\":\"2022-02-14T10:02:20+00:00\",\"dateModified\":\"2022-02-14T10:03:40+00:00\",\"mainEntityOfPage\":{\"@id\":\"https:\/\/www.budokampsport.se\/2022\/02\/14\/preliminar-rostlangd-infor-sbks-arsmote-2022\/\"},\"wordCount\":194,\"commentCount\":0,\"image\":{\"@id\":\"https:\/\/www.budokampsport.se\/2022\/02\/14\/preliminar-rostlangd-infor-sbks-arsmote-2022\/#primaryimage\"},\"thumbnailUrl\":\"https:\/\/www.budokampsport.se\/wp-content\/uploads\/2020\/02\/Rostsedlar-Sofia-Arnbom.jpg\",\"keywords\":[\"\u00e5rsm\u00f6te\",\"f\u00f6rening\",\"r\u00f6stl\u00e4ngd\",\"r\u00f6str\u00e4tt\"],\"articleSection\":[\"\u00c5rsm\u00f6te\",\"F\u00f6rening\"],\"inLanguage\":\"sv-SE\",\"potentialAction\":[{\"@type\":\"CommentAction\",\"name\":\"Comment\",\"target\":[\"https:\/\/www.budokampsport.se\/2022\/02\/14\/preliminar-rostlangd-infor-sbks-arsmote-2022\/#respond\"]}]},{\"@type\":\"WebPage\",\"@id\":\"https:\/\/www.budokampsport.se\/2022\/02\/14\/preliminar-rostlangd-infor-sbks-arsmote-2022\/\",\"url\":\"https:\/\/www.budokampsport.se\/2022\/02\/14\/preliminar-rostlangd-infor-sbks-arsmote-2022\/\",\"name\":\"Prelimin\u00e4r r\u00f6stl\u00e4ngd inf\u00f6r SB&K:s \u00e5rsm\u00f6te 2022 - Svenska Budo &amp; Kampsportsf\u00f6rbundet\",\"isPartOf\":{\"@id\":\"https:\/\/www.budokampsport.se\/#website\"},\"primaryImageOfPage\":{\"@id\":\"https:\/\/www.budokampsport.se\/2022\/02\/14\/preliminar-rostlangd-infor-sbks-arsmote-2022\/#primaryimage\"},\"image\":{\"@id\":\"https:\/\/www.budokampsport.se\/2022\/02\/14\/preliminar-rostlangd-infor-sbks-arsmote-2022\/#primaryimage\"},\"thumbnailUrl\":\"https:\/\/www.budokampsport.se\/wp-content\/uploads\/2020\/02\/Rostsedlar-Sofia-Arnbom.jpg\",\"datePublished\":\"2022-02-14T10:02:20+00:00\",\"dateModified\":\"2022-02-14T10:03:40+00:00\",\"author\":{\"@id\":\"https:\/\/www.budokampsport.se\/#\/schema\/person\/666f754cfbc6f9a83a8c253cd24ad660\"},\"description\":\"\u00c5RSM\u00d6TE. Svenska Budo & Kampsportsf\u00f6rbundet genomf\u00f6r digitalt \u00e5rsm\u00f6te den 26 mars 2022 klockan 10:00. F\u00f6reningar som \u00e4r upptagna i r\u00f6stl\u00e4ngden har m\u00f6jlighet att anm\u00e4la ombud med r\u00f6str\u00e4tt till st\u00e4mman. (Foto: Sofia Arnbom)\",\"breadcrumb\":{\"@id\":\"https:\/\/www.budokampsport.se\/2022\/02\/14\/preliminar-rostlangd-infor-sbks-arsmote-2022\/#breadcrumb\"},\"inLanguage\":\"sv-SE\",\"potentialAction\":[{\"@type\":\"ReadAction\",\"target\":[\"https:\/\/www.budokampsport.se\/2022\/02\/14\/preliminar-rostlangd-infor-sbks-arsmote-2022\/\"]}]},{\"@type\":\"ImageObject\",\"inLanguage\":\"sv-SE\",\"@id\":\"https:\/\/www.budokampsport.se\/2022\/02\/14\/preliminar-rostlangd-infor-sbks-arsmote-2022\/#primaryimage\",\"url\":\"https:\/\/www.budokampsport.se\/wp-content\/uploads\/2020\/02\/Rostsedlar-Sofia-Arnbom.jpg\",\"contentUrl\":\"https:\/\/www.budokampsport.se\/wp-content\/uploads\/2020\/02\/Rostsedlar-Sofia-Arnbom.jpg\",\"width\":850,\"height\":577},{\"@type\":\"BreadcrumbList\",\"@id\":\"https:\/\/www.budokampsport.se\/2022\/02\/14\/preliminar-rostlangd-infor-sbks-arsmote-2022\/#breadcrumb\",\"itemListElement\":[{\"@type\":\"ListItem\",\"position\":1,\"name\":\"Hem\",\"item\":\"https:\/\/www.budokampsport.se\/\"},{\"@type\":\"ListItem\",\"position\":2,\"name\":\"Prelimin\u00e4r r\u00f6stl\u00e4ngd inf\u00f6r SB&#038;K:s \u00e5rsm\u00f6te 2022\"}]},{\"@type\":\"WebSite\",\"@id\":\"https:\/\/www.budokampsport.se\/#website\",\"url\":\"https:\/\/www.budokampsport.se\/\",\"name\":\"Svenska Budo &amp; Kampsportsf\u00f6rbundet\",\"description\":\"T\u00e4vling, Tr\u00e4ning, Tradition\",\"potentialAction\":[{\"@type\":\"SearchAction\",\"target\":{\"@type\":\"EntryPoint\",\"urlTemplate\":\"https:\/\/www.budokampsport.se\/?s={search_term_string}\"},\"query-input\":{\"@type\":\"PropertyValueSpecification\",\"valueRequired\":true,\"valueName\":\"search_term_string\"}}],\"inLanguage\":\"sv-SE\"},{\"@type\":\"Person\",\"@id\":\"https:\/\/www.budokampsport.se\/#\/schema\/person\/666f754cfbc6f9a83a8c253cd24ad660\",\"name\":\"Sofia Arnbom\",\"image\":{\"@type\":\"ImageObject\",\"inLanguage\":\"sv-SE\",\"@id\":\"https:\/\/www.budokampsport.se\/#\/schema\/person\/image\/\",\"url\":\"https:\/\/secure.gravatar.com\/avatar\/a69f673c99635f06ea6cb1eb10ca7e92?s=96&d=blank&r=g\",\"contentUrl\":\"https:\/\/secure.gravatar.com\/avatar\/a69f673c99635f06ea6cb1eb10ca7e92?s=96&d=blank&r=g\",\"caption\":\"Sofia Arnbom\"},\"url\":\"https:\/\/www.budokampsport.se\/author\/sofia-arnbom\/\"}]}<\/script>\n<!-- \/ Yoast SEO plugin. -->","yoast_head_json":{"title":"Prelimin\u00e4r r\u00f6stl\u00e4ngd inf\u00f6r SB&K:s \u00e5rsm\u00f6te 2022 - Svenska Budo &amp; Kampsportsf\u00f6rbundet","description":"\u00c5RSM\u00d6TE. Svenska Budo & Kampsportsf\u00f6rbundet genomf\u00f6r digitalt \u00e5rsm\u00f6te den 26 mars 2022 klockan 10:00. F\u00f6reningar som \u00e4r upptagna i r\u00f6stl\u00e4ngden har m\u00f6jlighet att anm\u00e4la ombud med r\u00f6str\u00e4tt till st\u00e4mman.  (Foto: Sofia Arnbom)","robots":{"index":"index","follow":"follow","max-snippet":"max-snippet:-1","max-image-preview":"max-image-preview:large","max-video-preview":"max-video-preview:-1"},"canonical":"https:\/\/www.budokampsport.se\/2022\/02\/14\/preliminar-rostlangd-infor-sbks-arsmote-2022\/","og_locale":"sv_SE","og_type":"article","og_title":"Prelimin\u00e4r r\u00f6stl\u00e4ngd inf\u00f6r SB&K:s \u00e5rsm\u00f6te 2022 - Svenska Budo &amp; Kampsportsf\u00f6rbundet","og_description":"\u00c5RSM\u00d6TE. Svenska Budo & Kampsportsf\u00f6rbundet genomf\u00f6r digitalt \u00e5rsm\u00f6te den 26 mars 2022 klockan 10:00. F\u00f6reningar som \u00e4r upptagna i r\u00f6stl\u00e4ngden har m\u00f6jlighet att anm\u00e4la ombud med r\u00f6str\u00e4tt till st\u00e4mman.  (Foto: Sofia Arnbom)","og_url":"https:\/\/www.budokampsport.se\/2022\/02\/14\/preliminar-rostlangd-infor-sbks-arsmote-2022\/","og_site_name":"Svenska Budo &amp; Kampsportsf\u00f6rbundet","article_published_time":"2022-02-14T10:02:20+00:00","article_modified_time":"2022-02-14T10:03:40+00:00","og_image":[{"width":850,"height":577,"url":"https:\/\/www.budokampsport.se\/wp-content\/uploads\/2020\/02\/Rostsedlar-Sofia-Arnbom.jpg","type":"image\/jpeg"}],"author":"Sofia Arnbom","twitter_card":"summary_large_image","twitter_misc":{"Skriven av":"Sofia Arnbom","Ber\u00e4knad l\u00e4stid":"1 minut"},"schema":{"@context":"https:\/\/schema.org","@graph":[{"@type":"Article","@id":"https:\/\/www.budokampsport.se\/2022\/02\/14\/preliminar-rostlangd-infor-sbks-arsmote-2022\/#article","isPartOf":{"@id":"https:\/\/www.budokampsport.se\/2022\/02\/14\/preliminar-rostlangd-infor-sbks-arsmote-2022\/"},"author":{"name":"Sofia Arnbom","@id":"https:\/\/www.budokampsport.se\/#\/schema\/person\/666f754cfbc6f9a83a8c253cd24ad660"},"headline":"Prelimin\u00e4r r\u00f6stl\u00e4ngd inf\u00f6r SB&#038;K:s \u00e5rsm\u00f6te 2022","datePublished":"2022-02-14T10:02:20+00:00","dateModified":"2022-02-14T10:03:40+00:00","mainEntityOfPage":{"@id":"https:\/\/www.budokampsport.se\/2022\/02\/14\/preliminar-rostlangd-infor-sbks-arsmote-2022\/"},"wordCount":194,"commentCount":0,"image":{"@id":"https:\/\/www.budokampsport.se\/2022\/02\/14\/preliminar-rostlangd-infor-sbks-arsmote-2022\/#primaryimage"},"thumbnailUrl":"https:\/\/www.budokampsport.se\/wp-content\/uploads\/2020\/02\/Rostsedlar-Sofia-Arnbom.jpg","keywords":["\u00e5rsm\u00f6te","f\u00f6rening","r\u00f6stl\u00e4ngd","r\u00f6str\u00e4tt"],"articleSection":["\u00c5rsm\u00f6te","F\u00f6rening"],"inLanguage":"sv-SE","potentialAction":[{"@type":"CommentAction","name":"Comment","target":["https:\/\/www.budokampsport.se\/2022\/02\/14\/preliminar-rostlangd-infor-sbks-arsmote-2022\/#respond"]}]},{"@type":"WebPage","@id":"https:\/\/www.budokampsport.se\/2022\/02\/14\/preliminar-rostlangd-infor-sbks-arsmote-2022\/","url":"https:\/\/www.budokampsport.se\/2022\/02\/14\/preliminar-rostlangd-infor-sbks-arsmote-2022\/","name":"Prelimin\u00e4r r\u00f6stl\u00e4ngd inf\u00f6r SB&K:s \u00e5rsm\u00f6te 2022 - Svenska Budo &amp; Kampsportsf\u00f6rbundet","isPartOf":{"@id":"https:\/\/www.budokampsport.se\/#website"},"primaryImageOfPage":{"@id":"https:\/\/www.budokampsport.se\/2022\/02\/14\/preliminar-rostlangd-infor-sbks-arsmote-2022\/#primaryimage"},"image":{"@id":"https:\/\/www.budokampsport.se\/2022\/02\/14\/preliminar-rostlangd-infor-sbks-arsmote-2022\/#primaryimage"},"thumbnailUrl":"https:\/\/www.budokampsport.se\/wp-content\/uploads\/2020\/02\/Rostsedlar-Sofia-Arnbom.jpg","datePublished":"2022-02-14T10:02:20+00:00","dateModified":"2022-02-14T10:03:40+00:00","author":{"@id":"https:\/\/www.budokampsport.se\/#\/schema\/person\/666f754cfbc6f9a83a8c253cd24ad660"},"description":"\u00c5RSM\u00d6TE. Svenska Budo & Kampsportsf\u00f6rbundet genomf\u00f6r digitalt \u00e5rsm\u00f6te den 26 mars 2022 klockan 10:00. F\u00f6reningar som \u00e4r upptagna i r\u00f6stl\u00e4ngden har m\u00f6jlighet att anm\u00e4la ombud med r\u00f6str\u00e4tt till st\u00e4mman. (Foto: Sofia Arnbom)","breadcrumb":{"@id":"https:\/\/www.budokampsport.se\/2022\/02\/14\/preliminar-rostlangd-infor-sbks-arsmote-2022\/#breadcrumb"},"inLanguage":"sv-SE","potentialAction":[{"@type":"ReadAction","target":["https:\/\/www.budokampsport.se\/2022\/02\/14\/preliminar-rostlangd-infor-sbks-arsmote-2022\/"]}]},{"@type":"ImageObject","inLanguage":"sv-SE","@id":"https:\/\/www.budokampsport.se\/2022\/02\/14\/preliminar-rostlangd-infor-sbks-arsmote-2022\/#primaryimage","url":"https:\/\/www.budokampsport.se\/wp-content\/uploads\/2020\/02\/Rostsedlar-Sofia-Arnbom.jpg","contentUrl":"https:\/\/www.budokampsport.se\/wp-content\/uploads\/2020\/02\/Rostsedlar-Sofia-Arnbom.jpg","width":850,"height":577},{"@type":"BreadcrumbList","@id":"https:\/\/www.budokampsport.se\/2022\/02\/14\/preliminar-rostlangd-infor-sbks-arsmote-2022\/#breadcrumb","itemListElement":[{"@type":"ListItem","position":1,"name":"Hem","item":"https:\/\/www.budokampsport.se\/"},{"@type":"ListItem","position":2,"name":"Prelimin\u00e4r r\u00f6stl\u00e4ngd inf\u00f6r SB&#038;K:s \u00e5rsm\u00f6te 2022"}]},{"@type":"WebSite","@id":"https:\/\/www.budokampsport.se\/#website","url":"https:\/\/www.budokampsport.se\/","name":"Svenska Budo &amp; Kampsportsf\u00f6rbundet","description":"T\u00e4vling, Tr\u00e4ning, Tradition","potentialAction":[{"@type":"SearchAction","target":{"@type":"EntryPoint","urlTemplate":"https:\/\/www.budokampsport.se\/?s={search_term_string}"},"query-input":{"@type":"PropertyValueSpecification","valueRequired":true,"valueName":"search_term_string"}}],"inLanguage":"sv-SE"},{"@type":"Person","@id":"https:\/\/www.budokampsport.se\/#\/schema\/person\/666f754cfbc6f9a83a8c253cd24ad660","name":"Sofia Arnbom","image":{"@type":"ImageObject","inLanguage":"sv-SE","@id":"https:\/\/www.budokampsport.se\/#\/schema\/person\/image\/","url":"https:\/\/secure.gravatar.com\/avatar\/a69f673c99635f06ea6cb1eb10ca7e92?s=96&d=blank&r=g","contentUrl":"https:\/\/secure.gravatar.com\/avatar\/a69f673c99635f06ea6cb1eb10ca7e92?s=96&d=blank&r=g","caption":"Sofia Arnbom"},"url":"https:\/\/www.budokampsport.se\/author\/sofia-arnbom\/"}]}},"_links":{"self":[{"href":"https:\/\/www.budokampsport.se\/api\/wp\/v2\/posts\/135141","targetHints":{"allow":["GET"]}}],"collection":[{"href":"https:\/\/www.budokampsport.se\/api\/wp\/v2\/posts"}],"about":[{"href":"https:\/\/www.budokampsport.se\/api\/wp\/v2\/types\/post"}],"author":[{"embeddable":true,"href":"https:\/\/www.budokampsport.se\/api\/wp\/v2\/users\/47"}],"replies":[{"embeddable":true,"href":"https:\/\/www.budokampsport.se\/api\/wp\/v2\/comments?post=135141"}],"version-history":[{"count":0,"href":"https:\/\/www.budokampsport.se\/api\/wp\/v2\/posts\/135141\/revisions"}],"wp:featuredmedia":[{"embeddable":true,"href":"https:\/\/www.budokampsport.se\/api\/wp\/v2\/media\/118031"}],"wp:attachment":[{"href":"https:\/\/www.budokampsport.se\/api\/wp\/v2\/media?parent=135141"}],"wp:term":[{"taxonomy":"category","embeddable":true,"href":"https:\/\/www.budokampsport.se\/api\/wp\/v2\/categories?post=135141"},{"taxonomy":"post_tag","embeddable":true,"href":"https:\/\/www.budokampsport.se\/api\/wp\/v2\/tags?post=135141"}],"curies":[{"name":"wp","href":"https:\/\/api.w.org\/{rel}","templated":true}]}}