{"id":135568,"date":"2022-02-21T17:23:15","date_gmt":"2022-02-21T16:23:15","guid":{"rendered":"https:\/\/www.budokampsport.se\/?p=135568"},"modified":"2022-02-21T17:23:15","modified_gmt":"2022-02-21T16:23:15","slug":"alla-guldmedaljorer-i-mma-sm-2021","status":"publish","type":"post","link":"https:\/\/www.budokampsport.se\/2022\/02\/21\/alla-guldmedaljorer-i-mma-sm-2021\/","title":{"rendered":"Alla guldmedalj\u00f6rer i MMA-SM 2021"},"content":{"rendered":"<p>I l\u00f6rdags avgjordes finalerna i det uppskjutna <a href=\"https:\/\/www.budokampsport.se\/2022\/02\/18\/mma-sm-avgors-i-skovde\/\" target=\"_blank\" rel=\"noopener noreferrer\">MMA-SM 2021<\/a>\u00a0p\u00e5 Valhall i Sk\u00f6vde. Arrang\u00f6rsf\u00f6rening var Coloseum Fightcenter.<\/p>\n<p>Inf\u00f6r en m\u00e5ngh\u00f6vdad publik avgjordes till slut 13 officiella SM-finaler. N\u00e5gra matcher avgjordes i f\u00f6rtid medan andra fick avg\u00f6ras genom domslut.<\/p>\n<p>Noterbart \u00e4r att <a href=\"https:\/\/www.budokampsport.se\/2022\/01\/29\/fem-svenska-medaljer-i-mma-vm\/\" target=\"_blank\" rel=\"noopener\">VM-medalj\u00f6rerna<\/a> Nikolija Milosevic och Josefine Modig nu ocks\u00e5 vann ett varsitt SM-guld i damklasserna.<\/p>\n<p>Den vinstrikaste f\u00f6reningen under helgen blev Fighter Centre IF fr\u00e5n G\u00f6teborg. Detta d\u00e5 samtliga f\u00f6reningens fyra SM-deltagare &#8211; Aria Afrasiabi, Ratko Tomic, Eric Bohlin och Sahand Shokohi (bilden) &#8211; blev svenska m\u00e4stare.<\/p>\n<p>Mer information om matcherna finns p\u00e5 <a href=\"https:\/\/www.smmaf.se\/kalender\/sm-2021\/\" target=\"_blank\" rel=\"noopener\">SMMAF:s hemsida<\/a>.<\/p>\n<h3><strong>Guldmedalj\u00f6rerna i SM 2021<\/strong><\/h3>\n<table style=\"border-collapse: collapse; width: 100%; height: 144px;\">\n<tbody>\n<tr style=\"height: 24px;\">\n<td style=\"width: 40%; height: 24px;\"><strong><span style=\"font-size: 10pt;\">A-KLASS<\/span><\/strong><\/td>\n<td style=\"width: 60%; height: 24px;\"><strong><span style=\"font-size: 10pt;\">SVENSK M\u00c4STARE<\/span><\/strong><\/td>\n<\/tr>\n<tr style=\"height: 24px;\">\n<td style=\"width: 40%; height: 24px;\">Damer -52,2 kg<\/td>\n<td style=\"width: 60%; height: 24px;\"><img loading=\"lazy\" decoding=\"async\" class=\"alignnone size-full wp-image-122883\" src=\"https:\/\/www.budokampsport.se\/wp-content\/uploads\/2020\/11\/sweden-flag-icon-16.png\" alt=\"Sveriges flagga\" width=\"16\" height=\"10\" \/> <strong>Josefine Modig<\/strong>, Apex Kalmar<\/td>\n<\/tr>\n<tr style=\"height: 24px;\">\n<td style=\"width: 40%; height: 24px;\">Damer -61,2 kg<\/td>\n<td style=\"width: 60%; height: 24px;\"><img loading=\"lazy\" decoding=\"async\" class=\"alignnone size-full wp-image-122883\" src=\"https:\/\/www.budokampsport.se\/wp-content\/uploads\/2020\/11\/sweden-flag-icon-16.png\" alt=\"Sveriges flagga\" width=\"16\" height=\"10\" \/> <strong>Nikolija Milosevic<\/strong>, GBG MMA<\/td>\n<\/tr>\n<tr style=\"height: 24px;\">\n<td style=\"width: 40%; height: 24px;\">Herrar -56,7 kg<\/td>\n<td style=\"width: 60%; height: 24px;\"><img loading=\"lazy\" decoding=\"async\" class=\"alignnone size-full wp-image-122883\" src=\"https:\/\/www.budokampsport.se\/wp-content\/uploads\/2020\/11\/sweden-flag-icon-16.png\" alt=\"Sveriges flagga\" width=\"16\" height=\"10\" \/> <strong>Arsen Tuganov<\/strong>, S\u00f6ders Fight Gym<\/td>\n<\/tr>\n<tr style=\"height: 24px;\">\n<td style=\"width: 40%; height: 24px;\">Herrar -70,3 kg<\/td>\n<td style=\"width: 60%; height: 24px;\"><img loading=\"lazy\" decoding=\"async\" class=\"alignnone size-full wp-image-122883\" src=\"https:\/\/www.budokampsport.se\/wp-content\/uploads\/2020\/11\/sweden-flag-icon-16.png\" alt=\"Sveriges flagga\" width=\"16\" height=\"10\" \/> <strong>Aria Afrasiabi<\/strong>, Fighter Centre<\/td>\n<\/tr>\n<tr style=\"height: 24px;\">\n<td style=\"width: 40%; height: 24px;\">Herrar -77,1 kg<\/td>\n<td style=\"width: 60%; height: 24px;\"><img loading=\"lazy\" decoding=\"async\" class=\"alignnone size-full wp-image-122883\" src=\"https:\/\/www.budokampsport.se\/wp-content\/uploads\/2020\/11\/sweden-flag-icon-16.png\" alt=\"Sveriges flagga\" width=\"16\" height=\"10\" \/> <strong>Ratko Tomic<\/strong>, Fighter Centre<\/td>\n<\/tr>\n<tr style=\"height: 24px;\">\n<td style=\"width: 40%; height: 24px;\">Herrar -83,9 kg<\/td>\n<td style=\"width: 60%; height: 24px;\"><img loading=\"lazy\" decoding=\"async\" class=\"alignnone size-full wp-image-122883\" src=\"https:\/\/www.budokampsport.se\/wp-content\/uploads\/2020\/11\/sweden-flag-icon-16.png\" alt=\"Sveriges flagga\" width=\"16\" height=\"10\" \/> <strong>Herolind Xhafolli<\/strong>, F\u00f6reningen Redline<\/td>\n<\/tr>\n<tr style=\"height: 24px;\">\n<td style=\"width: 40%; height: 24px;\">Herrar -93,0 kg<\/td>\n<td style=\"width: 60%; height: 24px;\"><img loading=\"lazy\" decoding=\"async\" class=\"alignnone size-full wp-image-122883\" src=\"https:\/\/www.budokampsport.se\/wp-content\/uploads\/2020\/11\/sweden-flag-icon-16.png\" alt=\"Sveriges flagga\" width=\"16\" height=\"10\" \/> <strong>Daniel Karlsson<\/strong>, Team East Sweden<\/td>\n<\/tr>\n<\/tbody>\n<\/table>\n<p>&nbsp;<\/p>\n<table style=\"border-collapse: collapse; width: 100%; height: 144px;\">\n<tbody>\n<tr style=\"height: 24px;\">\n<td style=\"width: 40%; height: 24px;\"><strong><span style=\"font-size: 10pt;\">B-KLASS<\/span><\/strong><\/td>\n<td style=\"width: 60%; height: 24px;\"><strong><span style=\"font-size: 10pt;\">SVENSK M\u00c4STARE<\/span><\/strong><\/td>\n<\/tr>\n<tr style=\"height: 24px;\">\n<td style=\"width: 40%; height: 24px;\">Herrar -56,7 kg<\/td>\n<td style=\"width: 60%; height: 24px;\"><img loading=\"lazy\" decoding=\"async\" class=\"alignnone size-full wp-image-122883\" src=\"https:\/\/www.budokampsport.se\/wp-content\/uploads\/2020\/11\/sweden-flag-icon-16.png\" alt=\"Sveriges flagga\" width=\"16\" height=\"10\" \/> <strong>Eric Bohlin<\/strong>, Fighter Centre<\/td>\n<\/tr>\n<tr style=\"height: 24px;\">\n<td style=\"width: 40%; height: 24px;\">Herrar -61,2 kg<\/td>\n<td style=\"width: 60%; height: 24px;\"><img loading=\"lazy\" decoding=\"async\" class=\"alignnone size-full wp-image-122883\" src=\"https:\/\/www.budokampsport.se\/wp-content\/uploads\/2020\/11\/sweden-flag-icon-16.png\" alt=\"Sveriges flagga\" width=\"16\" height=\"10\" \/> <strong>Sahand Shokohi<\/strong>, Fighter Centre<\/td>\n<\/tr>\n<tr style=\"height: 24px;\">\n<td style=\"width: 40%; height: 24px;\">Herrar -65,8 kg<\/td>\n<td style=\"width: 60%; height: 24px;\"><img loading=\"lazy\" decoding=\"async\" class=\"alignnone size-full wp-image-122883\" src=\"https:\/\/www.budokampsport.se\/wp-content\/uploads\/2020\/11\/sweden-flag-icon-16.png\" alt=\"Sveriges flagga\" width=\"16\" height=\"10\" \/> <strong>Johan Ahlgren<\/strong>, V\u00e4xj\u00f6 Titans<\/td>\n<\/tr>\n<tr style=\"height: 24px;\">\n<td style=\"width: 40%; height: 24px;\">Herrar -70,3 kg<\/td>\n<td style=\"width: 60%; height: 24px;\"><img loading=\"lazy\" decoding=\"async\" class=\"alignnone size-full wp-image-122883\" src=\"https:\/\/www.budokampsport.se\/wp-content\/uploads\/2020\/11\/sweden-flag-icon-16.png\" alt=\"Sveriges flagga\" width=\"16\" height=\"10\" \/> <strong>Jaafer Mohammed<\/strong>, Djurg\u00e5rdens IF<\/td>\n<\/tr>\n<tr style=\"height: 24px;\">\n<td style=\"width: 40%; height: 24px;\">Herrar -77,1 kg<\/td>\n<td style=\"width: 60%; height: 24px;\"><img loading=\"lazy\" decoding=\"async\" class=\"alignnone size-full wp-image-122883\" src=\"https:\/\/www.budokampsport.se\/wp-content\/uploads\/2020\/11\/sweden-flag-icon-16.png\" alt=\"Sveriges flagga\" width=\"16\" height=\"10\" \/> <strong>Alexander H\u00e5kansson<\/strong>, GBG MMA<\/td>\n<\/tr>\n<\/tbody>\n<\/table>\n<p>&nbsp;<\/p>\n<table style=\"width: 100%; border-collapse: collapse;\">\n<tbody>\n<tr style=\"height: 24px;\">\n<td style=\"width: 40%; height: 24px;\"><strong><span style=\"font-size: 10pt;\">C-KLASS<\/span><\/strong><\/td>\n<td style=\"width: 60%; height: 24px;\"><strong><span style=\"font-size: 10pt;\">SVENSK M\u00c4STARE<\/span><\/strong><\/td>\n<\/tr>\n<tr style=\"height: 24px;\">\n<td style=\"width: 40%; height: 24px;\">Herrar -77,1 kg<\/td>\n<td style=\"width: 60%; height: 24px;\"><img loading=\"lazy\" decoding=\"async\" class=\"alignnone size-full wp-image-122883\" src=\"https:\/\/www.budokampsport.se\/wp-content\/uploads\/2020\/11\/sweden-flag-icon-16.png\" alt=\"Sveriges flagga\" width=\"16\" height=\"10\" \/> <strong>Roubi Kohzadi<\/strong>, V\u00e4ster\u00e5s Fight Club<\/td>\n<\/tr>\n<\/tbody>\n<\/table>\n<p>&nbsp;<\/p>\n<p>Text: Mats Lilja<\/p>\n","protected":false},"excerpt":{"rendered":"<p>MMA. 13 svenska m\u00e4stare korade efter helgens t\u00e4vlingar i V\u00e4sterg\u00f6tland. D\u00e4ribland fyra klubbkamrater fr\u00e5n Fighter Centre.<br \/><br>(Foto: Besam Yousef)<\/p><br>","protected":false},"author":914,"featured_media":135706,"comment_status":"open","ping_status":"open","sticky":false,"template":"","format":"standard","meta":{"_acf_changed":false,"footnotes":""},"categories":[1],"tags":[],"class_list":["post-135568","post","type-post","status-publish","format-standard","has-post-thumbnail","hentry","category-okategoriserade"],"acf":[],"yoast_head":"<!-- This site is optimized with the Yoast SEO plugin v26.8 - https:\/\/yoast.com\/product\/yoast-seo-wordpress\/ -->\n<title>Alla guldmedalj\u00f6rer i MMA-SM 2021 - Svenska Budo &amp; Kampsportsf\u00f6rbundet<\/title>\n<meta name=\"description\" content=\"MMA. 13 svenska m\u00e4stare korade efter helgens t\u00e4vlingar i V\u00e4sterg\u00f6tland. D\u00e4ribland fyra klubbkamrater fr\u00e5n Fighter Centre. (Foto: Besam Yousef)\" \/>\n<meta name=\"robots\" content=\"index, follow, max-snippet:-1, max-image-preview:large, max-video-preview:-1\" \/>\n<link rel=\"canonical\" href=\"https:\/\/www.budokampsport.se\/2022\/02\/21\/alla-guldmedaljorer-i-mma-sm-2021\/\" \/>\n<meta property=\"og:locale\" content=\"sv_SE\" \/>\n<meta property=\"og:type\" content=\"article\" \/>\n<meta property=\"og:title\" content=\"Alla guldmedalj\u00f6rer i MMA-SM 2021 - Svenska Budo &amp; Kampsportsf\u00f6rbundet\" \/>\n<meta property=\"og:description\" content=\"MMA. 13 svenska m\u00e4stare korade efter helgens t\u00e4vlingar i V\u00e4sterg\u00f6tland. D\u00e4ribland fyra klubbkamrater fr\u00e5n Fighter Centre. (Foto: Besam Yousef)\" \/>\n<meta property=\"og:url\" content=\"https:\/\/www.budokampsport.se\/2022\/02\/21\/alla-guldmedaljorer-i-mma-sm-2021\/\" \/>\n<meta property=\"og:site_name\" content=\"Svenska Budo &amp; Kampsportsf\u00f6rbundet\" \/>\n<meta property=\"article:published_time\" content=\"2022-02-21T16:23:15+00:00\" \/>\n<meta property=\"og:image\" content=\"https:\/\/www.budokampsport.se\/wp-content\/uploads\/2022\/02\/fightercentresm2021.jpg\" \/>\n\t<meta property=\"og:image:width\" content=\"1200\" \/>\n\t<meta property=\"og:image:height\" content=\"800\" \/>\n\t<meta property=\"og:image:type\" content=\"image\/jpeg\" \/>\n<meta name=\"author\" content=\"Mats Lilja\" \/>\n<meta name=\"twitter:card\" content=\"summary_large_image\" \/>\n<meta name=\"twitter:label1\" content=\"Skriven av\" \/>\n\t<meta name=\"twitter:data1\" content=\"Mats Lilja\" \/>\n\t<meta name=\"twitter:label2\" content=\"Ber\u00e4knad l\u00e4stid\" \/>\n\t<meta name=\"twitter:data2\" content=\"1 minut\" \/>\n<script type=\"application\/ld+json\" class=\"yoast-schema-graph\">{\"@context\":\"https:\/\/schema.org\",\"@graph\":[{\"@type\":\"Article\",\"@id\":\"https:\/\/www.budokampsport.se\/2022\/02\/21\/alla-guldmedaljorer-i-mma-sm-2021\/#article\",\"isPartOf\":{\"@id\":\"https:\/\/www.budokampsport.se\/2022\/02\/21\/alla-guldmedaljorer-i-mma-sm-2021\/\"},\"author\":{\"name\":\"Mats Lilja\",\"@id\":\"https:\/\/www.budokampsport.se\/#\/schema\/person\/d80c0bc61f1787703168fc250ce69522\"},\"headline\":\"Alla guldmedalj\u00f6rer i MMA-SM 2021\",\"datePublished\":\"2022-02-21T16:23:15+00:00\",\"mainEntityOfPage\":{\"@id\":\"https:\/\/www.budokampsport.se\/2022\/02\/21\/alla-guldmedaljorer-i-mma-sm-2021\/\"},\"wordCount\":238,\"commentCount\":0,\"image\":{\"@id\":\"https:\/\/www.budokampsport.se\/2022\/02\/21\/alla-guldmedaljorer-i-mma-sm-2021\/#primaryimage\"},\"thumbnailUrl\":\"https:\/\/www.budokampsport.se\/wp-content\/uploads\/2022\/02\/fightercentresm2021.jpg\",\"inLanguage\":\"sv-SE\",\"potentialAction\":[{\"@type\":\"CommentAction\",\"name\":\"Comment\",\"target\":[\"https:\/\/www.budokampsport.se\/2022\/02\/21\/alla-guldmedaljorer-i-mma-sm-2021\/#respond\"]}]},{\"@type\":\"WebPage\",\"@id\":\"https:\/\/www.budokampsport.se\/2022\/02\/21\/alla-guldmedaljorer-i-mma-sm-2021\/\",\"url\":\"https:\/\/www.budokampsport.se\/2022\/02\/21\/alla-guldmedaljorer-i-mma-sm-2021\/\",\"name\":\"Alla guldmedalj\u00f6rer i MMA-SM 2021 - Svenska Budo &amp; Kampsportsf\u00f6rbundet\",\"isPartOf\":{\"@id\":\"https:\/\/www.budokampsport.se\/#website\"},\"primaryImageOfPage\":{\"@id\":\"https:\/\/www.budokampsport.se\/2022\/02\/21\/alla-guldmedaljorer-i-mma-sm-2021\/#primaryimage\"},\"image\":{\"@id\":\"https:\/\/www.budokampsport.se\/2022\/02\/21\/alla-guldmedaljorer-i-mma-sm-2021\/#primaryimage\"},\"thumbnailUrl\":\"https:\/\/www.budokampsport.se\/wp-content\/uploads\/2022\/02\/fightercentresm2021.jpg\",\"datePublished\":\"2022-02-21T16:23:15+00:00\",\"author\":{\"@id\":\"https:\/\/www.budokampsport.se\/#\/schema\/person\/d80c0bc61f1787703168fc250ce69522\"},\"description\":\"MMA. 13 svenska m\u00e4stare korade efter helgens t\u00e4vlingar i V\u00e4sterg\u00f6tland. D\u00e4ribland fyra klubbkamrater fr\u00e5n Fighter Centre. (Foto: Besam Yousef)\",\"breadcrumb\":{\"@id\":\"https:\/\/www.budokampsport.se\/2022\/02\/21\/alla-guldmedaljorer-i-mma-sm-2021\/#breadcrumb\"},\"inLanguage\":\"sv-SE\",\"potentialAction\":[{\"@type\":\"ReadAction\",\"target\":[\"https:\/\/www.budokampsport.se\/2022\/02\/21\/alla-guldmedaljorer-i-mma-sm-2021\/\"]}]},{\"@type\":\"ImageObject\",\"inLanguage\":\"sv-SE\",\"@id\":\"https:\/\/www.budokampsport.se\/2022\/02\/21\/alla-guldmedaljorer-i-mma-sm-2021\/#primaryimage\",\"url\":\"https:\/\/www.budokampsport.se\/wp-content\/uploads\/2022\/02\/fightercentresm2021.jpg\",\"contentUrl\":\"https:\/\/www.budokampsport.se\/wp-content\/uploads\/2022\/02\/fightercentresm2021.jpg\",\"width\":1200,\"height\":800,\"caption\":\"Aria Afrasiabi, Ratko Tomic, Eric Bohlin och Sahand Shokohi fr\u00e5n Fighter Centre. Alla fyra vann guld p\u00e5 MMA-SM 2021. Foto: Besam Yousef.\"},{\"@type\":\"BreadcrumbList\",\"@id\":\"https:\/\/www.budokampsport.se\/2022\/02\/21\/alla-guldmedaljorer-i-mma-sm-2021\/#breadcrumb\",\"itemListElement\":[{\"@type\":\"ListItem\",\"position\":1,\"name\":\"Hem\",\"item\":\"https:\/\/www.budokampsport.se\/\"},{\"@type\":\"ListItem\",\"position\":2,\"name\":\"Alla guldmedalj\u00f6rer i MMA-SM 2021\"}]},{\"@type\":\"WebSite\",\"@id\":\"https:\/\/www.budokampsport.se\/#website\",\"url\":\"https:\/\/www.budokampsport.se\/\",\"name\":\"Svenska Budo &amp; Kampsportsf\u00f6rbundet\",\"description\":\"T\u00e4vling, Tr\u00e4ning, Tradition\",\"potentialAction\":[{\"@type\":\"SearchAction\",\"target\":{\"@type\":\"EntryPoint\",\"urlTemplate\":\"https:\/\/www.budokampsport.se\/?s={search_term_string}\"},\"query-input\":{\"@type\":\"PropertyValueSpecification\",\"valueRequired\":true,\"valueName\":\"search_term_string\"}}],\"inLanguage\":\"sv-SE\"},{\"@type\":\"Person\",\"@id\":\"https:\/\/www.budokampsport.se\/#\/schema\/person\/d80c0bc61f1787703168fc250ce69522\",\"name\":\"Mats Lilja\",\"image\":{\"@type\":\"ImageObject\",\"inLanguage\":\"sv-SE\",\"@id\":\"https:\/\/www.budokampsport.se\/#\/schema\/person\/image\/\",\"url\":\"https:\/\/secure.gravatar.com\/avatar\/607f84918e96abe1ebbd8611782fa57d?s=96&d=blank&r=g\",\"contentUrl\":\"https:\/\/secure.gravatar.com\/avatar\/607f84918e96abe1ebbd8611782fa57d?s=96&d=blank&r=g\",\"caption\":\"Mats Lilja\"},\"url\":\"https:\/\/www.budokampsport.se\/author\/mats-lilja\/\"}]}<\/script>\n<!-- \/ Yoast SEO plugin. -->","yoast_head_json":{"title":"Alla guldmedalj\u00f6rer i MMA-SM 2021 - Svenska Budo &amp; Kampsportsf\u00f6rbundet","description":"MMA. 13 svenska m\u00e4stare korade efter helgens t\u00e4vlingar i V\u00e4sterg\u00f6tland. D\u00e4ribland fyra klubbkamrater fr\u00e5n Fighter Centre. (Foto: Besam Yousef)","robots":{"index":"index","follow":"follow","max-snippet":"max-snippet:-1","max-image-preview":"max-image-preview:large","max-video-preview":"max-video-preview:-1"},"canonical":"https:\/\/www.budokampsport.se\/2022\/02\/21\/alla-guldmedaljorer-i-mma-sm-2021\/","og_locale":"sv_SE","og_type":"article","og_title":"Alla guldmedalj\u00f6rer i MMA-SM 2021 - Svenska Budo &amp; Kampsportsf\u00f6rbundet","og_description":"MMA. 13 svenska m\u00e4stare korade efter helgens t\u00e4vlingar i V\u00e4sterg\u00f6tland. D\u00e4ribland fyra klubbkamrater fr\u00e5n Fighter Centre. (Foto: Besam Yousef)","og_url":"https:\/\/www.budokampsport.se\/2022\/02\/21\/alla-guldmedaljorer-i-mma-sm-2021\/","og_site_name":"Svenska Budo &amp; Kampsportsf\u00f6rbundet","article_published_time":"2022-02-21T16:23:15+00:00","og_image":[{"width":1200,"height":800,"url":"https:\/\/www.budokampsport.se\/wp-content\/uploads\/2022\/02\/fightercentresm2021.jpg","type":"image\/jpeg"}],"author":"Mats Lilja","twitter_card":"summary_large_image","twitter_misc":{"Skriven av":"Mats Lilja","Ber\u00e4knad l\u00e4stid":"1 minut"},"schema":{"@context":"https:\/\/schema.org","@graph":[{"@type":"Article","@id":"https:\/\/www.budokampsport.se\/2022\/02\/21\/alla-guldmedaljorer-i-mma-sm-2021\/#article","isPartOf":{"@id":"https:\/\/www.budokampsport.se\/2022\/02\/21\/alla-guldmedaljorer-i-mma-sm-2021\/"},"author":{"name":"Mats Lilja","@id":"https:\/\/www.budokampsport.se\/#\/schema\/person\/d80c0bc61f1787703168fc250ce69522"},"headline":"Alla guldmedalj\u00f6rer i MMA-SM 2021","datePublished":"2022-02-21T16:23:15+00:00","mainEntityOfPage":{"@id":"https:\/\/www.budokampsport.se\/2022\/02\/21\/alla-guldmedaljorer-i-mma-sm-2021\/"},"wordCount":238,"commentCount":0,"image":{"@id":"https:\/\/www.budokampsport.se\/2022\/02\/21\/alla-guldmedaljorer-i-mma-sm-2021\/#primaryimage"},"thumbnailUrl":"https:\/\/www.budokampsport.se\/wp-content\/uploads\/2022\/02\/fightercentresm2021.jpg","inLanguage":"sv-SE","potentialAction":[{"@type":"CommentAction","name":"Comment","target":["https:\/\/www.budokampsport.se\/2022\/02\/21\/alla-guldmedaljorer-i-mma-sm-2021\/#respond"]}]},{"@type":"WebPage","@id":"https:\/\/www.budokampsport.se\/2022\/02\/21\/alla-guldmedaljorer-i-mma-sm-2021\/","url":"https:\/\/www.budokampsport.se\/2022\/02\/21\/alla-guldmedaljorer-i-mma-sm-2021\/","name":"Alla guldmedalj\u00f6rer i MMA-SM 2021 - Svenska Budo &amp; Kampsportsf\u00f6rbundet","isPartOf":{"@id":"https:\/\/www.budokampsport.se\/#website"},"primaryImageOfPage":{"@id":"https:\/\/www.budokampsport.se\/2022\/02\/21\/alla-guldmedaljorer-i-mma-sm-2021\/#primaryimage"},"image":{"@id":"https:\/\/www.budokampsport.se\/2022\/02\/21\/alla-guldmedaljorer-i-mma-sm-2021\/#primaryimage"},"thumbnailUrl":"https:\/\/www.budokampsport.se\/wp-content\/uploads\/2022\/02\/fightercentresm2021.jpg","datePublished":"2022-02-21T16:23:15+00:00","author":{"@id":"https:\/\/www.budokampsport.se\/#\/schema\/person\/d80c0bc61f1787703168fc250ce69522"},"description":"MMA. 13 svenska m\u00e4stare korade efter helgens t\u00e4vlingar i V\u00e4sterg\u00f6tland. D\u00e4ribland fyra klubbkamrater fr\u00e5n Fighter Centre. (Foto: Besam Yousef)","breadcrumb":{"@id":"https:\/\/www.budokampsport.se\/2022\/02\/21\/alla-guldmedaljorer-i-mma-sm-2021\/#breadcrumb"},"inLanguage":"sv-SE","potentialAction":[{"@type":"ReadAction","target":["https:\/\/www.budokampsport.se\/2022\/02\/21\/alla-guldmedaljorer-i-mma-sm-2021\/"]}]},{"@type":"ImageObject","inLanguage":"sv-SE","@id":"https:\/\/www.budokampsport.se\/2022\/02\/21\/alla-guldmedaljorer-i-mma-sm-2021\/#primaryimage","url":"https:\/\/www.budokampsport.se\/wp-content\/uploads\/2022\/02\/fightercentresm2021.jpg","contentUrl":"https:\/\/www.budokampsport.se\/wp-content\/uploads\/2022\/02\/fightercentresm2021.jpg","width":1200,"height":800,"caption":"Aria Afrasiabi, Ratko Tomic, Eric Bohlin och Sahand Shokohi fr\u00e5n Fighter Centre. Alla fyra vann guld p\u00e5 MMA-SM 2021. Foto: Besam Yousef."},{"@type":"BreadcrumbList","@id":"https:\/\/www.budokampsport.se\/2022\/02\/21\/alla-guldmedaljorer-i-mma-sm-2021\/#breadcrumb","itemListElement":[{"@type":"ListItem","position":1,"name":"Hem","item":"https:\/\/www.budokampsport.se\/"},{"@type":"ListItem","position":2,"name":"Alla guldmedalj\u00f6rer i MMA-SM 2021"}]},{"@type":"WebSite","@id":"https:\/\/www.budokampsport.se\/#website","url":"https:\/\/www.budokampsport.se\/","name":"Svenska Budo &amp; Kampsportsf\u00f6rbundet","description":"T\u00e4vling, Tr\u00e4ning, Tradition","potentialAction":[{"@type":"SearchAction","target":{"@type":"EntryPoint","urlTemplate":"https:\/\/www.budokampsport.se\/?s={search_term_string}"},"query-input":{"@type":"PropertyValueSpecification","valueRequired":true,"valueName":"search_term_string"}}],"inLanguage":"sv-SE"},{"@type":"Person","@id":"https:\/\/www.budokampsport.se\/#\/schema\/person\/d80c0bc61f1787703168fc250ce69522","name":"Mats Lilja","image":{"@type":"ImageObject","inLanguage":"sv-SE","@id":"https:\/\/www.budokampsport.se\/#\/schema\/person\/image\/","url":"https:\/\/secure.gravatar.com\/avatar\/607f84918e96abe1ebbd8611782fa57d?s=96&d=blank&r=g","contentUrl":"https:\/\/secure.gravatar.com\/avatar\/607f84918e96abe1ebbd8611782fa57d?s=96&d=blank&r=g","caption":"Mats Lilja"},"url":"https:\/\/www.budokampsport.se\/author\/mats-lilja\/"}]}},"_links":{"self":[{"href":"https:\/\/www.budokampsport.se\/api\/wp\/v2\/posts\/135568","targetHints":{"allow":["GET"]}}],"collection":[{"href":"https:\/\/www.budokampsport.se\/api\/wp\/v2\/posts"}],"about":[{"href":"https:\/\/www.budokampsport.se\/api\/wp\/v2\/types\/post"}],"author":[{"embeddable":true,"href":"https:\/\/www.budokampsport.se\/api\/wp\/v2\/users\/914"}],"replies":[{"embeddable":true,"href":"https:\/\/www.budokampsport.se\/api\/wp\/v2\/comments?post=135568"}],"version-history":[{"count":0,"href":"https:\/\/www.budokampsport.se\/api\/wp\/v2\/posts\/135568\/revisions"}],"wp:featuredmedia":[{"embeddable":true,"href":"https:\/\/www.budokampsport.se\/api\/wp\/v2\/media\/135706"}],"wp:attachment":[{"href":"https:\/\/www.budokampsport.se\/api\/wp\/v2\/media?parent=135568"}],"wp:term":[{"taxonomy":"category","embeddable":true,"href":"https:\/\/www.budokampsport.se\/api\/wp\/v2\/categories?post=135568"},{"taxonomy":"post_tag","embeddable":true,"href":"https:\/\/www.budokampsport.se\/api\/wp\/v2\/tags?post=135568"}],"curies":[{"name":"wp","href":"https:\/\/api.w.org\/{rel}","templated":true}]}}