{"id":136554,"date":"2022-03-09T10:52:50","date_gmt":"2022-03-09T09:52:50","guid":{"rendered":"https:\/\/www.budokampsport.se\/?p=136554"},"modified":"2022-03-09T11:44:27","modified_gmt":"2022-03-09T10:44:27","slug":"bo-rocatis-historisk-svensk-deltagare","status":"publish","type":"post","link":"https:\/\/www.budokampsport.se\/2022\/03\/09\/bo-rocatis-historisk-svensk-deltagare\/","title":{"rendered":"Bo Rocatis historisk svensk deltagare i para-VM i kempo"},"content":{"rendered":"<p>Imorgon inleds v\u00e4rldsm\u00e4sterskapet i <a href=\"https:\/\/www.budokampsport.se\/idrott\/kempo\/\" target=\"_blank\" rel=\"noopener\">kempo<\/a> f\u00f6r personer med funktionsneds\u00e4ttning. Detta i portugisiska Caldas da Rainha. Det \u00e4r andra g\u00e5ngen som para-VM arrangeras men f\u00f6r f\u00f6rsta g\u00e5ngen har vi svenskt deltagande i t\u00e4vlingarna.<\/p>\n<p>Den som g\u00f6r historisk debut \u00e4r Bo Rocatis, 45 \u00e5r gammal fr\u00e5n sk\u00e5nska Kl\u00e5gerup. Inom kempon har han oranget b\u00e4lte med tre streck.<\/p>\n<p>&#8211; Jag har tr\u00e4nat kampsport sen ton\u00e5ren. Det b\u00f6rjade med jujutsu och sen h\u00f6ll jag p\u00e5 med bland annat kickboxning och boxning innan jag fastnade f\u00f6r kempo, ber\u00e4ttar han f\u00f6r budokampsport.se.<\/p>\n<p>Bo Rocatis \u00e4r ursprungligen fr\u00e5n Danmark men har bott i Sverige sen i augusti 2004. Bara tv\u00e5 m\u00e5nader efter flytten \u00f6ver \u00d6resund intr\u00e4ffade olyckan som p\u00e5 m\u00e5nga s\u00e4tt f\u00f6r\u00e4ndrade hans liv.<\/p>\n<p>&#8211; Jag jobbade som dykinstrukt\u00f6r och skulle tillsammans med en annan kille f\u00f6rbereda en dykutbildning vid Kullen, utanf\u00f6r Halmstad. Vi \u00e5kte i en ribb\u00e5t som hamnade i h\u00e5rd vind n\u00e4r b\u00e5tmotorn dessutom trasslade in sig i en lina i vattnet och slutade att fungera. Vi drev mot klipporna och var tvungna att hoppa i land. Jag n\u00e5dde en klippa men n\u00e4r min kompis sen skulle hoppa s\u00e5 kastades b\u00e5ten upp av en v\u00e5g och landade r\u00e4tt \u00f6ver mitt v\u00e4nstra ben. En s\u00e5dan b\u00e5t v\u00e4ger \u00f6ver 1,5 ton s\u00e5 mitt ben trasades s\u00f6nder samtidigt som jag \u00e5kte ner i vattnet. Jag lyckades ta mig upp igen och blev till slut h\u00e4mtad med helikopter. Men benet gick inte att r\u00e4dda. Jag \u00e4r sedan dess amputerad 15 centimeter ovanf\u00f6r kn\u00e4t.<\/p>\n<p>Trots olyckan fortsatte Bo Rocatis, med en bakgrund i det danska f\u00f6rsvaret, att leva ett aktivt liv. Genom dykningen var han sedan tidigare en stark simmare och b\u00f6rjade nu ocks\u00e5 att t\u00e4vla i det. Han blev \u00e4ven dansk paralandslagsman i friidrott och n\u00e5dde internationella framg\u00e5ngar i kastgrenarna kula, diskus och spjut.<\/p>\n<p>&#8211; Det var aldrig ett alternativ att l\u00e4gga mig ner och ge upp. Bland det f\u00f6rsta jag undrade n\u00e4r jag vaknade efter olyckan var n\u00e4r jag kunde b\u00f6rja tr\u00e4na igen. Det g\u00e5r ju inte att ligga och gn\u00e4lla n\u00e4r det g\u00e5r emot, det gynnar ingen. Det g\u00e4ller att resa sig fr\u00e5n soffan och komma ut i livet, s\u00e4ger han.<\/p>\n<figure id=\"attachment_136604\" aria-describedby=\"caption-attachment-136604\" style=\"width: 1200px\" class=\"wp-caption aligncenter\"><img loading=\"lazy\" decoding=\"async\" class=\"size-full wp-image-136604\" src=\"https:\/\/www.budokampsport.se\/wp-content\/uploads\/2022\/03\/borocatis3.jpg\" alt=\"\" width=\"1200\" height=\"1454\" srcset=\"https:\/\/www.budokampsport.se\/wp-content\/uploads\/2022\/03\/borocatis3.jpg 1200w, https:\/\/www.budokampsport.se\/wp-content\/uploads\/2022\/03\/borocatis3-600x727.jpg 600w, https:\/\/www.budokampsport.se\/wp-content\/uploads\/2022\/03\/borocatis3-310x376.jpg 310w, https:\/\/www.budokampsport.se\/wp-content\/uploads\/2022\/03\/borocatis3-699x847.jpg 699w, https:\/\/www.budokampsport.se\/wp-content\/uploads\/2022\/03\/borocatis3-229x278.jpg 229w, https:\/\/www.budokampsport.se\/wp-content\/uploads\/2022\/03\/borocatis3-472x572.jpg 472w, https:\/\/www.budokampsport.se\/wp-content\/uploads\/2022\/03\/borocatis3-572x693.jpg 572w\" sizes=\"auto, (max-width: 1200px) 100vw, 1200px\" \/><figcaption id=\"caption-attachment-136604\" class=\"wp-caption-text\"><span style=\"font-size: 10pt;\"><em>Trots olyckan har Bo Rocatis fortsatt att leva ett aktivt liv. Foto: Privat.<\/em><\/span><\/figcaption><\/figure>\n<p>Bo Rocatis kallar sig f\u00f6r <em>Oneleggedwarrior<\/em> p\u00e5 sociala medier, d\u00e4r han delar med sig av sin historia och de l\u00e4rdomar han har dragit p\u00e5 v\u00e4gen.<\/p>\n<p>&#8211; Det handlar bland annat om att v\u00e5ga be andra om hj\u00e4lp, det \u00e4r vi alla j\u00e4vligt d\u00e5liga p\u00e5. Framf\u00f6r allt n\u00e4r det blir f\u00f6r personligt. Men man kan ocks\u00e5 s\u00e4ga att det \u00e4r tur att man f\u00e5r s\u00e5 bra reservdelar idag, s\u00e4ger han med ett leende.<\/p>\n<p>Nu \u00e4r fokuset inst\u00e4llt p\u00e5 kempo och de kommande VM-t\u00e4vlingarna, d\u00e4r han landslagsdebuterar f\u00f6r Sverige. Bo Rocatis fr\u00e4msta disciplin inom kempon \u00e4r vanligtvis <em>submission<\/em>\u00a0men det finns inte med p\u00e5 VM-schemat. Ist\u00e4llet \u00e4r han nu anm\u00e4ld till <em>semikontakt<\/em> (fighting) och <em>kata<\/em> (uppvisning).<\/p>\n<p>&#8211; Vanligtvis sl\u00e4nger jag benprotesen n\u00e4r jag brottas i submission. Men i semikontakten har jag den p\u00e5. Och det kommer inte att bli n\u00e5gra problem, d\u00e4r \u00e4r jag van vid att t\u00e4vla mot tv\u00e5benta, ber\u00e4ttar han.<\/p>\n<p>Med teknikens hj\u00e4lp hoppas han ocks\u00e5 kunna g\u00f6ra bra ifr\u00e5n sig i katan.<\/p>\n<p>&#8211; Kata \u00e4r ju en bed\u00f6mningssport s\u00e5 d\u00e4r f\u00e5r vi se hur det g\u00e5r. Men jag har programmerat mitt ben s\u00e5 jag hoppas att det g\u00e5r bra.<\/p>\n<p><strong>Har du programmerat ditt ben?<\/strong><\/p>\n<p>&#8211; Ja, jag har en app d\u00e4r jag kan l\u00e5sa benet i klassiska kampsportspositioner. Jag har ju varken l\u00e5rmuskel eller kn\u00e4led s\u00e5 jag beh\u00f6ver lite hj\u00e4lp. Och jag har en gummifot ocks\u00e5 som g\u00f6r att det blir lite extra utmanande. Men den enda begr\u00e4nsningen finns egentligen i v\u00e5ra egna huvuden, l\u00e4gger han till.<\/p>\n<figure id=\"attachment_136606\" aria-describedby=\"caption-attachment-136606\" style=\"width: 534px\" class=\"wp-caption aligncenter\"><img loading=\"lazy\" decoding=\"async\" class=\"size-full wp-image-136606\" src=\"https:\/\/www.budokampsport.se\/wp-content\/uploads\/2022\/03\/borocatis2.jpg\" alt=\"\" width=\"534\" height=\"400\" srcset=\"https:\/\/www.budokampsport.se\/wp-content\/uploads\/2022\/03\/borocatis2.jpg 534w, https:\/\/www.budokampsport.se\/wp-content\/uploads\/2022\/03\/borocatis2-400x300.jpg 400w, https:\/\/www.budokampsport.se\/wp-content\/uploads\/2022\/03\/borocatis2-376x282.jpg 376w, https:\/\/www.budokampsport.se\/wp-content\/uploads\/2022\/03\/borocatis2-278x208.jpg 278w\" sizes=\"auto, (max-width: 534px) 100vw, 534px\" \/><figcaption id=\"caption-attachment-136606\" class=\"wp-caption-text\"><span style=\"font-size: 10pt;\"><em>Bo Rocatis markerar en spark med sin benprotes. Foto: Privat.<\/em><\/span><\/figcaption><\/figure>\n<p>P\u00e5 f\u00f6rhand har informationen fr\u00e5n de portugisiska arrang\u00f6rerna varit knapph\u00e4ndig. Exakt hur t\u00e4vlingarna ska g\u00e5 till och hur olika funktionsneds\u00e4ttningar v\u00e4rderas gentemot varandra n\u00e4r det g\u00e4ller matchningar \u00e5terst\u00e5r att se. Inte ens kempolandslagets f\u00f6rbundskapten Martin J\u00f6nsson, som \u00e5ker med p\u00e5 VM, har det klart f\u00f6r sig.<\/p>\n<p>&#8211; Det \u00e4r ett oskrivet blad kring vad som kommer att h\u00e4nda. Det vi har f\u00e5tt veta \u00e4r i princip att det ska vara samma regler som i \u201dvanliga\u201d VM, s\u00e4ger han.<\/p>\n<p>Trots ovissheten har man hopp om framg\u00e5ngar i Portugal.<\/p>\n<p>&#8211; Vi har k\u00f6rt stenh\u00e5rt den sista tiden och satsar s\u00e5 klart p\u00e5 VM-medaljer, s\u00e4ger J\u00f6nsson.<\/p>\n<p>En m\u00e5ls\u00e4ttning \u00e4ven Bo Rocatis st\u00e4mmer in i.<\/p>\n<p>&#8211; Jag vet inte s\u00e5 mycket \u00e4n men jag \u00e5ker inte till Portugal f\u00f6r att vara \u201dlagom\u201d och bara vara med. Jag har vinnarskalle och vill alltid vinna. Jag vet inte vilka mina motst\u00e5ndare blir men jag \u00e4r redo. Det \u00e4r bara att k\u00f6ra!<\/p>\n<p>Den svenska tv\u00e5mannadelegationen reste ner under g\u00e5rdagen. T\u00e4vlingarna inleds p\u00e5 torsdag och kommer att p\u00e5g\u00e5 till p\u00e5 s\u00f6ndag.<\/p>\n<p>Text: Mats Lilja<\/p>\n<p><em>Artikelbilden finns \u00e4ven publicerad i st\u00f6rre format p\u00e5 <a href=\"https:\/\/www.instagram.com\/p\/Ca4R81ADJ8G\/\" target=\"_blank\" rel=\"noopener\">@budokampsport<\/a>.<\/em><\/p>\n","protected":false},"excerpt":{"rendered":"<p>KEMPO. Landslagsdebutanten f\u00f6rsvarar de bl\u00e5gula f\u00e4rgerna i Portugal. Ber\u00e4ttar sj\u00e4lv om sin olycka 2004. Siktar p\u00e5 medaljer trots oviss konkurrens.<br \/><br>(Foto: Martin J\u00f6nsson)<\/p><br>","protected":false},"author":914,"featured_media":136670,"comment_status":"open","ping_status":"open","sticky":false,"template":"","format":"standard","meta":{"_acf_changed":false,"footnotes":""},"categories":[1],"tags":[],"class_list":["post-136554","post","type-post","status-publish","format-standard","has-post-thumbnail","hentry","category-okategoriserade"],"acf":[],"yoast_head":"<!-- This site is optimized with the Yoast SEO plugin v26.8 - https:\/\/yoast.com\/product\/yoast-seo-wordpress\/ -->\n<title>Bo Rocatis historisk svensk deltagare i para-VM i kempo - Svenska Budo &amp; Kampsportsf\u00f6rbundet<\/title>\n<meta name=\"description\" content=\"KEMPO. Landslagsdebutanten f\u00f6rsvarar de bl\u00e5gula f\u00e4rgerna i Portugal. Ber\u00e4ttar sj\u00e4lv om sin olycka 2004. Siktar p\u00e5 medaljer trots oviss konkurrens. (Foto: Martin J\u00f6nsson)\" \/>\n<meta name=\"robots\" content=\"index, follow, max-snippet:-1, max-image-preview:large, max-video-preview:-1\" \/>\n<link rel=\"canonical\" href=\"https:\/\/www.budokampsport.se\/2022\/03\/09\/bo-rocatis-historisk-svensk-deltagare\/\" \/>\n<meta property=\"og:locale\" content=\"sv_SE\" \/>\n<meta property=\"og:type\" content=\"article\" \/>\n<meta property=\"og:title\" content=\"Bo Rocatis historisk svensk deltagare i para-VM i kempo - Svenska Budo &amp; Kampsportsf\u00f6rbundet\" \/>\n<meta property=\"og:description\" content=\"KEMPO. Landslagsdebutanten f\u00f6rsvarar de bl\u00e5gula f\u00e4rgerna i Portugal. Ber\u00e4ttar sj\u00e4lv om sin olycka 2004. Siktar p\u00e5 medaljer trots oviss konkurrens. (Foto: Martin J\u00f6nsson)\" \/>\n<meta property=\"og:url\" content=\"https:\/\/www.budokampsport.se\/2022\/03\/09\/bo-rocatis-historisk-svensk-deltagare\/\" \/>\n<meta property=\"og:site_name\" content=\"Svenska Budo &amp; Kampsportsf\u00f6rbundet\" \/>\n<meta property=\"article:published_time\" content=\"2022-03-09T09:52:50+00:00\" \/>\n<meta property=\"article:modified_time\" content=\"2022-03-09T10:44:27+00:00\" \/>\n<meta property=\"og:image\" content=\"https:\/\/www.budokampsport.se\/wp-content\/uploads\/2022\/03\/borocatis1-e1646820204844.jpg\" \/>\n\t<meta property=\"og:image:width\" content=\"1200\" \/>\n\t<meta property=\"og:image:height\" content=\"800\" \/>\n\t<meta property=\"og:image:type\" content=\"image\/jpeg\" \/>\n<meta name=\"author\" content=\"Mats Lilja\" \/>\n<meta name=\"twitter:card\" content=\"summary_large_image\" \/>\n<meta name=\"twitter:label1\" content=\"Skriven av\" \/>\n\t<meta name=\"twitter:data1\" content=\"Mats Lilja\" \/>\n\t<meta name=\"twitter:label2\" content=\"Ber\u00e4knad l\u00e4stid\" \/>\n\t<meta name=\"twitter:data2\" content=\"5 minuter\" \/>\n<script type=\"application\/ld+json\" class=\"yoast-schema-graph\">{\"@context\":\"https:\/\/schema.org\",\"@graph\":[{\"@type\":\"Article\",\"@id\":\"https:\/\/www.budokampsport.se\/2022\/03\/09\/bo-rocatis-historisk-svensk-deltagare\/#article\",\"isPartOf\":{\"@id\":\"https:\/\/www.budokampsport.se\/2022\/03\/09\/bo-rocatis-historisk-svensk-deltagare\/\"},\"author\":{\"name\":\"Mats Lilja\",\"@id\":\"https:\/\/www.budokampsport.se\/#\/schema\/person\/d80c0bc61f1787703168fc250ce69522\"},\"headline\":\"Bo Rocatis historisk svensk deltagare i para-VM i kempo\",\"datePublished\":\"2022-03-09T09:52:50+00:00\",\"dateModified\":\"2022-03-09T10:44:27+00:00\",\"mainEntityOfPage\":{\"@id\":\"https:\/\/www.budokampsport.se\/2022\/03\/09\/bo-rocatis-historisk-svensk-deltagare\/\"},\"wordCount\":976,\"commentCount\":0,\"image\":{\"@id\":\"https:\/\/www.budokampsport.se\/2022\/03\/09\/bo-rocatis-historisk-svensk-deltagare\/#primaryimage\"},\"thumbnailUrl\":\"https:\/\/www.budokampsport.se\/wp-content\/uploads\/2022\/03\/borocatis1-e1646820204844.jpg\",\"inLanguage\":\"sv-SE\",\"potentialAction\":[{\"@type\":\"CommentAction\",\"name\":\"Comment\",\"target\":[\"https:\/\/www.budokampsport.se\/2022\/03\/09\/bo-rocatis-historisk-svensk-deltagare\/#respond\"]}]},{\"@type\":\"WebPage\",\"@id\":\"https:\/\/www.budokampsport.se\/2022\/03\/09\/bo-rocatis-historisk-svensk-deltagare\/\",\"url\":\"https:\/\/www.budokampsport.se\/2022\/03\/09\/bo-rocatis-historisk-svensk-deltagare\/\",\"name\":\"Bo Rocatis historisk svensk deltagare i para-VM i kempo - Svenska Budo &amp; Kampsportsf\u00f6rbundet\",\"isPartOf\":{\"@id\":\"https:\/\/www.budokampsport.se\/#website\"},\"primaryImageOfPage\":{\"@id\":\"https:\/\/www.budokampsport.se\/2022\/03\/09\/bo-rocatis-historisk-svensk-deltagare\/#primaryimage\"},\"image\":{\"@id\":\"https:\/\/www.budokampsport.se\/2022\/03\/09\/bo-rocatis-historisk-svensk-deltagare\/#primaryimage\"},\"thumbnailUrl\":\"https:\/\/www.budokampsport.se\/wp-content\/uploads\/2022\/03\/borocatis1-e1646820204844.jpg\",\"datePublished\":\"2022-03-09T09:52:50+00:00\",\"dateModified\":\"2022-03-09T10:44:27+00:00\",\"author\":{\"@id\":\"https:\/\/www.budokampsport.se\/#\/schema\/person\/d80c0bc61f1787703168fc250ce69522\"},\"description\":\"KEMPO. Landslagsdebutanten f\u00f6rsvarar de bl\u00e5gula f\u00e4rgerna i Portugal. Ber\u00e4ttar sj\u00e4lv om sin olycka 2004. Siktar p\u00e5 medaljer trots oviss konkurrens. (Foto: Martin J\u00f6nsson)\",\"breadcrumb\":{\"@id\":\"https:\/\/www.budokampsport.se\/2022\/03\/09\/bo-rocatis-historisk-svensk-deltagare\/#breadcrumb\"},\"inLanguage\":\"sv-SE\",\"potentialAction\":[{\"@type\":\"ReadAction\",\"target\":[\"https:\/\/www.budokampsport.se\/2022\/03\/09\/bo-rocatis-historisk-svensk-deltagare\/\"]}]},{\"@type\":\"ImageObject\",\"inLanguage\":\"sv-SE\",\"@id\":\"https:\/\/www.budokampsport.se\/2022\/03\/09\/bo-rocatis-historisk-svensk-deltagare\/#primaryimage\",\"url\":\"https:\/\/www.budokampsport.se\/wp-content\/uploads\/2022\/03\/borocatis1-e1646820204844.jpg\",\"contentUrl\":\"https:\/\/www.budokampsport.se\/wp-content\/uploads\/2022\/03\/borocatis1-e1646820204844.jpg\",\"width\":1200,\"height\":800,\"caption\":\"Bo Rocatis. Foto: Martin J\u00f6nsson.\"},{\"@type\":\"BreadcrumbList\",\"@id\":\"https:\/\/www.budokampsport.se\/2022\/03\/09\/bo-rocatis-historisk-svensk-deltagare\/#breadcrumb\",\"itemListElement\":[{\"@type\":\"ListItem\",\"position\":1,\"name\":\"Hem\",\"item\":\"https:\/\/www.budokampsport.se\/\"},{\"@type\":\"ListItem\",\"position\":2,\"name\":\"Bo Rocatis historisk svensk deltagare i para-VM i kempo\"}]},{\"@type\":\"WebSite\",\"@id\":\"https:\/\/www.budokampsport.se\/#website\",\"url\":\"https:\/\/www.budokampsport.se\/\",\"name\":\"Svenska Budo &amp; Kampsportsf\u00f6rbundet\",\"description\":\"T\u00e4vling, Tr\u00e4ning, Tradition\",\"potentialAction\":[{\"@type\":\"SearchAction\",\"target\":{\"@type\":\"EntryPoint\",\"urlTemplate\":\"https:\/\/www.budokampsport.se\/?s={search_term_string}\"},\"query-input\":{\"@type\":\"PropertyValueSpecification\",\"valueRequired\":true,\"valueName\":\"search_term_string\"}}],\"inLanguage\":\"sv-SE\"},{\"@type\":\"Person\",\"@id\":\"https:\/\/www.budokampsport.se\/#\/schema\/person\/d80c0bc61f1787703168fc250ce69522\",\"name\":\"Mats Lilja\",\"image\":{\"@type\":\"ImageObject\",\"inLanguage\":\"sv-SE\",\"@id\":\"https:\/\/www.budokampsport.se\/#\/schema\/person\/image\/\",\"url\":\"https:\/\/secure.gravatar.com\/avatar\/607f84918e96abe1ebbd8611782fa57d?s=96&d=blank&r=g\",\"contentUrl\":\"https:\/\/secure.gravatar.com\/avatar\/607f84918e96abe1ebbd8611782fa57d?s=96&d=blank&r=g\",\"caption\":\"Mats Lilja\"},\"url\":\"https:\/\/www.budokampsport.se\/author\/mats-lilja\/\"}]}<\/script>\n<!-- \/ Yoast SEO plugin. -->","yoast_head_json":{"title":"Bo Rocatis historisk svensk deltagare i para-VM i kempo - Svenska Budo &amp; Kampsportsf\u00f6rbundet","description":"KEMPO. Landslagsdebutanten f\u00f6rsvarar de bl\u00e5gula f\u00e4rgerna i Portugal. Ber\u00e4ttar sj\u00e4lv om sin olycka 2004. Siktar p\u00e5 medaljer trots oviss konkurrens. (Foto: Martin J\u00f6nsson)","robots":{"index":"index","follow":"follow","max-snippet":"max-snippet:-1","max-image-preview":"max-image-preview:large","max-video-preview":"max-video-preview:-1"},"canonical":"https:\/\/www.budokampsport.se\/2022\/03\/09\/bo-rocatis-historisk-svensk-deltagare\/","og_locale":"sv_SE","og_type":"article","og_title":"Bo Rocatis historisk svensk deltagare i para-VM i kempo - Svenska Budo &amp; Kampsportsf\u00f6rbundet","og_description":"KEMPO. Landslagsdebutanten f\u00f6rsvarar de bl\u00e5gula f\u00e4rgerna i Portugal. Ber\u00e4ttar sj\u00e4lv om sin olycka 2004. Siktar p\u00e5 medaljer trots oviss konkurrens. (Foto: Martin J\u00f6nsson)","og_url":"https:\/\/www.budokampsport.se\/2022\/03\/09\/bo-rocatis-historisk-svensk-deltagare\/","og_site_name":"Svenska Budo &amp; Kampsportsf\u00f6rbundet","article_published_time":"2022-03-09T09:52:50+00:00","article_modified_time":"2022-03-09T10:44:27+00:00","og_image":[{"width":1200,"height":800,"url":"https:\/\/www.budokampsport.se\/wp-content\/uploads\/2022\/03\/borocatis1-e1646820204844.jpg","type":"image\/jpeg"}],"author":"Mats Lilja","twitter_card":"summary_large_image","twitter_misc":{"Skriven av":"Mats Lilja","Ber\u00e4knad l\u00e4stid":"5 minuter"},"schema":{"@context":"https:\/\/schema.org","@graph":[{"@type":"Article","@id":"https:\/\/www.budokampsport.se\/2022\/03\/09\/bo-rocatis-historisk-svensk-deltagare\/#article","isPartOf":{"@id":"https:\/\/www.budokampsport.se\/2022\/03\/09\/bo-rocatis-historisk-svensk-deltagare\/"},"author":{"name":"Mats Lilja","@id":"https:\/\/www.budokampsport.se\/#\/schema\/person\/d80c0bc61f1787703168fc250ce69522"},"headline":"Bo Rocatis historisk svensk deltagare i para-VM i kempo","datePublished":"2022-03-09T09:52:50+00:00","dateModified":"2022-03-09T10:44:27+00:00","mainEntityOfPage":{"@id":"https:\/\/www.budokampsport.se\/2022\/03\/09\/bo-rocatis-historisk-svensk-deltagare\/"},"wordCount":976,"commentCount":0,"image":{"@id":"https:\/\/www.budokampsport.se\/2022\/03\/09\/bo-rocatis-historisk-svensk-deltagare\/#primaryimage"},"thumbnailUrl":"https:\/\/www.budokampsport.se\/wp-content\/uploads\/2022\/03\/borocatis1-e1646820204844.jpg","inLanguage":"sv-SE","potentialAction":[{"@type":"CommentAction","name":"Comment","target":["https:\/\/www.budokampsport.se\/2022\/03\/09\/bo-rocatis-historisk-svensk-deltagare\/#respond"]}]},{"@type":"WebPage","@id":"https:\/\/www.budokampsport.se\/2022\/03\/09\/bo-rocatis-historisk-svensk-deltagare\/","url":"https:\/\/www.budokampsport.se\/2022\/03\/09\/bo-rocatis-historisk-svensk-deltagare\/","name":"Bo Rocatis historisk svensk deltagare i para-VM i kempo - Svenska Budo &amp; Kampsportsf\u00f6rbundet","isPartOf":{"@id":"https:\/\/www.budokampsport.se\/#website"},"primaryImageOfPage":{"@id":"https:\/\/www.budokampsport.se\/2022\/03\/09\/bo-rocatis-historisk-svensk-deltagare\/#primaryimage"},"image":{"@id":"https:\/\/www.budokampsport.se\/2022\/03\/09\/bo-rocatis-historisk-svensk-deltagare\/#primaryimage"},"thumbnailUrl":"https:\/\/www.budokampsport.se\/wp-content\/uploads\/2022\/03\/borocatis1-e1646820204844.jpg","datePublished":"2022-03-09T09:52:50+00:00","dateModified":"2022-03-09T10:44:27+00:00","author":{"@id":"https:\/\/www.budokampsport.se\/#\/schema\/person\/d80c0bc61f1787703168fc250ce69522"},"description":"KEMPO. Landslagsdebutanten f\u00f6rsvarar de bl\u00e5gula f\u00e4rgerna i Portugal. Ber\u00e4ttar sj\u00e4lv om sin olycka 2004. Siktar p\u00e5 medaljer trots oviss konkurrens. (Foto: Martin J\u00f6nsson)","breadcrumb":{"@id":"https:\/\/www.budokampsport.se\/2022\/03\/09\/bo-rocatis-historisk-svensk-deltagare\/#breadcrumb"},"inLanguage":"sv-SE","potentialAction":[{"@type":"ReadAction","target":["https:\/\/www.budokampsport.se\/2022\/03\/09\/bo-rocatis-historisk-svensk-deltagare\/"]}]},{"@type":"ImageObject","inLanguage":"sv-SE","@id":"https:\/\/www.budokampsport.se\/2022\/03\/09\/bo-rocatis-historisk-svensk-deltagare\/#primaryimage","url":"https:\/\/www.budokampsport.se\/wp-content\/uploads\/2022\/03\/borocatis1-e1646820204844.jpg","contentUrl":"https:\/\/www.budokampsport.se\/wp-content\/uploads\/2022\/03\/borocatis1-e1646820204844.jpg","width":1200,"height":800,"caption":"Bo Rocatis. Foto: Martin J\u00f6nsson."},{"@type":"BreadcrumbList","@id":"https:\/\/www.budokampsport.se\/2022\/03\/09\/bo-rocatis-historisk-svensk-deltagare\/#breadcrumb","itemListElement":[{"@type":"ListItem","position":1,"name":"Hem","item":"https:\/\/www.budokampsport.se\/"},{"@type":"ListItem","position":2,"name":"Bo Rocatis historisk svensk deltagare i para-VM i kempo"}]},{"@type":"WebSite","@id":"https:\/\/www.budokampsport.se\/#website","url":"https:\/\/www.budokampsport.se\/","name":"Svenska Budo &amp; Kampsportsf\u00f6rbundet","description":"T\u00e4vling, Tr\u00e4ning, Tradition","potentialAction":[{"@type":"SearchAction","target":{"@type":"EntryPoint","urlTemplate":"https:\/\/www.budokampsport.se\/?s={search_term_string}"},"query-input":{"@type":"PropertyValueSpecification","valueRequired":true,"valueName":"search_term_string"}}],"inLanguage":"sv-SE"},{"@type":"Person","@id":"https:\/\/www.budokampsport.se\/#\/schema\/person\/d80c0bc61f1787703168fc250ce69522","name":"Mats Lilja","image":{"@type":"ImageObject","inLanguage":"sv-SE","@id":"https:\/\/www.budokampsport.se\/#\/schema\/person\/image\/","url":"https:\/\/secure.gravatar.com\/avatar\/607f84918e96abe1ebbd8611782fa57d?s=96&d=blank&r=g","contentUrl":"https:\/\/secure.gravatar.com\/avatar\/607f84918e96abe1ebbd8611782fa57d?s=96&d=blank&r=g","caption":"Mats Lilja"},"url":"https:\/\/www.budokampsport.se\/author\/mats-lilja\/"}]}},"_links":{"self":[{"href":"https:\/\/www.budokampsport.se\/api\/wp\/v2\/posts\/136554","targetHints":{"allow":["GET"]}}],"collection":[{"href":"https:\/\/www.budokampsport.se\/api\/wp\/v2\/posts"}],"about":[{"href":"https:\/\/www.budokampsport.se\/api\/wp\/v2\/types\/post"}],"author":[{"embeddable":true,"href":"https:\/\/www.budokampsport.se\/api\/wp\/v2\/users\/914"}],"replies":[{"embeddable":true,"href":"https:\/\/www.budokampsport.se\/api\/wp\/v2\/comments?post=136554"}],"version-history":[{"count":0,"href":"https:\/\/www.budokampsport.se\/api\/wp\/v2\/posts\/136554\/revisions"}],"wp:featuredmedia":[{"embeddable":true,"href":"https:\/\/www.budokampsport.se\/api\/wp\/v2\/media\/136670"}],"wp:attachment":[{"href":"https:\/\/www.budokampsport.se\/api\/wp\/v2\/media?parent=136554"}],"wp:term":[{"taxonomy":"category","embeddable":true,"href":"https:\/\/www.budokampsport.se\/api\/wp\/v2\/categories?post=136554"},{"taxonomy":"post_tag","embeddable":true,"href":"https:\/\/www.budokampsport.se\/api\/wp\/v2\/tags?post=136554"}],"curies":[{"name":"wp","href":"https:\/\/api.w.org\/{rel}","templated":true}]}}