{"id":136802,"date":"2022-03-10T16:13:45","date_gmt":"2022-03-10T15:13:45","guid":{"rendered":"https:\/\/www.budokampsport.se\/?p=136802"},"modified":"2022-03-10T16:13:45","modified_gmt":"2022-03-10T15:13:45","slug":"nya-riktlinjer-for-barn-och-ungdomar-presenterade","status":"publish","type":"post","link":"https:\/\/www.budokampsport.se\/2022\/03\/10\/nya-riktlinjer-for-barn-och-ungdomar-presenterade\/","title":{"rendered":"Nya riktlinjer f\u00f6r barn och ungdomar presenterade"},"content":{"rendered":"<p>Riksidrottsf\u00f6rbundet offentliggjorde ig\u00e5r nya <a href=\"https:\/\/www.rf.se\/Nyheter\/Allanyheter\/nyariktlinjerforvarldensbastabarn-ochungdomsidrott\">riktlinjer f\u00f6r barn- och ungdomsidrott<\/a>. De har tagits fram i n\u00e4ra samarbete med specialidrottsf\u00f6rbunden (d\u00e4ribland SB&amp;K) och barnr\u00e4ttsorganisationerna UNICEF Sverige, R\u00e4dda Barnen, Friends och Bris.<\/p>\n<p>Riktlinjerna syftar till att beskriva vad barns r\u00e4ttigheter inom idrotten inneb\u00e4r.<\/p>\n<p><img loading=\"lazy\" decoding=\"async\" class=\"alignright size-thumbnail wp-image-115639\" src=\"https:\/\/www.budokampsport.se\/wp-content\/uploads\/2019\/12\/pilo-278x156.jpg\" alt=\"\" width=\"278\" height=\"156\" \/>SB&amp;K:s idrottskonsulent Pilo Stylin, som har ansvar f\u00f6r barn- och ungdomstr\u00e4ningen inom f\u00f6rbundet, \u00e4r positiv till RF:s arbete med riktlinjerna.<\/p>\n<p>&#8211; Det \u00e4r ett stort och viktigt jobb, f\u00f6rst\u00e5s. Senast s\u00e5dana h\u00e4r riktlinjer kom var 2014 och det har h\u00e4nt en hel del sedan dess. Barnkonventionen har blivit lag och alla m\u00e5ste f\u00f6rh\u00e5lla sig till det.<\/p>\n<p><strong>Pilo, vad inneb\u00e4r det h\u00e4r f\u00f6r verksamheten inom SB&amp;K?<\/strong><\/p>\n<p>&#8211; Riktlinjerna \u00e4r lika mycket riktade till SB&amp;K som till underf\u00f6rbunden, och \u00e4ven v\u00e5ra f\u00f6reningar b\u00f6r ocks\u00e5 ta till sig av det h\u00e4r, f\u00f6rst\u00e5s. Det \u00e4r p\u00e5 alla s\u00e4tt ett gemensamt dokument som noga har arbetats fram och som vi \u00e4ger tillsamman. <\/p>\n<p>&#8211; Vi kommer att utveckla v\u00e5rt samarbete med underf\u00f6rbunden eftersom alla \u00e5l\u00e4ggs att arbeta utefter det h\u00e4r.<\/p>\n<p>De nya riktlinjerna omfattar all verksamhet f\u00f6r barn och ungdomar till och med 19 \u00e5r. Och de inneh\u00e5ller fem huvudpunkter.<\/p>\n<ol>\n<li><strong>Trygghet<\/strong>: Skapa trygga och v\u00e4lkomnande milj\u00f6er<\/li>\n<li><strong>Delaktighet<\/strong>: Erbjud delaktighet och inflytande<\/li>\n<li><strong>Gl\u00e4dje<\/strong>: Fr\u00e4mja inre drivkraft och l\u00e5ngsiktig utveckling<\/li>\n<li><strong>Allsidighet<\/strong>: M\u00f6jligg\u00f6r allsidigt och lekfullt idrottande<\/li>\n<li><strong>H\u00e4lsa<\/strong>: Bidra till h\u00e4lsa och v\u00e4lbefinnande \u00f6ver tid<\/li>\n<\/ol>\n<p>(k\u00e4lla: rf.se)<\/p>\n<p>H\u00e4r finns hela <a href=\"https:\/\/www.rf.se\/globalassets\/riksidrottsforbundet\/nya-dokument\/nya-dokumentbanken\/policies\/riktlinjer-barn--och-ungdomsidrott.pdf\">dokumentet i pdf<\/a>.<\/p>\n<p>H\u00f6r RF:s Malin Tr\u00e4ff, ansvarig f\u00f6r barn- och ungdomsidrott, ber\u00e4tta om arbetet med riktlinjerna.<\/p>\n<p><iframe loading=\"lazy\" title=\"YouTube video player\" src=\"https:\/\/www.youtube.com\/embed\/-g5wRFUmAYU\" width=\"560\" height=\"315\" frameborder=\"0\" allowfullscreen=\"allowfullscreen\"><\/iframe><\/p>\n<p>Text: Jonathan Broberg<\/p>\n","protected":false},"excerpt":{"rendered":"<p>BARN &#038; UNGDOM. Under g\u00e5rdagen sl\u00e4ppte RF nya riktlinjer f\u00f6r barn- och ungdomsidrott.<br \/><br>(Foto: J\u00f6rgen Jarnberger\/BILDBYR\u00c5N) <\/p><br>","protected":false},"author":7,"featured_media":88186,"comment_status":"open","ping_status":"open","sticky":false,"template":"","format":"standard","meta":{"_acf_changed":false,"footnotes":""},"categories":[1],"tags":[],"class_list":["post-136802","post","type-post","status-publish","format-standard","has-post-thumbnail","hentry","category-okategoriserade"],"acf":[],"yoast_head":"<!-- This site is optimized with the Yoast SEO plugin v26.8 - https:\/\/yoast.com\/product\/yoast-seo-wordpress\/ -->\n<title>Nya riktlinjer f\u00f6r barn och ungdomar presenterade - Svenska Budo &amp; Kampsportsf\u00f6rbundet<\/title>\n<meta name=\"description\" content=\"BARN &amp; UNGDOM. Under g\u00e5rdagen sl\u00e4ppte RF nya riktlinjer f\u00f6r barn- och ungdomsidrott.  (Foto: J\u00f6rgen Jarnberger\/BILDBYR\u00c5N)\" \/>\n<meta name=\"robots\" content=\"index, follow, max-snippet:-1, max-image-preview:large, max-video-preview:-1\" \/>\n<link rel=\"canonical\" href=\"https:\/\/www.budokampsport.se\/2022\/03\/10\/nya-riktlinjer-for-barn-och-ungdomar-presenterade\/\" \/>\n<meta property=\"og:locale\" content=\"sv_SE\" \/>\n<meta property=\"og:type\" content=\"article\" \/>\n<meta property=\"og:title\" content=\"Nya riktlinjer f\u00f6r barn och ungdomar presenterade - Svenska Budo &amp; Kampsportsf\u00f6rbundet\" \/>\n<meta property=\"og:description\" content=\"BARN &amp; UNGDOM. Under g\u00e5rdagen sl\u00e4ppte RF nya riktlinjer f\u00f6r barn- och ungdomsidrott.  (Foto: J\u00f6rgen Jarnberger\/BILDBYR\u00c5N)\" \/>\n<meta property=\"og:url\" content=\"https:\/\/www.budokampsport.se\/2022\/03\/10\/nya-riktlinjer-for-barn-och-ungdomar-presenterade\/\" \/>\n<meta property=\"og:site_name\" content=\"Svenska Budo &amp; Kampsportsf\u00f6rbundet\" \/>\n<meta property=\"article:author\" content=\"https:\/\/www.facebook.com\/jonathan.broberg.7\" \/>\n<meta property=\"article:published_time\" content=\"2022-03-10T15:13:45+00:00\" \/>\n<meta property=\"og:image\" content=\"https:\/\/www.budokampsport.se\/wp-content\/uploads\/2018\/12\/barn-kampsport-capoeira-budo-e1625210281522.jpg\" \/>\n\t<meta property=\"og:image:width\" content=\"850\" \/>\n\t<meta property=\"og:image:height\" content=\"567\" \/>\n\t<meta property=\"og:image:type\" content=\"image\/jpeg\" \/>\n<meta name=\"author\" content=\"Jonathan Broberg\" \/>\n<meta name=\"twitter:card\" content=\"summary_large_image\" \/>\n<meta name=\"twitter:label1\" content=\"Skriven av\" \/>\n\t<meta name=\"twitter:data1\" content=\"Jonathan Broberg\" \/>\n\t<meta name=\"twitter:label2\" content=\"Ber\u00e4knad l\u00e4stid\" \/>\n\t<meta name=\"twitter:data2\" content=\"2 minuter\" \/>\n<script type=\"application\/ld+json\" class=\"yoast-schema-graph\">{\"@context\":\"https:\/\/schema.org\",\"@graph\":[{\"@type\":\"Article\",\"@id\":\"https:\/\/www.budokampsport.se\/2022\/03\/10\/nya-riktlinjer-for-barn-och-ungdomar-presenterade\/#article\",\"isPartOf\":{\"@id\":\"https:\/\/www.budokampsport.se\/2022\/03\/10\/nya-riktlinjer-for-barn-och-ungdomar-presenterade\/\"},\"author\":{\"name\":\"Jonathan Broberg\",\"@id\":\"https:\/\/www.budokampsport.se\/#\/schema\/person\/5c06d81d14850e2a8ce5493386560145\"},\"headline\":\"Nya riktlinjer f\u00f6r barn och ungdomar presenterade\",\"datePublished\":\"2022-03-10T15:13:45+00:00\",\"mainEntityOfPage\":{\"@id\":\"https:\/\/www.budokampsport.se\/2022\/03\/10\/nya-riktlinjer-for-barn-och-ungdomar-presenterade\/\"},\"wordCount\":313,\"commentCount\":1,\"image\":{\"@id\":\"https:\/\/www.budokampsport.se\/2022\/03\/10\/nya-riktlinjer-for-barn-och-ungdomar-presenterade\/#primaryimage\"},\"thumbnailUrl\":\"https:\/\/www.budokampsport.se\/wp-content\/uploads\/2018\/12\/barn-kampsport-capoeira-budo-e1625210281522.jpg\",\"inLanguage\":\"sv-SE\",\"potentialAction\":[{\"@type\":\"CommentAction\",\"name\":\"Comment\",\"target\":[\"https:\/\/www.budokampsport.se\/2022\/03\/10\/nya-riktlinjer-for-barn-och-ungdomar-presenterade\/#respond\"]}]},{\"@type\":\"WebPage\",\"@id\":\"https:\/\/www.budokampsport.se\/2022\/03\/10\/nya-riktlinjer-for-barn-och-ungdomar-presenterade\/\",\"url\":\"https:\/\/www.budokampsport.se\/2022\/03\/10\/nya-riktlinjer-for-barn-och-ungdomar-presenterade\/\",\"name\":\"Nya riktlinjer f\u00f6r barn och ungdomar presenterade - Svenska Budo &amp; Kampsportsf\u00f6rbundet\",\"isPartOf\":{\"@id\":\"https:\/\/www.budokampsport.se\/#website\"},\"primaryImageOfPage\":{\"@id\":\"https:\/\/www.budokampsport.se\/2022\/03\/10\/nya-riktlinjer-for-barn-och-ungdomar-presenterade\/#primaryimage\"},\"image\":{\"@id\":\"https:\/\/www.budokampsport.se\/2022\/03\/10\/nya-riktlinjer-for-barn-och-ungdomar-presenterade\/#primaryimage\"},\"thumbnailUrl\":\"https:\/\/www.budokampsport.se\/wp-content\/uploads\/2018\/12\/barn-kampsport-capoeira-budo-e1625210281522.jpg\",\"datePublished\":\"2022-03-10T15:13:45+00:00\",\"author\":{\"@id\":\"https:\/\/www.budokampsport.se\/#\/schema\/person\/5c06d81d14850e2a8ce5493386560145\"},\"description\":\"BARN & UNGDOM. Under g\u00e5rdagen sl\u00e4ppte RF nya riktlinjer f\u00f6r barn- och ungdomsidrott. (Foto: J\u00f6rgen Jarnberger\/BILDBYR\u00c5N)\",\"breadcrumb\":{\"@id\":\"https:\/\/www.budokampsport.se\/2022\/03\/10\/nya-riktlinjer-for-barn-och-ungdomar-presenterade\/#breadcrumb\"},\"inLanguage\":\"sv-SE\",\"potentialAction\":[{\"@type\":\"ReadAction\",\"target\":[\"https:\/\/www.budokampsport.se\/2022\/03\/10\/nya-riktlinjer-for-barn-och-ungdomar-presenterade\/\"]}]},{\"@type\":\"ImageObject\",\"inLanguage\":\"sv-SE\",\"@id\":\"https:\/\/www.budokampsport.se\/2022\/03\/10\/nya-riktlinjer-for-barn-och-ungdomar-presenterade\/#primaryimage\",\"url\":\"https:\/\/www.budokampsport.se\/wp-content\/uploads\/2018\/12\/barn-kampsport-capoeira-budo-e1625210281522.jpg\",\"contentUrl\":\"https:\/\/www.budokampsport.se\/wp-content\/uploads\/2018\/12\/barn-kampsport-capoeira-budo-e1625210281522.jpg\",\"width\":850,\"height\":567,\"caption\":\"Foto: J\u00f6rgen Jarnberger\/Bildbyr\u00e5n\"},{\"@type\":\"BreadcrumbList\",\"@id\":\"https:\/\/www.budokampsport.se\/2022\/03\/10\/nya-riktlinjer-for-barn-och-ungdomar-presenterade\/#breadcrumb\",\"itemListElement\":[{\"@type\":\"ListItem\",\"position\":1,\"name\":\"Hem\",\"item\":\"https:\/\/www.budokampsport.se\/\"},{\"@type\":\"ListItem\",\"position\":2,\"name\":\"Nya riktlinjer f\u00f6r barn och ungdomar presenterade\"}]},{\"@type\":\"WebSite\",\"@id\":\"https:\/\/www.budokampsport.se\/#website\",\"url\":\"https:\/\/www.budokampsport.se\/\",\"name\":\"Svenska Budo &amp; Kampsportsf\u00f6rbundet\",\"description\":\"T\u00e4vling, Tr\u00e4ning, Tradition\",\"potentialAction\":[{\"@type\":\"SearchAction\",\"target\":{\"@type\":\"EntryPoint\",\"urlTemplate\":\"https:\/\/www.budokampsport.se\/?s={search_term_string}\"},\"query-input\":{\"@type\":\"PropertyValueSpecification\",\"valueRequired\":true,\"valueName\":\"search_term_string\"}}],\"inLanguage\":\"sv-SE\"},{\"@type\":\"Person\",\"@id\":\"https:\/\/www.budokampsport.se\/#\/schema\/person\/5c06d81d14850e2a8ce5493386560145\",\"name\":\"Jonathan Broberg\",\"image\":{\"@type\":\"ImageObject\",\"inLanguage\":\"sv-SE\",\"@id\":\"https:\/\/www.budokampsport.se\/#\/schema\/person\/image\/\",\"url\":\"https:\/\/secure.gravatar.com\/avatar\/a58041c6cea9128bd9c40ee2f26d4136?s=96&d=blank&r=g\",\"contentUrl\":\"https:\/\/secure.gravatar.com\/avatar\/a58041c6cea9128bd9c40ee2f26d4136?s=96&d=blank&r=g\",\"caption\":\"Jonathan Broberg\"},\"sameAs\":[\"https:\/\/www.facebook.com\/jonathan.broberg.7\"],\"url\":\"https:\/\/www.budokampsport.se\/author\/jonathan\/\"}]}<\/script>\n<!-- \/ Yoast SEO plugin. -->","yoast_head_json":{"title":"Nya riktlinjer f\u00f6r barn och ungdomar presenterade - Svenska Budo &amp; Kampsportsf\u00f6rbundet","description":"BARN & UNGDOM. Under g\u00e5rdagen sl\u00e4ppte RF nya riktlinjer f\u00f6r barn- och ungdomsidrott.  (Foto: J\u00f6rgen Jarnberger\/BILDBYR\u00c5N)","robots":{"index":"index","follow":"follow","max-snippet":"max-snippet:-1","max-image-preview":"max-image-preview:large","max-video-preview":"max-video-preview:-1"},"canonical":"https:\/\/www.budokampsport.se\/2022\/03\/10\/nya-riktlinjer-for-barn-och-ungdomar-presenterade\/","og_locale":"sv_SE","og_type":"article","og_title":"Nya riktlinjer f\u00f6r barn och ungdomar presenterade - Svenska Budo &amp; Kampsportsf\u00f6rbundet","og_description":"BARN & UNGDOM. Under g\u00e5rdagen sl\u00e4ppte RF nya riktlinjer f\u00f6r barn- och ungdomsidrott.  (Foto: J\u00f6rgen Jarnberger\/BILDBYR\u00c5N)","og_url":"https:\/\/www.budokampsport.se\/2022\/03\/10\/nya-riktlinjer-for-barn-och-ungdomar-presenterade\/","og_site_name":"Svenska Budo &amp; Kampsportsf\u00f6rbundet","article_author":"https:\/\/www.facebook.com\/jonathan.broberg.7","article_published_time":"2022-03-10T15:13:45+00:00","og_image":[{"width":850,"height":567,"url":"https:\/\/www.budokampsport.se\/wp-content\/uploads\/2018\/12\/barn-kampsport-capoeira-budo-e1625210281522.jpg","type":"image\/jpeg"}],"author":"Jonathan Broberg","twitter_card":"summary_large_image","twitter_misc":{"Skriven av":"Jonathan Broberg","Ber\u00e4knad l\u00e4stid":"2 minuter"},"schema":{"@context":"https:\/\/schema.org","@graph":[{"@type":"Article","@id":"https:\/\/www.budokampsport.se\/2022\/03\/10\/nya-riktlinjer-for-barn-och-ungdomar-presenterade\/#article","isPartOf":{"@id":"https:\/\/www.budokampsport.se\/2022\/03\/10\/nya-riktlinjer-for-barn-och-ungdomar-presenterade\/"},"author":{"name":"Jonathan Broberg","@id":"https:\/\/www.budokampsport.se\/#\/schema\/person\/5c06d81d14850e2a8ce5493386560145"},"headline":"Nya riktlinjer f\u00f6r barn och ungdomar presenterade","datePublished":"2022-03-10T15:13:45+00:00","mainEntityOfPage":{"@id":"https:\/\/www.budokampsport.se\/2022\/03\/10\/nya-riktlinjer-for-barn-och-ungdomar-presenterade\/"},"wordCount":313,"commentCount":1,"image":{"@id":"https:\/\/www.budokampsport.se\/2022\/03\/10\/nya-riktlinjer-for-barn-och-ungdomar-presenterade\/#primaryimage"},"thumbnailUrl":"https:\/\/www.budokampsport.se\/wp-content\/uploads\/2018\/12\/barn-kampsport-capoeira-budo-e1625210281522.jpg","inLanguage":"sv-SE","potentialAction":[{"@type":"CommentAction","name":"Comment","target":["https:\/\/www.budokampsport.se\/2022\/03\/10\/nya-riktlinjer-for-barn-och-ungdomar-presenterade\/#respond"]}]},{"@type":"WebPage","@id":"https:\/\/www.budokampsport.se\/2022\/03\/10\/nya-riktlinjer-for-barn-och-ungdomar-presenterade\/","url":"https:\/\/www.budokampsport.se\/2022\/03\/10\/nya-riktlinjer-for-barn-och-ungdomar-presenterade\/","name":"Nya riktlinjer f\u00f6r barn och ungdomar presenterade - Svenska Budo &amp; Kampsportsf\u00f6rbundet","isPartOf":{"@id":"https:\/\/www.budokampsport.se\/#website"},"primaryImageOfPage":{"@id":"https:\/\/www.budokampsport.se\/2022\/03\/10\/nya-riktlinjer-for-barn-och-ungdomar-presenterade\/#primaryimage"},"image":{"@id":"https:\/\/www.budokampsport.se\/2022\/03\/10\/nya-riktlinjer-for-barn-och-ungdomar-presenterade\/#primaryimage"},"thumbnailUrl":"https:\/\/www.budokampsport.se\/wp-content\/uploads\/2018\/12\/barn-kampsport-capoeira-budo-e1625210281522.jpg","datePublished":"2022-03-10T15:13:45+00:00","author":{"@id":"https:\/\/www.budokampsport.se\/#\/schema\/person\/5c06d81d14850e2a8ce5493386560145"},"description":"BARN & UNGDOM. Under g\u00e5rdagen sl\u00e4ppte RF nya riktlinjer f\u00f6r barn- och ungdomsidrott. (Foto: J\u00f6rgen Jarnberger\/BILDBYR\u00c5N)","breadcrumb":{"@id":"https:\/\/www.budokampsport.se\/2022\/03\/10\/nya-riktlinjer-for-barn-och-ungdomar-presenterade\/#breadcrumb"},"inLanguage":"sv-SE","potentialAction":[{"@type":"ReadAction","target":["https:\/\/www.budokampsport.se\/2022\/03\/10\/nya-riktlinjer-for-barn-och-ungdomar-presenterade\/"]}]},{"@type":"ImageObject","inLanguage":"sv-SE","@id":"https:\/\/www.budokampsport.se\/2022\/03\/10\/nya-riktlinjer-for-barn-och-ungdomar-presenterade\/#primaryimage","url":"https:\/\/www.budokampsport.se\/wp-content\/uploads\/2018\/12\/barn-kampsport-capoeira-budo-e1625210281522.jpg","contentUrl":"https:\/\/www.budokampsport.se\/wp-content\/uploads\/2018\/12\/barn-kampsport-capoeira-budo-e1625210281522.jpg","width":850,"height":567,"caption":"Foto: J\u00f6rgen Jarnberger\/Bildbyr\u00e5n"},{"@type":"BreadcrumbList","@id":"https:\/\/www.budokampsport.se\/2022\/03\/10\/nya-riktlinjer-for-barn-och-ungdomar-presenterade\/#breadcrumb","itemListElement":[{"@type":"ListItem","position":1,"name":"Hem","item":"https:\/\/www.budokampsport.se\/"},{"@type":"ListItem","position":2,"name":"Nya riktlinjer f\u00f6r barn och ungdomar presenterade"}]},{"@type":"WebSite","@id":"https:\/\/www.budokampsport.se\/#website","url":"https:\/\/www.budokampsport.se\/","name":"Svenska Budo &amp; Kampsportsf\u00f6rbundet","description":"T\u00e4vling, Tr\u00e4ning, Tradition","potentialAction":[{"@type":"SearchAction","target":{"@type":"EntryPoint","urlTemplate":"https:\/\/www.budokampsport.se\/?s={search_term_string}"},"query-input":{"@type":"PropertyValueSpecification","valueRequired":true,"valueName":"search_term_string"}}],"inLanguage":"sv-SE"},{"@type":"Person","@id":"https:\/\/www.budokampsport.se\/#\/schema\/person\/5c06d81d14850e2a8ce5493386560145","name":"Jonathan Broberg","image":{"@type":"ImageObject","inLanguage":"sv-SE","@id":"https:\/\/www.budokampsport.se\/#\/schema\/person\/image\/","url":"https:\/\/secure.gravatar.com\/avatar\/a58041c6cea9128bd9c40ee2f26d4136?s=96&d=blank&r=g","contentUrl":"https:\/\/secure.gravatar.com\/avatar\/a58041c6cea9128bd9c40ee2f26d4136?s=96&d=blank&r=g","caption":"Jonathan Broberg"},"sameAs":["https:\/\/www.facebook.com\/jonathan.broberg.7"],"url":"https:\/\/www.budokampsport.se\/author\/jonathan\/"}]}},"_links":{"self":[{"href":"https:\/\/www.budokampsport.se\/api\/wp\/v2\/posts\/136802","targetHints":{"allow":["GET"]}}],"collection":[{"href":"https:\/\/www.budokampsport.se\/api\/wp\/v2\/posts"}],"about":[{"href":"https:\/\/www.budokampsport.se\/api\/wp\/v2\/types\/post"}],"author":[{"embeddable":true,"href":"https:\/\/www.budokampsport.se\/api\/wp\/v2\/users\/7"}],"replies":[{"embeddable":true,"href":"https:\/\/www.budokampsport.se\/api\/wp\/v2\/comments?post=136802"}],"version-history":[{"count":0,"href":"https:\/\/www.budokampsport.se\/api\/wp\/v2\/posts\/136802\/revisions"}],"wp:featuredmedia":[{"embeddable":true,"href":"https:\/\/www.budokampsport.se\/api\/wp\/v2\/media\/88186"}],"wp:attachment":[{"href":"https:\/\/www.budokampsport.se\/api\/wp\/v2\/media?parent=136802"}],"wp:term":[{"taxonomy":"category","embeddable":true,"href":"https:\/\/www.budokampsport.se\/api\/wp\/v2\/categories?post=136802"},{"taxonomy":"post_tag","embeddable":true,"href":"https:\/\/www.budokampsport.se\/api\/wp\/v2\/tags?post=136802"}],"curies":[{"name":"wp","href":"https:\/\/api.w.org\/{rel}","templated":true}]}}