{"id":136986,"date":"2022-03-14T12:28:29","date_gmt":"2022-03-14T11:28:29","guid":{"rendered":"https:\/\/www.budokampsport.se\/?p=136986"},"modified":"2022-03-14T12:46:51","modified_gmt":"2022-03-14T11:46:51","slug":"dubbla-guld-till-bo-rocatis-i-vm","status":"publish","type":"post","link":"https:\/\/www.budokampsport.se\/2022\/03\/14\/dubbla-guld-till-bo-rocatis-i-vm\/","title":{"rendered":"Dubbla guld till Bo Rocatis i VM"},"content":{"rendered":"<p>Det blev maximal utdelning f\u00f6r den svenske landslagsdebutanten Bo Rocatis vid <a href=\"https:\/\/www.budokampsport.se\/2022\/03\/09\/bo-rocatis-historisk-svensk-deltagare\/\" target=\"_blank\" rel=\"noopener\">para-VM i kempo<\/a> \u2013 t\u00e4vlingarna i tv\u00e5 discipliner slutade med tv\u00e5 VM-guld.<\/p>\n<p>&#8211; Jag \u00e4r s\u00e5 klart j\u00e4tten\u00f6jd. Jag visste egentligen inte vad jag hade att f\u00f6rv\u00e4nta mig eller hur stort det skulle vara. Men det har varit en fantastisk erfarenhet, s\u00e4ger Rocatis till budokampsport.se.<\/p>\n<p>V\u00e4rldsm\u00e4sterskapet anordnades i kongresshallen Expoeste i den portugisiska staden Caldas da Rainha. Parallellt anordnades \u00e4ven t\u00e4vlingen <em>World All-Kempo-Styles Open Championship<\/em> (WAC). Det innebar att \u00f6ver 1 000 kempout\u00f6vare fr\u00e5n en rad olika l\u00e4nder var p\u00e5 plats.<\/p>\n<p>&#8211; Det d\u00f6k upp nya idrottare varje dag n\u00e4r vi var d\u00e4r nere. Och det var stort intresse fr\u00e5n publiken ocks\u00e5 n\u00e4r det g\u00e4llde t\u00e4vlingarna, ber\u00e4ttar han.<\/p>\n<p>P\u00e5 f\u00f6rhand var det oklart hur ut\u00f6varnas olika funktionshinder skulle v\u00e4rderas mot varandra i VM \u2013 Rocatis \u00e4r ju till exempel amputerad och anv\u00e4nder protes p\u00e5 v\u00e4nsterbenet. Och v\u00e4l p\u00e5 plats visade det sig att det i princip var \u00f6ppna klasser som g\u00e4llde inom respektive \u00e5ldersspann. F\u00f6r den 45-\u00e5rige landslagsdebutanten innebar det att han fick t\u00e4vla i veteranklassen <em>40+<\/em>.<\/p>\n<figure id=\"attachment_137007\" aria-describedby=\"caption-attachment-137007\" style=\"width: 1200px\" class=\"wp-caption aligncenter\"><img loading=\"lazy\" decoding=\"async\" class=\"size-full wp-image-137007\" src=\"https:\/\/www.budokampsport.se\/wp-content\/uploads\/2022\/03\/borocatis5-e1647257009261.jpg\" alt=\"\" width=\"1200\" height=\"800\" srcset=\"https:\/\/www.budokampsport.se\/wp-content\/uploads\/2022\/03\/borocatis5-e1647257009261.jpg 1200w, https:\/\/www.budokampsport.se\/wp-content\/uploads\/2022\/03\/borocatis5-e1647257009261-600x400.jpg 600w, https:\/\/www.budokampsport.se\/wp-content\/uploads\/2022\/03\/borocatis5-e1647257009261-376x251.jpg 376w, https:\/\/www.budokampsport.se\/wp-content\/uploads\/2022\/03\/borocatis5-e1647257009261-847x565.jpg 847w, https:\/\/www.budokampsport.se\/wp-content\/uploads\/2022\/03\/borocatis5-e1647257009261-278x185.jpg 278w, https:\/\/www.budokampsport.se\/wp-content\/uploads\/2022\/03\/borocatis5-e1647257009261-572x381.jpg 572w\" sizes=\"auto, (max-width: 1200px) 100vw, 1200px\" \/><figcaption id=\"caption-attachment-137007\" class=\"wp-caption-text\"><span style=\"font-size: 10pt;\"><em>Bo Rocatis utf\u00f6r sin kata p\u00e5 para-VM. Foto: Martin J\u00f6nsson.<\/em><\/span><\/figcaption><\/figure>\n<p>Trots att den svenska landslagsdelegationen hade flera hela dagar p\u00e5 plats i Caldas da Rainha f\u00f6ll det sig s\u00e5 att Bo Rocatis tv\u00e5 t\u00e4vlingsklasser avgjordes med mindre \u00e4n en halvtimmes mellanrum under fredagen.<\/p>\n<p>F\u00f6rst ut var t\u00e4vlingarna i <em>kata<\/em> (uppvisning).<\/p>\n<p>&#8211; Jag hade \u00f6vat in en klassisk jihon-kata, som g\u00e5r mot det japanska h\u00e5llet. Den \u00e4r kraftfull och med tempov\u00e4xlingar men som vi dragit ner tempot lite i med tanke p\u00e5 min r\u00f6relsef\u00f6rm\u00e5ga. Det tog ungef\u00e4r 2,5 minut att k\u00f6ra igenom mitt program. Det var en helt ny matta som var v\u00e4ldigt hal, det var tufft att h\u00e5lla balansen med benprotesen. Men jag h\u00f6ll mig p\u00e5 f\u00f6tterna och eftersom jag var sist ut fick jag ganska snart veta att jag hade vunnit guld, ber\u00e4ttar Bo Rocatis.<\/p>\n<p>Och inte ens 30 minuter senare klev han in i t\u00e4vlingarna i <em>semikontakt<\/em> (fighting). P\u00e5 grund av walkover i semifinalen fick han g\u00e5 direkt in i finalen, d\u00e4r han st\u00e4lldes mot en portugisisk hemmafighter.<\/p>\n<p>&#8211; Han hade begr\u00e4nsad r\u00f6rlighet i ena benet s\u00e5 det var ganska j\u00e4mna f\u00f6ruts\u00e4ttningar rent r\u00f6relsehinderm\u00e4ssigt, s\u00e4ger Rocatis. Semikontakt \u00e4r ju lite som taekwondo, man ska markera tr\u00e4ffarna snarare \u00e4n att sl\u00e5 eller sparka igenom. Man ska snabbt in i attacken och snabbt ut. Jag fick en bra start p\u00e5 matchen och fick in sparkar i b\u00e5de magen och mot huvudet som satt precis som de skulle. Men n\u00e4r jag skulle attackera igen s\u00e5 hoppade han upp och fick in ett slag mot mitt huvud, jag hann inte parera och han fick po\u00e4ng. Men det blev hans enda \u2013 jag vann finalen med 3\u20131 till slut.<\/p>\n<p>D\u00e4rmed var det andra VM-guldet p\u00e5 mindre \u00e4n en timme vunnet. Och f\u00f6rbundskaptenen Martin J\u00f6nsson var f\u00f6rst\u00e5s n\u00f6jd.<\/p>\n<p>&#8211; Bo visade verkligen upp sin t\u00e4vlingsrutin, han har ju t\u00e4vlat mycket f\u00f6rut inom andra idrotter. Det var en hel del nytt f\u00f6r oss b\u00e5da men vi har tagit det seri\u00f6st och tr\u00e4nat mycket. Bo var v\u00e4l f\u00f6rberedd och hade laddat upp bra. Det var en oklanderlig VM-insats, konstaterar han.<\/p>\n<p>Om knappt tv\u00e5 m\u00e5nader \u00e4r det dags f\u00f6r n\u00e4sta kempo-VM \u2013 detta i Tunisien, f\u00f6r idrottare utan funktionsneds\u00e4ttning p\u00e5 b\u00e5de junior- och seniorniv\u00e5. Fr\u00e5n och med 2023 talar mycket f\u00f6r att ocks\u00e5 para-VM kommer att arrangeras gemensamt med \u00f6vriga t\u00e4vlingar.<\/p>\n<p>&#8211; Jag hoppas att det blir s\u00e5. Det har funkat superbra mellan mig och Martin i Portugal, vi har varit ett riktigt bra team under VM. Men det \u00e4r lite synd att vi inte kunde vara ett helt lag d\u00e4r nere. Nu ska jag hem och tr\u00e4na med de andra i landslaget inf\u00f6r deras VM-t\u00e4vlingar, avslutar den dubble VM-guldmedalj\u00f6ren Bo Rocatis.<\/p>\n<p>Text: Mats Lilja<\/p>\n","protected":false},"excerpt":{"rendered":"<p>KEMPO. Svensken v\u00e4rldsm\u00e4stare tv\u00e5 g\u00e5nger p\u00e5 samma dag i Portugal.<br \/><br>(Foto: Martin J\u00f6nsson)<\/p><br>","protected":false},"author":914,"featured_media":136989,"comment_status":"open","ping_status":"open","sticky":false,"template":"","format":"standard","meta":{"_acf_changed":false,"footnotes":""},"categories":[1],"tags":[],"class_list":["post-136986","post","type-post","status-publish","format-standard","has-post-thumbnail","hentry","category-okategoriserade"],"acf":[],"yoast_head":"<!-- This site is optimized with the Yoast SEO plugin v26.8 - https:\/\/yoast.com\/product\/yoast-seo-wordpress\/ -->\n<title>Dubbla guld till Bo Rocatis i VM - Svenska Budo &amp; Kampsportsf\u00f6rbundet<\/title>\n<meta name=\"description\" content=\"KEMPO. Svensken v\u00e4rldsm\u00e4stare tv\u00e5 g\u00e5nger p\u00e5 samma dag i Portugal. (Foto: Martin J\u00f6nsson)\" \/>\n<meta name=\"robots\" content=\"index, follow, max-snippet:-1, max-image-preview:large, max-video-preview:-1\" \/>\n<link rel=\"canonical\" href=\"https:\/\/www.budokampsport.se\/2022\/03\/14\/dubbla-guld-till-bo-rocatis-i-vm\/\" \/>\n<meta property=\"og:locale\" content=\"sv_SE\" \/>\n<meta property=\"og:type\" content=\"article\" \/>\n<meta property=\"og:title\" content=\"Dubbla guld till Bo Rocatis i VM - Svenska Budo &amp; Kampsportsf\u00f6rbundet\" \/>\n<meta property=\"og:description\" content=\"KEMPO. Svensken v\u00e4rldsm\u00e4stare tv\u00e5 g\u00e5nger p\u00e5 samma dag i Portugal. (Foto: Martin J\u00f6nsson)\" \/>\n<meta property=\"og:url\" content=\"https:\/\/www.budokampsport.se\/2022\/03\/14\/dubbla-guld-till-bo-rocatis-i-vm\/\" \/>\n<meta property=\"og:site_name\" content=\"Svenska Budo &amp; Kampsportsf\u00f6rbundet\" \/>\n<meta property=\"article:published_time\" content=\"2022-03-14T11:28:29+00:00\" \/>\n<meta property=\"article:modified_time\" content=\"2022-03-14T11:46:51+00:00\" \/>\n<meta property=\"og:image\" content=\"https:\/\/www.budokampsport.se\/wp-content\/uploads\/2022\/03\/borocatis4-e1647208213201.jpg\" \/>\n\t<meta property=\"og:image:width\" content=\"1200\" \/>\n\t<meta property=\"og:image:height\" content=\"800\" \/>\n\t<meta property=\"og:image:type\" content=\"image\/jpeg\" \/>\n<meta name=\"author\" content=\"Mats Lilja\" \/>\n<meta name=\"twitter:card\" content=\"summary_large_image\" \/>\n<meta name=\"twitter:label1\" content=\"Skriven av\" \/>\n\t<meta name=\"twitter:data1\" content=\"Mats Lilja\" \/>\n\t<meta name=\"twitter:label2\" content=\"Ber\u00e4knad l\u00e4stid\" \/>\n\t<meta name=\"twitter:data2\" content=\"4 minuter\" \/>\n<script type=\"application\/ld+json\" class=\"yoast-schema-graph\">{\"@context\":\"https:\/\/schema.org\",\"@graph\":[{\"@type\":\"Article\",\"@id\":\"https:\/\/www.budokampsport.se\/2022\/03\/14\/dubbla-guld-till-bo-rocatis-i-vm\/#article\",\"isPartOf\":{\"@id\":\"https:\/\/www.budokampsport.se\/2022\/03\/14\/dubbla-guld-till-bo-rocatis-i-vm\/\"},\"author\":{\"name\":\"Mats Lilja\",\"@id\":\"https:\/\/www.budokampsport.se\/#\/schema\/person\/d80c0bc61f1787703168fc250ce69522\"},\"headline\":\"Dubbla guld till Bo Rocatis i VM\",\"datePublished\":\"2022-03-14T11:28:29+00:00\",\"dateModified\":\"2022-03-14T11:46:51+00:00\",\"mainEntityOfPage\":{\"@id\":\"https:\/\/www.budokampsport.se\/2022\/03\/14\/dubbla-guld-till-bo-rocatis-i-vm\/\"},\"wordCount\":724,\"commentCount\":0,\"image\":{\"@id\":\"https:\/\/www.budokampsport.se\/2022\/03\/14\/dubbla-guld-till-bo-rocatis-i-vm\/#primaryimage\"},\"thumbnailUrl\":\"https:\/\/www.budokampsport.se\/wp-content\/uploads\/2022\/03\/borocatis4-e1647208213201.jpg\",\"inLanguage\":\"sv-SE\",\"potentialAction\":[{\"@type\":\"CommentAction\",\"name\":\"Comment\",\"target\":[\"https:\/\/www.budokampsport.se\/2022\/03\/14\/dubbla-guld-till-bo-rocatis-i-vm\/#respond\"]}]},{\"@type\":\"WebPage\",\"@id\":\"https:\/\/www.budokampsport.se\/2022\/03\/14\/dubbla-guld-till-bo-rocatis-i-vm\/\",\"url\":\"https:\/\/www.budokampsport.se\/2022\/03\/14\/dubbla-guld-till-bo-rocatis-i-vm\/\",\"name\":\"Dubbla guld till Bo Rocatis i VM - Svenska Budo &amp; Kampsportsf\u00f6rbundet\",\"isPartOf\":{\"@id\":\"https:\/\/www.budokampsport.se\/#website\"},\"primaryImageOfPage\":{\"@id\":\"https:\/\/www.budokampsport.se\/2022\/03\/14\/dubbla-guld-till-bo-rocatis-i-vm\/#primaryimage\"},\"image\":{\"@id\":\"https:\/\/www.budokampsport.se\/2022\/03\/14\/dubbla-guld-till-bo-rocatis-i-vm\/#primaryimage\"},\"thumbnailUrl\":\"https:\/\/www.budokampsport.se\/wp-content\/uploads\/2022\/03\/borocatis4-e1647208213201.jpg\",\"datePublished\":\"2022-03-14T11:28:29+00:00\",\"dateModified\":\"2022-03-14T11:46:51+00:00\",\"author\":{\"@id\":\"https:\/\/www.budokampsport.se\/#\/schema\/person\/d80c0bc61f1787703168fc250ce69522\"},\"description\":\"KEMPO. Svensken v\u00e4rldsm\u00e4stare tv\u00e5 g\u00e5nger p\u00e5 samma dag i Portugal. (Foto: Martin J\u00f6nsson)\",\"breadcrumb\":{\"@id\":\"https:\/\/www.budokampsport.se\/2022\/03\/14\/dubbla-guld-till-bo-rocatis-i-vm\/#breadcrumb\"},\"inLanguage\":\"sv-SE\",\"potentialAction\":[{\"@type\":\"ReadAction\",\"target\":[\"https:\/\/www.budokampsport.se\/2022\/03\/14\/dubbla-guld-till-bo-rocatis-i-vm\/\"]}]},{\"@type\":\"ImageObject\",\"inLanguage\":\"sv-SE\",\"@id\":\"https:\/\/www.budokampsport.se\/2022\/03\/14\/dubbla-guld-till-bo-rocatis-i-vm\/#primaryimage\",\"url\":\"https:\/\/www.budokampsport.se\/wp-content\/uploads\/2022\/03\/borocatis4-e1647208213201.jpg\",\"contentUrl\":\"https:\/\/www.budokampsport.se\/wp-content\/uploads\/2022\/03\/borocatis4-e1647208213201.jpg\",\"width\":1200,\"height\":800,\"caption\":\"Foto: Martin J\u00f6nsson.\"},{\"@type\":\"BreadcrumbList\",\"@id\":\"https:\/\/www.budokampsport.se\/2022\/03\/14\/dubbla-guld-till-bo-rocatis-i-vm\/#breadcrumb\",\"itemListElement\":[{\"@type\":\"ListItem\",\"position\":1,\"name\":\"Hem\",\"item\":\"https:\/\/www.budokampsport.se\/\"},{\"@type\":\"ListItem\",\"position\":2,\"name\":\"Dubbla guld till Bo Rocatis i VM\"}]},{\"@type\":\"WebSite\",\"@id\":\"https:\/\/www.budokampsport.se\/#website\",\"url\":\"https:\/\/www.budokampsport.se\/\",\"name\":\"Svenska Budo &amp; Kampsportsf\u00f6rbundet\",\"description\":\"T\u00e4vling, Tr\u00e4ning, Tradition\",\"potentialAction\":[{\"@type\":\"SearchAction\",\"target\":{\"@type\":\"EntryPoint\",\"urlTemplate\":\"https:\/\/www.budokampsport.se\/?s={search_term_string}\"},\"query-input\":{\"@type\":\"PropertyValueSpecification\",\"valueRequired\":true,\"valueName\":\"search_term_string\"}}],\"inLanguage\":\"sv-SE\"},{\"@type\":\"Person\",\"@id\":\"https:\/\/www.budokampsport.se\/#\/schema\/person\/d80c0bc61f1787703168fc250ce69522\",\"name\":\"Mats Lilja\",\"image\":{\"@type\":\"ImageObject\",\"inLanguage\":\"sv-SE\",\"@id\":\"https:\/\/www.budokampsport.se\/#\/schema\/person\/image\/\",\"url\":\"https:\/\/secure.gravatar.com\/avatar\/607f84918e96abe1ebbd8611782fa57d?s=96&d=blank&r=g\",\"contentUrl\":\"https:\/\/secure.gravatar.com\/avatar\/607f84918e96abe1ebbd8611782fa57d?s=96&d=blank&r=g\",\"caption\":\"Mats Lilja\"},\"url\":\"https:\/\/www.budokampsport.se\/author\/mats-lilja\/\"}]}<\/script>\n<!-- \/ Yoast SEO plugin. -->","yoast_head_json":{"title":"Dubbla guld till Bo Rocatis i VM - Svenska Budo &amp; Kampsportsf\u00f6rbundet","description":"KEMPO. Svensken v\u00e4rldsm\u00e4stare tv\u00e5 g\u00e5nger p\u00e5 samma dag i Portugal. (Foto: Martin J\u00f6nsson)","robots":{"index":"index","follow":"follow","max-snippet":"max-snippet:-1","max-image-preview":"max-image-preview:large","max-video-preview":"max-video-preview:-1"},"canonical":"https:\/\/www.budokampsport.se\/2022\/03\/14\/dubbla-guld-till-bo-rocatis-i-vm\/","og_locale":"sv_SE","og_type":"article","og_title":"Dubbla guld till Bo Rocatis i VM - Svenska Budo &amp; Kampsportsf\u00f6rbundet","og_description":"KEMPO. Svensken v\u00e4rldsm\u00e4stare tv\u00e5 g\u00e5nger p\u00e5 samma dag i Portugal. (Foto: Martin J\u00f6nsson)","og_url":"https:\/\/www.budokampsport.se\/2022\/03\/14\/dubbla-guld-till-bo-rocatis-i-vm\/","og_site_name":"Svenska Budo &amp; Kampsportsf\u00f6rbundet","article_published_time":"2022-03-14T11:28:29+00:00","article_modified_time":"2022-03-14T11:46:51+00:00","og_image":[{"width":1200,"height":800,"url":"https:\/\/www.budokampsport.se\/wp-content\/uploads\/2022\/03\/borocatis4-e1647208213201.jpg","type":"image\/jpeg"}],"author":"Mats Lilja","twitter_card":"summary_large_image","twitter_misc":{"Skriven av":"Mats Lilja","Ber\u00e4knad l\u00e4stid":"4 minuter"},"schema":{"@context":"https:\/\/schema.org","@graph":[{"@type":"Article","@id":"https:\/\/www.budokampsport.se\/2022\/03\/14\/dubbla-guld-till-bo-rocatis-i-vm\/#article","isPartOf":{"@id":"https:\/\/www.budokampsport.se\/2022\/03\/14\/dubbla-guld-till-bo-rocatis-i-vm\/"},"author":{"name":"Mats Lilja","@id":"https:\/\/www.budokampsport.se\/#\/schema\/person\/d80c0bc61f1787703168fc250ce69522"},"headline":"Dubbla guld till Bo Rocatis i VM","datePublished":"2022-03-14T11:28:29+00:00","dateModified":"2022-03-14T11:46:51+00:00","mainEntityOfPage":{"@id":"https:\/\/www.budokampsport.se\/2022\/03\/14\/dubbla-guld-till-bo-rocatis-i-vm\/"},"wordCount":724,"commentCount":0,"image":{"@id":"https:\/\/www.budokampsport.se\/2022\/03\/14\/dubbla-guld-till-bo-rocatis-i-vm\/#primaryimage"},"thumbnailUrl":"https:\/\/www.budokampsport.se\/wp-content\/uploads\/2022\/03\/borocatis4-e1647208213201.jpg","inLanguage":"sv-SE","potentialAction":[{"@type":"CommentAction","name":"Comment","target":["https:\/\/www.budokampsport.se\/2022\/03\/14\/dubbla-guld-till-bo-rocatis-i-vm\/#respond"]}]},{"@type":"WebPage","@id":"https:\/\/www.budokampsport.se\/2022\/03\/14\/dubbla-guld-till-bo-rocatis-i-vm\/","url":"https:\/\/www.budokampsport.se\/2022\/03\/14\/dubbla-guld-till-bo-rocatis-i-vm\/","name":"Dubbla guld till Bo Rocatis i VM - Svenska Budo &amp; Kampsportsf\u00f6rbundet","isPartOf":{"@id":"https:\/\/www.budokampsport.se\/#website"},"primaryImageOfPage":{"@id":"https:\/\/www.budokampsport.se\/2022\/03\/14\/dubbla-guld-till-bo-rocatis-i-vm\/#primaryimage"},"image":{"@id":"https:\/\/www.budokampsport.se\/2022\/03\/14\/dubbla-guld-till-bo-rocatis-i-vm\/#primaryimage"},"thumbnailUrl":"https:\/\/www.budokampsport.se\/wp-content\/uploads\/2022\/03\/borocatis4-e1647208213201.jpg","datePublished":"2022-03-14T11:28:29+00:00","dateModified":"2022-03-14T11:46:51+00:00","author":{"@id":"https:\/\/www.budokampsport.se\/#\/schema\/person\/d80c0bc61f1787703168fc250ce69522"},"description":"KEMPO. Svensken v\u00e4rldsm\u00e4stare tv\u00e5 g\u00e5nger p\u00e5 samma dag i Portugal. (Foto: Martin J\u00f6nsson)","breadcrumb":{"@id":"https:\/\/www.budokampsport.se\/2022\/03\/14\/dubbla-guld-till-bo-rocatis-i-vm\/#breadcrumb"},"inLanguage":"sv-SE","potentialAction":[{"@type":"ReadAction","target":["https:\/\/www.budokampsport.se\/2022\/03\/14\/dubbla-guld-till-bo-rocatis-i-vm\/"]}]},{"@type":"ImageObject","inLanguage":"sv-SE","@id":"https:\/\/www.budokampsport.se\/2022\/03\/14\/dubbla-guld-till-bo-rocatis-i-vm\/#primaryimage","url":"https:\/\/www.budokampsport.se\/wp-content\/uploads\/2022\/03\/borocatis4-e1647208213201.jpg","contentUrl":"https:\/\/www.budokampsport.se\/wp-content\/uploads\/2022\/03\/borocatis4-e1647208213201.jpg","width":1200,"height":800,"caption":"Foto: Martin J\u00f6nsson."},{"@type":"BreadcrumbList","@id":"https:\/\/www.budokampsport.se\/2022\/03\/14\/dubbla-guld-till-bo-rocatis-i-vm\/#breadcrumb","itemListElement":[{"@type":"ListItem","position":1,"name":"Hem","item":"https:\/\/www.budokampsport.se\/"},{"@type":"ListItem","position":2,"name":"Dubbla guld till Bo Rocatis i VM"}]},{"@type":"WebSite","@id":"https:\/\/www.budokampsport.se\/#website","url":"https:\/\/www.budokampsport.se\/","name":"Svenska Budo &amp; Kampsportsf\u00f6rbundet","description":"T\u00e4vling, Tr\u00e4ning, Tradition","potentialAction":[{"@type":"SearchAction","target":{"@type":"EntryPoint","urlTemplate":"https:\/\/www.budokampsport.se\/?s={search_term_string}"},"query-input":{"@type":"PropertyValueSpecification","valueRequired":true,"valueName":"search_term_string"}}],"inLanguage":"sv-SE"},{"@type":"Person","@id":"https:\/\/www.budokampsport.se\/#\/schema\/person\/d80c0bc61f1787703168fc250ce69522","name":"Mats Lilja","image":{"@type":"ImageObject","inLanguage":"sv-SE","@id":"https:\/\/www.budokampsport.se\/#\/schema\/person\/image\/","url":"https:\/\/secure.gravatar.com\/avatar\/607f84918e96abe1ebbd8611782fa57d?s=96&d=blank&r=g","contentUrl":"https:\/\/secure.gravatar.com\/avatar\/607f84918e96abe1ebbd8611782fa57d?s=96&d=blank&r=g","caption":"Mats Lilja"},"url":"https:\/\/www.budokampsport.se\/author\/mats-lilja\/"}]}},"_links":{"self":[{"href":"https:\/\/www.budokampsport.se\/api\/wp\/v2\/posts\/136986","targetHints":{"allow":["GET"]}}],"collection":[{"href":"https:\/\/www.budokampsport.se\/api\/wp\/v2\/posts"}],"about":[{"href":"https:\/\/www.budokampsport.se\/api\/wp\/v2\/types\/post"}],"author":[{"embeddable":true,"href":"https:\/\/www.budokampsport.se\/api\/wp\/v2\/users\/914"}],"replies":[{"embeddable":true,"href":"https:\/\/www.budokampsport.se\/api\/wp\/v2\/comments?post=136986"}],"version-history":[{"count":0,"href":"https:\/\/www.budokampsport.se\/api\/wp\/v2\/posts\/136986\/revisions"}],"wp:featuredmedia":[{"embeddable":true,"href":"https:\/\/www.budokampsport.se\/api\/wp\/v2\/media\/136989"}],"wp:attachment":[{"href":"https:\/\/www.budokampsport.se\/api\/wp\/v2\/media?parent=136986"}],"wp:term":[{"taxonomy":"category","embeddable":true,"href":"https:\/\/www.budokampsport.se\/api\/wp\/v2\/categories?post=136986"},{"taxonomy":"post_tag","embeddable":true,"href":"https:\/\/www.budokampsport.se\/api\/wp\/v2\/tags?post=136986"}],"curies":[{"name":"wp","href":"https:\/\/api.w.org\/{rel}","templated":true}]}}