{"id":137302,"date":"2022-03-22T14:16:04","date_gmt":"2022-03-22T13:16:04","guid":{"rendered":"https:\/\/www.budokampsport.se\/?p=137302"},"modified":"2022-03-23T09:35:07","modified_gmt":"2022-03-23T08:35:07","slug":"rapporten-tva-ar-med-corona-presenteras","status":"publish","type":"post","link":"https:\/\/www.budokampsport.se\/2022\/03\/22\/rapporten-tva-ar-med-corona-presenteras\/","title":{"rendered":"Rapporten \u201dTv\u00e5 \u00e5r med corona\u201d presenteras \u2013 kampsporten fortsatt h\u00e5rt drabbad"},"content":{"rendered":"<p>Idag sl\u00e4pps Riksidrottsf\u00f6rbundets rapport <em>Tv\u00e5 \u00e5r med corona<\/em>. I den har effekterna av coronapandemin och efterf\u00f6ljande restriktioner unders\u00f6kts. N\u00e4rmare 2 500 svenska idrottsf\u00f6reningar har svarat p\u00e5 enk\u00e4tfr\u00e5gor och dessutom har intervjuer genomf\u00f6rts med bland annat specialidrottsf\u00f6rbund (SF) och deras distrikt (SDF).<\/p>\n<p>Svenska Budo &amp; Kampsportsf\u00f6rbundet \u00e4r ett av f\u00f6rbunden som har deltagit i arbetet, detta \u00e4ven p\u00e5 distrikts- och f\u00f6reningsniv\u00e5. I egenskap av SF har man representerats av idrottskonsulenten Pilo Stylin p\u00e5 kansliet.<\/p>\n<p>&#8211; Vi vet om att m\u00e5nga av v\u00e5ra f\u00f6reningar har haft det tufft, framf\u00f6r allt under vissa perioder. Jag har d\u00e4rf\u00f6r framf\u00f6rt den \u00e5terkoppling vi har f\u00e5tt fr\u00e5n f\u00f6reningarna och underf\u00f6rbunden och har f\u00f6rs\u00f6kt att ge en sammanfattad bild av hur just budo och kampsporterna har drabbats, s\u00e4ger han.<\/p>\n<p>Och det \u00e4r tydligt att den negativa trenden, som fastslogs i <a href=\"https:\/\/www.budokampsport.se\/2021\/03\/16\/chocksiffror-for-forbundets-foreningar\/\" target=\"_blank\" rel=\"noopener\">en RF-rapport<\/a> f\u00f6r ett \u00e5r sen, h\u00e5llit i sig f\u00f6r v\u00e5ra idrottsf\u00f6reningar. \u00c5terh\u00e4mtningen f\u00f6r barn- och ungdomsidrotten under hel\u00e5ret 2021 var beskedlig.<\/p>\n<p>Bland annat konstateras det \u00e5terigen att SB&amp;K:s idrotter har drabbats extra h\u00e5rt av pandemin om man ser till antalet deltagartillf\u00e4llen inom <a href=\"https:\/\/www.rf.se\/bidragochstod\/lok-stod\" target=\"_blank\" rel=\"noopener\">LOK-st\u00f6det<\/a> (i \u00e5ldrarna 7-25 \u00e5r samt f\u00f6r paraidrott). 2019 genomf\u00f6rdes n\u00e4stan 1,44 miljoner deltagartillf\u00e4llen inom f\u00f6rbundet \u2013 2021 var de under en miljon. Det \u00e4r en minskning med hela 31%.<\/p>\n<p>Dessutom s\u00e5 bed\u00f6ms de olika kampsportsf\u00f6rbunden ha f\u00f6rlorat upp mot 40% av sina ledare enligt den nya rapporten.<\/p>\n<p>&#8211; Tyv\u00e4rr ser vi att m\u00e5nga av v\u00e5ra tr\u00e4nare och ledare har f\u00f6rsvunnit, vilket g\u00f6r att situationen p\u00e5 m\u00e5nga h\u00e5ll \u00e4r fortsatt anstr\u00e4ngd \u00e4ven om restriktionerna har sl\u00e4ppts och att ut\u00f6varna hittar tillbaka. Det \u00e4r p\u00e5frestande att komma ig\u00e5ng igen med en mindre tr\u00e4narstab, s\u00e4ger Pilo Stylin.<\/p>\n<p>Han tror att \u00e5terh\u00e4mtningen kommer att forts\u00e4tta \u00e4ven om det kommer att dr\u00f6ja innan f\u00f6rbundets f\u00f6reningar \u00e4r tillbaka p\u00e5 2019 \u00e5rs niv\u00e5 igen n\u00e4r det g\u00e4ller deltagartillf\u00e4llen. Vad g\u00e4ller vuxenidrotten m\u00e4ts den inte p\u00e5 samma s\u00e4tt.<\/p>\n<p>&#8211; Vad vi s\u00e5g under h\u00f6sten 2021, n\u00e4r restriktionerna l\u00e4ttade, var att verksamheten n\u00e4stan rivstartade. Medlemmarna str\u00f6mmade tillbaka och en stor m\u00e4ngd nya medlemmar s\u00f6kte sig till v\u00e5ra f\u00f6reningar. Samtidigt s\u00e5 tar barn- och ungdomsverksamheten lite l\u00e4ngre tid att starta upp. Det kr\u00e4vs fler ledare \u00e4n under vuxentr\u00e4ning och barnen kanske inte h\u00e4nger p\u00e5 l\u00e5set p\u00e5 samma s\u00e4tt som de vuxna gjort, s\u00e4ger Pilo Stylin.<\/p>\n<table style=\"border-collapse: collapse; width: 100%;\">\n<tbody>\n<tr>\n<td style=\"width: 100%;\" colspan=\"4\"><span style=\"font-size: 10pt;\"><strong>ANTAL AKTIVITETER INOM SB&amp;K<\/strong><\/span><\/td>\n<\/tr>\n<tr>\n<td style=\"width: 25%; text-align: right;\"><strong><span style=\"font-size: 10pt;\">2019<\/span><\/strong><br \/>\n125 754<\/td>\n<td style=\"width: 25%; text-align: right;\"><span style=\"font-size: 10pt;\"><strong>2021<\/strong><\/span><br \/>\n96 791<\/td>\n<td style=\"width: 25%; text-align: right;\"><span style=\"font-size: 10pt;\"><strong>F\u00f6r\u00e4ndring<\/strong><\/span><br \/>\n-28 963<\/td>\n<td style=\"width: 25%; text-align: right;\"><strong><span style=\"font-size: 10pt;\">Procentuellt<\/span><\/strong><br \/>\n-23%<\/td>\n<\/tr>\n<\/tbody>\n<\/table>\n<p>&nbsp;<\/p>\n<table style=\"border-collapse: collapse; width: 100%;\">\n<tbody>\n<tr>\n<td style=\"width: 25%;\" colspan=\"4\"><span style=\"font-size: 10pt;\"><strong>ANTAL DELTAGARTILLF\u00c4LLEN INOM SB&amp;K<\/strong><\/span><\/td>\n<\/tr>\n<tr>\n<td style=\"width: 25%; text-align: right;\"><strong><span style=\"font-size: 10pt;\">2019<\/span><\/strong><br \/>\n1 436 529<\/td>\n<td style=\"width: 25%; text-align: right;\"><span style=\"font-size: 10pt;\"><strong>2021<\/strong><\/span><br \/>\n992 457<\/td>\n<td style=\"width: 25%; text-align: right;\"><span style=\"font-size: 10pt;\"><strong>F\u00f6r\u00e4ndring<\/strong><\/span><br \/>\n-444 072<\/td>\n<td style=\"width: 25%; text-align: right;\"><strong><span style=\"font-size: 10pt;\">Procentuellt<\/span><\/strong><br \/>\n-31%<\/td>\n<\/tr>\n<\/tbody>\n<\/table>\n<p><span style=\"font-size: 10pt;\"><em>Siffrorna avser LOK-st\u00f6d under perioden 2019\u20132021.<\/em><\/span><\/p>\n<p>Riksidrottsf\u00f6rbundet pekar i rapporten p\u00e5 fem punkter som kr\u00e4vs f\u00f6r att kunna \u00e5terstarta idrottsr\u00f6relsen igen efter pandemin:<\/p>\n<ol>\n<li>Fortsatt l\u00e5ngsiktigt ekonomiskt st\u00f6d f\u00f6r att kunna bygga upp idrottsr\u00f6relsen igen, fr\u00e5n barn- och bredd- till elitidrott.<\/li>\n<li>St\u00f6d i att rekrytera nya aktiva, ledare, domare och funktion\u00e4rer.<\/li>\n<li>St\u00f6d att beta av utbildningsskulden hos ledare\/tr\u00e4nare, domare och funktion\u00e4rer, b\u00e5de genom folkbildning och de mer traditionella tr\u00e4nar- och ledarutbildningar hos specialidrottsf\u00f6rbunden.<\/li>\n<li>St\u00f6d f\u00f6r att \u00e5teruppta det utvecklingsarbete som p\u00e5 m\u00e5nga st\u00e4llen har stannat av.<\/li>\n<li>Kostnadseffektiva l\u00f6sningar f\u00f6r att beh\u00e5lla den digitalisering som har skett, utan att det blir f\u00f6r oflexibelt och fyrkantigt.<\/li>\n<\/ol>\n<p>Hela rapporten finns publicerad p\u00e5 Riksidrottsf\u00f6rbundets hemsida:<br \/>\n<strong>\u00bb <a href=\"https:\/\/www.rf.se\/globalassets\/riksidrottsforbundet\/nya-dokument\/nya-dokumentbanken\/ovrigt\/tva-ar-med-corona.pdf\" target=\"_blank\" rel=\"noopener\">Tv\u00e5 \u00e5r med corona<\/a><\/strong><br \/>\n<strong>\u00bb <a href=\"https:\/\/www.rf.se\/globalassets\/riksidrottsforbundet\/nya-dokument\/nya-dokumentbanken\/ovrigt\/lok-stod-2021-jamfort-med-2019.xlsx\" target=\"_blank\" rel=\"noopener\">LOK-statistik 2019-2021<\/a><\/strong><br \/>\n<strong>\u00bb <a href=\"https:\/\/www.rf.se\/Nyheter\/Allanyheter\/stororofortonaringarnaeftertvaarmedcorona\" target=\"_blank\" rel=\"noopener\">Stor oro f\u00f6r ton\u00e5ringarna<\/a><\/strong><\/p>\n<p>Text: Mats Lilja<\/p>\n","protected":false},"excerpt":{"rendered":"<p>SB&#038;K\/RF. Ny rapport g\u00e4llande bland annat LOK-st\u00f6det visar att f\u00f6reningarna fortfarande \u00e4r l\u00e5ngt fr\u00e5n siffrorna innan pandemin.<br \/><br>(foto: Nicklas Elmrin\/Bildbyr\u00e5n)<\/p><br>","protected":false},"author":914,"featured_media":137308,"comment_status":"open","ping_status":"open","sticky":false,"template":"","format":"standard","meta":{"_acf_changed":false,"footnotes":""},"categories":[1],"tags":[],"class_list":["post-137302","post","type-post","status-publish","format-standard","has-post-thumbnail","hentry","category-okategoriserade"],"acf":[],"yoast_head":"<!-- This site is optimized with the Yoast SEO plugin v26.8 - https:\/\/yoast.com\/product\/yoast-seo-wordpress\/ -->\n<title>Rapporten \u201dTv\u00e5 \u00e5r med corona\u201d presenteras \u2013 kampsporten fortsatt h\u00e5rt drabbad - Svenska Budo &amp; Kampsportsf\u00f6rbundet<\/title>\n<meta name=\"description\" content=\"SB&amp;K\/RF. Ny rapport g\u00e4llande bland annat LOK-st\u00f6det visar att f\u00f6reningarna fortfarande \u00e4r l\u00e5ngt fr\u00e5n siffrorna innan pandemin. (foto: Nicklas Elmrin\/Bildbyr\u00e5n)\" \/>\n<meta name=\"robots\" content=\"index, follow, max-snippet:-1, max-image-preview:large, max-video-preview:-1\" \/>\n<link rel=\"canonical\" href=\"https:\/\/www.budokampsport.se\/2022\/03\/22\/rapporten-tva-ar-med-corona-presenteras\/\" \/>\n<meta property=\"og:locale\" content=\"sv_SE\" \/>\n<meta property=\"og:type\" content=\"article\" \/>\n<meta property=\"og:title\" content=\"Rapporten \u201dTv\u00e5 \u00e5r med corona\u201d presenteras \u2013 kampsporten fortsatt h\u00e5rt drabbad - Svenska Budo &amp; Kampsportsf\u00f6rbundet\" \/>\n<meta property=\"og:description\" content=\"SB&amp;K\/RF. Ny rapport g\u00e4llande bland annat LOK-st\u00f6det visar att f\u00f6reningarna fortfarande \u00e4r l\u00e5ngt fr\u00e5n siffrorna innan pandemin. (foto: Nicklas Elmrin\/Bildbyr\u00e5n)\" \/>\n<meta property=\"og:url\" content=\"https:\/\/www.budokampsport.se\/2022\/03\/22\/rapporten-tva-ar-med-corona-presenteras\/\" \/>\n<meta property=\"og:site_name\" content=\"Svenska Budo &amp; Kampsportsf\u00f6rbundet\" \/>\n<meta property=\"article:published_time\" content=\"2022-03-22T13:16:04+00:00\" \/>\n<meta property=\"article:modified_time\" content=\"2022-03-23T08:35:07+00:00\" \/>\n<meta property=\"og:image\" content=\"https:\/\/www.budokampsport.se\/wp-content\/uploads\/2022\/03\/ne-aikido116.jpg\" \/>\n\t<meta property=\"og:image:width\" content=\"1200\" \/>\n\t<meta property=\"og:image:height\" content=\"800\" \/>\n\t<meta property=\"og:image:type\" content=\"image\/jpeg\" \/>\n<meta name=\"author\" content=\"Mats Lilja\" \/>\n<meta name=\"twitter:card\" content=\"summary_large_image\" \/>\n<meta name=\"twitter:label1\" content=\"Skriven av\" \/>\n\t<meta name=\"twitter:data1\" content=\"Mats Lilja\" \/>\n\t<meta name=\"twitter:label2\" content=\"Ber\u00e4knad l\u00e4stid\" \/>\n\t<meta name=\"twitter:data2\" content=\"3 minuter\" \/>\n<script type=\"application\/ld+json\" class=\"yoast-schema-graph\">{\"@context\":\"https:\/\/schema.org\",\"@graph\":[{\"@type\":\"Article\",\"@id\":\"https:\/\/www.budokampsport.se\/2022\/03\/22\/rapporten-tva-ar-med-corona-presenteras\/#article\",\"isPartOf\":{\"@id\":\"https:\/\/www.budokampsport.se\/2022\/03\/22\/rapporten-tva-ar-med-corona-presenteras\/\"},\"author\":{\"name\":\"Mats Lilja\",\"@id\":\"https:\/\/www.budokampsport.se\/#\/schema\/person\/d80c0bc61f1787703168fc250ce69522\"},\"headline\":\"Rapporten \u201dTv\u00e5 \u00e5r med corona\u201d presenteras \u2013 kampsporten fortsatt h\u00e5rt drabbad\",\"datePublished\":\"2022-03-22T13:16:04+00:00\",\"dateModified\":\"2022-03-23T08:35:07+00:00\",\"mainEntityOfPage\":{\"@id\":\"https:\/\/www.budokampsport.se\/2022\/03\/22\/rapporten-tva-ar-med-corona-presenteras\/\"},\"wordCount\":642,\"commentCount\":0,\"image\":{\"@id\":\"https:\/\/www.budokampsport.se\/2022\/03\/22\/rapporten-tva-ar-med-corona-presenteras\/#primaryimage\"},\"thumbnailUrl\":\"https:\/\/www.budokampsport.se\/wp-content\/uploads\/2022\/03\/ne-aikido116.jpg\",\"inLanguage\":\"sv-SE\",\"potentialAction\":[{\"@type\":\"CommentAction\",\"name\":\"Comment\",\"target\":[\"https:\/\/www.budokampsport.se\/2022\/03\/22\/rapporten-tva-ar-med-corona-presenteras\/#respond\"]}]},{\"@type\":\"WebPage\",\"@id\":\"https:\/\/www.budokampsport.se\/2022\/03\/22\/rapporten-tva-ar-med-corona-presenteras\/\",\"url\":\"https:\/\/www.budokampsport.se\/2022\/03\/22\/rapporten-tva-ar-med-corona-presenteras\/\",\"name\":\"Rapporten \u201dTv\u00e5 \u00e5r med corona\u201d presenteras \u2013 kampsporten fortsatt h\u00e5rt drabbad - Svenska Budo &amp; Kampsportsf\u00f6rbundet\",\"isPartOf\":{\"@id\":\"https:\/\/www.budokampsport.se\/#website\"},\"primaryImageOfPage\":{\"@id\":\"https:\/\/www.budokampsport.se\/2022\/03\/22\/rapporten-tva-ar-med-corona-presenteras\/#primaryimage\"},\"image\":{\"@id\":\"https:\/\/www.budokampsport.se\/2022\/03\/22\/rapporten-tva-ar-med-corona-presenteras\/#primaryimage\"},\"thumbnailUrl\":\"https:\/\/www.budokampsport.se\/wp-content\/uploads\/2022\/03\/ne-aikido116.jpg\",\"datePublished\":\"2022-03-22T13:16:04+00:00\",\"dateModified\":\"2022-03-23T08:35:07+00:00\",\"author\":{\"@id\":\"https:\/\/www.budokampsport.se\/#\/schema\/person\/d80c0bc61f1787703168fc250ce69522\"},\"description\":\"SB&K\/RF. Ny rapport g\u00e4llande bland annat LOK-st\u00f6det visar att f\u00f6reningarna fortfarande \u00e4r l\u00e5ngt fr\u00e5n siffrorna innan pandemin. (foto: Nicklas Elmrin\/Bildbyr\u00e5n)\",\"breadcrumb\":{\"@id\":\"https:\/\/www.budokampsport.se\/2022\/03\/22\/rapporten-tva-ar-med-corona-presenteras\/#breadcrumb\"},\"inLanguage\":\"sv-SE\",\"potentialAction\":[{\"@type\":\"ReadAction\",\"target\":[\"https:\/\/www.budokampsport.se\/2022\/03\/22\/rapporten-tva-ar-med-corona-presenteras\/\"]}]},{\"@type\":\"ImageObject\",\"inLanguage\":\"sv-SE\",\"@id\":\"https:\/\/www.budokampsport.se\/2022\/03\/22\/rapporten-tva-ar-med-corona-presenteras\/#primaryimage\",\"url\":\"https:\/\/www.budokampsport.se\/wp-content\/uploads\/2022\/03\/ne-aikido116.jpg\",\"contentUrl\":\"https:\/\/www.budokampsport.se\/wp-content\/uploads\/2022\/03\/ne-aikido116.jpg\",\"width\":1200,\"height\":800,\"caption\":\"181207 Bilder fr\u00e5n Riai Aikido klubb den 7 december 2018 i G\u00f6teborg. Foto: Nicklas Elmrin\/ Bildbyr\u00e5n \/ COP 206\"},{\"@type\":\"BreadcrumbList\",\"@id\":\"https:\/\/www.budokampsport.se\/2022\/03\/22\/rapporten-tva-ar-med-corona-presenteras\/#breadcrumb\",\"itemListElement\":[{\"@type\":\"ListItem\",\"position\":1,\"name\":\"Hem\",\"item\":\"https:\/\/www.budokampsport.se\/\"},{\"@type\":\"ListItem\",\"position\":2,\"name\":\"Rapporten \u201dTv\u00e5 \u00e5r med corona\u201d presenteras \u2013 kampsporten fortsatt h\u00e5rt drabbad\"}]},{\"@type\":\"WebSite\",\"@id\":\"https:\/\/www.budokampsport.se\/#website\",\"url\":\"https:\/\/www.budokampsport.se\/\",\"name\":\"Svenska Budo &amp; Kampsportsf\u00f6rbundet\",\"description\":\"T\u00e4vling, Tr\u00e4ning, Tradition\",\"potentialAction\":[{\"@type\":\"SearchAction\",\"target\":{\"@type\":\"EntryPoint\",\"urlTemplate\":\"https:\/\/www.budokampsport.se\/?s={search_term_string}\"},\"query-input\":{\"@type\":\"PropertyValueSpecification\",\"valueRequired\":true,\"valueName\":\"search_term_string\"}}],\"inLanguage\":\"sv-SE\"},{\"@type\":\"Person\",\"@id\":\"https:\/\/www.budokampsport.se\/#\/schema\/person\/d80c0bc61f1787703168fc250ce69522\",\"name\":\"Mats Lilja\",\"image\":{\"@type\":\"ImageObject\",\"inLanguage\":\"sv-SE\",\"@id\":\"https:\/\/www.budokampsport.se\/#\/schema\/person\/image\/\",\"url\":\"https:\/\/secure.gravatar.com\/avatar\/607f84918e96abe1ebbd8611782fa57d?s=96&d=blank&r=g\",\"contentUrl\":\"https:\/\/secure.gravatar.com\/avatar\/607f84918e96abe1ebbd8611782fa57d?s=96&d=blank&r=g\",\"caption\":\"Mats Lilja\"},\"url\":\"https:\/\/www.budokampsport.se\/author\/mats-lilja\/\"}]}<\/script>\n<!-- \/ Yoast SEO plugin. -->","yoast_head_json":{"title":"Rapporten \u201dTv\u00e5 \u00e5r med corona\u201d presenteras \u2013 kampsporten fortsatt h\u00e5rt drabbad - Svenska Budo &amp; Kampsportsf\u00f6rbundet","description":"SB&K\/RF. Ny rapport g\u00e4llande bland annat LOK-st\u00f6det visar att f\u00f6reningarna fortfarande \u00e4r l\u00e5ngt fr\u00e5n siffrorna innan pandemin. (foto: Nicklas Elmrin\/Bildbyr\u00e5n)","robots":{"index":"index","follow":"follow","max-snippet":"max-snippet:-1","max-image-preview":"max-image-preview:large","max-video-preview":"max-video-preview:-1"},"canonical":"https:\/\/www.budokampsport.se\/2022\/03\/22\/rapporten-tva-ar-med-corona-presenteras\/","og_locale":"sv_SE","og_type":"article","og_title":"Rapporten \u201dTv\u00e5 \u00e5r med corona\u201d presenteras \u2013 kampsporten fortsatt h\u00e5rt drabbad - Svenska Budo &amp; Kampsportsf\u00f6rbundet","og_description":"SB&K\/RF. Ny rapport g\u00e4llande bland annat LOK-st\u00f6det visar att f\u00f6reningarna fortfarande \u00e4r l\u00e5ngt fr\u00e5n siffrorna innan pandemin. (foto: Nicklas Elmrin\/Bildbyr\u00e5n)","og_url":"https:\/\/www.budokampsport.se\/2022\/03\/22\/rapporten-tva-ar-med-corona-presenteras\/","og_site_name":"Svenska Budo &amp; Kampsportsf\u00f6rbundet","article_published_time":"2022-03-22T13:16:04+00:00","article_modified_time":"2022-03-23T08:35:07+00:00","og_image":[{"width":1200,"height":800,"url":"https:\/\/www.budokampsport.se\/wp-content\/uploads\/2022\/03\/ne-aikido116.jpg","type":"image\/jpeg"}],"author":"Mats Lilja","twitter_card":"summary_large_image","twitter_misc":{"Skriven av":"Mats Lilja","Ber\u00e4knad l\u00e4stid":"3 minuter"},"schema":{"@context":"https:\/\/schema.org","@graph":[{"@type":"Article","@id":"https:\/\/www.budokampsport.se\/2022\/03\/22\/rapporten-tva-ar-med-corona-presenteras\/#article","isPartOf":{"@id":"https:\/\/www.budokampsport.se\/2022\/03\/22\/rapporten-tva-ar-med-corona-presenteras\/"},"author":{"name":"Mats Lilja","@id":"https:\/\/www.budokampsport.se\/#\/schema\/person\/d80c0bc61f1787703168fc250ce69522"},"headline":"Rapporten \u201dTv\u00e5 \u00e5r med corona\u201d presenteras \u2013 kampsporten fortsatt h\u00e5rt drabbad","datePublished":"2022-03-22T13:16:04+00:00","dateModified":"2022-03-23T08:35:07+00:00","mainEntityOfPage":{"@id":"https:\/\/www.budokampsport.se\/2022\/03\/22\/rapporten-tva-ar-med-corona-presenteras\/"},"wordCount":642,"commentCount":0,"image":{"@id":"https:\/\/www.budokampsport.se\/2022\/03\/22\/rapporten-tva-ar-med-corona-presenteras\/#primaryimage"},"thumbnailUrl":"https:\/\/www.budokampsport.se\/wp-content\/uploads\/2022\/03\/ne-aikido116.jpg","inLanguage":"sv-SE","potentialAction":[{"@type":"CommentAction","name":"Comment","target":["https:\/\/www.budokampsport.se\/2022\/03\/22\/rapporten-tva-ar-med-corona-presenteras\/#respond"]}]},{"@type":"WebPage","@id":"https:\/\/www.budokampsport.se\/2022\/03\/22\/rapporten-tva-ar-med-corona-presenteras\/","url":"https:\/\/www.budokampsport.se\/2022\/03\/22\/rapporten-tva-ar-med-corona-presenteras\/","name":"Rapporten \u201dTv\u00e5 \u00e5r med corona\u201d presenteras \u2013 kampsporten fortsatt h\u00e5rt drabbad - Svenska Budo &amp; Kampsportsf\u00f6rbundet","isPartOf":{"@id":"https:\/\/www.budokampsport.se\/#website"},"primaryImageOfPage":{"@id":"https:\/\/www.budokampsport.se\/2022\/03\/22\/rapporten-tva-ar-med-corona-presenteras\/#primaryimage"},"image":{"@id":"https:\/\/www.budokampsport.se\/2022\/03\/22\/rapporten-tva-ar-med-corona-presenteras\/#primaryimage"},"thumbnailUrl":"https:\/\/www.budokampsport.se\/wp-content\/uploads\/2022\/03\/ne-aikido116.jpg","datePublished":"2022-03-22T13:16:04+00:00","dateModified":"2022-03-23T08:35:07+00:00","author":{"@id":"https:\/\/www.budokampsport.se\/#\/schema\/person\/d80c0bc61f1787703168fc250ce69522"},"description":"SB&K\/RF. Ny rapport g\u00e4llande bland annat LOK-st\u00f6det visar att f\u00f6reningarna fortfarande \u00e4r l\u00e5ngt fr\u00e5n siffrorna innan pandemin. (foto: Nicklas Elmrin\/Bildbyr\u00e5n)","breadcrumb":{"@id":"https:\/\/www.budokampsport.se\/2022\/03\/22\/rapporten-tva-ar-med-corona-presenteras\/#breadcrumb"},"inLanguage":"sv-SE","potentialAction":[{"@type":"ReadAction","target":["https:\/\/www.budokampsport.se\/2022\/03\/22\/rapporten-tva-ar-med-corona-presenteras\/"]}]},{"@type":"ImageObject","inLanguage":"sv-SE","@id":"https:\/\/www.budokampsport.se\/2022\/03\/22\/rapporten-tva-ar-med-corona-presenteras\/#primaryimage","url":"https:\/\/www.budokampsport.se\/wp-content\/uploads\/2022\/03\/ne-aikido116.jpg","contentUrl":"https:\/\/www.budokampsport.se\/wp-content\/uploads\/2022\/03\/ne-aikido116.jpg","width":1200,"height":800,"caption":"181207 Bilder fr\u00e5n Riai Aikido klubb den 7 december 2018 i G\u00f6teborg. Foto: Nicklas Elmrin\/ Bildbyr\u00e5n \/ COP 206"},{"@type":"BreadcrumbList","@id":"https:\/\/www.budokampsport.se\/2022\/03\/22\/rapporten-tva-ar-med-corona-presenteras\/#breadcrumb","itemListElement":[{"@type":"ListItem","position":1,"name":"Hem","item":"https:\/\/www.budokampsport.se\/"},{"@type":"ListItem","position":2,"name":"Rapporten \u201dTv\u00e5 \u00e5r med corona\u201d presenteras \u2013 kampsporten fortsatt h\u00e5rt drabbad"}]},{"@type":"WebSite","@id":"https:\/\/www.budokampsport.se\/#website","url":"https:\/\/www.budokampsport.se\/","name":"Svenska Budo &amp; Kampsportsf\u00f6rbundet","description":"T\u00e4vling, Tr\u00e4ning, Tradition","potentialAction":[{"@type":"SearchAction","target":{"@type":"EntryPoint","urlTemplate":"https:\/\/www.budokampsport.se\/?s={search_term_string}"},"query-input":{"@type":"PropertyValueSpecification","valueRequired":true,"valueName":"search_term_string"}}],"inLanguage":"sv-SE"},{"@type":"Person","@id":"https:\/\/www.budokampsport.se\/#\/schema\/person\/d80c0bc61f1787703168fc250ce69522","name":"Mats Lilja","image":{"@type":"ImageObject","inLanguage":"sv-SE","@id":"https:\/\/www.budokampsport.se\/#\/schema\/person\/image\/","url":"https:\/\/secure.gravatar.com\/avatar\/607f84918e96abe1ebbd8611782fa57d?s=96&d=blank&r=g","contentUrl":"https:\/\/secure.gravatar.com\/avatar\/607f84918e96abe1ebbd8611782fa57d?s=96&d=blank&r=g","caption":"Mats Lilja"},"url":"https:\/\/www.budokampsport.se\/author\/mats-lilja\/"}]}},"_links":{"self":[{"href":"https:\/\/www.budokampsport.se\/api\/wp\/v2\/posts\/137302","targetHints":{"allow":["GET"]}}],"collection":[{"href":"https:\/\/www.budokampsport.se\/api\/wp\/v2\/posts"}],"about":[{"href":"https:\/\/www.budokampsport.se\/api\/wp\/v2\/types\/post"}],"author":[{"embeddable":true,"href":"https:\/\/www.budokampsport.se\/api\/wp\/v2\/users\/914"}],"replies":[{"embeddable":true,"href":"https:\/\/www.budokampsport.se\/api\/wp\/v2\/comments?post=137302"}],"version-history":[{"count":0,"href":"https:\/\/www.budokampsport.se\/api\/wp\/v2\/posts\/137302\/revisions"}],"wp:featuredmedia":[{"embeddable":true,"href":"https:\/\/www.budokampsport.se\/api\/wp\/v2\/media\/137308"}],"wp:attachment":[{"href":"https:\/\/www.budokampsport.se\/api\/wp\/v2\/media?parent=137302"}],"wp:term":[{"taxonomy":"category","embeddable":true,"href":"https:\/\/www.budokampsport.se\/api\/wp\/v2\/categories?post=137302"},{"taxonomy":"post_tag","embeddable":true,"href":"https:\/\/www.budokampsport.se\/api\/wp\/v2\/tags?post=137302"}],"curies":[{"name":"wp","href":"https:\/\/api.w.org\/{rel}","templated":true}]}}