{"id":137639,"date":"2022-03-31T13:38:53","date_gmt":"2022-03-31T11:38:53","guid":{"rendered":"https:\/\/www.budokampsport.se\/?p=137639"},"modified":"2022-12-13T12:12:11","modified_gmt":"2022-12-13T11:12:11","slug":"paminnelse-om-att-hemsidor-i-idrottonline-stangs-ner","status":"publish","type":"post","link":"https:\/\/www.budokampsport.se\/2022\/03\/31\/paminnelse-om-att-hemsidor-i-idrottonline-stangs-ner\/","title":{"rendered":"P\u00e5minnelse om att hemsidor i IdrottOnline st\u00e4ngs ner"},"content":{"rendered":"<p>Som vi rapporterat om tidigare <a href=\"https:\/\/www.budokampsport.se\/2021\/09\/15\/hemsidor-i-idrottonline-avvecklas\/\" target=\"_blank\" rel=\"noopener\">h\u00e4r<\/a> kommer RF ta bort m\u00f6jligheten att administrera hemsidor i IdrottOnline. Detta \u00e4r allts\u00e5 n\u00e5got som endast p\u00e5verkar de f\u00f6reningar som har valt att ha sin sida via Episerver p\u00e5 IdrottOnline, \u00f6vriga administrativa delar kommer att finnas kvar. Som fr\u00e4msta f\u00f6rklaring till nedl\u00e4ggningen anges ekonomiska sk\u00e4l.<\/p>\n<p>Avvecklingen kommer ske vid \u00e5rsskiftet 2022\/23, d\u00e5 kommer alla hemsidor att st\u00e4ngas ner. Om ni har fr\u00e5gor kring avvecklingen kontakta ert <a href=\"https:\/\/www.rfsisu.se\/\" target=\"_blank\" rel=\"noopener\">RF-SISU distrikt<\/a>.<\/p>\n<p>Mer information kring nedl\u00e4ggningen finner ni <a href=\"https:\/\/support.idrottonline.se\/support\/solutions\/folders\/11000018229\" target=\"_blank\" rel=\"noopener\">h\u00e4r<\/a>.<\/p>\n<p>Text: Annie Bondefelt<\/p>\n","protected":false},"excerpt":{"rendered":"<p>P\u00e5 grund av ekonomiska sk\u00e4l v\u00e4ljer Riksidrottsf\u00f6rbundet att avveckla hemsideverktyget Episerver till \u00e5rsskiftet. F\u00f6reningar uppmanas att hitta andra l\u00f6sningar f\u00f6r sina hemsidor.<br \/><br>(Foto: Erik Simander\/Bildbyr\u00e5n)<\/p><br>","protected":false},"author":120,"featured_media":131626,"comment_status":"open","ping_status":"open","sticky":false,"template":"","format":"standard","meta":{"_acf_changed":false,"footnotes":""},"categories":[1],"tags":[],"class_list":["post-137639","post","type-post","status-publish","format-standard","has-post-thumbnail","hentry","category-okategoriserade"],"acf":[],"yoast_head":"<!-- This site is optimized with the Yoast SEO plugin v26.8 - https:\/\/yoast.com\/product\/yoast-seo-wordpress\/ -->\n<title>P\u00e5minnelse om att hemsidor i IdrottOnline st\u00e4ngs ner - Svenska Budo &amp; Kampsportsf\u00f6rbundet<\/title>\n<meta name=\"description\" content=\"P\u00e5 grund av ekonomiska sk\u00e4l v\u00e4ljer Riksidrottsf\u00f6rbundet att avveckla hemsideverktyget Episerver till \u00e5rsskiftet. F\u00f6reningar uppmanas att hitta andra l\u00f6sningar f\u00f6r sina hemsidor. (Foto: Erik Simander\/Bildbyr\u00e5n)\" \/>\n<meta name=\"robots\" content=\"index, follow, max-snippet:-1, max-image-preview:large, max-video-preview:-1\" \/>\n<link rel=\"canonical\" href=\"https:\/\/www.budokampsport.se\/2022\/03\/31\/paminnelse-om-att-hemsidor-i-idrottonline-stangs-ner\/\" \/>\n<meta property=\"og:locale\" content=\"sv_SE\" \/>\n<meta property=\"og:type\" content=\"article\" \/>\n<meta property=\"og:title\" content=\"P\u00e5minnelse om att hemsidor i IdrottOnline st\u00e4ngs ner - Svenska Budo &amp; Kampsportsf\u00f6rbundet\" \/>\n<meta property=\"og:description\" content=\"P\u00e5 grund av ekonomiska sk\u00e4l v\u00e4ljer Riksidrottsf\u00f6rbundet att avveckla hemsideverktyget Episerver till \u00e5rsskiftet. F\u00f6reningar uppmanas att hitta andra l\u00f6sningar f\u00f6r sina hemsidor. (Foto: Erik Simander\/Bildbyr\u00e5n)\" \/>\n<meta property=\"og:url\" content=\"https:\/\/www.budokampsport.se\/2022\/03\/31\/paminnelse-om-att-hemsidor-i-idrottonline-stangs-ner\/\" \/>\n<meta property=\"og:site_name\" content=\"Svenska Budo &amp; Kampsportsf\u00f6rbundet\" \/>\n<meta property=\"article:published_time\" content=\"2022-03-31T11:38:53+00:00\" \/>\n<meta property=\"article:modified_time\" content=\"2022-12-13T11:12:11+00:00\" \/>\n<meta property=\"og:image\" content=\"https:\/\/www.budokampsport.se\/wp-content\/uploads\/2021\/11\/BB210929ES012-1200px.jpg\" \/>\n\t<meta property=\"og:image:width\" content=\"1200\" \/>\n\t<meta property=\"og:image:height\" content=\"800\" \/>\n\t<meta property=\"og:image:type\" content=\"image\/jpeg\" \/>\n<meta name=\"author\" content=\"Annie Carriage\" \/>\n<meta name=\"twitter:card\" content=\"summary_large_image\" \/>\n<meta name=\"twitter:label1\" content=\"Skriven av\" \/>\n\t<meta name=\"twitter:data1\" content=\"Annie Carriage\" \/>\n<script type=\"application\/ld+json\" class=\"yoast-schema-graph\">{\"@context\":\"https:\/\/schema.org\",\"@graph\":[{\"@type\":\"Article\",\"@id\":\"https:\/\/www.budokampsport.se\/2022\/03\/31\/paminnelse-om-att-hemsidor-i-idrottonline-stangs-ner\/#article\",\"isPartOf\":{\"@id\":\"https:\/\/www.budokampsport.se\/2022\/03\/31\/paminnelse-om-att-hemsidor-i-idrottonline-stangs-ner\/\"},\"author\":{\"name\":\"Annie Carriage\",\"@id\":\"https:\/\/www.budokampsport.se\/#\/schema\/person\/c838cace8171f692e363fde3f38f208b\"},\"headline\":\"P\u00e5minnelse om att hemsidor i IdrottOnline st\u00e4ngs ner\",\"datePublished\":\"2022-03-31T11:38:53+00:00\",\"dateModified\":\"2022-12-13T11:12:11+00:00\",\"mainEntityOfPage\":{\"@id\":\"https:\/\/www.budokampsport.se\/2022\/03\/31\/paminnelse-om-att-hemsidor-i-idrottonline-stangs-ner\/\"},\"wordCount\":106,\"commentCount\":1,\"image\":{\"@id\":\"https:\/\/www.budokampsport.se\/2022\/03\/31\/paminnelse-om-att-hemsidor-i-idrottonline-stangs-ner\/#primaryimage\"},\"thumbnailUrl\":\"https:\/\/www.budokampsport.se\/wp-content\/uploads\/2021\/11\/BB210929ES012-1200px.jpg\",\"inLanguage\":\"sv-SE\",\"potentialAction\":[{\"@type\":\"CommentAction\",\"name\":\"Comment\",\"target\":[\"https:\/\/www.budokampsport.se\/2022\/03\/31\/paminnelse-om-att-hemsidor-i-idrottonline-stangs-ner\/#respond\"]}]},{\"@type\":\"WebPage\",\"@id\":\"https:\/\/www.budokampsport.se\/2022\/03\/31\/paminnelse-om-att-hemsidor-i-idrottonline-stangs-ner\/\",\"url\":\"https:\/\/www.budokampsport.se\/2022\/03\/31\/paminnelse-om-att-hemsidor-i-idrottonline-stangs-ner\/\",\"name\":\"P\u00e5minnelse om att hemsidor i IdrottOnline st\u00e4ngs ner - Svenska Budo &amp; Kampsportsf\u00f6rbundet\",\"isPartOf\":{\"@id\":\"https:\/\/www.budokampsport.se\/#website\"},\"primaryImageOfPage\":{\"@id\":\"https:\/\/www.budokampsport.se\/2022\/03\/31\/paminnelse-om-att-hemsidor-i-idrottonline-stangs-ner\/#primaryimage\"},\"image\":{\"@id\":\"https:\/\/www.budokampsport.se\/2022\/03\/31\/paminnelse-om-att-hemsidor-i-idrottonline-stangs-ner\/#primaryimage\"},\"thumbnailUrl\":\"https:\/\/www.budokampsport.se\/wp-content\/uploads\/2021\/11\/BB210929ES012-1200px.jpg\",\"datePublished\":\"2022-03-31T11:38:53+00:00\",\"dateModified\":\"2022-12-13T11:12:11+00:00\",\"author\":{\"@id\":\"https:\/\/www.budokampsport.se\/#\/schema\/person\/c838cace8171f692e363fde3f38f208b\"},\"description\":\"P\u00e5 grund av ekonomiska sk\u00e4l v\u00e4ljer Riksidrottsf\u00f6rbundet att avveckla hemsideverktyget Episerver till \u00e5rsskiftet. F\u00f6reningar uppmanas att hitta andra l\u00f6sningar f\u00f6r sina hemsidor. (Foto: Erik Simander\/Bildbyr\u00e5n)\",\"breadcrumb\":{\"@id\":\"https:\/\/www.budokampsport.se\/2022\/03\/31\/paminnelse-om-att-hemsidor-i-idrottonline-stangs-ner\/#breadcrumb\"},\"inLanguage\":\"sv-SE\",\"potentialAction\":[{\"@type\":\"ReadAction\",\"target\":[\"https:\/\/www.budokampsport.se\/2022\/03\/31\/paminnelse-om-att-hemsidor-i-idrottonline-stangs-ner\/\"]}]},{\"@type\":\"ImageObject\",\"inLanguage\":\"sv-SE\",\"@id\":\"https:\/\/www.budokampsport.se\/2022\/03\/31\/paminnelse-om-att-hemsidor-i-idrottonline-stangs-ner\/#primaryimage\",\"url\":\"https:\/\/www.budokampsport.se\/wp-content\/uploads\/2021\/11\/BB210929ES012-1200px.jpg\",\"contentUrl\":\"https:\/\/www.budokampsport.se\/wp-content\/uploads\/2021\/11\/BB210929ES012-1200px.jpg\",\"width\":1200,\"height\":800,\"caption\":\"210929 N\u00e4rbild p\u00e5 tangentbord inne p\u00e5 IT-avdelningen p\u00e5 Liding\u00f6 stadshus den 29 september 2021 i Liding\u00f6. Foto: Erik Simander \/ BILDBYR\u00c5N \/ COP 201 \/ ES0032\"},{\"@type\":\"BreadcrumbList\",\"@id\":\"https:\/\/www.budokampsport.se\/2022\/03\/31\/paminnelse-om-att-hemsidor-i-idrottonline-stangs-ner\/#breadcrumb\",\"itemListElement\":[{\"@type\":\"ListItem\",\"position\":1,\"name\":\"Hem\",\"item\":\"https:\/\/www.budokampsport.se\/\"},{\"@type\":\"ListItem\",\"position\":2,\"name\":\"P\u00e5minnelse om att hemsidor i IdrottOnline st\u00e4ngs ner\"}]},{\"@type\":\"WebSite\",\"@id\":\"https:\/\/www.budokampsport.se\/#website\",\"url\":\"https:\/\/www.budokampsport.se\/\",\"name\":\"Svenska Budo &amp; Kampsportsf\u00f6rbundet\",\"description\":\"T\u00e4vling, Tr\u00e4ning, Tradition\",\"potentialAction\":[{\"@type\":\"SearchAction\",\"target\":{\"@type\":\"EntryPoint\",\"urlTemplate\":\"https:\/\/www.budokampsport.se\/?s={search_term_string}\"},\"query-input\":{\"@type\":\"PropertyValueSpecification\",\"valueRequired\":true,\"valueName\":\"search_term_string\"}}],\"inLanguage\":\"sv-SE\"},{\"@type\":\"Person\",\"@id\":\"https:\/\/www.budokampsport.se\/#\/schema\/person\/c838cace8171f692e363fde3f38f208b\",\"name\":\"Annie Carriage\",\"image\":{\"@type\":\"ImageObject\",\"inLanguage\":\"sv-SE\",\"@id\":\"https:\/\/www.budokampsport.se\/#\/schema\/person\/image\/\",\"url\":\"https:\/\/secure.gravatar.com\/avatar\/9311295560bdfbdf78365a26f7df1876?s=96&d=blank&r=g\",\"contentUrl\":\"https:\/\/secure.gravatar.com\/avatar\/9311295560bdfbdf78365a26f7df1876?s=96&d=blank&r=g\",\"caption\":\"Annie Carriage\"},\"url\":\"https:\/\/www.budokampsport.se\/author\/annie-bondefelt\/\"}]}<\/script>\n<!-- \/ Yoast SEO plugin. -->","yoast_head_json":{"title":"P\u00e5minnelse om att hemsidor i IdrottOnline st\u00e4ngs ner - Svenska Budo &amp; Kampsportsf\u00f6rbundet","description":"P\u00e5 grund av ekonomiska sk\u00e4l v\u00e4ljer Riksidrottsf\u00f6rbundet att avveckla hemsideverktyget Episerver till \u00e5rsskiftet. F\u00f6reningar uppmanas att hitta andra l\u00f6sningar f\u00f6r sina hemsidor. (Foto: Erik Simander\/Bildbyr\u00e5n)","robots":{"index":"index","follow":"follow","max-snippet":"max-snippet:-1","max-image-preview":"max-image-preview:large","max-video-preview":"max-video-preview:-1"},"canonical":"https:\/\/www.budokampsport.se\/2022\/03\/31\/paminnelse-om-att-hemsidor-i-idrottonline-stangs-ner\/","og_locale":"sv_SE","og_type":"article","og_title":"P\u00e5minnelse om att hemsidor i IdrottOnline st\u00e4ngs ner - Svenska Budo &amp; Kampsportsf\u00f6rbundet","og_description":"P\u00e5 grund av ekonomiska sk\u00e4l v\u00e4ljer Riksidrottsf\u00f6rbundet att avveckla hemsideverktyget Episerver till \u00e5rsskiftet. F\u00f6reningar uppmanas att hitta andra l\u00f6sningar f\u00f6r sina hemsidor. (Foto: Erik Simander\/Bildbyr\u00e5n)","og_url":"https:\/\/www.budokampsport.se\/2022\/03\/31\/paminnelse-om-att-hemsidor-i-idrottonline-stangs-ner\/","og_site_name":"Svenska Budo &amp; Kampsportsf\u00f6rbundet","article_published_time":"2022-03-31T11:38:53+00:00","article_modified_time":"2022-12-13T11:12:11+00:00","og_image":[{"width":1200,"height":800,"url":"https:\/\/www.budokampsport.se\/wp-content\/uploads\/2021\/11\/BB210929ES012-1200px.jpg","type":"image\/jpeg"}],"author":"Annie Carriage","twitter_card":"summary_large_image","twitter_misc":{"Skriven av":"Annie Carriage"},"schema":{"@context":"https:\/\/schema.org","@graph":[{"@type":"Article","@id":"https:\/\/www.budokampsport.se\/2022\/03\/31\/paminnelse-om-att-hemsidor-i-idrottonline-stangs-ner\/#article","isPartOf":{"@id":"https:\/\/www.budokampsport.se\/2022\/03\/31\/paminnelse-om-att-hemsidor-i-idrottonline-stangs-ner\/"},"author":{"name":"Annie Carriage","@id":"https:\/\/www.budokampsport.se\/#\/schema\/person\/c838cace8171f692e363fde3f38f208b"},"headline":"P\u00e5minnelse om att hemsidor i IdrottOnline st\u00e4ngs ner","datePublished":"2022-03-31T11:38:53+00:00","dateModified":"2022-12-13T11:12:11+00:00","mainEntityOfPage":{"@id":"https:\/\/www.budokampsport.se\/2022\/03\/31\/paminnelse-om-att-hemsidor-i-idrottonline-stangs-ner\/"},"wordCount":106,"commentCount":1,"image":{"@id":"https:\/\/www.budokampsport.se\/2022\/03\/31\/paminnelse-om-att-hemsidor-i-idrottonline-stangs-ner\/#primaryimage"},"thumbnailUrl":"https:\/\/www.budokampsport.se\/wp-content\/uploads\/2021\/11\/BB210929ES012-1200px.jpg","inLanguage":"sv-SE","potentialAction":[{"@type":"CommentAction","name":"Comment","target":["https:\/\/www.budokampsport.se\/2022\/03\/31\/paminnelse-om-att-hemsidor-i-idrottonline-stangs-ner\/#respond"]}]},{"@type":"WebPage","@id":"https:\/\/www.budokampsport.se\/2022\/03\/31\/paminnelse-om-att-hemsidor-i-idrottonline-stangs-ner\/","url":"https:\/\/www.budokampsport.se\/2022\/03\/31\/paminnelse-om-att-hemsidor-i-idrottonline-stangs-ner\/","name":"P\u00e5minnelse om att hemsidor i IdrottOnline st\u00e4ngs ner - Svenska Budo &amp; Kampsportsf\u00f6rbundet","isPartOf":{"@id":"https:\/\/www.budokampsport.se\/#website"},"primaryImageOfPage":{"@id":"https:\/\/www.budokampsport.se\/2022\/03\/31\/paminnelse-om-att-hemsidor-i-idrottonline-stangs-ner\/#primaryimage"},"image":{"@id":"https:\/\/www.budokampsport.se\/2022\/03\/31\/paminnelse-om-att-hemsidor-i-idrottonline-stangs-ner\/#primaryimage"},"thumbnailUrl":"https:\/\/www.budokampsport.se\/wp-content\/uploads\/2021\/11\/BB210929ES012-1200px.jpg","datePublished":"2022-03-31T11:38:53+00:00","dateModified":"2022-12-13T11:12:11+00:00","author":{"@id":"https:\/\/www.budokampsport.se\/#\/schema\/person\/c838cace8171f692e363fde3f38f208b"},"description":"P\u00e5 grund av ekonomiska sk\u00e4l v\u00e4ljer Riksidrottsf\u00f6rbundet att avveckla hemsideverktyget Episerver till \u00e5rsskiftet. F\u00f6reningar uppmanas att hitta andra l\u00f6sningar f\u00f6r sina hemsidor. (Foto: Erik Simander\/Bildbyr\u00e5n)","breadcrumb":{"@id":"https:\/\/www.budokampsport.se\/2022\/03\/31\/paminnelse-om-att-hemsidor-i-idrottonline-stangs-ner\/#breadcrumb"},"inLanguage":"sv-SE","potentialAction":[{"@type":"ReadAction","target":["https:\/\/www.budokampsport.se\/2022\/03\/31\/paminnelse-om-att-hemsidor-i-idrottonline-stangs-ner\/"]}]},{"@type":"ImageObject","inLanguage":"sv-SE","@id":"https:\/\/www.budokampsport.se\/2022\/03\/31\/paminnelse-om-att-hemsidor-i-idrottonline-stangs-ner\/#primaryimage","url":"https:\/\/www.budokampsport.se\/wp-content\/uploads\/2021\/11\/BB210929ES012-1200px.jpg","contentUrl":"https:\/\/www.budokampsport.se\/wp-content\/uploads\/2021\/11\/BB210929ES012-1200px.jpg","width":1200,"height":800,"caption":"210929 N\u00e4rbild p\u00e5 tangentbord inne p\u00e5 IT-avdelningen p\u00e5 Liding\u00f6 stadshus den 29 september 2021 i Liding\u00f6. Foto: Erik Simander \/ BILDBYR\u00c5N \/ COP 201 \/ ES0032"},{"@type":"BreadcrumbList","@id":"https:\/\/www.budokampsport.se\/2022\/03\/31\/paminnelse-om-att-hemsidor-i-idrottonline-stangs-ner\/#breadcrumb","itemListElement":[{"@type":"ListItem","position":1,"name":"Hem","item":"https:\/\/www.budokampsport.se\/"},{"@type":"ListItem","position":2,"name":"P\u00e5minnelse om att hemsidor i IdrottOnline st\u00e4ngs ner"}]},{"@type":"WebSite","@id":"https:\/\/www.budokampsport.se\/#website","url":"https:\/\/www.budokampsport.se\/","name":"Svenska Budo &amp; Kampsportsf\u00f6rbundet","description":"T\u00e4vling, Tr\u00e4ning, Tradition","potentialAction":[{"@type":"SearchAction","target":{"@type":"EntryPoint","urlTemplate":"https:\/\/www.budokampsport.se\/?s={search_term_string}"},"query-input":{"@type":"PropertyValueSpecification","valueRequired":true,"valueName":"search_term_string"}}],"inLanguage":"sv-SE"},{"@type":"Person","@id":"https:\/\/www.budokampsport.se\/#\/schema\/person\/c838cace8171f692e363fde3f38f208b","name":"Annie Carriage","image":{"@type":"ImageObject","inLanguage":"sv-SE","@id":"https:\/\/www.budokampsport.se\/#\/schema\/person\/image\/","url":"https:\/\/secure.gravatar.com\/avatar\/9311295560bdfbdf78365a26f7df1876?s=96&d=blank&r=g","contentUrl":"https:\/\/secure.gravatar.com\/avatar\/9311295560bdfbdf78365a26f7df1876?s=96&d=blank&r=g","caption":"Annie Carriage"},"url":"https:\/\/www.budokampsport.se\/author\/annie-bondefelt\/"}]}},"_links":{"self":[{"href":"https:\/\/www.budokampsport.se\/api\/wp\/v2\/posts\/137639","targetHints":{"allow":["GET"]}}],"collection":[{"href":"https:\/\/www.budokampsport.se\/api\/wp\/v2\/posts"}],"about":[{"href":"https:\/\/www.budokampsport.se\/api\/wp\/v2\/types\/post"}],"author":[{"embeddable":true,"href":"https:\/\/www.budokampsport.se\/api\/wp\/v2\/users\/120"}],"replies":[{"embeddable":true,"href":"https:\/\/www.budokampsport.se\/api\/wp\/v2\/comments?post=137639"}],"version-history":[{"count":0,"href":"https:\/\/www.budokampsport.se\/api\/wp\/v2\/posts\/137639\/revisions"}],"wp:featuredmedia":[{"embeddable":true,"href":"https:\/\/www.budokampsport.se\/api\/wp\/v2\/media\/131626"}],"wp:attachment":[{"href":"https:\/\/www.budokampsport.se\/api\/wp\/v2\/media?parent=137639"}],"wp:term":[{"taxonomy":"category","embeddable":true,"href":"https:\/\/www.budokampsport.se\/api\/wp\/v2\/categories?post=137639"},{"taxonomy":"post_tag","embeddable":true,"href":"https:\/\/www.budokampsport.se\/api\/wp\/v2\/tags?post=137639"}],"curies":[{"name":"wp","href":"https:\/\/api.w.org\/{rel}","templated":true}]}}