{"id":137725,"date":"2022-04-01T10:12:31","date_gmt":"2022-04-01T08:12:31","guid":{"rendered":"https:\/\/www.budokampsport.se\/?p=137725"},"modified":"2022-04-04T14:17:29","modified_gmt":"2022-04-04T12:17:29","slug":"junior-em-i-jujutsu-pa-kreta-under-helgen","status":"publish","type":"post","link":"https:\/\/www.budokampsport.se\/2022\/04\/01\/junior-em-i-jujutsu-pa-kreta-under-helgen\/","title":{"rendered":"Junior-EM i jujutsu p\u00e5 Kreta under helgen"},"content":{"rendered":"<p>Den grekiska \u00f6n Kreta st\u00e5r v\u00e4rd f\u00f6r JEM i jujutsu under helgen.<\/p>\n<p>Sverige har tio idrottare p\u00e5 plats och det kommer att t\u00e4vlas i \u00e5ldersklasserna U16, U18 och U21.<\/p>\n<p>Med i truppen finns bland andra U21-stj\u00e4rnorna <a href=\"https:\/\/www.budokampsport.se\/2021\/11\/12\/vm-debuten-blev-till-ett-brons\/\" target=\"_blank\" rel=\"noopener\">Emma Lette<\/a> (bilden) och <a href=\"https:\/\/www.budokampsport.se\/2021\/11\/04\/ella-jakobsen-vann-jvm-guld-i-jujutsu\/\" target=\"_blank\" rel=\"noopener\">Ella Jacobsen<\/a>, som b\u00e5da har stora internationella meriter med sig sedan tidigare.<\/p>\n<p>Landslagscoach Joakim Vistam ger sin syn p\u00e5 det stundande m\u00e4sterskapet och den svenska truppens status.<\/p>\n<p>&#8211; Jag har en riktigt bra k\u00e4nsla inf\u00f6r m\u00e4sterskapet. Vi har en bred spridning med fighters fr\u00e5n hela landet vilket \u00e4r extra kul. V\u00e5ra tjejer i U21, Emma Lette och Ella Jacobsen, \u00e4r v\u00e5ra st\u00f6rsta medaljhopp, d\u00e4r Emma som 19-\u00e5ring dessutom redan \u00e4r klar f\u00f6r World Games i USA i sommar. De har JEM som en del av f\u00f6rberedelserna inf\u00f6r senior-EM i Israel.\u00a0<\/p>\n<p>&#8211; \u00d6vriga fighters har visat fin form och gjort bra ifr\u00e5n sig p\u00e5 SM i v\u00e5ras samt varit iv\u00e4g och t\u00e4vlat i Danmark.\u00a0<\/p>\n<p>Trots det redan p\u00e5 pappret starka svenska landslaget hade det faktiskt kunnat vara \u00e4n mer spets med under helgen.<\/p>\n<p>&#8211; Det \u00e4r ett ungt landslag d\u00e4r vi dessutom har fler ungdomar som skulle ha varit med, men f\u00e5tt avst\u00e5 p\u00e5 grund av skador. Generationsskiftet forts\u00e4tter och vi h\u00e5ller p\u00e5 att bygga upp ett nytt slagkraftigt landslag i b\u00e5de senior och junior, s\u00e4ger Vistam.<\/p>\n<h3>H\u00e4r \u00e4r hela landslagstruppen<\/h3>\n<table style=\"border-collapse: collapse; width: 100%; height: 336px;\">\n<tbody>\n<tr style=\"height: 24px;\">\n<td style=\"width: 40%; height: 24px;\" colspan=\"2\"><strong><span style=\"font-size: 12pt;\">U21<\/span><\/strong><\/td>\n<\/tr>\n<tr style=\"height: 24px;\">\n<td style=\"width: 40%; height: 24px;\">Flickor -63 kg<\/td>\n<td style=\"width: 60%; height: 24px;\"><b>Ella Jacobsen<\/b>, Nacka Dojo<\/td>\n<\/tr>\n<tr style=\"height: 24px;\">\n<td style=\"width: 40%; height: 24px;\">Flickor -70 kg<\/td>\n<td style=\"width: 60%; height: 24px;\"><b>Emma Lette<\/b>, Nacka Dojo<\/td>\n<\/tr>\n<tr style=\"height: 24px;\">\n<td style=\"width: 40%; height: 24px;\">Pojkar -69 kg<\/td>\n<td style=\"width: 60%; height: 24px;\"><b>Eli Lundberg<\/b>, IKSU Ume\u00e5<\/td>\n<\/tr>\n<tr style=\"height: 24px;\">\n<td style=\"width: 40%; height: 24px;\">Pojkar -69 kg<\/td>\n<td style=\"width: 60%; height: 24px;\"><b>Hugo Blommaskog<\/b>, Shindo G\u00f6teborg<\/td>\n<\/tr>\n<tr style=\"height: 24px;\">\n<td style=\"width: 40%; height: 24px;\" colspan=\"2\"><strong>U18<\/strong><\/td>\n<\/tr>\n<tr style=\"height: 24px;\">\n<td style=\"width: 40%; height: 24px;\">Flickor -57 kg<\/td>\n<td style=\"width: 60%; height: 24px;\"><strong>Lucia Sanchez<\/strong>, Nacka Dojo<\/td>\n<\/tr>\n<tr style=\"height: 24px;\">\n<td style=\"width: 40%; height: 24px;\">Flickor -63 kg<\/td>\n<td style=\"width: 60%; height: 24px;\"><b>Evelin Nilsson<\/b>, SKIFT Sollentuna<\/td>\n<\/tr>\n<tr style=\"height: 24px;\">\n<td style=\"width: 40%; height: 24px;\">Pojkar -66 kg<\/td>\n<td style=\"width: 60%; height: 24px;\"><b>Kasper Fager<\/b>, IKSU Ume\u00e5<\/td>\n<\/tr>\n<tr style=\"height: 24px;\">\n<td style=\"width: 40%; height: 24px;\">Pojkar -69 kg<\/td>\n<td style=\"width: 60%; height: 24px;\"><b>Noel Pettersson<\/b>, Hiyama Dojo Varberg<\/td>\n<\/tr>\n<tr style=\"height: 24px;\">\n<td style=\"width: 40%; height: 24px;\">Pojkar -81 kg<\/td>\n<td style=\"width: 60%; height: 24px;\"><b>Toni Beljo<\/b>, Vernamo Jujutsu<\/td>\n<\/tr>\n<tr style=\"height: 24px;\">\n<td style=\"width: 40%; height: 24px;\" colspan=\"2\"><strong>U16<\/strong><\/td>\n<\/tr>\n<tr style=\"height: 24px;\">\n<td style=\"width: 40%; height: 24px;\">Pojkar -66 kg<\/td>\n<td style=\"width: 60%; height: 24px;\"><strong>Kimon Christoforidis<\/strong>, Vernamo Jujutsu<\/td>\n<\/tr>\n<\/tbody>\n<\/table>\n<p>&nbsp;<\/p>\n<p>Text: Jonathan Broberg<\/p>\n","protected":false},"excerpt":{"rendered":"<p>JUJUTSU. Under den kommande helgen \u00e4r det junior-EM i jujutsu. Landslaget skickar tio idrottare och landslagscoachen Joakim Vistam \u00e4r f\u00f6rv\u00e4ntansfull.<br \/><br>&#8211; Jag har en riktigt bra k\u00e4nsla inf\u00f6r m\u00e4sterskapet, s\u00e4ger han till budokampsport.se.<br \/><br>(Foto: Fredrik Lindberg)<\/p><br>","protected":false},"author":7,"featured_media":112834,"comment_status":"open","ping_status":"open","sticky":false,"template":"","format":"standard","meta":{"_acf_changed":false,"footnotes":""},"categories":[1],"tags":[],"class_list":["post-137725","post","type-post","status-publish","format-standard","has-post-thumbnail","hentry","category-okategoriserade"],"acf":[],"yoast_head":"<!-- This site is optimized with the Yoast SEO plugin v26.8 - https:\/\/yoast.com\/product\/yoast-seo-wordpress\/ -->\n<title>Junior-EM i jujutsu p\u00e5 Kreta under helgen - Svenska Budo &amp; Kampsportsf\u00f6rbundet<\/title>\n<meta name=\"description\" content=\"JUJUTSU. Under den kommande helgen \u00e4r det junior-EM i jujutsu. Landslaget skickar tio idrottare och landslagscoachen Joakim Vistam \u00e4r f\u00f6rv\u00e4ntansfull. - Jag har en riktigt bra k\u00e4nsla inf\u00f6r m\u00e4sterskapet, s\u00e4ger han till budokampsport.se. (Foto: Fredrik Lindberg)\" \/>\n<meta name=\"robots\" content=\"index, follow, max-snippet:-1, max-image-preview:large, max-video-preview:-1\" \/>\n<link rel=\"canonical\" href=\"https:\/\/www.budokampsport.se\/2022\/04\/01\/junior-em-i-jujutsu-pa-kreta-under-helgen\/\" \/>\n<meta property=\"og:locale\" content=\"sv_SE\" \/>\n<meta property=\"og:type\" content=\"article\" \/>\n<meta property=\"og:title\" content=\"Junior-EM i jujutsu p\u00e5 Kreta under helgen - Svenska Budo &amp; Kampsportsf\u00f6rbundet\" \/>\n<meta property=\"og:description\" content=\"JUJUTSU. Under den kommande helgen \u00e4r det junior-EM i jujutsu. Landslaget skickar tio idrottare och landslagscoachen Joakim Vistam \u00e4r f\u00f6rv\u00e4ntansfull. - Jag har en riktigt bra k\u00e4nsla inf\u00f6r m\u00e4sterskapet, s\u00e4ger han till budokampsport.se. (Foto: Fredrik Lindberg)\" \/>\n<meta property=\"og:url\" content=\"https:\/\/www.budokampsport.se\/2022\/04\/01\/junior-em-i-jujutsu-pa-kreta-under-helgen\/\" \/>\n<meta property=\"og:site_name\" content=\"Svenska Budo &amp; Kampsportsf\u00f6rbundet\" \/>\n<meta property=\"article:author\" content=\"https:\/\/www.facebook.com\/jonathan.broberg.7\" \/>\n<meta property=\"article:published_time\" content=\"2022-04-01T08:12:31+00:00\" \/>\n<meta property=\"article:modified_time\" content=\"2022-04-04T12:17:29+00:00\" \/>\n<meta property=\"og:image\" content=\"https:\/\/www.budokampsport.se\/wp-content\/uploads\/2019\/11\/emma-lette.jpg\" \/>\n\t<meta property=\"og:image:width\" content=\"850\" \/>\n\t<meta property=\"og:image:height\" content=\"494\" \/>\n\t<meta property=\"og:image:type\" content=\"image\/jpeg\" \/>\n<meta name=\"author\" content=\"Jonathan Broberg\" \/>\n<meta name=\"twitter:card\" content=\"summary_large_image\" \/>\n<meta name=\"twitter:label1\" content=\"Skriven av\" \/>\n\t<meta name=\"twitter:data1\" content=\"Jonathan Broberg\" \/>\n\t<meta name=\"twitter:label2\" content=\"Ber\u00e4knad l\u00e4stid\" \/>\n\t<meta name=\"twitter:data2\" content=\"2 minuter\" \/>\n<script type=\"application\/ld+json\" class=\"yoast-schema-graph\">{\"@context\":\"https:\/\/schema.org\",\"@graph\":[{\"@type\":\"Article\",\"@id\":\"https:\/\/www.budokampsport.se\/2022\/04\/01\/junior-em-i-jujutsu-pa-kreta-under-helgen\/#article\",\"isPartOf\":{\"@id\":\"https:\/\/www.budokampsport.se\/2022\/04\/01\/junior-em-i-jujutsu-pa-kreta-under-helgen\/\"},\"author\":{\"name\":\"Jonathan Broberg\",\"@id\":\"https:\/\/www.budokampsport.se\/#\/schema\/person\/5c06d81d14850e2a8ce5493386560145\"},\"headline\":\"Junior-EM i jujutsu p\u00e5 Kreta under helgen\",\"datePublished\":\"2022-04-01T08:12:31+00:00\",\"dateModified\":\"2022-04-04T12:17:29+00:00\",\"mainEntityOfPage\":{\"@id\":\"https:\/\/www.budokampsport.se\/2022\/04\/01\/junior-em-i-jujutsu-pa-kreta-under-helgen\/\"},\"wordCount\":337,\"commentCount\":0,\"image\":{\"@id\":\"https:\/\/www.budokampsport.se\/2022\/04\/01\/junior-em-i-jujutsu-pa-kreta-under-helgen\/#primaryimage\"},\"thumbnailUrl\":\"https:\/\/www.budokampsport.se\/wp-content\/uploads\/2019\/11\/emma-lette.jpg\",\"inLanguage\":\"sv-SE\",\"potentialAction\":[{\"@type\":\"CommentAction\",\"name\":\"Comment\",\"target\":[\"https:\/\/www.budokampsport.se\/2022\/04\/01\/junior-em-i-jujutsu-pa-kreta-under-helgen\/#respond\"]}]},{\"@type\":\"WebPage\",\"@id\":\"https:\/\/www.budokampsport.se\/2022\/04\/01\/junior-em-i-jujutsu-pa-kreta-under-helgen\/\",\"url\":\"https:\/\/www.budokampsport.se\/2022\/04\/01\/junior-em-i-jujutsu-pa-kreta-under-helgen\/\",\"name\":\"Junior-EM i jujutsu p\u00e5 Kreta under helgen - Svenska Budo &amp; Kampsportsf\u00f6rbundet\",\"isPartOf\":{\"@id\":\"https:\/\/www.budokampsport.se\/#website\"},\"primaryImageOfPage\":{\"@id\":\"https:\/\/www.budokampsport.se\/2022\/04\/01\/junior-em-i-jujutsu-pa-kreta-under-helgen\/#primaryimage\"},\"image\":{\"@id\":\"https:\/\/www.budokampsport.se\/2022\/04\/01\/junior-em-i-jujutsu-pa-kreta-under-helgen\/#primaryimage\"},\"thumbnailUrl\":\"https:\/\/www.budokampsport.se\/wp-content\/uploads\/2019\/11\/emma-lette.jpg\",\"datePublished\":\"2022-04-01T08:12:31+00:00\",\"dateModified\":\"2022-04-04T12:17:29+00:00\",\"author\":{\"@id\":\"https:\/\/www.budokampsport.se\/#\/schema\/person\/5c06d81d14850e2a8ce5493386560145\"},\"description\":\"JUJUTSU. Under den kommande helgen \u00e4r det junior-EM i jujutsu. Landslaget skickar tio idrottare och landslagscoachen Joakim Vistam \u00e4r f\u00f6rv\u00e4ntansfull. - Jag har en riktigt bra k\u00e4nsla inf\u00f6r m\u00e4sterskapet, s\u00e4ger han till budokampsport.se. (Foto: Fredrik Lindberg)\",\"breadcrumb\":{\"@id\":\"https:\/\/www.budokampsport.se\/2022\/04\/01\/junior-em-i-jujutsu-pa-kreta-under-helgen\/#breadcrumb\"},\"inLanguage\":\"sv-SE\",\"potentialAction\":[{\"@type\":\"ReadAction\",\"target\":[\"https:\/\/www.budokampsport.se\/2022\/04\/01\/junior-em-i-jujutsu-pa-kreta-under-helgen\/\"]}]},{\"@type\":\"ImageObject\",\"inLanguage\":\"sv-SE\",\"@id\":\"https:\/\/www.budokampsport.se\/2022\/04\/01\/junior-em-i-jujutsu-pa-kreta-under-helgen\/#primaryimage\",\"url\":\"https:\/\/www.budokampsport.se\/wp-content\/uploads\/2019\/11\/emma-lette.jpg\",\"contentUrl\":\"https:\/\/www.budokampsport.se\/wp-content\/uploads\/2019\/11\/emma-lette.jpg\",\"width\":850,\"height\":494,\"caption\":\"Foto: Fredrik Lindberg\"},{\"@type\":\"BreadcrumbList\",\"@id\":\"https:\/\/www.budokampsport.se\/2022\/04\/01\/junior-em-i-jujutsu-pa-kreta-under-helgen\/#breadcrumb\",\"itemListElement\":[{\"@type\":\"ListItem\",\"position\":1,\"name\":\"Hem\",\"item\":\"https:\/\/www.budokampsport.se\/\"},{\"@type\":\"ListItem\",\"position\":2,\"name\":\"Junior-EM i jujutsu p\u00e5 Kreta under helgen\"}]},{\"@type\":\"WebSite\",\"@id\":\"https:\/\/www.budokampsport.se\/#website\",\"url\":\"https:\/\/www.budokampsport.se\/\",\"name\":\"Svenska Budo &amp; Kampsportsf\u00f6rbundet\",\"description\":\"T\u00e4vling, Tr\u00e4ning, Tradition\",\"potentialAction\":[{\"@type\":\"SearchAction\",\"target\":{\"@type\":\"EntryPoint\",\"urlTemplate\":\"https:\/\/www.budokampsport.se\/?s={search_term_string}\"},\"query-input\":{\"@type\":\"PropertyValueSpecification\",\"valueRequired\":true,\"valueName\":\"search_term_string\"}}],\"inLanguage\":\"sv-SE\"},{\"@type\":\"Person\",\"@id\":\"https:\/\/www.budokampsport.se\/#\/schema\/person\/5c06d81d14850e2a8ce5493386560145\",\"name\":\"Jonathan Broberg\",\"image\":{\"@type\":\"ImageObject\",\"inLanguage\":\"sv-SE\",\"@id\":\"https:\/\/www.budokampsport.se\/#\/schema\/person\/image\/\",\"url\":\"https:\/\/secure.gravatar.com\/avatar\/a58041c6cea9128bd9c40ee2f26d4136?s=96&d=blank&r=g\",\"contentUrl\":\"https:\/\/secure.gravatar.com\/avatar\/a58041c6cea9128bd9c40ee2f26d4136?s=96&d=blank&r=g\",\"caption\":\"Jonathan Broberg\"},\"sameAs\":[\"https:\/\/www.facebook.com\/jonathan.broberg.7\"],\"url\":\"https:\/\/www.budokampsport.se\/author\/jonathan\/\"}]}<\/script>\n<!-- \/ Yoast SEO plugin. -->","yoast_head_json":{"title":"Junior-EM i jujutsu p\u00e5 Kreta under helgen - Svenska Budo &amp; Kampsportsf\u00f6rbundet","description":"JUJUTSU. Under den kommande helgen \u00e4r det junior-EM i jujutsu. Landslaget skickar tio idrottare och landslagscoachen Joakim Vistam \u00e4r f\u00f6rv\u00e4ntansfull. - Jag har en riktigt bra k\u00e4nsla inf\u00f6r m\u00e4sterskapet, s\u00e4ger han till budokampsport.se. (Foto: Fredrik Lindberg)","robots":{"index":"index","follow":"follow","max-snippet":"max-snippet:-1","max-image-preview":"max-image-preview:large","max-video-preview":"max-video-preview:-1"},"canonical":"https:\/\/www.budokampsport.se\/2022\/04\/01\/junior-em-i-jujutsu-pa-kreta-under-helgen\/","og_locale":"sv_SE","og_type":"article","og_title":"Junior-EM i jujutsu p\u00e5 Kreta under helgen - Svenska Budo &amp; Kampsportsf\u00f6rbundet","og_description":"JUJUTSU. Under den kommande helgen \u00e4r det junior-EM i jujutsu. Landslaget skickar tio idrottare och landslagscoachen Joakim Vistam \u00e4r f\u00f6rv\u00e4ntansfull. - Jag har en riktigt bra k\u00e4nsla inf\u00f6r m\u00e4sterskapet, s\u00e4ger han till budokampsport.se. (Foto: Fredrik Lindberg)","og_url":"https:\/\/www.budokampsport.se\/2022\/04\/01\/junior-em-i-jujutsu-pa-kreta-under-helgen\/","og_site_name":"Svenska Budo &amp; Kampsportsf\u00f6rbundet","article_author":"https:\/\/www.facebook.com\/jonathan.broberg.7","article_published_time":"2022-04-01T08:12:31+00:00","article_modified_time":"2022-04-04T12:17:29+00:00","og_image":[{"width":850,"height":494,"url":"https:\/\/www.budokampsport.se\/wp-content\/uploads\/2019\/11\/emma-lette.jpg","type":"image\/jpeg"}],"author":"Jonathan Broberg","twitter_card":"summary_large_image","twitter_misc":{"Skriven av":"Jonathan Broberg","Ber\u00e4knad l\u00e4stid":"2 minuter"},"schema":{"@context":"https:\/\/schema.org","@graph":[{"@type":"Article","@id":"https:\/\/www.budokampsport.se\/2022\/04\/01\/junior-em-i-jujutsu-pa-kreta-under-helgen\/#article","isPartOf":{"@id":"https:\/\/www.budokampsport.se\/2022\/04\/01\/junior-em-i-jujutsu-pa-kreta-under-helgen\/"},"author":{"name":"Jonathan Broberg","@id":"https:\/\/www.budokampsport.se\/#\/schema\/person\/5c06d81d14850e2a8ce5493386560145"},"headline":"Junior-EM i jujutsu p\u00e5 Kreta under helgen","datePublished":"2022-04-01T08:12:31+00:00","dateModified":"2022-04-04T12:17:29+00:00","mainEntityOfPage":{"@id":"https:\/\/www.budokampsport.se\/2022\/04\/01\/junior-em-i-jujutsu-pa-kreta-under-helgen\/"},"wordCount":337,"commentCount":0,"image":{"@id":"https:\/\/www.budokampsport.se\/2022\/04\/01\/junior-em-i-jujutsu-pa-kreta-under-helgen\/#primaryimage"},"thumbnailUrl":"https:\/\/www.budokampsport.se\/wp-content\/uploads\/2019\/11\/emma-lette.jpg","inLanguage":"sv-SE","potentialAction":[{"@type":"CommentAction","name":"Comment","target":["https:\/\/www.budokampsport.se\/2022\/04\/01\/junior-em-i-jujutsu-pa-kreta-under-helgen\/#respond"]}]},{"@type":"WebPage","@id":"https:\/\/www.budokampsport.se\/2022\/04\/01\/junior-em-i-jujutsu-pa-kreta-under-helgen\/","url":"https:\/\/www.budokampsport.se\/2022\/04\/01\/junior-em-i-jujutsu-pa-kreta-under-helgen\/","name":"Junior-EM i jujutsu p\u00e5 Kreta under helgen - Svenska Budo &amp; Kampsportsf\u00f6rbundet","isPartOf":{"@id":"https:\/\/www.budokampsport.se\/#website"},"primaryImageOfPage":{"@id":"https:\/\/www.budokampsport.se\/2022\/04\/01\/junior-em-i-jujutsu-pa-kreta-under-helgen\/#primaryimage"},"image":{"@id":"https:\/\/www.budokampsport.se\/2022\/04\/01\/junior-em-i-jujutsu-pa-kreta-under-helgen\/#primaryimage"},"thumbnailUrl":"https:\/\/www.budokampsport.se\/wp-content\/uploads\/2019\/11\/emma-lette.jpg","datePublished":"2022-04-01T08:12:31+00:00","dateModified":"2022-04-04T12:17:29+00:00","author":{"@id":"https:\/\/www.budokampsport.se\/#\/schema\/person\/5c06d81d14850e2a8ce5493386560145"},"description":"JUJUTSU. Under den kommande helgen \u00e4r det junior-EM i jujutsu. Landslaget skickar tio idrottare och landslagscoachen Joakim Vistam \u00e4r f\u00f6rv\u00e4ntansfull. - Jag har en riktigt bra k\u00e4nsla inf\u00f6r m\u00e4sterskapet, s\u00e4ger han till budokampsport.se. (Foto: Fredrik Lindberg)","breadcrumb":{"@id":"https:\/\/www.budokampsport.se\/2022\/04\/01\/junior-em-i-jujutsu-pa-kreta-under-helgen\/#breadcrumb"},"inLanguage":"sv-SE","potentialAction":[{"@type":"ReadAction","target":["https:\/\/www.budokampsport.se\/2022\/04\/01\/junior-em-i-jujutsu-pa-kreta-under-helgen\/"]}]},{"@type":"ImageObject","inLanguage":"sv-SE","@id":"https:\/\/www.budokampsport.se\/2022\/04\/01\/junior-em-i-jujutsu-pa-kreta-under-helgen\/#primaryimage","url":"https:\/\/www.budokampsport.se\/wp-content\/uploads\/2019\/11\/emma-lette.jpg","contentUrl":"https:\/\/www.budokampsport.se\/wp-content\/uploads\/2019\/11\/emma-lette.jpg","width":850,"height":494,"caption":"Foto: Fredrik Lindberg"},{"@type":"BreadcrumbList","@id":"https:\/\/www.budokampsport.se\/2022\/04\/01\/junior-em-i-jujutsu-pa-kreta-under-helgen\/#breadcrumb","itemListElement":[{"@type":"ListItem","position":1,"name":"Hem","item":"https:\/\/www.budokampsport.se\/"},{"@type":"ListItem","position":2,"name":"Junior-EM i jujutsu p\u00e5 Kreta under helgen"}]},{"@type":"WebSite","@id":"https:\/\/www.budokampsport.se\/#website","url":"https:\/\/www.budokampsport.se\/","name":"Svenska Budo &amp; Kampsportsf\u00f6rbundet","description":"T\u00e4vling, Tr\u00e4ning, Tradition","potentialAction":[{"@type":"SearchAction","target":{"@type":"EntryPoint","urlTemplate":"https:\/\/www.budokampsport.se\/?s={search_term_string}"},"query-input":{"@type":"PropertyValueSpecification","valueRequired":true,"valueName":"search_term_string"}}],"inLanguage":"sv-SE"},{"@type":"Person","@id":"https:\/\/www.budokampsport.se\/#\/schema\/person\/5c06d81d14850e2a8ce5493386560145","name":"Jonathan Broberg","image":{"@type":"ImageObject","inLanguage":"sv-SE","@id":"https:\/\/www.budokampsport.se\/#\/schema\/person\/image\/","url":"https:\/\/secure.gravatar.com\/avatar\/a58041c6cea9128bd9c40ee2f26d4136?s=96&d=blank&r=g","contentUrl":"https:\/\/secure.gravatar.com\/avatar\/a58041c6cea9128bd9c40ee2f26d4136?s=96&d=blank&r=g","caption":"Jonathan Broberg"},"sameAs":["https:\/\/www.facebook.com\/jonathan.broberg.7"],"url":"https:\/\/www.budokampsport.se\/author\/jonathan\/"}]}},"_links":{"self":[{"href":"https:\/\/www.budokampsport.se\/api\/wp\/v2\/posts\/137725","targetHints":{"allow":["GET"]}}],"collection":[{"href":"https:\/\/www.budokampsport.se\/api\/wp\/v2\/posts"}],"about":[{"href":"https:\/\/www.budokampsport.se\/api\/wp\/v2\/types\/post"}],"author":[{"embeddable":true,"href":"https:\/\/www.budokampsport.se\/api\/wp\/v2\/users\/7"}],"replies":[{"embeddable":true,"href":"https:\/\/www.budokampsport.se\/api\/wp\/v2\/comments?post=137725"}],"version-history":[{"count":0,"href":"https:\/\/www.budokampsport.se\/api\/wp\/v2\/posts\/137725\/revisions"}],"wp:featuredmedia":[{"embeddable":true,"href":"https:\/\/www.budokampsport.se\/api\/wp\/v2\/media\/112834"}],"wp:attachment":[{"href":"https:\/\/www.budokampsport.se\/api\/wp\/v2\/media?parent=137725"}],"wp:term":[{"taxonomy":"category","embeddable":true,"href":"https:\/\/www.budokampsport.se\/api\/wp\/v2\/categories?post=137725"},{"taxonomy":"post_tag","embeddable":true,"href":"https:\/\/www.budokampsport.se\/api\/wp\/v2\/tags?post=137725"}],"curies":[{"name":"wp","href":"https:\/\/api.w.org\/{rel}","templated":true}]}}