{"id":138913,"date":"2022-05-02T10:06:48","date_gmt":"2022-05-02T08:06:48","guid":{"rendered":"https:\/\/www.budokampsport.se\/?p=138913"},"modified":"2022-05-06T13:51:27","modified_gmt":"2022-05-06T11:51:27","slug":"sbk-soker-projektledare","status":"publish","type":"post","link":"https:\/\/www.budokampsport.se\/2022\/05\/02\/sbk-soker-projektledare\/","title":{"rendered":"SB&#038;K s\u00f6ker projektledare"},"content":{"rendered":"<p>Arbetar du eller \u00e4r aktiv inom f\u00f6reningslivet och vill vara drivande i ett banbrytande projekt? D\u00e5 kan du vara r\u00e4tt person f\u00f6r tj\u00e4nsten som Projektledare till Svenska Budo &amp; Kampsportsf\u00f6rbundet. I denna tj\u00e4nst ges du en unik m\u00f6jlighet att f\u00e5 driva deras uppstartade projekt \u201dKampsportsskolan f\u00f6r fler\u201d.<\/p>\n<p><strong>Tj\u00e4nstebeskrivning och erbjudande<br \/>\n<\/strong>Syftet med projektet \u00e4r att f\u00e5 fler barn, ungdomar och vuxna med funktionsneds\u00e4ttning att f\u00e5 m\u00f6jlighet att testa en gl\u00e4djefylld fysisk aktivitet och f\u00e5 uppleva kampsportens positiva effekter. Vi vill ge f\u00f6reningar m\u00f6jlighet att p\u00e5 ett enkelt s\u00e4tt inkludera fler i sin verksamhet.<\/p>\n<p><strong>Arbetsuppgifter<br \/>\n<\/strong>Dina arbetsuppgifter kommer best\u00e5 utav att utveckla en ledarutbildning som utg\u00e5r fr\u00e5n Physical Literacy (r\u00f6relsef\u00f6rst\u00e5else) och inriktar sig p\u00e5 att inkludera flera. Du kommer \u00e4ven att utbilda ledare i att bedriva ett inkluderande ledarskap med m\u00e5l om att f\u00e5 fler med funktionsneds\u00e4ttning att v\u00e4lja att vara fysiskt aktiva. Ut\u00f6ver detta kommer du genomf\u00f6ra \u201dKampsportsskolan f\u00f6r fler\u201d, utbilda ledare och utv\u00e4rdera utbildningsinsatserna.<\/p>\n<p><strong>Personprofil<br \/>\n<\/strong>Vi s\u00f6ker dig som \u00e4r prestigel\u00f6s, kommunikativ och har god k\u00e4nnedom om idrottsr\u00f6relsen d\u00e4r du vill vara med och f\u00f6rb\u00e4ttra och utveckla. Det \u00e4r meriterande om du har en levd eller l\u00e4rd erfarenhet av idrott och funktionsneds\u00e4ttning.<\/p>\n<p><strong>F\u00f6r att lyckas i rollen kr\u00e4vs vidare:<br \/>\n<\/strong>&#8211; Att kunna projektleda<br \/>\n&#8211; God f\u00f6rm\u00e5ga att formulera kvalitativa texter p\u00e5 svenska<br \/>\n&#8211; \u00c4r van vid att arbeta sj\u00e4lvst\u00e4ndigt och sj\u00e4lv planera din tid<\/p>\n<p><strong>\u00d6vrigt<\/strong><br \/>\nStart: Omg\u00e5ende, enligt \u00f6verenskommelse<br \/>\nOmfattning: Projektanst\u00e4llning, 7 m\u00e5nader med chans till f\u00f6rl\u00e4ngning<br \/>\nArbetstider: Du v\u00e4ljer dina egna arbetstider<br \/>\nPlats: Vi ser g\u00e4rna ans\u00f6kningar fr\u00e5n hela landet d\u00e5 arbetet sker p\u00e5 distans<br \/>\nL\u00f6n: Fast<\/p>\n<p>PerformIQ \u2013 rekrytering av personal med egenskaper fr\u00e5n idrott\/f\u00f6reningsliv, \u00e4r v\u00e5r samarbetspartner och vi h\u00e4nvisar eventuella<strong> fr\u00e5gor om tj\u00e4nsten till rekryteringsansvarig Filip Lundstr\u00f6m p\u00e5 mailadress Filip.lundstrom@performiq.se<\/strong>. Skicka in din ans\u00f6kan redan idag d\u00e5 intervjuer sker l\u00f6pande. Tj\u00e4nsten kan komma att tills\u00e4ttas innan sista ans\u00f6kningsdagen.<\/p>\n<p>V\u00e4lkommen med din ans\u00f6kan <a href=\"https:\/\/performiq.se\/lediga-jobb\/6707\/\" target=\"_blank\" rel=\"noopener\">h\u00e4r<\/a>.<\/p>\n<p>&nbsp;<\/p>\n","protected":false},"excerpt":{"rendered":"<p>SB&#038;K. F\u00f6rbundet s\u00f6ker en kollega som ska driva projektet \u201dKampsportsskolan f\u00f6r fler\u201d. Anst\u00e4llningen \u00e4r en visstidsanst\u00e4llning med chans till f\u00f6rl\u00e4ngning. Nedan f\u00f6ljer jobbannonsen fr\u00e5n PerformIQ.<\/p><br>","protected":false},"author":120,"featured_media":137110,"comment_status":"open","ping_status":"open","sticky":false,"template":"","format":"standard","meta":{"_acf_changed":false,"footnotes":""},"categories":[1],"tags":[],"class_list":["post-138913","post","type-post","status-publish","format-standard","has-post-thumbnail","hentry","category-okategoriserade"],"acf":[],"yoast_head":"<!-- This site is optimized with the Yoast SEO plugin v26.8 - https:\/\/yoast.com\/product\/yoast-seo-wordpress\/ -->\n<title>SB&amp;K s\u00f6ker projektledare - Svenska Budo &amp; Kampsportsf\u00f6rbundet<\/title>\n<meta name=\"description\" content=\"SB&amp;K. F\u00f6rbundet s\u00f6ker en kollega som ska driva projektet \u201dKampsportsskolan f\u00f6r fler\u201d. Anst\u00e4llningen \u00e4r en visstidsanst\u00e4llning med chans till f\u00f6rl\u00e4ngning. Nedan f\u00f6ljer jobbannonsen fr\u00e5n PerformIQ.\" \/>\n<meta name=\"robots\" content=\"index, follow, max-snippet:-1, max-image-preview:large, max-video-preview:-1\" \/>\n<link rel=\"canonical\" href=\"https:\/\/www.budokampsport.se\/2022\/05\/02\/sbk-soker-projektledare\/\" \/>\n<meta property=\"og:locale\" content=\"sv_SE\" \/>\n<meta property=\"og:type\" content=\"article\" \/>\n<meta property=\"og:title\" content=\"SB&amp;K s\u00f6ker projektledare - Svenska Budo &amp; Kampsportsf\u00f6rbundet\" \/>\n<meta property=\"og:description\" content=\"SB&amp;K. F\u00f6rbundet s\u00f6ker en kollega som ska driva projektet \u201dKampsportsskolan f\u00f6r fler\u201d. Anst\u00e4llningen \u00e4r en visstidsanst\u00e4llning med chans till f\u00f6rl\u00e4ngning. Nedan f\u00f6ljer jobbannonsen fr\u00e5n PerformIQ.\" \/>\n<meta property=\"og:url\" content=\"https:\/\/www.budokampsport.se\/2022\/05\/02\/sbk-soker-projektledare\/\" \/>\n<meta property=\"og:site_name\" content=\"Svenska Budo &amp; Kampsportsf\u00f6rbundet\" \/>\n<meta property=\"article:published_time\" content=\"2022-05-02T08:06:48+00:00\" \/>\n<meta property=\"article:modified_time\" content=\"2022-05-06T11:51:27+00:00\" \/>\n<meta property=\"og:image\" content=\"https:\/\/www.budokampsport.se\/wp-content\/uploads\/2022\/03\/newsbklogotype.jpg\" \/>\n\t<meta property=\"og:image:width\" content=\"1200\" \/>\n\t<meta property=\"og:image:height\" content=\"800\" \/>\n\t<meta property=\"og:image:type\" content=\"image\/jpeg\" \/>\n<meta name=\"author\" content=\"Annie Carriage\" \/>\n<meta name=\"twitter:card\" content=\"summary_large_image\" \/>\n<meta name=\"twitter:label1\" content=\"Skriven av\" \/>\n\t<meta name=\"twitter:data1\" content=\"Annie Carriage\" \/>\n\t<meta name=\"twitter:label2\" content=\"Ber\u00e4knad l\u00e4stid\" \/>\n\t<meta name=\"twitter:data2\" content=\"2 minuter\" \/>\n<script type=\"application\/ld+json\" class=\"yoast-schema-graph\">{\"@context\":\"https:\/\/schema.org\",\"@graph\":[{\"@type\":\"Article\",\"@id\":\"https:\/\/www.budokampsport.se\/2022\/05\/02\/sbk-soker-projektledare\/#article\",\"isPartOf\":{\"@id\":\"https:\/\/www.budokampsport.se\/2022\/05\/02\/sbk-soker-projektledare\/\"},\"author\":{\"name\":\"Annie Carriage\",\"@id\":\"https:\/\/www.budokampsport.se\/#\/schema\/person\/c838cace8171f692e363fde3f38f208b\"},\"headline\":\"SB&#038;K s\u00f6ker projektledare\",\"datePublished\":\"2022-05-02T08:06:48+00:00\",\"dateModified\":\"2022-05-06T11:51:27+00:00\",\"mainEntityOfPage\":{\"@id\":\"https:\/\/www.budokampsport.se\/2022\/05\/02\/sbk-soker-projektledare\/\"},\"wordCount\":384,\"commentCount\":0,\"image\":{\"@id\":\"https:\/\/www.budokampsport.se\/2022\/05\/02\/sbk-soker-projektledare\/#primaryimage\"},\"thumbnailUrl\":\"https:\/\/www.budokampsport.se\/wp-content\/uploads\/2022\/03\/newsbklogotype.jpg\",\"inLanguage\":\"sv-SE\",\"potentialAction\":[{\"@type\":\"CommentAction\",\"name\":\"Comment\",\"target\":[\"https:\/\/www.budokampsport.se\/2022\/05\/02\/sbk-soker-projektledare\/#respond\"]}]},{\"@type\":\"WebPage\",\"@id\":\"https:\/\/www.budokampsport.se\/2022\/05\/02\/sbk-soker-projektledare\/\",\"url\":\"https:\/\/www.budokampsport.se\/2022\/05\/02\/sbk-soker-projektledare\/\",\"name\":\"SB&K s\u00f6ker projektledare - Svenska Budo &amp; Kampsportsf\u00f6rbundet\",\"isPartOf\":{\"@id\":\"https:\/\/www.budokampsport.se\/#website\"},\"primaryImageOfPage\":{\"@id\":\"https:\/\/www.budokampsport.se\/2022\/05\/02\/sbk-soker-projektledare\/#primaryimage\"},\"image\":{\"@id\":\"https:\/\/www.budokampsport.se\/2022\/05\/02\/sbk-soker-projektledare\/#primaryimage\"},\"thumbnailUrl\":\"https:\/\/www.budokampsport.se\/wp-content\/uploads\/2022\/03\/newsbklogotype.jpg\",\"datePublished\":\"2022-05-02T08:06:48+00:00\",\"dateModified\":\"2022-05-06T11:51:27+00:00\",\"author\":{\"@id\":\"https:\/\/www.budokampsport.se\/#\/schema\/person\/c838cace8171f692e363fde3f38f208b\"},\"description\":\"SB&K. F\u00f6rbundet s\u00f6ker en kollega som ska driva projektet \u201dKampsportsskolan f\u00f6r fler\u201d. Anst\u00e4llningen \u00e4r en visstidsanst\u00e4llning med chans till f\u00f6rl\u00e4ngning. Nedan f\u00f6ljer jobbannonsen fr\u00e5n PerformIQ.\",\"breadcrumb\":{\"@id\":\"https:\/\/www.budokampsport.se\/2022\/05\/02\/sbk-soker-projektledare\/#breadcrumb\"},\"inLanguage\":\"sv-SE\",\"potentialAction\":[{\"@type\":\"ReadAction\",\"target\":[\"https:\/\/www.budokampsport.se\/2022\/05\/02\/sbk-soker-projektledare\/\"]}]},{\"@type\":\"ImageObject\",\"inLanguage\":\"sv-SE\",\"@id\":\"https:\/\/www.budokampsport.se\/2022\/05\/02\/sbk-soker-projektledare\/#primaryimage\",\"url\":\"https:\/\/www.budokampsport.se\/wp-content\/uploads\/2022\/03\/newsbklogotype.jpg\",\"contentUrl\":\"https:\/\/www.budokampsport.se\/wp-content\/uploads\/2022\/03\/newsbklogotype.jpg\",\"width\":1200,\"height\":800,\"caption\":\"Grafik: Johanna Bjuhr Escalante.\"},{\"@type\":\"BreadcrumbList\",\"@id\":\"https:\/\/www.budokampsport.se\/2022\/05\/02\/sbk-soker-projektledare\/#breadcrumb\",\"itemListElement\":[{\"@type\":\"ListItem\",\"position\":1,\"name\":\"Hem\",\"item\":\"https:\/\/www.budokampsport.se\/\"},{\"@type\":\"ListItem\",\"position\":2,\"name\":\"SB&#038;K s\u00f6ker projektledare\"}]},{\"@type\":\"WebSite\",\"@id\":\"https:\/\/www.budokampsport.se\/#website\",\"url\":\"https:\/\/www.budokampsport.se\/\",\"name\":\"Svenska Budo &amp; Kampsportsf\u00f6rbundet\",\"description\":\"T\u00e4vling, Tr\u00e4ning, Tradition\",\"potentialAction\":[{\"@type\":\"SearchAction\",\"target\":{\"@type\":\"EntryPoint\",\"urlTemplate\":\"https:\/\/www.budokampsport.se\/?s={search_term_string}\"},\"query-input\":{\"@type\":\"PropertyValueSpecification\",\"valueRequired\":true,\"valueName\":\"search_term_string\"}}],\"inLanguage\":\"sv-SE\"},{\"@type\":\"Person\",\"@id\":\"https:\/\/www.budokampsport.se\/#\/schema\/person\/c838cace8171f692e363fde3f38f208b\",\"name\":\"Annie Carriage\",\"image\":{\"@type\":\"ImageObject\",\"inLanguage\":\"sv-SE\",\"@id\":\"https:\/\/www.budokampsport.se\/#\/schema\/person\/image\/\",\"url\":\"https:\/\/secure.gravatar.com\/avatar\/9311295560bdfbdf78365a26f7df1876?s=96&d=blank&r=g\",\"contentUrl\":\"https:\/\/secure.gravatar.com\/avatar\/9311295560bdfbdf78365a26f7df1876?s=96&d=blank&r=g\",\"caption\":\"Annie Carriage\"},\"url\":\"https:\/\/www.budokampsport.se\/author\/annie-bondefelt\/\"}]}<\/script>\n<!-- \/ Yoast SEO plugin. -->","yoast_head_json":{"title":"SB&K s\u00f6ker projektledare - Svenska Budo &amp; Kampsportsf\u00f6rbundet","description":"SB&K. F\u00f6rbundet s\u00f6ker en kollega som ska driva projektet \u201dKampsportsskolan f\u00f6r fler\u201d. Anst\u00e4llningen \u00e4r en visstidsanst\u00e4llning med chans till f\u00f6rl\u00e4ngning. Nedan f\u00f6ljer jobbannonsen fr\u00e5n PerformIQ.","robots":{"index":"index","follow":"follow","max-snippet":"max-snippet:-1","max-image-preview":"max-image-preview:large","max-video-preview":"max-video-preview:-1"},"canonical":"https:\/\/www.budokampsport.se\/2022\/05\/02\/sbk-soker-projektledare\/","og_locale":"sv_SE","og_type":"article","og_title":"SB&K s\u00f6ker projektledare - Svenska Budo &amp; Kampsportsf\u00f6rbundet","og_description":"SB&K. F\u00f6rbundet s\u00f6ker en kollega som ska driva projektet \u201dKampsportsskolan f\u00f6r fler\u201d. Anst\u00e4llningen \u00e4r en visstidsanst\u00e4llning med chans till f\u00f6rl\u00e4ngning. Nedan f\u00f6ljer jobbannonsen fr\u00e5n PerformIQ.","og_url":"https:\/\/www.budokampsport.se\/2022\/05\/02\/sbk-soker-projektledare\/","og_site_name":"Svenska Budo &amp; Kampsportsf\u00f6rbundet","article_published_time":"2022-05-02T08:06:48+00:00","article_modified_time":"2022-05-06T11:51:27+00:00","og_image":[{"width":1200,"height":800,"url":"https:\/\/www.budokampsport.se\/wp-content\/uploads\/2022\/03\/newsbklogotype.jpg","type":"image\/jpeg"}],"author":"Annie Carriage","twitter_card":"summary_large_image","twitter_misc":{"Skriven av":"Annie Carriage","Ber\u00e4knad l\u00e4stid":"2 minuter"},"schema":{"@context":"https:\/\/schema.org","@graph":[{"@type":"Article","@id":"https:\/\/www.budokampsport.se\/2022\/05\/02\/sbk-soker-projektledare\/#article","isPartOf":{"@id":"https:\/\/www.budokampsport.se\/2022\/05\/02\/sbk-soker-projektledare\/"},"author":{"name":"Annie Carriage","@id":"https:\/\/www.budokampsport.se\/#\/schema\/person\/c838cace8171f692e363fde3f38f208b"},"headline":"SB&#038;K s\u00f6ker projektledare","datePublished":"2022-05-02T08:06:48+00:00","dateModified":"2022-05-06T11:51:27+00:00","mainEntityOfPage":{"@id":"https:\/\/www.budokampsport.se\/2022\/05\/02\/sbk-soker-projektledare\/"},"wordCount":384,"commentCount":0,"image":{"@id":"https:\/\/www.budokampsport.se\/2022\/05\/02\/sbk-soker-projektledare\/#primaryimage"},"thumbnailUrl":"https:\/\/www.budokampsport.se\/wp-content\/uploads\/2022\/03\/newsbklogotype.jpg","inLanguage":"sv-SE","potentialAction":[{"@type":"CommentAction","name":"Comment","target":["https:\/\/www.budokampsport.se\/2022\/05\/02\/sbk-soker-projektledare\/#respond"]}]},{"@type":"WebPage","@id":"https:\/\/www.budokampsport.se\/2022\/05\/02\/sbk-soker-projektledare\/","url":"https:\/\/www.budokampsport.se\/2022\/05\/02\/sbk-soker-projektledare\/","name":"SB&K s\u00f6ker projektledare - Svenska Budo &amp; Kampsportsf\u00f6rbundet","isPartOf":{"@id":"https:\/\/www.budokampsport.se\/#website"},"primaryImageOfPage":{"@id":"https:\/\/www.budokampsport.se\/2022\/05\/02\/sbk-soker-projektledare\/#primaryimage"},"image":{"@id":"https:\/\/www.budokampsport.se\/2022\/05\/02\/sbk-soker-projektledare\/#primaryimage"},"thumbnailUrl":"https:\/\/www.budokampsport.se\/wp-content\/uploads\/2022\/03\/newsbklogotype.jpg","datePublished":"2022-05-02T08:06:48+00:00","dateModified":"2022-05-06T11:51:27+00:00","author":{"@id":"https:\/\/www.budokampsport.se\/#\/schema\/person\/c838cace8171f692e363fde3f38f208b"},"description":"SB&K. F\u00f6rbundet s\u00f6ker en kollega som ska driva projektet \u201dKampsportsskolan f\u00f6r fler\u201d. Anst\u00e4llningen \u00e4r en visstidsanst\u00e4llning med chans till f\u00f6rl\u00e4ngning. Nedan f\u00f6ljer jobbannonsen fr\u00e5n PerformIQ.","breadcrumb":{"@id":"https:\/\/www.budokampsport.se\/2022\/05\/02\/sbk-soker-projektledare\/#breadcrumb"},"inLanguage":"sv-SE","potentialAction":[{"@type":"ReadAction","target":["https:\/\/www.budokampsport.se\/2022\/05\/02\/sbk-soker-projektledare\/"]}]},{"@type":"ImageObject","inLanguage":"sv-SE","@id":"https:\/\/www.budokampsport.se\/2022\/05\/02\/sbk-soker-projektledare\/#primaryimage","url":"https:\/\/www.budokampsport.se\/wp-content\/uploads\/2022\/03\/newsbklogotype.jpg","contentUrl":"https:\/\/www.budokampsport.se\/wp-content\/uploads\/2022\/03\/newsbklogotype.jpg","width":1200,"height":800,"caption":"Grafik: Johanna Bjuhr Escalante."},{"@type":"BreadcrumbList","@id":"https:\/\/www.budokampsport.se\/2022\/05\/02\/sbk-soker-projektledare\/#breadcrumb","itemListElement":[{"@type":"ListItem","position":1,"name":"Hem","item":"https:\/\/www.budokampsport.se\/"},{"@type":"ListItem","position":2,"name":"SB&#038;K s\u00f6ker projektledare"}]},{"@type":"WebSite","@id":"https:\/\/www.budokampsport.se\/#website","url":"https:\/\/www.budokampsport.se\/","name":"Svenska Budo &amp; Kampsportsf\u00f6rbundet","description":"T\u00e4vling, Tr\u00e4ning, Tradition","potentialAction":[{"@type":"SearchAction","target":{"@type":"EntryPoint","urlTemplate":"https:\/\/www.budokampsport.se\/?s={search_term_string}"},"query-input":{"@type":"PropertyValueSpecification","valueRequired":true,"valueName":"search_term_string"}}],"inLanguage":"sv-SE"},{"@type":"Person","@id":"https:\/\/www.budokampsport.se\/#\/schema\/person\/c838cace8171f692e363fde3f38f208b","name":"Annie Carriage","image":{"@type":"ImageObject","inLanguage":"sv-SE","@id":"https:\/\/www.budokampsport.se\/#\/schema\/person\/image\/","url":"https:\/\/secure.gravatar.com\/avatar\/9311295560bdfbdf78365a26f7df1876?s=96&d=blank&r=g","contentUrl":"https:\/\/secure.gravatar.com\/avatar\/9311295560bdfbdf78365a26f7df1876?s=96&d=blank&r=g","caption":"Annie Carriage"},"url":"https:\/\/www.budokampsport.se\/author\/annie-bondefelt\/"}]}},"_links":{"self":[{"href":"https:\/\/www.budokampsport.se\/api\/wp\/v2\/posts\/138913","targetHints":{"allow":["GET"]}}],"collection":[{"href":"https:\/\/www.budokampsport.se\/api\/wp\/v2\/posts"}],"about":[{"href":"https:\/\/www.budokampsport.se\/api\/wp\/v2\/types\/post"}],"author":[{"embeddable":true,"href":"https:\/\/www.budokampsport.se\/api\/wp\/v2\/users\/120"}],"replies":[{"embeddable":true,"href":"https:\/\/www.budokampsport.se\/api\/wp\/v2\/comments?post=138913"}],"version-history":[{"count":0,"href":"https:\/\/www.budokampsport.se\/api\/wp\/v2\/posts\/138913\/revisions"}],"wp:featuredmedia":[{"embeddable":true,"href":"https:\/\/www.budokampsport.se\/api\/wp\/v2\/media\/137110"}],"wp:attachment":[{"href":"https:\/\/www.budokampsport.se\/api\/wp\/v2\/media?parent=138913"}],"wp:term":[{"taxonomy":"category","embeddable":true,"href":"https:\/\/www.budokampsport.se\/api\/wp\/v2\/categories?post=138913"},{"taxonomy":"post_tag","embeddable":true,"href":"https:\/\/www.budokampsport.se\/api\/wp\/v2\/tags?post=138913"}],"curies":[{"name":"wp","href":"https:\/\/api.w.org\/{rel}","templated":true}]}}