{"id":138920,"date":"2022-04-29T10:29:13","date_gmt":"2022-04-29T08:29:13","guid":{"rendered":"https:\/\/www.budokampsport.se\/?p=138920"},"modified":"2022-04-29T10:39:35","modified_gmt":"2022-04-29T08:39:35","slug":"landslagsduo-jagar-vm-platser","status":"publish","type":"post","link":"https:\/\/www.budokampsport.se\/2022\/04\/29\/landslagsduo-jagar-vm-platser\/","title":{"rendered":"Landslagsduo jagar VM-platser"},"content":{"rendered":"<p>Ett av \u00e5rets stora m\u00e5l f\u00f6r BJJ-landslaget \u00e4r VM i Long Beach i Kalifornien i b\u00f6rjan av juni. Men f\u00f6r tv\u00e5 av de st\u00f6rsta svenska namnen p\u00e5g\u00e5r fortfarande jakten p\u00e5 VM-platser.<\/p>\n<p>Svartb\u00e4ltarna Alexander Baffoun (l\u00e4tt tungvikt) och Max Lindblad (mellanvikt) m\u00e5ste n\u00e4mligen kvala sig in till v\u00e4rldsm\u00e4sterskapet genom att ta tillr\u00e4ckligt m\u00e5nga rankingpo\u00e4ng. Och f\u00f6r dem \u00e5terst\u00e5r nu bara tv\u00e5 t\u00e4vlingar d\u00e4r de kan g\u00f6ra det \u2013 Dublin Open nu i helgen samt Paris Open i mitten av maj.<\/p>\n<p>F\u00f6r 25-\u00e5rige Alexander Baffoun fr\u00e5n Malm\u00f6-klubben Art of Roll kommer medaljer att kr\u00e4vas i b\u00e4gge de kommande t\u00e4vlingarna, alternativt att han lyckas vinna n\u00e5gon av dem. En stor anledning till po\u00e4ngknipan \u00e4r hans gradering s\u00e5 sent som i <a href=\"https:\/\/www.facebook.com\/artofrollBJJ\/posts\/3263068787254416\" target=\"_blank\" rel=\"noopener\">mars i \u00e5r<\/a>.<\/p>\n<p>&#8211; Jag fick mitt svartb\u00e4lte f\u00f6r en dryg m\u00e5nad sen s\u00e5 just nu har jag 0 rankingpo\u00e4ng. Helgens t\u00e4vling blir min f\u00f6rsta t\u00e4vling som svartb\u00e4ltare och jag \u00e4r supertaggad p\u00e5 att bevisa att jag \u00e4r tillr\u00e4ckligt bra f\u00f6r att konkurrera med de allra b\u00e4sta, ber\u00e4ttar han f\u00f6r budokampsport.se.<\/p>\n<p>Han har tidigare t\u00e4vlat i fem BJJ-VM och vunnit brons som b\u00e5de bl\u00e5b\u00e4ltare och lilab\u00e4ltare. Men nu \u00e4r det allts\u00e5 svart b\u00e4lte och den allra h\u00f6gsta internationella t\u00e4vlingsniv\u00e5n som g\u00e4ller.<\/p>\n<p>&#8211; \u00c4r du riktigt duktig i fotboll kan du hoppa r\u00e4tt in i a-laget, oavsett \u00e5lder. Men det g\u00e5r ju inte i BJJ. D\u00e4r m\u00e5ste du ha b\u00e4ltena en viss tid och det \u00e4r d\u00e4rf\u00f6r man t\u00e4vlar inom olika b\u00e4lten. Men skulle ett lilab\u00e4lte vinna \u00f6ver ett svartb\u00e4lte s\u00e5 skulle det inte vara chockerande. Skillnaden \u00e4r framf\u00f6rallt erfarenheten, s\u00e4ger Alexander Baffoun.<\/p>\n<p>\u00c4ven BJJ-landslagets andre svartb\u00e4ltare, den rutinerade och n\u00e5got \u00e4ldre Max Lindblad fr\u00e5n Stark IF i Stockholm, beh\u00f6ver plocka ytterligare po\u00e4ng f\u00f6r att boka en VM-plats i Long Beach.<\/p>\n<p>&#8211; Jag har lite mer rankingpo\u00e4ng \u00e4n Alex men jag har faktiskt inte riktigt koll p\u00e5 hur m\u00e5nga fler po\u00e4ng jag beh\u00f6ver. Det ser tufft ut men det \u00e4r inte om\u00f6jligt att l\u00f6sa, ber\u00e4ttar 31-\u00e5ringen.<\/p>\n<p>P\u00e5 grund av coronapandemin har m\u00e5nga t\u00e4vlingar blivit inst\u00e4llda och han \u00e4r d\u00e4rf\u00f6r inte ensam om att i nul\u00e4get sakna tillr\u00e4ckligt med rankingpo\u00e4ng. Till <a href=\"https:\/\/www.budokampsport.se\/2022\/02\/17\/max-lindblad-i-ny-viktklass-under-bjj-em\/\" target=\"_blank\" rel=\"noopener\">EM i Rom<\/a> tidigare i \u00e5r klev han ner till l\u00e4ttviktsklassen men han \u00e4r nu tillbaka i sin ordinarie mellanviktsklass. Och d\u00e4r l\u00e4r han st\u00f6ta p\u00e5 h\u00e5rt motst\u00e5nd i helgens t\u00e4vlingar i Dublin.<\/p>\n<p>&#8211; Det \u00e4r b\u00e5de gamla rivaler och nya rivaler anm\u00e4lda. Men det kommer att vara s\u00e5 nu, det finns inga l\u00e4tta t\u00e4vlingar l\u00e4ngre eftersom det knappt har g\u00e5tt att t\u00e4vla tidigare, konstaterar Max Lindblad.<\/p>\n<p>En som f\u00f6rst\u00e5s f\u00f6ljer de kommande t\u00e4vlingarna med stort intresse \u00e4r Svenska BJJ-f\u00f6rbundets elitansvarige Daniel Haglind. Som s\u00e5dan \u00e4r han t\u00e4mligen unik internationellt, d\u00e4r man i regel representerar sin klubb snarare \u00e4n sitt land.<\/p>\n<p>&#8211; Svensk BJJ har verkligen utvecklats och en positiv riktning jag sett p\u00e5 senare tid \u00e4r viljan att hj\u00e4lpa varandra och sluta upp n\u00e4r det beh\u00f6vs. Svenska BJJ-communityn har st\u00e4rkts och forts\u00e4tter denna utveckling kommer vi f\u00e5 n\u00e5got som andra l\u00e4nder saknar, n\u00e4mligen en hel nation som tillsammans utvecklar svensk BJJ. D\u00e5 kommer VM-guldmedaljerna inte vara l\u00e5ngt borta, s\u00e4ger Daniel Haglind.<\/p>\n<p>Text: Mats Lilja<\/p>\n","protected":false},"excerpt":{"rendered":"<p>BJJ. Viktiga t\u00e4vlingar fram\u00f6ver f\u00f6r b\u00e5de Alexander Baffoun och Max Lindblad inf\u00f6r \u00e5rets v\u00e4rldsm\u00e4sterskap i Kalifornien.<br \/><br>(Foto: Privat.)<\/p><br>","protected":false},"author":914,"featured_media":138953,"comment_status":"open","ping_status":"open","sticky":false,"template":"","format":"standard","meta":{"_acf_changed":false,"footnotes":""},"categories":[1],"tags":[],"class_list":["post-138920","post","type-post","status-publish","format-standard","has-post-thumbnail","hentry","category-okategoriserade"],"acf":[],"yoast_head":"<!-- This site is optimized with the Yoast SEO plugin v26.8 - https:\/\/yoast.com\/product\/yoast-seo-wordpress\/ -->\n<title>Landslagsduo jagar VM-platser - Svenska Budo &amp; Kampsportsf\u00f6rbundet<\/title>\n<meta name=\"description\" content=\"BJJ. Viktiga t\u00e4vlingar fram\u00f6ver f\u00f6r b\u00e5de Alexander Baffoun och Max Lindblad inf\u00f6r \u00e5rets v\u00e4rldsm\u00e4sterskap i Kalifornien. (Foto: Privat.)\" \/>\n<meta name=\"robots\" content=\"index, follow, max-snippet:-1, max-image-preview:large, max-video-preview:-1\" \/>\n<link rel=\"canonical\" href=\"https:\/\/www.budokampsport.se\/2022\/04\/29\/landslagsduo-jagar-vm-platser\/\" \/>\n<meta property=\"og:locale\" content=\"sv_SE\" \/>\n<meta property=\"og:type\" content=\"article\" \/>\n<meta property=\"og:title\" content=\"Landslagsduo jagar VM-platser - Svenska Budo &amp; Kampsportsf\u00f6rbundet\" \/>\n<meta property=\"og:description\" content=\"BJJ. Viktiga t\u00e4vlingar fram\u00f6ver f\u00f6r b\u00e5de Alexander Baffoun och Max Lindblad inf\u00f6r \u00e5rets v\u00e4rldsm\u00e4sterskap i Kalifornien. (Foto: Privat.)\" \/>\n<meta property=\"og:url\" content=\"https:\/\/www.budokampsport.se\/2022\/04\/29\/landslagsduo-jagar-vm-platser\/\" \/>\n<meta property=\"og:site_name\" content=\"Svenska Budo &amp; Kampsportsf\u00f6rbundet\" \/>\n<meta property=\"article:published_time\" content=\"2022-04-29T08:29:13+00:00\" \/>\n<meta property=\"article:modified_time\" content=\"2022-04-29T08:39:35+00:00\" \/>\n<meta property=\"og:image\" content=\"https:\/\/www.budokampsport.se\/wp-content\/uploads\/2022\/04\/baffounlindblad.jpg\" \/>\n\t<meta property=\"og:image:width\" content=\"1200\" \/>\n\t<meta property=\"og:image:height\" content=\"800\" \/>\n\t<meta property=\"og:image:type\" content=\"image\/jpeg\" \/>\n<meta name=\"author\" content=\"Mats Lilja\" \/>\n<meta name=\"twitter:card\" content=\"summary_large_image\" \/>\n<meta name=\"twitter:label1\" content=\"Skriven av\" \/>\n\t<meta name=\"twitter:data1\" content=\"Mats Lilja\" \/>\n\t<meta name=\"twitter:label2\" content=\"Ber\u00e4knad l\u00e4stid\" \/>\n\t<meta name=\"twitter:data2\" content=\"3 minuter\" \/>\n<script type=\"application\/ld+json\" class=\"yoast-schema-graph\">{\"@context\":\"https:\/\/schema.org\",\"@graph\":[{\"@type\":\"Article\",\"@id\":\"https:\/\/www.budokampsport.se\/2022\/04\/29\/landslagsduo-jagar-vm-platser\/#article\",\"isPartOf\":{\"@id\":\"https:\/\/www.budokampsport.se\/2022\/04\/29\/landslagsduo-jagar-vm-platser\/\"},\"author\":{\"name\":\"Mats Lilja\",\"@id\":\"https:\/\/www.budokampsport.se\/#\/schema\/person\/d80c0bc61f1787703168fc250ce69522\"},\"headline\":\"Landslagsduo jagar VM-platser\",\"datePublished\":\"2022-04-29T08:29:13+00:00\",\"dateModified\":\"2022-04-29T08:39:35+00:00\",\"mainEntityOfPage\":{\"@id\":\"https:\/\/www.budokampsport.se\/2022\/04\/29\/landslagsduo-jagar-vm-platser\/\"},\"wordCount\":633,\"commentCount\":0,\"image\":{\"@id\":\"https:\/\/www.budokampsport.se\/2022\/04\/29\/landslagsduo-jagar-vm-platser\/#primaryimage\"},\"thumbnailUrl\":\"https:\/\/www.budokampsport.se\/wp-content\/uploads\/2022\/04\/baffounlindblad.jpg\",\"inLanguage\":\"sv-SE\",\"potentialAction\":[{\"@type\":\"CommentAction\",\"name\":\"Comment\",\"target\":[\"https:\/\/www.budokampsport.se\/2022\/04\/29\/landslagsduo-jagar-vm-platser\/#respond\"]}]},{\"@type\":\"WebPage\",\"@id\":\"https:\/\/www.budokampsport.se\/2022\/04\/29\/landslagsduo-jagar-vm-platser\/\",\"url\":\"https:\/\/www.budokampsport.se\/2022\/04\/29\/landslagsduo-jagar-vm-platser\/\",\"name\":\"Landslagsduo jagar VM-platser - Svenska Budo &amp; Kampsportsf\u00f6rbundet\",\"isPartOf\":{\"@id\":\"https:\/\/www.budokampsport.se\/#website\"},\"primaryImageOfPage\":{\"@id\":\"https:\/\/www.budokampsport.se\/2022\/04\/29\/landslagsduo-jagar-vm-platser\/#primaryimage\"},\"image\":{\"@id\":\"https:\/\/www.budokampsport.se\/2022\/04\/29\/landslagsduo-jagar-vm-platser\/#primaryimage\"},\"thumbnailUrl\":\"https:\/\/www.budokampsport.se\/wp-content\/uploads\/2022\/04\/baffounlindblad.jpg\",\"datePublished\":\"2022-04-29T08:29:13+00:00\",\"dateModified\":\"2022-04-29T08:39:35+00:00\",\"author\":{\"@id\":\"https:\/\/www.budokampsport.se\/#\/schema\/person\/d80c0bc61f1787703168fc250ce69522\"},\"description\":\"BJJ. Viktiga t\u00e4vlingar fram\u00f6ver f\u00f6r b\u00e5de Alexander Baffoun och Max Lindblad inf\u00f6r \u00e5rets v\u00e4rldsm\u00e4sterskap i Kalifornien. (Foto: Privat.)\",\"breadcrumb\":{\"@id\":\"https:\/\/www.budokampsport.se\/2022\/04\/29\/landslagsduo-jagar-vm-platser\/#breadcrumb\"},\"inLanguage\":\"sv-SE\",\"potentialAction\":[{\"@type\":\"ReadAction\",\"target\":[\"https:\/\/www.budokampsport.se\/2022\/04\/29\/landslagsduo-jagar-vm-platser\/\"]}]},{\"@type\":\"ImageObject\",\"inLanguage\":\"sv-SE\",\"@id\":\"https:\/\/www.budokampsport.se\/2022\/04\/29\/landslagsduo-jagar-vm-platser\/#primaryimage\",\"url\":\"https:\/\/www.budokampsport.se\/wp-content\/uploads\/2022\/04\/baffounlindblad.jpg\",\"contentUrl\":\"https:\/\/www.budokampsport.se\/wp-content\/uploads\/2022\/04\/baffounlindblad.jpg\",\"width\":1200,\"height\":800,\"caption\":\"Alexander Baffoun och Max Lindblad (BJJ). Foto: Privat. Montage: Mats Lilja.\"},{\"@type\":\"BreadcrumbList\",\"@id\":\"https:\/\/www.budokampsport.se\/2022\/04\/29\/landslagsduo-jagar-vm-platser\/#breadcrumb\",\"itemListElement\":[{\"@type\":\"ListItem\",\"position\":1,\"name\":\"Hem\",\"item\":\"https:\/\/www.budokampsport.se\/\"},{\"@type\":\"ListItem\",\"position\":2,\"name\":\"Landslagsduo jagar VM-platser\"}]},{\"@type\":\"WebSite\",\"@id\":\"https:\/\/www.budokampsport.se\/#website\",\"url\":\"https:\/\/www.budokampsport.se\/\",\"name\":\"Svenska Budo &amp; Kampsportsf\u00f6rbundet\",\"description\":\"T\u00e4vling, Tr\u00e4ning, Tradition\",\"potentialAction\":[{\"@type\":\"SearchAction\",\"target\":{\"@type\":\"EntryPoint\",\"urlTemplate\":\"https:\/\/www.budokampsport.se\/?s={search_term_string}\"},\"query-input\":{\"@type\":\"PropertyValueSpecification\",\"valueRequired\":true,\"valueName\":\"search_term_string\"}}],\"inLanguage\":\"sv-SE\"},{\"@type\":\"Person\",\"@id\":\"https:\/\/www.budokampsport.se\/#\/schema\/person\/d80c0bc61f1787703168fc250ce69522\",\"name\":\"Mats Lilja\",\"image\":{\"@type\":\"ImageObject\",\"inLanguage\":\"sv-SE\",\"@id\":\"https:\/\/www.budokampsport.se\/#\/schema\/person\/image\/\",\"url\":\"https:\/\/secure.gravatar.com\/avatar\/607f84918e96abe1ebbd8611782fa57d?s=96&d=blank&r=g\",\"contentUrl\":\"https:\/\/secure.gravatar.com\/avatar\/607f84918e96abe1ebbd8611782fa57d?s=96&d=blank&r=g\",\"caption\":\"Mats Lilja\"},\"url\":\"https:\/\/www.budokampsport.se\/author\/mats-lilja\/\"}]}<\/script>\n<!-- \/ Yoast SEO plugin. -->","yoast_head_json":{"title":"Landslagsduo jagar VM-platser - Svenska Budo &amp; Kampsportsf\u00f6rbundet","description":"BJJ. Viktiga t\u00e4vlingar fram\u00f6ver f\u00f6r b\u00e5de Alexander Baffoun och Max Lindblad inf\u00f6r \u00e5rets v\u00e4rldsm\u00e4sterskap i Kalifornien. (Foto: Privat.)","robots":{"index":"index","follow":"follow","max-snippet":"max-snippet:-1","max-image-preview":"max-image-preview:large","max-video-preview":"max-video-preview:-1"},"canonical":"https:\/\/www.budokampsport.se\/2022\/04\/29\/landslagsduo-jagar-vm-platser\/","og_locale":"sv_SE","og_type":"article","og_title":"Landslagsduo jagar VM-platser - Svenska Budo &amp; Kampsportsf\u00f6rbundet","og_description":"BJJ. Viktiga t\u00e4vlingar fram\u00f6ver f\u00f6r b\u00e5de Alexander Baffoun och Max Lindblad inf\u00f6r \u00e5rets v\u00e4rldsm\u00e4sterskap i Kalifornien. (Foto: Privat.)","og_url":"https:\/\/www.budokampsport.se\/2022\/04\/29\/landslagsduo-jagar-vm-platser\/","og_site_name":"Svenska Budo &amp; Kampsportsf\u00f6rbundet","article_published_time":"2022-04-29T08:29:13+00:00","article_modified_time":"2022-04-29T08:39:35+00:00","og_image":[{"width":1200,"height":800,"url":"https:\/\/www.budokampsport.se\/wp-content\/uploads\/2022\/04\/baffounlindblad.jpg","type":"image\/jpeg"}],"author":"Mats Lilja","twitter_card":"summary_large_image","twitter_misc":{"Skriven av":"Mats Lilja","Ber\u00e4knad l\u00e4stid":"3 minuter"},"schema":{"@context":"https:\/\/schema.org","@graph":[{"@type":"Article","@id":"https:\/\/www.budokampsport.se\/2022\/04\/29\/landslagsduo-jagar-vm-platser\/#article","isPartOf":{"@id":"https:\/\/www.budokampsport.se\/2022\/04\/29\/landslagsduo-jagar-vm-platser\/"},"author":{"name":"Mats Lilja","@id":"https:\/\/www.budokampsport.se\/#\/schema\/person\/d80c0bc61f1787703168fc250ce69522"},"headline":"Landslagsduo jagar VM-platser","datePublished":"2022-04-29T08:29:13+00:00","dateModified":"2022-04-29T08:39:35+00:00","mainEntityOfPage":{"@id":"https:\/\/www.budokampsport.se\/2022\/04\/29\/landslagsduo-jagar-vm-platser\/"},"wordCount":633,"commentCount":0,"image":{"@id":"https:\/\/www.budokampsport.se\/2022\/04\/29\/landslagsduo-jagar-vm-platser\/#primaryimage"},"thumbnailUrl":"https:\/\/www.budokampsport.se\/wp-content\/uploads\/2022\/04\/baffounlindblad.jpg","inLanguage":"sv-SE","potentialAction":[{"@type":"CommentAction","name":"Comment","target":["https:\/\/www.budokampsport.se\/2022\/04\/29\/landslagsduo-jagar-vm-platser\/#respond"]}]},{"@type":"WebPage","@id":"https:\/\/www.budokampsport.se\/2022\/04\/29\/landslagsduo-jagar-vm-platser\/","url":"https:\/\/www.budokampsport.se\/2022\/04\/29\/landslagsduo-jagar-vm-platser\/","name":"Landslagsduo jagar VM-platser - Svenska Budo &amp; Kampsportsf\u00f6rbundet","isPartOf":{"@id":"https:\/\/www.budokampsport.se\/#website"},"primaryImageOfPage":{"@id":"https:\/\/www.budokampsport.se\/2022\/04\/29\/landslagsduo-jagar-vm-platser\/#primaryimage"},"image":{"@id":"https:\/\/www.budokampsport.se\/2022\/04\/29\/landslagsduo-jagar-vm-platser\/#primaryimage"},"thumbnailUrl":"https:\/\/www.budokampsport.se\/wp-content\/uploads\/2022\/04\/baffounlindblad.jpg","datePublished":"2022-04-29T08:29:13+00:00","dateModified":"2022-04-29T08:39:35+00:00","author":{"@id":"https:\/\/www.budokampsport.se\/#\/schema\/person\/d80c0bc61f1787703168fc250ce69522"},"description":"BJJ. Viktiga t\u00e4vlingar fram\u00f6ver f\u00f6r b\u00e5de Alexander Baffoun och Max Lindblad inf\u00f6r \u00e5rets v\u00e4rldsm\u00e4sterskap i Kalifornien. (Foto: Privat.)","breadcrumb":{"@id":"https:\/\/www.budokampsport.se\/2022\/04\/29\/landslagsduo-jagar-vm-platser\/#breadcrumb"},"inLanguage":"sv-SE","potentialAction":[{"@type":"ReadAction","target":["https:\/\/www.budokampsport.se\/2022\/04\/29\/landslagsduo-jagar-vm-platser\/"]}]},{"@type":"ImageObject","inLanguage":"sv-SE","@id":"https:\/\/www.budokampsport.se\/2022\/04\/29\/landslagsduo-jagar-vm-platser\/#primaryimage","url":"https:\/\/www.budokampsport.se\/wp-content\/uploads\/2022\/04\/baffounlindblad.jpg","contentUrl":"https:\/\/www.budokampsport.se\/wp-content\/uploads\/2022\/04\/baffounlindblad.jpg","width":1200,"height":800,"caption":"Alexander Baffoun och Max Lindblad (BJJ). Foto: Privat. Montage: Mats Lilja."},{"@type":"BreadcrumbList","@id":"https:\/\/www.budokampsport.se\/2022\/04\/29\/landslagsduo-jagar-vm-platser\/#breadcrumb","itemListElement":[{"@type":"ListItem","position":1,"name":"Hem","item":"https:\/\/www.budokampsport.se\/"},{"@type":"ListItem","position":2,"name":"Landslagsduo jagar VM-platser"}]},{"@type":"WebSite","@id":"https:\/\/www.budokampsport.se\/#website","url":"https:\/\/www.budokampsport.se\/","name":"Svenska Budo &amp; Kampsportsf\u00f6rbundet","description":"T\u00e4vling, Tr\u00e4ning, Tradition","potentialAction":[{"@type":"SearchAction","target":{"@type":"EntryPoint","urlTemplate":"https:\/\/www.budokampsport.se\/?s={search_term_string}"},"query-input":{"@type":"PropertyValueSpecification","valueRequired":true,"valueName":"search_term_string"}}],"inLanguage":"sv-SE"},{"@type":"Person","@id":"https:\/\/www.budokampsport.se\/#\/schema\/person\/d80c0bc61f1787703168fc250ce69522","name":"Mats Lilja","image":{"@type":"ImageObject","inLanguage":"sv-SE","@id":"https:\/\/www.budokampsport.se\/#\/schema\/person\/image\/","url":"https:\/\/secure.gravatar.com\/avatar\/607f84918e96abe1ebbd8611782fa57d?s=96&d=blank&r=g","contentUrl":"https:\/\/secure.gravatar.com\/avatar\/607f84918e96abe1ebbd8611782fa57d?s=96&d=blank&r=g","caption":"Mats Lilja"},"url":"https:\/\/www.budokampsport.se\/author\/mats-lilja\/"}]}},"_links":{"self":[{"href":"https:\/\/www.budokampsport.se\/api\/wp\/v2\/posts\/138920","targetHints":{"allow":["GET"]}}],"collection":[{"href":"https:\/\/www.budokampsport.se\/api\/wp\/v2\/posts"}],"about":[{"href":"https:\/\/www.budokampsport.se\/api\/wp\/v2\/types\/post"}],"author":[{"embeddable":true,"href":"https:\/\/www.budokampsport.se\/api\/wp\/v2\/users\/914"}],"replies":[{"embeddable":true,"href":"https:\/\/www.budokampsport.se\/api\/wp\/v2\/comments?post=138920"}],"version-history":[{"count":0,"href":"https:\/\/www.budokampsport.se\/api\/wp\/v2\/posts\/138920\/revisions"}],"wp:featuredmedia":[{"embeddable":true,"href":"https:\/\/www.budokampsport.se\/api\/wp\/v2\/media\/138953"}],"wp:attachment":[{"href":"https:\/\/www.budokampsport.se\/api\/wp\/v2\/media?parent=138920"}],"wp:term":[{"taxonomy":"category","embeddable":true,"href":"https:\/\/www.budokampsport.se\/api\/wp\/v2\/categories?post=138920"},{"taxonomy":"post_tag","embeddable":true,"href":"https:\/\/www.budokampsport.se\/api\/wp\/v2\/tags?post=138920"}],"curies":[{"name":"wp","href":"https:\/\/api.w.org\/{rel}","templated":true}]}}