{"id":139062,"date":"2022-05-02T15:59:57","date_gmt":"2022-05-02T13:59:57","guid":{"rendered":"https:\/\/www.budokampsport.se\/?p=139062"},"modified":"2022-05-02T15:59:57","modified_gmt":"2022-05-02T13:59:57","slug":"dubbla-guld-fortsatt-vm-jakt","status":"publish","type":"post","link":"https:\/\/www.budokampsport.se\/2022\/05\/02\/dubbla-guld-fortsatt-vm-jakt\/","title":{"rendered":"Dubbla guld till Anstiss-Liljefors \u2013 fortsatt VM-jakt f\u00f6r svartb\u00e4ltarna"},"content":{"rendered":"<p>N\u00e4r det internationella BJJ-f\u00f6rbundet IBJJF i helgen arrangerade Dublin Open i den irl\u00e4ndska huvudstaden s\u00e5 var intresset stort. Totalt var flera hundra ut\u00f6vare anm\u00e4lda till t\u00e4vlingen.<\/p>\n<p>Det svenska BJJ-landslaget hade tre fighters p\u00e5 plats \u2013 brunb\u00e4ltaren Scarlett Anstiss-Liljefors samt svartb\u00e4ltarna Max Lindblad och Alexander Baffoun.<\/p>\n<p>Anstiss-Liljefors var anm\u00e4ld till 74-kilosklassen (medeltungvikt), d\u00e4r hon inte fick n\u00e5gra motst\u00e5ndare och d\u00e4rf\u00f6r tilldelades automatisk guldmedalj. I och med detta kunde hon \u00e4ven st\u00e4lla upp i den \u00f6ppna klassen, d\u00e4r hon d\u00e4remot fick tv\u00e5 tuffa matcher.<\/p>\n<p>Efter att ha besegrat den italienska supertungviktaren Silvia Scomparin st\u00e4lldes hon mot den betydligt mindre fj\u00e4derviktaren Fiona May Middleton fr\u00e5n Storbritannien i final. Och det blev seger \u00e4ven d\u00e4r f\u00f6r svenskan, som d\u00e4rmed kunde resa hem med dubbla guldmedaljer i bagaget.<\/p>\n<p>&#8211; Det k\u00e4ndes bra under helgen. Jag har varit lite skadad de senaste m\u00e5naderna och missat n\u00e5gra t\u00e4vlingar som jag hade t\u00e4nkt vara med i, s\u00e5 det var riktigt sk\u00f6nt att kunna t\u00e4vla p\u00e5 den f\u00f6rsta IBJJF-t\u00e4vlingen i Europa p\u00e5 l\u00e4nge. Det var kul att komma upp p\u00e5 mattorna med n\u00e5gra bra konkurrenter och f\u00e5 testa nerverna igen, s\u00e4ger hon till budokampsport.se.<\/p>\n<p>Om en dryg m\u00e5nad \u00e4r det dags f\u00f6r VM i amerikanska Long Beach. Och efter det tidigare skadetrasslet var guldmedaljerna ett sk\u00f6nt formbesked.<\/p>\n<p>&#8211; Det ger mig lite sj\u00e4lvf\u00f6rtroende att jag g\u00e5r \u00e5t r\u00e4tt h\u00e5ll med tr\u00e4ningen. Och jag tycker att det var en bra uppv\u00e4rmning inf\u00f6r VM. F\u00f6r mig \u00e4r den mentala f\u00f6rberedelsen lika viktig som den fysiska, att uts\u00e4tta mig f\u00f6r t\u00e4vlingsupplevelsen p\u00e5 den h\u00e4r niv\u00e5n var viktigt f\u00f6r att uppn\u00e5 r\u00e4tt tankes\u00e4tt, s\u00e4ger hon.<\/p>\n<p>P\u00e5 Svenska BJJ-f\u00f6rbundet gl\u00e4ds man \u00f6ver Scarlett Anstiss-Liljefors framfart.<\/p>\n<p class=\"p1\">&#8211; Jag \u00e4r otroligt imponerad \u00f6ver Scarlett. Hon har inte haft sitt bruna b\u00e4lte s\u00e4rskilt l\u00e4nge men redan hunnit etablera sig internationellt i klassen. Hon har g\u00e5tt fram som en \u00e5ngv\u00e4lt och det skall bli sp\u00e4nnande att se henne p\u00e5 VM, s\u00e4ger f\u00f6rbundets elitansvarige Daniel Haglind.<\/p>\n<p>F\u00f6r landslagets svartb\u00e4ltare Max Lindblad (mellanvikt) och Alexander Baffoun (l\u00e4tt tungvikt) slutade Dublin Open med en varsin bronspeng. Det innebar viktiga rankingpo\u00e4ng f\u00f6r duon i deras <a href=\"https:\/\/www.budokampsport.se\/2022\/04\/29\/landslagsduo-jagar-vm-platser\/\" target=\"_blank\" rel=\"noopener\">jakt p\u00e5 VM-platser<\/a>.<\/p>\n<p>Lindblads och Baffouns sista chans att s\u00e4kra VM-deltagande i den skarpa konkurrensen bland svartb\u00e4ltarna blir Paris Open 14\u201315 maj.<\/p>\n<p>Text: Mats Lilja<\/p>\n","protected":false},"excerpt":{"rendered":"<p>BJJ. Medaljer till tre landslagsut\u00f6vare vid de internationella t\u00e4vlingarna i Dublin.<br \/><br>(Foto: IBJJF)<\/p><br>","protected":false},"author":914,"featured_media":139063,"comment_status":"open","ping_status":"open","sticky":false,"template":"","format":"standard","meta":{"_acf_changed":false,"footnotes":""},"categories":[1],"tags":[],"class_list":["post-139062","post","type-post","status-publish","format-standard","has-post-thumbnail","hentry","category-okategoriserade"],"acf":[],"yoast_head":"<!-- This site is optimized with the Yoast SEO plugin v26.8 - https:\/\/yoast.com\/product\/yoast-seo-wordpress\/ -->\n<title>Dubbla guld till Anstiss-Liljefors \u2013 fortsatt VM-jakt f\u00f6r svartb\u00e4ltarna - Svenska Budo &amp; Kampsportsf\u00f6rbundet<\/title>\n<meta name=\"description\" content=\"BJJ. Medaljer till tre landslagsut\u00f6vare vid de internationella t\u00e4vlingarna i Dublin. (Foto: IBJJF)\" \/>\n<meta name=\"robots\" content=\"index, follow, max-snippet:-1, max-image-preview:large, max-video-preview:-1\" \/>\n<link rel=\"canonical\" href=\"https:\/\/www.budokampsport.se\/2022\/05\/02\/dubbla-guld-fortsatt-vm-jakt\/\" \/>\n<meta property=\"og:locale\" content=\"sv_SE\" \/>\n<meta property=\"og:type\" content=\"article\" \/>\n<meta property=\"og:title\" content=\"Dubbla guld till Anstiss-Liljefors \u2013 fortsatt VM-jakt f\u00f6r svartb\u00e4ltarna - Svenska Budo &amp; Kampsportsf\u00f6rbundet\" \/>\n<meta property=\"og:description\" content=\"BJJ. Medaljer till tre landslagsut\u00f6vare vid de internationella t\u00e4vlingarna i Dublin. (Foto: IBJJF)\" \/>\n<meta property=\"og:url\" content=\"https:\/\/www.budokampsport.se\/2022\/05\/02\/dubbla-guld-fortsatt-vm-jakt\/\" \/>\n<meta property=\"og:site_name\" content=\"Svenska Budo &amp; Kampsportsf\u00f6rbundet\" \/>\n<meta property=\"article:published_time\" content=\"2022-05-02T13:59:57+00:00\" \/>\n<meta property=\"og:image\" content=\"https:\/\/www.budokampsport.se\/wp-content\/uploads\/2022\/05\/bjjascarlettdublin.jpg\" \/>\n\t<meta property=\"og:image:width\" content=\"1200\" \/>\n\t<meta property=\"og:image:height\" content=\"800\" \/>\n\t<meta property=\"og:image:type\" content=\"image\/jpeg\" \/>\n<meta name=\"author\" content=\"Mats Lilja\" \/>\n<meta name=\"twitter:card\" content=\"summary_large_image\" \/>\n<meta name=\"twitter:label1\" content=\"Skriven av\" \/>\n\t<meta name=\"twitter:data1\" content=\"Mats Lilja\" \/>\n\t<meta name=\"twitter:label2\" content=\"Ber\u00e4knad l\u00e4stid\" \/>\n\t<meta name=\"twitter:data2\" content=\"2 minuter\" \/>\n<script type=\"application\/ld+json\" class=\"yoast-schema-graph\">{\"@context\":\"https:\/\/schema.org\",\"@graph\":[{\"@type\":\"Article\",\"@id\":\"https:\/\/www.budokampsport.se\/2022\/05\/02\/dubbla-guld-fortsatt-vm-jakt\/#article\",\"isPartOf\":{\"@id\":\"https:\/\/www.budokampsport.se\/2022\/05\/02\/dubbla-guld-fortsatt-vm-jakt\/\"},\"author\":{\"name\":\"Mats Lilja\",\"@id\":\"https:\/\/www.budokampsport.se\/#\/schema\/person\/d80c0bc61f1787703168fc250ce69522\"},\"headline\":\"Dubbla guld till Anstiss-Liljefors \u2013 fortsatt VM-jakt f\u00f6r svartb\u00e4ltarna\",\"datePublished\":\"2022-05-02T13:59:57+00:00\",\"mainEntityOfPage\":{\"@id\":\"https:\/\/www.budokampsport.se\/2022\/05\/02\/dubbla-guld-fortsatt-vm-jakt\/\"},\"wordCount\":451,\"commentCount\":0,\"image\":{\"@id\":\"https:\/\/www.budokampsport.se\/2022\/05\/02\/dubbla-guld-fortsatt-vm-jakt\/#primaryimage\"},\"thumbnailUrl\":\"https:\/\/www.budokampsport.se\/wp-content\/uploads\/2022\/05\/bjjascarlettdublin.jpg\",\"inLanguage\":\"sv-SE\",\"potentialAction\":[{\"@type\":\"CommentAction\",\"name\":\"Comment\",\"target\":[\"https:\/\/www.budokampsport.se\/2022\/05\/02\/dubbla-guld-fortsatt-vm-jakt\/#respond\"]}]},{\"@type\":\"WebPage\",\"@id\":\"https:\/\/www.budokampsport.se\/2022\/05\/02\/dubbla-guld-fortsatt-vm-jakt\/\",\"url\":\"https:\/\/www.budokampsport.se\/2022\/05\/02\/dubbla-guld-fortsatt-vm-jakt\/\",\"name\":\"Dubbla guld till Anstiss-Liljefors \u2013 fortsatt VM-jakt f\u00f6r svartb\u00e4ltarna - Svenska Budo &amp; Kampsportsf\u00f6rbundet\",\"isPartOf\":{\"@id\":\"https:\/\/www.budokampsport.se\/#website\"},\"primaryImageOfPage\":{\"@id\":\"https:\/\/www.budokampsport.se\/2022\/05\/02\/dubbla-guld-fortsatt-vm-jakt\/#primaryimage\"},\"image\":{\"@id\":\"https:\/\/www.budokampsport.se\/2022\/05\/02\/dubbla-guld-fortsatt-vm-jakt\/#primaryimage\"},\"thumbnailUrl\":\"https:\/\/www.budokampsport.se\/wp-content\/uploads\/2022\/05\/bjjascarlettdublin.jpg\",\"datePublished\":\"2022-05-02T13:59:57+00:00\",\"author\":{\"@id\":\"https:\/\/www.budokampsport.se\/#\/schema\/person\/d80c0bc61f1787703168fc250ce69522\"},\"description\":\"BJJ. Medaljer till tre landslagsut\u00f6vare vid de internationella t\u00e4vlingarna i Dublin. (Foto: IBJJF)\",\"breadcrumb\":{\"@id\":\"https:\/\/www.budokampsport.se\/2022\/05\/02\/dubbla-guld-fortsatt-vm-jakt\/#breadcrumb\"},\"inLanguage\":\"sv-SE\",\"potentialAction\":[{\"@type\":\"ReadAction\",\"target\":[\"https:\/\/www.budokampsport.se\/2022\/05\/02\/dubbla-guld-fortsatt-vm-jakt\/\"]}]},{\"@type\":\"ImageObject\",\"inLanguage\":\"sv-SE\",\"@id\":\"https:\/\/www.budokampsport.se\/2022\/05\/02\/dubbla-guld-fortsatt-vm-jakt\/#primaryimage\",\"url\":\"https:\/\/www.budokampsport.se\/wp-content\/uploads\/2022\/05\/bjjascarlettdublin.jpg\",\"contentUrl\":\"https:\/\/www.budokampsport.se\/wp-content\/uploads\/2022\/05\/bjjascarlettdublin.jpg\",\"width\":1200,\"height\":800,\"caption\":\"Scarlett Anstiss-Liljefors med sina tv\u00e5 guld i Dublin Open 2022. Foto: IBJJF.\"},{\"@type\":\"BreadcrumbList\",\"@id\":\"https:\/\/www.budokampsport.se\/2022\/05\/02\/dubbla-guld-fortsatt-vm-jakt\/#breadcrumb\",\"itemListElement\":[{\"@type\":\"ListItem\",\"position\":1,\"name\":\"Hem\",\"item\":\"https:\/\/www.budokampsport.se\/\"},{\"@type\":\"ListItem\",\"position\":2,\"name\":\"Dubbla guld till Anstiss-Liljefors \u2013 fortsatt VM-jakt f\u00f6r svartb\u00e4ltarna\"}]},{\"@type\":\"WebSite\",\"@id\":\"https:\/\/www.budokampsport.se\/#website\",\"url\":\"https:\/\/www.budokampsport.se\/\",\"name\":\"Svenska Budo &amp; Kampsportsf\u00f6rbundet\",\"description\":\"T\u00e4vling, Tr\u00e4ning, Tradition\",\"potentialAction\":[{\"@type\":\"SearchAction\",\"target\":{\"@type\":\"EntryPoint\",\"urlTemplate\":\"https:\/\/www.budokampsport.se\/?s={search_term_string}\"},\"query-input\":{\"@type\":\"PropertyValueSpecification\",\"valueRequired\":true,\"valueName\":\"search_term_string\"}}],\"inLanguage\":\"sv-SE\"},{\"@type\":\"Person\",\"@id\":\"https:\/\/www.budokampsport.se\/#\/schema\/person\/d80c0bc61f1787703168fc250ce69522\",\"name\":\"Mats Lilja\",\"image\":{\"@type\":\"ImageObject\",\"inLanguage\":\"sv-SE\",\"@id\":\"https:\/\/www.budokampsport.se\/#\/schema\/person\/image\/\",\"url\":\"https:\/\/secure.gravatar.com\/avatar\/607f84918e96abe1ebbd8611782fa57d?s=96&d=blank&r=g\",\"contentUrl\":\"https:\/\/secure.gravatar.com\/avatar\/607f84918e96abe1ebbd8611782fa57d?s=96&d=blank&r=g\",\"caption\":\"Mats Lilja\"},\"url\":\"https:\/\/www.budokampsport.se\/author\/mats-lilja\/\"}]}<\/script>\n<!-- \/ Yoast SEO plugin. -->","yoast_head_json":{"title":"Dubbla guld till Anstiss-Liljefors \u2013 fortsatt VM-jakt f\u00f6r svartb\u00e4ltarna - Svenska Budo &amp; Kampsportsf\u00f6rbundet","description":"BJJ. Medaljer till tre landslagsut\u00f6vare vid de internationella t\u00e4vlingarna i Dublin. (Foto: IBJJF)","robots":{"index":"index","follow":"follow","max-snippet":"max-snippet:-1","max-image-preview":"max-image-preview:large","max-video-preview":"max-video-preview:-1"},"canonical":"https:\/\/www.budokampsport.se\/2022\/05\/02\/dubbla-guld-fortsatt-vm-jakt\/","og_locale":"sv_SE","og_type":"article","og_title":"Dubbla guld till Anstiss-Liljefors \u2013 fortsatt VM-jakt f\u00f6r svartb\u00e4ltarna - Svenska Budo &amp; Kampsportsf\u00f6rbundet","og_description":"BJJ. Medaljer till tre landslagsut\u00f6vare vid de internationella t\u00e4vlingarna i Dublin. (Foto: IBJJF)","og_url":"https:\/\/www.budokampsport.se\/2022\/05\/02\/dubbla-guld-fortsatt-vm-jakt\/","og_site_name":"Svenska Budo &amp; Kampsportsf\u00f6rbundet","article_published_time":"2022-05-02T13:59:57+00:00","og_image":[{"width":1200,"height":800,"url":"https:\/\/www.budokampsport.se\/wp-content\/uploads\/2022\/05\/bjjascarlettdublin.jpg","type":"image\/jpeg"}],"author":"Mats Lilja","twitter_card":"summary_large_image","twitter_misc":{"Skriven av":"Mats Lilja","Ber\u00e4knad l\u00e4stid":"2 minuter"},"schema":{"@context":"https:\/\/schema.org","@graph":[{"@type":"Article","@id":"https:\/\/www.budokampsport.se\/2022\/05\/02\/dubbla-guld-fortsatt-vm-jakt\/#article","isPartOf":{"@id":"https:\/\/www.budokampsport.se\/2022\/05\/02\/dubbla-guld-fortsatt-vm-jakt\/"},"author":{"name":"Mats Lilja","@id":"https:\/\/www.budokampsport.se\/#\/schema\/person\/d80c0bc61f1787703168fc250ce69522"},"headline":"Dubbla guld till Anstiss-Liljefors \u2013 fortsatt VM-jakt f\u00f6r svartb\u00e4ltarna","datePublished":"2022-05-02T13:59:57+00:00","mainEntityOfPage":{"@id":"https:\/\/www.budokampsport.se\/2022\/05\/02\/dubbla-guld-fortsatt-vm-jakt\/"},"wordCount":451,"commentCount":0,"image":{"@id":"https:\/\/www.budokampsport.se\/2022\/05\/02\/dubbla-guld-fortsatt-vm-jakt\/#primaryimage"},"thumbnailUrl":"https:\/\/www.budokampsport.se\/wp-content\/uploads\/2022\/05\/bjjascarlettdublin.jpg","inLanguage":"sv-SE","potentialAction":[{"@type":"CommentAction","name":"Comment","target":["https:\/\/www.budokampsport.se\/2022\/05\/02\/dubbla-guld-fortsatt-vm-jakt\/#respond"]}]},{"@type":"WebPage","@id":"https:\/\/www.budokampsport.se\/2022\/05\/02\/dubbla-guld-fortsatt-vm-jakt\/","url":"https:\/\/www.budokampsport.se\/2022\/05\/02\/dubbla-guld-fortsatt-vm-jakt\/","name":"Dubbla guld till Anstiss-Liljefors \u2013 fortsatt VM-jakt f\u00f6r svartb\u00e4ltarna - Svenska Budo &amp; Kampsportsf\u00f6rbundet","isPartOf":{"@id":"https:\/\/www.budokampsport.se\/#website"},"primaryImageOfPage":{"@id":"https:\/\/www.budokampsport.se\/2022\/05\/02\/dubbla-guld-fortsatt-vm-jakt\/#primaryimage"},"image":{"@id":"https:\/\/www.budokampsport.se\/2022\/05\/02\/dubbla-guld-fortsatt-vm-jakt\/#primaryimage"},"thumbnailUrl":"https:\/\/www.budokampsport.se\/wp-content\/uploads\/2022\/05\/bjjascarlettdublin.jpg","datePublished":"2022-05-02T13:59:57+00:00","author":{"@id":"https:\/\/www.budokampsport.se\/#\/schema\/person\/d80c0bc61f1787703168fc250ce69522"},"description":"BJJ. Medaljer till tre landslagsut\u00f6vare vid de internationella t\u00e4vlingarna i Dublin. (Foto: IBJJF)","breadcrumb":{"@id":"https:\/\/www.budokampsport.se\/2022\/05\/02\/dubbla-guld-fortsatt-vm-jakt\/#breadcrumb"},"inLanguage":"sv-SE","potentialAction":[{"@type":"ReadAction","target":["https:\/\/www.budokampsport.se\/2022\/05\/02\/dubbla-guld-fortsatt-vm-jakt\/"]}]},{"@type":"ImageObject","inLanguage":"sv-SE","@id":"https:\/\/www.budokampsport.se\/2022\/05\/02\/dubbla-guld-fortsatt-vm-jakt\/#primaryimage","url":"https:\/\/www.budokampsport.se\/wp-content\/uploads\/2022\/05\/bjjascarlettdublin.jpg","contentUrl":"https:\/\/www.budokampsport.se\/wp-content\/uploads\/2022\/05\/bjjascarlettdublin.jpg","width":1200,"height":800,"caption":"Scarlett Anstiss-Liljefors med sina tv\u00e5 guld i Dublin Open 2022. Foto: IBJJF."},{"@type":"BreadcrumbList","@id":"https:\/\/www.budokampsport.se\/2022\/05\/02\/dubbla-guld-fortsatt-vm-jakt\/#breadcrumb","itemListElement":[{"@type":"ListItem","position":1,"name":"Hem","item":"https:\/\/www.budokampsport.se\/"},{"@type":"ListItem","position":2,"name":"Dubbla guld till Anstiss-Liljefors \u2013 fortsatt VM-jakt f\u00f6r svartb\u00e4ltarna"}]},{"@type":"WebSite","@id":"https:\/\/www.budokampsport.se\/#website","url":"https:\/\/www.budokampsport.se\/","name":"Svenska Budo &amp; Kampsportsf\u00f6rbundet","description":"T\u00e4vling, Tr\u00e4ning, Tradition","potentialAction":[{"@type":"SearchAction","target":{"@type":"EntryPoint","urlTemplate":"https:\/\/www.budokampsport.se\/?s={search_term_string}"},"query-input":{"@type":"PropertyValueSpecification","valueRequired":true,"valueName":"search_term_string"}}],"inLanguage":"sv-SE"},{"@type":"Person","@id":"https:\/\/www.budokampsport.se\/#\/schema\/person\/d80c0bc61f1787703168fc250ce69522","name":"Mats Lilja","image":{"@type":"ImageObject","inLanguage":"sv-SE","@id":"https:\/\/www.budokampsport.se\/#\/schema\/person\/image\/","url":"https:\/\/secure.gravatar.com\/avatar\/607f84918e96abe1ebbd8611782fa57d?s=96&d=blank&r=g","contentUrl":"https:\/\/secure.gravatar.com\/avatar\/607f84918e96abe1ebbd8611782fa57d?s=96&d=blank&r=g","caption":"Mats Lilja"},"url":"https:\/\/www.budokampsport.se\/author\/mats-lilja\/"}]}},"_links":{"self":[{"href":"https:\/\/www.budokampsport.se\/api\/wp\/v2\/posts\/139062","targetHints":{"allow":["GET"]}}],"collection":[{"href":"https:\/\/www.budokampsport.se\/api\/wp\/v2\/posts"}],"about":[{"href":"https:\/\/www.budokampsport.se\/api\/wp\/v2\/types\/post"}],"author":[{"embeddable":true,"href":"https:\/\/www.budokampsport.se\/api\/wp\/v2\/users\/914"}],"replies":[{"embeddable":true,"href":"https:\/\/www.budokampsport.se\/api\/wp\/v2\/comments?post=139062"}],"version-history":[{"count":0,"href":"https:\/\/www.budokampsport.se\/api\/wp\/v2\/posts\/139062\/revisions"}],"wp:featuredmedia":[{"embeddable":true,"href":"https:\/\/www.budokampsport.se\/api\/wp\/v2\/media\/139063"}],"wp:attachment":[{"href":"https:\/\/www.budokampsport.se\/api\/wp\/v2\/media?parent=139062"}],"wp:term":[{"taxonomy":"category","embeddable":true,"href":"https:\/\/www.budokampsport.se\/api\/wp\/v2\/categories?post=139062"},{"taxonomy":"post_tag","embeddable":true,"href":"https:\/\/www.budokampsport.se\/api\/wp\/v2\/tags?post=139062"}],"curies":[{"name":"wp","href":"https:\/\/api.w.org\/{rel}","templated":true}]}}