{"id":139121,"date":"2022-05-04T13:49:01","date_gmt":"2022-05-04T11:49:01","guid":{"rendered":"https:\/\/www.budokampsport.se\/?p=139121"},"modified":"2022-05-04T13:49:01","modified_gmt":"2022-05-04T11:49:01","slug":"stort-intresse-for-sm-i-kickboxning-i-helgen","status":"publish","type":"post","link":"https:\/\/www.budokampsport.se\/2022\/05\/04\/stort-intresse-for-sm-i-kickboxning-i-helgen\/","title":{"rendered":"Stort intresse f\u00f6r SM i kickboxning i helgen"},"content":{"rendered":"<figure id=\"attachment_139151\" aria-describedby=\"caption-attachment-139151\" style=\"width: 147px\" class=\"wp-caption alignright\"><img loading=\"lazy\" decoding=\"async\" class=\"wp-image-139151\" src=\"https:\/\/www.budokampsport.se\/wp-content\/uploads\/2022\/05\/victoria-hedling-209x278.jpg\" alt=\"\" width=\"147\" height=\"196\" srcset=\"https:\/\/www.budokampsport.se\/wp-content\/uploads\/2022\/05\/victoria-hedling-209x278.jpg 209w, https:\/\/www.budokampsport.se\/wp-content\/uploads\/2022\/05\/victoria-hedling-600x800.jpg 600w, https:\/\/www.budokampsport.se\/wp-content\/uploads\/2022\/05\/victoria-hedling-282x376.jpg 282w, https:\/\/www.budokampsport.se\/wp-content\/uploads\/2022\/05\/victoria-hedling-635x847.jpg 635w, https:\/\/www.budokampsport.se\/wp-content\/uploads\/2022\/05\/victoria-hedling-429x572.jpg 429w, https:\/\/www.budokampsport.se\/wp-content\/uploads\/2022\/05\/victoria-hedling-572x762.jpg 572w, https:\/\/www.budokampsport.se\/wp-content\/uploads\/2022\/05\/victoria-hedling.jpg 850w\" sizes=\"auto, (max-width: 147px) 100vw, 147px\" \/><figcaption id=\"caption-attachment-139151\" class=\"wp-caption-text\"><em><span style=\"font-size: 10pt;\">Foto: privat<\/span><\/em><\/figcaption><\/figure>\n<p>Det \u00e4r dukat f\u00f6r SM i kickboxning i G\u00f6teborg p\u00e5 l\u00f6rdag.<\/p>\n<p>M\u00e4sterskapet ser ut att locka bra med publik och intresset bland idrottare \u00e4r stort, om man ser till antalet f\u00f6ranm\u00e4lda.<\/p>\n<p>&#8211; Just nu har vi lika m\u00e5nga matcher i fullkontakt som i lightkontakt, vi har knappt 60 anm\u00e4lda i b\u00e5da disciplinerna. Det blir ett bra startf\u00e4lt, jag \u00e4r v\u00e4ldigt f\u00f6rv\u00e4ntansfull, s\u00e4ger en av arrang\u00f6rerna Victroria Hedling.<\/p>\n<p>Kvalen och lightkontakt-delen kommer att h\u00e5llas i Lillek\u00e4rrshallen p\u00e5 Hisingen, medan finaler i fullkontakt kommer att h\u00e5llas i galaform p\u00e5 anrika Valands festv\u00e5ning p\u00e5 Avenyn.<\/p>\n<p>&#8211; Vi hoppas att det blir uppskattat med en finalgala och vi tror att det kommer att bli en bra inramning. Vi har just nu s\u00e5lt bra med biljetter till galan och intresset \u00e4r stort.<\/p>\n<p>\u00d6verlag menar Victoria Hedling att man kan f\u00f6rv\u00e4nta sig ett bra arrangemang och ett bra flyt p\u00e5 t\u00e4vlingarna.<\/p>\n<p>&#8211; Vi ska f\u00f6rs\u00f6ka genomf\u00f6ra ett s\u00e5 bra SM som m\u00f6jligt och vi ser fram emot helgen. Det blir kul, vi \u00e4r supertaggade.<\/p>\n<p>SM arrangeras av klubbarna <a href=\"https:\/\/ironmanmajorna.se\/\" target=\"_blank\" rel=\"noopener\">Ironman Kickboxningsklubb majorna<\/a> och <a href=\"https:\/\/bdtcgbg.se\/\" target=\"_blank\" rel=\"noopener\">Bulldog training center IF<\/a>.<\/p>\n<h3><strong>Stream och biljetter<\/strong><\/h3>\n<p>Biljetter till finalgalan finns att k\u00f6pa via <a href=\"https:\/\/www.tickster.com\/sv\/events\/4lfxpf5a7kg3w29\/2022-05-07\/sm-i-kickboxning-2022\" target=\"_blank\" rel=\"noopener\">Tickster<\/a>.<\/p>\n<p>M\u00e4sterskapet kommer att streamas p\u00e5 <a href=\"https:\/\/solidsport.com\/sm-kickboxning-kval\/watch\/sm-kickboxning-kval-ring-2\" target=\"_blank\" rel=\"noopener\">solidsport.com<\/a>.<\/p>\n<p><img loading=\"lazy\" decoding=\"async\" class=\"aligncenter wp-image-139152\" src=\"https:\/\/www.budokampsport.se\/wp-content\/uploads\/2022\/05\/SM-Kickboxning-2022.jpg\" alt=\"\" width=\"450\" height=\"667\" srcset=\"https:\/\/www.budokampsport.se\/wp-content\/uploads\/2022\/05\/SM-Kickboxning-2022.jpg 850w, https:\/\/www.budokampsport.se\/wp-content\/uploads\/2022\/05\/SM-Kickboxning-2022-600x889.jpg 600w, https:\/\/www.budokampsport.se\/wp-content\/uploads\/2022\/05\/SM-Kickboxning-2022-254x376.jpg 254w, https:\/\/www.budokampsport.se\/wp-content\/uploads\/2022\/05\/SM-Kickboxning-2022-572x847.jpg 572w, https:\/\/www.budokampsport.se\/wp-content\/uploads\/2022\/05\/SM-Kickboxning-2022-188x278.jpg 188w, https:\/\/www.budokampsport.se\/wp-content\/uploads\/2022\/05\/SM-Kickboxning-2022-386x572.jpg 386w\" sizes=\"auto, (max-width: 450px) 100vw, 450px\" \/><\/p>\n","protected":false},"excerpt":{"rendered":"<p>KICKBOXNING. SM i kickboxning arrangeras p\u00e5 l\u00f6rdag i G\u00f6teborg och suget efter t\u00e4vlingarna \u00e4r stort, b\u00e5de publikt och ut\u00f6varm\u00e4ssigt. Finalgala h\u00e5lls i anrik lokal mitt p\u00e5 Avenyn.<br \/><br>&#8211; Det blir kul, vi \u00e4r supertaggade, s\u00e4ger arrang\u00f6ren Victoria Hedling till budokampsport.se.<br \/><br>(Foto: swedenkickboxing.se)<\/p><br>","protected":false},"author":7,"featured_media":131571,"comment_status":"open","ping_status":"open","sticky":false,"template":"","format":"standard","meta":{"_acf_changed":false,"footnotes":""},"categories":[1],"tags":[],"class_list":["post-139121","post","type-post","status-publish","format-standard","has-post-thumbnail","hentry","category-okategoriserade"],"acf":[],"yoast_head":"<!-- This site is optimized with the Yoast SEO plugin v26.8 - https:\/\/yoast.com\/product\/yoast-seo-wordpress\/ -->\n<title>Stort intresse f\u00f6r SM i kickboxning i helgen - Svenska Budo &amp; Kampsportsf\u00f6rbundet<\/title>\n<meta name=\"description\" content=\"KICKBOXNING. SM i kickboxning arrangeras p\u00e5 l\u00f6rdag i G\u00f6teborg och suget efter t\u00e4vlingarna \u00e4r stort, b\u00e5de publikt och ut\u00f6varm\u00e4ssigt. Finalgala h\u00e5lls i anrik lokal mitt p\u00e5 Avenyn. - Det blir kul, vi \u00e4r supertaggade, s\u00e4ger arrang\u00f6ren Victoria Hedling till budokampsport.se. (Foto: swedenkickboxing.se)\" \/>\n<meta name=\"robots\" content=\"index, follow, max-snippet:-1, max-image-preview:large, max-video-preview:-1\" \/>\n<link rel=\"canonical\" href=\"https:\/\/www.budokampsport.se\/2022\/05\/04\/stort-intresse-for-sm-i-kickboxning-i-helgen\/\" \/>\n<meta property=\"og:locale\" content=\"sv_SE\" \/>\n<meta property=\"og:type\" content=\"article\" \/>\n<meta property=\"og:title\" content=\"Stort intresse f\u00f6r SM i kickboxning i helgen - Svenska Budo &amp; Kampsportsf\u00f6rbundet\" \/>\n<meta property=\"og:description\" content=\"KICKBOXNING. SM i kickboxning arrangeras p\u00e5 l\u00f6rdag i G\u00f6teborg och suget efter t\u00e4vlingarna \u00e4r stort, b\u00e5de publikt och ut\u00f6varm\u00e4ssigt. Finalgala h\u00e5lls i anrik lokal mitt p\u00e5 Avenyn. - Det blir kul, vi \u00e4r supertaggade, s\u00e4ger arrang\u00f6ren Victoria Hedling till budokampsport.se. (Foto: swedenkickboxing.se)\" \/>\n<meta property=\"og:url\" content=\"https:\/\/www.budokampsport.se\/2022\/05\/04\/stort-intresse-for-sm-i-kickboxning-i-helgen\/\" \/>\n<meta property=\"og:site_name\" content=\"Svenska Budo &amp; Kampsportsf\u00f6rbundet\" \/>\n<meta property=\"article:author\" content=\"https:\/\/www.facebook.com\/jonathan.broberg.7\" \/>\n<meta property=\"article:published_time\" content=\"2022-05-04T11:49:01+00:00\" \/>\n<meta property=\"og:image\" content=\"https:\/\/www.budokampsport.se\/wp-content\/uploads\/2021\/11\/kickboxning.jpg\" \/>\n\t<meta property=\"og:image:width\" content=\"1600\" \/>\n\t<meta property=\"og:image:height\" content=\"1200\" \/>\n\t<meta property=\"og:image:type\" content=\"image\/jpeg\" \/>\n<meta name=\"author\" content=\"Jonathan Broberg\" \/>\n<meta name=\"twitter:card\" content=\"summary_large_image\" \/>\n<meta name=\"twitter:label1\" content=\"Skriven av\" \/>\n\t<meta name=\"twitter:data1\" content=\"Jonathan Broberg\" \/>\n\t<meta name=\"twitter:label2\" content=\"Ber\u00e4knad l\u00e4stid\" \/>\n\t<meta name=\"twitter:data2\" content=\"1 minut\" \/>\n<script type=\"application\/ld+json\" class=\"yoast-schema-graph\">{\"@context\":\"https:\/\/schema.org\",\"@graph\":[{\"@type\":\"Article\",\"@id\":\"https:\/\/www.budokampsport.se\/2022\/05\/04\/stort-intresse-for-sm-i-kickboxning-i-helgen\/#article\",\"isPartOf\":{\"@id\":\"https:\/\/www.budokampsport.se\/2022\/05\/04\/stort-intresse-for-sm-i-kickboxning-i-helgen\/\"},\"author\":{\"name\":\"Jonathan Broberg\",\"@id\":\"https:\/\/www.budokampsport.se\/#\/schema\/person\/5c06d81d14850e2a8ce5493386560145\"},\"headline\":\"Stort intresse f\u00f6r SM i kickboxning i helgen\",\"datePublished\":\"2022-05-04T11:49:01+00:00\",\"mainEntityOfPage\":{\"@id\":\"https:\/\/www.budokampsport.se\/2022\/05\/04\/stort-intresse-for-sm-i-kickboxning-i-helgen\/\"},\"wordCount\":244,\"commentCount\":0,\"image\":{\"@id\":\"https:\/\/www.budokampsport.se\/2022\/05\/04\/stort-intresse-for-sm-i-kickboxning-i-helgen\/#primaryimage\"},\"thumbnailUrl\":\"https:\/\/www.budokampsport.se\/wp-content\/uploads\/2021\/11\/kickboxning.jpg\",\"inLanguage\":\"sv-SE\",\"potentialAction\":[{\"@type\":\"CommentAction\",\"name\":\"Comment\",\"target\":[\"https:\/\/www.budokampsport.se\/2022\/05\/04\/stort-intresse-for-sm-i-kickboxning-i-helgen\/#respond\"]}]},{\"@type\":\"WebPage\",\"@id\":\"https:\/\/www.budokampsport.se\/2022\/05\/04\/stort-intresse-for-sm-i-kickboxning-i-helgen\/\",\"url\":\"https:\/\/www.budokampsport.se\/2022\/05\/04\/stort-intresse-for-sm-i-kickboxning-i-helgen\/\",\"name\":\"Stort intresse f\u00f6r SM i kickboxning i helgen - Svenska Budo &amp; Kampsportsf\u00f6rbundet\",\"isPartOf\":{\"@id\":\"https:\/\/www.budokampsport.se\/#website\"},\"primaryImageOfPage\":{\"@id\":\"https:\/\/www.budokampsport.se\/2022\/05\/04\/stort-intresse-for-sm-i-kickboxning-i-helgen\/#primaryimage\"},\"image\":{\"@id\":\"https:\/\/www.budokampsport.se\/2022\/05\/04\/stort-intresse-for-sm-i-kickboxning-i-helgen\/#primaryimage\"},\"thumbnailUrl\":\"https:\/\/www.budokampsport.se\/wp-content\/uploads\/2021\/11\/kickboxning.jpg\",\"datePublished\":\"2022-05-04T11:49:01+00:00\",\"author\":{\"@id\":\"https:\/\/www.budokampsport.se\/#\/schema\/person\/5c06d81d14850e2a8ce5493386560145\"},\"description\":\"KICKBOXNING. SM i kickboxning arrangeras p\u00e5 l\u00f6rdag i G\u00f6teborg och suget efter t\u00e4vlingarna \u00e4r stort, b\u00e5de publikt och ut\u00f6varm\u00e4ssigt. Finalgala h\u00e5lls i anrik lokal mitt p\u00e5 Avenyn. - Det blir kul, vi \u00e4r supertaggade, s\u00e4ger arrang\u00f6ren Victoria Hedling till budokampsport.se. (Foto: swedenkickboxing.se)\",\"breadcrumb\":{\"@id\":\"https:\/\/www.budokampsport.se\/2022\/05\/04\/stort-intresse-for-sm-i-kickboxning-i-helgen\/#breadcrumb\"},\"inLanguage\":\"sv-SE\",\"potentialAction\":[{\"@type\":\"ReadAction\",\"target\":[\"https:\/\/www.budokampsport.se\/2022\/05\/04\/stort-intresse-for-sm-i-kickboxning-i-helgen\/\"]}]},{\"@type\":\"ImageObject\",\"inLanguage\":\"sv-SE\",\"@id\":\"https:\/\/www.budokampsport.se\/2022\/05\/04\/stort-intresse-for-sm-i-kickboxning-i-helgen\/#primaryimage\",\"url\":\"https:\/\/www.budokampsport.se\/wp-content\/uploads\/2021\/11\/kickboxning.jpg\",\"contentUrl\":\"https:\/\/www.budokampsport.se\/wp-content\/uploads\/2021\/11\/kickboxning.jpg\",\"width\":1600,\"height\":1200,\"caption\":\"Foto: swekickboxing.se\"},{\"@type\":\"BreadcrumbList\",\"@id\":\"https:\/\/www.budokampsport.se\/2022\/05\/04\/stort-intresse-for-sm-i-kickboxning-i-helgen\/#breadcrumb\",\"itemListElement\":[{\"@type\":\"ListItem\",\"position\":1,\"name\":\"Hem\",\"item\":\"https:\/\/www.budokampsport.se\/\"},{\"@type\":\"ListItem\",\"position\":2,\"name\":\"Stort intresse f\u00f6r SM i kickboxning i helgen\"}]},{\"@type\":\"WebSite\",\"@id\":\"https:\/\/www.budokampsport.se\/#website\",\"url\":\"https:\/\/www.budokampsport.se\/\",\"name\":\"Svenska Budo &amp; Kampsportsf\u00f6rbundet\",\"description\":\"T\u00e4vling, Tr\u00e4ning, Tradition\",\"potentialAction\":[{\"@type\":\"SearchAction\",\"target\":{\"@type\":\"EntryPoint\",\"urlTemplate\":\"https:\/\/www.budokampsport.se\/?s={search_term_string}\"},\"query-input\":{\"@type\":\"PropertyValueSpecification\",\"valueRequired\":true,\"valueName\":\"search_term_string\"}}],\"inLanguage\":\"sv-SE\"},{\"@type\":\"Person\",\"@id\":\"https:\/\/www.budokampsport.se\/#\/schema\/person\/5c06d81d14850e2a8ce5493386560145\",\"name\":\"Jonathan Broberg\",\"image\":{\"@type\":\"ImageObject\",\"inLanguage\":\"sv-SE\",\"@id\":\"https:\/\/www.budokampsport.se\/#\/schema\/person\/image\/\",\"url\":\"https:\/\/secure.gravatar.com\/avatar\/a58041c6cea9128bd9c40ee2f26d4136?s=96&d=blank&r=g\",\"contentUrl\":\"https:\/\/secure.gravatar.com\/avatar\/a58041c6cea9128bd9c40ee2f26d4136?s=96&d=blank&r=g\",\"caption\":\"Jonathan Broberg\"},\"sameAs\":[\"https:\/\/www.facebook.com\/jonathan.broberg.7\"],\"url\":\"https:\/\/www.budokampsport.se\/author\/jonathan\/\"}]}<\/script>\n<!-- \/ Yoast SEO plugin. -->","yoast_head_json":{"title":"Stort intresse f\u00f6r SM i kickboxning i helgen - Svenska Budo &amp; Kampsportsf\u00f6rbundet","description":"KICKBOXNING. SM i kickboxning arrangeras p\u00e5 l\u00f6rdag i G\u00f6teborg och suget efter t\u00e4vlingarna \u00e4r stort, b\u00e5de publikt och ut\u00f6varm\u00e4ssigt. Finalgala h\u00e5lls i anrik lokal mitt p\u00e5 Avenyn. - Det blir kul, vi \u00e4r supertaggade, s\u00e4ger arrang\u00f6ren Victoria Hedling till budokampsport.se. (Foto: swedenkickboxing.se)","robots":{"index":"index","follow":"follow","max-snippet":"max-snippet:-1","max-image-preview":"max-image-preview:large","max-video-preview":"max-video-preview:-1"},"canonical":"https:\/\/www.budokampsport.se\/2022\/05\/04\/stort-intresse-for-sm-i-kickboxning-i-helgen\/","og_locale":"sv_SE","og_type":"article","og_title":"Stort intresse f\u00f6r SM i kickboxning i helgen - Svenska Budo &amp; Kampsportsf\u00f6rbundet","og_description":"KICKBOXNING. SM i kickboxning arrangeras p\u00e5 l\u00f6rdag i G\u00f6teborg och suget efter t\u00e4vlingarna \u00e4r stort, b\u00e5de publikt och ut\u00f6varm\u00e4ssigt. Finalgala h\u00e5lls i anrik lokal mitt p\u00e5 Avenyn. - Det blir kul, vi \u00e4r supertaggade, s\u00e4ger arrang\u00f6ren Victoria Hedling till budokampsport.se. (Foto: swedenkickboxing.se)","og_url":"https:\/\/www.budokampsport.se\/2022\/05\/04\/stort-intresse-for-sm-i-kickboxning-i-helgen\/","og_site_name":"Svenska Budo &amp; Kampsportsf\u00f6rbundet","article_author":"https:\/\/www.facebook.com\/jonathan.broberg.7","article_published_time":"2022-05-04T11:49:01+00:00","og_image":[{"width":1600,"height":1200,"url":"https:\/\/www.budokampsport.se\/wp-content\/uploads\/2021\/11\/kickboxning.jpg","type":"image\/jpeg"}],"author":"Jonathan Broberg","twitter_card":"summary_large_image","twitter_misc":{"Skriven av":"Jonathan Broberg","Ber\u00e4knad l\u00e4stid":"1 minut"},"schema":{"@context":"https:\/\/schema.org","@graph":[{"@type":"Article","@id":"https:\/\/www.budokampsport.se\/2022\/05\/04\/stort-intresse-for-sm-i-kickboxning-i-helgen\/#article","isPartOf":{"@id":"https:\/\/www.budokampsport.se\/2022\/05\/04\/stort-intresse-for-sm-i-kickboxning-i-helgen\/"},"author":{"name":"Jonathan Broberg","@id":"https:\/\/www.budokampsport.se\/#\/schema\/person\/5c06d81d14850e2a8ce5493386560145"},"headline":"Stort intresse f\u00f6r SM i kickboxning i helgen","datePublished":"2022-05-04T11:49:01+00:00","mainEntityOfPage":{"@id":"https:\/\/www.budokampsport.se\/2022\/05\/04\/stort-intresse-for-sm-i-kickboxning-i-helgen\/"},"wordCount":244,"commentCount":0,"image":{"@id":"https:\/\/www.budokampsport.se\/2022\/05\/04\/stort-intresse-for-sm-i-kickboxning-i-helgen\/#primaryimage"},"thumbnailUrl":"https:\/\/www.budokampsport.se\/wp-content\/uploads\/2021\/11\/kickboxning.jpg","inLanguage":"sv-SE","potentialAction":[{"@type":"CommentAction","name":"Comment","target":["https:\/\/www.budokampsport.se\/2022\/05\/04\/stort-intresse-for-sm-i-kickboxning-i-helgen\/#respond"]}]},{"@type":"WebPage","@id":"https:\/\/www.budokampsport.se\/2022\/05\/04\/stort-intresse-for-sm-i-kickboxning-i-helgen\/","url":"https:\/\/www.budokampsport.se\/2022\/05\/04\/stort-intresse-for-sm-i-kickboxning-i-helgen\/","name":"Stort intresse f\u00f6r SM i kickboxning i helgen - Svenska Budo &amp; Kampsportsf\u00f6rbundet","isPartOf":{"@id":"https:\/\/www.budokampsport.se\/#website"},"primaryImageOfPage":{"@id":"https:\/\/www.budokampsport.se\/2022\/05\/04\/stort-intresse-for-sm-i-kickboxning-i-helgen\/#primaryimage"},"image":{"@id":"https:\/\/www.budokampsport.se\/2022\/05\/04\/stort-intresse-for-sm-i-kickboxning-i-helgen\/#primaryimage"},"thumbnailUrl":"https:\/\/www.budokampsport.se\/wp-content\/uploads\/2021\/11\/kickboxning.jpg","datePublished":"2022-05-04T11:49:01+00:00","author":{"@id":"https:\/\/www.budokampsport.se\/#\/schema\/person\/5c06d81d14850e2a8ce5493386560145"},"description":"KICKBOXNING. SM i kickboxning arrangeras p\u00e5 l\u00f6rdag i G\u00f6teborg och suget efter t\u00e4vlingarna \u00e4r stort, b\u00e5de publikt och ut\u00f6varm\u00e4ssigt. Finalgala h\u00e5lls i anrik lokal mitt p\u00e5 Avenyn. - Det blir kul, vi \u00e4r supertaggade, s\u00e4ger arrang\u00f6ren Victoria Hedling till budokampsport.se. (Foto: swedenkickboxing.se)","breadcrumb":{"@id":"https:\/\/www.budokampsport.se\/2022\/05\/04\/stort-intresse-for-sm-i-kickboxning-i-helgen\/#breadcrumb"},"inLanguage":"sv-SE","potentialAction":[{"@type":"ReadAction","target":["https:\/\/www.budokampsport.se\/2022\/05\/04\/stort-intresse-for-sm-i-kickboxning-i-helgen\/"]}]},{"@type":"ImageObject","inLanguage":"sv-SE","@id":"https:\/\/www.budokampsport.se\/2022\/05\/04\/stort-intresse-for-sm-i-kickboxning-i-helgen\/#primaryimage","url":"https:\/\/www.budokampsport.se\/wp-content\/uploads\/2021\/11\/kickboxning.jpg","contentUrl":"https:\/\/www.budokampsport.se\/wp-content\/uploads\/2021\/11\/kickboxning.jpg","width":1600,"height":1200,"caption":"Foto: swekickboxing.se"},{"@type":"BreadcrumbList","@id":"https:\/\/www.budokampsport.se\/2022\/05\/04\/stort-intresse-for-sm-i-kickboxning-i-helgen\/#breadcrumb","itemListElement":[{"@type":"ListItem","position":1,"name":"Hem","item":"https:\/\/www.budokampsport.se\/"},{"@type":"ListItem","position":2,"name":"Stort intresse f\u00f6r SM i kickboxning i helgen"}]},{"@type":"WebSite","@id":"https:\/\/www.budokampsport.se\/#website","url":"https:\/\/www.budokampsport.se\/","name":"Svenska Budo &amp; Kampsportsf\u00f6rbundet","description":"T\u00e4vling, Tr\u00e4ning, Tradition","potentialAction":[{"@type":"SearchAction","target":{"@type":"EntryPoint","urlTemplate":"https:\/\/www.budokampsport.se\/?s={search_term_string}"},"query-input":{"@type":"PropertyValueSpecification","valueRequired":true,"valueName":"search_term_string"}}],"inLanguage":"sv-SE"},{"@type":"Person","@id":"https:\/\/www.budokampsport.se\/#\/schema\/person\/5c06d81d14850e2a8ce5493386560145","name":"Jonathan Broberg","image":{"@type":"ImageObject","inLanguage":"sv-SE","@id":"https:\/\/www.budokampsport.se\/#\/schema\/person\/image\/","url":"https:\/\/secure.gravatar.com\/avatar\/a58041c6cea9128bd9c40ee2f26d4136?s=96&d=blank&r=g","contentUrl":"https:\/\/secure.gravatar.com\/avatar\/a58041c6cea9128bd9c40ee2f26d4136?s=96&d=blank&r=g","caption":"Jonathan Broberg"},"sameAs":["https:\/\/www.facebook.com\/jonathan.broberg.7"],"url":"https:\/\/www.budokampsport.se\/author\/jonathan\/"}]}},"_links":{"self":[{"href":"https:\/\/www.budokampsport.se\/api\/wp\/v2\/posts\/139121","targetHints":{"allow":["GET"]}}],"collection":[{"href":"https:\/\/www.budokampsport.se\/api\/wp\/v2\/posts"}],"about":[{"href":"https:\/\/www.budokampsport.se\/api\/wp\/v2\/types\/post"}],"author":[{"embeddable":true,"href":"https:\/\/www.budokampsport.se\/api\/wp\/v2\/users\/7"}],"replies":[{"embeddable":true,"href":"https:\/\/www.budokampsport.se\/api\/wp\/v2\/comments?post=139121"}],"version-history":[{"count":0,"href":"https:\/\/www.budokampsport.se\/api\/wp\/v2\/posts\/139121\/revisions"}],"wp:featuredmedia":[{"embeddable":true,"href":"https:\/\/www.budokampsport.se\/api\/wp\/v2\/media\/131571"}],"wp:attachment":[{"href":"https:\/\/www.budokampsport.se\/api\/wp\/v2\/media?parent=139121"}],"wp:term":[{"taxonomy":"category","embeddable":true,"href":"https:\/\/www.budokampsport.se\/api\/wp\/v2\/categories?post=139121"},{"taxonomy":"post_tag","embeddable":true,"href":"https:\/\/www.budokampsport.se\/api\/wp\/v2\/tags?post=139121"}],"curies":[{"name":"wp","href":"https:\/\/api.w.org\/{rel}","templated":true}]}}