{"id":139153,"date":"2022-05-10T10:15:42","date_gmt":"2022-05-10T08:15:42","guid":{"rendered":"https:\/\/www.budokampsport.se\/?p=139153"},"modified":"2022-05-10T10:16:27","modified_gmt":"2022-05-10T08:16:27","slug":"oprovat-kempolandslag-till-historiskt-vm-i-afrika","status":"publish","type":"post","link":"https:\/\/www.budokampsport.se\/2022\/05\/10\/oprovat-kempolandslag-till-historiskt-vm-i-afrika\/","title":{"rendered":"Opr\u00f6vat kempolandslag till historiskt VM i Afrika"},"content":{"rendered":"<p>Idag reser den svenska landslagstruppen i kempo till Tunisien f\u00f6r \u00e5rets VM-t\u00e4vlingar i semesterorten Hammamet vid medelhavskusten. Och det \u00e4r faktiskt premi\u00e4r f\u00f6r ett kempo-VM som genomf\u00f6rs p\u00e5 den afrikanska kontinenten.<\/p>\n<p>&#8211; Det har varit p\u00e5 g\u00e5ng tidigare men det h\u00e4r \u00e4r f\u00f6rsta g\u00e5ngen som internationella kempof\u00f6rbundet lagt ett VM i Afrika. Och det har varit viktigt att f\u00e5 till det, det \u00e4r ju m\u00e5nga stora l\u00e4nder d\u00e4rifr\u00e5n som \u00e4r med och t\u00e4vlar. Framf\u00f6rallt fr\u00e5n den norra delen med Marocko, Algeriet och arrangerande Tunisien, s\u00e4ger den svenske f\u00f6rbundskaptenen Martin J\u00f6nsson.<\/p>\n<p>Totalt s\u00e5 arrangeras det VM-t\u00e4vlingar i fyra olika fightinggrenar (submission, knockdown, fullkontakt, semikempo) och tv\u00e5 traditionella grenar (sj\u00e4lvf\u00f6rsvar, kata). Sverige kommer genom sina sex VM-deltagare att vara representerade i samtliga grenar utom kata.<\/p>\n<p>&#8211; Alla har ju sin favoritgren och det \u00e4r ofta den man blir landslagsuttagen i. Men \u00e4r man v\u00e4l p\u00e5 t\u00e4vlingen s\u00e5 brukar de flesta t\u00e4vla i mer \u00e4n en gren, s\u00e4ger Martin J\u00f6nsson.<\/p>\n<p><img loading=\"lazy\" decoding=\"async\" class=\"size-full wp-image-139399\" src=\"https:\/\/www.budokampsport.se\/wp-content\/uploads\/2022\/05\/kempovm2022logotype.png\" alt=\"\" width=\"1080\" height=\"1350\" srcset=\"https:\/\/www.budokampsport.se\/wp-content\/uploads\/2022\/05\/kempovm2022logotype.png 1080w, https:\/\/www.budokampsport.se\/wp-content\/uploads\/2022\/05\/kempovm2022logotype-600x750.png 600w, https:\/\/www.budokampsport.se\/wp-content\/uploads\/2022\/05\/kempovm2022logotype-301x376.png 301w, https:\/\/www.budokampsport.se\/wp-content\/uploads\/2022\/05\/kempovm2022logotype-678x847.png 678w, https:\/\/www.budokampsport.se\/wp-content\/uploads\/2022\/05\/kempovm2022logotype-222x278.png 222w, https:\/\/www.budokampsport.se\/wp-content\/uploads\/2022\/05\/kempovm2022logotype-458x572.png 458w, https:\/\/www.budokampsport.se\/wp-content\/uploads\/2022\/05\/kempovm2022logotype-572x715.png 572w\" sizes=\"auto, (max-width: 1080px) 100vw, 1080px\" \/><\/p>\n<p>F\u00f6r det svenska kempolandslaget blir \u00e5rets VM n\u00e5got av en omstart efter de v\u00e4rsta pandemi\u00e5ren och alla inst\u00e4llda t\u00e4vlingar. Flera av de tidigare tongivande namnen, som v\u00e4rldsm\u00e4starna Tilda Ek och Jens Nykvist, saknas i \u00e5rets v\u00e4rldsm\u00e4sterskap. Och hela fem av sex svenska landslagsm\u00e4n i Tunisien \u00e4r VM-debutanter.<\/p>\n<p>Den enda som verkligen g\u00e5tt upp mot internationellt motst\u00e5nd tidigare \u00e4r Andr\u00e9 Hall, som var med 2019 och d\u00e5 tog dubbla VM-silver. Men trots de nya namnen och fr\u00e5nvaron av m\u00e4sterskap under de senaste \u00e5ren \u00e4r f\u00f6rbundskaptenen positiv till de svenska medaljm\u00f6jligheterna.<\/p>\n<p>&#8211; Vi har definitivt chansen till flera medaljer. Det \u00e4r ocks\u00e5 ett av v\u00e5ra kriterier f\u00f6r landslagsuttagning, att det ska finnas medaljhopp f\u00f6r att f\u00e5 vara med. De sex som \u00e5ker nu \u00e4r aktiva och t\u00e4vlar, det \u00e4r riktiga satsningar och seri\u00f6st hela v\u00e4gen, s\u00e4ger Martin J\u00f6nsson.<\/p>\n<p>Parallellt med VM arrangeras ocks\u00e5 ungdomst\u00e4vlingen World Cup. D\u00e4r finns 13-\u00e5rige Yassine Kollg\u00e5rd med som ende svenske deltagare.<\/p>\n<p>VM i Hammamet inleddes officiellt ig\u00e5r men t\u00e4vlingarna kommer att avg\u00f6ras mellan torsdag och l\u00f6rdag.<\/p>\n<h3><strong>Landslagstrupp (senior-VM)<\/strong><\/h3>\n<table style=\"border-collapse: collapse; width: 100%;\">\n<tbody>\n<tr>\n<td style=\"width: 100%;\"><img loading=\"lazy\" decoding=\"async\" class=\"alignnone size-full wp-image-122883\" src=\"https:\/\/www.budokampsport.se\/wp-content\/uploads\/2020\/11\/sweden-flag-icon-16.png\" alt=\"Sveriges flagga\" width=\"16\" height=\"10\" \/>\u00a0<strong>Andr\u00e9 Hall<\/strong>, Svedala Kampsportf\u00f6rening<\/td>\n<\/tr>\n<tr>\n<td style=\"width: 100%;\"><span style=\"font-size: 10pt;\">Submission | Knockdown (herrar -90kg)<\/span><\/td>\n<\/tr>\n<tr>\n<td style=\"width: 100%;\"><img loading=\"lazy\" decoding=\"async\" class=\"alignnone size-full wp-image-122883\" src=\"https:\/\/www.budokampsport.se\/wp-content\/uploads\/2020\/11\/sweden-flag-icon-16.png\" alt=\"Sveriges flagga\" width=\"16\" height=\"10\" \/> <strong>Enrique Johansson<\/strong>, Kempo Karate F\u00f6reningen Dalby<\/td>\n<\/tr>\n<tr>\n<td style=\"width: 100%;\"><span style=\"font-size: 10pt;\">Submission | Knockdown | Fullkontakt (herrar -70kg)<\/span><\/td>\n<\/tr>\n<tr>\n<td style=\"width: 100%;\"><img loading=\"lazy\" decoding=\"async\" class=\"alignnone size-full wp-image-122883\" src=\"https:\/\/www.budokampsport.se\/wp-content\/uploads\/2020\/11\/sweden-flag-icon-16.png\" alt=\"Sveriges flagga\" width=\"16\" height=\"10\" \/> <strong>Nicci Drakring<\/strong>, Kempo Karate F\u00f6reningen Dalby<\/td>\n<\/tr>\n<tr>\n<td style=\"width: 100%;\"><span style=\"font-size: 10pt;\">Knockdown | Fullkontakt (herrar -65kg)\u00a0<\/span><\/td>\n<\/tr>\n<\/tbody>\n<\/table>\n<p>&nbsp;<\/p>\n<h3><strong>Landslagstrupp (junior-VM)<\/strong><\/h3>\n<table style=\"border-collapse: collapse; width: 100%;\">\n<tbody>\n<tr>\n<td style=\"width: 100%;\"><img loading=\"lazy\" decoding=\"async\" class=\"alignnone size-full wp-image-122883\" src=\"https:\/\/www.budokampsport.se\/wp-content\/uploads\/2020\/11\/sweden-flag-icon-16.png\" alt=\"Sveriges flagga\" width=\"16\" height=\"10\" \/> <strong>Hannes Bergkvist<\/strong>, Svedala Kampsportf\u00f6rening<\/td>\n<\/tr>\n<tr>\n<td style=\"width: 100%;\"><span style=\"font-size: 10pt;\">Submission | Semikempo | Sj\u00e4lvf\u00f6rsvar (herrar -70kg)\u00a0<\/span><\/td>\n<\/tr>\n<tr>\n<td style=\"width: 100%;\"><img loading=\"lazy\" decoding=\"async\" class=\"alignnone size-full wp-image-122883\" src=\"https:\/\/www.budokampsport.se\/wp-content\/uploads\/2020\/11\/sweden-flag-icon-16.png\" alt=\"Sveriges flagga\" width=\"16\" height=\"10\" \/> <strong>Uno Hellman<\/strong>, I3 Sportcenter \u00d6rebro<\/td>\n<\/tr>\n<tr>\n<td style=\"width: 100%;\"><span style=\"font-size: 10pt;\">Submission | Knockdown (herrar -55kg)\u00a0<\/span><\/td>\n<\/tr>\n<tr>\n<td style=\"width: 100%;\"><img loading=\"lazy\" decoding=\"async\" class=\"alignnone size-full wp-image-122883\" src=\"https:\/\/www.budokampsport.se\/wp-content\/uploads\/2020\/11\/sweden-flag-icon-16.png\" alt=\"Sveriges flagga\" width=\"16\" height=\"10\" \/> <strong>Rebecca Rudnert<\/strong>, Svedala Kampsportf\u00f6rening<\/td>\n<\/tr>\n<tr>\n<td style=\"width: 100%;\"><span style=\"font-size: 10pt;\">Submission | Semikempo | Knockdown | Sj\u00e4lvf\u00f6rsvar (damer -60kg)\u00a0<\/span><\/td>\n<\/tr>\n<\/tbody>\n<\/table>\n<p>&nbsp;<\/p>\n<h3><strong>Deltagare (World Cup)<\/strong><\/h3>\n<table style=\"border-collapse: collapse; width: 100%;\">\n<tbody>\n<tr>\n<td style=\"width: 100%;\"><img loading=\"lazy\" decoding=\"async\" class=\"alignnone size-full wp-image-122883\" src=\"https:\/\/www.budokampsport.se\/wp-content\/uploads\/2020\/11\/sweden-flag-icon-16.png\" alt=\"Sveriges flagga\" width=\"16\" height=\"10\" \/> <strong>Yassine Kollg\u00e5rd<\/strong>, I3 Sportcenter \u00d6rebro<\/td>\n<\/tr>\n<tr>\n<td style=\"width: 100%;\"><span style=\"font-size: 10pt;\">Submission | Semikempo | Fullkontakt | Kumite (pojkar -55kg)<\/span><\/td>\n<\/tr>\n<\/tbody>\n<\/table>\n<p>&nbsp;<\/p>\n<h3><strong>Ledare<\/strong><\/h3>\n<table style=\"border-collapse: collapse; width: 100%;\">\n<tbody>\n<tr>\n<td style=\"width: 100%;\"><img loading=\"lazy\" decoding=\"async\" class=\"alignnone size-full wp-image-122883\" src=\"https:\/\/www.budokampsport.se\/wp-content\/uploads\/2020\/11\/sweden-flag-icon-16.png\" alt=\"Sveriges flagga\" width=\"16\" height=\"10\" \/> <strong>Martin J\u00f6nsson<\/strong>, f\u00f6rbundskapten<\/td>\n<\/tr>\n<tr>\n<td style=\"width: 100%;\"><img loading=\"lazy\" decoding=\"async\" class=\"alignnone size-full wp-image-122883\" src=\"https:\/\/www.budokampsport.se\/wp-content\/uploads\/2020\/11\/sweden-flag-icon-16.png\" alt=\"Sveriges flagga\" width=\"16\" height=\"10\" \/> <strong>Christer Andersson<\/strong>, assisterande coach<\/td>\n<\/tr>\n<\/tbody>\n<\/table>\n<p>&nbsp;<\/p>\n<p>Text: Mats Lilja<\/p>\n<p><em>P\u00e5 bilden ovan ses Andr\u00e9 Hall, Enrique Johansson och Nicci Drakring (\u00f6vre raden) samt Hannes Bergkvist, Uno Hellman och Rebecca Rudnert (nedre raden).<\/em><\/p>\n","protected":false},"excerpt":{"rendered":"<p>KEMPO. Gott om VM-debutanter n\u00e4r svenskarna jagar medaljer vid Medelhavet.<br \/><br>(Foto: Svenska Kempof\u00f6rbundet)<\/p><br>","protected":false},"author":914,"featured_media":139288,"comment_status":"open","ping_status":"open","sticky":false,"template":"","format":"standard","meta":{"_acf_changed":false,"footnotes":""},"categories":[1],"tags":[],"class_list":["post-139153","post","type-post","status-publish","format-standard","has-post-thumbnail","hentry","category-okategoriserade"],"acf":[],"yoast_head":"<!-- This site is optimized with the Yoast SEO plugin v26.8 - https:\/\/yoast.com\/product\/yoast-seo-wordpress\/ -->\n<title>Opr\u00f6vat kempolandslag till historiskt VM i Afrika - Svenska Budo &amp; Kampsportsf\u00f6rbundet<\/title>\n<meta name=\"description\" content=\"KEMPO. Gott om VM-debutanter n\u00e4r svenskarna jagar medaljer vid Medelhavet. (Foto: Svenska Kempof\u00f6rbundet)\" \/>\n<meta name=\"robots\" content=\"index, follow, max-snippet:-1, max-image-preview:large, max-video-preview:-1\" \/>\n<link rel=\"canonical\" href=\"https:\/\/www.budokampsport.se\/2022\/05\/10\/oprovat-kempolandslag-till-historiskt-vm-i-afrika\/\" \/>\n<meta property=\"og:locale\" content=\"sv_SE\" \/>\n<meta property=\"og:type\" content=\"article\" \/>\n<meta property=\"og:title\" content=\"Opr\u00f6vat kempolandslag till historiskt VM i Afrika - Svenska Budo &amp; Kampsportsf\u00f6rbundet\" \/>\n<meta property=\"og:description\" content=\"KEMPO. Gott om VM-debutanter n\u00e4r svenskarna jagar medaljer vid Medelhavet. (Foto: Svenska Kempof\u00f6rbundet)\" \/>\n<meta property=\"og:url\" content=\"https:\/\/www.budokampsport.se\/2022\/05\/10\/oprovat-kempolandslag-till-historiskt-vm-i-afrika\/\" \/>\n<meta property=\"og:site_name\" content=\"Svenska Budo &amp; Kampsportsf\u00f6rbundet\" \/>\n<meta property=\"article:published_time\" content=\"2022-05-10T08:15:42+00:00\" \/>\n<meta property=\"article:modified_time\" content=\"2022-05-10T08:16:27+00:00\" \/>\n<meta property=\"og:image\" content=\"https:\/\/www.budokampsport.se\/wp-content\/uploads\/2022\/05\/kempovm2022kollage.png\" \/>\n\t<meta property=\"og:image:width\" content=\"1200\" \/>\n\t<meta property=\"og:image:height\" content=\"800\" \/>\n\t<meta property=\"og:image:type\" content=\"image\/png\" \/>\n<meta name=\"author\" content=\"Mats Lilja\" \/>\n<meta name=\"twitter:card\" content=\"summary_large_image\" \/>\n<meta name=\"twitter:label1\" content=\"Skriven av\" \/>\n\t<meta name=\"twitter:data1\" content=\"Mats Lilja\" \/>\n\t<meta name=\"twitter:label2\" content=\"Ber\u00e4knad l\u00e4stid\" \/>\n\t<meta name=\"twitter:data2\" content=\"3 minuter\" \/>\n<script type=\"application\/ld+json\" class=\"yoast-schema-graph\">{\"@context\":\"https:\/\/schema.org\",\"@graph\":[{\"@type\":\"Article\",\"@id\":\"https:\/\/www.budokampsport.se\/2022\/05\/10\/oprovat-kempolandslag-till-historiskt-vm-i-afrika\/#article\",\"isPartOf\":{\"@id\":\"https:\/\/www.budokampsport.se\/2022\/05\/10\/oprovat-kempolandslag-till-historiskt-vm-i-afrika\/\"},\"author\":{\"name\":\"Mats Lilja\",\"@id\":\"https:\/\/www.budokampsport.se\/#\/schema\/person\/d80c0bc61f1787703168fc250ce69522\"},\"headline\":\"Opr\u00f6vat kempolandslag till historiskt VM i Afrika\",\"datePublished\":\"2022-05-10T08:15:42+00:00\",\"dateModified\":\"2022-05-10T08:16:27+00:00\",\"mainEntityOfPage\":{\"@id\":\"https:\/\/www.budokampsport.se\/2022\/05\/10\/oprovat-kempolandslag-till-historiskt-vm-i-afrika\/\"},\"wordCount\":526,\"commentCount\":1,\"image\":{\"@id\":\"https:\/\/www.budokampsport.se\/2022\/05\/10\/oprovat-kempolandslag-till-historiskt-vm-i-afrika\/#primaryimage\"},\"thumbnailUrl\":\"https:\/\/www.budokampsport.se\/wp-content\/uploads\/2022\/05\/kempovm2022kollage.png\",\"inLanguage\":\"sv-SE\",\"potentialAction\":[{\"@type\":\"CommentAction\",\"name\":\"Comment\",\"target\":[\"https:\/\/www.budokampsport.se\/2022\/05\/10\/oprovat-kempolandslag-till-historiskt-vm-i-afrika\/#respond\"]}]},{\"@type\":\"WebPage\",\"@id\":\"https:\/\/www.budokampsport.se\/2022\/05\/10\/oprovat-kempolandslag-till-historiskt-vm-i-afrika\/\",\"url\":\"https:\/\/www.budokampsport.se\/2022\/05\/10\/oprovat-kempolandslag-till-historiskt-vm-i-afrika\/\",\"name\":\"Opr\u00f6vat kempolandslag till historiskt VM i Afrika - Svenska Budo &amp; Kampsportsf\u00f6rbundet\",\"isPartOf\":{\"@id\":\"https:\/\/www.budokampsport.se\/#website\"},\"primaryImageOfPage\":{\"@id\":\"https:\/\/www.budokampsport.se\/2022\/05\/10\/oprovat-kempolandslag-till-historiskt-vm-i-afrika\/#primaryimage\"},\"image\":{\"@id\":\"https:\/\/www.budokampsport.se\/2022\/05\/10\/oprovat-kempolandslag-till-historiskt-vm-i-afrika\/#primaryimage\"},\"thumbnailUrl\":\"https:\/\/www.budokampsport.se\/wp-content\/uploads\/2022\/05\/kempovm2022kollage.png\",\"datePublished\":\"2022-05-10T08:15:42+00:00\",\"dateModified\":\"2022-05-10T08:16:27+00:00\",\"author\":{\"@id\":\"https:\/\/www.budokampsport.se\/#\/schema\/person\/d80c0bc61f1787703168fc250ce69522\"},\"description\":\"KEMPO. Gott om VM-debutanter n\u00e4r svenskarna jagar medaljer vid Medelhavet. (Foto: Svenska Kempof\u00f6rbundet)\",\"breadcrumb\":{\"@id\":\"https:\/\/www.budokampsport.se\/2022\/05\/10\/oprovat-kempolandslag-till-historiskt-vm-i-afrika\/#breadcrumb\"},\"inLanguage\":\"sv-SE\",\"potentialAction\":[{\"@type\":\"ReadAction\",\"target\":[\"https:\/\/www.budokampsport.se\/2022\/05\/10\/oprovat-kempolandslag-till-historiskt-vm-i-afrika\/\"]}]},{\"@type\":\"ImageObject\",\"inLanguage\":\"sv-SE\",\"@id\":\"https:\/\/www.budokampsport.se\/2022\/05\/10\/oprovat-kempolandslag-till-historiskt-vm-i-afrika\/#primaryimage\",\"url\":\"https:\/\/www.budokampsport.se\/wp-content\/uploads\/2022\/05\/kempovm2022kollage.png\",\"contentUrl\":\"https:\/\/www.budokampsport.se\/wp-content\/uploads\/2022\/05\/kempovm2022kollage.png\",\"width\":1200,\"height\":800,\"caption\":\"Den svenska truppen till kempo-VM 2022: Andr\u00e9 Hall, Enrique Johansson, Nicci Drakring, Hannes Bergkvist, Uno Hellman, Rebecca Rudnert. Foto: Svenska Kempof\u00f6rbundet. Kollage: Mats Lilja.\"},{\"@type\":\"BreadcrumbList\",\"@id\":\"https:\/\/www.budokampsport.se\/2022\/05\/10\/oprovat-kempolandslag-till-historiskt-vm-i-afrika\/#breadcrumb\",\"itemListElement\":[{\"@type\":\"ListItem\",\"position\":1,\"name\":\"Hem\",\"item\":\"https:\/\/www.budokampsport.se\/\"},{\"@type\":\"ListItem\",\"position\":2,\"name\":\"Opr\u00f6vat kempolandslag till historiskt VM i Afrika\"}]},{\"@type\":\"WebSite\",\"@id\":\"https:\/\/www.budokampsport.se\/#website\",\"url\":\"https:\/\/www.budokampsport.se\/\",\"name\":\"Svenska Budo &amp; Kampsportsf\u00f6rbundet\",\"description\":\"T\u00e4vling, Tr\u00e4ning, Tradition\",\"potentialAction\":[{\"@type\":\"SearchAction\",\"target\":{\"@type\":\"EntryPoint\",\"urlTemplate\":\"https:\/\/www.budokampsport.se\/?s={search_term_string}\"},\"query-input\":{\"@type\":\"PropertyValueSpecification\",\"valueRequired\":true,\"valueName\":\"search_term_string\"}}],\"inLanguage\":\"sv-SE\"},{\"@type\":\"Person\",\"@id\":\"https:\/\/www.budokampsport.se\/#\/schema\/person\/d80c0bc61f1787703168fc250ce69522\",\"name\":\"Mats Lilja\",\"image\":{\"@type\":\"ImageObject\",\"inLanguage\":\"sv-SE\",\"@id\":\"https:\/\/www.budokampsport.se\/#\/schema\/person\/image\/\",\"url\":\"https:\/\/secure.gravatar.com\/avatar\/607f84918e96abe1ebbd8611782fa57d?s=96&d=blank&r=g\",\"contentUrl\":\"https:\/\/secure.gravatar.com\/avatar\/607f84918e96abe1ebbd8611782fa57d?s=96&d=blank&r=g\",\"caption\":\"Mats Lilja\"},\"url\":\"https:\/\/www.budokampsport.se\/author\/mats-lilja\/\"}]}<\/script>\n<!-- \/ Yoast SEO plugin. -->","yoast_head_json":{"title":"Opr\u00f6vat kempolandslag till historiskt VM i Afrika - Svenska Budo &amp; Kampsportsf\u00f6rbundet","description":"KEMPO. Gott om VM-debutanter n\u00e4r svenskarna jagar medaljer vid Medelhavet. (Foto: Svenska Kempof\u00f6rbundet)","robots":{"index":"index","follow":"follow","max-snippet":"max-snippet:-1","max-image-preview":"max-image-preview:large","max-video-preview":"max-video-preview:-1"},"canonical":"https:\/\/www.budokampsport.se\/2022\/05\/10\/oprovat-kempolandslag-till-historiskt-vm-i-afrika\/","og_locale":"sv_SE","og_type":"article","og_title":"Opr\u00f6vat kempolandslag till historiskt VM i Afrika - Svenska Budo &amp; Kampsportsf\u00f6rbundet","og_description":"KEMPO. Gott om VM-debutanter n\u00e4r svenskarna jagar medaljer vid Medelhavet. (Foto: Svenska Kempof\u00f6rbundet)","og_url":"https:\/\/www.budokampsport.se\/2022\/05\/10\/oprovat-kempolandslag-till-historiskt-vm-i-afrika\/","og_site_name":"Svenska Budo &amp; Kampsportsf\u00f6rbundet","article_published_time":"2022-05-10T08:15:42+00:00","article_modified_time":"2022-05-10T08:16:27+00:00","og_image":[{"width":1200,"height":800,"url":"https:\/\/www.budokampsport.se\/wp-content\/uploads\/2022\/05\/kempovm2022kollage.png","type":"image\/png"}],"author":"Mats Lilja","twitter_card":"summary_large_image","twitter_misc":{"Skriven av":"Mats Lilja","Ber\u00e4knad l\u00e4stid":"3 minuter"},"schema":{"@context":"https:\/\/schema.org","@graph":[{"@type":"Article","@id":"https:\/\/www.budokampsport.se\/2022\/05\/10\/oprovat-kempolandslag-till-historiskt-vm-i-afrika\/#article","isPartOf":{"@id":"https:\/\/www.budokampsport.se\/2022\/05\/10\/oprovat-kempolandslag-till-historiskt-vm-i-afrika\/"},"author":{"name":"Mats Lilja","@id":"https:\/\/www.budokampsport.se\/#\/schema\/person\/d80c0bc61f1787703168fc250ce69522"},"headline":"Opr\u00f6vat kempolandslag till historiskt VM i Afrika","datePublished":"2022-05-10T08:15:42+00:00","dateModified":"2022-05-10T08:16:27+00:00","mainEntityOfPage":{"@id":"https:\/\/www.budokampsport.se\/2022\/05\/10\/oprovat-kempolandslag-till-historiskt-vm-i-afrika\/"},"wordCount":526,"commentCount":1,"image":{"@id":"https:\/\/www.budokampsport.se\/2022\/05\/10\/oprovat-kempolandslag-till-historiskt-vm-i-afrika\/#primaryimage"},"thumbnailUrl":"https:\/\/www.budokampsport.se\/wp-content\/uploads\/2022\/05\/kempovm2022kollage.png","inLanguage":"sv-SE","potentialAction":[{"@type":"CommentAction","name":"Comment","target":["https:\/\/www.budokampsport.se\/2022\/05\/10\/oprovat-kempolandslag-till-historiskt-vm-i-afrika\/#respond"]}]},{"@type":"WebPage","@id":"https:\/\/www.budokampsport.se\/2022\/05\/10\/oprovat-kempolandslag-till-historiskt-vm-i-afrika\/","url":"https:\/\/www.budokampsport.se\/2022\/05\/10\/oprovat-kempolandslag-till-historiskt-vm-i-afrika\/","name":"Opr\u00f6vat kempolandslag till historiskt VM i Afrika - Svenska Budo &amp; Kampsportsf\u00f6rbundet","isPartOf":{"@id":"https:\/\/www.budokampsport.se\/#website"},"primaryImageOfPage":{"@id":"https:\/\/www.budokampsport.se\/2022\/05\/10\/oprovat-kempolandslag-till-historiskt-vm-i-afrika\/#primaryimage"},"image":{"@id":"https:\/\/www.budokampsport.se\/2022\/05\/10\/oprovat-kempolandslag-till-historiskt-vm-i-afrika\/#primaryimage"},"thumbnailUrl":"https:\/\/www.budokampsport.se\/wp-content\/uploads\/2022\/05\/kempovm2022kollage.png","datePublished":"2022-05-10T08:15:42+00:00","dateModified":"2022-05-10T08:16:27+00:00","author":{"@id":"https:\/\/www.budokampsport.se\/#\/schema\/person\/d80c0bc61f1787703168fc250ce69522"},"description":"KEMPO. Gott om VM-debutanter n\u00e4r svenskarna jagar medaljer vid Medelhavet. (Foto: Svenska Kempof\u00f6rbundet)","breadcrumb":{"@id":"https:\/\/www.budokampsport.se\/2022\/05\/10\/oprovat-kempolandslag-till-historiskt-vm-i-afrika\/#breadcrumb"},"inLanguage":"sv-SE","potentialAction":[{"@type":"ReadAction","target":["https:\/\/www.budokampsport.se\/2022\/05\/10\/oprovat-kempolandslag-till-historiskt-vm-i-afrika\/"]}]},{"@type":"ImageObject","inLanguage":"sv-SE","@id":"https:\/\/www.budokampsport.se\/2022\/05\/10\/oprovat-kempolandslag-till-historiskt-vm-i-afrika\/#primaryimage","url":"https:\/\/www.budokampsport.se\/wp-content\/uploads\/2022\/05\/kempovm2022kollage.png","contentUrl":"https:\/\/www.budokampsport.se\/wp-content\/uploads\/2022\/05\/kempovm2022kollage.png","width":1200,"height":800,"caption":"Den svenska truppen till kempo-VM 2022: Andr\u00e9 Hall, Enrique Johansson, Nicci Drakring, Hannes Bergkvist, Uno Hellman, Rebecca Rudnert. Foto: Svenska Kempof\u00f6rbundet. Kollage: Mats Lilja."},{"@type":"BreadcrumbList","@id":"https:\/\/www.budokampsport.se\/2022\/05\/10\/oprovat-kempolandslag-till-historiskt-vm-i-afrika\/#breadcrumb","itemListElement":[{"@type":"ListItem","position":1,"name":"Hem","item":"https:\/\/www.budokampsport.se\/"},{"@type":"ListItem","position":2,"name":"Opr\u00f6vat kempolandslag till historiskt VM i Afrika"}]},{"@type":"WebSite","@id":"https:\/\/www.budokampsport.se\/#website","url":"https:\/\/www.budokampsport.se\/","name":"Svenska Budo &amp; Kampsportsf\u00f6rbundet","description":"T\u00e4vling, Tr\u00e4ning, Tradition","potentialAction":[{"@type":"SearchAction","target":{"@type":"EntryPoint","urlTemplate":"https:\/\/www.budokampsport.se\/?s={search_term_string}"},"query-input":{"@type":"PropertyValueSpecification","valueRequired":true,"valueName":"search_term_string"}}],"inLanguage":"sv-SE"},{"@type":"Person","@id":"https:\/\/www.budokampsport.se\/#\/schema\/person\/d80c0bc61f1787703168fc250ce69522","name":"Mats Lilja","image":{"@type":"ImageObject","inLanguage":"sv-SE","@id":"https:\/\/www.budokampsport.se\/#\/schema\/person\/image\/","url":"https:\/\/secure.gravatar.com\/avatar\/607f84918e96abe1ebbd8611782fa57d?s=96&d=blank&r=g","contentUrl":"https:\/\/secure.gravatar.com\/avatar\/607f84918e96abe1ebbd8611782fa57d?s=96&d=blank&r=g","caption":"Mats Lilja"},"url":"https:\/\/www.budokampsport.se\/author\/mats-lilja\/"}]}},"_links":{"self":[{"href":"https:\/\/www.budokampsport.se\/api\/wp\/v2\/posts\/139153","targetHints":{"allow":["GET"]}}],"collection":[{"href":"https:\/\/www.budokampsport.se\/api\/wp\/v2\/posts"}],"about":[{"href":"https:\/\/www.budokampsport.se\/api\/wp\/v2\/types\/post"}],"author":[{"embeddable":true,"href":"https:\/\/www.budokampsport.se\/api\/wp\/v2\/users\/914"}],"replies":[{"embeddable":true,"href":"https:\/\/www.budokampsport.se\/api\/wp\/v2\/comments?post=139153"}],"version-history":[{"count":0,"href":"https:\/\/www.budokampsport.se\/api\/wp\/v2\/posts\/139153\/revisions"}],"wp:featuredmedia":[{"embeddable":true,"href":"https:\/\/www.budokampsport.se\/api\/wp\/v2\/media\/139288"}],"wp:attachment":[{"href":"https:\/\/www.budokampsport.se\/api\/wp\/v2\/media?parent=139153"}],"wp:term":[{"taxonomy":"category","embeddable":true,"href":"https:\/\/www.budokampsport.se\/api\/wp\/v2\/categories?post=139153"},{"taxonomy":"post_tag","embeddable":true,"href":"https:\/\/www.budokampsport.se\/api\/wp\/v2\/tags?post=139153"}],"curies":[{"name":"wp","href":"https:\/\/api.w.org\/{rel}","templated":true}]}}