{"id":139342,"date":"2022-05-09T16:28:01","date_gmt":"2022-05-09T14:28:01","guid":{"rendered":"https:\/\/www.budokampsport.se\/?p=139342"},"modified":"2022-05-10T09:43:29","modified_gmt":"2022-05-10T07:43:29","slug":"samtliga-guldmedaljorer-i-sm-i-jujutsu","status":"publish","type":"post","link":"https:\/\/www.budokampsport.se\/2022\/05\/09\/samtliga-guldmedaljorer-i-sm-i-jujutsu\/","title":{"rendered":"Samtliga guldmedalj\u00f6rer i SM i jujutsu"},"content":{"rendered":"<p>SM i jujutsu i V\u00e4rnamo i l\u00f6rdags korade 18 svenska m\u00e4stare i senior-, junior- och masterklass.<\/p>\n<p>Flest guld (sju) vann Nacka Dojo IF, d\u00e4ribland tre av de fem seniorgulden. Fredrik Widgren (bilden) vann guld i b\u00e5de -85- och i -94-kilosklassen.<\/p>\n<table style=\"border-collapse: collapse; width: 100%; height: 120px;\">\n<tbody>\n<tr style=\"height: 24px;\">\n<td style=\"width: 18.9635%; height: 24px;\"><span style=\"font-size: 10pt;\"><strong>U16<\/strong><\/span><\/td>\n<td style=\"width: 81.0365%; height: 24px;\"><span style=\"font-size: 10pt;\"><strong>SVENSK M\u00c4STARE<\/strong><\/span><\/td>\n<\/tr>\n<tr style=\"height: 24px;\">\n<td style=\"width: 18.9635%; height: 24px;\">-42 kg <span style=\"font-size: 10pt;\">(pojkar)<\/span><\/td>\n<td style=\"width: 81.0365%; height: 24px;\"><img loading=\"lazy\" decoding=\"async\" class=\"alignnone size-full wp-image-122883\" src=\"https:\/\/www.budokampsport.se\/wp-content\/uploads\/2020\/11\/sweden-flag-icon-16.png\" alt=\"Sveriges flagga\" width=\"16\" height=\"10\" \/> <strong>Sebastian \u00d6sterberg<\/strong>, Karlstads Kampsportsf\u00f6rening<\/td>\n<\/tr>\n<tr style=\"height: 24px;\">\n<td style=\"width: 18.9635%; height: 24px;\">-55 kg <span style=\"font-size: 10pt;\">(pojkar)<\/span><\/td>\n<td style=\"width: 81.0365%; height: 24px;\"><img loading=\"lazy\" decoding=\"async\" class=\"alignnone size-full wp-image-122883\" src=\"https:\/\/www.budokampsport.se\/wp-content\/uploads\/2020\/11\/sweden-flag-icon-16.png\" alt=\"Sveriges flagga\" width=\"16\" height=\"10\" \/> <strong>Leonard Vampore<\/strong>, Varbergs Kampsportsf\u00f6rening<\/td>\n<\/tr>\n<tr style=\"height: 24px;\">\n<td style=\"width: 18.9635%; height: 24px;\">-66 kg <span style=\"font-size: 10pt;\">(pojkar)<\/span><\/td>\n<td style=\"width: 81.0365%; height: 24px;\"><img loading=\"lazy\" decoding=\"async\" class=\"alignnone size-full wp-image-122883\" src=\"https:\/\/www.budokampsport.se\/wp-content\/uploads\/2020\/11\/sweden-flag-icon-16.png\" alt=\"Sveriges flagga\" width=\"16\" height=\"10\" \/> <strong>Kimon Christoforidis<\/strong>, Wernamo Ju-Jutsuklubb<\/td>\n<\/tr>\n<tr style=\"height: 24px;\">\n<td style=\"width: 18.9635%; height: 24px;\">-63 kg <span style=\"font-size: 10pt;\">(flickor)<\/span><\/td>\n<td style=\"width: 81.0365%; height: 24px;\"><img loading=\"lazy\" decoding=\"async\" class=\"alignnone size-full wp-image-122883\" src=\"https:\/\/www.budokampsport.se\/wp-content\/uploads\/2020\/11\/sweden-flag-icon-16.png\" alt=\"Sveriges flagga\" width=\"16\" height=\"10\" \/> <strong>Caroline Read<\/strong>, Sollentuna Kampidrottsf\u00f6rening<\/td>\n<\/tr>\n<\/tbody>\n<\/table>\n<p>&nbsp;<\/p>\n<table style=\"border-collapse: collapse; width: 100%; height: 144px;\">\n<tbody>\n<tr style=\"height: 24px;\">\n<td style=\"width: 19.0069%; height: 24px;\"><span style=\"font-size: 10pt;\"><strong>U18<\/strong><\/span><\/td>\n<td style=\"width: 80.9931%; height: 24px;\"><span style=\"font-size: 10pt;\"><strong>SVENSK M\u00c4STARE<\/strong><\/span><\/td>\n<\/tr>\n<tr style=\"height: 24px;\">\n<td style=\"width: 19.0069%; height: 24px;\">-57 kg <span style=\"font-size: 10pt;\">(flickor)<\/span><\/td>\n<td style=\"width: 80.9931%; height: 24px;\"><img loading=\"lazy\" decoding=\"async\" class=\"alignnone size-full wp-image-122883\" src=\"https:\/\/www.budokampsport.se\/wp-content\/uploads\/2020\/11\/sweden-flag-icon-16.png\" alt=\"Sveriges flagga\" width=\"16\" height=\"10\" \/> <strong>Lucia Sanchez<\/strong>, Nacka Dojo IF<\/td>\n<\/tr>\n<tr style=\"height: 24px;\">\n<td style=\"width: 19.0069%; height: 24px;\">-63 kg <span style=\"font-size: 10pt;\">(flickor)<\/span><\/td>\n<td style=\"width: 80.9931%; height: 24px;\"><img loading=\"lazy\" decoding=\"async\" class=\"alignnone size-full wp-image-122883\" src=\"https:\/\/www.budokampsport.se\/wp-content\/uploads\/2020\/11\/sweden-flag-icon-16.png\" alt=\"Sveriges flagga\" width=\"16\" height=\"10\" \/> <strong>Livia H\u00f6gbom<\/strong>, Nacka Dojo IF<\/td>\n<\/tr>\n<tr style=\"height: 24px;\">\n<td style=\"width: 19.0069%; height: 24px;\">-66 kg <span style=\"font-size: 10pt;\">(pojkar)<\/span><\/td>\n<td style=\"width: 80.9931%; height: 24px;\"><img loading=\"lazy\" decoding=\"async\" class=\"alignnone size-full wp-image-122883\" src=\"https:\/\/www.budokampsport.se\/wp-content\/uploads\/2020\/11\/sweden-flag-icon-16.png\" alt=\"Sveriges flagga\" width=\"16\" height=\"10\" \/> <strong>Noel Pettersson<\/strong>, Varbergs Kampsportsf\u00f6rening<\/td>\n<\/tr>\n<tr style=\"height: 24px;\">\n<td style=\"width: 19.0069%; height: 24px;\">-73 kg <span style=\"font-size: 10pt;\">(pojkar)<\/span><\/td>\n<td style=\"width: 80.9931%; height: 24px;\"><img loading=\"lazy\" decoding=\"async\" class=\"alignnone size-full wp-image-122883\" src=\"https:\/\/www.budokampsport.se\/wp-content\/uploads\/2020\/11\/sweden-flag-icon-16.png\" alt=\"Sveriges flagga\" width=\"16\" height=\"10\" \/> <strong>Hugo Cedergren<\/strong>, Nacka Dojo IF<\/td>\n<\/tr>\n<tr style=\"height: 24px;\">\n<td style=\"width: 19.0069%; height: 24px;\">+81 kg <span style=\"font-size: 10pt;\">(pojkar)<\/span><\/td>\n<td style=\"width: 80.9931%; height: 24px;\"><img loading=\"lazy\" decoding=\"async\" class=\"alignnone size-full wp-image-122883\" src=\"https:\/\/www.budokampsport.se\/wp-content\/uploads\/2020\/11\/sweden-flag-icon-16.png\" alt=\"Sveriges flagga\" width=\"16\" height=\"10\" \/> <strong>Toni Beljo<\/strong>, Wernamo Ju-Jutsuklubb<\/td>\n<\/tr>\n<\/tbody>\n<\/table>\n<p>&nbsp;<\/p>\n<table style=\"border-collapse: collapse; width: 100%; height: 120px;\">\n<tbody>\n<tr style=\"height: 24px;\">\n<td style=\"width: 18.92%; height: 24px;\"><span style=\"font-size: 10pt;\"><strong>U21<\/strong><\/span><\/td>\n<td style=\"width: 81.08%; height: 24px;\"><span style=\"font-size: 10pt;\"><strong>SVENSK M\u00c4STARE<\/strong><\/span><\/td>\n<\/tr>\n<tr style=\"height: 24px;\">\n<td style=\"width: 18.92%; height: 24px;\">+70 kg <span style=\"font-size: 10pt;\">(flickor)<\/span><\/td>\n<td style=\"width: 81.08%; height: 24px;\"><img loading=\"lazy\" decoding=\"async\" class=\"alignnone size-full wp-image-122883\" src=\"https:\/\/www.budokampsport.se\/wp-content\/uploads\/2020\/11\/sweden-flag-icon-16.png\" alt=\"Sveriges flagga\" width=\"16\" height=\"10\" \/> <strong>Alicia Johansson<\/strong>, Budoklubben Shindo<\/td>\n<\/tr>\n<tr style=\"height: 24px;\">\n<td style=\"width: 18.92%; height: 24px;\">-69 kg <span style=\"font-size: 10pt;\">(pojkar)<\/span><\/td>\n<td style=\"width: 81.08%; height: 24px;\"><img loading=\"lazy\" decoding=\"async\" class=\"alignnone size-full wp-image-122883\" src=\"https:\/\/www.budokampsport.se\/wp-content\/uploads\/2020\/11\/sweden-flag-icon-16.png\" alt=\"Sveriges flagga\" width=\"16\" height=\"10\" \/> <strong>Liam Allstyle M\u00e4kel\u00e4<\/strong>, Sollentuna Kampidrottsf\u00f6rening<\/td>\n<\/tr>\n<tr style=\"height: 24px;\">\n<td style=\"width: 18.92%; height: 24px;\">-77 kg <span style=\"font-size: 10pt;\">(pojkar)<\/span><\/td>\n<td style=\"width: 81.08%; height: 24px;\"><img loading=\"lazy\" decoding=\"async\" class=\"alignnone size-full wp-image-122883\" src=\"https:\/\/www.budokampsport.se\/wp-content\/uploads\/2020\/11\/sweden-flag-icon-16.png\" alt=\"Sveriges flagga\" width=\"16\" height=\"10\" \/> <strong>Toni Beljo<\/strong>, Wernamo Ju-Jutsu Klubb<\/td>\n<\/tr>\n<\/tbody>\n<\/table>\n<p>&nbsp;<\/p>\n<table style=\"border-collapse: collapse; width: 100%; height: 144px;\">\n<tbody>\n<tr style=\"height: 24px;\">\n<td style=\"width: 19.0068%; height: 24px;\"><span style=\"font-size: 10pt;\"><strong>SENIORER<\/strong><\/span><\/td>\n<td style=\"width: 80.9932%; height: 24px;\"><span style=\"font-size: 10pt;\"><strong>SVENSK M\u00c4STARE<\/strong><\/span><\/td>\n<\/tr>\n<tr style=\"height: 24px;\">\n<td style=\"width: 19.0068%; height: 24px;\">+70 kg <span style=\"font-size: 10pt;\">(damer)<\/span><\/td>\n<td style=\"width: 80.9932%; height: 24px;\"><img loading=\"lazy\" decoding=\"async\" class=\"alignnone size-full wp-image-122883\" src=\"https:\/\/www.budokampsport.se\/wp-content\/uploads\/2020\/11\/sweden-flag-icon-16.png\" alt=\"Sveriges flagga\" width=\"16\" height=\"10\" \/> <strong>Emma Lette<\/strong>, Nacka Dojo IF<\/td>\n<\/tr>\n<tr style=\"height: 24px;\">\n<td style=\"width: 19.0068%; height: 24px;\">-69 kg <span style=\"font-size: 10pt;\">(herrar)<\/span><\/td>\n<td style=\"width: 80.9932%; height: 24px;\"><img loading=\"lazy\" decoding=\"async\" class=\"alignnone size-full wp-image-122883\" src=\"https:\/\/www.budokampsport.se\/wp-content\/uploads\/2020\/11\/sweden-flag-icon-16.png\" alt=\"Sveriges flagga\" width=\"16\" height=\"10\" \/> <strong>Henrik Larsson Sevon<\/strong>, Sollentuna Kampidrottsf\u00f6rening<\/td>\n<\/tr>\n<tr style=\"height: 24px;\">\n<td style=\"width: 19.0068%; height: 24px;\">-77 kg <span style=\"font-size: 10pt;\">(herrar)<\/span><\/td>\n<td style=\"width: 80.9932%; height: 24px;\"><img loading=\"lazy\" decoding=\"async\" class=\"alignnone size-full wp-image-122883\" src=\"https:\/\/www.budokampsport.se\/wp-content\/uploads\/2020\/11\/sweden-flag-icon-16.png\" alt=\"Sveriges flagga\" width=\"16\" height=\"10\" \/> <strong>Kevin Christoforidis<\/strong>, Wernamo Ju-Jutsu Klubb<\/td>\n<\/tr>\n<tr style=\"height: 24px;\">\n<td style=\"width: 19.0068%; height: 24px;\">-85 kg <span style=\"font-size: 10pt;\">(herrar)<\/span><\/td>\n<td style=\"width: 80.9932%; height: 24px;\"><img loading=\"lazy\" decoding=\"async\" class=\"alignnone size-full wp-image-122883\" src=\"https:\/\/www.budokampsport.se\/wp-content\/uploads\/2020\/11\/sweden-flag-icon-16.png\" alt=\"Sveriges flagga\" width=\"16\" height=\"10\" \/> <strong>Fredrik Widgren<\/strong>, Nacka Dojo IF<\/td>\n<\/tr>\n<tr style=\"height: 24px;\">\n<td style=\"width: 19.0068%; height: 24px;\">-94 kg <span style=\"font-size: 10pt;\">(herrar)<\/span><\/td>\n<td style=\"width: 80.9932%; height: 24px;\"><img loading=\"lazy\" decoding=\"async\" class=\"alignnone size-full wp-image-122883\" src=\"https:\/\/www.budokampsport.se\/wp-content\/uploads\/2020\/11\/sweden-flag-icon-16.png\" alt=\"Sveriges flagga\" width=\"16\" height=\"10\" \/> <strong>Fredrik Widgren<\/strong>, Nacka Dojo IF<\/td>\n<\/tr>\n<\/tbody>\n<\/table>\n<p>&nbsp;<\/p>\n<table style=\"border-collapse: collapse; width: 100%; height: 34px;\">\n<tbody>\n<tr style=\"height: 24px;\">\n<td style=\"width: 18.9201%; height: 10px;\"><span style=\"font-size: 10pt;\"><strong>MASTER, +35<\/strong><\/span><\/td>\n<td style=\"width: 81.0799%; height: 10px;\"><span style=\"font-size: 10pt;\"><strong>SVENSK M\u00c4STARE<\/strong><\/span><\/td>\n<\/tr>\n<tr style=\"height: 24px;\">\n<td style=\"width: 18.9201%; height: 24px;\">\u00d6ppen vikt<\/td>\n<td style=\"width: 81.0799%; height: 24px;\"><img loading=\"lazy\" decoding=\"async\" class=\"alignnone size-full wp-image-122883\" src=\"https:\/\/www.budokampsport.se\/wp-content\/uploads\/2020\/11\/sweden-flag-icon-16.png\" alt=\"Sveriges flagga\" width=\"16\" height=\"10\" \/> <strong>Jacob Andersson<\/strong>, Nacka Dojo IF<\/td>\n<\/tr>\n<\/tbody>\n<\/table>\n<p>&nbsp;<\/p>\n<p>H\u00e4r finns <a href=\"https:\/\/jujutsu.smoothcomp.com\/en\/event\/7309\/results\" target=\"_blank\" rel=\"noopener\">samtliga SM-medaljer<\/a> fr\u00e5n i l\u00f6rdags.<\/p>\n<p>Text och foto: Jonathan Broberg<\/p>\n","protected":false},"excerpt":{"rendered":"<p>JUJUTSU. I l\u00f6rdags h\u00f6lls SM i jujutsu i V\u00e4rnamo. <\/p><br>","protected":false},"author":7,"featured_media":82563,"comment_status":"open","ping_status":"open","sticky":false,"template":"","format":"standard","meta":{"_acf_changed":false,"footnotes":""},"categories":[1],"tags":[],"class_list":["post-139342","post","type-post","status-publish","format-standard","has-post-thumbnail","hentry","category-okategoriserade"],"acf":[],"yoast_head":"<!-- This site is optimized with the Yoast SEO plugin v26.8 - https:\/\/yoast.com\/product\/yoast-seo-wordpress\/ -->\n<title>Samtliga guldmedalj\u00f6rer i SM i jujutsu - Svenska Budo &amp; Kampsportsf\u00f6rbundet<\/title>\n<meta name=\"description\" content=\"JUJUTSU. I l\u00f6rdags h\u00f6lls SM i jujutsu i V\u00e4rnamo.\" \/>\n<meta name=\"robots\" content=\"index, follow, max-snippet:-1, max-image-preview:large, max-video-preview:-1\" \/>\n<link rel=\"canonical\" href=\"https:\/\/www.budokampsport.se\/2022\/05\/09\/samtliga-guldmedaljorer-i-sm-i-jujutsu\/\" \/>\n<meta property=\"og:locale\" content=\"sv_SE\" \/>\n<meta property=\"og:type\" content=\"article\" \/>\n<meta property=\"og:title\" content=\"Samtliga guldmedalj\u00f6rer i SM i jujutsu - Svenska Budo &amp; Kampsportsf\u00f6rbundet\" \/>\n<meta property=\"og:description\" content=\"JUJUTSU. I l\u00f6rdags h\u00f6lls SM i jujutsu i V\u00e4rnamo.\" \/>\n<meta property=\"og:url\" content=\"https:\/\/www.budokampsport.se\/2022\/05\/09\/samtliga-guldmedaljorer-i-sm-i-jujutsu\/\" \/>\n<meta property=\"og:site_name\" content=\"Svenska Budo &amp; Kampsportsf\u00f6rbundet\" \/>\n<meta property=\"article:author\" content=\"https:\/\/www.facebook.com\/jonathan.broberg.7\" \/>\n<meta property=\"article:published_time\" content=\"2022-05-09T14:28:01+00:00\" \/>\n<meta property=\"article:modified_time\" content=\"2022-05-10T07:43:29+00:00\" \/>\n<meta property=\"og:image\" content=\"https:\/\/www.budokampsport.se\/wp-content\/uploads\/2018\/11\/fredrik_widgren_tva.jpg\" \/>\n\t<meta property=\"og:image:width\" content=\"850\" \/>\n\t<meta property=\"og:image:height\" content=\"567\" \/>\n\t<meta property=\"og:image:type\" content=\"image\/jpeg\" \/>\n<meta name=\"author\" content=\"Jonathan Broberg\" \/>\n<meta name=\"twitter:card\" content=\"summary_large_image\" \/>\n<meta name=\"twitter:label1\" content=\"Skriven av\" \/>\n\t<meta name=\"twitter:data1\" content=\"Jonathan Broberg\" \/>\n\t<meta name=\"twitter:label2\" content=\"Ber\u00e4knad l\u00e4stid\" \/>\n\t<meta name=\"twitter:data2\" content=\"1 minut\" \/>\n<script type=\"application\/ld+json\" class=\"yoast-schema-graph\">{\"@context\":\"https:\/\/schema.org\",\"@graph\":[{\"@type\":\"Article\",\"@id\":\"https:\/\/www.budokampsport.se\/2022\/05\/09\/samtliga-guldmedaljorer-i-sm-i-jujutsu\/#article\",\"isPartOf\":{\"@id\":\"https:\/\/www.budokampsport.se\/2022\/05\/09\/samtliga-guldmedaljorer-i-sm-i-jujutsu\/\"},\"author\":{\"name\":\"Jonathan Broberg\",\"@id\":\"https:\/\/www.budokampsport.se\/#\/schema\/person\/5c06d81d14850e2a8ce5493386560145\"},\"headline\":\"Samtliga guldmedalj\u00f6rer i SM i jujutsu\",\"datePublished\":\"2022-05-09T14:28:01+00:00\",\"dateModified\":\"2022-05-10T07:43:29+00:00\",\"mainEntityOfPage\":{\"@id\":\"https:\/\/www.budokampsport.se\/2022\/05\/09\/samtliga-guldmedaljorer-i-sm-i-jujutsu\/\"},\"wordCount\":234,\"commentCount\":0,\"image\":{\"@id\":\"https:\/\/www.budokampsport.se\/2022\/05\/09\/samtliga-guldmedaljorer-i-sm-i-jujutsu\/#primaryimage\"},\"thumbnailUrl\":\"https:\/\/www.budokampsport.se\/wp-content\/uploads\/2018\/11\/fredrik_widgren_tva.jpg\",\"inLanguage\":\"sv-SE\",\"potentialAction\":[{\"@type\":\"CommentAction\",\"name\":\"Comment\",\"target\":[\"https:\/\/www.budokampsport.se\/2022\/05\/09\/samtliga-guldmedaljorer-i-sm-i-jujutsu\/#respond\"]}]},{\"@type\":\"WebPage\",\"@id\":\"https:\/\/www.budokampsport.se\/2022\/05\/09\/samtliga-guldmedaljorer-i-sm-i-jujutsu\/\",\"url\":\"https:\/\/www.budokampsport.se\/2022\/05\/09\/samtliga-guldmedaljorer-i-sm-i-jujutsu\/\",\"name\":\"Samtliga guldmedalj\u00f6rer i SM i jujutsu - Svenska Budo &amp; Kampsportsf\u00f6rbundet\",\"isPartOf\":{\"@id\":\"https:\/\/www.budokampsport.se\/#website\"},\"primaryImageOfPage\":{\"@id\":\"https:\/\/www.budokampsport.se\/2022\/05\/09\/samtliga-guldmedaljorer-i-sm-i-jujutsu\/#primaryimage\"},\"image\":{\"@id\":\"https:\/\/www.budokampsport.se\/2022\/05\/09\/samtliga-guldmedaljorer-i-sm-i-jujutsu\/#primaryimage\"},\"thumbnailUrl\":\"https:\/\/www.budokampsport.se\/wp-content\/uploads\/2018\/11\/fredrik_widgren_tva.jpg\",\"datePublished\":\"2022-05-09T14:28:01+00:00\",\"dateModified\":\"2022-05-10T07:43:29+00:00\",\"author\":{\"@id\":\"https:\/\/www.budokampsport.se\/#\/schema\/person\/5c06d81d14850e2a8ce5493386560145\"},\"description\":\"JUJUTSU. I l\u00f6rdags h\u00f6lls SM i jujutsu i V\u00e4rnamo.\",\"breadcrumb\":{\"@id\":\"https:\/\/www.budokampsport.se\/2022\/05\/09\/samtliga-guldmedaljorer-i-sm-i-jujutsu\/#breadcrumb\"},\"inLanguage\":\"sv-SE\",\"potentialAction\":[{\"@type\":\"ReadAction\",\"target\":[\"https:\/\/www.budokampsport.se\/2022\/05\/09\/samtliga-guldmedaljorer-i-sm-i-jujutsu\/\"]}]},{\"@type\":\"ImageObject\",\"inLanguage\":\"sv-SE\",\"@id\":\"https:\/\/www.budokampsport.se\/2022\/05\/09\/samtliga-guldmedaljorer-i-sm-i-jujutsu\/#primaryimage\",\"url\":\"https:\/\/www.budokampsport.se\/wp-content\/uploads\/2018\/11\/fredrik_widgren_tva.jpg\",\"contentUrl\":\"https:\/\/www.budokampsport.se\/wp-content\/uploads\/2018\/11\/fredrik_widgren_tva.jpg\",\"width\":850,\"height\":567,\"caption\":\"Foto: Jonathan Broberg\"},{\"@type\":\"BreadcrumbList\",\"@id\":\"https:\/\/www.budokampsport.se\/2022\/05\/09\/samtliga-guldmedaljorer-i-sm-i-jujutsu\/#breadcrumb\",\"itemListElement\":[{\"@type\":\"ListItem\",\"position\":1,\"name\":\"Hem\",\"item\":\"https:\/\/www.budokampsport.se\/\"},{\"@type\":\"ListItem\",\"position\":2,\"name\":\"Samtliga guldmedalj\u00f6rer i SM i jujutsu\"}]},{\"@type\":\"WebSite\",\"@id\":\"https:\/\/www.budokampsport.se\/#website\",\"url\":\"https:\/\/www.budokampsport.se\/\",\"name\":\"Svenska Budo &amp; Kampsportsf\u00f6rbundet\",\"description\":\"T\u00e4vling, Tr\u00e4ning, Tradition\",\"potentialAction\":[{\"@type\":\"SearchAction\",\"target\":{\"@type\":\"EntryPoint\",\"urlTemplate\":\"https:\/\/www.budokampsport.se\/?s={search_term_string}\"},\"query-input\":{\"@type\":\"PropertyValueSpecification\",\"valueRequired\":true,\"valueName\":\"search_term_string\"}}],\"inLanguage\":\"sv-SE\"},{\"@type\":\"Person\",\"@id\":\"https:\/\/www.budokampsport.se\/#\/schema\/person\/5c06d81d14850e2a8ce5493386560145\",\"name\":\"Jonathan Broberg\",\"image\":{\"@type\":\"ImageObject\",\"inLanguage\":\"sv-SE\",\"@id\":\"https:\/\/www.budokampsport.se\/#\/schema\/person\/image\/\",\"url\":\"https:\/\/secure.gravatar.com\/avatar\/a58041c6cea9128bd9c40ee2f26d4136?s=96&d=blank&r=g\",\"contentUrl\":\"https:\/\/secure.gravatar.com\/avatar\/a58041c6cea9128bd9c40ee2f26d4136?s=96&d=blank&r=g\",\"caption\":\"Jonathan Broberg\"},\"sameAs\":[\"https:\/\/www.facebook.com\/jonathan.broberg.7\"],\"url\":\"https:\/\/www.budokampsport.se\/author\/jonathan\/\"}]}<\/script>\n<!-- \/ Yoast SEO plugin. -->","yoast_head_json":{"title":"Samtliga guldmedalj\u00f6rer i SM i jujutsu - Svenska Budo &amp; Kampsportsf\u00f6rbundet","description":"JUJUTSU. I l\u00f6rdags h\u00f6lls SM i jujutsu i V\u00e4rnamo.","robots":{"index":"index","follow":"follow","max-snippet":"max-snippet:-1","max-image-preview":"max-image-preview:large","max-video-preview":"max-video-preview:-1"},"canonical":"https:\/\/www.budokampsport.se\/2022\/05\/09\/samtliga-guldmedaljorer-i-sm-i-jujutsu\/","og_locale":"sv_SE","og_type":"article","og_title":"Samtliga guldmedalj\u00f6rer i SM i jujutsu - Svenska Budo &amp; Kampsportsf\u00f6rbundet","og_description":"JUJUTSU. I l\u00f6rdags h\u00f6lls SM i jujutsu i V\u00e4rnamo.","og_url":"https:\/\/www.budokampsport.se\/2022\/05\/09\/samtliga-guldmedaljorer-i-sm-i-jujutsu\/","og_site_name":"Svenska Budo &amp; Kampsportsf\u00f6rbundet","article_author":"https:\/\/www.facebook.com\/jonathan.broberg.7","article_published_time":"2022-05-09T14:28:01+00:00","article_modified_time":"2022-05-10T07:43:29+00:00","og_image":[{"width":850,"height":567,"url":"https:\/\/www.budokampsport.se\/wp-content\/uploads\/2018\/11\/fredrik_widgren_tva.jpg","type":"image\/jpeg"}],"author":"Jonathan Broberg","twitter_card":"summary_large_image","twitter_misc":{"Skriven av":"Jonathan Broberg","Ber\u00e4knad l\u00e4stid":"1 minut"},"schema":{"@context":"https:\/\/schema.org","@graph":[{"@type":"Article","@id":"https:\/\/www.budokampsport.se\/2022\/05\/09\/samtliga-guldmedaljorer-i-sm-i-jujutsu\/#article","isPartOf":{"@id":"https:\/\/www.budokampsport.se\/2022\/05\/09\/samtliga-guldmedaljorer-i-sm-i-jujutsu\/"},"author":{"name":"Jonathan Broberg","@id":"https:\/\/www.budokampsport.se\/#\/schema\/person\/5c06d81d14850e2a8ce5493386560145"},"headline":"Samtliga guldmedalj\u00f6rer i SM i jujutsu","datePublished":"2022-05-09T14:28:01+00:00","dateModified":"2022-05-10T07:43:29+00:00","mainEntityOfPage":{"@id":"https:\/\/www.budokampsport.se\/2022\/05\/09\/samtliga-guldmedaljorer-i-sm-i-jujutsu\/"},"wordCount":234,"commentCount":0,"image":{"@id":"https:\/\/www.budokampsport.se\/2022\/05\/09\/samtliga-guldmedaljorer-i-sm-i-jujutsu\/#primaryimage"},"thumbnailUrl":"https:\/\/www.budokampsport.se\/wp-content\/uploads\/2018\/11\/fredrik_widgren_tva.jpg","inLanguage":"sv-SE","potentialAction":[{"@type":"CommentAction","name":"Comment","target":["https:\/\/www.budokampsport.se\/2022\/05\/09\/samtliga-guldmedaljorer-i-sm-i-jujutsu\/#respond"]}]},{"@type":"WebPage","@id":"https:\/\/www.budokampsport.se\/2022\/05\/09\/samtliga-guldmedaljorer-i-sm-i-jujutsu\/","url":"https:\/\/www.budokampsport.se\/2022\/05\/09\/samtliga-guldmedaljorer-i-sm-i-jujutsu\/","name":"Samtliga guldmedalj\u00f6rer i SM i jujutsu - Svenska Budo &amp; Kampsportsf\u00f6rbundet","isPartOf":{"@id":"https:\/\/www.budokampsport.se\/#website"},"primaryImageOfPage":{"@id":"https:\/\/www.budokampsport.se\/2022\/05\/09\/samtliga-guldmedaljorer-i-sm-i-jujutsu\/#primaryimage"},"image":{"@id":"https:\/\/www.budokampsport.se\/2022\/05\/09\/samtliga-guldmedaljorer-i-sm-i-jujutsu\/#primaryimage"},"thumbnailUrl":"https:\/\/www.budokampsport.se\/wp-content\/uploads\/2018\/11\/fredrik_widgren_tva.jpg","datePublished":"2022-05-09T14:28:01+00:00","dateModified":"2022-05-10T07:43:29+00:00","author":{"@id":"https:\/\/www.budokampsport.se\/#\/schema\/person\/5c06d81d14850e2a8ce5493386560145"},"description":"JUJUTSU. I l\u00f6rdags h\u00f6lls SM i jujutsu i V\u00e4rnamo.","breadcrumb":{"@id":"https:\/\/www.budokampsport.se\/2022\/05\/09\/samtliga-guldmedaljorer-i-sm-i-jujutsu\/#breadcrumb"},"inLanguage":"sv-SE","potentialAction":[{"@type":"ReadAction","target":["https:\/\/www.budokampsport.se\/2022\/05\/09\/samtliga-guldmedaljorer-i-sm-i-jujutsu\/"]}]},{"@type":"ImageObject","inLanguage":"sv-SE","@id":"https:\/\/www.budokampsport.se\/2022\/05\/09\/samtliga-guldmedaljorer-i-sm-i-jujutsu\/#primaryimage","url":"https:\/\/www.budokampsport.se\/wp-content\/uploads\/2018\/11\/fredrik_widgren_tva.jpg","contentUrl":"https:\/\/www.budokampsport.se\/wp-content\/uploads\/2018\/11\/fredrik_widgren_tva.jpg","width":850,"height":567,"caption":"Foto: Jonathan Broberg"},{"@type":"BreadcrumbList","@id":"https:\/\/www.budokampsport.se\/2022\/05\/09\/samtliga-guldmedaljorer-i-sm-i-jujutsu\/#breadcrumb","itemListElement":[{"@type":"ListItem","position":1,"name":"Hem","item":"https:\/\/www.budokampsport.se\/"},{"@type":"ListItem","position":2,"name":"Samtliga guldmedalj\u00f6rer i SM i jujutsu"}]},{"@type":"WebSite","@id":"https:\/\/www.budokampsport.se\/#website","url":"https:\/\/www.budokampsport.se\/","name":"Svenska Budo &amp; Kampsportsf\u00f6rbundet","description":"T\u00e4vling, Tr\u00e4ning, Tradition","potentialAction":[{"@type":"SearchAction","target":{"@type":"EntryPoint","urlTemplate":"https:\/\/www.budokampsport.se\/?s={search_term_string}"},"query-input":{"@type":"PropertyValueSpecification","valueRequired":true,"valueName":"search_term_string"}}],"inLanguage":"sv-SE"},{"@type":"Person","@id":"https:\/\/www.budokampsport.se\/#\/schema\/person\/5c06d81d14850e2a8ce5493386560145","name":"Jonathan Broberg","image":{"@type":"ImageObject","inLanguage":"sv-SE","@id":"https:\/\/www.budokampsport.se\/#\/schema\/person\/image\/","url":"https:\/\/secure.gravatar.com\/avatar\/a58041c6cea9128bd9c40ee2f26d4136?s=96&d=blank&r=g","contentUrl":"https:\/\/secure.gravatar.com\/avatar\/a58041c6cea9128bd9c40ee2f26d4136?s=96&d=blank&r=g","caption":"Jonathan Broberg"},"sameAs":["https:\/\/www.facebook.com\/jonathan.broberg.7"],"url":"https:\/\/www.budokampsport.se\/author\/jonathan\/"}]}},"_links":{"self":[{"href":"https:\/\/www.budokampsport.se\/api\/wp\/v2\/posts\/139342","targetHints":{"allow":["GET"]}}],"collection":[{"href":"https:\/\/www.budokampsport.se\/api\/wp\/v2\/posts"}],"about":[{"href":"https:\/\/www.budokampsport.se\/api\/wp\/v2\/types\/post"}],"author":[{"embeddable":true,"href":"https:\/\/www.budokampsport.se\/api\/wp\/v2\/users\/7"}],"replies":[{"embeddable":true,"href":"https:\/\/www.budokampsport.se\/api\/wp\/v2\/comments?post=139342"}],"version-history":[{"count":0,"href":"https:\/\/www.budokampsport.se\/api\/wp\/v2\/posts\/139342\/revisions"}],"wp:featuredmedia":[{"embeddable":true,"href":"https:\/\/www.budokampsport.se\/api\/wp\/v2\/media\/82563"}],"wp:attachment":[{"href":"https:\/\/www.budokampsport.se\/api\/wp\/v2\/media?parent=139342"}],"wp:term":[{"taxonomy":"category","embeddable":true,"href":"https:\/\/www.budokampsport.se\/api\/wp\/v2\/categories?post=139342"},{"taxonomy":"post_tag","embeddable":true,"href":"https:\/\/www.budokampsport.se\/api\/wp\/v2\/tags?post=139342"}],"curies":[{"name":"wp","href":"https:\/\/api.w.org\/{rel}","templated":true}]}}