{"id":139437,"date":"2022-05-12T13:26:39","date_gmt":"2022-05-12T11:26:39","guid":{"rendered":"https:\/\/www.budokampsport.se\/?p=139437"},"modified":"2022-05-12T13:26:39","modified_gmt":"2022-05-12T11:26:39","slug":"lindblad-och-baffoun-missar-bjj-vm","status":"publish","type":"post","link":"https:\/\/www.budokampsport.se\/2022\/05\/12\/lindblad-och-baffoun-missar-bjj-vm\/","title":{"rendered":"Lindblad och Baffoun missar BJJ-VM"},"content":{"rendered":"<p>Som vi har ber\u00e4ttat i flera tidigare artiklar s\u00e5 har det svenska BJJ-landslagets tv\u00e5 svartb\u00e4ltare <strong>Max Lindblad<\/strong> och <strong>Alexander Baffoun<\/strong> <a href=\"https:\/\/www.budokampsport.se\/2022\/04\/29\/landslagsduo-jagar-vm-platser\/\" target=\"_blank\" rel=\"noopener\">jagat kvalificeringspo\u00e4ng<\/a> inf\u00f6r \u00e5rets VM i Kalifornien.<\/p>\n<p>Till skillnad fr\u00e5n \u00f6vriga b\u00e4lten s\u00e5 m\u00e5ste svartb\u00e4ltarna, som \u00e4r den h\u00f6gsta internationella t\u00e4vlingsniv\u00e5n, kvala in till VM-t\u00e4vlingarna.<\/p>\n<p>B\u00e5de Lindblad och Baffoun <a href=\"https:\/\/www.budokampsport.se\/2022\/05\/02\/dubbla-guld-fortsatt-vm-jakt\/\" target=\"_blank\" rel=\"noopener\">n\u00e5dde bronsmedaljer<\/a> i den senaste t\u00e4vlingen Dublin Open men beh\u00f6vde f\u00e5 med sig n\u00f6dv\u00e4ndiga po\u00e4ng \u00e4ven fr\u00e5n t\u00e4vlingarna i Paris Open kommande helg f\u00f6r att s\u00e4kra VM-biljetter. Tyv\u00e4rr s\u00e5 kommer ingen av dem nu till start \u2013 vilken \u00e4ven inneb\u00e4r att de missar \u00e5rets VM.<\/p>\n<p>&#8211; Det \u00e4r s\u00e5 klart otroligt tr\u00e5kigt b\u00e5de f\u00f6r dem och f\u00f6r oss, s\u00e4ger Svenska BJJ-f\u00f6rbundets elitansvarige Daniel Haglind.<\/p>\n<p>\u00d6vriga fyra svenska landslagsut\u00f6vare (<strong>Karl Pegers<\/strong>, <strong>Astrid Sch\u00f6lin<\/strong>, <strong>Rasmus Almstr\u00f6m<\/strong> och <strong>Scarlett Anstiss Liljefors<\/strong>) kommer d\u00e4remot att finnas med i VM. \u00c5rets t\u00e4vlingar avg\u00f6rs i Long Beach 1\u20135 juni i inomhusarenan med det officiella namnet The Mike and Arline Walter Pyramid.<\/p>\n<p>&#8211; F\u00f6rbundet kommer att skicka en landslagstrupp d\u00e4r samtliga har chans p\u00e5 pallplats. VM \u00e4r \u00e5rets st\u00f6rsta t\u00e4vling under IBJJF och troligen ocks\u00e5 den mest prestigefyllda i v\u00e4rlden. Alla stora namn \u00e4r med och det \u00e4r en speciell k\u00e4nsla att g\u00e5 in i &#8220;The Pyramid&#8221;, s\u00e4ger Daniel Haglind.<\/p>\n<p>D\u00e4rtill kommer som vanligt en hel del svenska ut\u00f6vare att st\u00e4lla upp i t\u00e4vlingarna via sina klubbar. H\u00f6r g\u00e4rna av er till <a href=\"mailto:lilja@budo.se\">lilja@budo.se<\/a> och tipsa om ert eller andras deltagande i \u00e5rets BJJ-VM.<\/p>\n<p>Text: Mats Lilja<\/p>\n","protected":false},"excerpt":{"rendered":"<p>BJJ. Landslagets svartb\u00e4ltare kommer inte till start i Paris i helgen.<br \/><br>(Foto: Privat)<\/p><br>","protected":false},"author":914,"featured_media":138953,"comment_status":"open","ping_status":"open","sticky":false,"template":"","format":"standard","meta":{"_acf_changed":false,"footnotes":""},"categories":[1],"tags":[],"class_list":["post-139437","post","type-post","status-publish","format-standard","has-post-thumbnail","hentry","category-okategoriserade"],"acf":[],"yoast_head":"<!-- This site is optimized with the Yoast SEO plugin v26.8 - https:\/\/yoast.com\/product\/yoast-seo-wordpress\/ -->\n<title>Lindblad och Baffoun missar BJJ-VM - Svenska Budo &amp; Kampsportsf\u00f6rbundet<\/title>\n<meta name=\"description\" content=\"BJJ. Landslagets svartb\u00e4ltare kommer inte till start i Paris i helgen. (Foto: Privat)\" \/>\n<meta name=\"robots\" content=\"index, follow, max-snippet:-1, max-image-preview:large, max-video-preview:-1\" \/>\n<link rel=\"canonical\" href=\"https:\/\/www.budokampsport.se\/2022\/05\/12\/lindblad-och-baffoun-missar-bjj-vm\/\" \/>\n<meta property=\"og:locale\" content=\"sv_SE\" \/>\n<meta property=\"og:type\" content=\"article\" \/>\n<meta property=\"og:title\" content=\"Lindblad och Baffoun missar BJJ-VM - Svenska Budo &amp; Kampsportsf\u00f6rbundet\" \/>\n<meta property=\"og:description\" content=\"BJJ. Landslagets svartb\u00e4ltare kommer inte till start i Paris i helgen. (Foto: Privat)\" \/>\n<meta property=\"og:url\" content=\"https:\/\/www.budokampsport.se\/2022\/05\/12\/lindblad-och-baffoun-missar-bjj-vm\/\" \/>\n<meta property=\"og:site_name\" content=\"Svenska Budo &amp; Kampsportsf\u00f6rbundet\" \/>\n<meta property=\"article:published_time\" content=\"2022-05-12T11:26:39+00:00\" \/>\n<meta property=\"og:image\" content=\"https:\/\/www.budokampsport.se\/wp-content\/uploads\/2022\/04\/baffounlindblad.jpg\" \/>\n\t<meta property=\"og:image:width\" content=\"1200\" \/>\n\t<meta property=\"og:image:height\" content=\"800\" \/>\n\t<meta property=\"og:image:type\" content=\"image\/jpeg\" \/>\n<meta name=\"author\" content=\"Mats Lilja\" \/>\n<meta name=\"twitter:card\" content=\"summary_large_image\" \/>\n<meta name=\"twitter:label1\" content=\"Skriven av\" \/>\n\t<meta name=\"twitter:data1\" content=\"Mats Lilja\" \/>\n\t<meta name=\"twitter:label2\" content=\"Ber\u00e4knad l\u00e4stid\" \/>\n\t<meta name=\"twitter:data2\" content=\"1 minut\" \/>\n<script type=\"application\/ld+json\" class=\"yoast-schema-graph\">{\"@context\":\"https:\/\/schema.org\",\"@graph\":[{\"@type\":\"Article\",\"@id\":\"https:\/\/www.budokampsport.se\/2022\/05\/12\/lindblad-och-baffoun-missar-bjj-vm\/#article\",\"isPartOf\":{\"@id\":\"https:\/\/www.budokampsport.se\/2022\/05\/12\/lindblad-och-baffoun-missar-bjj-vm\/\"},\"author\":{\"name\":\"Mats Lilja\",\"@id\":\"https:\/\/www.budokampsport.se\/#\/schema\/person\/d80c0bc61f1787703168fc250ce69522\"},\"headline\":\"Lindblad och Baffoun missar BJJ-VM\",\"datePublished\":\"2022-05-12T11:26:39+00:00\",\"mainEntityOfPage\":{\"@id\":\"https:\/\/www.budokampsport.se\/2022\/05\/12\/lindblad-och-baffoun-missar-bjj-vm\/\"},\"wordCount\":293,\"commentCount\":0,\"image\":{\"@id\":\"https:\/\/www.budokampsport.se\/2022\/05\/12\/lindblad-och-baffoun-missar-bjj-vm\/#primaryimage\"},\"thumbnailUrl\":\"https:\/\/www.budokampsport.se\/wp-content\/uploads\/2022\/04\/baffounlindblad.jpg\",\"inLanguage\":\"sv-SE\",\"potentialAction\":[{\"@type\":\"CommentAction\",\"name\":\"Comment\",\"target\":[\"https:\/\/www.budokampsport.se\/2022\/05\/12\/lindblad-och-baffoun-missar-bjj-vm\/#respond\"]}]},{\"@type\":\"WebPage\",\"@id\":\"https:\/\/www.budokampsport.se\/2022\/05\/12\/lindblad-och-baffoun-missar-bjj-vm\/\",\"url\":\"https:\/\/www.budokampsport.se\/2022\/05\/12\/lindblad-och-baffoun-missar-bjj-vm\/\",\"name\":\"Lindblad och Baffoun missar BJJ-VM - Svenska Budo &amp; Kampsportsf\u00f6rbundet\",\"isPartOf\":{\"@id\":\"https:\/\/www.budokampsport.se\/#website\"},\"primaryImageOfPage\":{\"@id\":\"https:\/\/www.budokampsport.se\/2022\/05\/12\/lindblad-och-baffoun-missar-bjj-vm\/#primaryimage\"},\"image\":{\"@id\":\"https:\/\/www.budokampsport.se\/2022\/05\/12\/lindblad-och-baffoun-missar-bjj-vm\/#primaryimage\"},\"thumbnailUrl\":\"https:\/\/www.budokampsport.se\/wp-content\/uploads\/2022\/04\/baffounlindblad.jpg\",\"datePublished\":\"2022-05-12T11:26:39+00:00\",\"author\":{\"@id\":\"https:\/\/www.budokampsport.se\/#\/schema\/person\/d80c0bc61f1787703168fc250ce69522\"},\"description\":\"BJJ. Landslagets svartb\u00e4ltare kommer inte till start i Paris i helgen. (Foto: Privat)\",\"breadcrumb\":{\"@id\":\"https:\/\/www.budokampsport.se\/2022\/05\/12\/lindblad-och-baffoun-missar-bjj-vm\/#breadcrumb\"},\"inLanguage\":\"sv-SE\",\"potentialAction\":[{\"@type\":\"ReadAction\",\"target\":[\"https:\/\/www.budokampsport.se\/2022\/05\/12\/lindblad-och-baffoun-missar-bjj-vm\/\"]}]},{\"@type\":\"ImageObject\",\"inLanguage\":\"sv-SE\",\"@id\":\"https:\/\/www.budokampsport.se\/2022\/05\/12\/lindblad-och-baffoun-missar-bjj-vm\/#primaryimage\",\"url\":\"https:\/\/www.budokampsport.se\/wp-content\/uploads\/2022\/04\/baffounlindblad.jpg\",\"contentUrl\":\"https:\/\/www.budokampsport.se\/wp-content\/uploads\/2022\/04\/baffounlindblad.jpg\",\"width\":1200,\"height\":800,\"caption\":\"Alexander Baffoun och Max Lindblad (BJJ). Foto: Privat. Montage: Mats Lilja.\"},{\"@type\":\"BreadcrumbList\",\"@id\":\"https:\/\/www.budokampsport.se\/2022\/05\/12\/lindblad-och-baffoun-missar-bjj-vm\/#breadcrumb\",\"itemListElement\":[{\"@type\":\"ListItem\",\"position\":1,\"name\":\"Hem\",\"item\":\"https:\/\/www.budokampsport.se\/\"},{\"@type\":\"ListItem\",\"position\":2,\"name\":\"Lindblad och Baffoun missar BJJ-VM\"}]},{\"@type\":\"WebSite\",\"@id\":\"https:\/\/www.budokampsport.se\/#website\",\"url\":\"https:\/\/www.budokampsport.se\/\",\"name\":\"Svenska Budo &amp; Kampsportsf\u00f6rbundet\",\"description\":\"T\u00e4vling, Tr\u00e4ning, Tradition\",\"potentialAction\":[{\"@type\":\"SearchAction\",\"target\":{\"@type\":\"EntryPoint\",\"urlTemplate\":\"https:\/\/www.budokampsport.se\/?s={search_term_string}\"},\"query-input\":{\"@type\":\"PropertyValueSpecification\",\"valueRequired\":true,\"valueName\":\"search_term_string\"}}],\"inLanguage\":\"sv-SE\"},{\"@type\":\"Person\",\"@id\":\"https:\/\/www.budokampsport.se\/#\/schema\/person\/d80c0bc61f1787703168fc250ce69522\",\"name\":\"Mats Lilja\",\"image\":{\"@type\":\"ImageObject\",\"inLanguage\":\"sv-SE\",\"@id\":\"https:\/\/www.budokampsport.se\/#\/schema\/person\/image\/\",\"url\":\"https:\/\/secure.gravatar.com\/avatar\/607f84918e96abe1ebbd8611782fa57d?s=96&d=blank&r=g\",\"contentUrl\":\"https:\/\/secure.gravatar.com\/avatar\/607f84918e96abe1ebbd8611782fa57d?s=96&d=blank&r=g\",\"caption\":\"Mats Lilja\"},\"url\":\"https:\/\/www.budokampsport.se\/author\/mats-lilja\/\"}]}<\/script>\n<!-- \/ Yoast SEO plugin. -->","yoast_head_json":{"title":"Lindblad och Baffoun missar BJJ-VM - Svenska Budo &amp; Kampsportsf\u00f6rbundet","description":"BJJ. Landslagets svartb\u00e4ltare kommer inte till start i Paris i helgen. (Foto: Privat)","robots":{"index":"index","follow":"follow","max-snippet":"max-snippet:-1","max-image-preview":"max-image-preview:large","max-video-preview":"max-video-preview:-1"},"canonical":"https:\/\/www.budokampsport.se\/2022\/05\/12\/lindblad-och-baffoun-missar-bjj-vm\/","og_locale":"sv_SE","og_type":"article","og_title":"Lindblad och Baffoun missar BJJ-VM - Svenska Budo &amp; Kampsportsf\u00f6rbundet","og_description":"BJJ. Landslagets svartb\u00e4ltare kommer inte till start i Paris i helgen. (Foto: Privat)","og_url":"https:\/\/www.budokampsport.se\/2022\/05\/12\/lindblad-och-baffoun-missar-bjj-vm\/","og_site_name":"Svenska Budo &amp; Kampsportsf\u00f6rbundet","article_published_time":"2022-05-12T11:26:39+00:00","og_image":[{"width":1200,"height":800,"url":"https:\/\/www.budokampsport.se\/wp-content\/uploads\/2022\/04\/baffounlindblad.jpg","type":"image\/jpeg"}],"author":"Mats Lilja","twitter_card":"summary_large_image","twitter_misc":{"Skriven av":"Mats Lilja","Ber\u00e4knad l\u00e4stid":"1 minut"},"schema":{"@context":"https:\/\/schema.org","@graph":[{"@type":"Article","@id":"https:\/\/www.budokampsport.se\/2022\/05\/12\/lindblad-och-baffoun-missar-bjj-vm\/#article","isPartOf":{"@id":"https:\/\/www.budokampsport.se\/2022\/05\/12\/lindblad-och-baffoun-missar-bjj-vm\/"},"author":{"name":"Mats Lilja","@id":"https:\/\/www.budokampsport.se\/#\/schema\/person\/d80c0bc61f1787703168fc250ce69522"},"headline":"Lindblad och Baffoun missar BJJ-VM","datePublished":"2022-05-12T11:26:39+00:00","mainEntityOfPage":{"@id":"https:\/\/www.budokampsport.se\/2022\/05\/12\/lindblad-och-baffoun-missar-bjj-vm\/"},"wordCount":293,"commentCount":0,"image":{"@id":"https:\/\/www.budokampsport.se\/2022\/05\/12\/lindblad-och-baffoun-missar-bjj-vm\/#primaryimage"},"thumbnailUrl":"https:\/\/www.budokampsport.se\/wp-content\/uploads\/2022\/04\/baffounlindblad.jpg","inLanguage":"sv-SE","potentialAction":[{"@type":"CommentAction","name":"Comment","target":["https:\/\/www.budokampsport.se\/2022\/05\/12\/lindblad-och-baffoun-missar-bjj-vm\/#respond"]}]},{"@type":"WebPage","@id":"https:\/\/www.budokampsport.se\/2022\/05\/12\/lindblad-och-baffoun-missar-bjj-vm\/","url":"https:\/\/www.budokampsport.se\/2022\/05\/12\/lindblad-och-baffoun-missar-bjj-vm\/","name":"Lindblad och Baffoun missar BJJ-VM - Svenska Budo &amp; Kampsportsf\u00f6rbundet","isPartOf":{"@id":"https:\/\/www.budokampsport.se\/#website"},"primaryImageOfPage":{"@id":"https:\/\/www.budokampsport.se\/2022\/05\/12\/lindblad-och-baffoun-missar-bjj-vm\/#primaryimage"},"image":{"@id":"https:\/\/www.budokampsport.se\/2022\/05\/12\/lindblad-och-baffoun-missar-bjj-vm\/#primaryimage"},"thumbnailUrl":"https:\/\/www.budokampsport.se\/wp-content\/uploads\/2022\/04\/baffounlindblad.jpg","datePublished":"2022-05-12T11:26:39+00:00","author":{"@id":"https:\/\/www.budokampsport.se\/#\/schema\/person\/d80c0bc61f1787703168fc250ce69522"},"description":"BJJ. Landslagets svartb\u00e4ltare kommer inte till start i Paris i helgen. (Foto: Privat)","breadcrumb":{"@id":"https:\/\/www.budokampsport.se\/2022\/05\/12\/lindblad-och-baffoun-missar-bjj-vm\/#breadcrumb"},"inLanguage":"sv-SE","potentialAction":[{"@type":"ReadAction","target":["https:\/\/www.budokampsport.se\/2022\/05\/12\/lindblad-och-baffoun-missar-bjj-vm\/"]}]},{"@type":"ImageObject","inLanguage":"sv-SE","@id":"https:\/\/www.budokampsport.se\/2022\/05\/12\/lindblad-och-baffoun-missar-bjj-vm\/#primaryimage","url":"https:\/\/www.budokampsport.se\/wp-content\/uploads\/2022\/04\/baffounlindblad.jpg","contentUrl":"https:\/\/www.budokampsport.se\/wp-content\/uploads\/2022\/04\/baffounlindblad.jpg","width":1200,"height":800,"caption":"Alexander Baffoun och Max Lindblad (BJJ). Foto: Privat. Montage: Mats Lilja."},{"@type":"BreadcrumbList","@id":"https:\/\/www.budokampsport.se\/2022\/05\/12\/lindblad-och-baffoun-missar-bjj-vm\/#breadcrumb","itemListElement":[{"@type":"ListItem","position":1,"name":"Hem","item":"https:\/\/www.budokampsport.se\/"},{"@type":"ListItem","position":2,"name":"Lindblad och Baffoun missar BJJ-VM"}]},{"@type":"WebSite","@id":"https:\/\/www.budokampsport.se\/#website","url":"https:\/\/www.budokampsport.se\/","name":"Svenska Budo &amp; Kampsportsf\u00f6rbundet","description":"T\u00e4vling, Tr\u00e4ning, Tradition","potentialAction":[{"@type":"SearchAction","target":{"@type":"EntryPoint","urlTemplate":"https:\/\/www.budokampsport.se\/?s={search_term_string}"},"query-input":{"@type":"PropertyValueSpecification","valueRequired":true,"valueName":"search_term_string"}}],"inLanguage":"sv-SE"},{"@type":"Person","@id":"https:\/\/www.budokampsport.se\/#\/schema\/person\/d80c0bc61f1787703168fc250ce69522","name":"Mats Lilja","image":{"@type":"ImageObject","inLanguage":"sv-SE","@id":"https:\/\/www.budokampsport.se\/#\/schema\/person\/image\/","url":"https:\/\/secure.gravatar.com\/avatar\/607f84918e96abe1ebbd8611782fa57d?s=96&d=blank&r=g","contentUrl":"https:\/\/secure.gravatar.com\/avatar\/607f84918e96abe1ebbd8611782fa57d?s=96&d=blank&r=g","caption":"Mats Lilja"},"url":"https:\/\/www.budokampsport.se\/author\/mats-lilja\/"}]}},"_links":{"self":[{"href":"https:\/\/www.budokampsport.se\/api\/wp\/v2\/posts\/139437","targetHints":{"allow":["GET"]}}],"collection":[{"href":"https:\/\/www.budokampsport.se\/api\/wp\/v2\/posts"}],"about":[{"href":"https:\/\/www.budokampsport.se\/api\/wp\/v2\/types\/post"}],"author":[{"embeddable":true,"href":"https:\/\/www.budokampsport.se\/api\/wp\/v2\/users\/914"}],"replies":[{"embeddable":true,"href":"https:\/\/www.budokampsport.se\/api\/wp\/v2\/comments?post=139437"}],"version-history":[{"count":0,"href":"https:\/\/www.budokampsport.se\/api\/wp\/v2\/posts\/139437\/revisions"}],"wp:featuredmedia":[{"embeddable":true,"href":"https:\/\/www.budokampsport.se\/api\/wp\/v2\/media\/138953"}],"wp:attachment":[{"href":"https:\/\/www.budokampsport.se\/api\/wp\/v2\/media?parent=139437"}],"wp:term":[{"taxonomy":"category","embeddable":true,"href":"https:\/\/www.budokampsport.se\/api\/wp\/v2\/categories?post=139437"},{"taxonomy":"post_tag","embeddable":true,"href":"https:\/\/www.budokampsport.se\/api\/wp\/v2\/tags?post=139437"}],"curies":[{"name":"wp","href":"https:\/\/api.w.org\/{rel}","templated":true}]}}