{"id":139716,"date":"2022-05-23T15:48:11","date_gmt":"2022-05-23T13:48:11","guid":{"rendered":"https:\/\/www.budokampsport.se\/?p=139716"},"modified":"2022-05-23T15:51:11","modified_gmt":"2022-05-23T13:51:11","slug":"dubbla-sm-guld-i-iaido-till-tobias-kandenberg","status":"publish","type":"post","link":"https:\/\/www.budokampsport.se\/2022\/05\/23\/dubbla-sm-guld-i-iaido-till-tobias-kandenberg\/","title":{"rendered":"Dubbla SM-guld i iaido till Tobias Kandenberg"},"content":{"rendered":"<p>SM i iaido h\u00f6lls i helgen i Folkungahallen i Link\u00f6ping, med <a href=\"https:\/\/www.linkopingbudo.se\/start\/?ID=113402\" target=\"_blank\" rel=\"noopener\">Link\u00f6pings Budoklubb<\/a> som arrangerande f\u00f6rening.<\/p>\n<p>M\u00e4sterskapet, <a href=\"https:\/\/www.budokampsport.se\/2019\/05\/20\/resultat-fran-sm-i-iaido-2\/\" target=\"_blank\" rel=\"noopener\">som var det f\u00f6rsta sedan 2019<\/a>, lockade 51 ut\u00f6vare fr\u00e5n 15 f\u00f6reningar. F\u00f6r Tobias Kandenberg innebar SM en fulltr\u00e4ff. Han vann individuellt guld i sandan-klassen (3 dan). Och tillsammans med Johan R\u00f6nndahl och Dennis Nilsson vann han guld i lagt\u00e4vlingen ocks\u00e5.<\/p>\n<p>&#8211; Lagguldet var n\u00e5got speciellt. Vi har tr\u00e4nat h\u00e5rt och att f\u00e5 uppleva den h\u00e4r framg\u00e5ngen tillsammans \u00e4r dubbel gl\u00e4dje. En otrolig k\u00e4nsla som \u00e4r v\u00e4ldigt sv\u00e5r att beskriva.<\/p>\n<p><a href=\"http:\/\/sbgbudo.se\/\" target=\"_blank\" rel=\"noopener\">S\u00f6lvesborgs Budos\u00e4llskap<\/a> n\u00f6jde sig inte med en lagmedalj. F\u00f6reningens andralag (Ulf Mohager, Per Brodin och Valdemar Sj\u00f6str\u00f6m) knep en bronsmedalj och fullbordade klubbens succ\u00e9-SM.<\/p>\n<p>&#8211; S\u00e5 klart otroligt stort att v\u00e5r f\u00f6rening vann tv\u00e5 lagmedaljer. Vi skrev lite klubbhistoria i helgen, helt klart.<\/p>\n<p>Tobias Kandenberg framh\u00e5ller sammanh\u00e5llningen och sensein (Matti Pajaujis) som stora delar i framg\u00e5ngen.<\/p>\n<p>&#8211; V\u00e5r sensei \u00e4r fantastisk och \u00e4r den st\u00f6rsta k\u00e4llan till v\u00e5ra framg\u00e5ngar. Sedan \u00e4r vi en ganska liten klubb men vi har en h\u00e4rlig st\u00e4mning. Vi tr\u00e4nar h\u00e5rt och bra, samtidigt som vi har extremt roligt ihop.<\/p>\n<h3>&#8220;Gel\u00e9ben, lite skakigt och k\u00e4nslosamt&#8221;<\/h3>\n<p>Kandenberg lyckades v\u00e4l \u00e4ven i det individuella t\u00e4vlandet och vann guld i den f\u00f6r honom relativt nya klassen sandan.<\/p>\n<p>&#8211; Det var ett speciellt m\u00e4sterskap p\u00e5 det s\u00e4ttet att man inte helt visste var de andra stod. Tidigare har man kunnat ha koll p\u00e5 sina konkurrenter men nu har det ju inte varit n\u00e5gra t\u00e4vlingar p\u00e5 det s\u00e4ttet. Jag var nerv\u00f6s inf\u00f6r SM, men nu \u00e4r det f\u00f6rst\u00e5s v\u00e4ldigt h\u00e4rligt. N\u00e4r man stod d\u00e4r efter finalen och v\u00e4ntade p\u00e5 domarnas resultat, det \u00e4r obeskrivligt n\u00e4r man f\u00e5r veta att det \u00e4r jag som har vunnit. Det \u00e4r gel\u00e9ben, lite skakigt och k\u00e4nslosamt. Det \u00e4r en fantastisk k\u00e4nsla, jag \u00e4r glad och lycklig.<\/p>\n<p>Nu v\u00e4ntar lite sommarledigt f\u00f6r Tobias Kandenberg.<\/p>\n<p>&#8211; Det kommer nog tr\u00e4nas en del i sommar ocks\u00e5, skrattar han.<\/p>\n<p>&#8211; M\u00e5let fram\u00f6ver \u00e4r att f\u00f6rhoppningsvis vara med i landslaget och att f\u00e5 \u00e5ka till EM i h\u00f6st. S\u00e5 det g\u00e4ller att forts\u00e4tta slipa p\u00e5 detaljer.<\/p>\n<h3>H\u00e4r \u00e4r samtliga medalj\u00f6rer fr\u00e5n SM<\/h3>\n<p>&nbsp;<\/p>\n<table style=\"border-collapse: collapse; width: 100%; height: 102px;\">\n<tbody>\n<tr style=\"height: 23px;\">\n<td style=\"height: 23px; width: 70%;\"><strong>MUDAN, ingen dangrad<\/strong><\/td>\n<\/tr>\n<tr style=\"height: 23px;\">\n<td style=\"height: 23px; width: 70%;\"><img loading=\"lazy\" decoding=\"async\" class=\" wp-image-139585 alignnone\" src=\"https:\/\/www.budokampsport.se\/wp-content\/uploads\/2022\/05\/medal_gold_nospace.png\" alt=\"Guldmedalj\" width=\"13\" height=\"20\" srcset=\"https:\/\/www.budokampsport.se\/wp-content\/uploads\/2022\/05\/medal_gold_nospace.png 150w, https:\/\/www.budokampsport.se\/wp-content\/uploads\/2022\/05\/medal_gold_nospace-95x137.png 95w\" sizes=\"auto, (max-width: 13px) 100vw, 13px\" \/> <strong>Filip Danielsson<\/strong>, FSKA<\/td>\n<\/tr>\n<tr style=\"height: 23px;\">\n<td style=\"height: 23px; width: 70%;\"><img loading=\"lazy\" decoding=\"async\" class=\" wp-image-139584 alignnone\" src=\"https:\/\/www.budokampsport.se\/wp-content\/uploads\/2022\/05\/medal_silver_nospace.png\" alt=\"Silvermedalj\" width=\"13\" height=\"20\" srcset=\"https:\/\/www.budokampsport.se\/wp-content\/uploads\/2022\/05\/medal_silver_nospace.png 150w, https:\/\/www.budokampsport.se\/wp-content\/uploads\/2022\/05\/medal_silver_nospace-95x137.png 95w\" sizes=\"auto, (max-width: 13px) 100vw, 13px\" \/>\u00a0<b>Valdemar Sj\u00f6str\u00f6m<\/b>, S\u00f6lvesborgs budos\u00e4llskap<\/td>\n<\/tr>\n<tr style=\"height: 23px;\">\n<td style=\"height: 23px; width: 70%;\"><img loading=\"lazy\" decoding=\"async\" class=\" wp-image-139583 alignnone\" src=\"https:\/\/www.budokampsport.se\/wp-content\/uploads\/2022\/05\/medal_bronze_nospace.png\" alt=\"Bronsmedalj\" width=\"13\" height=\"20\" srcset=\"https:\/\/www.budokampsport.se\/wp-content\/uploads\/2022\/05\/medal_bronze_nospace.png 150w, https:\/\/www.budokampsport.se\/wp-content\/uploads\/2022\/05\/medal_bronze_nospace-95x137.png 95w\" sizes=\"auto, (max-width: 13px) 100vw, 13px\" \/>\u00a0<b>Gabriel Persson<\/b>, Link\u00f6pings budoklubb<\/td>\n<\/tr>\n<tr style=\"height: 23px;\">\n<td style=\"height: 10px; width: 70%;\"><img loading=\"lazy\" decoding=\"async\" class=\" wp-image-139583 alignnone\" src=\"https:\/\/www.budokampsport.se\/wp-content\/uploads\/2022\/05\/medal_bronze_nospace.png\" alt=\"Bronsmedalj\" width=\"13\" height=\"20\" srcset=\"https:\/\/www.budokampsport.se\/wp-content\/uploads\/2022\/05\/medal_bronze_nospace.png 150w, https:\/\/www.budokampsport.se\/wp-content\/uploads\/2022\/05\/medal_bronze_nospace-95x137.png 95w\" sizes=\"auto, (max-width: 13px) 100vw, 13px\" \/>\u00a0<b>Petter Hedqvist<\/b>, V\u00e4sterviks judoklubb<\/td>\n<\/tr>\n<\/tbody>\n<\/table>\n<p>&nbsp;<\/p>\n<table style=\"border-collapse: collapse; width: 100%; height: 102px;\">\n<tbody>\n<tr style=\"height: 23px;\">\n<td style=\"height: 23px; width: 70%;\"><strong><b>SHODAN, 1 dan<\/b><\/strong><\/td>\n<\/tr>\n<tr style=\"height: 23px;\">\n<td style=\"height: 23px; width: 70%;\"><img loading=\"lazy\" decoding=\"async\" class=\" wp-image-139585 alignnone\" src=\"https:\/\/www.budokampsport.se\/wp-content\/uploads\/2022\/05\/medal_gold_nospace.png\" alt=\"Guldmedalj\" width=\"13\" height=\"20\" srcset=\"https:\/\/www.budokampsport.se\/wp-content\/uploads\/2022\/05\/medal_gold_nospace.png 150w, https:\/\/www.budokampsport.se\/wp-content\/uploads\/2022\/05\/medal_gold_nospace-95x137.png 95w\" sizes=\"auto, (max-width: 13px) 100vw, 13px\" \/> <strong>Peter Scherzenlehner<\/strong>, United Fighters IF<\/td>\n<\/tr>\n<tr style=\"height: 23px;\">\n<td style=\"height: 23px; width: 70%;\"><img loading=\"lazy\" decoding=\"async\" class=\" wp-image-139584 alignnone\" src=\"https:\/\/www.budokampsport.se\/wp-content\/uploads\/2022\/05\/medal_silver_nospace.png\" alt=\"Silvermedalj\" width=\"13\" height=\"20\" srcset=\"https:\/\/www.budokampsport.se\/wp-content\/uploads\/2022\/05\/medal_silver_nospace.png 150w, https:\/\/www.budokampsport.se\/wp-content\/uploads\/2022\/05\/medal_silver_nospace-95x137.png 95w\" sizes=\"auto, (max-width: 13px) 100vw, 13px\" \/> <strong>Carlos Garcia<\/strong>, FSKA<\/td>\n<\/tr>\n<tr style=\"height: 23px;\">\n<td style=\"height: 23px; width: 70%;\"><img loading=\"lazy\" decoding=\"async\" class=\" wp-image-139583 alignnone\" src=\"https:\/\/www.budokampsport.se\/wp-content\/uploads\/2022\/05\/medal_bronze_nospace.png\" alt=\"Bronsmedalj\" width=\"13\" height=\"20\" srcset=\"https:\/\/www.budokampsport.se\/wp-content\/uploads\/2022\/05\/medal_bronze_nospace.png 150w, https:\/\/www.budokampsport.se\/wp-content\/uploads\/2022\/05\/medal_bronze_nospace-95x137.png 95w\" sizes=\"auto, (max-width: 13px) 100vw, 13px\" \/> <strong>Mikael Persson Hill<\/strong>, G\u00f6teborgs budos\u00e4llskap Shobukan<\/td>\n<\/tr>\n<tr style=\"height: 23px;\">\n<td style=\"height: 10px; width: 70%;\"><img loading=\"lazy\" decoding=\"async\" class=\" wp-image-139583 alignnone\" src=\"https:\/\/www.budokampsport.se\/wp-content\/uploads\/2022\/05\/medal_bronze_nospace.png\" alt=\"Bronsmedalj\" width=\"13\" height=\"20\" srcset=\"https:\/\/www.budokampsport.se\/wp-content\/uploads\/2022\/05\/medal_bronze_nospace.png 150w, https:\/\/www.budokampsport.se\/wp-content\/uploads\/2022\/05\/medal_bronze_nospace-95x137.png 95w\" sizes=\"auto, (max-width: 13px) 100vw, 13px\" \/> <strong>Rasmus Hedin<\/strong>, Link\u00f6pings budoklubb<\/td>\n<\/tr>\n<\/tbody>\n<\/table>\n<p>&nbsp;<\/p>\n<table style=\"border-collapse: collapse; width: 100%; height: 69px;\">\n<tbody>\n<tr style=\"height: 23px;\">\n<td style=\"height: 23px; width: 70%;\"><strong><b>NIDAN, 2 dan\u00a0<\/b><\/strong><\/td>\n<\/tr>\n<tr style=\"height: 23px;\">\n<td style=\"height: 23px; width: 70%;\"><img loading=\"lazy\" decoding=\"async\" class=\" wp-image-139585 alignnone\" src=\"https:\/\/www.budokampsport.se\/wp-content\/uploads\/2022\/05\/medal_gold_nospace.png\" alt=\"Guldmedalj\" width=\"13\" height=\"20\" srcset=\"https:\/\/www.budokampsport.se\/wp-content\/uploads\/2022\/05\/medal_gold_nospace.png 150w, https:\/\/www.budokampsport.se\/wp-content\/uploads\/2022\/05\/medal_gold_nospace-95x137.png 95w\" sizes=\"auto, (max-width: 13px) 100vw, 13px\" \/> <strong>Christopher Pettersson<\/strong>, Shimbukan Skellefte\u00e5 budoklubb<\/td>\n<\/tr>\n<tr style=\"height: 23px;\">\n<td style=\"height: 23px; width: 70%;\"><img loading=\"lazy\" decoding=\"async\" class=\" wp-image-139584 alignnone\" src=\"https:\/\/www.budokampsport.se\/wp-content\/uploads\/2022\/05\/medal_silver_nospace.png\" alt=\"Silvermedalj\" width=\"13\" height=\"20\" srcset=\"https:\/\/www.budokampsport.se\/wp-content\/uploads\/2022\/05\/medal_silver_nospace.png 150w, https:\/\/www.budokampsport.se\/wp-content\/uploads\/2022\/05\/medal_silver_nospace-95x137.png 95w\" sizes=\"auto, (max-width: 13px) 100vw, 13px\" \/> <strong>Beatrice Edvardsson<\/strong>, Kensei kendo- och iaidoklubb<\/td>\n<\/tr>\n<\/tbody>\n<\/table>\n<p>&nbsp;<\/p>\n<table style=\"border-collapse: collapse; width: 100%; height: 102px;\">\n<tbody>\n<tr style=\"height: 23px;\">\n<td style=\"height: 23px; width: 70%;\"><b>SANDAN, 3 dan<\/b><\/td>\n<\/tr>\n<tr style=\"height: 23px;\">\n<td style=\"height: 23px; width: 70%;\"><img loading=\"lazy\" decoding=\"async\" class=\" wp-image-139585 alignnone\" src=\"https:\/\/www.budokampsport.se\/wp-content\/uploads\/2022\/05\/medal_gold_nospace.png\" alt=\"Guldmedalj\" width=\"13\" height=\"20\" srcset=\"https:\/\/www.budokampsport.se\/wp-content\/uploads\/2022\/05\/medal_gold_nospace.png 150w, https:\/\/www.budokampsport.se\/wp-content\/uploads\/2022\/05\/medal_gold_nospace-95x137.png 95w\" sizes=\"auto, (max-width: 13px) 100vw, 13px\" \/> <strong>Tobias Kandenberg<\/strong>, S\u00f6lvesborgs budos\u00e4llskap\u00a0<\/td>\n<\/tr>\n<tr style=\"height: 23px;\">\n<td style=\"height: 23px; width: 70%;\"><img loading=\"lazy\" decoding=\"async\" class=\" wp-image-139584 alignnone\" src=\"https:\/\/www.budokampsport.se\/wp-content\/uploads\/2022\/05\/medal_silver_nospace.png\" alt=\"Silvermedalj\" width=\"13\" height=\"20\" srcset=\"https:\/\/www.budokampsport.se\/wp-content\/uploads\/2022\/05\/medal_silver_nospace.png 150w, https:\/\/www.budokampsport.se\/wp-content\/uploads\/2022\/05\/medal_silver_nospace-95x137.png 95w\" sizes=\"auto, (max-width: 13px) 100vw, 13px\" \/> <strong>Oscar Nilz\u00e9n<\/strong>, G\u00f6teborgs budos\u00e4llskap Shobukan<\/td>\n<\/tr>\n<tr style=\"height: 23px;\">\n<td style=\"height: 23px; width: 70%;\"><img loading=\"lazy\" decoding=\"async\" class=\" wp-image-139583 alignnone\" src=\"https:\/\/www.budokampsport.se\/wp-content\/uploads\/2022\/05\/medal_bronze_nospace.png\" alt=\"Bronsmedalj\" width=\"13\" height=\"20\" srcset=\"https:\/\/www.budokampsport.se\/wp-content\/uploads\/2022\/05\/medal_bronze_nospace.png 150w, https:\/\/www.budokampsport.se\/wp-content\/uploads\/2022\/05\/medal_bronze_nospace-95x137.png 95w\" sizes=\"auto, (max-width: 13px) 100vw, 13px\" \/> <strong>Theo Bergqvist<\/strong>, FSKA<\/td>\n<\/tr>\n<tr style=\"height: 23px;\">\n<td style=\"height: 10px; width: 70%;\"><img loading=\"lazy\" decoding=\"async\" class=\" wp-image-139583 alignnone\" src=\"https:\/\/www.budokampsport.se\/wp-content\/uploads\/2022\/05\/medal_bronze_nospace.png\" alt=\"Bronsmedalj\" width=\"13\" height=\"20\" srcset=\"https:\/\/www.budokampsport.se\/wp-content\/uploads\/2022\/05\/medal_bronze_nospace.png 150w, https:\/\/www.budokampsport.se\/wp-content\/uploads\/2022\/05\/medal_bronze_nospace-95x137.png 95w\" sizes=\"auto, (max-width: 13px) 100vw, 13px\" \/> <strong>Dennis Nilsson<\/strong>, S\u00f6lvesborgs budos\u00e4llskap<\/td>\n<\/tr>\n<\/tbody>\n<\/table>\n<p>&nbsp;<\/p>\n<table style=\"border-collapse: collapse; width: 100%; height: 102px;\">\n<tbody>\n<tr style=\"height: 23px;\">\n<td style=\"height: 23px; width: 70%;\"><b>YONDAN, 4 dan<\/b><\/td>\n<\/tr>\n<tr style=\"height: 23px;\">\n<td style=\"height: 23px; width: 70%;\"><img loading=\"lazy\" decoding=\"async\" class=\" wp-image-139585 alignnone\" src=\"https:\/\/www.budokampsport.se\/wp-content\/uploads\/2022\/05\/medal_gold_nospace.png\" alt=\"Guldmedalj\" width=\"13\" height=\"20\" srcset=\"https:\/\/www.budokampsport.se\/wp-content\/uploads\/2022\/05\/medal_gold_nospace.png 150w, https:\/\/www.budokampsport.se\/wp-content\/uploads\/2022\/05\/medal_gold_nospace-95x137.png 95w\" sizes=\"auto, (max-width: 13px) 100vw, 13px\" \/> <strong>Patrik Karlsson<\/strong>, Link\u00f6pings budoklubb<\/td>\n<\/tr>\n<tr style=\"height: 23px;\">\n<td style=\"height: 23px; width: 70%;\"><img loading=\"lazy\" decoding=\"async\" class=\" wp-image-139584 alignnone\" src=\"https:\/\/www.budokampsport.se\/wp-content\/uploads\/2022\/05\/medal_silver_nospace.png\" alt=\"Silvermedalj\" width=\"13\" height=\"20\" srcset=\"https:\/\/www.budokampsport.se\/wp-content\/uploads\/2022\/05\/medal_silver_nospace.png 150w, https:\/\/www.budokampsport.se\/wp-content\/uploads\/2022\/05\/medal_silver_nospace-95x137.png 95w\" sizes=\"auto, (max-width: 13px) 100vw, 13px\" \/> <strong>Anna-Lena Waldest\u00e5<\/strong>l, G\u00f6teborgs budos\u00e4llskap Shobukan<\/td>\n<\/tr>\n<tr style=\"height: 23px;\">\n<td style=\"height: 23px; width: 70%;\"><img loading=\"lazy\" decoding=\"async\" class=\" wp-image-139583 alignnone\" src=\"https:\/\/www.budokampsport.se\/wp-content\/uploads\/2022\/05\/medal_bronze_nospace.png\" alt=\"Bronsmedalj\" width=\"13\" height=\"20\" srcset=\"https:\/\/www.budokampsport.se\/wp-content\/uploads\/2022\/05\/medal_bronze_nospace.png 150w, https:\/\/www.budokampsport.se\/wp-content\/uploads\/2022\/05\/medal_bronze_nospace-95x137.png 95w\" sizes=\"auto, (max-width: 13px) 100vw, 13px\" \/> <strong>Gabriel Gr\u00fcnberg<\/strong>, Komaki iai kendof\u00f6rening<\/td>\n<\/tr>\n<tr style=\"height: 23px;\">\n<td style=\"height: 10px; width: 70%;\"><img loading=\"lazy\" decoding=\"async\" class=\" wp-image-139583 alignnone\" src=\"https:\/\/www.budokampsport.se\/wp-content\/uploads\/2022\/05\/medal_bronze_nospace.png\" alt=\"Bronsmedalj\" width=\"13\" height=\"20\" srcset=\"https:\/\/www.budokampsport.se\/wp-content\/uploads\/2022\/05\/medal_bronze_nospace.png 150w, https:\/\/www.budokampsport.se\/wp-content\/uploads\/2022\/05\/medal_bronze_nospace-95x137.png 95w\" sizes=\"auto, (max-width: 13px) 100vw, 13px\" \/> <strong>Johan R\u00f6nndahl<\/strong>, S\u00f6lvesborgs budos\u00e4llskap<\/td>\n<\/tr>\n<\/tbody>\n<\/table>\n<p>&nbsp;<\/p>\n<table style=\"border-collapse: collapse; width: 100%; height: 102px;\">\n<tbody>\n<tr style=\"height: 23px;\">\n<td style=\"height: 23px; width: 70%;\"><b>GODAN, 5 dan<\/b><\/td>\n<\/tr>\n<tr style=\"height: 23px;\">\n<td style=\"height: 23px; width: 70%;\"><img loading=\"lazy\" decoding=\"async\" class=\" wp-image-139585 alignnone\" src=\"https:\/\/www.budokampsport.se\/wp-content\/uploads\/2022\/05\/medal_gold_nospace.png\" alt=\"Guldmedalj\" width=\"13\" height=\"20\" srcset=\"https:\/\/www.budokampsport.se\/wp-content\/uploads\/2022\/05\/medal_gold_nospace.png 150w, https:\/\/www.budokampsport.se\/wp-content\/uploads\/2022\/05\/medal_gold_nospace-95x137.png 95w\" sizes=\"auto, (max-width: 13px) 100vw, 13px\" \/> <strong>Jesper Waldest\u00e5l<\/strong>, G\u00f6teborgs budos\u00e4llskap Shobukan<\/td>\n<\/tr>\n<tr style=\"height: 23px;\">\n<td style=\"height: 23px; width: 70%;\"><img loading=\"lazy\" decoding=\"async\" class=\" wp-image-139584 alignnone\" src=\"https:\/\/www.budokampsport.se\/wp-content\/uploads\/2022\/05\/medal_silver_nospace.png\" alt=\"Silvermedalj\" width=\"13\" height=\"20\" srcset=\"https:\/\/www.budokampsport.se\/wp-content\/uploads\/2022\/05\/medal_silver_nospace.png 150w, https:\/\/www.budokampsport.se\/wp-content\/uploads\/2022\/05\/medal_silver_nospace-95x137.png 95w\" sizes=\"auto, (max-width: 13px) 100vw, 13px\" \/> <strong>Sida Yin<\/strong>, FSKA<\/td>\n<\/tr>\n<tr style=\"height: 23px;\">\n<td style=\"height: 23px; width: 70%;\"><img loading=\"lazy\" decoding=\"async\" class=\" wp-image-139583 alignnone\" src=\"https:\/\/www.budokampsport.se\/wp-content\/uploads\/2022\/05\/medal_bronze_nospace.png\" alt=\"Bronsmedalj\" width=\"13\" height=\"20\" srcset=\"https:\/\/www.budokampsport.se\/wp-content\/uploads\/2022\/05\/medal_bronze_nospace.png 150w, https:\/\/www.budokampsport.se\/wp-content\/uploads\/2022\/05\/medal_bronze_nospace-95x137.png 95w\" sizes=\"auto, (max-width: 13px) 100vw, 13px\" \/> <strong>Simon Bleiker<\/strong>, FSKA<\/td>\n<\/tr>\n<tr style=\"height: 23px;\">\n<td style=\"height: 10px; width: 70%;\"><img loading=\"lazy\" decoding=\"async\" class=\" wp-image-139583 alignnone\" src=\"https:\/\/www.budokampsport.se\/wp-content\/uploads\/2022\/05\/medal_bronze_nospace.png\" alt=\"Bronsmedalj\" width=\"13\" height=\"20\" srcset=\"https:\/\/www.budokampsport.se\/wp-content\/uploads\/2022\/05\/medal_bronze_nospace.png 150w, https:\/\/www.budokampsport.se\/wp-content\/uploads\/2022\/05\/medal_bronze_nospace-95x137.png 95w\" sizes=\"auto, (max-width: 13px) 100vw, 13px\" \/> <strong>Mattias Jansson<\/strong>, Link\u00f6pings budoklubb<\/td>\n<\/tr>\n<\/tbody>\n<\/table>\n<p>&nbsp;<\/p>\n<table style=\"border-collapse: collapse; width: 100%; height: 89px;\">\n<tbody>\n<tr style=\"height: 23px;\">\n<td style=\"height: 23px; width: 70%;\"><b>LAGT\u00c4VLING<\/b><\/td>\n<\/tr>\n<tr style=\"height: 23px;\">\n<td style=\"height: 10px; width: 70%;\">\n<p><img loading=\"lazy\" decoding=\"async\" class=\" wp-image-139585 alignnone\" src=\"https:\/\/www.budokampsport.se\/wp-content\/uploads\/2022\/05\/medal_gold_nospace.png\" alt=\"Guldmedalj\" width=\"13\" height=\"20\" srcset=\"https:\/\/www.budokampsport.se\/wp-content\/uploads\/2022\/05\/medal_gold_nospace.png 150w, https:\/\/www.budokampsport.se\/wp-content\/uploads\/2022\/05\/medal_gold_nospace-95x137.png 95w\" sizes=\"auto, (max-width: 13px) 100vw, 13px\" \/>\u00a0<b>S\u00f6lvesborgs budos\u00e4llskap 1\u00a0<br \/>\n<\/b>Johan R\u00f6nndahl<b><strong><br \/>\n<\/strong><\/b>Tobias Kandenberg<br \/>\nDennis Nilsson<b><strong><br \/>\n<\/strong><\/b><\/p>\n<\/td>\n<\/tr>\n<tr style=\"height: 23px;\">\n<td style=\"height: 23px; width: 70%;\">\n<p><img loading=\"lazy\" decoding=\"async\" class=\" wp-image-139584 alignnone\" src=\"https:\/\/www.budokampsport.se\/wp-content\/uploads\/2022\/05\/medal_silver_nospace.png\" alt=\"Silvermedalj\" width=\"13\" height=\"20\" srcset=\"https:\/\/www.budokampsport.se\/wp-content\/uploads\/2022\/05\/medal_silver_nospace.png 150w, https:\/\/www.budokampsport.se\/wp-content\/uploads\/2022\/05\/medal_silver_nospace-95x137.png 95w\" sizes=\"auto, (max-width: 13px) 100vw, 13px\" \/>\u00a0<b>Link\u00f6pings budoklubb 1<br \/>\n<\/b>Patrik Karlsson<br \/>\nAvni Abdiu<br \/>\nCarl Kaner\u00f6d<b><br \/>\n<\/b><\/p>\n<\/td>\n<\/tr>\n<tr style=\"height: 23px;\">\n<td style=\"height: 23px; width: 70%;\">\n<p><img loading=\"lazy\" decoding=\"async\" class=\" wp-image-139583 alignnone\" src=\"https:\/\/www.budokampsport.se\/wp-content\/uploads\/2022\/05\/medal_bronze_nospace.png\" alt=\"Bronsmedalj\" width=\"13\" height=\"20\" srcset=\"https:\/\/www.budokampsport.se\/wp-content\/uploads\/2022\/05\/medal_bronze_nospace.png 150w, https:\/\/www.budokampsport.se\/wp-content\/uploads\/2022\/05\/medal_bronze_nospace-95x137.png 95w\" sizes=\"auto, (max-width: 13px) 100vw, 13px\" \/>\u00a0<b>FSKA<br \/>\n<\/b>Jessica Stringer Bodin<br \/>\nCarlos Garcia<br \/>\nFilip Danielsson<b><br \/>\n<\/b><\/p>\n<\/td>\n<\/tr>\n<tr style=\"height: 23px;\">\n<td style=\"height: 10px; width: 70%;\">\n<p><img loading=\"lazy\" decoding=\"async\" class=\" wp-image-139583 alignnone\" src=\"https:\/\/www.budokampsport.se\/wp-content\/uploads\/2022\/05\/medal_bronze_nospace.png\" alt=\"Bronsmedalj\" width=\"13\" height=\"20\" srcset=\"https:\/\/www.budokampsport.se\/wp-content\/uploads\/2022\/05\/medal_bronze_nospace.png 150w, https:\/\/www.budokampsport.se\/wp-content\/uploads\/2022\/05\/medal_bronze_nospace-95x137.png 95w\" sizes=\"auto, (max-width: 13px) 100vw, 13px\" \/>\u00a0<b>S\u00f6lvesborgs budos\u00e4llskap 2<br \/>\n<\/b>Ulf Mohager<br \/>\nPer Brodin<br \/>\nValdemar Sj\u00f6str\u00f6m<b><br \/>\n<\/b><\/p>\n<\/td>\n<\/tr>\n<\/tbody>\n<\/table>\n<p>&nbsp;<\/p>\n<table style=\"border-collapse: collapse; width: 100%; height: 33px;\">\n<tbody>\n<tr style=\"height: 23px;\">\n<td style=\"height: 23px; width: 100%;\"><b>Fighting spirit, individuellt<\/b><\/td>\n<\/tr>\n<tr style=\"height: 23px;\">\n<td style=\"height: 10px; width: 100%;\"><img loading=\"lazy\" decoding=\"async\" class=\"size-full wp-image-122883 alignnone\" src=\"https:\/\/www.budokampsport.se\/wp-content\/uploads\/2020\/11\/sweden-flag-icon-16.png\" alt=\"Sveriges flagga\" width=\"16\" height=\"10\" \/> <strong>Nicolai Lindh<\/strong>, Honto iaidoklubb<\/td>\n<\/tr>\n<\/tbody>\n<\/table>\n<p>&nbsp;<\/p>\n<table style=\"border-collapse: collapse; width: 100%; height: 33px;\">\n<tbody>\n<tr style=\"height: 23px;\">\n<td style=\"height: 23px; width: 70%;\"><b>Fighting spirit, lag<\/b><\/td>\n<\/tr>\n<tr style=\"height: 23px;\">\n<td style=\"height: 10px; width: 70%;\"><img loading=\"lazy\" decoding=\"async\" class=\"size-full wp-image-122883 alignnone\" src=\"https:\/\/www.budokampsport.se\/wp-content\/uploads\/2020\/11\/sweden-flag-icon-16.png\" alt=\"Sveriges flagga\" width=\"16\" height=\"10\" \/> <strong>Jessica Stringer Bodin<\/strong>, FSKA<\/td>\n<\/tr>\n<\/tbody>\n<\/table>\n<p>&nbsp;<\/p>\n<p>Text: Jonathan Broberg<br \/>\nFoto: Carl Bruce<\/p>\n","protected":false},"excerpt":{"rendered":"<p>IAIDO. Under helgen avgjordes SM i iaido i Folkungahallen i Link\u00f6ping. Det gick bra f\u00f6r S\u00f6lvesborgs budoklubb, som vann guldet i lagt\u00e4vlingen och \u00e4ven vann ett individuellt guld i sandan-klassen genom Tobias Kandenberg (bilden).<br \/><br>&#8211; Det \u00e4r en fantastisk k\u00e4nsla, jag \u00e4r glad och lycklig, s\u00e4ger han till budokampsport.se<br \/><br>(Foto: Carl Bruce)<\/p><br>","protected":false},"author":7,"featured_media":139724,"comment_status":"open","ping_status":"open","sticky":false,"template":"","format":"standard","meta":{"_acf_changed":false,"footnotes":""},"categories":[1],"tags":[],"class_list":["post-139716","post","type-post","status-publish","format-standard","has-post-thumbnail","hentry","category-okategoriserade"],"acf":[],"yoast_head":"<!-- This site is optimized with the Yoast SEO plugin v26.8 - https:\/\/yoast.com\/product\/yoast-seo-wordpress\/ -->\n<title>Dubbla SM-guld i iaido till Tobias Kandenberg - Svenska Budo &amp; Kampsportsf\u00f6rbundet<\/title>\n<meta name=\"description\" content=\"IAIDO. Under helgen avgjordes SM i iaido i Folkungahallen i Link\u00f6ping. Det gick bra f\u00f6r S\u00f6lvesborgs budoklubb, som vann guldet i lagt\u00e4vlingen och \u00e4ven vann ett individuellt guld i sandan-klassen genom Tobias Kandenberg (bilden). - Det \u00e4r en fantastisk k\u00e4nsla, jag \u00e4r glad och lycklig, s\u00e4ger han till budokampsport.se (Foto: Carl Bruce)\" \/>\n<meta name=\"robots\" content=\"index, follow, max-snippet:-1, max-image-preview:large, max-video-preview:-1\" \/>\n<link rel=\"canonical\" href=\"https:\/\/www.budokampsport.se\/2022\/05\/23\/dubbla-sm-guld-i-iaido-till-tobias-kandenberg\/\" \/>\n<meta property=\"og:locale\" content=\"sv_SE\" \/>\n<meta property=\"og:type\" content=\"article\" \/>\n<meta property=\"og:title\" content=\"Dubbla SM-guld i iaido till Tobias Kandenberg - Svenska Budo &amp; Kampsportsf\u00f6rbundet\" \/>\n<meta property=\"og:description\" content=\"IAIDO. Under helgen avgjordes SM i iaido i Folkungahallen i Link\u00f6ping. Det gick bra f\u00f6r S\u00f6lvesborgs budoklubb, som vann guldet i lagt\u00e4vlingen och \u00e4ven vann ett individuellt guld i sandan-klassen genom Tobias Kandenberg (bilden). - Det \u00e4r en fantastisk k\u00e4nsla, jag \u00e4r glad och lycklig, s\u00e4ger han till budokampsport.se (Foto: Carl Bruce)\" \/>\n<meta property=\"og:url\" content=\"https:\/\/www.budokampsport.se\/2022\/05\/23\/dubbla-sm-guld-i-iaido-till-tobias-kandenberg\/\" \/>\n<meta property=\"og:site_name\" content=\"Svenska Budo &amp; Kampsportsf\u00f6rbundet\" \/>\n<meta property=\"article:author\" content=\"https:\/\/www.facebook.com\/jonathan.broberg.7\" \/>\n<meta property=\"article:published_time\" content=\"2022-05-23T13:48:11+00:00\" \/>\n<meta property=\"article:modified_time\" content=\"2022-05-23T13:51:11+00:00\" \/>\n<meta property=\"og:image\" content=\"https:\/\/www.budokampsport.se\/wp-content\/uploads\/2022\/05\/tobias-kandenberg.jpg\" \/>\n\t<meta property=\"og:image:width\" content=\"850\" \/>\n\t<meta property=\"og:image:height\" content=\"583\" \/>\n\t<meta property=\"og:image:type\" content=\"image\/jpeg\" \/>\n<meta name=\"author\" content=\"Jonathan Broberg\" \/>\n<meta name=\"twitter:card\" content=\"summary_large_image\" \/>\n<meta name=\"twitter:label1\" content=\"Skriven av\" \/>\n\t<meta name=\"twitter:data1\" content=\"Jonathan Broberg\" \/>\n\t<meta name=\"twitter:label2\" content=\"Ber\u00e4knad l\u00e4stid\" \/>\n\t<meta name=\"twitter:data2\" content=\"3 minuter\" \/>\n<script type=\"application\/ld+json\" class=\"yoast-schema-graph\">{\"@context\":\"https:\/\/schema.org\",\"@graph\":[{\"@type\":\"Article\",\"@id\":\"https:\/\/www.budokampsport.se\/2022\/05\/23\/dubbla-sm-guld-i-iaido-till-tobias-kandenberg\/#article\",\"isPartOf\":{\"@id\":\"https:\/\/www.budokampsport.se\/2022\/05\/23\/dubbla-sm-guld-i-iaido-till-tobias-kandenberg\/\"},\"author\":{\"name\":\"Jonathan Broberg\",\"@id\":\"https:\/\/www.budokampsport.se\/#\/schema\/person\/5c06d81d14850e2a8ce5493386560145\"},\"headline\":\"Dubbla SM-guld i iaido till Tobias Kandenberg\",\"datePublished\":\"2022-05-23T13:48:11+00:00\",\"dateModified\":\"2022-05-23T13:51:11+00:00\",\"mainEntityOfPage\":{\"@id\":\"https:\/\/www.budokampsport.se\/2022\/05\/23\/dubbla-sm-guld-i-iaido-till-tobias-kandenberg\/\"},\"wordCount\":639,\"commentCount\":0,\"image\":{\"@id\":\"https:\/\/www.budokampsport.se\/2022\/05\/23\/dubbla-sm-guld-i-iaido-till-tobias-kandenberg\/#primaryimage\"},\"thumbnailUrl\":\"https:\/\/www.budokampsport.se\/wp-content\/uploads\/2022\/05\/tobias-kandenberg.jpg\",\"inLanguage\":\"sv-SE\",\"potentialAction\":[{\"@type\":\"CommentAction\",\"name\":\"Comment\",\"target\":[\"https:\/\/www.budokampsport.se\/2022\/05\/23\/dubbla-sm-guld-i-iaido-till-tobias-kandenberg\/#respond\"]}]},{\"@type\":\"WebPage\",\"@id\":\"https:\/\/www.budokampsport.se\/2022\/05\/23\/dubbla-sm-guld-i-iaido-till-tobias-kandenberg\/\",\"url\":\"https:\/\/www.budokampsport.se\/2022\/05\/23\/dubbla-sm-guld-i-iaido-till-tobias-kandenberg\/\",\"name\":\"Dubbla SM-guld i iaido till Tobias Kandenberg - Svenska Budo &amp; Kampsportsf\u00f6rbundet\",\"isPartOf\":{\"@id\":\"https:\/\/www.budokampsport.se\/#website\"},\"primaryImageOfPage\":{\"@id\":\"https:\/\/www.budokampsport.se\/2022\/05\/23\/dubbla-sm-guld-i-iaido-till-tobias-kandenberg\/#primaryimage\"},\"image\":{\"@id\":\"https:\/\/www.budokampsport.se\/2022\/05\/23\/dubbla-sm-guld-i-iaido-till-tobias-kandenberg\/#primaryimage\"},\"thumbnailUrl\":\"https:\/\/www.budokampsport.se\/wp-content\/uploads\/2022\/05\/tobias-kandenberg.jpg\",\"datePublished\":\"2022-05-23T13:48:11+00:00\",\"dateModified\":\"2022-05-23T13:51:11+00:00\",\"author\":{\"@id\":\"https:\/\/www.budokampsport.se\/#\/schema\/person\/5c06d81d14850e2a8ce5493386560145\"},\"description\":\"IAIDO. Under helgen avgjordes SM i iaido i Folkungahallen i Link\u00f6ping. Det gick bra f\u00f6r S\u00f6lvesborgs budoklubb, som vann guldet i lagt\u00e4vlingen och \u00e4ven vann ett individuellt guld i sandan-klassen genom Tobias Kandenberg (bilden). - Det \u00e4r en fantastisk k\u00e4nsla, jag \u00e4r glad och lycklig, s\u00e4ger han till budokampsport.se (Foto: Carl Bruce)\",\"breadcrumb\":{\"@id\":\"https:\/\/www.budokampsport.se\/2022\/05\/23\/dubbla-sm-guld-i-iaido-till-tobias-kandenberg\/#breadcrumb\"},\"inLanguage\":\"sv-SE\",\"potentialAction\":[{\"@type\":\"ReadAction\",\"target\":[\"https:\/\/www.budokampsport.se\/2022\/05\/23\/dubbla-sm-guld-i-iaido-till-tobias-kandenberg\/\"]}]},{\"@type\":\"ImageObject\",\"inLanguage\":\"sv-SE\",\"@id\":\"https:\/\/www.budokampsport.se\/2022\/05\/23\/dubbla-sm-guld-i-iaido-till-tobias-kandenberg\/#primaryimage\",\"url\":\"https:\/\/www.budokampsport.se\/wp-content\/uploads\/2022\/05\/tobias-kandenberg.jpg\",\"contentUrl\":\"https:\/\/www.budokampsport.se\/wp-content\/uploads\/2022\/05\/tobias-kandenberg.jpg\",\"width\":850,\"height\":583,\"caption\":\"Foto: Carl Bruce\"},{\"@type\":\"BreadcrumbList\",\"@id\":\"https:\/\/www.budokampsport.se\/2022\/05\/23\/dubbla-sm-guld-i-iaido-till-tobias-kandenberg\/#breadcrumb\",\"itemListElement\":[{\"@type\":\"ListItem\",\"position\":1,\"name\":\"Hem\",\"item\":\"https:\/\/www.budokampsport.se\/\"},{\"@type\":\"ListItem\",\"position\":2,\"name\":\"Dubbla SM-guld i iaido till Tobias Kandenberg\"}]},{\"@type\":\"WebSite\",\"@id\":\"https:\/\/www.budokampsport.se\/#website\",\"url\":\"https:\/\/www.budokampsport.se\/\",\"name\":\"Svenska Budo &amp; Kampsportsf\u00f6rbundet\",\"description\":\"T\u00e4vling, Tr\u00e4ning, Tradition\",\"potentialAction\":[{\"@type\":\"SearchAction\",\"target\":{\"@type\":\"EntryPoint\",\"urlTemplate\":\"https:\/\/www.budokampsport.se\/?s={search_term_string}\"},\"query-input\":{\"@type\":\"PropertyValueSpecification\",\"valueRequired\":true,\"valueName\":\"search_term_string\"}}],\"inLanguage\":\"sv-SE\"},{\"@type\":\"Person\",\"@id\":\"https:\/\/www.budokampsport.se\/#\/schema\/person\/5c06d81d14850e2a8ce5493386560145\",\"name\":\"Jonathan Broberg\",\"image\":{\"@type\":\"ImageObject\",\"inLanguage\":\"sv-SE\",\"@id\":\"https:\/\/www.budokampsport.se\/#\/schema\/person\/image\/\",\"url\":\"https:\/\/secure.gravatar.com\/avatar\/a58041c6cea9128bd9c40ee2f26d4136?s=96&d=blank&r=g\",\"contentUrl\":\"https:\/\/secure.gravatar.com\/avatar\/a58041c6cea9128bd9c40ee2f26d4136?s=96&d=blank&r=g\",\"caption\":\"Jonathan Broberg\"},\"sameAs\":[\"https:\/\/www.facebook.com\/jonathan.broberg.7\"],\"url\":\"https:\/\/www.budokampsport.se\/author\/jonathan\/\"}]}<\/script>\n<!-- \/ Yoast SEO plugin. -->","yoast_head_json":{"title":"Dubbla SM-guld i iaido till Tobias Kandenberg - Svenska Budo &amp; Kampsportsf\u00f6rbundet","description":"IAIDO. Under helgen avgjordes SM i iaido i Folkungahallen i Link\u00f6ping. Det gick bra f\u00f6r S\u00f6lvesborgs budoklubb, som vann guldet i lagt\u00e4vlingen och \u00e4ven vann ett individuellt guld i sandan-klassen genom Tobias Kandenberg (bilden). - Det \u00e4r en fantastisk k\u00e4nsla, jag \u00e4r glad och lycklig, s\u00e4ger han till budokampsport.se (Foto: Carl Bruce)","robots":{"index":"index","follow":"follow","max-snippet":"max-snippet:-1","max-image-preview":"max-image-preview:large","max-video-preview":"max-video-preview:-1"},"canonical":"https:\/\/www.budokampsport.se\/2022\/05\/23\/dubbla-sm-guld-i-iaido-till-tobias-kandenberg\/","og_locale":"sv_SE","og_type":"article","og_title":"Dubbla SM-guld i iaido till Tobias Kandenberg - Svenska Budo &amp; Kampsportsf\u00f6rbundet","og_description":"IAIDO. Under helgen avgjordes SM i iaido i Folkungahallen i Link\u00f6ping. Det gick bra f\u00f6r S\u00f6lvesborgs budoklubb, som vann guldet i lagt\u00e4vlingen och \u00e4ven vann ett individuellt guld i sandan-klassen genom Tobias Kandenberg (bilden). - Det \u00e4r en fantastisk k\u00e4nsla, jag \u00e4r glad och lycklig, s\u00e4ger han till budokampsport.se (Foto: Carl Bruce)","og_url":"https:\/\/www.budokampsport.se\/2022\/05\/23\/dubbla-sm-guld-i-iaido-till-tobias-kandenberg\/","og_site_name":"Svenska Budo &amp; Kampsportsf\u00f6rbundet","article_author":"https:\/\/www.facebook.com\/jonathan.broberg.7","article_published_time":"2022-05-23T13:48:11+00:00","article_modified_time":"2022-05-23T13:51:11+00:00","og_image":[{"width":850,"height":583,"url":"https:\/\/www.budokampsport.se\/wp-content\/uploads\/2022\/05\/tobias-kandenberg.jpg","type":"image\/jpeg"}],"author":"Jonathan Broberg","twitter_card":"summary_large_image","twitter_misc":{"Skriven av":"Jonathan Broberg","Ber\u00e4knad l\u00e4stid":"3 minuter"},"schema":{"@context":"https:\/\/schema.org","@graph":[{"@type":"Article","@id":"https:\/\/www.budokampsport.se\/2022\/05\/23\/dubbla-sm-guld-i-iaido-till-tobias-kandenberg\/#article","isPartOf":{"@id":"https:\/\/www.budokampsport.se\/2022\/05\/23\/dubbla-sm-guld-i-iaido-till-tobias-kandenberg\/"},"author":{"name":"Jonathan Broberg","@id":"https:\/\/www.budokampsport.se\/#\/schema\/person\/5c06d81d14850e2a8ce5493386560145"},"headline":"Dubbla SM-guld i iaido till Tobias Kandenberg","datePublished":"2022-05-23T13:48:11+00:00","dateModified":"2022-05-23T13:51:11+00:00","mainEntityOfPage":{"@id":"https:\/\/www.budokampsport.se\/2022\/05\/23\/dubbla-sm-guld-i-iaido-till-tobias-kandenberg\/"},"wordCount":639,"commentCount":0,"image":{"@id":"https:\/\/www.budokampsport.se\/2022\/05\/23\/dubbla-sm-guld-i-iaido-till-tobias-kandenberg\/#primaryimage"},"thumbnailUrl":"https:\/\/www.budokampsport.se\/wp-content\/uploads\/2022\/05\/tobias-kandenberg.jpg","inLanguage":"sv-SE","potentialAction":[{"@type":"CommentAction","name":"Comment","target":["https:\/\/www.budokampsport.se\/2022\/05\/23\/dubbla-sm-guld-i-iaido-till-tobias-kandenberg\/#respond"]}]},{"@type":"WebPage","@id":"https:\/\/www.budokampsport.se\/2022\/05\/23\/dubbla-sm-guld-i-iaido-till-tobias-kandenberg\/","url":"https:\/\/www.budokampsport.se\/2022\/05\/23\/dubbla-sm-guld-i-iaido-till-tobias-kandenberg\/","name":"Dubbla SM-guld i iaido till Tobias Kandenberg - Svenska Budo &amp; Kampsportsf\u00f6rbundet","isPartOf":{"@id":"https:\/\/www.budokampsport.se\/#website"},"primaryImageOfPage":{"@id":"https:\/\/www.budokampsport.se\/2022\/05\/23\/dubbla-sm-guld-i-iaido-till-tobias-kandenberg\/#primaryimage"},"image":{"@id":"https:\/\/www.budokampsport.se\/2022\/05\/23\/dubbla-sm-guld-i-iaido-till-tobias-kandenberg\/#primaryimage"},"thumbnailUrl":"https:\/\/www.budokampsport.se\/wp-content\/uploads\/2022\/05\/tobias-kandenberg.jpg","datePublished":"2022-05-23T13:48:11+00:00","dateModified":"2022-05-23T13:51:11+00:00","author":{"@id":"https:\/\/www.budokampsport.se\/#\/schema\/person\/5c06d81d14850e2a8ce5493386560145"},"description":"IAIDO. Under helgen avgjordes SM i iaido i Folkungahallen i Link\u00f6ping. Det gick bra f\u00f6r S\u00f6lvesborgs budoklubb, som vann guldet i lagt\u00e4vlingen och \u00e4ven vann ett individuellt guld i sandan-klassen genom Tobias Kandenberg (bilden). - Det \u00e4r en fantastisk k\u00e4nsla, jag \u00e4r glad och lycklig, s\u00e4ger han till budokampsport.se (Foto: Carl Bruce)","breadcrumb":{"@id":"https:\/\/www.budokampsport.se\/2022\/05\/23\/dubbla-sm-guld-i-iaido-till-tobias-kandenberg\/#breadcrumb"},"inLanguage":"sv-SE","potentialAction":[{"@type":"ReadAction","target":["https:\/\/www.budokampsport.se\/2022\/05\/23\/dubbla-sm-guld-i-iaido-till-tobias-kandenberg\/"]}]},{"@type":"ImageObject","inLanguage":"sv-SE","@id":"https:\/\/www.budokampsport.se\/2022\/05\/23\/dubbla-sm-guld-i-iaido-till-tobias-kandenberg\/#primaryimage","url":"https:\/\/www.budokampsport.se\/wp-content\/uploads\/2022\/05\/tobias-kandenberg.jpg","contentUrl":"https:\/\/www.budokampsport.se\/wp-content\/uploads\/2022\/05\/tobias-kandenberg.jpg","width":850,"height":583,"caption":"Foto: Carl Bruce"},{"@type":"BreadcrumbList","@id":"https:\/\/www.budokampsport.se\/2022\/05\/23\/dubbla-sm-guld-i-iaido-till-tobias-kandenberg\/#breadcrumb","itemListElement":[{"@type":"ListItem","position":1,"name":"Hem","item":"https:\/\/www.budokampsport.se\/"},{"@type":"ListItem","position":2,"name":"Dubbla SM-guld i iaido till Tobias Kandenberg"}]},{"@type":"WebSite","@id":"https:\/\/www.budokampsport.se\/#website","url":"https:\/\/www.budokampsport.se\/","name":"Svenska Budo &amp; Kampsportsf\u00f6rbundet","description":"T\u00e4vling, Tr\u00e4ning, Tradition","potentialAction":[{"@type":"SearchAction","target":{"@type":"EntryPoint","urlTemplate":"https:\/\/www.budokampsport.se\/?s={search_term_string}"},"query-input":{"@type":"PropertyValueSpecification","valueRequired":true,"valueName":"search_term_string"}}],"inLanguage":"sv-SE"},{"@type":"Person","@id":"https:\/\/www.budokampsport.se\/#\/schema\/person\/5c06d81d14850e2a8ce5493386560145","name":"Jonathan Broberg","image":{"@type":"ImageObject","inLanguage":"sv-SE","@id":"https:\/\/www.budokampsport.se\/#\/schema\/person\/image\/","url":"https:\/\/secure.gravatar.com\/avatar\/a58041c6cea9128bd9c40ee2f26d4136?s=96&d=blank&r=g","contentUrl":"https:\/\/secure.gravatar.com\/avatar\/a58041c6cea9128bd9c40ee2f26d4136?s=96&d=blank&r=g","caption":"Jonathan Broberg"},"sameAs":["https:\/\/www.facebook.com\/jonathan.broberg.7"],"url":"https:\/\/www.budokampsport.se\/author\/jonathan\/"}]}},"_links":{"self":[{"href":"https:\/\/www.budokampsport.se\/api\/wp\/v2\/posts\/139716","targetHints":{"allow":["GET"]}}],"collection":[{"href":"https:\/\/www.budokampsport.se\/api\/wp\/v2\/posts"}],"about":[{"href":"https:\/\/www.budokampsport.se\/api\/wp\/v2\/types\/post"}],"author":[{"embeddable":true,"href":"https:\/\/www.budokampsport.se\/api\/wp\/v2\/users\/7"}],"replies":[{"embeddable":true,"href":"https:\/\/www.budokampsport.se\/api\/wp\/v2\/comments?post=139716"}],"version-history":[{"count":0,"href":"https:\/\/www.budokampsport.se\/api\/wp\/v2\/posts\/139716\/revisions"}],"wp:featuredmedia":[{"embeddable":true,"href":"https:\/\/www.budokampsport.se\/api\/wp\/v2\/media\/139724"}],"wp:attachment":[{"href":"https:\/\/www.budokampsport.se\/api\/wp\/v2\/media?parent=139716"}],"wp:term":[{"taxonomy":"category","embeddable":true,"href":"https:\/\/www.budokampsport.se\/api\/wp\/v2\/categories?post=139716"},{"taxonomy":"post_tag","embeddable":true,"href":"https:\/\/www.budokampsport.se\/api\/wp\/v2\/tags?post=139716"}],"curies":[{"name":"wp","href":"https:\/\/api.w.org\/{rel}","templated":true}]}}