{"id":139784,"date":"2022-05-25T18:53:28","date_gmt":"2022-05-25T16:53:28","guid":{"rendered":"https:\/\/www.budokampsport.se\/?p=139784"},"modified":"2024-07-04T10:12:38","modified_gmt":"2024-07-04T08:12:38","slug":"sverigelagret-i-aikido-i-alvsjo-i-helgen","status":"publish","type":"post","link":"https:\/\/www.budokampsport.se\/2022\/05\/25\/sverigelagret-i-aikido-i-alvsjo-i-helgen\/","title":{"rendered":"Sverigel\u00e4gret i aikido i \u00c4lvsj\u00f6 i helgen"},"content":{"rendered":"<p><a href=\"https:\/\/www.svenskaikido.se\/sverigelager-2022\/\" target=\"_blank\" rel=\"noopener\">Sverigel\u00e4gret<\/a> \u00e4r aikidos st\u00f6rsta gemensamma h\u00e4ndelse i Sverige.<\/p>\n<p>L\u00e4gret h\u00e5lls vartannat \u00e5r och lockar tr\u00e4nande i \u00e5ldrarna 13 till 80 \u00e5r. I \u00e5r arrangeras Sverigel\u00e4gret i \u00c4lvsj\u00f6 och n\u00e4rmare 40 instrukt\u00f6rer fr\u00e5n hela landet kommer att h\u00e5lla pass under de fyra l\u00e4gerdagarna. Sammantaget siktar l\u00e4gret p\u00e5 att ha ungef\u00e4r 300 ut\u00f6vare.<\/p>\n<p>&#8211; Sverigel\u00e4gret \u00e4r en fantastisk upplevelse. Jag skulle tro att l\u00e4gret som f\u00f6reteelse \u00e4r v\u00e4rldsunikt f\u00f6r aikidon.<span style=\"color: black;\"> Normalt arrangeras stora l\u00e4ger med en eller ett par senseis. H\u00e4r samlar vi instrukt\u00f6rer och deltagare fr\u00e5n v\u00e4ldigt m\u00e5nga olika inriktningar &#8211; tr\u00e4nar samman, utbyter kunskap och har kul ihop.<\/span><\/p>\n<p><span style=\"color: black;\">Aikido \u00e4r en japansk kampidrott med djupa anor. Den grundades av Osensei\u00a0Morihei Ueshiba\u00a0under 1900-talets\u00a0f\u00f6rsta h\u00e4lft. R\u00f6tterna g\u00e5r dock betydligt l\u00e4ngre tillbaka \u00e4n s\u00e5, och aikido h\u00e4rr\u00f6r fr\u00e5n\u00a0samurajernas stridsformer s\u00e5v\u00e4l med som utan vapen, med utg\u00e5ngspunkt i sv\u00e4rdskonsten.<\/span><\/p>\n<p><span style=\"color: black;\">&#8211; I aikido finns ingen t\u00e4vling, endast str\u00e4van att utveckla sig sj\u00e4lv. Den str\u00e4van\u00a0sammanfattas i det japanska uttrycket \u201dMasakatsu agatsu\u201d \u2013 den sanna vinsten \u00e4r vinsten\u00a0\u00f6ver dig sj\u00e4lv. Genom tr\u00e4ning blir vi centrerade fysiskt och mentalt, l\u00e4r oss agera med\u00a0beslutsamhet i r\u00e4tt \u00f6gonblick, och inte minst att ta kontroll \u00f6ver v\u00e5r situation och det som\u00a0h\u00e4nder runtomkring oss. \u00c4ven om aikido inte \u00e4r ett utpr\u00e4glat sj\u00e4lvf\u00f6rsvar, ger tr\u00e4ningen\u00a0d\u00e4rf\u00f6r oss kunskaper som \u00e4r anv\u00e4ndbara f\u00f6r att skydda s\u00e5v\u00e4l sig sj\u00e4lv som andra, s\u00e4ger Magnus Burman.<\/span><\/p>\n<p><span style=\"color: black;\">Arrangerande klubb f\u00f6r Sverigel\u00e4gret \u00e4r <a href=\"https:\/\/www.ikigaiaikido.se\/\" target=\"_blank\" rel=\"noopener\">IKIGAI Akikidoklubb<\/a>, som bedriver verksamhet i olika delar av s\u00f6dra Stockholm s\u00e5som i \u00c4lta, Enskede och Gubb\u00e4ngen.<\/span><\/p>\n<p><span style=\"color: black;\">&#8211; <\/span>S\u00e5 kul och inspirerande att v\u00e5r fina klubb fr\u00e5n s\u00f6derort nu \u00e4ntligen f\u00e5r chansen att genomf\u00f6ra det h\u00e4r fantastiska eventet f\u00f6r hela Sveriges aikidout\u00f6vare, s\u00e4ger klubbens huvudinstrukt\u00f6r Christian Jacobsson.<\/p>\n<p>Mer information om aikido och Sverigel\u00e4gret finns att tillg\u00e5 p\u00e5 <a href=\"http:\/\/svenskaikido.se\" target=\"_blank\" rel=\"noopener\">svenskaikido.se<\/a>.<\/p>\n","protected":false},"excerpt":{"rendered":"<p>AIKIDO. Svensk aikido samlar sig i \u00c4lvsj\u00f6 26-29 maj f\u00f6r sitt traditionella Sverigel\u00e4ger. Det v\u00e4ntas delta upp emot 300 idrottare i alla \u00e5ldrar.<br \/><br>&#8211; Jag skulle tro att l\u00e4gret som f\u00f6reteelse \u00e4r v\u00e4rldsunikt f\u00f6r aikidon, s\u00e4ger Svenska Aikidof\u00f6rbundets ordf\u00f6rande Magnus Burman.<br \/><br>(Foto: Hamid Ershad Sarabi)<\/p><br>","protected":false},"author":7,"featured_media":36636,"comment_status":"open","ping_status":"open","sticky":false,"template":"","format":"standard","meta":{"_acf_changed":false,"footnotes":""},"categories":[562],"tags":[],"class_list":["post-139784","post","type-post","status-publish","format-standard","has-post-thumbnail","hentry","category-aikido"],"acf":[],"yoast_head":"<!-- This site is optimized with the Yoast SEO plugin v26.8 - https:\/\/yoast.com\/product\/yoast-seo-wordpress\/ -->\n<title>Sverigel\u00e4gret i aikido i \u00c4lvsj\u00f6 i helgen - Svenska Budo &amp; Kampsportsf\u00f6rbundet<\/title>\n<meta name=\"description\" content=\"AIKIDO. Svensk aikido samlar sig i \u00c4lvsj\u00f6 26-29 maj f\u00f6r sitt traditionella Sverigel\u00e4ger. Det v\u00e4ntas delta upp emot 300 idrottare i alla \u00e5ldrar. - Jag skulle tro att l\u00e4gret som f\u00f6reteelse \u00e4r v\u00e4rldsunikt f\u00f6r aikidon, s\u00e4ger Svenska Aikidof\u00f6rbundets ordf\u00f6rande Magnus Burman. (Foto: Hamid Ershad Sarabi)\" \/>\n<meta name=\"robots\" content=\"index, follow, max-snippet:-1, max-image-preview:large, max-video-preview:-1\" \/>\n<link rel=\"canonical\" href=\"https:\/\/www.budokampsport.se\/2022\/05\/25\/sverigelagret-i-aikido-i-alvsjo-i-helgen\/\" \/>\n<meta property=\"og:locale\" content=\"sv_SE\" \/>\n<meta property=\"og:type\" content=\"article\" \/>\n<meta property=\"og:title\" content=\"Sverigel\u00e4gret i aikido i \u00c4lvsj\u00f6 i helgen - Svenska Budo &amp; Kampsportsf\u00f6rbundet\" \/>\n<meta property=\"og:description\" content=\"AIKIDO. Svensk aikido samlar sig i \u00c4lvsj\u00f6 26-29 maj f\u00f6r sitt traditionella Sverigel\u00e4ger. Det v\u00e4ntas delta upp emot 300 idrottare i alla \u00e5ldrar. - Jag skulle tro att l\u00e4gret som f\u00f6reteelse \u00e4r v\u00e4rldsunikt f\u00f6r aikidon, s\u00e4ger Svenska Aikidof\u00f6rbundets ordf\u00f6rande Magnus Burman. (Foto: Hamid Ershad Sarabi)\" \/>\n<meta property=\"og:url\" content=\"https:\/\/www.budokampsport.se\/2022\/05\/25\/sverigelagret-i-aikido-i-alvsjo-i-helgen\/\" \/>\n<meta property=\"og:site_name\" content=\"Svenska Budo &amp; Kampsportsf\u00f6rbundet\" \/>\n<meta property=\"article:author\" content=\"https:\/\/www.facebook.com\/jonathan.broberg.7\" \/>\n<meta property=\"article:published_time\" content=\"2022-05-25T16:53:28+00:00\" \/>\n<meta property=\"article:modified_time\" content=\"2024-07-04T08:12:38+00:00\" \/>\n<meta property=\"og:image\" content=\"https:\/\/www.budokampsport.se\/wp-content\/uploads\/2016\/12\/aikido.jpg\" \/>\n\t<meta property=\"og:image:width\" content=\"850\" \/>\n\t<meta property=\"og:image:height\" content=\"567\" \/>\n\t<meta property=\"og:image:type\" content=\"image\/jpeg\" \/>\n<meta name=\"author\" content=\"Jonathan Broberg\" \/>\n<meta name=\"twitter:card\" content=\"summary_large_image\" \/>\n<meta name=\"twitter:label1\" content=\"Skriven av\" \/>\n\t<meta name=\"twitter:data1\" content=\"Jonathan Broberg\" \/>\n\t<meta name=\"twitter:label2\" content=\"Ber\u00e4knad l\u00e4stid\" \/>\n\t<meta name=\"twitter:data2\" content=\"2 minuter\" \/>\n<script type=\"application\/ld+json\" class=\"yoast-schema-graph\">{\"@context\":\"https:\/\/schema.org\",\"@graph\":[{\"@type\":\"Article\",\"@id\":\"https:\/\/www.budokampsport.se\/2022\/05\/25\/sverigelagret-i-aikido-i-alvsjo-i-helgen\/#article\",\"isPartOf\":{\"@id\":\"https:\/\/www.budokampsport.se\/2022\/05\/25\/sverigelagret-i-aikido-i-alvsjo-i-helgen\/\"},\"author\":{\"name\":\"Jonathan Broberg\",\"@id\":\"https:\/\/www.budokampsport.se\/#\/schema\/person\/5c06d81d14850e2a8ce5493386560145\"},\"headline\":\"Sverigel\u00e4gret i aikido i \u00c4lvsj\u00f6 i helgen\",\"datePublished\":\"2022-05-25T16:53:28+00:00\",\"dateModified\":\"2024-07-04T08:12:38+00:00\",\"mainEntityOfPage\":{\"@id\":\"https:\/\/www.budokampsport.se\/2022\/05\/25\/sverigelagret-i-aikido-i-alvsjo-i-helgen\/\"},\"wordCount\":371,\"commentCount\":0,\"image\":{\"@id\":\"https:\/\/www.budokampsport.se\/2022\/05\/25\/sverigelagret-i-aikido-i-alvsjo-i-helgen\/#primaryimage\"},\"thumbnailUrl\":\"https:\/\/www.budokampsport.se\/wp-content\/uploads\/2016\/12\/aikido.jpg\",\"articleSection\":[\"Aikido\"],\"inLanguage\":\"sv-SE\",\"potentialAction\":[{\"@type\":\"CommentAction\",\"name\":\"Comment\",\"target\":[\"https:\/\/www.budokampsport.se\/2022\/05\/25\/sverigelagret-i-aikido-i-alvsjo-i-helgen\/#respond\"]}]},{\"@type\":\"WebPage\",\"@id\":\"https:\/\/www.budokampsport.se\/2022\/05\/25\/sverigelagret-i-aikido-i-alvsjo-i-helgen\/\",\"url\":\"https:\/\/www.budokampsport.se\/2022\/05\/25\/sverigelagret-i-aikido-i-alvsjo-i-helgen\/\",\"name\":\"Sverigel\u00e4gret i aikido i \u00c4lvsj\u00f6 i helgen - Svenska Budo &amp; Kampsportsf\u00f6rbundet\",\"isPartOf\":{\"@id\":\"https:\/\/www.budokampsport.se\/#website\"},\"primaryImageOfPage\":{\"@id\":\"https:\/\/www.budokampsport.se\/2022\/05\/25\/sverigelagret-i-aikido-i-alvsjo-i-helgen\/#primaryimage\"},\"image\":{\"@id\":\"https:\/\/www.budokampsport.se\/2022\/05\/25\/sverigelagret-i-aikido-i-alvsjo-i-helgen\/#primaryimage\"},\"thumbnailUrl\":\"https:\/\/www.budokampsport.se\/wp-content\/uploads\/2016\/12\/aikido.jpg\",\"datePublished\":\"2022-05-25T16:53:28+00:00\",\"dateModified\":\"2024-07-04T08:12:38+00:00\",\"author\":{\"@id\":\"https:\/\/www.budokampsport.se\/#\/schema\/person\/5c06d81d14850e2a8ce5493386560145\"},\"description\":\"AIKIDO. Svensk aikido samlar sig i \u00c4lvsj\u00f6 26-29 maj f\u00f6r sitt traditionella Sverigel\u00e4ger. Det v\u00e4ntas delta upp emot 300 idrottare i alla \u00e5ldrar. - Jag skulle tro att l\u00e4gret som f\u00f6reteelse \u00e4r v\u00e4rldsunikt f\u00f6r aikidon, s\u00e4ger Svenska Aikidof\u00f6rbundets ordf\u00f6rande Magnus Burman. (Foto: Hamid Ershad Sarabi)\",\"breadcrumb\":{\"@id\":\"https:\/\/www.budokampsport.se\/2022\/05\/25\/sverigelagret-i-aikido-i-alvsjo-i-helgen\/#breadcrumb\"},\"inLanguage\":\"sv-SE\",\"potentialAction\":[{\"@type\":\"ReadAction\",\"target\":[\"https:\/\/www.budokampsport.se\/2022\/05\/25\/sverigelagret-i-aikido-i-alvsjo-i-helgen\/\"]}]},{\"@type\":\"ImageObject\",\"inLanguage\":\"sv-SE\",\"@id\":\"https:\/\/www.budokampsport.se\/2022\/05\/25\/sverigelagret-i-aikido-i-alvsjo-i-helgen\/#primaryimage\",\"url\":\"https:\/\/www.budokampsport.se\/wp-content\/uploads\/2016\/12\/aikido.jpg\",\"contentUrl\":\"https:\/\/www.budokampsport.se\/wp-content\/uploads\/2016\/12\/aikido.jpg\",\"width\":850,\"height\":567,\"caption\":\"Foto: Hamid Ershad Sarabi\"},{\"@type\":\"BreadcrumbList\",\"@id\":\"https:\/\/www.budokampsport.se\/2022\/05\/25\/sverigelagret-i-aikido-i-alvsjo-i-helgen\/#breadcrumb\",\"itemListElement\":[{\"@type\":\"ListItem\",\"position\":1,\"name\":\"Hem\",\"item\":\"https:\/\/www.budokampsport.se\/\"},{\"@type\":\"ListItem\",\"position\":2,\"name\":\"Sverigel\u00e4gret i aikido i \u00c4lvsj\u00f6 i helgen\"}]},{\"@type\":\"WebSite\",\"@id\":\"https:\/\/www.budokampsport.se\/#website\",\"url\":\"https:\/\/www.budokampsport.se\/\",\"name\":\"Svenska Budo &amp; Kampsportsf\u00f6rbundet\",\"description\":\"T\u00e4vling, Tr\u00e4ning, Tradition\",\"potentialAction\":[{\"@type\":\"SearchAction\",\"target\":{\"@type\":\"EntryPoint\",\"urlTemplate\":\"https:\/\/www.budokampsport.se\/?s={search_term_string}\"},\"query-input\":{\"@type\":\"PropertyValueSpecification\",\"valueRequired\":true,\"valueName\":\"search_term_string\"}}],\"inLanguage\":\"sv-SE\"},{\"@type\":\"Person\",\"@id\":\"https:\/\/www.budokampsport.se\/#\/schema\/person\/5c06d81d14850e2a8ce5493386560145\",\"name\":\"Jonathan Broberg\",\"image\":{\"@type\":\"ImageObject\",\"inLanguage\":\"sv-SE\",\"@id\":\"https:\/\/www.budokampsport.se\/#\/schema\/person\/image\/\",\"url\":\"https:\/\/secure.gravatar.com\/avatar\/a58041c6cea9128bd9c40ee2f26d4136?s=96&d=blank&r=g\",\"contentUrl\":\"https:\/\/secure.gravatar.com\/avatar\/a58041c6cea9128bd9c40ee2f26d4136?s=96&d=blank&r=g\",\"caption\":\"Jonathan Broberg\"},\"sameAs\":[\"https:\/\/www.facebook.com\/jonathan.broberg.7\"],\"url\":\"https:\/\/www.budokampsport.se\/author\/jonathan\/\"}]}<\/script>\n<!-- \/ Yoast SEO plugin. -->","yoast_head_json":{"title":"Sverigel\u00e4gret i aikido i \u00c4lvsj\u00f6 i helgen - Svenska Budo &amp; Kampsportsf\u00f6rbundet","description":"AIKIDO. Svensk aikido samlar sig i \u00c4lvsj\u00f6 26-29 maj f\u00f6r sitt traditionella Sverigel\u00e4ger. Det v\u00e4ntas delta upp emot 300 idrottare i alla \u00e5ldrar. - Jag skulle tro att l\u00e4gret som f\u00f6reteelse \u00e4r v\u00e4rldsunikt f\u00f6r aikidon, s\u00e4ger Svenska Aikidof\u00f6rbundets ordf\u00f6rande Magnus Burman. (Foto: Hamid Ershad Sarabi)","robots":{"index":"index","follow":"follow","max-snippet":"max-snippet:-1","max-image-preview":"max-image-preview:large","max-video-preview":"max-video-preview:-1"},"canonical":"https:\/\/www.budokampsport.se\/2022\/05\/25\/sverigelagret-i-aikido-i-alvsjo-i-helgen\/","og_locale":"sv_SE","og_type":"article","og_title":"Sverigel\u00e4gret i aikido i \u00c4lvsj\u00f6 i helgen - Svenska Budo &amp; Kampsportsf\u00f6rbundet","og_description":"AIKIDO. Svensk aikido samlar sig i \u00c4lvsj\u00f6 26-29 maj f\u00f6r sitt traditionella Sverigel\u00e4ger. Det v\u00e4ntas delta upp emot 300 idrottare i alla \u00e5ldrar. - Jag skulle tro att l\u00e4gret som f\u00f6reteelse \u00e4r v\u00e4rldsunikt f\u00f6r aikidon, s\u00e4ger Svenska Aikidof\u00f6rbundets ordf\u00f6rande Magnus Burman. (Foto: Hamid Ershad Sarabi)","og_url":"https:\/\/www.budokampsport.se\/2022\/05\/25\/sverigelagret-i-aikido-i-alvsjo-i-helgen\/","og_site_name":"Svenska Budo &amp; Kampsportsf\u00f6rbundet","article_author":"https:\/\/www.facebook.com\/jonathan.broberg.7","article_published_time":"2022-05-25T16:53:28+00:00","article_modified_time":"2024-07-04T08:12:38+00:00","og_image":[{"width":850,"height":567,"url":"https:\/\/www.budokampsport.se\/wp-content\/uploads\/2016\/12\/aikido.jpg","type":"image\/jpeg"}],"author":"Jonathan Broberg","twitter_card":"summary_large_image","twitter_misc":{"Skriven av":"Jonathan Broberg","Ber\u00e4knad l\u00e4stid":"2 minuter"},"schema":{"@context":"https:\/\/schema.org","@graph":[{"@type":"Article","@id":"https:\/\/www.budokampsport.se\/2022\/05\/25\/sverigelagret-i-aikido-i-alvsjo-i-helgen\/#article","isPartOf":{"@id":"https:\/\/www.budokampsport.se\/2022\/05\/25\/sverigelagret-i-aikido-i-alvsjo-i-helgen\/"},"author":{"name":"Jonathan Broberg","@id":"https:\/\/www.budokampsport.se\/#\/schema\/person\/5c06d81d14850e2a8ce5493386560145"},"headline":"Sverigel\u00e4gret i aikido i \u00c4lvsj\u00f6 i helgen","datePublished":"2022-05-25T16:53:28+00:00","dateModified":"2024-07-04T08:12:38+00:00","mainEntityOfPage":{"@id":"https:\/\/www.budokampsport.se\/2022\/05\/25\/sverigelagret-i-aikido-i-alvsjo-i-helgen\/"},"wordCount":371,"commentCount":0,"image":{"@id":"https:\/\/www.budokampsport.se\/2022\/05\/25\/sverigelagret-i-aikido-i-alvsjo-i-helgen\/#primaryimage"},"thumbnailUrl":"https:\/\/www.budokampsport.se\/wp-content\/uploads\/2016\/12\/aikido.jpg","articleSection":["Aikido"],"inLanguage":"sv-SE","potentialAction":[{"@type":"CommentAction","name":"Comment","target":["https:\/\/www.budokampsport.se\/2022\/05\/25\/sverigelagret-i-aikido-i-alvsjo-i-helgen\/#respond"]}]},{"@type":"WebPage","@id":"https:\/\/www.budokampsport.se\/2022\/05\/25\/sverigelagret-i-aikido-i-alvsjo-i-helgen\/","url":"https:\/\/www.budokampsport.se\/2022\/05\/25\/sverigelagret-i-aikido-i-alvsjo-i-helgen\/","name":"Sverigel\u00e4gret i aikido i \u00c4lvsj\u00f6 i helgen - Svenska Budo &amp; Kampsportsf\u00f6rbundet","isPartOf":{"@id":"https:\/\/www.budokampsport.se\/#website"},"primaryImageOfPage":{"@id":"https:\/\/www.budokampsport.se\/2022\/05\/25\/sverigelagret-i-aikido-i-alvsjo-i-helgen\/#primaryimage"},"image":{"@id":"https:\/\/www.budokampsport.se\/2022\/05\/25\/sverigelagret-i-aikido-i-alvsjo-i-helgen\/#primaryimage"},"thumbnailUrl":"https:\/\/www.budokampsport.se\/wp-content\/uploads\/2016\/12\/aikido.jpg","datePublished":"2022-05-25T16:53:28+00:00","dateModified":"2024-07-04T08:12:38+00:00","author":{"@id":"https:\/\/www.budokampsport.se\/#\/schema\/person\/5c06d81d14850e2a8ce5493386560145"},"description":"AIKIDO. Svensk aikido samlar sig i \u00c4lvsj\u00f6 26-29 maj f\u00f6r sitt traditionella Sverigel\u00e4ger. Det v\u00e4ntas delta upp emot 300 idrottare i alla \u00e5ldrar. - Jag skulle tro att l\u00e4gret som f\u00f6reteelse \u00e4r v\u00e4rldsunikt f\u00f6r aikidon, s\u00e4ger Svenska Aikidof\u00f6rbundets ordf\u00f6rande Magnus Burman. (Foto: Hamid Ershad Sarabi)","breadcrumb":{"@id":"https:\/\/www.budokampsport.se\/2022\/05\/25\/sverigelagret-i-aikido-i-alvsjo-i-helgen\/#breadcrumb"},"inLanguage":"sv-SE","potentialAction":[{"@type":"ReadAction","target":["https:\/\/www.budokampsport.se\/2022\/05\/25\/sverigelagret-i-aikido-i-alvsjo-i-helgen\/"]}]},{"@type":"ImageObject","inLanguage":"sv-SE","@id":"https:\/\/www.budokampsport.se\/2022\/05\/25\/sverigelagret-i-aikido-i-alvsjo-i-helgen\/#primaryimage","url":"https:\/\/www.budokampsport.se\/wp-content\/uploads\/2016\/12\/aikido.jpg","contentUrl":"https:\/\/www.budokampsport.se\/wp-content\/uploads\/2016\/12\/aikido.jpg","width":850,"height":567,"caption":"Foto: Hamid Ershad Sarabi"},{"@type":"BreadcrumbList","@id":"https:\/\/www.budokampsport.se\/2022\/05\/25\/sverigelagret-i-aikido-i-alvsjo-i-helgen\/#breadcrumb","itemListElement":[{"@type":"ListItem","position":1,"name":"Hem","item":"https:\/\/www.budokampsport.se\/"},{"@type":"ListItem","position":2,"name":"Sverigel\u00e4gret i aikido i \u00c4lvsj\u00f6 i helgen"}]},{"@type":"WebSite","@id":"https:\/\/www.budokampsport.se\/#website","url":"https:\/\/www.budokampsport.se\/","name":"Svenska Budo &amp; Kampsportsf\u00f6rbundet","description":"T\u00e4vling, Tr\u00e4ning, Tradition","potentialAction":[{"@type":"SearchAction","target":{"@type":"EntryPoint","urlTemplate":"https:\/\/www.budokampsport.se\/?s={search_term_string}"},"query-input":{"@type":"PropertyValueSpecification","valueRequired":true,"valueName":"search_term_string"}}],"inLanguage":"sv-SE"},{"@type":"Person","@id":"https:\/\/www.budokampsport.se\/#\/schema\/person\/5c06d81d14850e2a8ce5493386560145","name":"Jonathan Broberg","image":{"@type":"ImageObject","inLanguage":"sv-SE","@id":"https:\/\/www.budokampsport.se\/#\/schema\/person\/image\/","url":"https:\/\/secure.gravatar.com\/avatar\/a58041c6cea9128bd9c40ee2f26d4136?s=96&d=blank&r=g","contentUrl":"https:\/\/secure.gravatar.com\/avatar\/a58041c6cea9128bd9c40ee2f26d4136?s=96&d=blank&r=g","caption":"Jonathan Broberg"},"sameAs":["https:\/\/www.facebook.com\/jonathan.broberg.7"],"url":"https:\/\/www.budokampsport.se\/author\/jonathan\/"}]}},"_links":{"self":[{"href":"https:\/\/www.budokampsport.se\/api\/wp\/v2\/posts\/139784","targetHints":{"allow":["GET"]}}],"collection":[{"href":"https:\/\/www.budokampsport.se\/api\/wp\/v2\/posts"}],"about":[{"href":"https:\/\/www.budokampsport.se\/api\/wp\/v2\/types\/post"}],"author":[{"embeddable":true,"href":"https:\/\/www.budokampsport.se\/api\/wp\/v2\/users\/7"}],"replies":[{"embeddable":true,"href":"https:\/\/www.budokampsport.se\/api\/wp\/v2\/comments?post=139784"}],"version-history":[{"count":0,"href":"https:\/\/www.budokampsport.se\/api\/wp\/v2\/posts\/139784\/revisions"}],"wp:featuredmedia":[{"embeddable":true,"href":"https:\/\/www.budokampsport.se\/api\/wp\/v2\/media\/36636"}],"wp:attachment":[{"href":"https:\/\/www.budokampsport.se\/api\/wp\/v2\/media?parent=139784"}],"wp:term":[{"taxonomy":"category","embeddable":true,"href":"https:\/\/www.budokampsport.se\/api\/wp\/v2\/categories?post=139784"},{"taxonomy":"post_tag","embeddable":true,"href":"https:\/\/www.budokampsport.se\/api\/wp\/v2\/tags?post=139784"}],"curies":[{"name":"wp","href":"https:\/\/api.w.org\/{rel}","templated":true}]}}