{"id":139807,"date":"2022-05-27T15:30:46","date_gmt":"2022-05-27T13:30:46","guid":{"rendered":"https:\/\/www.budokampsport.se\/?p=139807"},"modified":"2022-06-01T07:47:45","modified_gmt":"2022-06-01T05:47:45","slug":"bjj-vm-tillbaka-i-long-beach","status":"publish","type":"post","link":"https:\/\/www.budokampsport.se\/2022\/05\/27\/bjj-vm-tillbaka-i-long-beach\/","title":{"rendered":"BJJ-VM tillbaka i Long Beach"},"content":{"rendered":"<p>I n\u00e4sta vecka, med start p\u00e5 torsdag, avg\u00f6rs \u00e5rets v\u00e4rldsm\u00e4sterskap i BJJ. Och som vanligt genomf\u00f6rs turneringen i Kalifornien i USA, d\u00e4r samtliga VM sedan 2007 har avgjorts.<\/p>\n<p>Och i \u00e5r \u00e4r VM dessutom tillbaka i The Walter Pyramid i Long Beach, utanf\u00f6r Los Angeles, d\u00e4r just turneringen 2007 inledde den nya eran inom internationell BJJ.<\/p>\n<p>Det svenska landslagets tv\u00e5 svartb\u00e4ltare <strong>Max Lindblad<\/strong> och <strong>Alexander Baffoun<\/strong> kommer som vi tidigare har ber\u00e4ttat <a href=\"https:\/\/www.budokampsport.se\/2022\/05\/12\/lindblad-och-baffoun-missar-bjj-vm\/\" target=\"_blank\" rel=\"noopener\">inte att delta<\/a> i VM d\u00e5 de inte har haft m\u00f6jlighet att ta tillr\u00e4ckligt med rankingpo\u00e4ng efter coronapandemin. H\u00e4rom veckan stod det ocks\u00e5 klart att det heller inte blir n\u00e5gon VM-start f\u00f6r lilab\u00e4ltaren <strong>Rasmus Almstr\u00f6m<\/strong>.<\/p>\n<p>D\u00e4rmed \u00e4r det tre ut\u00f6vare p\u00e5 plats i USA fr\u00e5n det svenska BJJ-landslaget, samtliga med bruna b\u00e4lten: <strong>Karl Pegers<\/strong>, <strong>Astrid Sch\u00f6lin<\/strong> och <strong>Scarlett Anstiss Liljefors<\/strong>. Alla tre har vunnit medaljer p\u00e5 VM och EM under det senaste \u00e5ret.<\/p>\n<p>&#8211; Det \u00e4r s\u00e5 klart synd att det bara \u00e4r tre i landslaget som \u00e5ker. Men de som nu \u00e5ker har alldeles uppenbart medaljchanser i VM. F\u00f6r varje \u00e5r som g\u00e5r kommer vi allt n\u00e4rmare v\u00e4rldseliten och Sverige \u00e4r verkligen en nation att r\u00e4kna med internationellt, s\u00e4ger Svenska BJJ-f\u00f6rbundets elitansvarige Daniel Haglind.<\/p>\n<p>Trots den decimerade landslagstruppen i VM gl\u00e4ds han \u00f6ver att de tv\u00e5 kvinnliga ut\u00f6varna i landslaget kommer iv\u00e4g.<\/p>\n<p>&#8211; Tittar vi p\u00e5 f\u00f6rdelningen mellan kvinnor och m\u00e4n i Sverige som \u00e4r registrerade inom sporten s\u00e5 \u00e4r det fler m\u00e4n. Men tittar vi p\u00e5 toppen, d\u00e4r vi ju har superduktiga ut\u00f6vare p\u00e5 b\u00e5da sidor, s\u00e5 skulle jag nog s\u00e4ga att vi just nu har lite vassare kvinnor \u00e4n m\u00e4n.<\/p>\n<p>\u00c5rets VM avg\u00f6rs 2\u20135 juni inom b\u00e4lteskategorierna bl\u00e5tt, lila, brunt och svart. Undertecknad kommer att vara p\u00e5 plats f\u00f6r att rapportera om turneringen h\u00e4r p\u00e5 budokampsport.se.<\/p>\n<p>F\u00f6rutom de tre landslagsut\u00f6varna kommer som vanligt en hel del svenska ut\u00f6vare att st\u00e4lla upp i VM via sina klubbar. H\u00f6r g\u00e4rna av er till <a href=\"mailto:lilja@budo.se\">lilja@budo.se<\/a> och tipsa om ert eller andras deltagande i \u00e5rets VM.\u00a0<\/p>\n<h3><strong>Den svenska VM-truppen<\/strong><\/h3>\n<table style=\"border-collapse: collapse; width: 100%; height: 130px;\">\n<tbody>\n<tr style=\"height: 10px;\">\n<td style=\"width: 100%; height: 10px;\"><img loading=\"lazy\" decoding=\"async\" class=\"size-full wp-image-122883 alignnone\" src=\"https:\/\/www.budokampsport.se\/wp-content\/uploads\/2020\/11\/sweden-flag-icon-16.png\" alt=\"Sveriges flagga\" width=\"16\" height=\"10\" \/> <strong>Karl Pegers<\/strong><\/td>\n<\/tr>\n<tr style=\"height: 24px;\">\n<td style=\"width: 100%; height: 24px;\">F\u00f6rening: Stark Jiu Jitsu, Stockholm.<br \/>\nT\u00e4vlingsklass: Brown belt, Feather division (fj\u00e4dervikt).<\/td>\n<\/tr>\n<tr style=\"height: 24px;\">\n<td style=\"width: 100%; height: 24px;\"><img loading=\"lazy\" decoding=\"async\" class=\"size-full wp-image-122883 alignnone\" src=\"https:\/\/www.budokampsport.se\/wp-content\/uploads\/2020\/11\/sweden-flag-icon-16.png\" alt=\"Sveriges flagga\" width=\"16\" height=\"10\" \/> <strong>Astrid Sch\u00f6lin<\/strong><\/td>\n<\/tr>\n<tr style=\"height: 24px;\">\n<td style=\"width: 100%; height: 24px;\">F\u00f6rening: Stark Jiu Jitsu, Stockholm.<br \/>\nT\u00e4vlingsklass: Brown belt, Feather division (fj\u00e4dervikt).<\/td>\n<\/tr>\n<tr style=\"height: 24px;\">\n<td style=\"width: 100%; height: 24px;\"><img loading=\"lazy\" decoding=\"async\" class=\"size-full wp-image-122883 alignnone\" src=\"https:\/\/www.budokampsport.se\/wp-content\/uploads\/2020\/11\/sweden-flag-icon-16.png\" alt=\"Sveriges flagga\" width=\"16\" height=\"10\" \/> <strong>Scarlett Anstiss Liljefors<\/strong><\/td>\n<\/tr>\n<tr style=\"height: 24px;\">\n<td style=\"width: 100%; height: 24px;\">F\u00f6rening: Ju-Jutsuklubben Samurai, J\u00f6nk\u00f6ping.<br \/>\nT\u00e4vlingsklass: Brown belt, Medium heavy division (medeltungvikt).<\/td>\n<\/tr>\n<\/tbody>\n<\/table>\n<p>&nbsp;<\/p>\n<p>Mer information om \u00e5rets VM finns p\u00e5 <a href=\"https:\/\/ibjjf.com\/events\/world-ibjjf-jiu-jitsu-championship-2022\" target=\"_blank\" rel=\"noopener\">IBJJF:s hemsida<\/a>.<\/p>\n<p>Text: Mats Lilja<\/p>\n","protected":false},"excerpt":{"rendered":"<p>BJJ. Decimerat svenskt landslag till VM-t\u00e4vlingarna i klassiska byggnaden.<br \/><br>(Foto: Pixabay)<\/p><br>","protected":false},"author":914,"featured_media":139808,"comment_status":"open","ping_status":"open","sticky":false,"template":"","format":"standard","meta":{"_acf_changed":false,"footnotes":""},"categories":[1],"tags":[],"class_list":["post-139807","post","type-post","status-publish","format-standard","has-post-thumbnail","hentry","category-okategoriserade"],"acf":[],"yoast_head":"<!-- This site is optimized with the Yoast SEO plugin v26.8 - https:\/\/yoast.com\/product\/yoast-seo-wordpress\/ -->\n<title>BJJ-VM tillbaka i Long Beach - Svenska Budo &amp; Kampsportsf\u00f6rbundet<\/title>\n<meta name=\"description\" content=\"BJJ. Decimerat svenskt landslag till VM-t\u00e4vlingarna i klassiska byggnaden. (Foto: Pixabay)\" \/>\n<meta name=\"robots\" content=\"index, follow, max-snippet:-1, max-image-preview:large, max-video-preview:-1\" \/>\n<link rel=\"canonical\" href=\"https:\/\/www.budokampsport.se\/2022\/05\/27\/bjj-vm-tillbaka-i-long-beach\/\" \/>\n<meta property=\"og:locale\" content=\"sv_SE\" \/>\n<meta property=\"og:type\" content=\"article\" \/>\n<meta property=\"og:title\" content=\"BJJ-VM tillbaka i Long Beach - Svenska Budo &amp; Kampsportsf\u00f6rbundet\" \/>\n<meta property=\"og:description\" content=\"BJJ. Decimerat svenskt landslag till VM-t\u00e4vlingarna i klassiska byggnaden. (Foto: Pixabay)\" \/>\n<meta property=\"og:url\" content=\"https:\/\/www.budokampsport.se\/2022\/05\/27\/bjj-vm-tillbaka-i-long-beach\/\" \/>\n<meta property=\"og:site_name\" content=\"Svenska Budo &amp; Kampsportsf\u00f6rbundet\" \/>\n<meta property=\"article:published_time\" content=\"2022-05-27T13:30:46+00:00\" \/>\n<meta property=\"article:modified_time\" content=\"2022-06-01T05:47:45+00:00\" \/>\n<meta property=\"og:image\" content=\"https:\/\/www.budokampsport.se\/wp-content\/uploads\/2022\/05\/lbcpyramid.jpg\" \/>\n\t<meta property=\"og:image:width\" content=\"847\" \/>\n\t<meta property=\"og:image:height\" content=\"565\" \/>\n\t<meta property=\"og:image:type\" content=\"image\/jpeg\" \/>\n<meta name=\"author\" content=\"Mats Lilja\" \/>\n<meta name=\"twitter:card\" content=\"summary_large_image\" \/>\n<meta name=\"twitter:label1\" content=\"Skriven av\" \/>\n\t<meta name=\"twitter:data1\" content=\"Mats Lilja\" \/>\n\t<meta name=\"twitter:label2\" content=\"Ber\u00e4knad l\u00e4stid\" \/>\n\t<meta name=\"twitter:data2\" content=\"2 minuter\" \/>\n<script type=\"application\/ld+json\" class=\"yoast-schema-graph\">{\"@context\":\"https:\/\/schema.org\",\"@graph\":[{\"@type\":\"Article\",\"@id\":\"https:\/\/www.budokampsport.se\/2022\/05\/27\/bjj-vm-tillbaka-i-long-beach\/#article\",\"isPartOf\":{\"@id\":\"https:\/\/www.budokampsport.se\/2022\/05\/27\/bjj-vm-tillbaka-i-long-beach\/\"},\"author\":{\"name\":\"Mats Lilja\",\"@id\":\"https:\/\/www.budokampsport.se\/#\/schema\/person\/d80c0bc61f1787703168fc250ce69522\"},\"headline\":\"BJJ-VM tillbaka i Long Beach\",\"datePublished\":\"2022-05-27T13:30:46+00:00\",\"dateModified\":\"2022-06-01T05:47:45+00:00\",\"mainEntityOfPage\":{\"@id\":\"https:\/\/www.budokampsport.se\/2022\/05\/27\/bjj-vm-tillbaka-i-long-beach\/\"},\"wordCount\":452,\"commentCount\":0,\"image\":{\"@id\":\"https:\/\/www.budokampsport.se\/2022\/05\/27\/bjj-vm-tillbaka-i-long-beach\/#primaryimage\"},\"thumbnailUrl\":\"https:\/\/www.budokampsport.se\/wp-content\/uploads\/2022\/05\/lbcpyramid.jpg\",\"inLanguage\":\"sv-SE\",\"potentialAction\":[{\"@type\":\"CommentAction\",\"name\":\"Comment\",\"target\":[\"https:\/\/www.budokampsport.se\/2022\/05\/27\/bjj-vm-tillbaka-i-long-beach\/#respond\"]}]},{\"@type\":\"WebPage\",\"@id\":\"https:\/\/www.budokampsport.se\/2022\/05\/27\/bjj-vm-tillbaka-i-long-beach\/\",\"url\":\"https:\/\/www.budokampsport.se\/2022\/05\/27\/bjj-vm-tillbaka-i-long-beach\/\",\"name\":\"BJJ-VM tillbaka i Long Beach - Svenska Budo &amp; Kampsportsf\u00f6rbundet\",\"isPartOf\":{\"@id\":\"https:\/\/www.budokampsport.se\/#website\"},\"primaryImageOfPage\":{\"@id\":\"https:\/\/www.budokampsport.se\/2022\/05\/27\/bjj-vm-tillbaka-i-long-beach\/#primaryimage\"},\"image\":{\"@id\":\"https:\/\/www.budokampsport.se\/2022\/05\/27\/bjj-vm-tillbaka-i-long-beach\/#primaryimage\"},\"thumbnailUrl\":\"https:\/\/www.budokampsport.se\/wp-content\/uploads\/2022\/05\/lbcpyramid.jpg\",\"datePublished\":\"2022-05-27T13:30:46+00:00\",\"dateModified\":\"2022-06-01T05:47:45+00:00\",\"author\":{\"@id\":\"https:\/\/www.budokampsport.se\/#\/schema\/person\/d80c0bc61f1787703168fc250ce69522\"},\"description\":\"BJJ. Decimerat svenskt landslag till VM-t\u00e4vlingarna i klassiska byggnaden. (Foto: Pixabay)\",\"breadcrumb\":{\"@id\":\"https:\/\/www.budokampsport.se\/2022\/05\/27\/bjj-vm-tillbaka-i-long-beach\/#breadcrumb\"},\"inLanguage\":\"sv-SE\",\"potentialAction\":[{\"@type\":\"ReadAction\",\"target\":[\"https:\/\/www.budokampsport.se\/2022\/05\/27\/bjj-vm-tillbaka-i-long-beach\/\"]}]},{\"@type\":\"ImageObject\",\"inLanguage\":\"sv-SE\",\"@id\":\"https:\/\/www.budokampsport.se\/2022\/05\/27\/bjj-vm-tillbaka-i-long-beach\/#primaryimage\",\"url\":\"https:\/\/www.budokampsport.se\/wp-content\/uploads\/2022\/05\/lbcpyramid.jpg\",\"contentUrl\":\"https:\/\/www.budokampsport.se\/wp-content\/uploads\/2022\/05\/lbcpyramid.jpg\",\"width\":847,\"height\":565,\"caption\":\"Walter Pyramid i Long Beach, Kalifornien, USA. Foto: Pixabay.\"},{\"@type\":\"BreadcrumbList\",\"@id\":\"https:\/\/www.budokampsport.se\/2022\/05\/27\/bjj-vm-tillbaka-i-long-beach\/#breadcrumb\",\"itemListElement\":[{\"@type\":\"ListItem\",\"position\":1,\"name\":\"Hem\",\"item\":\"https:\/\/www.budokampsport.se\/\"},{\"@type\":\"ListItem\",\"position\":2,\"name\":\"BJJ-VM tillbaka i Long Beach\"}]},{\"@type\":\"WebSite\",\"@id\":\"https:\/\/www.budokampsport.se\/#website\",\"url\":\"https:\/\/www.budokampsport.se\/\",\"name\":\"Svenska Budo &amp; Kampsportsf\u00f6rbundet\",\"description\":\"T\u00e4vling, Tr\u00e4ning, Tradition\",\"potentialAction\":[{\"@type\":\"SearchAction\",\"target\":{\"@type\":\"EntryPoint\",\"urlTemplate\":\"https:\/\/www.budokampsport.se\/?s={search_term_string}\"},\"query-input\":{\"@type\":\"PropertyValueSpecification\",\"valueRequired\":true,\"valueName\":\"search_term_string\"}}],\"inLanguage\":\"sv-SE\"},{\"@type\":\"Person\",\"@id\":\"https:\/\/www.budokampsport.se\/#\/schema\/person\/d80c0bc61f1787703168fc250ce69522\",\"name\":\"Mats Lilja\",\"image\":{\"@type\":\"ImageObject\",\"inLanguage\":\"sv-SE\",\"@id\":\"https:\/\/www.budokampsport.se\/#\/schema\/person\/image\/\",\"url\":\"https:\/\/secure.gravatar.com\/avatar\/607f84918e96abe1ebbd8611782fa57d?s=96&d=blank&r=g\",\"contentUrl\":\"https:\/\/secure.gravatar.com\/avatar\/607f84918e96abe1ebbd8611782fa57d?s=96&d=blank&r=g\",\"caption\":\"Mats Lilja\"},\"url\":\"https:\/\/www.budokampsport.se\/author\/mats-lilja\/\"}]}<\/script>\n<!-- \/ Yoast SEO plugin. -->","yoast_head_json":{"title":"BJJ-VM tillbaka i Long Beach - Svenska Budo &amp; Kampsportsf\u00f6rbundet","description":"BJJ. Decimerat svenskt landslag till VM-t\u00e4vlingarna i klassiska byggnaden. (Foto: Pixabay)","robots":{"index":"index","follow":"follow","max-snippet":"max-snippet:-1","max-image-preview":"max-image-preview:large","max-video-preview":"max-video-preview:-1"},"canonical":"https:\/\/www.budokampsport.se\/2022\/05\/27\/bjj-vm-tillbaka-i-long-beach\/","og_locale":"sv_SE","og_type":"article","og_title":"BJJ-VM tillbaka i Long Beach - Svenska Budo &amp; Kampsportsf\u00f6rbundet","og_description":"BJJ. Decimerat svenskt landslag till VM-t\u00e4vlingarna i klassiska byggnaden. (Foto: Pixabay)","og_url":"https:\/\/www.budokampsport.se\/2022\/05\/27\/bjj-vm-tillbaka-i-long-beach\/","og_site_name":"Svenska Budo &amp; Kampsportsf\u00f6rbundet","article_published_time":"2022-05-27T13:30:46+00:00","article_modified_time":"2022-06-01T05:47:45+00:00","og_image":[{"width":847,"height":565,"url":"https:\/\/www.budokampsport.se\/wp-content\/uploads\/2022\/05\/lbcpyramid.jpg","type":"image\/jpeg"}],"author":"Mats Lilja","twitter_card":"summary_large_image","twitter_misc":{"Skriven av":"Mats Lilja","Ber\u00e4knad l\u00e4stid":"2 minuter"},"schema":{"@context":"https:\/\/schema.org","@graph":[{"@type":"Article","@id":"https:\/\/www.budokampsport.se\/2022\/05\/27\/bjj-vm-tillbaka-i-long-beach\/#article","isPartOf":{"@id":"https:\/\/www.budokampsport.se\/2022\/05\/27\/bjj-vm-tillbaka-i-long-beach\/"},"author":{"name":"Mats Lilja","@id":"https:\/\/www.budokampsport.se\/#\/schema\/person\/d80c0bc61f1787703168fc250ce69522"},"headline":"BJJ-VM tillbaka i Long Beach","datePublished":"2022-05-27T13:30:46+00:00","dateModified":"2022-06-01T05:47:45+00:00","mainEntityOfPage":{"@id":"https:\/\/www.budokampsport.se\/2022\/05\/27\/bjj-vm-tillbaka-i-long-beach\/"},"wordCount":452,"commentCount":0,"image":{"@id":"https:\/\/www.budokampsport.se\/2022\/05\/27\/bjj-vm-tillbaka-i-long-beach\/#primaryimage"},"thumbnailUrl":"https:\/\/www.budokampsport.se\/wp-content\/uploads\/2022\/05\/lbcpyramid.jpg","inLanguage":"sv-SE","potentialAction":[{"@type":"CommentAction","name":"Comment","target":["https:\/\/www.budokampsport.se\/2022\/05\/27\/bjj-vm-tillbaka-i-long-beach\/#respond"]}]},{"@type":"WebPage","@id":"https:\/\/www.budokampsport.se\/2022\/05\/27\/bjj-vm-tillbaka-i-long-beach\/","url":"https:\/\/www.budokampsport.se\/2022\/05\/27\/bjj-vm-tillbaka-i-long-beach\/","name":"BJJ-VM tillbaka i Long Beach - Svenska Budo &amp; Kampsportsf\u00f6rbundet","isPartOf":{"@id":"https:\/\/www.budokampsport.se\/#website"},"primaryImageOfPage":{"@id":"https:\/\/www.budokampsport.se\/2022\/05\/27\/bjj-vm-tillbaka-i-long-beach\/#primaryimage"},"image":{"@id":"https:\/\/www.budokampsport.se\/2022\/05\/27\/bjj-vm-tillbaka-i-long-beach\/#primaryimage"},"thumbnailUrl":"https:\/\/www.budokampsport.se\/wp-content\/uploads\/2022\/05\/lbcpyramid.jpg","datePublished":"2022-05-27T13:30:46+00:00","dateModified":"2022-06-01T05:47:45+00:00","author":{"@id":"https:\/\/www.budokampsport.se\/#\/schema\/person\/d80c0bc61f1787703168fc250ce69522"},"description":"BJJ. Decimerat svenskt landslag till VM-t\u00e4vlingarna i klassiska byggnaden. (Foto: Pixabay)","breadcrumb":{"@id":"https:\/\/www.budokampsport.se\/2022\/05\/27\/bjj-vm-tillbaka-i-long-beach\/#breadcrumb"},"inLanguage":"sv-SE","potentialAction":[{"@type":"ReadAction","target":["https:\/\/www.budokampsport.se\/2022\/05\/27\/bjj-vm-tillbaka-i-long-beach\/"]}]},{"@type":"ImageObject","inLanguage":"sv-SE","@id":"https:\/\/www.budokampsport.se\/2022\/05\/27\/bjj-vm-tillbaka-i-long-beach\/#primaryimage","url":"https:\/\/www.budokampsport.se\/wp-content\/uploads\/2022\/05\/lbcpyramid.jpg","contentUrl":"https:\/\/www.budokampsport.se\/wp-content\/uploads\/2022\/05\/lbcpyramid.jpg","width":847,"height":565,"caption":"Walter Pyramid i Long Beach, Kalifornien, USA. Foto: Pixabay."},{"@type":"BreadcrumbList","@id":"https:\/\/www.budokampsport.se\/2022\/05\/27\/bjj-vm-tillbaka-i-long-beach\/#breadcrumb","itemListElement":[{"@type":"ListItem","position":1,"name":"Hem","item":"https:\/\/www.budokampsport.se\/"},{"@type":"ListItem","position":2,"name":"BJJ-VM tillbaka i Long Beach"}]},{"@type":"WebSite","@id":"https:\/\/www.budokampsport.se\/#website","url":"https:\/\/www.budokampsport.se\/","name":"Svenska Budo &amp; Kampsportsf\u00f6rbundet","description":"T\u00e4vling, Tr\u00e4ning, Tradition","potentialAction":[{"@type":"SearchAction","target":{"@type":"EntryPoint","urlTemplate":"https:\/\/www.budokampsport.se\/?s={search_term_string}"},"query-input":{"@type":"PropertyValueSpecification","valueRequired":true,"valueName":"search_term_string"}}],"inLanguage":"sv-SE"},{"@type":"Person","@id":"https:\/\/www.budokampsport.se\/#\/schema\/person\/d80c0bc61f1787703168fc250ce69522","name":"Mats Lilja","image":{"@type":"ImageObject","inLanguage":"sv-SE","@id":"https:\/\/www.budokampsport.se\/#\/schema\/person\/image\/","url":"https:\/\/secure.gravatar.com\/avatar\/607f84918e96abe1ebbd8611782fa57d?s=96&d=blank&r=g","contentUrl":"https:\/\/secure.gravatar.com\/avatar\/607f84918e96abe1ebbd8611782fa57d?s=96&d=blank&r=g","caption":"Mats Lilja"},"url":"https:\/\/www.budokampsport.se\/author\/mats-lilja\/"}]}},"_links":{"self":[{"href":"https:\/\/www.budokampsport.se\/api\/wp\/v2\/posts\/139807","targetHints":{"allow":["GET"]}}],"collection":[{"href":"https:\/\/www.budokampsport.se\/api\/wp\/v2\/posts"}],"about":[{"href":"https:\/\/www.budokampsport.se\/api\/wp\/v2\/types\/post"}],"author":[{"embeddable":true,"href":"https:\/\/www.budokampsport.se\/api\/wp\/v2\/users\/914"}],"replies":[{"embeddable":true,"href":"https:\/\/www.budokampsport.se\/api\/wp\/v2\/comments?post=139807"}],"version-history":[{"count":0,"href":"https:\/\/www.budokampsport.se\/api\/wp\/v2\/posts\/139807\/revisions"}],"wp:featuredmedia":[{"embeddable":true,"href":"https:\/\/www.budokampsport.se\/api\/wp\/v2\/media\/139808"}],"wp:attachment":[{"href":"https:\/\/www.budokampsport.se\/api\/wp\/v2\/media?parent=139807"}],"wp:term":[{"taxonomy":"category","embeddable":true,"href":"https:\/\/www.budokampsport.se\/api\/wp\/v2\/categories?post=139807"},{"taxonomy":"post_tag","embeddable":true,"href":"https:\/\/www.budokampsport.se\/api\/wp\/v2\/tags?post=139807"}],"curies":[{"name":"wp","href":"https:\/\/api.w.org\/{rel}","templated":true}]}}