{"id":139817,"date":"2022-05-29T14:10:51","date_gmt":"2022-05-29T12:10:51","guid":{"rendered":"https:\/\/www.budokampsport.se\/?p=139817"},"modified":"2022-05-29T14:14:39","modified_gmt":"2022-05-29T12:14:39","slug":"em-guld-till-joseph-le-pluart","status":"publish","type":"post","link":"https:\/\/www.budokampsport.se\/2022\/05\/29\/em-guld-till-joseph-le-pluart\/","title":{"rendered":"EM-guld till Joseph Le Pluart i armbrytning"},"content":{"rendered":"<p>Europam\u00e4sterskapen har inletts och f\u00f6r svensk del blev det trots en liten trupp fem medaljer till det svenska landslaget under den f\u00f6rsta t\u00e4vlingsdagen. H\u00f6gst upp p\u00e5 pallen klev Joseph Le Pluart som kom obesegrad till final d\u00e4r han vann mot Toni Lindstr\u00f6m fr\u00e5n Finland. Ikv\u00e4ll f\u00e5r Le Pluart liksom de andra svenskarna ytterligare en chans d\u00e5 t\u00e4vlingarna forts\u00e4tter med h\u00f6ger arm.<\/p>\n<p>\u2013 Han (Le Pluart) bryter otroligt rutinerat f\u00f6r att bara ha tr\u00e4nat i tv\u00e5 \u00e5r, dessa \u00e5r har ju varit under pandemin vilket ocks\u00e5 kraftigt har f\u00f6rsv\u00e5rat m\u00f6jligheten att sparra ordentligt. Dessutom har det varit brist p\u00e5 t\u00e4vlingar, s\u00e4ger f\u00f6rbundskapten Jimmy Cebula om Le Pluarts insats.<\/p>\n<p>Sverige kammade hem ytterligare medaljer genom Ronny Dahl som tog en silvermedalj liksom Sofie Davidsson, Patrik Berg knep en bronspeng och Daniel Augustsson tog silver i masterklassen.\u00a0<\/p>\n<p>\u2013 Jag var tvungen att g\u00f6ra n\u00e5got annorlunda mot kvalet, jag f\u00f6rs\u00f6kte komma h\u00f6gre genom att f\u00e5 pallen h\u00f6jd. Jag startade f\u00f6r att n\u00e5 rem, n\u00e4r h\u00e4nderna g\u00e5r is\u00e4r s\u00e5 brukar det d\u00f6mas rem. Det gjorde det ocks\u00e5 och det blev en omstart men min gameplan h\u00f6ll inte hela v\u00e4gen. Han var snabbare och vann matchen riktigt snyggt, nu ser jag fram emot t\u00e4vlingarna i h\u00f6ger arm, s\u00e4ger Daniel Augustsson till budokampsport.se<\/p>\n<p>F\u00f6r Tobias Axelsson blev det en fj\u00e4rde placering medan junioren Andrei Dubinski laddar f\u00f6r kv\u00e4llens matcher.<\/p>\n<h2>\nSamtliga medaljer med v\u00e4nster arm<\/p>\n<\/h2>\n<table style=\"border-collapse: collapse; width: 100%;\">\n<tbody>\n<tr>\n<td style=\"width: 19.4828%;\"><span style=\"font-size: 12pt; font-family: georgia, palatino, serif;\">\u00a0-86 kg<\/span><\/td>\n<td style=\"width: 80.5172%;\"><img loading=\"lazy\" decoding=\"async\" class=\"alignnone size-full wp-image-122883\" src=\"https:\/\/www.budokampsport.se\/wp-content\/uploads\/2020\/11\/sweden-flag-icon-16.png\" alt=\"Sveriges flagga\" width=\"16\" height=\"10\" \/> <strong>Joseph Le Pluart<\/strong>, guld<\/td>\n<\/tr>\n<tr>\n<td style=\"width: 19.4828%;\"><span style=\"font-size: 12pt; font-family: georgia, palatino, serif;\">+105 kg<\/span><\/td>\n<td style=\"width: 80.5172%;\"><img loading=\"lazy\" decoding=\"async\" class=\"alignnone size-full wp-image-122883\" src=\"https:\/\/www.budokampsport.se\/wp-content\/uploads\/2020\/11\/sweden-flag-icon-16.png\" alt=\"Sveriges flagga\" width=\"16\" height=\"10\" \/> <strong>Ronny Dahl<\/strong>, silver<\/td>\n<\/tr>\n<tr>\n<td style=\"width: 19.4828%;\"><span style=\"font-size: 12pt; font-family: georgia, palatino, serif;\">+78 kg<\/span><\/td>\n<td style=\"width: 80.5172%;\"><img loading=\"lazy\" decoding=\"async\" class=\"alignnone size-full wp-image-122883\" src=\"https:\/\/www.budokampsport.se\/wp-content\/uploads\/2020\/11\/sweden-flag-icon-16.png\" alt=\"Sveriges flagga\" width=\"16\" height=\"10\" \/> <strong>Sofie Davidsson<\/strong>, silver<\/td>\n<\/tr>\n<tr>\n<td style=\"width: 19.4828%;\"><span style=\"font-size: 12pt; font-family: georgia, palatino, serif;\">-70 kg<\/span><\/td>\n<td style=\"width: 80.5172%;\"><img loading=\"lazy\" decoding=\"async\" class=\"alignnone size-full wp-image-122883\" src=\"https:\/\/www.budokampsport.se\/wp-content\/uploads\/2020\/11\/sweden-flag-icon-16.png\" alt=\"Sveriges flagga\" width=\"16\" height=\"10\" \/> <strong>Daniel Augustsson<\/strong>, silver (master)<\/td>\n<\/tr>\n<tr>\n<td style=\"width: 19.4828%;\"><span style=\"font-size: 12pt; font-family: georgia, palatino, serif;\">-78 kg<\/span><\/td>\n<td style=\"width: 80.5172%;\"><img loading=\"lazy\" decoding=\"async\" class=\"alignnone size-full wp-image-122883\" src=\"https:\/\/www.budokampsport.se\/wp-content\/uploads\/2020\/11\/sweden-flag-icon-16.png\" alt=\"Sveriges flagga\" width=\"16\" height=\"10\" \/> <strong>Patrik Berg<\/strong>, brons<\/td>\n<\/tr>\n<\/tbody>\n<\/table>\n<p>&nbsp;<\/p>\n<p>\nText: Annie Bondefelt<\/p>\n","protected":false},"excerpt":{"rendered":"<p>Ett guld, tre silver och ett brons blev resultatet efter EM i armbrytnings f\u00f6rsta dag d\u00e5 t\u00e4vlingarna h\u00f6lls i polska staden Rumia. Ikv\u00e4ll v\u00e4ntar t\u00e4vlingar med h\u00f6ger arm.<br \/><br>(FOTO: Jimmy Cebula)<\/p><br>","protected":false},"author":120,"featured_media":139835,"comment_status":"open","ping_status":"open","sticky":false,"template":"","format":"standard","meta":{"_acf_changed":false,"footnotes":""},"categories":[451],"tags":[],"class_list":["post-139817","post","type-post","status-publish","format-standard","has-post-thumbnail","hentry","category-elit"],"acf":[],"yoast_head":"<!-- This site is optimized with the Yoast SEO plugin v26.8 - https:\/\/yoast.com\/product\/yoast-seo-wordpress\/ -->\n<title>EM-guld till Joseph Le Pluart i armbrytning - Svenska Budo &amp; Kampsportsf\u00f6rbundet<\/title>\n<meta name=\"description\" content=\"Ett guld, tre silver och ett brons blev resultatet efter EM i armbrytnings f\u00f6rsta dag d\u00e5 t\u00e4vlingarna h\u00f6lls i polska staden Rumia. Ikv\u00e4ll v\u00e4ntar t\u00e4vlingar med h\u00f6ger arm. (FOTO: Jimmy Cebula)\" \/>\n<meta name=\"robots\" content=\"index, follow, max-snippet:-1, max-image-preview:large, max-video-preview:-1\" \/>\n<link rel=\"canonical\" href=\"https:\/\/www.budokampsport.se\/2022\/05\/29\/em-guld-till-joseph-le-pluart\/\" \/>\n<meta property=\"og:locale\" content=\"sv_SE\" \/>\n<meta property=\"og:type\" content=\"article\" \/>\n<meta property=\"og:title\" content=\"EM-guld till Joseph Le Pluart i armbrytning - Svenska Budo &amp; Kampsportsf\u00f6rbundet\" \/>\n<meta property=\"og:description\" content=\"Ett guld, tre silver och ett brons blev resultatet efter EM i armbrytnings f\u00f6rsta dag d\u00e5 t\u00e4vlingarna h\u00f6lls i polska staden Rumia. Ikv\u00e4ll v\u00e4ntar t\u00e4vlingar med h\u00f6ger arm. (FOTO: Jimmy Cebula)\" \/>\n<meta property=\"og:url\" content=\"https:\/\/www.budokampsport.se\/2022\/05\/29\/em-guld-till-joseph-le-pluart\/\" \/>\n<meta property=\"og:site_name\" content=\"Svenska Budo &amp; Kampsportsf\u00f6rbundet\" \/>\n<meta property=\"article:published_time\" content=\"2022-05-29T12:10:51+00:00\" \/>\n<meta property=\"article:modified_time\" content=\"2022-05-29T12:14:39+00:00\" \/>\n<meta property=\"og:image\" content=\"https:\/\/www.budokampsport.se\/wp-content\/uploads\/2022\/05\/joseph.jpg\" \/>\n\t<meta property=\"og:image:width\" content=\"733\" \/>\n\t<meta property=\"og:image:height\" content=\"550\" \/>\n\t<meta property=\"og:image:type\" content=\"image\/jpeg\" \/>\n<meta name=\"author\" content=\"Annie Carriage\" \/>\n<meta name=\"twitter:card\" content=\"summary_large_image\" \/>\n<meta name=\"twitter:label1\" content=\"Skriven av\" \/>\n\t<meta name=\"twitter:data1\" content=\"Annie Carriage\" \/>\n\t<meta name=\"twitter:label2\" content=\"Ber\u00e4knad l\u00e4stid\" \/>\n\t<meta name=\"twitter:data2\" content=\"1 minut\" \/>\n<script type=\"application\/ld+json\" class=\"yoast-schema-graph\">{\"@context\":\"https:\/\/schema.org\",\"@graph\":[{\"@type\":\"Article\",\"@id\":\"https:\/\/www.budokampsport.se\/2022\/05\/29\/em-guld-till-joseph-le-pluart\/#article\",\"isPartOf\":{\"@id\":\"https:\/\/www.budokampsport.se\/2022\/05\/29\/em-guld-till-joseph-le-pluart\/\"},\"author\":{\"name\":\"Annie Carriage\",\"@id\":\"https:\/\/www.budokampsport.se\/#\/schema\/person\/c838cace8171f692e363fde3f38f208b\"},\"headline\":\"EM-guld till Joseph Le Pluart i armbrytning\",\"datePublished\":\"2022-05-29T12:10:51+00:00\",\"dateModified\":\"2022-05-29T12:14:39+00:00\",\"mainEntityOfPage\":{\"@id\":\"https:\/\/www.budokampsport.se\/2022\/05\/29\/em-guld-till-joseph-le-pluart\/\"},\"wordCount\":305,\"commentCount\":0,\"image\":{\"@id\":\"https:\/\/www.budokampsport.se\/2022\/05\/29\/em-guld-till-joseph-le-pluart\/#primaryimage\"},\"thumbnailUrl\":\"https:\/\/www.budokampsport.se\/wp-content\/uploads\/2022\/05\/joseph.jpg\",\"articleSection\":[\"Elit\"],\"inLanguage\":\"sv-SE\",\"potentialAction\":[{\"@type\":\"CommentAction\",\"name\":\"Comment\",\"target\":[\"https:\/\/www.budokampsport.se\/2022\/05\/29\/em-guld-till-joseph-le-pluart\/#respond\"]}]},{\"@type\":\"WebPage\",\"@id\":\"https:\/\/www.budokampsport.se\/2022\/05\/29\/em-guld-till-joseph-le-pluart\/\",\"url\":\"https:\/\/www.budokampsport.se\/2022\/05\/29\/em-guld-till-joseph-le-pluart\/\",\"name\":\"EM-guld till Joseph Le Pluart i armbrytning - Svenska Budo &amp; Kampsportsf\u00f6rbundet\",\"isPartOf\":{\"@id\":\"https:\/\/www.budokampsport.se\/#website\"},\"primaryImageOfPage\":{\"@id\":\"https:\/\/www.budokampsport.se\/2022\/05\/29\/em-guld-till-joseph-le-pluart\/#primaryimage\"},\"image\":{\"@id\":\"https:\/\/www.budokampsport.se\/2022\/05\/29\/em-guld-till-joseph-le-pluart\/#primaryimage\"},\"thumbnailUrl\":\"https:\/\/www.budokampsport.se\/wp-content\/uploads\/2022\/05\/joseph.jpg\",\"datePublished\":\"2022-05-29T12:10:51+00:00\",\"dateModified\":\"2022-05-29T12:14:39+00:00\",\"author\":{\"@id\":\"https:\/\/www.budokampsport.se\/#\/schema\/person\/c838cace8171f692e363fde3f38f208b\"},\"description\":\"Ett guld, tre silver och ett brons blev resultatet efter EM i armbrytnings f\u00f6rsta dag d\u00e5 t\u00e4vlingarna h\u00f6lls i polska staden Rumia. Ikv\u00e4ll v\u00e4ntar t\u00e4vlingar med h\u00f6ger arm. (FOTO: Jimmy Cebula)\",\"breadcrumb\":{\"@id\":\"https:\/\/www.budokampsport.se\/2022\/05\/29\/em-guld-till-joseph-le-pluart\/#breadcrumb\"},\"inLanguage\":\"sv-SE\",\"potentialAction\":[{\"@type\":\"ReadAction\",\"target\":[\"https:\/\/www.budokampsport.se\/2022\/05\/29\/em-guld-till-joseph-le-pluart\/\"]}]},{\"@type\":\"ImageObject\",\"inLanguage\":\"sv-SE\",\"@id\":\"https:\/\/www.budokampsport.se\/2022\/05\/29\/em-guld-till-joseph-le-pluart\/#primaryimage\",\"url\":\"https:\/\/www.budokampsport.se\/wp-content\/uploads\/2022\/05\/joseph.jpg\",\"contentUrl\":\"https:\/\/www.budokampsport.se\/wp-content\/uploads\/2022\/05\/joseph.jpg\",\"width\":733,\"height\":550,\"caption\":\"FOTO: Jimmy Cebula\"},{\"@type\":\"BreadcrumbList\",\"@id\":\"https:\/\/www.budokampsport.se\/2022\/05\/29\/em-guld-till-joseph-le-pluart\/#breadcrumb\",\"itemListElement\":[{\"@type\":\"ListItem\",\"position\":1,\"name\":\"Hem\",\"item\":\"https:\/\/www.budokampsport.se\/\"},{\"@type\":\"ListItem\",\"position\":2,\"name\":\"EM-guld till Joseph Le Pluart i armbrytning\"}]},{\"@type\":\"WebSite\",\"@id\":\"https:\/\/www.budokampsport.se\/#website\",\"url\":\"https:\/\/www.budokampsport.se\/\",\"name\":\"Svenska Budo &amp; Kampsportsf\u00f6rbundet\",\"description\":\"T\u00e4vling, Tr\u00e4ning, Tradition\",\"potentialAction\":[{\"@type\":\"SearchAction\",\"target\":{\"@type\":\"EntryPoint\",\"urlTemplate\":\"https:\/\/www.budokampsport.se\/?s={search_term_string}\"},\"query-input\":{\"@type\":\"PropertyValueSpecification\",\"valueRequired\":true,\"valueName\":\"search_term_string\"}}],\"inLanguage\":\"sv-SE\"},{\"@type\":\"Person\",\"@id\":\"https:\/\/www.budokampsport.se\/#\/schema\/person\/c838cace8171f692e363fde3f38f208b\",\"name\":\"Annie Carriage\",\"image\":{\"@type\":\"ImageObject\",\"inLanguage\":\"sv-SE\",\"@id\":\"https:\/\/www.budokampsport.se\/#\/schema\/person\/image\/\",\"url\":\"https:\/\/secure.gravatar.com\/avatar\/9311295560bdfbdf78365a26f7df1876?s=96&d=blank&r=g\",\"contentUrl\":\"https:\/\/secure.gravatar.com\/avatar\/9311295560bdfbdf78365a26f7df1876?s=96&d=blank&r=g\",\"caption\":\"Annie Carriage\"},\"url\":\"https:\/\/www.budokampsport.se\/author\/annie-bondefelt\/\"}]}<\/script>\n<!-- \/ Yoast SEO plugin. -->","yoast_head_json":{"title":"EM-guld till Joseph Le Pluart i armbrytning - Svenska Budo &amp; Kampsportsf\u00f6rbundet","description":"Ett guld, tre silver och ett brons blev resultatet efter EM i armbrytnings f\u00f6rsta dag d\u00e5 t\u00e4vlingarna h\u00f6lls i polska staden Rumia. Ikv\u00e4ll v\u00e4ntar t\u00e4vlingar med h\u00f6ger arm. (FOTO: Jimmy Cebula)","robots":{"index":"index","follow":"follow","max-snippet":"max-snippet:-1","max-image-preview":"max-image-preview:large","max-video-preview":"max-video-preview:-1"},"canonical":"https:\/\/www.budokampsport.se\/2022\/05\/29\/em-guld-till-joseph-le-pluart\/","og_locale":"sv_SE","og_type":"article","og_title":"EM-guld till Joseph Le Pluart i armbrytning - Svenska Budo &amp; Kampsportsf\u00f6rbundet","og_description":"Ett guld, tre silver och ett brons blev resultatet efter EM i armbrytnings f\u00f6rsta dag d\u00e5 t\u00e4vlingarna h\u00f6lls i polska staden Rumia. Ikv\u00e4ll v\u00e4ntar t\u00e4vlingar med h\u00f6ger arm. (FOTO: Jimmy Cebula)","og_url":"https:\/\/www.budokampsport.se\/2022\/05\/29\/em-guld-till-joseph-le-pluart\/","og_site_name":"Svenska Budo &amp; Kampsportsf\u00f6rbundet","article_published_time":"2022-05-29T12:10:51+00:00","article_modified_time":"2022-05-29T12:14:39+00:00","og_image":[{"width":733,"height":550,"url":"https:\/\/www.budokampsport.se\/wp-content\/uploads\/2022\/05\/joseph.jpg","type":"image\/jpeg"}],"author":"Annie Carriage","twitter_card":"summary_large_image","twitter_misc":{"Skriven av":"Annie Carriage","Ber\u00e4knad l\u00e4stid":"1 minut"},"schema":{"@context":"https:\/\/schema.org","@graph":[{"@type":"Article","@id":"https:\/\/www.budokampsport.se\/2022\/05\/29\/em-guld-till-joseph-le-pluart\/#article","isPartOf":{"@id":"https:\/\/www.budokampsport.se\/2022\/05\/29\/em-guld-till-joseph-le-pluart\/"},"author":{"name":"Annie Carriage","@id":"https:\/\/www.budokampsport.se\/#\/schema\/person\/c838cace8171f692e363fde3f38f208b"},"headline":"EM-guld till Joseph Le Pluart i armbrytning","datePublished":"2022-05-29T12:10:51+00:00","dateModified":"2022-05-29T12:14:39+00:00","mainEntityOfPage":{"@id":"https:\/\/www.budokampsport.se\/2022\/05\/29\/em-guld-till-joseph-le-pluart\/"},"wordCount":305,"commentCount":0,"image":{"@id":"https:\/\/www.budokampsport.se\/2022\/05\/29\/em-guld-till-joseph-le-pluart\/#primaryimage"},"thumbnailUrl":"https:\/\/www.budokampsport.se\/wp-content\/uploads\/2022\/05\/joseph.jpg","articleSection":["Elit"],"inLanguage":"sv-SE","potentialAction":[{"@type":"CommentAction","name":"Comment","target":["https:\/\/www.budokampsport.se\/2022\/05\/29\/em-guld-till-joseph-le-pluart\/#respond"]}]},{"@type":"WebPage","@id":"https:\/\/www.budokampsport.se\/2022\/05\/29\/em-guld-till-joseph-le-pluart\/","url":"https:\/\/www.budokampsport.se\/2022\/05\/29\/em-guld-till-joseph-le-pluart\/","name":"EM-guld till Joseph Le Pluart i armbrytning - Svenska Budo &amp; Kampsportsf\u00f6rbundet","isPartOf":{"@id":"https:\/\/www.budokampsport.se\/#website"},"primaryImageOfPage":{"@id":"https:\/\/www.budokampsport.se\/2022\/05\/29\/em-guld-till-joseph-le-pluart\/#primaryimage"},"image":{"@id":"https:\/\/www.budokampsport.se\/2022\/05\/29\/em-guld-till-joseph-le-pluart\/#primaryimage"},"thumbnailUrl":"https:\/\/www.budokampsport.se\/wp-content\/uploads\/2022\/05\/joseph.jpg","datePublished":"2022-05-29T12:10:51+00:00","dateModified":"2022-05-29T12:14:39+00:00","author":{"@id":"https:\/\/www.budokampsport.se\/#\/schema\/person\/c838cace8171f692e363fde3f38f208b"},"description":"Ett guld, tre silver och ett brons blev resultatet efter EM i armbrytnings f\u00f6rsta dag d\u00e5 t\u00e4vlingarna h\u00f6lls i polska staden Rumia. Ikv\u00e4ll v\u00e4ntar t\u00e4vlingar med h\u00f6ger arm. (FOTO: Jimmy Cebula)","breadcrumb":{"@id":"https:\/\/www.budokampsport.se\/2022\/05\/29\/em-guld-till-joseph-le-pluart\/#breadcrumb"},"inLanguage":"sv-SE","potentialAction":[{"@type":"ReadAction","target":["https:\/\/www.budokampsport.se\/2022\/05\/29\/em-guld-till-joseph-le-pluart\/"]}]},{"@type":"ImageObject","inLanguage":"sv-SE","@id":"https:\/\/www.budokampsport.se\/2022\/05\/29\/em-guld-till-joseph-le-pluart\/#primaryimage","url":"https:\/\/www.budokampsport.se\/wp-content\/uploads\/2022\/05\/joseph.jpg","contentUrl":"https:\/\/www.budokampsport.se\/wp-content\/uploads\/2022\/05\/joseph.jpg","width":733,"height":550,"caption":"FOTO: Jimmy Cebula"},{"@type":"BreadcrumbList","@id":"https:\/\/www.budokampsport.se\/2022\/05\/29\/em-guld-till-joseph-le-pluart\/#breadcrumb","itemListElement":[{"@type":"ListItem","position":1,"name":"Hem","item":"https:\/\/www.budokampsport.se\/"},{"@type":"ListItem","position":2,"name":"EM-guld till Joseph Le Pluart i armbrytning"}]},{"@type":"WebSite","@id":"https:\/\/www.budokampsport.se\/#website","url":"https:\/\/www.budokampsport.se\/","name":"Svenska Budo &amp; Kampsportsf\u00f6rbundet","description":"T\u00e4vling, Tr\u00e4ning, Tradition","potentialAction":[{"@type":"SearchAction","target":{"@type":"EntryPoint","urlTemplate":"https:\/\/www.budokampsport.se\/?s={search_term_string}"},"query-input":{"@type":"PropertyValueSpecification","valueRequired":true,"valueName":"search_term_string"}}],"inLanguage":"sv-SE"},{"@type":"Person","@id":"https:\/\/www.budokampsport.se\/#\/schema\/person\/c838cace8171f692e363fde3f38f208b","name":"Annie Carriage","image":{"@type":"ImageObject","inLanguage":"sv-SE","@id":"https:\/\/www.budokampsport.se\/#\/schema\/person\/image\/","url":"https:\/\/secure.gravatar.com\/avatar\/9311295560bdfbdf78365a26f7df1876?s=96&d=blank&r=g","contentUrl":"https:\/\/secure.gravatar.com\/avatar\/9311295560bdfbdf78365a26f7df1876?s=96&d=blank&r=g","caption":"Annie Carriage"},"url":"https:\/\/www.budokampsport.se\/author\/annie-bondefelt\/"}]}},"_links":{"self":[{"href":"https:\/\/www.budokampsport.se\/api\/wp\/v2\/posts\/139817","targetHints":{"allow":["GET"]}}],"collection":[{"href":"https:\/\/www.budokampsport.se\/api\/wp\/v2\/posts"}],"about":[{"href":"https:\/\/www.budokampsport.se\/api\/wp\/v2\/types\/post"}],"author":[{"embeddable":true,"href":"https:\/\/www.budokampsport.se\/api\/wp\/v2\/users\/120"}],"replies":[{"embeddable":true,"href":"https:\/\/www.budokampsport.se\/api\/wp\/v2\/comments?post=139817"}],"version-history":[{"count":0,"href":"https:\/\/www.budokampsport.se\/api\/wp\/v2\/posts\/139817\/revisions"}],"wp:featuredmedia":[{"embeddable":true,"href":"https:\/\/www.budokampsport.se\/api\/wp\/v2\/media\/139835"}],"wp:attachment":[{"href":"https:\/\/www.budokampsport.se\/api\/wp\/v2\/media?parent=139817"}],"wp:term":[{"taxonomy":"category","embeddable":true,"href":"https:\/\/www.budokampsport.se\/api\/wp\/v2\/categories?post=139817"},{"taxonomy":"post_tag","embeddable":true,"href":"https:\/\/www.budokampsport.se\/api\/wp\/v2\/tags?post=139817"}],"curies":[{"name":"wp","href":"https:\/\/api.w.org\/{rel}","templated":true}]}}