{"id":139871,"date":"2022-05-31T11:47:47","date_gmt":"2022-05-31T09:47:47","guid":{"rendered":"https:\/\/www.budokampsport.se\/?p=139871"},"modified":"2022-05-31T13:35:08","modified_gmt":"2022-05-31T11:35:08","slug":"flera-svenska-medaljer-sakrade-i-thaiboxnings-vm","status":"publish","type":"post","link":"https:\/\/www.budokampsport.se\/2022\/05\/31\/flera-svenska-medaljer-sakrade-i-thaiboxnings-vm\/","title":{"rendered":"Flera svenska medaljer s\u00e4krade i thaiboxnings-VM"},"content":{"rendered":"<p>VM i thaiboxning i Abu Dhabi har h\u00e5llit p\u00e5 sedan i l\u00f6rdags.<\/p>\n<p>S\u00e5 h\u00e4r l\u00e5ngt in i m\u00e4sterskapet har fem svenska medaljer s\u00e4krats. Och fler kan det bli redan idag, d\u00e5 <a href=\"https:\/\/www.ifmalive.com\/seasons\/4817\/schedule?reload_list=true&amp;amp;show=upcoming\" target=\"_blank\" rel=\"noopener\">herrarnas kvartsfinaler<\/a> st\u00e5r p\u00e5 VM-menyn.\u00a0\u00a0<\/p>\n<h3>Fem damer klara f\u00f6r semifinal<\/h3>\n<p><strong>Camilla Danielsson<\/strong> har tagit sig vidare i t\u00e4vlingen och m\u00f6ter thail\u00e4ndskan Arissara Noon-Eiad i semifinal i -45-kilosklassen.<\/p>\n<p>F\u00f6r <strong>Sofia Holmer<\/strong> tog VM slut i f\u00f6rsta omg\u00e5ngen, d\u00e5 thail\u00e4ndskan Nirawan Tangchio vann.<\/p>\n<p><strong>Johanna Persson<\/strong> inledde skarpt i -51 kg och vann s\u00e4kert \u00f6ver Yu-Shiuan Tsai fr\u00e5n Taipei i l\u00f6rdags. I g\u00e5r, m\u00e5ndags, m\u00f6tte hon polskan Gabriela Kuzawinska i kvartsfinal som vann med 29-28 p\u00e5 po\u00e4ng.<\/p>\n<p><strong>Patricia Axling<\/strong> \u00e4r vidare i -57 kg. Axling dominerade stort mot Jittima Promsaen fr\u00e5n Thailand och det blev aldrig n\u00e5gon tredje och sista rond de tv\u00e5 emellan. P\u00e5 torsdag v\u00e4ntar turkiskan Ay\u015fe Karaku\u015f i semifinal.<\/p>\n<p>I 60-kilosklassen har regerande v\u00e4rldsm\u00e4staren <strong>Ewin Ates<\/strong> tagit sig vidare. I g\u00e5rdagens kvartsfinal mot polskan Dominika Filec v\u00e4nde svenskan ett prek\u00e4rt underl\u00e4ge fr\u00e5n f\u00f6rsta ronden till seger med 29-28. I semifinal v\u00e4ntar \u00f6sterrikiskt motst\u00e5nd i form av Nina Scheucher.<\/p>\n<p><strong>Emma Stoneg\u00e5rd Abrahamsson<\/strong> inledde sitt VM p\u00e5 b\u00e4sta s\u00e4tt genom en snabbseger i kvartsfinal i -67 kg. Turkiskan K\u00fcbra Aksoy hade fullt sj\u00e5 att freda sig och matchen br\u00f6ts i f\u00f6rsta ronden. P\u00e5 torsdag v\u00e4ntar Savannah Lee Foden fr\u00e5n Kanada i semifinal.<\/p>\n<p><strong>Angela Mamic<\/strong> lottades till semifinal p\u00e5 torsdag i -71-kiloklassen. D\u00e4r m\u00f6ter hon Mensure Karadayi fr\u00e5n Turkiet.<\/p>\n<h3>Tre herrar i dagens kvartsfinaler<\/h3>\n<p>Skicklige <strong>Javad Vahid Reza <\/strong>har tagit sig fram till kvartsfinal i -57-kilosklassen. D\u00e4r v\u00e4ntar turkiskt motst\u00e5nd genom Samet Kartal. Den matchen g\u00e5r idag, tisdag.<\/p>\n<p>F\u00f6r <strong>Nicholas Bryant<\/strong> i -60 kg blev det f\u00f6rlust i \u00e5ttondelsfinal mot turken Sercan Koc med 27-30.<\/p>\n<p><strong>Linus Bylander<\/strong> har tv\u00e5 segrar med sig in till dagens kvartsfinal i -63,5 kg. Bylander inledde med seger \u00f6ver marockanskt motst\u00e5nd i l\u00f6rdags och under g\u00e5rdagen blev vinst mot Shaquile Soriano fr\u00e5n Filippinerna. I kvartsfinalen v\u00e4ntar ungraren L\u00e1szl\u00f3 Istv\u00e1n Kurdy.<\/p>\n<p><strong>Kenny Hong<\/strong> i -67 kg fick tuff lottning och st\u00e4lldes i f\u00f6rsta matchen mot thail\u00e4ndaren Anueng Khatthamarasri, som vann med 30-27.<\/p>\n<p>I -71-kilosklassen har <strong>Rasmus Eriksson<\/strong> tagit sig vidare till dagens kvartsfinal. Detta genom en fin vinst, 30-27, \u00f6ver Kouadio Kpithybe Yves Joel fr\u00e5n Elfenbenskusten. I dagens kvartsfinal st\u00f6ter Eriksson p\u00e5 Ruslan Zayakin fr\u00e5n Kazakstan.<\/p>\n<p>F\u00f6r <strong>Dalian Dawody<\/strong> i -75 kg blev det f\u00f6rlust i g\u00e5rdagens \u00e5ttondelsfinal. Marockanen Assouik Youssef avancerade till kvartsfinal.<\/p>\n<p><strong>Marcus Sundin Liljedorff<\/strong> fick inte till det mot Artiom Livadari fr\u00e5n Moldavien, som vann p\u00e5 po\u00e4ng med 30-27.<\/p>\n<h3>En junior vidare<\/h3>\n<p>I U23-klasserna har <strong>Moa Carlsson <\/strong>n\u00e5tt kvartsfinal idag, medan <strong>Anton Wall<\/strong> f\u00f6rlorade sin inledande match.<\/p>\n<h3>Dagens kvartsfinaler<\/h3>\n<table style=\"border-collapse: collapse; width: 98.4279%; height: 105px;\">\n<tbody>\n<tr style=\"height: 27px;\">\n<td style=\"width: 21.0338%; height: 27px;\">-57 kg<\/td>\n<td style=\"width: 34.7017%; height: 27px;\"><img loading=\"lazy\" decoding=\"async\" class=\"size-full wp-image-122883 alignnone\" src=\"https:\/\/www.budokampsport.se\/wp-content\/uploads\/2020\/11\/sweden-flag-icon-16.png\" alt=\"Sveriges flagga\" width=\"16\" height=\"10\" \/> <strong>Javad Vahid Reza<\/strong><\/td>\n<td style=\"width: 10.6352%; height: 27px;\">mot\u00a0\u00a0<\/td>\n<td style=\"width: 88.3597%; height: 27px;\"><img loading=\"lazy\" decoding=\"async\" class=\"size-full wp-image-127809 alignnone\" src=\"https:\/\/www.budokampsport.se\/wp-content\/uploads\/2021\/09\/turkey_flag-png-icon-16.png\" alt=\"\" width=\"16\" height=\"11\" \/> Samet Kartal<\/td>\n<\/tr>\n<tr style=\"height: 26px;\">\n<td style=\"width: 21.0338%; height: 26px;\">-63,5 kg<\/td>\n<td style=\"width: 34.7017%; height: 26px;\"><img loading=\"lazy\" decoding=\"async\" class=\"size-full wp-image-122883 alignnone\" src=\"https:\/\/www.budokampsport.se\/wp-content\/uploads\/2020\/11\/sweden-flag-icon-16.png\" alt=\"Sveriges flagga\" width=\"16\" height=\"10\" \/> <strong>Linus Bylander\u00a0\u00a0<\/strong><\/td>\n<td style=\"width: 10.6352%; height: 26px;\">mot\u00a0<\/td>\n<td style=\"width: 88.3597%; height: 26px;\"><img loading=\"lazy\" decoding=\"async\" class=\"size-full wp-image-134175 alignnone\" src=\"https:\/\/www.budokampsport.se\/wp-content\/uploads\/2022\/01\/hungary_flag-png-icon-16.png\" alt=\"\" width=\"16\" height=\"8\" \/>\u00a0L\u00e1szl\u00f3 Istv\u00e1n Kurdy<\/td>\n<\/tr>\n<tr style=\"height: 26px;\">\n<td style=\"width: 21.0338%; height: 26px;\">-71 kg<\/td>\n<td style=\"width: 34.7017%; height: 26px;\"><img loading=\"lazy\" decoding=\"async\" class=\"size-full wp-image-122883 alignnone\" src=\"https:\/\/www.budokampsport.se\/wp-content\/uploads\/2020\/11\/sweden-flag-icon-16.png\" alt=\"Sveriges flagga\" width=\"16\" height=\"10\" \/> <strong>Rasmus Eriksson\u00a0\u00a0<\/strong><\/td>\n<td style=\"width: 10.6352%; height: 26px;\">mot\u00a0\u00a0<\/td>\n<td style=\"width: 88.3597%; height: 26px;\"><img loading=\"lazy\" decoding=\"async\" class=\"size-full wp-image-134187 alignnone\" src=\"https:\/\/www.budokampsport.se\/wp-content\/uploads\/2022\/01\/kazakhstan_flag-png-icon-16.png\" alt=\"\" width=\"16\" height=\"8\" \/>\u00a0Ruslan Zayakin<\/td>\n<\/tr>\n<tr style=\"height: 26px;\">\n<td style=\"width: 21.0338%; height: 26px;\">-54 kg (U23)<\/td>\n<td style=\"width: 34.7017%; height: 26px;\"><img loading=\"lazy\" decoding=\"async\" class=\"size-full wp-image-122883 alignnone\" src=\"https:\/\/www.budokampsport.se\/wp-content\/uploads\/2020\/11\/sweden-flag-icon-16.png\" alt=\"Sveriges flagga\" width=\"16\" height=\"10\" \/> <strong>Moa Carlsson<\/strong><\/td>\n<td style=\"width: 10.6352%; height: 26px;\">mot\u00a0\u00a0<\/td>\n<td style=\"width: 88.3597%; height: 26px;\"><img loading=\"lazy\" decoding=\"async\" class=\"size-full wp-image-134038 alignnone\" src=\"https:\/\/www.budokampsport.se\/wp-content\/uploads\/2022\/01\/saudi-arabia_flag-png-icon-16.png\" alt=\"\" width=\"16\" height=\"11\" \/>\u00a0Dana Alghussein<\/td>\n<\/tr>\n<\/tbody>\n<\/table>\n<h3>\u00a0<\/h3>\n<h3>Klara f\u00f6r semifinal (torsdag)<\/h3>\n<table style=\"border-collapse: collapse; width: 98.4279%; height: 105px;\">\n<tbody>\n<tr style=\"height: 27px;\">\n<td style=\"width: 20.9454%; height: 27px;\">-45 kg<\/td>\n<td style=\"width: 34.9666%; height: 27px;\"><img loading=\"lazy\" decoding=\"async\" class=\"size-full wp-image-122883 alignnone\" src=\"https:\/\/www.budokampsport.se\/wp-content\/uploads\/2020\/11\/sweden-flag-icon-16.png\" alt=\"Sveriges flagga\" width=\"16\" height=\"10\" \/> <strong>Camilla Danielsson<\/strong><\/td>\n<td style=\"width: 10.6794%; height: 27px;\">mot\u00a0\u00a0<\/td>\n<td style=\"width: 88.139%; height: 27px;\"><img loading=\"lazy\" decoding=\"async\" class=\"size-full wp-image-134067 alignnone\" src=\"https:\/\/www.budokampsport.se\/wp-content\/uploads\/2022\/01\/thailand_flag-png-icon-16.png\" alt=\"\" width=\"16\" height=\"11\" \/>\u00a0Arissara Noon-Eiad<\/td>\n<\/tr>\n<tr style=\"height: 26px;\">\n<td style=\"width: 20.9454%; height: 26px;\">-57 kg<\/td>\n<td style=\"width: 34.9666%; height: 26px;\"><img loading=\"lazy\" decoding=\"async\" class=\"size-full wp-image-122883 alignnone\" src=\"https:\/\/www.budokampsport.se\/wp-content\/uploads\/2020\/11\/sweden-flag-icon-16.png\" alt=\"Sveriges flagga\" width=\"16\" height=\"10\" \/> <strong>Patricia Axling\u00a0\u00a0<\/strong><\/td>\n<td style=\"width: 10.6794%; height: 26px;\">mot\u00a0<\/td>\n<td style=\"width: 88.139%; height: 26px;\"><img loading=\"lazy\" decoding=\"async\" class=\"size-full wp-image-127809 alignnone\" src=\"https:\/\/www.budokampsport.se\/wp-content\/uploads\/2021\/09\/turkey_flag-png-icon-16.png\" alt=\"\" width=\"16\" height=\"11\" \/>\u00a0Ay\u015fe Karaku\u015f<\/td>\n<\/tr>\n<tr style=\"height: 26px;\">\n<td style=\"width: 20.9454%; height: 26px;\">-60 kg<\/td>\n<td style=\"width: 34.9666%; height: 26px;\"><img loading=\"lazy\" decoding=\"async\" class=\"size-full wp-image-122883 alignnone\" src=\"https:\/\/www.budokampsport.se\/wp-content\/uploads\/2020\/11\/sweden-flag-icon-16.png\" alt=\"Sveriges flagga\" width=\"16\" height=\"10\" \/> <strong>Ewin Ates\u00a0<\/strong><\/td>\n<td style=\"width: 10.6794%; height: 26px;\">mot\u00a0\u00a0<\/td>\n<td style=\"width: 88.139%; height: 26px;\"><img loading=\"lazy\" decoding=\"async\" class=\"size-full wp-image-127807 alignnone\" src=\"https:\/\/www.budokampsport.se\/wp-content\/uploads\/2021\/09\/austria_flag-png-icon-16.png\" alt=\"\" width=\"16\" height=\"11\" \/>\u00a0Nina Scheucher<\/td>\n<\/tr>\n<tr style=\"height: 26px;\">\n<td style=\"width: 20.9454%; height: 26px;\">-67 kg<\/td>\n<td style=\"width: 34.9666%; height: 26px;\"><img loading=\"lazy\" decoding=\"async\" class=\"size-full wp-image-122883 alignnone\" src=\"https:\/\/www.budokampsport.se\/wp-content\/uploads\/2020\/11\/sweden-flag-icon-16.png\" alt=\"Sveriges flagga\" width=\"16\" height=\"10\" \/> <strong>Emma Stoneg\u00e5rd Abrahamsson<\/strong><\/td>\n<td style=\"width: 10.6794%; height: 26px;\">mot\u00a0\u00a0<\/td>\n<td style=\"width: 88.139%; height: 26px;\"><img loading=\"lazy\" decoding=\"async\" class=\"size-full wp-image-134123 alignnone\" src=\"https:\/\/www.budokampsport.se\/wp-content\/uploads\/2022\/01\/canada_flag-png-icon-16.png\" alt=\"\" width=\"16\" height=\"8\" \/>\u00a0Savannah Lee Foden<\/td>\n<\/tr>\n<tr>\n<td style=\"width: 20.9454%;\">-71 kg<\/td>\n<td style=\"width: 34.9666%;\"><img loading=\"lazy\" decoding=\"async\" class=\"size-full wp-image-122883 alignnone\" src=\"https:\/\/www.budokampsport.se\/wp-content\/uploads\/2020\/11\/sweden-flag-icon-16.png\" alt=\"Sveriges flagga\" width=\"16\" height=\"10\" \/> <strong>Angela Mamic<\/strong><\/td>\n<td style=\"width: 10.6794%;\">mot<\/td>\n<td style=\"width: 88.139%;\"><img loading=\"lazy\" decoding=\"async\" class=\"size-full wp-image-127809 alignnone\" src=\"https:\/\/www.budokampsport.se\/wp-content\/uploads\/2021\/09\/turkey_flag-png-icon-16.png\" alt=\"\" width=\"16\" height=\"11\" \/> Mensure Karadayi<\/td>\n<\/tr>\n<\/tbody>\n<\/table>\n<h3>\u00a0<\/h3>\n<h3>Stream<\/h3>\n<p>VM streamas p\u00e5 F\u00f6renade Arabemiratens thaiboxningsf\u00f6rbunds (UAM) <a href=\"https:\/\/www.youtube.com\/c\/UAMpro\" target=\"_blank\" rel=\"noopener\">youtube-kanal<\/a>.<\/p>\n<p>Text: Jonathan Broberg<\/p>\n<p>&nbsp;<\/p>\n","protected":false},"excerpt":{"rendered":"<p>THAIBOXNING. VM i thaiboxning p\u00e5g\u00e5r i Abu Dhabi och fem svenska medaljer \u00e4r redan s\u00e4krade, inf\u00f6r torsdagens och l\u00f6rdagens semifinal- respektive finalpass. Idag \u00e4r det herrarnas kvartsfinaler med bland andra Linus Bylander (bilden) i ringen.<br \/><br>(Foto: Ren\u00e9 Bon Costa)<\/p><br>","protected":false},"author":7,"featured_media":135550,"comment_status":"open","ping_status":"open","sticky":false,"template":"","format":"standard","meta":{"_acf_changed":false,"footnotes":""},"categories":[1],"tags":[],"class_list":["post-139871","post","type-post","status-publish","format-standard","has-post-thumbnail","hentry","category-okategoriserade"],"acf":[],"yoast_head":"<!-- This site is optimized with the Yoast SEO plugin v26.8 - https:\/\/yoast.com\/product\/yoast-seo-wordpress\/ -->\n<title>Flera svenska medaljer s\u00e4krade i thaiboxnings-VM - Svenska Budo &amp; Kampsportsf\u00f6rbundet<\/title>\n<meta name=\"description\" content=\"THAIBOXNING. VM i thaiboxning p\u00e5g\u00e5r i Abu Dhabi och fem svenska medaljer \u00e4r redan s\u00e4krade, inf\u00f6r torsdagens och l\u00f6rdagens semifinal- respektive finalpass. Idag \u00e4r det herrarnas kvartsfinaler med bland andra Linus Bylander (bilden) i ringen. (Foto: Ren\u00e9 Bon Costa)\" \/>\n<meta name=\"robots\" content=\"index, follow, max-snippet:-1, max-image-preview:large, max-video-preview:-1\" \/>\n<link rel=\"canonical\" href=\"https:\/\/www.budokampsport.se\/2022\/05\/31\/flera-svenska-medaljer-sakrade-i-thaiboxnings-vm\/\" \/>\n<meta property=\"og:locale\" content=\"sv_SE\" \/>\n<meta property=\"og:type\" content=\"article\" \/>\n<meta property=\"og:title\" content=\"Flera svenska medaljer s\u00e4krade i thaiboxnings-VM - Svenska Budo &amp; Kampsportsf\u00f6rbundet\" \/>\n<meta property=\"og:description\" content=\"THAIBOXNING. VM i thaiboxning p\u00e5g\u00e5r i Abu Dhabi och fem svenska medaljer \u00e4r redan s\u00e4krade, inf\u00f6r torsdagens och l\u00f6rdagens semifinal- respektive finalpass. Idag \u00e4r det herrarnas kvartsfinaler med bland andra Linus Bylander (bilden) i ringen. (Foto: Ren\u00e9 Bon Costa)\" \/>\n<meta property=\"og:url\" content=\"https:\/\/www.budokampsport.se\/2022\/05\/31\/flera-svenska-medaljer-sakrade-i-thaiboxnings-vm\/\" \/>\n<meta property=\"og:site_name\" content=\"Svenska Budo &amp; Kampsportsf\u00f6rbundet\" \/>\n<meta property=\"article:author\" content=\"https:\/\/www.facebook.com\/jonathan.broberg.7\" \/>\n<meta property=\"article:published_time\" content=\"2022-05-31T09:47:47+00:00\" \/>\n<meta property=\"article:modified_time\" content=\"2022-05-31T11:35:08+00:00\" \/>\n<meta property=\"og:image\" content=\"https:\/\/www.budokampsport.se\/wp-content\/uploads\/2022\/02\/linusbylanderem.jpg\" \/>\n\t<meta property=\"og:image:width\" content=\"1170\" \/>\n\t<meta property=\"og:image:height\" content=\"780\" \/>\n\t<meta property=\"og:image:type\" content=\"image\/jpeg\" \/>\n<meta name=\"author\" content=\"Jonathan Broberg\" \/>\n<meta name=\"twitter:card\" content=\"summary_large_image\" \/>\n<meta name=\"twitter:label1\" content=\"Skriven av\" \/>\n\t<meta name=\"twitter:data1\" content=\"Jonathan Broberg\" \/>\n\t<meta name=\"twitter:label2\" content=\"Ber\u00e4knad l\u00e4stid\" \/>\n\t<meta name=\"twitter:data2\" content=\"3 minuter\" \/>\n<script type=\"application\/ld+json\" class=\"yoast-schema-graph\">{\"@context\":\"https:\/\/schema.org\",\"@graph\":[{\"@type\":\"Article\",\"@id\":\"https:\/\/www.budokampsport.se\/2022\/05\/31\/flera-svenska-medaljer-sakrade-i-thaiboxnings-vm\/#article\",\"isPartOf\":{\"@id\":\"https:\/\/www.budokampsport.se\/2022\/05\/31\/flera-svenska-medaljer-sakrade-i-thaiboxnings-vm\/\"},\"author\":{\"name\":\"Jonathan Broberg\",\"@id\":\"https:\/\/www.budokampsport.se\/#\/schema\/person\/5c06d81d14850e2a8ce5493386560145\"},\"headline\":\"Flera svenska medaljer s\u00e4krade i thaiboxnings-VM\",\"datePublished\":\"2022-05-31T09:47:47+00:00\",\"dateModified\":\"2022-05-31T11:35:08+00:00\",\"mainEntityOfPage\":{\"@id\":\"https:\/\/www.budokampsport.se\/2022\/05\/31\/flera-svenska-medaljer-sakrade-i-thaiboxnings-vm\/\"},\"wordCount\":611,\"commentCount\":0,\"image\":{\"@id\":\"https:\/\/www.budokampsport.se\/2022\/05\/31\/flera-svenska-medaljer-sakrade-i-thaiboxnings-vm\/#primaryimage\"},\"thumbnailUrl\":\"https:\/\/www.budokampsport.se\/wp-content\/uploads\/2022\/02\/linusbylanderem.jpg\",\"inLanguage\":\"sv-SE\",\"potentialAction\":[{\"@type\":\"CommentAction\",\"name\":\"Comment\",\"target\":[\"https:\/\/www.budokampsport.se\/2022\/05\/31\/flera-svenska-medaljer-sakrade-i-thaiboxnings-vm\/#respond\"]}]},{\"@type\":\"WebPage\",\"@id\":\"https:\/\/www.budokampsport.se\/2022\/05\/31\/flera-svenska-medaljer-sakrade-i-thaiboxnings-vm\/\",\"url\":\"https:\/\/www.budokampsport.se\/2022\/05\/31\/flera-svenska-medaljer-sakrade-i-thaiboxnings-vm\/\",\"name\":\"Flera svenska medaljer s\u00e4krade i thaiboxnings-VM - Svenska Budo &amp; Kampsportsf\u00f6rbundet\",\"isPartOf\":{\"@id\":\"https:\/\/www.budokampsport.se\/#website\"},\"primaryImageOfPage\":{\"@id\":\"https:\/\/www.budokampsport.se\/2022\/05\/31\/flera-svenska-medaljer-sakrade-i-thaiboxnings-vm\/#primaryimage\"},\"image\":{\"@id\":\"https:\/\/www.budokampsport.se\/2022\/05\/31\/flera-svenska-medaljer-sakrade-i-thaiboxnings-vm\/#primaryimage\"},\"thumbnailUrl\":\"https:\/\/www.budokampsport.se\/wp-content\/uploads\/2022\/02\/linusbylanderem.jpg\",\"datePublished\":\"2022-05-31T09:47:47+00:00\",\"dateModified\":\"2022-05-31T11:35:08+00:00\",\"author\":{\"@id\":\"https:\/\/www.budokampsport.se\/#\/schema\/person\/5c06d81d14850e2a8ce5493386560145\"},\"description\":\"THAIBOXNING. VM i thaiboxning p\u00e5g\u00e5r i Abu Dhabi och fem svenska medaljer \u00e4r redan s\u00e4krade, inf\u00f6r torsdagens och l\u00f6rdagens semifinal- respektive finalpass. Idag \u00e4r det herrarnas kvartsfinaler med bland andra Linus Bylander (bilden) i ringen. (Foto: Ren\u00e9 Bon Costa)\",\"breadcrumb\":{\"@id\":\"https:\/\/www.budokampsport.se\/2022\/05\/31\/flera-svenska-medaljer-sakrade-i-thaiboxnings-vm\/#breadcrumb\"},\"inLanguage\":\"sv-SE\",\"potentialAction\":[{\"@type\":\"ReadAction\",\"target\":[\"https:\/\/www.budokampsport.se\/2022\/05\/31\/flera-svenska-medaljer-sakrade-i-thaiboxnings-vm\/\"]}]},{\"@type\":\"ImageObject\",\"inLanguage\":\"sv-SE\",\"@id\":\"https:\/\/www.budokampsport.se\/2022\/05\/31\/flera-svenska-medaljer-sakrade-i-thaiboxnings-vm\/#primaryimage\",\"url\":\"https:\/\/www.budokampsport.se\/wp-content\/uploads\/2022\/02\/linusbylanderem.jpg\",\"contentUrl\":\"https:\/\/www.budokampsport.se\/wp-content\/uploads\/2022\/02\/linusbylanderem.jpg\",\"width\":1170,\"height\":780,\"caption\":\"Linus Bylander efter seger i kvartsfinal i EM 2022. Foto: Ren\u00e9 Bon Costa.\"},{\"@type\":\"BreadcrumbList\",\"@id\":\"https:\/\/www.budokampsport.se\/2022\/05\/31\/flera-svenska-medaljer-sakrade-i-thaiboxnings-vm\/#breadcrumb\",\"itemListElement\":[{\"@type\":\"ListItem\",\"position\":1,\"name\":\"Hem\",\"item\":\"https:\/\/www.budokampsport.se\/\"},{\"@type\":\"ListItem\",\"position\":2,\"name\":\"Flera svenska medaljer s\u00e4krade i thaiboxnings-VM\"}]},{\"@type\":\"WebSite\",\"@id\":\"https:\/\/www.budokampsport.se\/#website\",\"url\":\"https:\/\/www.budokampsport.se\/\",\"name\":\"Svenska Budo &amp; Kampsportsf\u00f6rbundet\",\"description\":\"T\u00e4vling, Tr\u00e4ning, Tradition\",\"potentialAction\":[{\"@type\":\"SearchAction\",\"target\":{\"@type\":\"EntryPoint\",\"urlTemplate\":\"https:\/\/www.budokampsport.se\/?s={search_term_string}\"},\"query-input\":{\"@type\":\"PropertyValueSpecification\",\"valueRequired\":true,\"valueName\":\"search_term_string\"}}],\"inLanguage\":\"sv-SE\"},{\"@type\":\"Person\",\"@id\":\"https:\/\/www.budokampsport.se\/#\/schema\/person\/5c06d81d14850e2a8ce5493386560145\",\"name\":\"Jonathan Broberg\",\"image\":{\"@type\":\"ImageObject\",\"inLanguage\":\"sv-SE\",\"@id\":\"https:\/\/www.budokampsport.se\/#\/schema\/person\/image\/\",\"url\":\"https:\/\/secure.gravatar.com\/avatar\/a58041c6cea9128bd9c40ee2f26d4136?s=96&d=blank&r=g\",\"contentUrl\":\"https:\/\/secure.gravatar.com\/avatar\/a58041c6cea9128bd9c40ee2f26d4136?s=96&d=blank&r=g\",\"caption\":\"Jonathan Broberg\"},\"sameAs\":[\"https:\/\/www.facebook.com\/jonathan.broberg.7\"],\"url\":\"https:\/\/www.budokampsport.se\/author\/jonathan\/\"}]}<\/script>\n<!-- \/ Yoast SEO plugin. -->","yoast_head_json":{"title":"Flera svenska medaljer s\u00e4krade i thaiboxnings-VM - Svenska Budo &amp; Kampsportsf\u00f6rbundet","description":"THAIBOXNING. VM i thaiboxning p\u00e5g\u00e5r i Abu Dhabi och fem svenska medaljer \u00e4r redan s\u00e4krade, inf\u00f6r torsdagens och l\u00f6rdagens semifinal- respektive finalpass. Idag \u00e4r det herrarnas kvartsfinaler med bland andra Linus Bylander (bilden) i ringen. (Foto: Ren\u00e9 Bon Costa)","robots":{"index":"index","follow":"follow","max-snippet":"max-snippet:-1","max-image-preview":"max-image-preview:large","max-video-preview":"max-video-preview:-1"},"canonical":"https:\/\/www.budokampsport.se\/2022\/05\/31\/flera-svenska-medaljer-sakrade-i-thaiboxnings-vm\/","og_locale":"sv_SE","og_type":"article","og_title":"Flera svenska medaljer s\u00e4krade i thaiboxnings-VM - Svenska Budo &amp; Kampsportsf\u00f6rbundet","og_description":"THAIBOXNING. VM i thaiboxning p\u00e5g\u00e5r i Abu Dhabi och fem svenska medaljer \u00e4r redan s\u00e4krade, inf\u00f6r torsdagens och l\u00f6rdagens semifinal- respektive finalpass. Idag \u00e4r det herrarnas kvartsfinaler med bland andra Linus Bylander (bilden) i ringen. (Foto: Ren\u00e9 Bon Costa)","og_url":"https:\/\/www.budokampsport.se\/2022\/05\/31\/flera-svenska-medaljer-sakrade-i-thaiboxnings-vm\/","og_site_name":"Svenska Budo &amp; Kampsportsf\u00f6rbundet","article_author":"https:\/\/www.facebook.com\/jonathan.broberg.7","article_published_time":"2022-05-31T09:47:47+00:00","article_modified_time":"2022-05-31T11:35:08+00:00","og_image":[{"width":1170,"height":780,"url":"https:\/\/www.budokampsport.se\/wp-content\/uploads\/2022\/02\/linusbylanderem.jpg","type":"image\/jpeg"}],"author":"Jonathan Broberg","twitter_card":"summary_large_image","twitter_misc":{"Skriven av":"Jonathan Broberg","Ber\u00e4knad l\u00e4stid":"3 minuter"},"schema":{"@context":"https:\/\/schema.org","@graph":[{"@type":"Article","@id":"https:\/\/www.budokampsport.se\/2022\/05\/31\/flera-svenska-medaljer-sakrade-i-thaiboxnings-vm\/#article","isPartOf":{"@id":"https:\/\/www.budokampsport.se\/2022\/05\/31\/flera-svenska-medaljer-sakrade-i-thaiboxnings-vm\/"},"author":{"name":"Jonathan Broberg","@id":"https:\/\/www.budokampsport.se\/#\/schema\/person\/5c06d81d14850e2a8ce5493386560145"},"headline":"Flera svenska medaljer s\u00e4krade i thaiboxnings-VM","datePublished":"2022-05-31T09:47:47+00:00","dateModified":"2022-05-31T11:35:08+00:00","mainEntityOfPage":{"@id":"https:\/\/www.budokampsport.se\/2022\/05\/31\/flera-svenska-medaljer-sakrade-i-thaiboxnings-vm\/"},"wordCount":611,"commentCount":0,"image":{"@id":"https:\/\/www.budokampsport.se\/2022\/05\/31\/flera-svenska-medaljer-sakrade-i-thaiboxnings-vm\/#primaryimage"},"thumbnailUrl":"https:\/\/www.budokampsport.se\/wp-content\/uploads\/2022\/02\/linusbylanderem.jpg","inLanguage":"sv-SE","potentialAction":[{"@type":"CommentAction","name":"Comment","target":["https:\/\/www.budokampsport.se\/2022\/05\/31\/flera-svenska-medaljer-sakrade-i-thaiboxnings-vm\/#respond"]}]},{"@type":"WebPage","@id":"https:\/\/www.budokampsport.se\/2022\/05\/31\/flera-svenska-medaljer-sakrade-i-thaiboxnings-vm\/","url":"https:\/\/www.budokampsport.se\/2022\/05\/31\/flera-svenska-medaljer-sakrade-i-thaiboxnings-vm\/","name":"Flera svenska medaljer s\u00e4krade i thaiboxnings-VM - Svenska Budo &amp; Kampsportsf\u00f6rbundet","isPartOf":{"@id":"https:\/\/www.budokampsport.se\/#website"},"primaryImageOfPage":{"@id":"https:\/\/www.budokampsport.se\/2022\/05\/31\/flera-svenska-medaljer-sakrade-i-thaiboxnings-vm\/#primaryimage"},"image":{"@id":"https:\/\/www.budokampsport.se\/2022\/05\/31\/flera-svenska-medaljer-sakrade-i-thaiboxnings-vm\/#primaryimage"},"thumbnailUrl":"https:\/\/www.budokampsport.se\/wp-content\/uploads\/2022\/02\/linusbylanderem.jpg","datePublished":"2022-05-31T09:47:47+00:00","dateModified":"2022-05-31T11:35:08+00:00","author":{"@id":"https:\/\/www.budokampsport.se\/#\/schema\/person\/5c06d81d14850e2a8ce5493386560145"},"description":"THAIBOXNING. VM i thaiboxning p\u00e5g\u00e5r i Abu Dhabi och fem svenska medaljer \u00e4r redan s\u00e4krade, inf\u00f6r torsdagens och l\u00f6rdagens semifinal- respektive finalpass. Idag \u00e4r det herrarnas kvartsfinaler med bland andra Linus Bylander (bilden) i ringen. (Foto: Ren\u00e9 Bon Costa)","breadcrumb":{"@id":"https:\/\/www.budokampsport.se\/2022\/05\/31\/flera-svenska-medaljer-sakrade-i-thaiboxnings-vm\/#breadcrumb"},"inLanguage":"sv-SE","potentialAction":[{"@type":"ReadAction","target":["https:\/\/www.budokampsport.se\/2022\/05\/31\/flera-svenska-medaljer-sakrade-i-thaiboxnings-vm\/"]}]},{"@type":"ImageObject","inLanguage":"sv-SE","@id":"https:\/\/www.budokampsport.se\/2022\/05\/31\/flera-svenska-medaljer-sakrade-i-thaiboxnings-vm\/#primaryimage","url":"https:\/\/www.budokampsport.se\/wp-content\/uploads\/2022\/02\/linusbylanderem.jpg","contentUrl":"https:\/\/www.budokampsport.se\/wp-content\/uploads\/2022\/02\/linusbylanderem.jpg","width":1170,"height":780,"caption":"Linus Bylander efter seger i kvartsfinal i EM 2022. Foto: Ren\u00e9 Bon Costa."},{"@type":"BreadcrumbList","@id":"https:\/\/www.budokampsport.se\/2022\/05\/31\/flera-svenska-medaljer-sakrade-i-thaiboxnings-vm\/#breadcrumb","itemListElement":[{"@type":"ListItem","position":1,"name":"Hem","item":"https:\/\/www.budokampsport.se\/"},{"@type":"ListItem","position":2,"name":"Flera svenska medaljer s\u00e4krade i thaiboxnings-VM"}]},{"@type":"WebSite","@id":"https:\/\/www.budokampsport.se\/#website","url":"https:\/\/www.budokampsport.se\/","name":"Svenska Budo &amp; Kampsportsf\u00f6rbundet","description":"T\u00e4vling, Tr\u00e4ning, Tradition","potentialAction":[{"@type":"SearchAction","target":{"@type":"EntryPoint","urlTemplate":"https:\/\/www.budokampsport.se\/?s={search_term_string}"},"query-input":{"@type":"PropertyValueSpecification","valueRequired":true,"valueName":"search_term_string"}}],"inLanguage":"sv-SE"},{"@type":"Person","@id":"https:\/\/www.budokampsport.se\/#\/schema\/person\/5c06d81d14850e2a8ce5493386560145","name":"Jonathan Broberg","image":{"@type":"ImageObject","inLanguage":"sv-SE","@id":"https:\/\/www.budokampsport.se\/#\/schema\/person\/image\/","url":"https:\/\/secure.gravatar.com\/avatar\/a58041c6cea9128bd9c40ee2f26d4136?s=96&d=blank&r=g","contentUrl":"https:\/\/secure.gravatar.com\/avatar\/a58041c6cea9128bd9c40ee2f26d4136?s=96&d=blank&r=g","caption":"Jonathan Broberg"},"sameAs":["https:\/\/www.facebook.com\/jonathan.broberg.7"],"url":"https:\/\/www.budokampsport.se\/author\/jonathan\/"}]}},"_links":{"self":[{"href":"https:\/\/www.budokampsport.se\/api\/wp\/v2\/posts\/139871","targetHints":{"allow":["GET"]}}],"collection":[{"href":"https:\/\/www.budokampsport.se\/api\/wp\/v2\/posts"}],"about":[{"href":"https:\/\/www.budokampsport.se\/api\/wp\/v2\/types\/post"}],"author":[{"embeddable":true,"href":"https:\/\/www.budokampsport.se\/api\/wp\/v2\/users\/7"}],"replies":[{"embeddable":true,"href":"https:\/\/www.budokampsport.se\/api\/wp\/v2\/comments?post=139871"}],"version-history":[{"count":0,"href":"https:\/\/www.budokampsport.se\/api\/wp\/v2\/posts\/139871\/revisions"}],"wp:featuredmedia":[{"embeddable":true,"href":"https:\/\/www.budokampsport.se\/api\/wp\/v2\/media\/135550"}],"wp:attachment":[{"href":"https:\/\/www.budokampsport.se\/api\/wp\/v2\/media?parent=139871"}],"wp:term":[{"taxonomy":"category","embeddable":true,"href":"https:\/\/www.budokampsport.se\/api\/wp\/v2\/categories?post=139871"},{"taxonomy":"post_tag","embeddable":true,"href":"https:\/\/www.budokampsport.se\/api\/wp\/v2\/tags?post=139871"}],"curies":[{"name":"wp","href":"https:\/\/api.w.org\/{rel}","templated":true}]}}