{"id":139904,"date":"2022-05-31T17:56:29","date_gmt":"2022-05-31T15:56:29","guid":{"rendered":"https:\/\/www.budokampsport.se\/?p=139904"},"modified":"2022-05-31T19:13:28","modified_gmt":"2022-05-31T17:13:28","slug":"semifinalklara-svenskar-i-vm-i-thaiboxning","status":"publish","type":"post","link":"https:\/\/www.budokampsport.se\/2022\/05\/31\/semifinalklara-svenskar-i-vm-i-thaiboxning\/","title":{"rendered":"Semifinalklara svenskar i VM i thaiboxning"},"content":{"rendered":"<p>Vi har tidigare rapporterat om <a href=\"https:\/\/www.budokampsport.se\/2022\/05\/31\/flera-svenska-medaljer-sakrade-i-thaiboxnings-vm\/\" target=\"_blank\" rel=\"noopener\">s\u00e4krade svenska medaljer<\/a> i VM i thaiboxning i Abu Dhabi.<\/p>\n<p>Nu kan de adderas med ytterligare tv\u00e5 klara medaljer. Det som nu \u00e5terst\u00e5r \u00e4r endast att avg\u00f6ra medaljernas val\u00f6rer.<\/p>\n<p>F\u00f6r i herrarnas -63,5-kilosklass lyckades <strong>Linus Bylander<\/strong>, <a href=\"https:\/\/www.budokampsport.se\/2022\/02\/20\/em-guld-i-thaiboxning-till-patricia-axling\/\" target=\"_blank\" rel=\"noopener\">som i v\u00e5ras vann EM-silver<\/a>, att v\u00e4nda ett hotande underl\u00e4ge efter f\u00f6rsta ronden till en solklar seger n\u00e4r de tre ronderna summerades. Segersiffrorna \u00f6ver ungraren L\u00e1szl\u00f3 Istv\u00e1n Kurdy skrevs tillslut till 29-26. P\u00e5 torsdag v\u00e4ntar semifinal f\u00f6r Bylander som d\u00e5 m\u00f6ter iraniern Masuod Abdolmalki.<\/p>\n<p>D\u00e4remot blev det f\u00f6rlust f\u00f6r <b>Rasmus Eriksson<\/b> i -71 kg. Kazaken Ruslan Zayakin vann samtliga tre ronder.\u00a0<\/p>\n<p>F\u00f6rlust blev det ocks\u00e5 f\u00f6r <b>Javad Vahid Reza<\/b>. I en j\u00e4mn match vann Samet Kartal fr\u00e5n Turkiet med 29-28.<\/p>\n<h3>Carlsson i U23-semifinal imorgon<\/h3>\n<p>I U23-klassen imponerade <strong>Moa Carlsson<\/strong> i sin kvartsfinal mot Dana Alghussein fr\u00e5n Saudiarabien. Carlsson st\u00e4lls imorgon, onsdag, mot Armita Soleimani fr\u00e5n Iran i semifinal.<\/p>\n<h3>Svenskar i semifinal p\u00e5 torsdag<\/h3>\n<table style=\"border-collapse: collapse; width: 98.4279%; height: 177px;\">\n<tbody>\n<tr style=\"height: 27px;\">\n<td style=\"width: 20.9454%; height: 27px;\">-45 kg<\/td>\n<td style=\"width: 34.9666%; height: 27px;\"><img loading=\"lazy\" decoding=\"async\" class=\"size-full wp-image-122883 alignnone\" src=\"https:\/\/www.budokampsport.se\/wp-content\/uploads\/2020\/11\/sweden-flag-icon-16.png\" alt=\"Sveriges flagga\" width=\"16\" height=\"10\" \/> <strong>Camilla Danielsson<\/strong><\/td>\n<td style=\"width: 10.6794%; height: 27px;\">mot\u00a0\u00a0<\/td>\n<td style=\"width: 88.139%; height: 27px;\"><img loading=\"lazy\" decoding=\"async\" class=\"size-full wp-image-134067 alignnone\" src=\"https:\/\/www.budokampsport.se\/wp-content\/uploads\/2022\/01\/thailand_flag-png-icon-16.png\" alt=\"\" width=\"16\" height=\"11\" \/>\u00a0Arissara Noon-Eiad<\/td>\n<\/tr>\n<tr style=\"height: 26px;\">\n<td style=\"width: 20.9454%; height: 26px;\">-57 kg<\/td>\n<td style=\"width: 34.9666%; height: 26px;\"><img loading=\"lazy\" decoding=\"async\" class=\"size-full wp-image-122883 alignnone\" src=\"https:\/\/www.budokampsport.se\/wp-content\/uploads\/2020\/11\/sweden-flag-icon-16.png\" alt=\"Sveriges flagga\" width=\"16\" height=\"10\" \/> <strong>Patricia Axling\u00a0\u00a0<\/strong><\/td>\n<td style=\"width: 10.6794%; height: 26px;\">mot\u00a0<\/td>\n<td style=\"width: 88.139%; height: 26px;\"><img loading=\"lazy\" decoding=\"async\" class=\"size-full wp-image-127809 alignnone\" src=\"https:\/\/www.budokampsport.se\/wp-content\/uploads\/2021\/09\/turkey_flag-png-icon-16.png\" alt=\"\" width=\"16\" height=\"11\" \/>\u00a0Ay\u015fe Karaku\u015f<\/td>\n<\/tr>\n<tr style=\"height: 26px;\">\n<td style=\"width: 20.9454%; height: 26px;\">-60 kg<\/td>\n<td style=\"width: 34.9666%; height: 26px;\"><img loading=\"lazy\" decoding=\"async\" class=\"size-full wp-image-122883 alignnone\" src=\"https:\/\/www.budokampsport.se\/wp-content\/uploads\/2020\/11\/sweden-flag-icon-16.png\" alt=\"Sveriges flagga\" width=\"16\" height=\"10\" \/> <strong>Ewin Ates\u00a0<\/strong><\/td>\n<td style=\"width: 10.6794%; height: 26px;\">mot\u00a0\u00a0<\/td>\n<td style=\"width: 88.139%; height: 26px;\"><img loading=\"lazy\" decoding=\"async\" class=\"size-full wp-image-127807 alignnone\" src=\"https:\/\/www.budokampsport.se\/wp-content\/uploads\/2021\/09\/austria_flag-png-icon-16.png\" alt=\"\" width=\"16\" height=\"11\" \/>\u00a0Nina Scheucher<\/td>\n<\/tr>\n<tr style=\"height: 26px;\">\n<td style=\"width: 20.9454%; height: 26px;\">-67 kg<\/td>\n<td style=\"width: 34.9666%; height: 26px;\"><img loading=\"lazy\" decoding=\"async\" class=\"size-full wp-image-122883 alignnone\" src=\"https:\/\/www.budokampsport.se\/wp-content\/uploads\/2020\/11\/sweden-flag-icon-16.png\" alt=\"Sveriges flagga\" width=\"16\" height=\"10\" \/> <strong>Emma Stoneg\u00e5rd Abrahamsson<\/strong><\/td>\n<td style=\"width: 10.6794%; height: 26px;\">mot\u00a0\u00a0<\/td>\n<td style=\"width: 88.139%; height: 26px;\"><img loading=\"lazy\" decoding=\"async\" class=\"size-full wp-image-134123 alignnone\" src=\"https:\/\/www.budokampsport.se\/wp-content\/uploads\/2022\/01\/canada_flag-png-icon-16.png\" alt=\"\" width=\"16\" height=\"8\" \/>\u00a0Savannah Lee Foden<\/td>\n<\/tr>\n<tr style=\"height: 24px;\">\n<td style=\"width: 20.9454%; height: 24px;\">-71 kg<\/td>\n<td style=\"width: 34.9666%; height: 24px;\"><img loading=\"lazy\" decoding=\"async\" class=\"size-full wp-image-122883 alignnone\" src=\"https:\/\/www.budokampsport.se\/wp-content\/uploads\/2020\/11\/sweden-flag-icon-16.png\" alt=\"Sveriges flagga\" width=\"16\" height=\"10\" \/> <strong>Angela Mamic<\/strong><\/td>\n<td style=\"width: 10.6794%; height: 24px;\">mot<\/td>\n<td style=\"width: 88.139%; height: 24px;\"><img loading=\"lazy\" decoding=\"async\" class=\"size-full wp-image-127809 alignnone\" src=\"https:\/\/www.budokampsport.se\/wp-content\/uploads\/2021\/09\/turkey_flag-png-icon-16.png\" alt=\"\" width=\"16\" height=\"11\" \/> Mensure Karadayi<\/td>\n<\/tr>\n<tr style=\"height: 24px;\">\n<td style=\"width: 20.9454%; height: 24px;\">-63,5 kg<\/td>\n<td style=\"width: 34.9666%; height: 24px;\"><img loading=\"lazy\" decoding=\"async\" class=\"size-full wp-image-122883 alignnone\" src=\"https:\/\/www.budokampsport.se\/wp-content\/uploads\/2020\/11\/sweden-flag-icon-16.png\" alt=\"Sveriges flagga\" width=\"16\" height=\"10\" \/> <strong>Linus Bylander<\/strong><\/td>\n<td style=\"width: 10.6794%; height: 24px;\">mot<\/td>\n<td style=\"width: 88.139%; height: 24px;\"><img loading=\"lazy\" decoding=\"async\" class=\"size-full wp-image-134179 alignnone\" src=\"https:\/\/www.budokampsport.se\/wp-content\/uploads\/2022\/01\/iran_flag-png-icon-16.png\" alt=\"\" width=\"16\" height=\"9\" \/> Masuod Abdolmalki<\/td>\n<\/tr>\n<\/tbody>\n<\/table>\n<p>&nbsp;<\/p>\n<p>Text: Jonathan Broberg<\/p>\n","protected":false},"excerpt":{"rendered":"<p>THAIBOXNING. Linus Bylander (bilden) ansluter till semifinalpassen i thaiboxnings-VM som g\u00e5r p\u00e5 torsdag. Det g\u00f6r \u00e4ven junioren Moa Carlsson som \u00e4r semifinalklar i U23-klassen.<br \/><br>(Foto: Ren\u00e9 Bon Costa)<\/p><br>","protected":false},"author":7,"featured_media":135617,"comment_status":"open","ping_status":"open","sticky":false,"template":"","format":"standard","meta":{"_acf_changed":false,"footnotes":""},"categories":[1],"tags":[],"class_list":["post-139904","post","type-post","status-publish","format-standard","has-post-thumbnail","hentry","category-okategoriserade"],"acf":[],"yoast_head":"<!-- This site is optimized with the Yoast SEO plugin v26.8 - https:\/\/yoast.com\/product\/yoast-seo-wordpress\/ -->\n<title>Semifinalklara svenskar i VM i thaiboxning - Svenska Budo &amp; Kampsportsf\u00f6rbundet<\/title>\n<meta name=\"description\" content=\"THAIBOXNING. Linus Bylander (bilden) ansluter till semifinalpassen i thaiboxnings-VM som g\u00e5r p\u00e5 torsdag. Det g\u00f6r \u00e4ven junioren Moa Carlsson som \u00e4r semifinalklar i U23-klassen. (Foto: Ren\u00e9 Bon Costa)\" \/>\n<meta name=\"robots\" content=\"index, follow, max-snippet:-1, max-image-preview:large, max-video-preview:-1\" \/>\n<link rel=\"canonical\" href=\"https:\/\/www.budokampsport.se\/2022\/05\/31\/semifinalklara-svenskar-i-vm-i-thaiboxning\/\" \/>\n<meta property=\"og:locale\" content=\"sv_SE\" \/>\n<meta property=\"og:type\" content=\"article\" \/>\n<meta property=\"og:title\" content=\"Semifinalklara svenskar i VM i thaiboxning - Svenska Budo &amp; Kampsportsf\u00f6rbundet\" \/>\n<meta property=\"og:description\" content=\"THAIBOXNING. Linus Bylander (bilden) ansluter till semifinalpassen i thaiboxnings-VM som g\u00e5r p\u00e5 torsdag. Det g\u00f6r \u00e4ven junioren Moa Carlsson som \u00e4r semifinalklar i U23-klassen. (Foto: Ren\u00e9 Bon Costa)\" \/>\n<meta property=\"og:url\" content=\"https:\/\/www.budokampsport.se\/2022\/05\/31\/semifinalklara-svenskar-i-vm-i-thaiboxning\/\" \/>\n<meta property=\"og:site_name\" content=\"Svenska Budo &amp; Kampsportsf\u00f6rbundet\" \/>\n<meta property=\"article:author\" content=\"https:\/\/www.facebook.com\/jonathan.broberg.7\" \/>\n<meta property=\"article:published_time\" content=\"2022-05-31T15:56:29+00:00\" \/>\n<meta property=\"article:modified_time\" content=\"2022-05-31T17:13:28+00:00\" \/>\n<meta property=\"og:image\" content=\"https:\/\/www.budokampsport.se\/wp-content\/uploads\/2022\/02\/Linus-Bylander.jpg\" \/>\n\t<meta property=\"og:image:width\" content=\"850\" \/>\n\t<meta property=\"og:image:height\" content=\"526\" \/>\n\t<meta property=\"og:image:type\" content=\"image\/jpeg\" \/>\n<meta name=\"author\" content=\"Jonathan Broberg\" \/>\n<meta name=\"twitter:card\" content=\"summary_large_image\" \/>\n<meta name=\"twitter:label1\" content=\"Skriven av\" \/>\n\t<meta name=\"twitter:data1\" content=\"Jonathan Broberg\" \/>\n\t<meta name=\"twitter:label2\" content=\"Ber\u00e4knad l\u00e4stid\" \/>\n\t<meta name=\"twitter:data2\" content=\"1 minut\" \/>\n<script type=\"application\/ld+json\" class=\"yoast-schema-graph\">{\"@context\":\"https:\/\/schema.org\",\"@graph\":[{\"@type\":\"Article\",\"@id\":\"https:\/\/www.budokampsport.se\/2022\/05\/31\/semifinalklara-svenskar-i-vm-i-thaiboxning\/#article\",\"isPartOf\":{\"@id\":\"https:\/\/www.budokampsport.se\/2022\/05\/31\/semifinalklara-svenskar-i-vm-i-thaiboxning\/\"},\"author\":{\"name\":\"Jonathan Broberg\",\"@id\":\"https:\/\/www.budokampsport.se\/#\/schema\/person\/5c06d81d14850e2a8ce5493386560145\"},\"headline\":\"Semifinalklara svenskar i VM i thaiboxning\",\"datePublished\":\"2022-05-31T15:56:29+00:00\",\"dateModified\":\"2022-05-31T17:13:28+00:00\",\"mainEntityOfPage\":{\"@id\":\"https:\/\/www.budokampsport.se\/2022\/05\/31\/semifinalklara-svenskar-i-vm-i-thaiboxning\/\"},\"wordCount\":238,\"commentCount\":0,\"image\":{\"@id\":\"https:\/\/www.budokampsport.se\/2022\/05\/31\/semifinalklara-svenskar-i-vm-i-thaiboxning\/#primaryimage\"},\"thumbnailUrl\":\"https:\/\/www.budokampsport.se\/wp-content\/uploads\/2022\/02\/Linus-Bylander.jpg\",\"inLanguage\":\"sv-SE\",\"potentialAction\":[{\"@type\":\"CommentAction\",\"name\":\"Comment\",\"target\":[\"https:\/\/www.budokampsport.se\/2022\/05\/31\/semifinalklara-svenskar-i-vm-i-thaiboxning\/#respond\"]}]},{\"@type\":\"WebPage\",\"@id\":\"https:\/\/www.budokampsport.se\/2022\/05\/31\/semifinalklara-svenskar-i-vm-i-thaiboxning\/\",\"url\":\"https:\/\/www.budokampsport.se\/2022\/05\/31\/semifinalklara-svenskar-i-vm-i-thaiboxning\/\",\"name\":\"Semifinalklara svenskar i VM i thaiboxning - Svenska Budo &amp; Kampsportsf\u00f6rbundet\",\"isPartOf\":{\"@id\":\"https:\/\/www.budokampsport.se\/#website\"},\"primaryImageOfPage\":{\"@id\":\"https:\/\/www.budokampsport.se\/2022\/05\/31\/semifinalklara-svenskar-i-vm-i-thaiboxning\/#primaryimage\"},\"image\":{\"@id\":\"https:\/\/www.budokampsport.se\/2022\/05\/31\/semifinalklara-svenskar-i-vm-i-thaiboxning\/#primaryimage\"},\"thumbnailUrl\":\"https:\/\/www.budokampsport.se\/wp-content\/uploads\/2022\/02\/Linus-Bylander.jpg\",\"datePublished\":\"2022-05-31T15:56:29+00:00\",\"dateModified\":\"2022-05-31T17:13:28+00:00\",\"author\":{\"@id\":\"https:\/\/www.budokampsport.se\/#\/schema\/person\/5c06d81d14850e2a8ce5493386560145\"},\"description\":\"THAIBOXNING. Linus Bylander (bilden) ansluter till semifinalpassen i thaiboxnings-VM som g\u00e5r p\u00e5 torsdag. Det g\u00f6r \u00e4ven junioren Moa Carlsson som \u00e4r semifinalklar i U23-klassen. (Foto: Ren\u00e9 Bon Costa)\",\"breadcrumb\":{\"@id\":\"https:\/\/www.budokampsport.se\/2022\/05\/31\/semifinalklara-svenskar-i-vm-i-thaiboxning\/#breadcrumb\"},\"inLanguage\":\"sv-SE\",\"potentialAction\":[{\"@type\":\"ReadAction\",\"target\":[\"https:\/\/www.budokampsport.se\/2022\/05\/31\/semifinalklara-svenskar-i-vm-i-thaiboxning\/\"]}]},{\"@type\":\"ImageObject\",\"inLanguage\":\"sv-SE\",\"@id\":\"https:\/\/www.budokampsport.se\/2022\/05\/31\/semifinalklara-svenskar-i-vm-i-thaiboxning\/#primaryimage\",\"url\":\"https:\/\/www.budokampsport.se\/wp-content\/uploads\/2022\/02\/Linus-Bylander.jpg\",\"contentUrl\":\"https:\/\/www.budokampsport.se\/wp-content\/uploads\/2022\/02\/Linus-Bylander.jpg\",\"width\":850,\"height\":526},{\"@type\":\"BreadcrumbList\",\"@id\":\"https:\/\/www.budokampsport.se\/2022\/05\/31\/semifinalklara-svenskar-i-vm-i-thaiboxning\/#breadcrumb\",\"itemListElement\":[{\"@type\":\"ListItem\",\"position\":1,\"name\":\"Hem\",\"item\":\"https:\/\/www.budokampsport.se\/\"},{\"@type\":\"ListItem\",\"position\":2,\"name\":\"Semifinalklara svenskar i VM i thaiboxning\"}]},{\"@type\":\"WebSite\",\"@id\":\"https:\/\/www.budokampsport.se\/#website\",\"url\":\"https:\/\/www.budokampsport.se\/\",\"name\":\"Svenska Budo &amp; Kampsportsf\u00f6rbundet\",\"description\":\"T\u00e4vling, Tr\u00e4ning, Tradition\",\"potentialAction\":[{\"@type\":\"SearchAction\",\"target\":{\"@type\":\"EntryPoint\",\"urlTemplate\":\"https:\/\/www.budokampsport.se\/?s={search_term_string}\"},\"query-input\":{\"@type\":\"PropertyValueSpecification\",\"valueRequired\":true,\"valueName\":\"search_term_string\"}}],\"inLanguage\":\"sv-SE\"},{\"@type\":\"Person\",\"@id\":\"https:\/\/www.budokampsport.se\/#\/schema\/person\/5c06d81d14850e2a8ce5493386560145\",\"name\":\"Jonathan Broberg\",\"image\":{\"@type\":\"ImageObject\",\"inLanguage\":\"sv-SE\",\"@id\":\"https:\/\/www.budokampsport.se\/#\/schema\/person\/image\/\",\"url\":\"https:\/\/secure.gravatar.com\/avatar\/a58041c6cea9128bd9c40ee2f26d4136?s=96&d=blank&r=g\",\"contentUrl\":\"https:\/\/secure.gravatar.com\/avatar\/a58041c6cea9128bd9c40ee2f26d4136?s=96&d=blank&r=g\",\"caption\":\"Jonathan Broberg\"},\"sameAs\":[\"https:\/\/www.facebook.com\/jonathan.broberg.7\"],\"url\":\"https:\/\/www.budokampsport.se\/author\/jonathan\/\"}]}<\/script>\n<!-- \/ Yoast SEO plugin. -->","yoast_head_json":{"title":"Semifinalklara svenskar i VM i thaiboxning - Svenska Budo &amp; Kampsportsf\u00f6rbundet","description":"THAIBOXNING. Linus Bylander (bilden) ansluter till semifinalpassen i thaiboxnings-VM som g\u00e5r p\u00e5 torsdag. Det g\u00f6r \u00e4ven junioren Moa Carlsson som \u00e4r semifinalklar i U23-klassen. (Foto: Ren\u00e9 Bon Costa)","robots":{"index":"index","follow":"follow","max-snippet":"max-snippet:-1","max-image-preview":"max-image-preview:large","max-video-preview":"max-video-preview:-1"},"canonical":"https:\/\/www.budokampsport.se\/2022\/05\/31\/semifinalklara-svenskar-i-vm-i-thaiboxning\/","og_locale":"sv_SE","og_type":"article","og_title":"Semifinalklara svenskar i VM i thaiboxning - Svenska Budo &amp; Kampsportsf\u00f6rbundet","og_description":"THAIBOXNING. Linus Bylander (bilden) ansluter till semifinalpassen i thaiboxnings-VM som g\u00e5r p\u00e5 torsdag. Det g\u00f6r \u00e4ven junioren Moa Carlsson som \u00e4r semifinalklar i U23-klassen. (Foto: Ren\u00e9 Bon Costa)","og_url":"https:\/\/www.budokampsport.se\/2022\/05\/31\/semifinalklara-svenskar-i-vm-i-thaiboxning\/","og_site_name":"Svenska Budo &amp; Kampsportsf\u00f6rbundet","article_author":"https:\/\/www.facebook.com\/jonathan.broberg.7","article_published_time":"2022-05-31T15:56:29+00:00","article_modified_time":"2022-05-31T17:13:28+00:00","og_image":[{"width":850,"height":526,"url":"https:\/\/www.budokampsport.se\/wp-content\/uploads\/2022\/02\/Linus-Bylander.jpg","type":"image\/jpeg"}],"author":"Jonathan Broberg","twitter_card":"summary_large_image","twitter_misc":{"Skriven av":"Jonathan Broberg","Ber\u00e4knad l\u00e4stid":"1 minut"},"schema":{"@context":"https:\/\/schema.org","@graph":[{"@type":"Article","@id":"https:\/\/www.budokampsport.se\/2022\/05\/31\/semifinalklara-svenskar-i-vm-i-thaiboxning\/#article","isPartOf":{"@id":"https:\/\/www.budokampsport.se\/2022\/05\/31\/semifinalklara-svenskar-i-vm-i-thaiboxning\/"},"author":{"name":"Jonathan Broberg","@id":"https:\/\/www.budokampsport.se\/#\/schema\/person\/5c06d81d14850e2a8ce5493386560145"},"headline":"Semifinalklara svenskar i VM i thaiboxning","datePublished":"2022-05-31T15:56:29+00:00","dateModified":"2022-05-31T17:13:28+00:00","mainEntityOfPage":{"@id":"https:\/\/www.budokampsport.se\/2022\/05\/31\/semifinalklara-svenskar-i-vm-i-thaiboxning\/"},"wordCount":238,"commentCount":0,"image":{"@id":"https:\/\/www.budokampsport.se\/2022\/05\/31\/semifinalklara-svenskar-i-vm-i-thaiboxning\/#primaryimage"},"thumbnailUrl":"https:\/\/www.budokampsport.se\/wp-content\/uploads\/2022\/02\/Linus-Bylander.jpg","inLanguage":"sv-SE","potentialAction":[{"@type":"CommentAction","name":"Comment","target":["https:\/\/www.budokampsport.se\/2022\/05\/31\/semifinalklara-svenskar-i-vm-i-thaiboxning\/#respond"]}]},{"@type":"WebPage","@id":"https:\/\/www.budokampsport.se\/2022\/05\/31\/semifinalklara-svenskar-i-vm-i-thaiboxning\/","url":"https:\/\/www.budokampsport.se\/2022\/05\/31\/semifinalklara-svenskar-i-vm-i-thaiboxning\/","name":"Semifinalklara svenskar i VM i thaiboxning - Svenska Budo &amp; Kampsportsf\u00f6rbundet","isPartOf":{"@id":"https:\/\/www.budokampsport.se\/#website"},"primaryImageOfPage":{"@id":"https:\/\/www.budokampsport.se\/2022\/05\/31\/semifinalklara-svenskar-i-vm-i-thaiboxning\/#primaryimage"},"image":{"@id":"https:\/\/www.budokampsport.se\/2022\/05\/31\/semifinalklara-svenskar-i-vm-i-thaiboxning\/#primaryimage"},"thumbnailUrl":"https:\/\/www.budokampsport.se\/wp-content\/uploads\/2022\/02\/Linus-Bylander.jpg","datePublished":"2022-05-31T15:56:29+00:00","dateModified":"2022-05-31T17:13:28+00:00","author":{"@id":"https:\/\/www.budokampsport.se\/#\/schema\/person\/5c06d81d14850e2a8ce5493386560145"},"description":"THAIBOXNING. Linus Bylander (bilden) ansluter till semifinalpassen i thaiboxnings-VM som g\u00e5r p\u00e5 torsdag. Det g\u00f6r \u00e4ven junioren Moa Carlsson som \u00e4r semifinalklar i U23-klassen. (Foto: Ren\u00e9 Bon Costa)","breadcrumb":{"@id":"https:\/\/www.budokampsport.se\/2022\/05\/31\/semifinalklara-svenskar-i-vm-i-thaiboxning\/#breadcrumb"},"inLanguage":"sv-SE","potentialAction":[{"@type":"ReadAction","target":["https:\/\/www.budokampsport.se\/2022\/05\/31\/semifinalklara-svenskar-i-vm-i-thaiboxning\/"]}]},{"@type":"ImageObject","inLanguage":"sv-SE","@id":"https:\/\/www.budokampsport.se\/2022\/05\/31\/semifinalklara-svenskar-i-vm-i-thaiboxning\/#primaryimage","url":"https:\/\/www.budokampsport.se\/wp-content\/uploads\/2022\/02\/Linus-Bylander.jpg","contentUrl":"https:\/\/www.budokampsport.se\/wp-content\/uploads\/2022\/02\/Linus-Bylander.jpg","width":850,"height":526},{"@type":"BreadcrumbList","@id":"https:\/\/www.budokampsport.se\/2022\/05\/31\/semifinalklara-svenskar-i-vm-i-thaiboxning\/#breadcrumb","itemListElement":[{"@type":"ListItem","position":1,"name":"Hem","item":"https:\/\/www.budokampsport.se\/"},{"@type":"ListItem","position":2,"name":"Semifinalklara svenskar i VM i thaiboxning"}]},{"@type":"WebSite","@id":"https:\/\/www.budokampsport.se\/#website","url":"https:\/\/www.budokampsport.se\/","name":"Svenska Budo &amp; Kampsportsf\u00f6rbundet","description":"T\u00e4vling, Tr\u00e4ning, Tradition","potentialAction":[{"@type":"SearchAction","target":{"@type":"EntryPoint","urlTemplate":"https:\/\/www.budokampsport.se\/?s={search_term_string}"},"query-input":{"@type":"PropertyValueSpecification","valueRequired":true,"valueName":"search_term_string"}}],"inLanguage":"sv-SE"},{"@type":"Person","@id":"https:\/\/www.budokampsport.se\/#\/schema\/person\/5c06d81d14850e2a8ce5493386560145","name":"Jonathan Broberg","image":{"@type":"ImageObject","inLanguage":"sv-SE","@id":"https:\/\/www.budokampsport.se\/#\/schema\/person\/image\/","url":"https:\/\/secure.gravatar.com\/avatar\/a58041c6cea9128bd9c40ee2f26d4136?s=96&d=blank&r=g","contentUrl":"https:\/\/secure.gravatar.com\/avatar\/a58041c6cea9128bd9c40ee2f26d4136?s=96&d=blank&r=g","caption":"Jonathan Broberg"},"sameAs":["https:\/\/www.facebook.com\/jonathan.broberg.7"],"url":"https:\/\/www.budokampsport.se\/author\/jonathan\/"}]}},"_links":{"self":[{"href":"https:\/\/www.budokampsport.se\/api\/wp\/v2\/posts\/139904","targetHints":{"allow":["GET"]}}],"collection":[{"href":"https:\/\/www.budokampsport.se\/api\/wp\/v2\/posts"}],"about":[{"href":"https:\/\/www.budokampsport.se\/api\/wp\/v2\/types\/post"}],"author":[{"embeddable":true,"href":"https:\/\/www.budokampsport.se\/api\/wp\/v2\/users\/7"}],"replies":[{"embeddable":true,"href":"https:\/\/www.budokampsport.se\/api\/wp\/v2\/comments?post=139904"}],"version-history":[{"count":0,"href":"https:\/\/www.budokampsport.se\/api\/wp\/v2\/posts\/139904\/revisions"}],"wp:featuredmedia":[{"embeddable":true,"href":"https:\/\/www.budokampsport.se\/api\/wp\/v2\/media\/135617"}],"wp:attachment":[{"href":"https:\/\/www.budokampsport.se\/api\/wp\/v2\/media?parent=139904"}],"wp:term":[{"taxonomy":"category","embeddable":true,"href":"https:\/\/www.budokampsport.se\/api\/wp\/v2\/categories?post=139904"},{"taxonomy":"post_tag","embeddable":true,"href":"https:\/\/www.budokampsport.se\/api\/wp\/v2\/tags?post=139904"}],"curies":[{"name":"wp","href":"https:\/\/api.w.org\/{rel}","templated":true}]}}