{"id":139944,"date":"2022-06-02T16:38:57","date_gmt":"2022-06-02T14:38:57","guid":{"rendered":"https:\/\/www.budokampsport.se\/?p=139944"},"modified":"2022-06-02T16:41:16","modified_gmt":"2022-06-02T14:41:16","slug":"fem-svenskar-klara-for-vm-final-i-thaiboxning","status":"publish","type":"post","link":"https:\/\/www.budokampsport.se\/2022\/06\/02\/fem-svenskar-klara-for-vm-final-i-thaiboxning\/","title":{"rendered":"Fem svenskar klara f\u00f6r VM-final i thaiboxning"},"content":{"rendered":"<p>Dagens semifinaler i thaiboxning inleddes f\u00f6r svenskarnas del med att <a href=\"https:\/\/www.budokampsport.se\/2022\/02\/20\/em-guld-i-thaiboxning-till-patricia-axling\/\" target=\"_blank\" rel=\"noopener\">EM-silvermedalj\u00f6ren<\/a>, <strong>Linus Bylander,<\/strong> tog sig an Masuod Abdolmalki fr\u00e5n Iran i -63,5 kg. Iraniern imponerade fr\u00e5n start och vann f\u00f6rsta ronden, Bylander jagade i andra men utan att helt hitta sin rytm. I den sista var han tvungen att f\u00e5 till ett avslut, men matchbilden blev ganska tillkn\u00e4ppt och iraniern vann samtliga ronder. Det resulterade i en bronspeng f\u00f6r Bylander.<\/p>\n<p>N\u00e4st ut var <strong>Camilla Danielsson<\/strong> som i vintras tog <a href=\"https:\/\/www.budokampsport.se\/2021\/12\/13\/guld-till-ates-silver-till-danielsson-i-thaiboxnings-vm\/\" target=\"_blank\" rel=\"noopener\">VM-silver<\/a><a href=\"https:\/\/www.budokampsport.se\/2021\/12\/13\/guld-till-ates-silver-till-danielsson-i-thaiboxnings-vm\/\" target=\"_blank\" rel=\"noopener\">,<\/a> Danielsson m\u00f6tte en skicklig Arissara Noor-Eiad fr\u00e5n Thailand i -45 kiloklassen. Thail\u00e4ndskan var n\u00e5got l\u00e4ngre och utnyttjade sin r\u00e4ckvidd, Danielsson s\u00e5g dock vass ut med en stark clinch. Men thail\u00e4ndskan tog till slut en klar seger med siffrorna 30-27. Den andra bronsmedaljen f\u00f6r Sverige denna dag.<\/p>\n<p><a href=\"https:\/\/www.budokampsport.se\/2022\/02\/20\/em-guld-i-thaiboxning-till-patricia-axling\/\" target=\"_blank\" rel=\"noopener\">EM-guldmedalj\u00f6ren<\/a>, <strong>Patricia Axling<\/strong>, fick en bekv\u00e4m resa till finalen. Axling fick i ringen m\u00f6ta turkiskan Ayse Karakus i -57 kg. Axling tog kommandot redan i f\u00f6rsta ronden och s\u00e5g starkare ut f\u00f6r varje rond. Med en \u00f6verl\u00e4gsen boxning valde domaren till slut att bryta matchen i slutet p\u00e5 den tredje ronden. P\u00e5 l\u00f6rdag v\u00e4ntar VM-final mot Elaine Lopes fr\u00e5n Bahrain.<\/p>\n<p>F\u00f6rra \u00e5rets <a href=\"https:\/\/www.budokampsport.se\/2021\/12\/13\/guld-till-ates-silver-till-danielsson-i-thaiboxnings-vm\/\" target=\"_blank\" rel=\"noopener\">VM-guldmedalj\u00f6r<\/a>, <strong>Ewin Ates<\/strong>, b\u00f6rjade sin semifinal mot Nina Scheucher lite avvaktande. Men Ates kom in mer och mer i matchen och hade till slut ett tydligt \u00f6vertag. \u00c4ven om \u00f6sterrikiskan var tuff var Ates mer r\u00f6rlig, hade en bra blick f\u00f6r matchen och \u00e4gde mitten. Matchen vann hon med 30-27 och \u00e4r nu vidare till final i -60 kilosklassen, en match som kommer att avg\u00f6ras mot Kubra Kocakus fr\u00e5n Turkiet.<\/p>\n<p>I semifinalen i -67 kg m\u00f6tte <strong>Emma Stoneg\u00e5rd<\/strong> <strong>Abrahamsson<\/strong> kanadensiskan Savannah Lee Foden. Stoneg\u00e5rd Abrahamsson hade en tr\u00e4ffs\u00e4ker boxning och tunga tekniker, kanadensiskan f\u00f6rs\u00f6kte sig p\u00e5 svep men dessa \u00f6vertygade ingen. En rej\u00e4l tempo\u00f6kning i andra ronden och till slut tog svenskan hem matchen med siffrorna 30-27, nu v\u00e4ntar final mot Ekram Abouelkomosan fr\u00e5n Egypten p\u00e5 l\u00f6rdag.<\/p>\n<p>Sist ut av svenskarna var <strong>Angela Mamic<\/strong> som i vintras tog \u00e4nnu ett <a href=\"https:\/\/www.budokampsport.se\/2022\/02\/20\/em-guld-i-thaiboxning-till-patricia-axling\/\" target=\"_blank\" rel=\"noopener\">EM-silver<\/a> i -71 kg. Idag var hennes motst\u00e5ndare Mensure Karadayi fr\u00e5n Turkiet. Mamic inledde matchen med h\u00f6g energi, turkiskan fick ta emot m\u00e5nga vassa kn\u00e4n och Mamic dominerade i clinchen. Mamic oskadliggjorde turkiskans offensiver p\u00e5 ett effektivt s\u00e4tt och stod som segrare n\u00e4r den tredje ronden var \u00f6ver. P\u00e5 l\u00f6rdag v\u00e4ntar final mot Anna Rantanen fr\u00e5n Finland.<\/p>\n<p>Under g\u00e5rdagen vann ocks\u00e5 <strong>Moa Carlsson<\/strong> sin U23-semifinal mot iranskan Armita Soleimani i -54 kilosklassen. F\u00f6r henne v\u00e4ntar nu final imorgon, fredag, mot Kantiya Panoram fr\u00e5n Thailand.<\/p>\n<p>F\u00f6lj finalerna via stream <a href=\"https:\/\/www.youtube.com\/c\/UAMpro\" target=\"_blank\" rel=\"noopener\">h\u00e4r<\/a>.<\/p>\n<h2>Samtliga finaler<\/h2>\n<table style=\"border-collapse: collapse; width: 98.4279%; height: 105px;\">\n<tbody>\n<tr style=\"height: 27px;\">\n<td style=\"width: 20.9454%; height: 27px;\">-54 kg (U23)<\/td>\n<td style=\"width: 39.4325%; height: 27px;\"><img loading=\"lazy\" decoding=\"async\" class=\"size-full wp-image-122883 alignnone\" src=\"https:\/\/www.budokampsport.se\/wp-content\/uploads\/2020\/11\/sweden-flag-icon-16.png\" alt=\"Sveriges flagga\" width=\"16\" height=\"10\" \/> <strong>Moa Carlsson<\/strong><\/td>\n<td style=\"width: 15.1489%; height: 27px;\">mot\u00a0\u00a0<\/td>\n<td style=\"width: 88.139%; height: 27px;\"><img loading=\"lazy\" decoding=\"async\" class=\"size-full wp-image-134067 alignnone\" src=\"https:\/\/www.budokampsport.se\/wp-content\/uploads\/2022\/01\/thailand_flag-png-icon-16.png\" alt=\"\" width=\"16\" height=\"11\" \/> Kantiya Panoram\u00a0<\/td>\n<\/tr>\n<tr style=\"height: 26px;\">\n<td style=\"width: 20.9454%; height: 26px;\">-57 kg<\/td>\n<td style=\"width: 39.4325%; height: 26px;\"><img loading=\"lazy\" decoding=\"async\" class=\"size-full wp-image-122883 alignnone\" src=\"https:\/\/www.budokampsport.se\/wp-content\/uploads\/2020\/11\/sweden-flag-icon-16.png\" alt=\"Sveriges flagga\" width=\"16\" height=\"10\" \/> <strong>Patricia Axling\u00a0\u00a0<\/strong><\/td>\n<td style=\"width: 15.1489%; height: 26px;\">mot\u00a0<\/td>\n<td style=\"width: 88.139%; height: 26px;\"><img loading=\"lazy\" decoding=\"async\" class=\"alignnone wp-image-134104 size-full\" src=\"https:\/\/www.budokampsport.se\/wp-content\/uploads\/2022\/01\/bahrain_flag-png-icon-16.png\" alt=\"\" width=\"16\" height=\"10\" \/> Elaine Lopes\u00a0<\/td>\n<\/tr>\n<tr style=\"height: 26px;\">\n<td style=\"width: 20.9454%; height: 26px;\">-60 kg<\/td>\n<td style=\"width: 39.4325%; height: 26px;\"><img loading=\"lazy\" decoding=\"async\" class=\"size-full wp-image-122883 alignnone\" src=\"https:\/\/www.budokampsport.se\/wp-content\/uploads\/2020\/11\/sweden-flag-icon-16.png\" alt=\"Sveriges flagga\" width=\"16\" height=\"10\" \/> <strong>Ewin Ates\u00a0<\/strong><\/td>\n<td style=\"width: 15.1489%; height: 26px;\">mot\u00a0\u00a0<\/td>\n<td style=\"width: 88.139%; height: 26px;\"><img loading=\"lazy\" decoding=\"async\" class=\"alignnone wp-image-127809 size-full\" src=\"https:\/\/www.budokampsport.se\/wp-content\/uploads\/2021\/09\/turkey_flag-png-icon-16.png\" alt=\"\" width=\"16\" height=\"11\" \/> Kubra Kocakus\u00a0<\/td>\n<\/tr>\n<tr style=\"height: 26px;\">\n<td style=\"width: 20.9454%; height: 26px;\">-67 kg<\/td>\n<td style=\"width: 39.4325%; height: 26px;\"><img loading=\"lazy\" decoding=\"async\" class=\"size-full wp-image-122883 alignnone\" src=\"https:\/\/www.budokampsport.se\/wp-content\/uploads\/2020\/11\/sweden-flag-icon-16.png\" alt=\"Sveriges flagga\" width=\"16\" height=\"10\" \/> <strong>Emma Stoneg\u00e5rd Abrahamsson<\/strong><\/td>\n<td style=\"width: 15.1489%; height: 26px;\">mot\u00a0\u00a0<\/td>\n<td style=\"width: 88.139%; height: 26px;\"><img loading=\"lazy\" decoding=\"async\" class=\"alignnone wp-image-134146 size-full\" src=\"https:\/\/www.budokampsport.se\/wp-content\/uploads\/2022\/01\/egypt_flag-png-icon-16.png\" alt=\"\" width=\"16\" height=\"11\" \/> Ekram Abouelkomosan\u00a0<\/td>\n<\/tr>\n<tr>\n<td style=\"width: 20.9454%;\">-71 kg<\/td>\n<td style=\"width: 39.4325%;\"><img loading=\"lazy\" decoding=\"async\" class=\"size-full wp-image-122883 alignnone\" src=\"https:\/\/www.budokampsport.se\/wp-content\/uploads\/2020\/11\/sweden-flag-icon-16.png\" alt=\"Sveriges flagga\" width=\"16\" height=\"10\" \/> <strong>Angela Mamic<\/strong><\/td>\n<td style=\"width: 15.1489%;\">mot<\/td>\n<td style=\"width: 88.139%;\"><img loading=\"lazy\" decoding=\"async\" class=\"alignnone wp-image-125023 size-full\" src=\"https:\/\/www.budokampsport.se\/wp-content\/uploads\/2021\/03\/finland_flag-png-icon-16.png\" alt=\"Finlands flagga\" width=\"16\" height=\"10\" \/> Anna Rantanen\u00a0<\/td>\n<\/tr>\n<\/tbody>\n<\/table>\n<p>&nbsp;<\/p>\n<p>Text: Annie Bondefelt<\/p>\n","protected":false},"excerpt":{"rendered":"<p>THAIBOXNING. Dagens semifinaler \u00e4r avklarande och fem av sju svenskar kommer kliva upp i ringen igen p\u00e5 l\u00f6rdag d\u00e5 finalerna avg\u00f6rs. Sverige fick ocks\u00e5 tv\u00e5 bronsmedalj\u00f6rer under dagen genom Camilla Danielsson och Linus Bylander.<br \/><br>(Foto: Carl-Cedric Persson S\u00f6ndergaard\/BILDBYR\u00c5N)<\/p><br>","protected":false},"author":120,"featured_media":139945,"comment_status":"open","ping_status":"open","sticky":false,"template":"","format":"standard","meta":{"_acf_changed":false,"footnotes":""},"categories":[451],"tags":[],"class_list":["post-139944","post","type-post","status-publish","format-standard","has-post-thumbnail","hentry","category-elit"],"acf":[],"yoast_head":"<!-- This site is optimized with the Yoast SEO plugin v26.8 - https:\/\/yoast.com\/product\/yoast-seo-wordpress\/ -->\n<title>Fem svenskar klara f\u00f6r VM-final i thaiboxning - Svenska Budo &amp; Kampsportsf\u00f6rbundet<\/title>\n<meta name=\"description\" content=\"THAIBOXNING. Dagens semifinaler \u00e4r avklarande och fem av sju svenskar kommer kliva upp i ringen igen p\u00e5 l\u00f6rdag d\u00e5 finalerna avg\u00f6rs. Sverige fick ocks\u00e5 tv\u00e5 bronsmedalj\u00f6rer under dagen genom Camilla Danielsson och Linus Bylander. (Foto: Carl-Cedric Persson S\u00f6ndergaard\/BILDBYR\u00c5N)\" \/>\n<meta name=\"robots\" content=\"index, follow, max-snippet:-1, max-image-preview:large, max-video-preview:-1\" \/>\n<link rel=\"canonical\" href=\"https:\/\/www.budokampsport.se\/2022\/06\/02\/fem-svenskar-klara-for-vm-final-i-thaiboxning\/\" \/>\n<meta property=\"og:locale\" content=\"sv_SE\" \/>\n<meta property=\"og:type\" content=\"article\" \/>\n<meta property=\"og:title\" content=\"Fem svenskar klara f\u00f6r VM-final i thaiboxning - Svenska Budo &amp; Kampsportsf\u00f6rbundet\" \/>\n<meta property=\"og:description\" content=\"THAIBOXNING. Dagens semifinaler \u00e4r avklarande och fem av sju svenskar kommer kliva upp i ringen igen p\u00e5 l\u00f6rdag d\u00e5 finalerna avg\u00f6rs. Sverige fick ocks\u00e5 tv\u00e5 bronsmedalj\u00f6rer under dagen genom Camilla Danielsson och Linus Bylander. (Foto: Carl-Cedric Persson S\u00f6ndergaard\/BILDBYR\u00c5N)\" \/>\n<meta property=\"og:url\" content=\"https:\/\/www.budokampsport.se\/2022\/06\/02\/fem-svenskar-klara-for-vm-final-i-thaiboxning\/\" \/>\n<meta property=\"og:site_name\" content=\"Svenska Budo &amp; Kampsportsf\u00f6rbundet\" \/>\n<meta property=\"article:published_time\" content=\"2022-06-02T14:38:57+00:00\" \/>\n<meta property=\"article:modified_time\" content=\"2022-06-02T14:41:16+00:00\" \/>\n<meta property=\"og:image\" content=\"https:\/\/www.budokampsport.se\/wp-content\/uploads\/2022\/06\/BB160528BB328.jpg\" \/>\n\t<meta property=\"og:image:width\" content=\"850\" \/>\n\t<meta property=\"og:image:height\" content=\"567\" \/>\n\t<meta property=\"og:image:type\" content=\"image\/jpeg\" \/>\n<meta name=\"author\" content=\"Annie Carriage\" \/>\n<meta name=\"twitter:card\" content=\"summary_large_image\" \/>\n<meta name=\"twitter:label1\" content=\"Skriven av\" \/>\n\t<meta name=\"twitter:data1\" content=\"Annie Carriage\" \/>\n\t<meta name=\"twitter:label2\" content=\"Ber\u00e4knad l\u00e4stid\" \/>\n\t<meta name=\"twitter:data2\" content=\"3 minuter\" \/>\n<script type=\"application\/ld+json\" class=\"yoast-schema-graph\">{\"@context\":\"https:\/\/schema.org\",\"@graph\":[{\"@type\":\"Article\",\"@id\":\"https:\/\/www.budokampsport.se\/2022\/06\/02\/fem-svenskar-klara-for-vm-final-i-thaiboxning\/#article\",\"isPartOf\":{\"@id\":\"https:\/\/www.budokampsport.se\/2022\/06\/02\/fem-svenskar-klara-for-vm-final-i-thaiboxning\/\"},\"author\":{\"name\":\"Annie Carriage\",\"@id\":\"https:\/\/www.budokampsport.se\/#\/schema\/person\/c838cace8171f692e363fde3f38f208b\"},\"headline\":\"Fem svenskar klara f\u00f6r VM-final i thaiboxning\",\"datePublished\":\"2022-06-02T14:38:57+00:00\",\"dateModified\":\"2022-06-02T14:41:16+00:00\",\"mainEntityOfPage\":{\"@id\":\"https:\/\/www.budokampsport.se\/2022\/06\/02\/fem-svenskar-klara-for-vm-final-i-thaiboxning\/\"},\"wordCount\":532,\"commentCount\":0,\"image\":{\"@id\":\"https:\/\/www.budokampsport.se\/2022\/06\/02\/fem-svenskar-klara-for-vm-final-i-thaiboxning\/#primaryimage\"},\"thumbnailUrl\":\"https:\/\/www.budokampsport.se\/wp-content\/uploads\/2022\/06\/BB160528BB328.jpg\",\"articleSection\":[\"Elit\"],\"inLanguage\":\"sv-SE\",\"potentialAction\":[{\"@type\":\"CommentAction\",\"name\":\"Comment\",\"target\":[\"https:\/\/www.budokampsport.se\/2022\/06\/02\/fem-svenskar-klara-for-vm-final-i-thaiboxning\/#respond\"]}]},{\"@type\":\"WebPage\",\"@id\":\"https:\/\/www.budokampsport.se\/2022\/06\/02\/fem-svenskar-klara-for-vm-final-i-thaiboxning\/\",\"url\":\"https:\/\/www.budokampsport.se\/2022\/06\/02\/fem-svenskar-klara-for-vm-final-i-thaiboxning\/\",\"name\":\"Fem svenskar klara f\u00f6r VM-final i thaiboxning - Svenska Budo &amp; Kampsportsf\u00f6rbundet\",\"isPartOf\":{\"@id\":\"https:\/\/www.budokampsport.se\/#website\"},\"primaryImageOfPage\":{\"@id\":\"https:\/\/www.budokampsport.se\/2022\/06\/02\/fem-svenskar-klara-for-vm-final-i-thaiboxning\/#primaryimage\"},\"image\":{\"@id\":\"https:\/\/www.budokampsport.se\/2022\/06\/02\/fem-svenskar-klara-for-vm-final-i-thaiboxning\/#primaryimage\"},\"thumbnailUrl\":\"https:\/\/www.budokampsport.se\/wp-content\/uploads\/2022\/06\/BB160528BB328.jpg\",\"datePublished\":\"2022-06-02T14:38:57+00:00\",\"dateModified\":\"2022-06-02T14:41:16+00:00\",\"author\":{\"@id\":\"https:\/\/www.budokampsport.se\/#\/schema\/person\/c838cace8171f692e363fde3f38f208b\"},\"description\":\"THAIBOXNING. Dagens semifinaler \u00e4r avklarande och fem av sju svenskar kommer kliva upp i ringen igen p\u00e5 l\u00f6rdag d\u00e5 finalerna avg\u00f6rs. Sverige fick ocks\u00e5 tv\u00e5 bronsmedalj\u00f6rer under dagen genom Camilla Danielsson och Linus Bylander. (Foto: Carl-Cedric Persson S\u00f6ndergaard\/BILDBYR\u00c5N)\",\"breadcrumb\":{\"@id\":\"https:\/\/www.budokampsport.se\/2022\/06\/02\/fem-svenskar-klara-for-vm-final-i-thaiboxning\/#breadcrumb\"},\"inLanguage\":\"sv-SE\",\"potentialAction\":[{\"@type\":\"ReadAction\",\"target\":[\"https:\/\/www.budokampsport.se\/2022\/06\/02\/fem-svenskar-klara-for-vm-final-i-thaiboxning\/\"]}]},{\"@type\":\"ImageObject\",\"inLanguage\":\"sv-SE\",\"@id\":\"https:\/\/www.budokampsport.se\/2022\/06\/02\/fem-svenskar-klara-for-vm-final-i-thaiboxning\/#primaryimage\",\"url\":\"https:\/\/www.budokampsport.se\/wp-content\/uploads\/2022\/06\/BB160528BB328.jpg\",\"contentUrl\":\"https:\/\/www.budokampsport.se\/wp-content\/uploads\/2022\/06\/BB160528BB328.jpg\",\"width\":850,\"height\":567,\"caption\":\"Foto: Carl-Cedric Persson \/ BILDBYR\u00c5N\"},{\"@type\":\"BreadcrumbList\",\"@id\":\"https:\/\/www.budokampsport.se\/2022\/06\/02\/fem-svenskar-klara-for-vm-final-i-thaiboxning\/#breadcrumb\",\"itemListElement\":[{\"@type\":\"ListItem\",\"position\":1,\"name\":\"Hem\",\"item\":\"https:\/\/www.budokampsport.se\/\"},{\"@type\":\"ListItem\",\"position\":2,\"name\":\"Fem svenskar klara f\u00f6r VM-final i thaiboxning\"}]},{\"@type\":\"WebSite\",\"@id\":\"https:\/\/www.budokampsport.se\/#website\",\"url\":\"https:\/\/www.budokampsport.se\/\",\"name\":\"Svenska Budo &amp; Kampsportsf\u00f6rbundet\",\"description\":\"T\u00e4vling, Tr\u00e4ning, Tradition\",\"potentialAction\":[{\"@type\":\"SearchAction\",\"target\":{\"@type\":\"EntryPoint\",\"urlTemplate\":\"https:\/\/www.budokampsport.se\/?s={search_term_string}\"},\"query-input\":{\"@type\":\"PropertyValueSpecification\",\"valueRequired\":true,\"valueName\":\"search_term_string\"}}],\"inLanguage\":\"sv-SE\"},{\"@type\":\"Person\",\"@id\":\"https:\/\/www.budokampsport.se\/#\/schema\/person\/c838cace8171f692e363fde3f38f208b\",\"name\":\"Annie Carriage\",\"image\":{\"@type\":\"ImageObject\",\"inLanguage\":\"sv-SE\",\"@id\":\"https:\/\/www.budokampsport.se\/#\/schema\/person\/image\/\",\"url\":\"https:\/\/secure.gravatar.com\/avatar\/9311295560bdfbdf78365a26f7df1876?s=96&d=blank&r=g\",\"contentUrl\":\"https:\/\/secure.gravatar.com\/avatar\/9311295560bdfbdf78365a26f7df1876?s=96&d=blank&r=g\",\"caption\":\"Annie Carriage\"},\"url\":\"https:\/\/www.budokampsport.se\/author\/annie-bondefelt\/\"}]}<\/script>\n<!-- \/ Yoast SEO plugin. -->","yoast_head_json":{"title":"Fem svenskar klara f\u00f6r VM-final i thaiboxning - Svenska Budo &amp; Kampsportsf\u00f6rbundet","description":"THAIBOXNING. Dagens semifinaler \u00e4r avklarande och fem av sju svenskar kommer kliva upp i ringen igen p\u00e5 l\u00f6rdag d\u00e5 finalerna avg\u00f6rs. Sverige fick ocks\u00e5 tv\u00e5 bronsmedalj\u00f6rer under dagen genom Camilla Danielsson och Linus Bylander. (Foto: Carl-Cedric Persson S\u00f6ndergaard\/BILDBYR\u00c5N)","robots":{"index":"index","follow":"follow","max-snippet":"max-snippet:-1","max-image-preview":"max-image-preview:large","max-video-preview":"max-video-preview:-1"},"canonical":"https:\/\/www.budokampsport.se\/2022\/06\/02\/fem-svenskar-klara-for-vm-final-i-thaiboxning\/","og_locale":"sv_SE","og_type":"article","og_title":"Fem svenskar klara f\u00f6r VM-final i thaiboxning - Svenska Budo &amp; Kampsportsf\u00f6rbundet","og_description":"THAIBOXNING. Dagens semifinaler \u00e4r avklarande och fem av sju svenskar kommer kliva upp i ringen igen p\u00e5 l\u00f6rdag d\u00e5 finalerna avg\u00f6rs. Sverige fick ocks\u00e5 tv\u00e5 bronsmedalj\u00f6rer under dagen genom Camilla Danielsson och Linus Bylander. (Foto: Carl-Cedric Persson S\u00f6ndergaard\/BILDBYR\u00c5N)","og_url":"https:\/\/www.budokampsport.se\/2022\/06\/02\/fem-svenskar-klara-for-vm-final-i-thaiboxning\/","og_site_name":"Svenska Budo &amp; Kampsportsf\u00f6rbundet","article_published_time":"2022-06-02T14:38:57+00:00","article_modified_time":"2022-06-02T14:41:16+00:00","og_image":[{"width":850,"height":567,"url":"https:\/\/www.budokampsport.se\/wp-content\/uploads\/2022\/06\/BB160528BB328.jpg","type":"image\/jpeg"}],"author":"Annie Carriage","twitter_card":"summary_large_image","twitter_misc":{"Skriven av":"Annie Carriage","Ber\u00e4knad l\u00e4stid":"3 minuter"},"schema":{"@context":"https:\/\/schema.org","@graph":[{"@type":"Article","@id":"https:\/\/www.budokampsport.se\/2022\/06\/02\/fem-svenskar-klara-for-vm-final-i-thaiboxning\/#article","isPartOf":{"@id":"https:\/\/www.budokampsport.se\/2022\/06\/02\/fem-svenskar-klara-for-vm-final-i-thaiboxning\/"},"author":{"name":"Annie Carriage","@id":"https:\/\/www.budokampsport.se\/#\/schema\/person\/c838cace8171f692e363fde3f38f208b"},"headline":"Fem svenskar klara f\u00f6r VM-final i thaiboxning","datePublished":"2022-06-02T14:38:57+00:00","dateModified":"2022-06-02T14:41:16+00:00","mainEntityOfPage":{"@id":"https:\/\/www.budokampsport.se\/2022\/06\/02\/fem-svenskar-klara-for-vm-final-i-thaiboxning\/"},"wordCount":532,"commentCount":0,"image":{"@id":"https:\/\/www.budokampsport.se\/2022\/06\/02\/fem-svenskar-klara-for-vm-final-i-thaiboxning\/#primaryimage"},"thumbnailUrl":"https:\/\/www.budokampsport.se\/wp-content\/uploads\/2022\/06\/BB160528BB328.jpg","articleSection":["Elit"],"inLanguage":"sv-SE","potentialAction":[{"@type":"CommentAction","name":"Comment","target":["https:\/\/www.budokampsport.se\/2022\/06\/02\/fem-svenskar-klara-for-vm-final-i-thaiboxning\/#respond"]}]},{"@type":"WebPage","@id":"https:\/\/www.budokampsport.se\/2022\/06\/02\/fem-svenskar-klara-for-vm-final-i-thaiboxning\/","url":"https:\/\/www.budokampsport.se\/2022\/06\/02\/fem-svenskar-klara-for-vm-final-i-thaiboxning\/","name":"Fem svenskar klara f\u00f6r VM-final i thaiboxning - Svenska Budo &amp; Kampsportsf\u00f6rbundet","isPartOf":{"@id":"https:\/\/www.budokampsport.se\/#website"},"primaryImageOfPage":{"@id":"https:\/\/www.budokampsport.se\/2022\/06\/02\/fem-svenskar-klara-for-vm-final-i-thaiboxning\/#primaryimage"},"image":{"@id":"https:\/\/www.budokampsport.se\/2022\/06\/02\/fem-svenskar-klara-for-vm-final-i-thaiboxning\/#primaryimage"},"thumbnailUrl":"https:\/\/www.budokampsport.se\/wp-content\/uploads\/2022\/06\/BB160528BB328.jpg","datePublished":"2022-06-02T14:38:57+00:00","dateModified":"2022-06-02T14:41:16+00:00","author":{"@id":"https:\/\/www.budokampsport.se\/#\/schema\/person\/c838cace8171f692e363fde3f38f208b"},"description":"THAIBOXNING. Dagens semifinaler \u00e4r avklarande och fem av sju svenskar kommer kliva upp i ringen igen p\u00e5 l\u00f6rdag d\u00e5 finalerna avg\u00f6rs. Sverige fick ocks\u00e5 tv\u00e5 bronsmedalj\u00f6rer under dagen genom Camilla Danielsson och Linus Bylander. (Foto: Carl-Cedric Persson S\u00f6ndergaard\/BILDBYR\u00c5N)","breadcrumb":{"@id":"https:\/\/www.budokampsport.se\/2022\/06\/02\/fem-svenskar-klara-for-vm-final-i-thaiboxning\/#breadcrumb"},"inLanguage":"sv-SE","potentialAction":[{"@type":"ReadAction","target":["https:\/\/www.budokampsport.se\/2022\/06\/02\/fem-svenskar-klara-for-vm-final-i-thaiboxning\/"]}]},{"@type":"ImageObject","inLanguage":"sv-SE","@id":"https:\/\/www.budokampsport.se\/2022\/06\/02\/fem-svenskar-klara-for-vm-final-i-thaiboxning\/#primaryimage","url":"https:\/\/www.budokampsport.se\/wp-content\/uploads\/2022\/06\/BB160528BB328.jpg","contentUrl":"https:\/\/www.budokampsport.se\/wp-content\/uploads\/2022\/06\/BB160528BB328.jpg","width":850,"height":567,"caption":"Foto: Carl-Cedric Persson \/ BILDBYR\u00c5N"},{"@type":"BreadcrumbList","@id":"https:\/\/www.budokampsport.se\/2022\/06\/02\/fem-svenskar-klara-for-vm-final-i-thaiboxning\/#breadcrumb","itemListElement":[{"@type":"ListItem","position":1,"name":"Hem","item":"https:\/\/www.budokampsport.se\/"},{"@type":"ListItem","position":2,"name":"Fem svenskar klara f\u00f6r VM-final i thaiboxning"}]},{"@type":"WebSite","@id":"https:\/\/www.budokampsport.se\/#website","url":"https:\/\/www.budokampsport.se\/","name":"Svenska Budo &amp; Kampsportsf\u00f6rbundet","description":"T\u00e4vling, Tr\u00e4ning, Tradition","potentialAction":[{"@type":"SearchAction","target":{"@type":"EntryPoint","urlTemplate":"https:\/\/www.budokampsport.se\/?s={search_term_string}"},"query-input":{"@type":"PropertyValueSpecification","valueRequired":true,"valueName":"search_term_string"}}],"inLanguage":"sv-SE"},{"@type":"Person","@id":"https:\/\/www.budokampsport.se\/#\/schema\/person\/c838cace8171f692e363fde3f38f208b","name":"Annie Carriage","image":{"@type":"ImageObject","inLanguage":"sv-SE","@id":"https:\/\/www.budokampsport.se\/#\/schema\/person\/image\/","url":"https:\/\/secure.gravatar.com\/avatar\/9311295560bdfbdf78365a26f7df1876?s=96&d=blank&r=g","contentUrl":"https:\/\/secure.gravatar.com\/avatar\/9311295560bdfbdf78365a26f7df1876?s=96&d=blank&r=g","caption":"Annie Carriage"},"url":"https:\/\/www.budokampsport.se\/author\/annie-bondefelt\/"}]}},"_links":{"self":[{"href":"https:\/\/www.budokampsport.se\/api\/wp\/v2\/posts\/139944","targetHints":{"allow":["GET"]}}],"collection":[{"href":"https:\/\/www.budokampsport.se\/api\/wp\/v2\/posts"}],"about":[{"href":"https:\/\/www.budokampsport.se\/api\/wp\/v2\/types\/post"}],"author":[{"embeddable":true,"href":"https:\/\/www.budokampsport.se\/api\/wp\/v2\/users\/120"}],"replies":[{"embeddable":true,"href":"https:\/\/www.budokampsport.se\/api\/wp\/v2\/comments?post=139944"}],"version-history":[{"count":0,"href":"https:\/\/www.budokampsport.se\/api\/wp\/v2\/posts\/139944\/revisions"}],"wp:featuredmedia":[{"embeddable":true,"href":"https:\/\/www.budokampsport.se\/api\/wp\/v2\/media\/139945"}],"wp:attachment":[{"href":"https:\/\/www.budokampsport.se\/api\/wp\/v2\/media?parent=139944"}],"wp:term":[{"taxonomy":"category","embeddable":true,"href":"https:\/\/www.budokampsport.se\/api\/wp\/v2\/categories?post=139944"},{"taxonomy":"post_tag","embeddable":true,"href":"https:\/\/www.budokampsport.se\/api\/wp\/v2\/tags?post=139944"}],"curies":[{"name":"wp","href":"https:\/\/api.w.org\/{rel}","templated":true}]}}