{"id":139946,"date":"2022-06-02T17:20:19","date_gmt":"2022-06-02T15:20:19","guid":{"rendered":"https:\/\/www.budokampsport.se\/?p=139946"},"modified":"2022-06-02T22:49:36","modified_gmt":"2022-06-02T20:49:36","slug":"nu-drar-bjj-vm-2022-igang","status":"publish","type":"post","link":"https:\/\/www.budokampsport.se\/2022\/06\/02\/nu-drar-bjj-vm-2022-igang\/","title":{"rendered":"Nu drar BJJ-VM 2022 ig\u00e5ng"},"content":{"rendered":"<p>Idag inleds t\u00e4vlingarna i <a href=\"https:\/\/www.budokampsport.se\/2022\/05\/27\/bjj-vm-tillbaka-i-long-beach\/\" target=\"_blank\" rel=\"noopener\">BJJ-VM<\/a> i Long Beach, Kalifornien. Fyra sp\u00e4ckade t\u00e4vlingsdagar v\u00e4ntar med herrarnas svartb\u00e4lten som avslutning p\u00e5 s\u00f6ndag.<\/p>\n<p>Svenska Budo &amp; Kampsportsf\u00f6rbundet \u00e4r p\u00e5 plats f\u00f6r t\u00e4vlingarna i spektakul\u00e4ra The Walter Pyramid, som invigdes 1994 och \u00e4r en av bara fyra pyramidformade byggnader i USA.<\/p>\n<p>Arenan tillh\u00f6r California State University i Long Beach och den 18 v\u00e5ningar h\u00f6ga pyramiden huserar i vanliga fall bland annat nio volleybollplaner och tre basketplaner.<\/p>\n<figure id=\"attachment_139808\" aria-describedby=\"caption-attachment-139808\" style=\"width: 847px\" class=\"wp-caption aligncenter\"><img loading=\"lazy\" decoding=\"async\" class=\"size-full wp-image-139808\" src=\"https:\/\/www.budokampsport.se\/wp-content\/uploads\/2022\/05\/lbcpyramid.jpg\" alt=\"\" width=\"847\" height=\"565\" srcset=\"https:\/\/www.budokampsport.se\/wp-content\/uploads\/2022\/05\/lbcpyramid.jpg 847w, https:\/\/www.budokampsport.se\/wp-content\/uploads\/2022\/05\/lbcpyramid-600x400.jpg 600w, https:\/\/www.budokampsport.se\/wp-content\/uploads\/2022\/05\/lbcpyramid-376x251.jpg 376w, https:\/\/www.budokampsport.se\/wp-content\/uploads\/2022\/05\/lbcpyramid-278x185.jpg 278w, https:\/\/www.budokampsport.se\/wp-content\/uploads\/2022\/05\/lbcpyramid-572x382.jpg 572w\" sizes=\"auto, (max-width: 847px) 100vw, 847px\" \/><figcaption id=\"caption-attachment-139808\" class=\"wp-caption-text\"><span style=\"font-size: 10pt;\"><em>The Walter Pyramid i Long Beach. Foto: Pixabay.<\/em><\/span><\/figcaption><\/figure>\n<p>Nu har den intagits av BJJ-VM, som i \u00e5r \u00e4r tillbaka i staden. VM kommer att avg\u00f6ras p\u00e5 tio olika t\u00e4vlingsmattor under de inledande dagarna. De f\u00f6rsta matcherna g\u00e5r ig\u00e5ng 09:30 (lokal tid) och t\u00e4vlingarna p\u00e5g\u00e5r sen \u00e4nda fram till kv\u00e4llen.<\/p>\n<p>Under den f\u00f6rsta t\u00e4vlingsdagen kliver bland annat landslagets Karl Pegers och Astrid Sch\u00f6lin in i hetluften. Klubbkompisarna fr\u00e5n Stark IF i Stockholm t\u00e4vlar b\u00e5da i fj\u00e4dervikt i brunb\u00e4ltesklassen. Och deras respektive t\u00e4vlingar avg\u00f6rs dessutom samtidigt.<\/p>\n<p>Tidsskillnaden i Kalifornien \u00e4r -9 timmar j\u00e4mf\u00f6rt med Sverige. Pegers och Sch\u00f6lins klasser \u00e4r planerade att inledas 3:40 PM, vilket allts\u00e5 \u00e4r 00:40 svensk tid.<\/p>\n<p>T\u00e4vlingarna kommer att s\u00e4ndas via str\u00f6mningstj\u00e4nsten <a href=\"https:\/\/www.flograppling.com\/events\/7566804-2022-world-jiu-jitsu-ibjjf-championship\">Flo Grappling<\/a>, d\u00e4r ett \u00e5rsabonnemang kostar 149,99 dollar.<\/p>\n<p><strong>Information fr\u00e5n IBJJF<br \/>\n<\/strong>\u00bb <a href=\"https:\/\/www.bjjcompsystem.com\/tournaments\/1877\/schedule\" target=\"_blank\" rel=\"noopener\">Schema (per t\u00e4vlingsklass)<\/a><br \/>\n\u00bb <a href=\"https:\/\/www.bjjcompsystem.com\/tournaments\/1877\/tournament_days\/2067\" target=\"_blank\" rel=\"noopener\">Schema (per matta)<\/a><br \/>\n\u00bb <a href=\"https:\/\/www.ibjjfdb.com\/ChampionshipResults\/1877\/PublicRegistrations?lang=en-US\" target=\"_blank\" rel=\"noopener\">Anm\u00e4lda ut\u00f6vare<\/a><br \/>\n\u00bb <a href=\"https:\/\/www.bjjcompsystem.com\/tournaments\/1877\/categories?gender_id=1\" target=\"_blank\" rel=\"noopener\">T\u00e4vlingstr\u00e4d (herrar)<\/a><br \/>\n\u00bb <a href=\"https:\/\/www.bjjcompsystem.com\/tournaments\/1877\/categories?gender_id=2\" target=\"_blank\" rel=\"noopener\">T\u00e4vlingstr\u00e4d (damer)<\/a><\/p>\n<p>Text: Mats Lilja<br \/>\nArkivfoto: Jonathan Broberg<\/p>\n","protected":false},"excerpt":{"rendered":"<p>BJJ. \u00c5rets v\u00e4rldsm\u00e4sterskap i Kalifornien p\u00e5g\u00e5r till och med s\u00f6ndag.<\/p><br>","protected":false},"author":914,"featured_media":139949,"comment_status":"open","ping_status":"open","sticky":false,"template":"","format":"standard","meta":{"_acf_changed":false,"footnotes":""},"categories":[1],"tags":[],"class_list":["post-139946","post","type-post","status-publish","format-standard","has-post-thumbnail","hentry","category-okategoriserade"],"acf":[],"yoast_head":"<!-- This site is optimized with the Yoast SEO plugin v26.8 - https:\/\/yoast.com\/product\/yoast-seo-wordpress\/ -->\n<title>Nu drar BJJ-VM 2022 ig\u00e5ng - Svenska Budo &amp; Kampsportsf\u00f6rbundet<\/title>\n<meta name=\"description\" content=\"BJJ. \u00c5rets v\u00e4rldsm\u00e4sterskap i Kalifornien p\u00e5g\u00e5r till och med s\u00f6ndag.\" \/>\n<meta name=\"robots\" content=\"index, follow, max-snippet:-1, max-image-preview:large, max-video-preview:-1\" \/>\n<link rel=\"canonical\" href=\"https:\/\/www.budokampsport.se\/2022\/06\/02\/nu-drar-bjj-vm-2022-igang\/\" \/>\n<meta property=\"og:locale\" content=\"sv_SE\" \/>\n<meta property=\"og:type\" content=\"article\" \/>\n<meta property=\"og:title\" content=\"Nu drar BJJ-VM 2022 ig\u00e5ng - Svenska Budo &amp; Kampsportsf\u00f6rbundet\" \/>\n<meta property=\"og:description\" content=\"BJJ. \u00c5rets v\u00e4rldsm\u00e4sterskap i Kalifornien p\u00e5g\u00e5r till och med s\u00f6ndag.\" \/>\n<meta property=\"og:url\" content=\"https:\/\/www.budokampsport.se\/2022\/06\/02\/nu-drar-bjj-vm-2022-igang\/\" \/>\n<meta property=\"og:site_name\" content=\"Svenska Budo &amp; Kampsportsf\u00f6rbundet\" \/>\n<meta property=\"article:published_time\" content=\"2022-06-02T15:20:19+00:00\" \/>\n<meta property=\"article:modified_time\" content=\"2022-06-02T20:49:36+00:00\" \/>\n<meta property=\"og:image\" content=\"https:\/\/www.budokampsport.se\/wp-content\/uploads\/2022\/06\/bjjvm2018.png\" \/>\n\t<meta property=\"og:image:width\" content=\"713\" \/>\n\t<meta property=\"og:image:height\" content=\"475\" \/>\n\t<meta property=\"og:image:type\" content=\"image\/png\" \/>\n<meta name=\"author\" content=\"Mats Lilja\" \/>\n<meta name=\"twitter:card\" content=\"summary_large_image\" \/>\n<meta name=\"twitter:label1\" content=\"Skriven av\" \/>\n\t<meta name=\"twitter:data1\" content=\"Mats Lilja\" \/>\n\t<meta name=\"twitter:label2\" content=\"Ber\u00e4knad l\u00e4stid\" \/>\n\t<meta name=\"twitter:data2\" content=\"1 minut\" \/>\n<script type=\"application\/ld+json\" class=\"yoast-schema-graph\">{\"@context\":\"https:\/\/schema.org\",\"@graph\":[{\"@type\":\"Article\",\"@id\":\"https:\/\/www.budokampsport.se\/2022\/06\/02\/nu-drar-bjj-vm-2022-igang\/#article\",\"isPartOf\":{\"@id\":\"https:\/\/www.budokampsport.se\/2022\/06\/02\/nu-drar-bjj-vm-2022-igang\/\"},\"author\":{\"name\":\"Mats Lilja\",\"@id\":\"https:\/\/www.budokampsport.se\/#\/schema\/person\/d80c0bc61f1787703168fc250ce69522\"},\"headline\":\"Nu drar BJJ-VM 2022 ig\u00e5ng\",\"datePublished\":\"2022-06-02T15:20:19+00:00\",\"dateModified\":\"2022-06-02T20:49:36+00:00\",\"mainEntityOfPage\":{\"@id\":\"https:\/\/www.budokampsport.se\/2022\/06\/02\/nu-drar-bjj-vm-2022-igang\/\"},\"wordCount\":270,\"commentCount\":0,\"image\":{\"@id\":\"https:\/\/www.budokampsport.se\/2022\/06\/02\/nu-drar-bjj-vm-2022-igang\/#primaryimage\"},\"thumbnailUrl\":\"https:\/\/www.budokampsport.se\/wp-content\/uploads\/2022\/06\/bjjvm2018.png\",\"inLanguage\":\"sv-SE\",\"potentialAction\":[{\"@type\":\"CommentAction\",\"name\":\"Comment\",\"target\":[\"https:\/\/www.budokampsport.se\/2022\/06\/02\/nu-drar-bjj-vm-2022-igang\/#respond\"]}]},{\"@type\":\"WebPage\",\"@id\":\"https:\/\/www.budokampsport.se\/2022\/06\/02\/nu-drar-bjj-vm-2022-igang\/\",\"url\":\"https:\/\/www.budokampsport.se\/2022\/06\/02\/nu-drar-bjj-vm-2022-igang\/\",\"name\":\"Nu drar BJJ-VM 2022 ig\u00e5ng - Svenska Budo &amp; Kampsportsf\u00f6rbundet\",\"isPartOf\":{\"@id\":\"https:\/\/www.budokampsport.se\/#website\"},\"primaryImageOfPage\":{\"@id\":\"https:\/\/www.budokampsport.se\/2022\/06\/02\/nu-drar-bjj-vm-2022-igang\/#primaryimage\"},\"image\":{\"@id\":\"https:\/\/www.budokampsport.se\/2022\/06\/02\/nu-drar-bjj-vm-2022-igang\/#primaryimage\"},\"thumbnailUrl\":\"https:\/\/www.budokampsport.se\/wp-content\/uploads\/2022\/06\/bjjvm2018.png\",\"datePublished\":\"2022-06-02T15:20:19+00:00\",\"dateModified\":\"2022-06-02T20:49:36+00:00\",\"author\":{\"@id\":\"https:\/\/www.budokampsport.se\/#\/schema\/person\/d80c0bc61f1787703168fc250ce69522\"},\"description\":\"BJJ. \u00c5rets v\u00e4rldsm\u00e4sterskap i Kalifornien p\u00e5g\u00e5r till och med s\u00f6ndag.\",\"breadcrumb\":{\"@id\":\"https:\/\/www.budokampsport.se\/2022\/06\/02\/nu-drar-bjj-vm-2022-igang\/#breadcrumb\"},\"inLanguage\":\"sv-SE\",\"potentialAction\":[{\"@type\":\"ReadAction\",\"target\":[\"https:\/\/www.budokampsport.se\/2022\/06\/02\/nu-drar-bjj-vm-2022-igang\/\"]}]},{\"@type\":\"ImageObject\",\"inLanguage\":\"sv-SE\",\"@id\":\"https:\/\/www.budokampsport.se\/2022\/06\/02\/nu-drar-bjj-vm-2022-igang\/#primaryimage\",\"url\":\"https:\/\/www.budokampsport.se\/wp-content\/uploads\/2022\/06\/bjjvm2018.png\",\"contentUrl\":\"https:\/\/www.budokampsport.se\/wp-content\/uploads\/2022\/06\/bjjvm2018.png\",\"width\":713,\"height\":475,\"caption\":\"BJJ-VM. Foto: Jonathan Broberg.\"},{\"@type\":\"BreadcrumbList\",\"@id\":\"https:\/\/www.budokampsport.se\/2022\/06\/02\/nu-drar-bjj-vm-2022-igang\/#breadcrumb\",\"itemListElement\":[{\"@type\":\"ListItem\",\"position\":1,\"name\":\"Hem\",\"item\":\"https:\/\/www.budokampsport.se\/\"},{\"@type\":\"ListItem\",\"position\":2,\"name\":\"Nu drar BJJ-VM 2022 ig\u00e5ng\"}]},{\"@type\":\"WebSite\",\"@id\":\"https:\/\/www.budokampsport.se\/#website\",\"url\":\"https:\/\/www.budokampsport.se\/\",\"name\":\"Svenska Budo &amp; Kampsportsf\u00f6rbundet\",\"description\":\"T\u00e4vling, Tr\u00e4ning, Tradition\",\"potentialAction\":[{\"@type\":\"SearchAction\",\"target\":{\"@type\":\"EntryPoint\",\"urlTemplate\":\"https:\/\/www.budokampsport.se\/?s={search_term_string}\"},\"query-input\":{\"@type\":\"PropertyValueSpecification\",\"valueRequired\":true,\"valueName\":\"search_term_string\"}}],\"inLanguage\":\"sv-SE\"},{\"@type\":\"Person\",\"@id\":\"https:\/\/www.budokampsport.se\/#\/schema\/person\/d80c0bc61f1787703168fc250ce69522\",\"name\":\"Mats Lilja\",\"image\":{\"@type\":\"ImageObject\",\"inLanguage\":\"sv-SE\",\"@id\":\"https:\/\/www.budokampsport.se\/#\/schema\/person\/image\/\",\"url\":\"https:\/\/secure.gravatar.com\/avatar\/607f84918e96abe1ebbd8611782fa57d?s=96&d=blank&r=g\",\"contentUrl\":\"https:\/\/secure.gravatar.com\/avatar\/607f84918e96abe1ebbd8611782fa57d?s=96&d=blank&r=g\",\"caption\":\"Mats Lilja\"},\"url\":\"https:\/\/www.budokampsport.se\/author\/mats-lilja\/\"}]}<\/script>\n<!-- \/ Yoast SEO plugin. -->","yoast_head_json":{"title":"Nu drar BJJ-VM 2022 ig\u00e5ng - Svenska Budo &amp; Kampsportsf\u00f6rbundet","description":"BJJ. \u00c5rets v\u00e4rldsm\u00e4sterskap i Kalifornien p\u00e5g\u00e5r till och med s\u00f6ndag.","robots":{"index":"index","follow":"follow","max-snippet":"max-snippet:-1","max-image-preview":"max-image-preview:large","max-video-preview":"max-video-preview:-1"},"canonical":"https:\/\/www.budokampsport.se\/2022\/06\/02\/nu-drar-bjj-vm-2022-igang\/","og_locale":"sv_SE","og_type":"article","og_title":"Nu drar BJJ-VM 2022 ig\u00e5ng - Svenska Budo &amp; Kampsportsf\u00f6rbundet","og_description":"BJJ. \u00c5rets v\u00e4rldsm\u00e4sterskap i Kalifornien p\u00e5g\u00e5r till och med s\u00f6ndag.","og_url":"https:\/\/www.budokampsport.se\/2022\/06\/02\/nu-drar-bjj-vm-2022-igang\/","og_site_name":"Svenska Budo &amp; Kampsportsf\u00f6rbundet","article_published_time":"2022-06-02T15:20:19+00:00","article_modified_time":"2022-06-02T20:49:36+00:00","og_image":[{"width":713,"height":475,"url":"https:\/\/www.budokampsport.se\/wp-content\/uploads\/2022\/06\/bjjvm2018.png","type":"image\/png"}],"author":"Mats Lilja","twitter_card":"summary_large_image","twitter_misc":{"Skriven av":"Mats Lilja","Ber\u00e4knad l\u00e4stid":"1 minut"},"schema":{"@context":"https:\/\/schema.org","@graph":[{"@type":"Article","@id":"https:\/\/www.budokampsport.se\/2022\/06\/02\/nu-drar-bjj-vm-2022-igang\/#article","isPartOf":{"@id":"https:\/\/www.budokampsport.se\/2022\/06\/02\/nu-drar-bjj-vm-2022-igang\/"},"author":{"name":"Mats Lilja","@id":"https:\/\/www.budokampsport.se\/#\/schema\/person\/d80c0bc61f1787703168fc250ce69522"},"headline":"Nu drar BJJ-VM 2022 ig\u00e5ng","datePublished":"2022-06-02T15:20:19+00:00","dateModified":"2022-06-02T20:49:36+00:00","mainEntityOfPage":{"@id":"https:\/\/www.budokampsport.se\/2022\/06\/02\/nu-drar-bjj-vm-2022-igang\/"},"wordCount":270,"commentCount":0,"image":{"@id":"https:\/\/www.budokampsport.se\/2022\/06\/02\/nu-drar-bjj-vm-2022-igang\/#primaryimage"},"thumbnailUrl":"https:\/\/www.budokampsport.se\/wp-content\/uploads\/2022\/06\/bjjvm2018.png","inLanguage":"sv-SE","potentialAction":[{"@type":"CommentAction","name":"Comment","target":["https:\/\/www.budokampsport.se\/2022\/06\/02\/nu-drar-bjj-vm-2022-igang\/#respond"]}]},{"@type":"WebPage","@id":"https:\/\/www.budokampsport.se\/2022\/06\/02\/nu-drar-bjj-vm-2022-igang\/","url":"https:\/\/www.budokampsport.se\/2022\/06\/02\/nu-drar-bjj-vm-2022-igang\/","name":"Nu drar BJJ-VM 2022 ig\u00e5ng - Svenska Budo &amp; Kampsportsf\u00f6rbundet","isPartOf":{"@id":"https:\/\/www.budokampsport.se\/#website"},"primaryImageOfPage":{"@id":"https:\/\/www.budokampsport.se\/2022\/06\/02\/nu-drar-bjj-vm-2022-igang\/#primaryimage"},"image":{"@id":"https:\/\/www.budokampsport.se\/2022\/06\/02\/nu-drar-bjj-vm-2022-igang\/#primaryimage"},"thumbnailUrl":"https:\/\/www.budokampsport.se\/wp-content\/uploads\/2022\/06\/bjjvm2018.png","datePublished":"2022-06-02T15:20:19+00:00","dateModified":"2022-06-02T20:49:36+00:00","author":{"@id":"https:\/\/www.budokampsport.se\/#\/schema\/person\/d80c0bc61f1787703168fc250ce69522"},"description":"BJJ. \u00c5rets v\u00e4rldsm\u00e4sterskap i Kalifornien p\u00e5g\u00e5r till och med s\u00f6ndag.","breadcrumb":{"@id":"https:\/\/www.budokampsport.se\/2022\/06\/02\/nu-drar-bjj-vm-2022-igang\/#breadcrumb"},"inLanguage":"sv-SE","potentialAction":[{"@type":"ReadAction","target":["https:\/\/www.budokampsport.se\/2022\/06\/02\/nu-drar-bjj-vm-2022-igang\/"]}]},{"@type":"ImageObject","inLanguage":"sv-SE","@id":"https:\/\/www.budokampsport.se\/2022\/06\/02\/nu-drar-bjj-vm-2022-igang\/#primaryimage","url":"https:\/\/www.budokampsport.se\/wp-content\/uploads\/2022\/06\/bjjvm2018.png","contentUrl":"https:\/\/www.budokampsport.se\/wp-content\/uploads\/2022\/06\/bjjvm2018.png","width":713,"height":475,"caption":"BJJ-VM. Foto: Jonathan Broberg."},{"@type":"BreadcrumbList","@id":"https:\/\/www.budokampsport.se\/2022\/06\/02\/nu-drar-bjj-vm-2022-igang\/#breadcrumb","itemListElement":[{"@type":"ListItem","position":1,"name":"Hem","item":"https:\/\/www.budokampsport.se\/"},{"@type":"ListItem","position":2,"name":"Nu drar BJJ-VM 2022 ig\u00e5ng"}]},{"@type":"WebSite","@id":"https:\/\/www.budokampsport.se\/#website","url":"https:\/\/www.budokampsport.se\/","name":"Svenska Budo &amp; Kampsportsf\u00f6rbundet","description":"T\u00e4vling, Tr\u00e4ning, Tradition","potentialAction":[{"@type":"SearchAction","target":{"@type":"EntryPoint","urlTemplate":"https:\/\/www.budokampsport.se\/?s={search_term_string}"},"query-input":{"@type":"PropertyValueSpecification","valueRequired":true,"valueName":"search_term_string"}}],"inLanguage":"sv-SE"},{"@type":"Person","@id":"https:\/\/www.budokampsport.se\/#\/schema\/person\/d80c0bc61f1787703168fc250ce69522","name":"Mats Lilja","image":{"@type":"ImageObject","inLanguage":"sv-SE","@id":"https:\/\/www.budokampsport.se\/#\/schema\/person\/image\/","url":"https:\/\/secure.gravatar.com\/avatar\/607f84918e96abe1ebbd8611782fa57d?s=96&d=blank&r=g","contentUrl":"https:\/\/secure.gravatar.com\/avatar\/607f84918e96abe1ebbd8611782fa57d?s=96&d=blank&r=g","caption":"Mats Lilja"},"url":"https:\/\/www.budokampsport.se\/author\/mats-lilja\/"}]}},"_links":{"self":[{"href":"https:\/\/www.budokampsport.se\/api\/wp\/v2\/posts\/139946","targetHints":{"allow":["GET"]}}],"collection":[{"href":"https:\/\/www.budokampsport.se\/api\/wp\/v2\/posts"}],"about":[{"href":"https:\/\/www.budokampsport.se\/api\/wp\/v2\/types\/post"}],"author":[{"embeddable":true,"href":"https:\/\/www.budokampsport.se\/api\/wp\/v2\/users\/914"}],"replies":[{"embeddable":true,"href":"https:\/\/www.budokampsport.se\/api\/wp\/v2\/comments?post=139946"}],"version-history":[{"count":0,"href":"https:\/\/www.budokampsport.se\/api\/wp\/v2\/posts\/139946\/revisions"}],"wp:featuredmedia":[{"embeddable":true,"href":"https:\/\/www.budokampsport.se\/api\/wp\/v2\/media\/139949"}],"wp:attachment":[{"href":"https:\/\/www.budokampsport.se\/api\/wp\/v2\/media?parent=139946"}],"wp:term":[{"taxonomy":"category","embeddable":true,"href":"https:\/\/www.budokampsport.se\/api\/wp\/v2\/categories?post=139946"},{"taxonomy":"post_tag","embeddable":true,"href":"https:\/\/www.budokampsport.se\/api\/wp\/v2\/tags?post=139946"}],"curies":[{"name":"wp","href":"https:\/\/api.w.org\/{rel}","templated":true}]}}