{"id":139983,"date":"2022-06-05T06:25:57","date_gmt":"2022-06-05T04:25:57","guid":{"rendered":"https:\/\/www.budokampsport.se\/?p=139983"},"modified":"2022-06-05T06:25:57","modified_gmt":"2022-06-05T04:25:57","slug":"behnam-razaki-berattar-om-sitt-vm-guld-i-kalifornien","status":"publish","type":"post","link":"https:\/\/www.budokampsport.se\/2022\/06\/05\/behnam-razaki-berattar-om-sitt-vm-guld-i-kalifornien\/","title":{"rendered":"Behnam Razaki ber\u00e4ttar om sitt VM-guld i Kalifornien"},"content":{"rendered":"<p>Sverige fick i helgen en VM-guldmedalj\u00f6r i BJJ. Detta d\u00e5 Behnam Razaki fr\u00e5n Conde IF p\u00e5 Hisingen i G\u00f6teborg tog \u00e4nnu en internationell skalp. I pyramiden i Long Beach gick han hela v\u00e4gen i bl\u00e5b\u00e4ltarnas l\u00e4ttviktsdivision f\u00f6r 17-\/18-\u00e5ringar (Juvenile 2).<\/p>\n<p>&#8211; Det h\u00e4r \u00e4r det st\u00f6rsta guldet jag tagit hittills. Jag har vunnit tv\u00e5 VM-guld p\u00e5 juniorsidan tidigare men det h\u00e4r det f\u00f6rsta p\u00e5 \u201dstora\u201d VM. St\u00f6rre blir det inte, s\u00e4ger han.<\/p>\n<p>Trots att han fortfarande bara \u00e4r 16 \u00e5r gammal s\u00e5 b\u00e4rgade han VM-guldet efter tre raka segrar i relativt rask takt. Men den match d\u00e4r han fick slita mest var faktiskt den inledande kvartsfinalen mot Carl-Anthony Brown Jr.<\/p>\n<p>&#8211; Ja, den f\u00f6rsta matchen var tuffast. Jag var i arenan fem timmar innan f\u00f6r att kunna kolla in n\u00e5gra kompisar s\u00e5 det blev lite v\u00e4ntan. Jag hade ocks\u00e5 varit tvungen att g\u00e5 ner 300 gram till f\u00f6r att klara matchvikten s\u00e5 jag fick r\u00f6ra mig mycket och se till att svettas inf\u00f6r inv\u00e4gningen en halvtimme innan matchen.<\/p>\n<p>Efter att \u00e4nd\u00e5 ha lyckats vinna sin kvartsfinal s\u00e5 tog Behnam Razaki hem semifinalen mot Diego Miguel Saenz av bara farten. Vilket gav en final mot Samuel Hulsey, en motst\u00e5ndare han hade bra koll p\u00e5.<\/p>\n<p>&#8211; Det \u00e4r en v\u00e4ldigt duktig grabb som har vunnit stora matcher tidigare. Jag visste att det skulle vara en tuff match. Mot slutet s\u00e5 l\u00e5g jag ocks\u00e5 under med en f\u00f6rdel. Men jag avslutade honom med en flying triangle med en minut kvar, ber\u00e4ttar han.<\/p>\n<p><strong>Hur var k\u00e4nslan efter avg\u00f6randet?<\/strong><\/p>\n<p>&#8211; Det \u00e4r en sk\u00f6n k\u00e4nsla att se sig som v\u00e4rldsm\u00e4stare. Sj\u00e4lvklart var det mitt m\u00e5l inf\u00f6r att vinna VM men det var sv\u00e5rt att inse att jag faktiskt hade vunnit.<\/p>\n<p><strong>Det gick inte att ta miste p\u00e5 <a href=\"https:\/\/www.instagram.com\/reel\/CeXclIEI45O\/\" target=\"_blank\" rel=\"noopener\">din stolthet<\/a> \u00f6ver att vinna ett guld till Sverige?<\/strong><\/p>\n<p>&#8211; Sverige \u00e4r ett land som v\u00e4xer inom BJJ och att p\u00e5 n\u00e5got s\u00e4tt bara vara d\u00e4r och bidra till att lyfta den svenska BJJ-scenen betyder mycket. Det k\u00e4nns kul att s\u00e4tta Sverige p\u00e5 kartan.<\/p>\n<p>\u00c4ven hemma i G\u00f6teborg jublades det \u00f6ver Behnam Razakis framfart.<\/p>\n<p>&#8211; Han \u00e4r en fantastisk m\u00e4nniska p\u00e5 alla s\u00e4tt och vis. Alla p\u00e5 klubben \u00e4r enormt stolta \u00f6ver vad han har gjort, s\u00e4ger Conde IF:s huvudcoach Martin Hedenbergh \u00f6ver telefon.<\/p>\n<p>Han har f\u00f6ljt och tr\u00e4nat Behnam Razaki sen han kom till klubben som 6-\u00e5ring. Och han \u00e4r precis som alla andra inom BJJ:n imponerad \u00f6ver adeptens branta utveckling.<\/p>\n<p>&#8211; Det som \u00e4r s\u00e5 fantastiskt med Behnam \u00e4r han inte fastnar i olika positioner. Han \u00e4r v\u00e4ldigt r\u00f6rlig och jobbar sig hela tiden ur situationerna f\u00f6r att hitta nya positioner. Som i finalen, d\u00e4r han l\u00e5g under men fortsatte att k\u00e4mpa med triangeln, s\u00e4ger Martin Hedenbergh.<\/p>\n<p>F\u00f6r Behnam Razaki v\u00e4ntar nu de sista dagarna i Kalifornien innan hemf\u00e4rden till Sverige.<\/p>\n<p>&#8211; F\u00f6rst och fr\u00e4mst s\u00e5 \u00e4r det kul att vara i USA f\u00f6r f\u00f6rsta g\u00e5ngen. Det \u00e4r fint land med bra mat.<\/p>\n<p><strong>Hur g\u00e5r man vidare efter ett VM-guld?<\/strong><\/p>\n<p>&#8211; Det kommer en sommarperiod nu d\u00e5 jag kanske f\u00e5r \u00e5terh\u00e4mta mig lite men jag f\u00e5r inte slappna av. Det h\u00e4r \u00e4r bara b\u00f6rjan p\u00e5 en l\u00e5ng resa.<\/p>\n<p><strong>Har du n\u00e5gra uppsatta m\u00e5l?<\/strong><\/p>\n<p>&#8211; Jag vill vinna allt som kommer i min v\u00e4g. Mitt m\u00e5l \u00e4r att bli b\u00e4st \u2013 inte i Sverige utan i v\u00e4rlden.<\/p>\n<p>Text och foto: Mats Lilja<\/p>\n","protected":false},"excerpt":{"rendered":"<p>BJJ. Stortalangen gick hela v\u00e4gen och blev m\u00e4stare i BJJ-VM.<\/p><br>","protected":false},"author":914,"featured_media":139984,"comment_status":"open","ping_status":"open","sticky":false,"template":"","format":"standard","meta":{"_acf_changed":false,"footnotes":""},"categories":[1],"tags":[],"class_list":["post-139983","post","type-post","status-publish","format-standard","has-post-thumbnail","hentry","category-okategoriserade"],"acf":[],"yoast_head":"<!-- This site is optimized with the Yoast SEO plugin v26.8 - https:\/\/yoast.com\/product\/yoast-seo-wordpress\/ -->\n<title>Behnam Razaki ber\u00e4ttar om sitt VM-guld i Kalifornien - Svenska Budo &amp; Kampsportsf\u00f6rbundet<\/title>\n<meta name=\"description\" content=\"BJJ. Stortalangen gick hela v\u00e4gen och blev m\u00e4stare i BJJ-VM.\" \/>\n<meta name=\"robots\" content=\"index, follow, max-snippet:-1, max-image-preview:large, max-video-preview:-1\" \/>\n<link rel=\"canonical\" href=\"https:\/\/www.budokampsport.se\/2022\/06\/05\/behnam-razaki-berattar-om-sitt-vm-guld-i-kalifornien\/\" \/>\n<meta property=\"og:locale\" content=\"sv_SE\" \/>\n<meta property=\"og:type\" content=\"article\" \/>\n<meta property=\"og:title\" content=\"Behnam Razaki ber\u00e4ttar om sitt VM-guld i Kalifornien - Svenska Budo &amp; Kampsportsf\u00f6rbundet\" \/>\n<meta property=\"og:description\" content=\"BJJ. Stortalangen gick hela v\u00e4gen och blev m\u00e4stare i BJJ-VM.\" \/>\n<meta property=\"og:url\" content=\"https:\/\/www.budokampsport.se\/2022\/06\/05\/behnam-razaki-berattar-om-sitt-vm-guld-i-kalifornien\/\" \/>\n<meta property=\"og:site_name\" content=\"Svenska Budo &amp; Kampsportsf\u00f6rbundet\" \/>\n<meta property=\"article:published_time\" content=\"2022-06-05T04:25:57+00:00\" \/>\n<meta property=\"og:image\" content=\"https:\/\/www.budokampsport.se\/wp-content\/uploads\/2022\/06\/behnamrazaki.png\" \/>\n\t<meta property=\"og:image:width\" content=\"1200\" \/>\n\t<meta property=\"og:image:height\" content=\"800\" \/>\n\t<meta property=\"og:image:type\" content=\"image\/png\" \/>\n<meta name=\"author\" content=\"Mats Lilja\" \/>\n<meta name=\"twitter:card\" content=\"summary_large_image\" \/>\n<meta name=\"twitter:label1\" content=\"Skriven av\" \/>\n\t<meta name=\"twitter:data1\" content=\"Mats Lilja\" \/>\n\t<meta name=\"twitter:label2\" content=\"Ber\u00e4knad l\u00e4stid\" \/>\n\t<meta name=\"twitter:data2\" content=\"3 minuter\" \/>\n<script type=\"application\/ld+json\" class=\"yoast-schema-graph\">{\"@context\":\"https:\/\/schema.org\",\"@graph\":[{\"@type\":\"Article\",\"@id\":\"https:\/\/www.budokampsport.se\/2022\/06\/05\/behnam-razaki-berattar-om-sitt-vm-guld-i-kalifornien\/#article\",\"isPartOf\":{\"@id\":\"https:\/\/www.budokampsport.se\/2022\/06\/05\/behnam-razaki-berattar-om-sitt-vm-guld-i-kalifornien\/\"},\"author\":{\"name\":\"Mats Lilja\",\"@id\":\"https:\/\/www.budokampsport.se\/#\/schema\/person\/d80c0bc61f1787703168fc250ce69522\"},\"headline\":\"Behnam Razaki ber\u00e4ttar om sitt VM-guld i Kalifornien\",\"datePublished\":\"2022-06-05T04:25:57+00:00\",\"mainEntityOfPage\":{\"@id\":\"https:\/\/www.budokampsport.se\/2022\/06\/05\/behnam-razaki-berattar-om-sitt-vm-guld-i-kalifornien\/\"},\"wordCount\":644,\"commentCount\":0,\"image\":{\"@id\":\"https:\/\/www.budokampsport.se\/2022\/06\/05\/behnam-razaki-berattar-om-sitt-vm-guld-i-kalifornien\/#primaryimage\"},\"thumbnailUrl\":\"https:\/\/www.budokampsport.se\/wp-content\/uploads\/2022\/06\/behnamrazaki.png\",\"inLanguage\":\"sv-SE\",\"potentialAction\":[{\"@type\":\"CommentAction\",\"name\":\"Comment\",\"target\":[\"https:\/\/www.budokampsport.se\/2022\/06\/05\/behnam-razaki-berattar-om-sitt-vm-guld-i-kalifornien\/#respond\"]}]},{\"@type\":\"WebPage\",\"@id\":\"https:\/\/www.budokampsport.se\/2022\/06\/05\/behnam-razaki-berattar-om-sitt-vm-guld-i-kalifornien\/\",\"url\":\"https:\/\/www.budokampsport.se\/2022\/06\/05\/behnam-razaki-berattar-om-sitt-vm-guld-i-kalifornien\/\",\"name\":\"Behnam Razaki ber\u00e4ttar om sitt VM-guld i Kalifornien - Svenska Budo &amp; Kampsportsf\u00f6rbundet\",\"isPartOf\":{\"@id\":\"https:\/\/www.budokampsport.se\/#website\"},\"primaryImageOfPage\":{\"@id\":\"https:\/\/www.budokampsport.se\/2022\/06\/05\/behnam-razaki-berattar-om-sitt-vm-guld-i-kalifornien\/#primaryimage\"},\"image\":{\"@id\":\"https:\/\/www.budokampsport.se\/2022\/06\/05\/behnam-razaki-berattar-om-sitt-vm-guld-i-kalifornien\/#primaryimage\"},\"thumbnailUrl\":\"https:\/\/www.budokampsport.se\/wp-content\/uploads\/2022\/06\/behnamrazaki.png\",\"datePublished\":\"2022-06-05T04:25:57+00:00\",\"author\":{\"@id\":\"https:\/\/www.budokampsport.se\/#\/schema\/person\/d80c0bc61f1787703168fc250ce69522\"},\"description\":\"BJJ. Stortalangen gick hela v\u00e4gen och blev m\u00e4stare i BJJ-VM.\",\"breadcrumb\":{\"@id\":\"https:\/\/www.budokampsport.se\/2022\/06\/05\/behnam-razaki-berattar-om-sitt-vm-guld-i-kalifornien\/#breadcrumb\"},\"inLanguage\":\"sv-SE\",\"potentialAction\":[{\"@type\":\"ReadAction\",\"target\":[\"https:\/\/www.budokampsport.se\/2022\/06\/05\/behnam-razaki-berattar-om-sitt-vm-guld-i-kalifornien\/\"]}]},{\"@type\":\"ImageObject\",\"inLanguage\":\"sv-SE\",\"@id\":\"https:\/\/www.budokampsport.se\/2022\/06\/05\/behnam-razaki-berattar-om-sitt-vm-guld-i-kalifornien\/#primaryimage\",\"url\":\"https:\/\/www.budokampsport.se\/wp-content\/uploads\/2022\/06\/behnamrazaki.png\",\"contentUrl\":\"https:\/\/www.budokampsport.se\/wp-content\/uploads\/2022\/06\/behnamrazaki.png\",\"width\":1200,\"height\":800,\"caption\":\"Behnam Razaki med sitt guld i BJJ-VM 2022. Foto: Mats Lilja.\"},{\"@type\":\"BreadcrumbList\",\"@id\":\"https:\/\/www.budokampsport.se\/2022\/06\/05\/behnam-razaki-berattar-om-sitt-vm-guld-i-kalifornien\/#breadcrumb\",\"itemListElement\":[{\"@type\":\"ListItem\",\"position\":1,\"name\":\"Hem\",\"item\":\"https:\/\/www.budokampsport.se\/\"},{\"@type\":\"ListItem\",\"position\":2,\"name\":\"Behnam Razaki ber\u00e4ttar om sitt VM-guld i Kalifornien\"}]},{\"@type\":\"WebSite\",\"@id\":\"https:\/\/www.budokampsport.se\/#website\",\"url\":\"https:\/\/www.budokampsport.se\/\",\"name\":\"Svenska Budo &amp; Kampsportsf\u00f6rbundet\",\"description\":\"T\u00e4vling, Tr\u00e4ning, Tradition\",\"potentialAction\":[{\"@type\":\"SearchAction\",\"target\":{\"@type\":\"EntryPoint\",\"urlTemplate\":\"https:\/\/www.budokampsport.se\/?s={search_term_string}\"},\"query-input\":{\"@type\":\"PropertyValueSpecification\",\"valueRequired\":true,\"valueName\":\"search_term_string\"}}],\"inLanguage\":\"sv-SE\"},{\"@type\":\"Person\",\"@id\":\"https:\/\/www.budokampsport.se\/#\/schema\/person\/d80c0bc61f1787703168fc250ce69522\",\"name\":\"Mats Lilja\",\"image\":{\"@type\":\"ImageObject\",\"inLanguage\":\"sv-SE\",\"@id\":\"https:\/\/www.budokampsport.se\/#\/schema\/person\/image\/\",\"url\":\"https:\/\/secure.gravatar.com\/avatar\/607f84918e96abe1ebbd8611782fa57d?s=96&d=blank&r=g\",\"contentUrl\":\"https:\/\/secure.gravatar.com\/avatar\/607f84918e96abe1ebbd8611782fa57d?s=96&d=blank&r=g\",\"caption\":\"Mats Lilja\"},\"url\":\"https:\/\/www.budokampsport.se\/author\/mats-lilja\/\"}]}<\/script>\n<!-- \/ Yoast SEO plugin. -->","yoast_head_json":{"title":"Behnam Razaki ber\u00e4ttar om sitt VM-guld i Kalifornien - Svenska Budo &amp; Kampsportsf\u00f6rbundet","description":"BJJ. Stortalangen gick hela v\u00e4gen och blev m\u00e4stare i BJJ-VM.","robots":{"index":"index","follow":"follow","max-snippet":"max-snippet:-1","max-image-preview":"max-image-preview:large","max-video-preview":"max-video-preview:-1"},"canonical":"https:\/\/www.budokampsport.se\/2022\/06\/05\/behnam-razaki-berattar-om-sitt-vm-guld-i-kalifornien\/","og_locale":"sv_SE","og_type":"article","og_title":"Behnam Razaki ber\u00e4ttar om sitt VM-guld i Kalifornien - Svenska Budo &amp; Kampsportsf\u00f6rbundet","og_description":"BJJ. Stortalangen gick hela v\u00e4gen och blev m\u00e4stare i BJJ-VM.","og_url":"https:\/\/www.budokampsport.se\/2022\/06\/05\/behnam-razaki-berattar-om-sitt-vm-guld-i-kalifornien\/","og_site_name":"Svenska Budo &amp; Kampsportsf\u00f6rbundet","article_published_time":"2022-06-05T04:25:57+00:00","og_image":[{"width":1200,"height":800,"url":"https:\/\/www.budokampsport.se\/wp-content\/uploads\/2022\/06\/behnamrazaki.png","type":"image\/png"}],"author":"Mats Lilja","twitter_card":"summary_large_image","twitter_misc":{"Skriven av":"Mats Lilja","Ber\u00e4knad l\u00e4stid":"3 minuter"},"schema":{"@context":"https:\/\/schema.org","@graph":[{"@type":"Article","@id":"https:\/\/www.budokampsport.se\/2022\/06\/05\/behnam-razaki-berattar-om-sitt-vm-guld-i-kalifornien\/#article","isPartOf":{"@id":"https:\/\/www.budokampsport.se\/2022\/06\/05\/behnam-razaki-berattar-om-sitt-vm-guld-i-kalifornien\/"},"author":{"name":"Mats Lilja","@id":"https:\/\/www.budokampsport.se\/#\/schema\/person\/d80c0bc61f1787703168fc250ce69522"},"headline":"Behnam Razaki ber\u00e4ttar om sitt VM-guld i Kalifornien","datePublished":"2022-06-05T04:25:57+00:00","mainEntityOfPage":{"@id":"https:\/\/www.budokampsport.se\/2022\/06\/05\/behnam-razaki-berattar-om-sitt-vm-guld-i-kalifornien\/"},"wordCount":644,"commentCount":0,"image":{"@id":"https:\/\/www.budokampsport.se\/2022\/06\/05\/behnam-razaki-berattar-om-sitt-vm-guld-i-kalifornien\/#primaryimage"},"thumbnailUrl":"https:\/\/www.budokampsport.se\/wp-content\/uploads\/2022\/06\/behnamrazaki.png","inLanguage":"sv-SE","potentialAction":[{"@type":"CommentAction","name":"Comment","target":["https:\/\/www.budokampsport.se\/2022\/06\/05\/behnam-razaki-berattar-om-sitt-vm-guld-i-kalifornien\/#respond"]}]},{"@type":"WebPage","@id":"https:\/\/www.budokampsport.se\/2022\/06\/05\/behnam-razaki-berattar-om-sitt-vm-guld-i-kalifornien\/","url":"https:\/\/www.budokampsport.se\/2022\/06\/05\/behnam-razaki-berattar-om-sitt-vm-guld-i-kalifornien\/","name":"Behnam Razaki ber\u00e4ttar om sitt VM-guld i Kalifornien - Svenska Budo &amp; Kampsportsf\u00f6rbundet","isPartOf":{"@id":"https:\/\/www.budokampsport.se\/#website"},"primaryImageOfPage":{"@id":"https:\/\/www.budokampsport.se\/2022\/06\/05\/behnam-razaki-berattar-om-sitt-vm-guld-i-kalifornien\/#primaryimage"},"image":{"@id":"https:\/\/www.budokampsport.se\/2022\/06\/05\/behnam-razaki-berattar-om-sitt-vm-guld-i-kalifornien\/#primaryimage"},"thumbnailUrl":"https:\/\/www.budokampsport.se\/wp-content\/uploads\/2022\/06\/behnamrazaki.png","datePublished":"2022-06-05T04:25:57+00:00","author":{"@id":"https:\/\/www.budokampsport.se\/#\/schema\/person\/d80c0bc61f1787703168fc250ce69522"},"description":"BJJ. Stortalangen gick hela v\u00e4gen och blev m\u00e4stare i BJJ-VM.","breadcrumb":{"@id":"https:\/\/www.budokampsport.se\/2022\/06\/05\/behnam-razaki-berattar-om-sitt-vm-guld-i-kalifornien\/#breadcrumb"},"inLanguage":"sv-SE","potentialAction":[{"@type":"ReadAction","target":["https:\/\/www.budokampsport.se\/2022\/06\/05\/behnam-razaki-berattar-om-sitt-vm-guld-i-kalifornien\/"]}]},{"@type":"ImageObject","inLanguage":"sv-SE","@id":"https:\/\/www.budokampsport.se\/2022\/06\/05\/behnam-razaki-berattar-om-sitt-vm-guld-i-kalifornien\/#primaryimage","url":"https:\/\/www.budokampsport.se\/wp-content\/uploads\/2022\/06\/behnamrazaki.png","contentUrl":"https:\/\/www.budokampsport.se\/wp-content\/uploads\/2022\/06\/behnamrazaki.png","width":1200,"height":800,"caption":"Behnam Razaki med sitt guld i BJJ-VM 2022. Foto: Mats Lilja."},{"@type":"BreadcrumbList","@id":"https:\/\/www.budokampsport.se\/2022\/06\/05\/behnam-razaki-berattar-om-sitt-vm-guld-i-kalifornien\/#breadcrumb","itemListElement":[{"@type":"ListItem","position":1,"name":"Hem","item":"https:\/\/www.budokampsport.se\/"},{"@type":"ListItem","position":2,"name":"Behnam Razaki ber\u00e4ttar om sitt VM-guld i Kalifornien"}]},{"@type":"WebSite","@id":"https:\/\/www.budokampsport.se\/#website","url":"https:\/\/www.budokampsport.se\/","name":"Svenska Budo &amp; Kampsportsf\u00f6rbundet","description":"T\u00e4vling, Tr\u00e4ning, Tradition","potentialAction":[{"@type":"SearchAction","target":{"@type":"EntryPoint","urlTemplate":"https:\/\/www.budokampsport.se\/?s={search_term_string}"},"query-input":{"@type":"PropertyValueSpecification","valueRequired":true,"valueName":"search_term_string"}}],"inLanguage":"sv-SE"},{"@type":"Person","@id":"https:\/\/www.budokampsport.se\/#\/schema\/person\/d80c0bc61f1787703168fc250ce69522","name":"Mats Lilja","image":{"@type":"ImageObject","inLanguage":"sv-SE","@id":"https:\/\/www.budokampsport.se\/#\/schema\/person\/image\/","url":"https:\/\/secure.gravatar.com\/avatar\/607f84918e96abe1ebbd8611782fa57d?s=96&d=blank&r=g","contentUrl":"https:\/\/secure.gravatar.com\/avatar\/607f84918e96abe1ebbd8611782fa57d?s=96&d=blank&r=g","caption":"Mats Lilja"},"url":"https:\/\/www.budokampsport.se\/author\/mats-lilja\/"}]}},"_links":{"self":[{"href":"https:\/\/www.budokampsport.se\/api\/wp\/v2\/posts\/139983","targetHints":{"allow":["GET"]}}],"collection":[{"href":"https:\/\/www.budokampsport.se\/api\/wp\/v2\/posts"}],"about":[{"href":"https:\/\/www.budokampsport.se\/api\/wp\/v2\/types\/post"}],"author":[{"embeddable":true,"href":"https:\/\/www.budokampsport.se\/api\/wp\/v2\/users\/914"}],"replies":[{"embeddable":true,"href":"https:\/\/www.budokampsport.se\/api\/wp\/v2\/comments?post=139983"}],"version-history":[{"count":0,"href":"https:\/\/www.budokampsport.se\/api\/wp\/v2\/posts\/139983\/revisions"}],"wp:featuredmedia":[{"embeddable":true,"href":"https:\/\/www.budokampsport.se\/api\/wp\/v2\/media\/139984"}],"wp:attachment":[{"href":"https:\/\/www.budokampsport.se\/api\/wp\/v2\/media?parent=139983"}],"wp:term":[{"taxonomy":"category","embeddable":true,"href":"https:\/\/www.budokampsport.se\/api\/wp\/v2\/categories?post=139983"},{"taxonomy":"post_tag","embeddable":true,"href":"https:\/\/www.budokampsport.se\/api\/wp\/v2\/tags?post=139983"}],"curies":[{"name":"wp","href":"https:\/\/api.w.org\/{rel}","templated":true}]}}