{"id":140059,"date":"2022-06-08T19:17:17","date_gmt":"2022-06-08T17:17:17","guid":{"rendered":"https:\/\/www.budokampsport.se\/?p=140059"},"modified":"2022-06-08T19:17:17","modified_gmt":"2022-06-08T17:17:17","slug":"de-vann-sm-i-wushu-2022","status":"publish","type":"post","link":"https:\/\/www.budokampsport.se\/2022\/06\/08\/de-vann-sm-i-wushu-2022\/","title":{"rendered":"De vann SM i wushu 2022"},"content":{"rendered":"<p>Den 4 juni avgjordes <a href=\"https:\/\/www.budokampsport.se\/2022\/06\/02\/sm-i-wushu-avgors-pa-lordag\/\" target=\"_blank\" rel=\"noopener\">SM i wushu<\/a>, detta i Eriksdalshallen i Stockholm. P\u00e5 grund av coronapandemin var det f\u00f6rsta g\u00e5ngen sedan februari 2020 som man kunde genomf\u00f6ra m\u00e4sterskapet.<\/p>\n<p>Totalt noterades 62 starter i SM-t\u00e4vlingarna, d\u00e4ribland tre stycken fr\u00e5n v\u00e4rldsm\u00e4staren <strong>Saddam Alrahomi<\/strong>. Jemeniten, numera boendes i \u00d6rebro, vann ocks\u00e5 samtliga tre klasser han st\u00e4llde upp i.<\/p>\n<p>P\u00e5 ungdomssidan noterade syskonen <strong>My Hessle<\/strong> och <strong>Arvid Hessle<\/strong> storslam n\u00e4r man gemensamt vann samtliga fem taoluklasser f\u00f6r de yngre.<\/p>\n<p>&#8211; Det k\u00e4ndes som att alla var j\u00e4tteglada \u00f6ver att det gick att genomf\u00f6ra ett SM igen, det var ju f\u00f6r f\u00f6rsta g\u00e5ngen p\u00e5 n\u00e4stan 2,5 \u00e5r. T\u00e4vlingen gick j\u00e4ttefint och det blev ett fint arrangemang med m\u00e5nga glada deltagare och nya SM-medalj\u00f6rer. Och det som var extra kul var att det var m\u00e5nga deltagare i barn- och juniorklasserna, s\u00e4ger arrang\u00f6ren Peder Finnsi\u00f6.<\/p>\n<p>Totalt delades det ut 20 SM-guld vid t\u00e4vlingarna. Samtliga vinnare ser ni h\u00e4r nedanf\u00f6r.<\/p>\n<h3><strong>SANDA (SENIORER)<\/strong><\/h3>\n<table style=\"border-collapse: collapse; width: 100%;\">\n<tbody>\n<tr>\n<td style=\"width: 100%;\"><img loading=\"lazy\" decoding=\"async\" class=\"alignnone size-full wp-image-134090\" src=\"https:\/\/www.budokampsport.se\/wp-content\/uploads\/2022\/01\/afghanistan_flag-png-icon-16.png\" alt=\"\" width=\"16\" height=\"11\" \/> <strong>Morteza Rashedi<\/strong>, Stockholms Wushu &amp; Kung fu<\/td>\n<\/tr>\n<tr>\n<td style=\"width: 100%;\"><span style=\"font-size: 10pt;\">HERRAR \/ SENIOR 18 + \/ A &#8211; KLASS &#8212; SM \/ &#8211; 65 KG<\/span><\/td>\n<\/tr>\n<tr>\n<td style=\"width: 100%;\"><img loading=\"lazy\" decoding=\"async\" class=\"alignnone size-full wp-image-122883\" src=\"https:\/\/www.budokampsport.se\/wp-content\/uploads\/2020\/11\/sweden-flag-icon-16.png\" alt=\"Sveriges flagga\" width=\"16\" height=\"10\" \/> <strong>Jonatan Lo Forte<\/strong>, Stockholms Wushu &amp; Kung fu<\/td>\n<\/tr>\n<tr>\n<td style=\"width: 100%;\"><span style=\"font-size: 10pt;\">HERRAR \/ SENIOR 18 + \/ A &#8211; KLASS &#8212; SM \/ &#8211; 70 KG<\/span><\/td>\n<\/tr>\n<tr>\n<td style=\"width: 100%;\"><img loading=\"lazy\" decoding=\"async\" class=\"alignnone size-full wp-image-122883\" src=\"https:\/\/www.budokampsport.se\/wp-content\/uploads\/2020\/11\/sweden-flag-icon-16.png\" alt=\"Sveriges flagga\" width=\"16\" height=\"10\" \/> <strong>Mikael F\u00e4ldt<\/strong>, S\u00f6dermalms Shaolin F\u00f6rening<\/td>\n<\/tr>\n<tr>\n<td style=\"width: 100%;\"><span style=\"font-size: 10pt;\">HERRAR \/ SENIOR 18 + \/ A &#8211; KLASS &#8212; SM \/ &#8211; 75 KG<\/span><\/td>\n<\/tr>\n<tr>\n<td style=\"width: 100%;\"><img loading=\"lazy\" decoding=\"async\" class=\"alignnone size-full wp-image-124685\" src=\"https:\/\/www.budokampsport.se\/wp-content\/uploads\/2021\/02\/russia-flag-icon-16.png\" alt=\"Rysslands flagga\" width=\"16\" height=\"11\" \/> <strong>Ilia Pavlov<\/strong>, Stockholms Wushu &amp; Kung fu<\/td>\n<\/tr>\n<tr>\n<td style=\"width: 100%;\"><span style=\"font-size: 10pt;\">HERRAR \/ SENIOR 18 + \/ B &#8211; KLASS &#8212; L\u00c4TTKONTAKT \/ &#8211; 70 KG<\/span><\/td>\n<\/tr>\n<\/tbody>\n<\/table>\n<p>&nbsp;<\/p>\n<h3><strong>SANDA (UNGDOMAR)<\/strong><\/h3>\n<table style=\"border-collapse: collapse; width: 100%;\">\n<tbody>\n<tr>\n<td style=\"width: 100%;\"><img loading=\"lazy\" decoding=\"async\" class=\"alignnone size-full wp-image-122883\" src=\"https:\/\/www.budokampsport.se\/wp-content\/uploads\/2020\/11\/sweden-flag-icon-16.png\" alt=\"Sveriges flagga\" width=\"16\" height=\"10\" \/> <strong>Andr\u00e9 Adolfo<\/strong>, Stockholms Wushu &amp; Kung fu<\/td>\n<\/tr>\n<tr>\n<td style=\"width: 100%;\"><span style=\"font-size: 10pt;\">POJKAR \/ JUNIOR 16 &#8211; 17 \u00c5R \/ JSM &#8212; B &#8211; KLASS &#8212; L\u00c4TTKONTAKT \/ &#8211; 70 KG<\/span><\/td>\n<\/tr>\n<\/tbody>\n<\/table>\n<p>&nbsp;<\/p>\n<figure id=\"attachment_140065\" aria-describedby=\"caption-attachment-140065\" style=\"width: 1200px\" class=\"wp-caption aligncenter\"><img loading=\"lazy\" decoding=\"async\" class=\"size-full wp-image-140065\" src=\"https:\/\/www.budokampsport.se\/wp-content\/uploads\/2022\/06\/wushusm2022-2.png\" alt=\"\" width=\"1200\" height=\"1200\" srcset=\"https:\/\/www.budokampsport.se\/wp-content\/uploads\/2022\/06\/wushusm2022-2.png 1200w, https:\/\/www.budokampsport.se\/wp-content\/uploads\/2022\/06\/wushusm2022-2-100x100.png 100w, https:\/\/www.budokampsport.se\/wp-content\/uploads\/2022\/06\/wushusm2022-2-600x600.png 600w, https:\/\/www.budokampsport.se\/wp-content\/uploads\/2022\/06\/wushusm2022-2-376x376.png 376w, https:\/\/www.budokampsport.se\/wp-content\/uploads\/2022\/06\/wushusm2022-2-847x847.png 847w, https:\/\/www.budokampsport.se\/wp-content\/uploads\/2022\/06\/wushusm2022-2-278x278.png 278w, https:\/\/www.budokampsport.se\/wp-content\/uploads\/2022\/06\/wushusm2022-2-572x572.png 572w\" sizes=\"auto, (max-width: 1200px) 100vw, 1200px\" \/><figcaption id=\"caption-attachment-140065\" class=\"wp-caption-text\"><span style=\"font-size: 10pt;\"><em>T\u00e4vling i sanda vid SM i wushu 2022.<\/em><\/span><\/figcaption><\/figure>\n<h3>\u00a0<\/h3>\n<h3><strong>TAOLU (SENIORER)<\/strong><\/h3>\n<table style=\"border-collapse: collapse; width: 100%;\">\n<tbody>\n<tr>\n<td style=\"width: 100%;\"><img loading=\"lazy\" decoding=\"async\" class=\"alignnone size-full wp-image-122883\" src=\"https:\/\/www.budokampsport.se\/wp-content\/uploads\/2020\/11\/sweden-flag-icon-16.png\" alt=\"Sveriges flagga\" width=\"16\" height=\"10\" \/> <strong>Shauna Adams<\/strong>, J\u00e4rna Kung Fu &amp; Kultur<\/td>\n<\/tr>\n<tr>\n<td style=\"width: 100%;\"><span style=\"font-size: 10pt;\">DAMER \/ SENIORER 18 + \/ TRADITIONELL HANDFORM<\/span><\/td>\n<\/tr>\n<tr>\n<td style=\"width: 100%;\"><img loading=\"lazy\" decoding=\"async\" class=\"alignnone size-full wp-image-122883\" src=\"https:\/\/www.budokampsport.se\/wp-content\/uploads\/2020\/11\/sweden-flag-icon-16.png\" alt=\"Sveriges flagga\" width=\"16\" height=\"10\" \/> <strong>Lovisa Baldal<\/strong>, G\u00f6teborg Shaolin<\/td>\n<\/tr>\n<tr>\n<td style=\"width: 100%;\"><span style=\"font-size: 10pt;\">DAMER \/ SENIORER 18 + \/ TRADITIONELL VAPENFORM<\/span><\/td>\n<\/tr>\n<tr>\n<td style=\"width: 100%;\"><img loading=\"lazy\" decoding=\"async\" class=\"alignnone size-full wp-image-134087\" src=\"https:\/\/www.budokampsport.se\/wp-content\/uploads\/2022\/01\/yemen_flag-png-icon-16.png\" alt=\"\" width=\"16\" height=\"11\" \/> <strong>Saddam Alrahomi<\/strong>, Wushu Kung fu f\u00f6rening i \u00d6rebro<\/td>\n<\/tr>\n<tr>\n<td style=\"width: 100%;\"><span style=\"font-size: 10pt;\">HERRAR \/ SENIORER 18 + \/ SAMTIDA HANDFORM<\/span><\/td>\n<\/tr>\n<tr>\n<td style=\"width: 100%;\"><img loading=\"lazy\" decoding=\"async\" class=\"alignnone size-full wp-image-134087\" src=\"https:\/\/www.budokampsport.se\/wp-content\/uploads\/2022\/01\/yemen_flag-png-icon-16.png\" alt=\"\" width=\"16\" height=\"11\" \/> <strong>Saddam Alrahomi<\/strong>, Wushu Kung fu f\u00f6rening i \u00d6rebro<\/td>\n<\/tr>\n<tr>\n<td style=\"width: 100%;\"><span style=\"font-size: 10pt;\">HERRAR \/ SENIORER 18 + \/ SAMTIDA VAPENFORM<\/span><\/td>\n<\/tr>\n<tr>\n<td style=\"width: 100%;\"><img loading=\"lazy\" decoding=\"async\" class=\"alignnone size-full wp-image-134087\" src=\"https:\/\/www.budokampsport.se\/wp-content\/uploads\/2022\/01\/yemen_flag-png-icon-16.png\" alt=\"\" width=\"16\" height=\"11\" \/> <strong>Saddam Alrahomi<\/strong>, Wushu Kung fu f\u00f6rening i \u00d6rebro<\/td>\n<\/tr>\n<tr>\n<td style=\"width: 100%;\"><span style=\"font-size: 10pt;\">HERRAR \/ SENIORER 18 + \/ TRADITIONELL NORDLIG &amp; SYDLIG HANDFORM<\/span><\/td>\n<\/tr>\n<tr>\n<td style=\"width: 100%;\"><img loading=\"lazy\" decoding=\"async\" class=\"alignnone size-full wp-image-122883\" src=\"https:\/\/www.budokampsport.se\/wp-content\/uploads\/2020\/11\/sweden-flag-icon-16.png\" alt=\"Sveriges flagga\" width=\"16\" height=\"10\" \/> <strong>Axel Westerkull<\/strong>, G\u00f6teborg Shaolin<\/td>\n<\/tr>\n<tr>\n<td style=\"width: 100%;\"><span style=\"font-size: 10pt;\">HERRAR \/ SENIORER 18 + \/ TRADITIONELL VAPENFORM<\/span><\/td>\n<\/tr>\n<tr>\n<td style=\"width: 100%;\"><img loading=\"lazy\" decoding=\"async\" class=\"alignnone size-full wp-image-122883\" src=\"https:\/\/www.budokampsport.se\/wp-content\/uploads\/2020\/11\/sweden-flag-icon-16.png\" alt=\"Sveriges flagga\" width=\"16\" height=\"10\" \/> <strong>Fredrik Andersson<\/strong>, Stockholms Wushu &amp; Kung fu<\/td>\n<\/tr>\n<tr>\n<td style=\"width: 100%;\"><span style=\"font-size: 10pt;\">HERRAR \/ SENIORER 18 + \/ \u00d6PPEN TRADITIONELL VAPENFORM<\/span><\/td>\n<\/tr>\n<tr>\n<td style=\"width: 100%;\"><img loading=\"lazy\" decoding=\"async\" class=\"alignnone size-full wp-image-122883\" src=\"https:\/\/www.budokampsport.se\/wp-content\/uploads\/2020\/11\/sweden-flag-icon-16.png\" alt=\"Sveriges flagga\" width=\"16\" height=\"10\" \/> <strong>Niklas Borgh<\/strong>, Kungfu Stockholm IF<\/td>\n<\/tr>\n<tr>\n<td style=\"width: 100%;\"><span style=\"font-size: 10pt;\">HERRAR \/ SENIORER 18 + \/ TAIJI HANDFORM<\/span><\/td>\n<\/tr>\n<tr>\n<td style=\"width: 100%;\"><img loading=\"lazy\" decoding=\"async\" class=\"alignnone size-full wp-image-122883\" src=\"https:\/\/www.budokampsport.se\/wp-content\/uploads\/2020\/11\/sweden-flag-icon-16.png\" alt=\"Sveriges flagga\" width=\"16\" height=\"10\" \/> <strong>Axel Westerkull<\/strong>, G\u00f6teborg Shaolin<\/td>\n<\/tr>\n<tr>\n<td style=\"width: 100%;\"><span style=\"font-size: 10pt;\">HERRAR \/ SENIORER 18 + \/ DUILIAN &#8211; PARFORM<\/span><\/td>\n<\/tr>\n<tr>\n<td style=\"width: 100%;\"><img loading=\"lazy\" decoding=\"async\" class=\"alignnone size-full wp-image-122883\" src=\"https:\/\/www.budokampsport.se\/wp-content\/uploads\/2020\/11\/sweden-flag-icon-16.png\" alt=\"Sveriges flagga\" width=\"16\" height=\"10\" \/> <strong>Lovisa Baldal<\/strong>, G\u00f6teborg Shaolin<\/td>\n<\/tr>\n<tr>\n<td style=\"width: 100%;\"><span style=\"font-size: 10pt;\">HERRAR &amp; DAMER \u00d6PPEN \/ SENIORER 18 + \/ TAIJI VAPEN<\/span><\/td>\n<\/tr>\n<\/tbody>\n<\/table>\n<p>&nbsp;<\/p>\n<h3><strong>TAOLU (UNGDOMAR)<\/strong><\/h3>\n<table style=\"border-collapse: collapse; width: 100%;\">\n<tbody>\n<tr>\n<td style=\"width: 100%;\"><img loading=\"lazy\" decoding=\"async\" class=\"alignnone size-full wp-image-122883\" src=\"https:\/\/www.budokampsport.se\/wp-content\/uploads\/2020\/11\/sweden-flag-icon-16.png\" alt=\"Sveriges flagga\" width=\"16\" height=\"10\" \/> <strong>My Hessle<\/strong>, G\u00f6teborg Shaolin<\/td>\n<\/tr>\n<tr>\n<td style=\"width: 100%;\"><span style=\"font-size: 10pt;\">FLICKOR \/ UNGDOM &amp; JUNIOR 11 &#8211; 17 \u00c5R \/ HANDFORM<\/span><\/td>\n<\/tr>\n<tr>\n<td style=\"width: 100%;\"><img loading=\"lazy\" decoding=\"async\" class=\"alignnone size-full wp-image-122883\" src=\"https:\/\/www.budokampsport.se\/wp-content\/uploads\/2020\/11\/sweden-flag-icon-16.png\" alt=\"Sveriges flagga\" width=\"16\" height=\"10\" \/> <strong>My Hessle<\/strong>, G\u00f6teborg Shaolin<\/td>\n<\/tr>\n<tr>\n<td style=\"width: 100%;\"><span style=\"font-size: 10pt;\">FLICKOR \/ UNGDOM &amp; JUNIOR 11 &#8211; 17 \u00c5R \/ L\u00c5NG-VAPENFORM<\/span><\/td>\n<\/tr>\n<tr>\n<td style=\"width: 100%;\"><img loading=\"lazy\" decoding=\"async\" class=\"alignnone size-full wp-image-122883\" src=\"https:\/\/www.budokampsport.se\/wp-content\/uploads\/2020\/11\/sweden-flag-icon-16.png\" alt=\"Sveriges flagga\" width=\"16\" height=\"10\" \/> <strong>Arvid Hessle<\/strong>, G\u00f6teborg Shaolin<\/td>\n<\/tr>\n<tr>\n<td style=\"width: 100%;\"><span style=\"font-size: 10pt;\">POJKAR \/ UNGDOMAR 11 &#8211; 14 \u00c5R \/ \u00d6PPEN HANDFORM<\/span><\/td>\n<\/tr>\n<tr>\n<td style=\"width: 100%;\"><img loading=\"lazy\" decoding=\"async\" class=\"alignnone size-full wp-image-122883\" src=\"https:\/\/www.budokampsport.se\/wp-content\/uploads\/2020\/11\/sweden-flag-icon-16.png\" alt=\"Sveriges flagga\" width=\"16\" height=\"10\" \/> <strong>Arvid Hessle<\/strong>, G\u00f6teborg Shaolin<\/td>\n<\/tr>\n<tr>\n<td style=\"width: 100%;\"><span style=\"font-size: 10pt;\">POJKAR \/ UNGDOMAR 11 &#8211; 14 \u00c5R \/ SAMTIDA &amp; TRADITIONELL L\u00c5NG-VAPENFORM<\/span><\/td>\n<\/tr>\n<tr>\n<td style=\"width: 100%;\"><img loading=\"lazy\" decoding=\"async\" class=\"alignnone size-full wp-image-122883\" src=\"https:\/\/www.budokampsport.se\/wp-content\/uploads\/2020\/11\/sweden-flag-icon-16.png\" alt=\"Sveriges flagga\" width=\"16\" height=\"10\" \/> <strong>Arvid Hessle<\/strong>, G\u00f6teborg Shaolin<\/td>\n<\/tr>\n<tr>\n<td style=\"width: 100%;\"><span style=\"font-size: 10pt;\">\u00d6PPEN \/ UNGDOMAR 11 &#8211; 14 \u00c5R \/ SAMTIDA &amp; TRADITIONELL KORT-VAPENFORM<\/span><\/td>\n<\/tr>\n<\/tbody>\n<\/table>\n<p><span style=\"font-size: 10pt;\"><em>Alla resultat fr\u00e5n SM finns <a href=\"https:\/\/smoothcomp.com\/sv\/event\/7320\/results\" target=\"_blank\" rel=\"noopener\">h\u00e4r<\/a>.<\/em><\/span><\/p>\n<p>Text: Mats Lilja<\/p>\n<p>&nbsp;<\/p>\n","protected":false},"excerpt":{"rendered":"<p>WUSHU. Vinnare utsedda i 20 olika klasser n\u00e4r SM var tillbaka.<br \/><br>(Foto: Svenska Kung fu &#038; Wushuf\u00f6rbundet)<\/p><br>","protected":false},"author":914,"featured_media":140066,"comment_status":"open","ping_status":"open","sticky":false,"template":"","format":"standard","meta":{"_acf_changed":false,"footnotes":""},"categories":[1],"tags":[],"class_list":["post-140059","post","type-post","status-publish","format-standard","has-post-thumbnail","hentry","category-okategoriserade"],"acf":[],"yoast_head":"<!-- This site is optimized with the Yoast SEO plugin v26.8 - https:\/\/yoast.com\/product\/yoast-seo-wordpress\/ -->\n<title>De vann SM i wushu 2022 - Svenska Budo &amp; Kampsportsf\u00f6rbundet<\/title>\n<meta name=\"description\" content=\"WUSHU. Vinnare utsedda i 20 olika klasser n\u00e4r SM var tillbaka. (Foto: Svenska Kung fu &amp; Wushuf\u00f6rbundet)\" \/>\n<meta name=\"robots\" content=\"index, follow, max-snippet:-1, max-image-preview:large, max-video-preview:-1\" \/>\n<link rel=\"canonical\" href=\"https:\/\/www.budokampsport.se\/2022\/06\/08\/de-vann-sm-i-wushu-2022\/\" \/>\n<meta property=\"og:locale\" content=\"sv_SE\" \/>\n<meta property=\"og:type\" content=\"article\" \/>\n<meta property=\"og:title\" content=\"De vann SM i wushu 2022 - Svenska Budo &amp; Kampsportsf\u00f6rbundet\" \/>\n<meta property=\"og:description\" content=\"WUSHU. Vinnare utsedda i 20 olika klasser n\u00e4r SM var tillbaka. (Foto: Svenska Kung fu &amp; Wushuf\u00f6rbundet)\" \/>\n<meta property=\"og:url\" content=\"https:\/\/www.budokampsport.se\/2022\/06\/08\/de-vann-sm-i-wushu-2022\/\" \/>\n<meta property=\"og:site_name\" content=\"Svenska Budo &amp; Kampsportsf\u00f6rbundet\" \/>\n<meta property=\"article:published_time\" content=\"2022-06-08T17:17:17+00:00\" \/>\n<meta property=\"og:image\" content=\"https:\/\/www.budokampsport.se\/wp-content\/uploads\/2022\/06\/wushusm2022-1.png\" \/>\n\t<meta property=\"og:image:width\" content=\"1147\" \/>\n\t<meta property=\"og:image:height\" content=\"797\" \/>\n\t<meta property=\"og:image:type\" content=\"image\/png\" \/>\n<meta name=\"author\" content=\"Mats Lilja\" \/>\n<meta name=\"twitter:card\" content=\"summary_large_image\" \/>\n<meta name=\"twitter:label1\" content=\"Skriven av\" \/>\n\t<meta name=\"twitter:data1\" content=\"Mats Lilja\" \/>\n\t<meta name=\"twitter:label2\" content=\"Ber\u00e4knad l\u00e4stid\" \/>\n\t<meta name=\"twitter:data2\" content=\"2 minuter\" \/>\n<script type=\"application\/ld+json\" class=\"yoast-schema-graph\">{\"@context\":\"https:\/\/schema.org\",\"@graph\":[{\"@type\":\"Article\",\"@id\":\"https:\/\/www.budokampsport.se\/2022\/06\/08\/de-vann-sm-i-wushu-2022\/#article\",\"isPartOf\":{\"@id\":\"https:\/\/www.budokampsport.se\/2022\/06\/08\/de-vann-sm-i-wushu-2022\/\"},\"author\":{\"name\":\"Mats Lilja\",\"@id\":\"https:\/\/www.budokampsport.se\/#\/schema\/person\/d80c0bc61f1787703168fc250ce69522\"},\"headline\":\"De vann SM i wushu 2022\",\"datePublished\":\"2022-06-08T17:17:17+00:00\",\"mainEntityOfPage\":{\"@id\":\"https:\/\/www.budokampsport.se\/2022\/06\/08\/de-vann-sm-i-wushu-2022\/\"},\"wordCount\":485,\"commentCount\":0,\"image\":{\"@id\":\"https:\/\/www.budokampsport.se\/2022\/06\/08\/de-vann-sm-i-wushu-2022\/#primaryimage\"},\"thumbnailUrl\":\"https:\/\/www.budokampsport.se\/wp-content\/uploads\/2022\/06\/wushusm2022-1.png\",\"inLanguage\":\"sv-SE\",\"potentialAction\":[{\"@type\":\"CommentAction\",\"name\":\"Comment\",\"target\":[\"https:\/\/www.budokampsport.se\/2022\/06\/08\/de-vann-sm-i-wushu-2022\/#respond\"]}]},{\"@type\":\"WebPage\",\"@id\":\"https:\/\/www.budokampsport.se\/2022\/06\/08\/de-vann-sm-i-wushu-2022\/\",\"url\":\"https:\/\/www.budokampsport.se\/2022\/06\/08\/de-vann-sm-i-wushu-2022\/\",\"name\":\"De vann SM i wushu 2022 - Svenska Budo &amp; Kampsportsf\u00f6rbundet\",\"isPartOf\":{\"@id\":\"https:\/\/www.budokampsport.se\/#website\"},\"primaryImageOfPage\":{\"@id\":\"https:\/\/www.budokampsport.se\/2022\/06\/08\/de-vann-sm-i-wushu-2022\/#primaryimage\"},\"image\":{\"@id\":\"https:\/\/www.budokampsport.se\/2022\/06\/08\/de-vann-sm-i-wushu-2022\/#primaryimage\"},\"thumbnailUrl\":\"https:\/\/www.budokampsport.se\/wp-content\/uploads\/2022\/06\/wushusm2022-1.png\",\"datePublished\":\"2022-06-08T17:17:17+00:00\",\"author\":{\"@id\":\"https:\/\/www.budokampsport.se\/#\/schema\/person\/d80c0bc61f1787703168fc250ce69522\"},\"description\":\"WUSHU. Vinnare utsedda i 20 olika klasser n\u00e4r SM var tillbaka. (Foto: Svenska Kung fu & Wushuf\u00f6rbundet)\",\"breadcrumb\":{\"@id\":\"https:\/\/www.budokampsport.se\/2022\/06\/08\/de-vann-sm-i-wushu-2022\/#breadcrumb\"},\"inLanguage\":\"sv-SE\",\"potentialAction\":[{\"@type\":\"ReadAction\",\"target\":[\"https:\/\/www.budokampsport.se\/2022\/06\/08\/de-vann-sm-i-wushu-2022\/\"]}]},{\"@type\":\"ImageObject\",\"inLanguage\":\"sv-SE\",\"@id\":\"https:\/\/www.budokampsport.se\/2022\/06\/08\/de-vann-sm-i-wushu-2022\/#primaryimage\",\"url\":\"https:\/\/www.budokampsport.se\/wp-content\/uploads\/2022\/06\/wushusm2022-1.png\",\"contentUrl\":\"https:\/\/www.budokampsport.se\/wp-content\/uploads\/2022\/06\/wushusm2022-1.png\",\"width\":1147,\"height\":797,\"caption\":\"Wushu-SM 2022. Foto: Svenska Kung fu & Wushuf\u00f6rbundet.\"},{\"@type\":\"BreadcrumbList\",\"@id\":\"https:\/\/www.budokampsport.se\/2022\/06\/08\/de-vann-sm-i-wushu-2022\/#breadcrumb\",\"itemListElement\":[{\"@type\":\"ListItem\",\"position\":1,\"name\":\"Hem\",\"item\":\"https:\/\/www.budokampsport.se\/\"},{\"@type\":\"ListItem\",\"position\":2,\"name\":\"De vann SM i wushu 2022\"}]},{\"@type\":\"WebSite\",\"@id\":\"https:\/\/www.budokampsport.se\/#website\",\"url\":\"https:\/\/www.budokampsport.se\/\",\"name\":\"Svenska Budo &amp; Kampsportsf\u00f6rbundet\",\"description\":\"T\u00e4vling, Tr\u00e4ning, Tradition\",\"potentialAction\":[{\"@type\":\"SearchAction\",\"target\":{\"@type\":\"EntryPoint\",\"urlTemplate\":\"https:\/\/www.budokampsport.se\/?s={search_term_string}\"},\"query-input\":{\"@type\":\"PropertyValueSpecification\",\"valueRequired\":true,\"valueName\":\"search_term_string\"}}],\"inLanguage\":\"sv-SE\"},{\"@type\":\"Person\",\"@id\":\"https:\/\/www.budokampsport.se\/#\/schema\/person\/d80c0bc61f1787703168fc250ce69522\",\"name\":\"Mats Lilja\",\"image\":{\"@type\":\"ImageObject\",\"inLanguage\":\"sv-SE\",\"@id\":\"https:\/\/www.budokampsport.se\/#\/schema\/person\/image\/\",\"url\":\"https:\/\/secure.gravatar.com\/avatar\/607f84918e96abe1ebbd8611782fa57d?s=96&d=blank&r=g\",\"contentUrl\":\"https:\/\/secure.gravatar.com\/avatar\/607f84918e96abe1ebbd8611782fa57d?s=96&d=blank&r=g\",\"caption\":\"Mats Lilja\"},\"url\":\"https:\/\/www.budokampsport.se\/author\/mats-lilja\/\"}]}<\/script>\n<!-- \/ Yoast SEO plugin. -->","yoast_head_json":{"title":"De vann SM i wushu 2022 - Svenska Budo &amp; Kampsportsf\u00f6rbundet","description":"WUSHU. Vinnare utsedda i 20 olika klasser n\u00e4r SM var tillbaka. (Foto: Svenska Kung fu & Wushuf\u00f6rbundet)","robots":{"index":"index","follow":"follow","max-snippet":"max-snippet:-1","max-image-preview":"max-image-preview:large","max-video-preview":"max-video-preview:-1"},"canonical":"https:\/\/www.budokampsport.se\/2022\/06\/08\/de-vann-sm-i-wushu-2022\/","og_locale":"sv_SE","og_type":"article","og_title":"De vann SM i wushu 2022 - Svenska Budo &amp; Kampsportsf\u00f6rbundet","og_description":"WUSHU. Vinnare utsedda i 20 olika klasser n\u00e4r SM var tillbaka. (Foto: Svenska Kung fu & Wushuf\u00f6rbundet)","og_url":"https:\/\/www.budokampsport.se\/2022\/06\/08\/de-vann-sm-i-wushu-2022\/","og_site_name":"Svenska Budo &amp; Kampsportsf\u00f6rbundet","article_published_time":"2022-06-08T17:17:17+00:00","og_image":[{"width":1147,"height":797,"url":"https:\/\/www.budokampsport.se\/wp-content\/uploads\/2022\/06\/wushusm2022-1.png","type":"image\/png"}],"author":"Mats Lilja","twitter_card":"summary_large_image","twitter_misc":{"Skriven av":"Mats Lilja","Ber\u00e4knad l\u00e4stid":"2 minuter"},"schema":{"@context":"https:\/\/schema.org","@graph":[{"@type":"Article","@id":"https:\/\/www.budokampsport.se\/2022\/06\/08\/de-vann-sm-i-wushu-2022\/#article","isPartOf":{"@id":"https:\/\/www.budokampsport.se\/2022\/06\/08\/de-vann-sm-i-wushu-2022\/"},"author":{"name":"Mats Lilja","@id":"https:\/\/www.budokampsport.se\/#\/schema\/person\/d80c0bc61f1787703168fc250ce69522"},"headline":"De vann SM i wushu 2022","datePublished":"2022-06-08T17:17:17+00:00","mainEntityOfPage":{"@id":"https:\/\/www.budokampsport.se\/2022\/06\/08\/de-vann-sm-i-wushu-2022\/"},"wordCount":485,"commentCount":0,"image":{"@id":"https:\/\/www.budokampsport.se\/2022\/06\/08\/de-vann-sm-i-wushu-2022\/#primaryimage"},"thumbnailUrl":"https:\/\/www.budokampsport.se\/wp-content\/uploads\/2022\/06\/wushusm2022-1.png","inLanguage":"sv-SE","potentialAction":[{"@type":"CommentAction","name":"Comment","target":["https:\/\/www.budokampsport.se\/2022\/06\/08\/de-vann-sm-i-wushu-2022\/#respond"]}]},{"@type":"WebPage","@id":"https:\/\/www.budokampsport.se\/2022\/06\/08\/de-vann-sm-i-wushu-2022\/","url":"https:\/\/www.budokampsport.se\/2022\/06\/08\/de-vann-sm-i-wushu-2022\/","name":"De vann SM i wushu 2022 - Svenska Budo &amp; Kampsportsf\u00f6rbundet","isPartOf":{"@id":"https:\/\/www.budokampsport.se\/#website"},"primaryImageOfPage":{"@id":"https:\/\/www.budokampsport.se\/2022\/06\/08\/de-vann-sm-i-wushu-2022\/#primaryimage"},"image":{"@id":"https:\/\/www.budokampsport.se\/2022\/06\/08\/de-vann-sm-i-wushu-2022\/#primaryimage"},"thumbnailUrl":"https:\/\/www.budokampsport.se\/wp-content\/uploads\/2022\/06\/wushusm2022-1.png","datePublished":"2022-06-08T17:17:17+00:00","author":{"@id":"https:\/\/www.budokampsport.se\/#\/schema\/person\/d80c0bc61f1787703168fc250ce69522"},"description":"WUSHU. Vinnare utsedda i 20 olika klasser n\u00e4r SM var tillbaka. (Foto: Svenska Kung fu & Wushuf\u00f6rbundet)","breadcrumb":{"@id":"https:\/\/www.budokampsport.se\/2022\/06\/08\/de-vann-sm-i-wushu-2022\/#breadcrumb"},"inLanguage":"sv-SE","potentialAction":[{"@type":"ReadAction","target":["https:\/\/www.budokampsport.se\/2022\/06\/08\/de-vann-sm-i-wushu-2022\/"]}]},{"@type":"ImageObject","inLanguage":"sv-SE","@id":"https:\/\/www.budokampsport.se\/2022\/06\/08\/de-vann-sm-i-wushu-2022\/#primaryimage","url":"https:\/\/www.budokampsport.se\/wp-content\/uploads\/2022\/06\/wushusm2022-1.png","contentUrl":"https:\/\/www.budokampsport.se\/wp-content\/uploads\/2022\/06\/wushusm2022-1.png","width":1147,"height":797,"caption":"Wushu-SM 2022. Foto: Svenska Kung fu & Wushuf\u00f6rbundet."},{"@type":"BreadcrumbList","@id":"https:\/\/www.budokampsport.se\/2022\/06\/08\/de-vann-sm-i-wushu-2022\/#breadcrumb","itemListElement":[{"@type":"ListItem","position":1,"name":"Hem","item":"https:\/\/www.budokampsport.se\/"},{"@type":"ListItem","position":2,"name":"De vann SM i wushu 2022"}]},{"@type":"WebSite","@id":"https:\/\/www.budokampsport.se\/#website","url":"https:\/\/www.budokampsport.se\/","name":"Svenska Budo &amp; Kampsportsf\u00f6rbundet","description":"T\u00e4vling, Tr\u00e4ning, Tradition","potentialAction":[{"@type":"SearchAction","target":{"@type":"EntryPoint","urlTemplate":"https:\/\/www.budokampsport.se\/?s={search_term_string}"},"query-input":{"@type":"PropertyValueSpecification","valueRequired":true,"valueName":"search_term_string"}}],"inLanguage":"sv-SE"},{"@type":"Person","@id":"https:\/\/www.budokampsport.se\/#\/schema\/person\/d80c0bc61f1787703168fc250ce69522","name":"Mats Lilja","image":{"@type":"ImageObject","inLanguage":"sv-SE","@id":"https:\/\/www.budokampsport.se\/#\/schema\/person\/image\/","url":"https:\/\/secure.gravatar.com\/avatar\/607f84918e96abe1ebbd8611782fa57d?s=96&d=blank&r=g","contentUrl":"https:\/\/secure.gravatar.com\/avatar\/607f84918e96abe1ebbd8611782fa57d?s=96&d=blank&r=g","caption":"Mats Lilja"},"url":"https:\/\/www.budokampsport.se\/author\/mats-lilja\/"}]}},"_links":{"self":[{"href":"https:\/\/www.budokampsport.se\/api\/wp\/v2\/posts\/140059","targetHints":{"allow":["GET"]}}],"collection":[{"href":"https:\/\/www.budokampsport.se\/api\/wp\/v2\/posts"}],"about":[{"href":"https:\/\/www.budokampsport.se\/api\/wp\/v2\/types\/post"}],"author":[{"embeddable":true,"href":"https:\/\/www.budokampsport.se\/api\/wp\/v2\/users\/914"}],"replies":[{"embeddable":true,"href":"https:\/\/www.budokampsport.se\/api\/wp\/v2\/comments?post=140059"}],"version-history":[{"count":0,"href":"https:\/\/www.budokampsport.se\/api\/wp\/v2\/posts\/140059\/revisions"}],"wp:featuredmedia":[{"embeddable":true,"href":"https:\/\/www.budokampsport.se\/api\/wp\/v2\/media\/140066"}],"wp:attachment":[{"href":"https:\/\/www.budokampsport.se\/api\/wp\/v2\/media?parent=140059"}],"wp:term":[{"taxonomy":"category","embeddable":true,"href":"https:\/\/www.budokampsport.se\/api\/wp\/v2\/categories?post=140059"},{"taxonomy":"post_tag","embeddable":true,"href":"https:\/\/www.budokampsport.se\/api\/wp\/v2\/tags?post=140059"}],"curies":[{"name":"wp","href":"https:\/\/api.w.org\/{rel}","templated":true}]}}