{"id":140226,"date":"2022-07-06T10:06:19","date_gmt":"2022-07-06T08:06:19","guid":{"rendered":"https:\/\/www.budokampsport.se\/?p=140226"},"modified":"2022-07-06T10:06:19","modified_gmt":"2022-07-06T08:06:19","slug":"emma-lette-med-fast-blick-mot-world-games","status":"publish","type":"post","link":"https:\/\/www.budokampsport.se\/2022\/07\/06\/emma-lette-med-fast-blick-mot-world-games\/","title":{"rendered":"Emma Lette med fast blick mot World Games"},"content":{"rendered":"<p>Det var en fokuserad tr\u00e4ning i h\u00f6gt tempo.<\/p>\n<p>Men Emma Lette, som \u00e4r Sveriges enda t\u00e4vlande i jujutsu under <a href=\"https:\/\/www.theworldgames.org\/\" target=\"_blank\" rel=\"noopener\">World Games i Alabama<\/a>, hade hela tiden n\u00e4ra till leendet.<\/p>\n<p>&#8211; World Games \u00e4r verkligen det st\u00f6rsta man kan g\u00f6ra inom min sport. Jag minns n\u00e4r \u201dFreddan\u201d (Fredrik Widgren) och William (Willam Seth-Wenzel) blev uttagna. Sedan dess har jag t\u00e4nkt att jag vill dit. S\u00e5 det \u00e4r h\u00e4ftigt att det snart drar ig\u00e5ng. Det \u00e4r helt klart en barndomsdr\u00f6m att f\u00e5 vara med.<\/p>\n<p>Just Fredrik Widgren var en av de som var med under hela tr\u00e4ningspasset. Den forne v\u00e4rldsstj\u00e4rnan gav Lette mycket ber\u00f6m under passet.<\/p>\n<p>&#8211; Freddan har jag sett p\u00e5 med stora \u00f6gon. Jag t\u00e4nkte att hur kan man vara s\u00e5 bra p\u00e5 jujutsu som honom. Att h\u00f6ra ber\u00f6m fr\u00e5n honom v\u00e4rmer extremt mycket. Han var, och \u00e4r, en stor f\u00f6rebild f\u00f6r mig.<\/p>\n<figure id=\"attachment_140291\" aria-describedby=\"caption-attachment-140291\" style=\"width: 850px\" class=\"wp-caption aligncenter\"><img loading=\"lazy\" decoding=\"async\" class=\"size-full wp-image-140291\" src=\"https:\/\/www.budokampsport.se\/wp-content\/uploads\/2022\/06\/Emma_lette_fredrik_widgren.jpg\" alt=\"\" width=\"850\" height=\"567\" srcset=\"https:\/\/www.budokampsport.se\/wp-content\/uploads\/2022\/06\/Emma_lette_fredrik_widgren.jpg 850w, https:\/\/www.budokampsport.se\/wp-content\/uploads\/2022\/06\/Emma_lette_fredrik_widgren-600x400.jpg 600w, https:\/\/www.budokampsport.se\/wp-content\/uploads\/2022\/06\/Emma_lette_fredrik_widgren-376x251.jpg 376w, https:\/\/www.budokampsport.se\/wp-content\/uploads\/2022\/06\/Emma_lette_fredrik_widgren-847x565.jpg 847w, https:\/\/www.budokampsport.se\/wp-content\/uploads\/2022\/06\/Emma_lette_fredrik_widgren-278x185.jpg 278w, https:\/\/www.budokampsport.se\/wp-content\/uploads\/2022\/06\/Emma_lette_fredrik_widgren-572x382.jpg 572w\" sizes=\"auto, (max-width: 850px) 100vw, 850px\" \/><figcaption id=\"caption-attachment-140291\" class=\"wp-caption-text\"><em><span style=\"font-size: 10pt;\">Emma Lette och Fredrik Widgren\u00a0 \u00a0 \u00a0 \u00a0 \u00a0 \u00a0 \u00a0 \u00a0 \u00a0 \u00a0 \u00a0 \u00a0 \u00a0 \u00a0 \u00a0 \u00a0 \u00a0 \u00a0 \u00a0 \u00a0 Foto: Jonathan Broberg<\/span><\/em><\/figcaption><\/figure>\n<p>Det var <a href=\"https:\/\/www.budokampsport.se\/2021\/11\/12\/vm-debuten-blev-till-ett-brons\/\" target=\"_blank\" rel=\"noopener\">VM-bronset fr\u00e5n i fjol<\/a> som kvalificerade Lette till World Games. Och under v\u00e5ren har hon samlat p\u00e5 sig m\u00e4ngder med seniora t\u00e4vlingserfarenheter. Allt f\u00f6r att vara s\u00e5 f\u00f6rberedd f\u00f6r World Games det g\u00e5r.<\/p>\n<p>&#8211; Det har varit mycket t\u00e4vlingar under v\u00e5ren. Vissa har g\u00e5tt b\u00e4ttre \u00e4n andra, men jag k\u00e4nner att jag har l\u00e4rt mig otroligt mycket under den h\u00e4r v\u00e5ren. Samtidigt har jag ocks\u00e5 k\u00e4nt att jag verkligen ska vara h\u00e4r p\u00e5 den h\u00e4r niv\u00e5n, att jag h\u00f6r hemma h\u00e4r. \u00a0<\/p>\n<p>Emma Lette fann k\u00e4rleken till jujutsu n\u00e4r hon med en kompis gick till <a href=\"https:\/\/www.nackadojo.com\/\" target=\"_blank\" rel=\"noopener\">Nacka Dojo<\/a>, som f\u00f6r \u00f6vrigt firar 40 \u00e5r i \u00e5r som klubb, som elva \u00e5ring. Ett pass \u2013 sedan var hon fast.<\/p>\n<p>&#8211; Det var det roligaste jag har gjort. Jag ville t\u00e4vla direkt. Det var k\u00e4rlek vid f\u00f6rsta \u00f6gonkastet.<\/p>\n<p>Lette utvecklades tidigt till en duktig junior och har m\u00e4ngder med medaljer fr\u00e5n juniorm\u00e4sterskap. F\u00f6rra \u00e5ret debuterade hon i seniorklass och gjorde succ\u00e9 omg\u00e5ende.<\/p>\n<p>&#8211; Den st\u00f6rsta skillnaden mellan junior och senior \u00e4r att taktiken, tempot och rutinen hos motst\u00e5ndarna \u00e4r p\u00e5 en helt annan niv\u00e5. Tekniker som man satte som junior funkar inte l\u00e4ngre. Motst\u00e5ndet \u00e4r smartare och b\u00e4ttre, s\u00e5 det handlar om att bygga p\u00e5 sig av erfarenheter och hela tiden str\u00e4va efter att sj\u00e4lv bli b\u00e4ttre. Jag l\u00e4r mig massor varje dag, jag \u00e4r l\u00e5ngt ifr\u00e5n full\u00e4rd.<\/p>\n<p>Nu \u00e4r World Games inte l\u00e5ngt borta och Emma Lette t\u00e4vlar den 15 juli.<\/p>\n<p>&#8211; \u00c4ntligen. Det ska bli s\u00e5 otroligt roligt och jag hoppas att jag lyckas prestera den jujutsu jag vet att jag har i mig. \u00a0<\/p>\n<h3>Emma Lettes potentiella motst\u00e5ndare<\/h3>\n<table style=\"border-collapse: collapse; width: 100%; height: 194px;\">\n<tbody>\n<tr style=\"height: 23px;\">\n<td style=\"width: 100%; height: 23px;\"><strong>JUJUTSU, -70 kg<\/strong><\/td>\n<\/tr>\n<tr style=\"height: 23px;\">\n<td style=\"width: 100%; height: 23px;\"><img loading=\"lazy\" decoding=\"async\" class=\"alignnone size-full wp-image-122883\" src=\"https:\/\/www.budokampsport.se\/wp-content\/uploads\/2020\/11\/sweden-flag-icon-16.png\" alt=\"Sveriges flagga\" width=\"16\" height=\"10\" \/> <strong>Emma Lette<\/strong><\/td>\n<\/tr>\n<tr style=\"height: 23px;\">\n<td style=\"width: 100%; height: 23px;\"><img loading=\"lazy\" decoding=\"async\" class=\"size-full wp-image-127810 alignnone\" src=\"https:\/\/www.budokampsport.se\/wp-content\/uploads\/2021\/09\/denmark_flag-png-icon-16.png\" alt=\"\" width=\"16\" height=\"12\" \/> Liva Tanser Christiansen<\/td>\n<\/tr>\n<tr style=\"height: 23px;\">\n<td style=\"width: 100%; height: 23px;\"><img loading=\"lazy\" decoding=\"async\" class=\"size-full wp-image-134157 alignnone\" src=\"https:\/\/www.budokampsport.se\/wp-content\/uploads\/2022\/01\/france_flag-png-icon-16.png\" alt=\"\" width=\"16\" height=\"11\" \/> Chloe Claud Lalande<\/td>\n<\/tr>\n<tr style=\"height: 23px;\">\n<td style=\"width: 100%; height: 23px;\"><img loading=\"lazy\" decoding=\"async\" class=\"size-full wp-image-134152 alignnone\" src=\"https:\/\/www.budokampsport.se\/wp-content\/uploads\/2022\/01\/ethiopia_flag-png-icon-16.png\" alt=\"\" width=\"16\" height=\"8\" \/> Negash Meskerem<\/td>\n<\/tr>\n<tr style=\"height: 23px;\">\n<td style=\"width: 100%; height: 23px;\"><img loading=\"lazy\" decoding=\"async\" class=\"size-full wp-image-124682 alignnone\" src=\"https:\/\/www.budokampsport.se\/wp-content\/uploads\/2021\/02\/germany-flag-icon-16.png\" alt=\"Tysklands flagga\" width=\"16\" height=\"10\" \/> Annalena Bauer<\/td>\n<\/tr>\n<tr style=\"height: 23px;\">\n<td style=\"width: 100%; height: 23px;\"><img loading=\"lazy\" decoding=\"async\" class=\"size-full wp-image-134225 alignnone\" src=\"https:\/\/www.budokampsport.se\/wp-content\/uploads\/2022\/01\/netherlands_flag-png-icon-16.png\" alt=\"\" width=\"16\" height=\"11\" \/> Aafke van Leeuwen<\/td>\n<\/tr>\n<\/tbody>\n<\/table>\n<p>&nbsp;<\/p>\n<p><img loading=\"lazy\" decoding=\"async\" class=\"aligncenter size-full wp-image-140292\" src=\"https:\/\/www.budokampsport.se\/wp-content\/uploads\/2022\/06\/emma_lette_igen.jpg\" alt=\"\" width=\"850\" height=\"567\" srcset=\"https:\/\/www.budokampsport.se\/wp-content\/uploads\/2022\/06\/emma_lette_igen.jpg 850w, https:\/\/www.budokampsport.se\/wp-content\/uploads\/2022\/06\/emma_lette_igen-600x400.jpg 600w, https:\/\/www.budokampsport.se\/wp-content\/uploads\/2022\/06\/emma_lette_igen-376x251.jpg 376w, https:\/\/www.budokampsport.se\/wp-content\/uploads\/2022\/06\/emma_lette_igen-847x565.jpg 847w, https:\/\/www.budokampsport.se\/wp-content\/uploads\/2022\/06\/emma_lette_igen-278x185.jpg 278w, https:\/\/www.budokampsport.se\/wp-content\/uploads\/2022\/06\/emma_lette_igen-572x382.jpg 572w\" sizes=\"auto, (max-width: 850px) 100vw, 850px\" \/><\/p>\n<p><strong>Fler artiklar om World Games<\/strong><br \/>\n<a href=\"https:\/\/www.budokampsport.se\/2022\/06\/30\/erica-bjornestrand-siktar-mot-world-games-guld\/\" target=\"_blank\" rel=\"noopener\">Erica Bj\u00f6rnestrand siktar mot World Games-guld<\/a><br \/>\n<a href=\"https:\/\/www.budokampsport.se\/2022\/07\/05\/patricia-axling-debuterar-i-world-games-sammanhang\/\" target=\"_blank\" rel=\"noopener\">Patricia Axling debuterar i World Games-sammanhang<\/a><\/p>\n<p>Text och foto: Jonathan Broberg<\/p>\n","protected":false},"excerpt":{"rendered":"<p>WORLD GAMES. Budokampsport.se var p\u00e5 plats hos Nacka Dojo IF och s\u00e5g Emma Lette tr\u00e4na inf\u00f6r avresan till World Games.<br \/><br>&#8211; Det \u00e4r det st\u00f6rsta man kan g\u00f6ra inom min sport, s\u00e4ger hon till budokampsport.se.<\/p><br>","protected":false},"author":7,"featured_media":140290,"comment_status":"open","ping_status":"open","sticky":false,"template":"","format":"standard","meta":{"_acf_changed":false,"footnotes":""},"categories":[1],"tags":[],"class_list":["post-140226","post","type-post","status-publish","format-standard","has-post-thumbnail","hentry","category-okategoriserade"],"acf":[],"yoast_head":"<!-- This site is optimized with the Yoast SEO plugin v26.8 - https:\/\/yoast.com\/product\/yoast-seo-wordpress\/ -->\n<title>Emma Lette med fast blick mot World Games - Svenska Budo &amp; Kampsportsf\u00f6rbundet<\/title>\n<meta name=\"description\" content=\"WORLD GAMES. Budokampsport.se var p\u00e5 plats hos Nacka Dojo IF och s\u00e5g Emma Lette tr\u00e4na inf\u00f6r avresan till World Games. - Det \u00e4r det st\u00f6rsta man kan g\u00f6ra inom min sport, s\u00e4ger hon till budokampsport.se.\" \/>\n<meta name=\"robots\" content=\"index, follow, max-snippet:-1, max-image-preview:large, max-video-preview:-1\" \/>\n<link rel=\"canonical\" href=\"https:\/\/www.budokampsport.se\/2022\/07\/06\/emma-lette-med-fast-blick-mot-world-games\/\" \/>\n<meta property=\"og:locale\" content=\"sv_SE\" \/>\n<meta property=\"og:type\" content=\"article\" \/>\n<meta property=\"og:title\" content=\"Emma Lette med fast blick mot World Games - Svenska Budo &amp; Kampsportsf\u00f6rbundet\" \/>\n<meta property=\"og:description\" content=\"WORLD GAMES. Budokampsport.se var p\u00e5 plats hos Nacka Dojo IF och s\u00e5g Emma Lette tr\u00e4na inf\u00f6r avresan till World Games. - Det \u00e4r det st\u00f6rsta man kan g\u00f6ra inom min sport, s\u00e4ger hon till budokampsport.se.\" \/>\n<meta property=\"og:url\" content=\"https:\/\/www.budokampsport.se\/2022\/07\/06\/emma-lette-med-fast-blick-mot-world-games\/\" \/>\n<meta property=\"og:site_name\" content=\"Svenska Budo &amp; Kampsportsf\u00f6rbundet\" \/>\n<meta property=\"article:author\" content=\"https:\/\/www.facebook.com\/jonathan.broberg.7\" \/>\n<meta property=\"article:published_time\" content=\"2022-07-06T08:06:19+00:00\" \/>\n<meta property=\"og:image\" content=\"https:\/\/www.budokampsport.se\/wp-content\/uploads\/2022\/06\/Emma_Lette.jpg\" \/>\n\t<meta property=\"og:image:width\" content=\"850\" \/>\n\t<meta property=\"og:image:height\" content=\"526\" \/>\n\t<meta property=\"og:image:type\" content=\"image\/jpeg\" \/>\n<meta name=\"author\" content=\"Jonathan Broberg\" \/>\n<meta name=\"twitter:card\" content=\"summary_large_image\" \/>\n<meta name=\"twitter:label1\" content=\"Skriven av\" \/>\n\t<meta name=\"twitter:data1\" content=\"Jonathan Broberg\" \/>\n\t<meta name=\"twitter:label2\" content=\"Ber\u00e4knad l\u00e4stid\" \/>\n\t<meta name=\"twitter:data2\" content=\"3 minuter\" \/>\n<script type=\"application\/ld+json\" class=\"yoast-schema-graph\">{\"@context\":\"https:\/\/schema.org\",\"@graph\":[{\"@type\":\"Article\",\"@id\":\"https:\/\/www.budokampsport.se\/2022\/07\/06\/emma-lette-med-fast-blick-mot-world-games\/#article\",\"isPartOf\":{\"@id\":\"https:\/\/www.budokampsport.se\/2022\/07\/06\/emma-lette-med-fast-blick-mot-world-games\/\"},\"author\":{\"name\":\"Jonathan Broberg\",\"@id\":\"https:\/\/www.budokampsport.se\/#\/schema\/person\/5c06d81d14850e2a8ce5493386560145\"},\"headline\":\"Emma Lette med fast blick mot World Games\",\"datePublished\":\"2022-07-06T08:06:19+00:00\",\"mainEntityOfPage\":{\"@id\":\"https:\/\/www.budokampsport.se\/2022\/07\/06\/emma-lette-med-fast-blick-mot-world-games\/\"},\"wordCount\":543,\"commentCount\":0,\"image\":{\"@id\":\"https:\/\/www.budokampsport.se\/2022\/07\/06\/emma-lette-med-fast-blick-mot-world-games\/#primaryimage\"},\"thumbnailUrl\":\"https:\/\/www.budokampsport.se\/wp-content\/uploads\/2022\/06\/Emma_Lette.jpg\",\"inLanguage\":\"sv-SE\",\"potentialAction\":[{\"@type\":\"CommentAction\",\"name\":\"Comment\",\"target\":[\"https:\/\/www.budokampsport.se\/2022\/07\/06\/emma-lette-med-fast-blick-mot-world-games\/#respond\"]}]},{\"@type\":\"WebPage\",\"@id\":\"https:\/\/www.budokampsport.se\/2022\/07\/06\/emma-lette-med-fast-blick-mot-world-games\/\",\"url\":\"https:\/\/www.budokampsport.se\/2022\/07\/06\/emma-lette-med-fast-blick-mot-world-games\/\",\"name\":\"Emma Lette med fast blick mot World Games - Svenska Budo &amp; Kampsportsf\u00f6rbundet\",\"isPartOf\":{\"@id\":\"https:\/\/www.budokampsport.se\/#website\"},\"primaryImageOfPage\":{\"@id\":\"https:\/\/www.budokampsport.se\/2022\/07\/06\/emma-lette-med-fast-blick-mot-world-games\/#primaryimage\"},\"image\":{\"@id\":\"https:\/\/www.budokampsport.se\/2022\/07\/06\/emma-lette-med-fast-blick-mot-world-games\/#primaryimage\"},\"thumbnailUrl\":\"https:\/\/www.budokampsport.se\/wp-content\/uploads\/2022\/06\/Emma_Lette.jpg\",\"datePublished\":\"2022-07-06T08:06:19+00:00\",\"author\":{\"@id\":\"https:\/\/www.budokampsport.se\/#\/schema\/person\/5c06d81d14850e2a8ce5493386560145\"},\"description\":\"WORLD GAMES. Budokampsport.se var p\u00e5 plats hos Nacka Dojo IF och s\u00e5g Emma Lette tr\u00e4na inf\u00f6r avresan till World Games. - Det \u00e4r det st\u00f6rsta man kan g\u00f6ra inom min sport, s\u00e4ger hon till budokampsport.se.\",\"breadcrumb\":{\"@id\":\"https:\/\/www.budokampsport.se\/2022\/07\/06\/emma-lette-med-fast-blick-mot-world-games\/#breadcrumb\"},\"inLanguage\":\"sv-SE\",\"potentialAction\":[{\"@type\":\"ReadAction\",\"target\":[\"https:\/\/www.budokampsport.se\/2022\/07\/06\/emma-lette-med-fast-blick-mot-world-games\/\"]}]},{\"@type\":\"ImageObject\",\"inLanguage\":\"sv-SE\",\"@id\":\"https:\/\/www.budokampsport.se\/2022\/07\/06\/emma-lette-med-fast-blick-mot-world-games\/#primaryimage\",\"url\":\"https:\/\/www.budokampsport.se\/wp-content\/uploads\/2022\/06\/Emma_Lette.jpg\",\"contentUrl\":\"https:\/\/www.budokampsport.se\/wp-content\/uploads\/2022\/06\/Emma_Lette.jpg\",\"width\":850,\"height\":526,\"caption\":\"Foto: Jonathan Broberg\"},{\"@type\":\"BreadcrumbList\",\"@id\":\"https:\/\/www.budokampsport.se\/2022\/07\/06\/emma-lette-med-fast-blick-mot-world-games\/#breadcrumb\",\"itemListElement\":[{\"@type\":\"ListItem\",\"position\":1,\"name\":\"Hem\",\"item\":\"https:\/\/www.budokampsport.se\/\"},{\"@type\":\"ListItem\",\"position\":2,\"name\":\"Emma Lette med fast blick mot World Games\"}]},{\"@type\":\"WebSite\",\"@id\":\"https:\/\/www.budokampsport.se\/#website\",\"url\":\"https:\/\/www.budokampsport.se\/\",\"name\":\"Svenska Budo &amp; Kampsportsf\u00f6rbundet\",\"description\":\"T\u00e4vling, Tr\u00e4ning, Tradition\",\"potentialAction\":[{\"@type\":\"SearchAction\",\"target\":{\"@type\":\"EntryPoint\",\"urlTemplate\":\"https:\/\/www.budokampsport.se\/?s={search_term_string}\"},\"query-input\":{\"@type\":\"PropertyValueSpecification\",\"valueRequired\":true,\"valueName\":\"search_term_string\"}}],\"inLanguage\":\"sv-SE\"},{\"@type\":\"Person\",\"@id\":\"https:\/\/www.budokampsport.se\/#\/schema\/person\/5c06d81d14850e2a8ce5493386560145\",\"name\":\"Jonathan Broberg\",\"image\":{\"@type\":\"ImageObject\",\"inLanguage\":\"sv-SE\",\"@id\":\"https:\/\/www.budokampsport.se\/#\/schema\/person\/image\/\",\"url\":\"https:\/\/secure.gravatar.com\/avatar\/a58041c6cea9128bd9c40ee2f26d4136?s=96&d=blank&r=g\",\"contentUrl\":\"https:\/\/secure.gravatar.com\/avatar\/a58041c6cea9128bd9c40ee2f26d4136?s=96&d=blank&r=g\",\"caption\":\"Jonathan Broberg\"},\"sameAs\":[\"https:\/\/www.facebook.com\/jonathan.broberg.7\"],\"url\":\"https:\/\/www.budokampsport.se\/author\/jonathan\/\"}]}<\/script>\n<!-- \/ Yoast SEO plugin. -->","yoast_head_json":{"title":"Emma Lette med fast blick mot World Games - Svenska Budo &amp; Kampsportsf\u00f6rbundet","description":"WORLD GAMES. Budokampsport.se var p\u00e5 plats hos Nacka Dojo IF och s\u00e5g Emma Lette tr\u00e4na inf\u00f6r avresan till World Games. - Det \u00e4r det st\u00f6rsta man kan g\u00f6ra inom min sport, s\u00e4ger hon till budokampsport.se.","robots":{"index":"index","follow":"follow","max-snippet":"max-snippet:-1","max-image-preview":"max-image-preview:large","max-video-preview":"max-video-preview:-1"},"canonical":"https:\/\/www.budokampsport.se\/2022\/07\/06\/emma-lette-med-fast-blick-mot-world-games\/","og_locale":"sv_SE","og_type":"article","og_title":"Emma Lette med fast blick mot World Games - Svenska Budo &amp; Kampsportsf\u00f6rbundet","og_description":"WORLD GAMES. Budokampsport.se var p\u00e5 plats hos Nacka Dojo IF och s\u00e5g Emma Lette tr\u00e4na inf\u00f6r avresan till World Games. - Det \u00e4r det st\u00f6rsta man kan g\u00f6ra inom min sport, s\u00e4ger hon till budokampsport.se.","og_url":"https:\/\/www.budokampsport.se\/2022\/07\/06\/emma-lette-med-fast-blick-mot-world-games\/","og_site_name":"Svenska Budo &amp; Kampsportsf\u00f6rbundet","article_author":"https:\/\/www.facebook.com\/jonathan.broberg.7","article_published_time":"2022-07-06T08:06:19+00:00","og_image":[{"width":850,"height":526,"url":"https:\/\/www.budokampsport.se\/wp-content\/uploads\/2022\/06\/Emma_Lette.jpg","type":"image\/jpeg"}],"author":"Jonathan Broberg","twitter_card":"summary_large_image","twitter_misc":{"Skriven av":"Jonathan Broberg","Ber\u00e4knad l\u00e4stid":"3 minuter"},"schema":{"@context":"https:\/\/schema.org","@graph":[{"@type":"Article","@id":"https:\/\/www.budokampsport.se\/2022\/07\/06\/emma-lette-med-fast-blick-mot-world-games\/#article","isPartOf":{"@id":"https:\/\/www.budokampsport.se\/2022\/07\/06\/emma-lette-med-fast-blick-mot-world-games\/"},"author":{"name":"Jonathan Broberg","@id":"https:\/\/www.budokampsport.se\/#\/schema\/person\/5c06d81d14850e2a8ce5493386560145"},"headline":"Emma Lette med fast blick mot World Games","datePublished":"2022-07-06T08:06:19+00:00","mainEntityOfPage":{"@id":"https:\/\/www.budokampsport.se\/2022\/07\/06\/emma-lette-med-fast-blick-mot-world-games\/"},"wordCount":543,"commentCount":0,"image":{"@id":"https:\/\/www.budokampsport.se\/2022\/07\/06\/emma-lette-med-fast-blick-mot-world-games\/#primaryimage"},"thumbnailUrl":"https:\/\/www.budokampsport.se\/wp-content\/uploads\/2022\/06\/Emma_Lette.jpg","inLanguage":"sv-SE","potentialAction":[{"@type":"CommentAction","name":"Comment","target":["https:\/\/www.budokampsport.se\/2022\/07\/06\/emma-lette-med-fast-blick-mot-world-games\/#respond"]}]},{"@type":"WebPage","@id":"https:\/\/www.budokampsport.se\/2022\/07\/06\/emma-lette-med-fast-blick-mot-world-games\/","url":"https:\/\/www.budokampsport.se\/2022\/07\/06\/emma-lette-med-fast-blick-mot-world-games\/","name":"Emma Lette med fast blick mot World Games - Svenska Budo &amp; Kampsportsf\u00f6rbundet","isPartOf":{"@id":"https:\/\/www.budokampsport.se\/#website"},"primaryImageOfPage":{"@id":"https:\/\/www.budokampsport.se\/2022\/07\/06\/emma-lette-med-fast-blick-mot-world-games\/#primaryimage"},"image":{"@id":"https:\/\/www.budokampsport.se\/2022\/07\/06\/emma-lette-med-fast-blick-mot-world-games\/#primaryimage"},"thumbnailUrl":"https:\/\/www.budokampsport.se\/wp-content\/uploads\/2022\/06\/Emma_Lette.jpg","datePublished":"2022-07-06T08:06:19+00:00","author":{"@id":"https:\/\/www.budokampsport.se\/#\/schema\/person\/5c06d81d14850e2a8ce5493386560145"},"description":"WORLD GAMES. Budokampsport.se var p\u00e5 plats hos Nacka Dojo IF och s\u00e5g Emma Lette tr\u00e4na inf\u00f6r avresan till World Games. - Det \u00e4r det st\u00f6rsta man kan g\u00f6ra inom min sport, s\u00e4ger hon till budokampsport.se.","breadcrumb":{"@id":"https:\/\/www.budokampsport.se\/2022\/07\/06\/emma-lette-med-fast-blick-mot-world-games\/#breadcrumb"},"inLanguage":"sv-SE","potentialAction":[{"@type":"ReadAction","target":["https:\/\/www.budokampsport.se\/2022\/07\/06\/emma-lette-med-fast-blick-mot-world-games\/"]}]},{"@type":"ImageObject","inLanguage":"sv-SE","@id":"https:\/\/www.budokampsport.se\/2022\/07\/06\/emma-lette-med-fast-blick-mot-world-games\/#primaryimage","url":"https:\/\/www.budokampsport.se\/wp-content\/uploads\/2022\/06\/Emma_Lette.jpg","contentUrl":"https:\/\/www.budokampsport.se\/wp-content\/uploads\/2022\/06\/Emma_Lette.jpg","width":850,"height":526,"caption":"Foto: Jonathan Broberg"},{"@type":"BreadcrumbList","@id":"https:\/\/www.budokampsport.se\/2022\/07\/06\/emma-lette-med-fast-blick-mot-world-games\/#breadcrumb","itemListElement":[{"@type":"ListItem","position":1,"name":"Hem","item":"https:\/\/www.budokampsport.se\/"},{"@type":"ListItem","position":2,"name":"Emma Lette med fast blick mot World Games"}]},{"@type":"WebSite","@id":"https:\/\/www.budokampsport.se\/#website","url":"https:\/\/www.budokampsport.se\/","name":"Svenska Budo &amp; Kampsportsf\u00f6rbundet","description":"T\u00e4vling, Tr\u00e4ning, Tradition","potentialAction":[{"@type":"SearchAction","target":{"@type":"EntryPoint","urlTemplate":"https:\/\/www.budokampsport.se\/?s={search_term_string}"},"query-input":{"@type":"PropertyValueSpecification","valueRequired":true,"valueName":"search_term_string"}}],"inLanguage":"sv-SE"},{"@type":"Person","@id":"https:\/\/www.budokampsport.se\/#\/schema\/person\/5c06d81d14850e2a8ce5493386560145","name":"Jonathan Broberg","image":{"@type":"ImageObject","inLanguage":"sv-SE","@id":"https:\/\/www.budokampsport.se\/#\/schema\/person\/image\/","url":"https:\/\/secure.gravatar.com\/avatar\/a58041c6cea9128bd9c40ee2f26d4136?s=96&d=blank&r=g","contentUrl":"https:\/\/secure.gravatar.com\/avatar\/a58041c6cea9128bd9c40ee2f26d4136?s=96&d=blank&r=g","caption":"Jonathan Broberg"},"sameAs":["https:\/\/www.facebook.com\/jonathan.broberg.7"],"url":"https:\/\/www.budokampsport.se\/author\/jonathan\/"}]}},"_links":{"self":[{"href":"https:\/\/www.budokampsport.se\/api\/wp\/v2\/posts\/140226","targetHints":{"allow":["GET"]}}],"collection":[{"href":"https:\/\/www.budokampsport.se\/api\/wp\/v2\/posts"}],"about":[{"href":"https:\/\/www.budokampsport.se\/api\/wp\/v2\/types\/post"}],"author":[{"embeddable":true,"href":"https:\/\/www.budokampsport.se\/api\/wp\/v2\/users\/7"}],"replies":[{"embeddable":true,"href":"https:\/\/www.budokampsport.se\/api\/wp\/v2\/comments?post=140226"}],"version-history":[{"count":0,"href":"https:\/\/www.budokampsport.se\/api\/wp\/v2\/posts\/140226\/revisions"}],"wp:featuredmedia":[{"embeddable":true,"href":"https:\/\/www.budokampsport.se\/api\/wp\/v2\/media\/140290"}],"wp:attachment":[{"href":"https:\/\/www.budokampsport.se\/api\/wp\/v2\/media?parent=140226"}],"wp:term":[{"taxonomy":"category","embeddable":true,"href":"https:\/\/www.budokampsport.se\/api\/wp\/v2\/categories?post=140226"},{"taxonomy":"post_tag","embeddable":true,"href":"https:\/\/www.budokampsport.se\/api\/wp\/v2\/tags?post=140226"}],"curies":[{"name":"wp","href":"https:\/\/api.w.org\/{rel}","templated":true}]}}