{"id":140228,"date":"2022-06-22T14:22:25","date_gmt":"2022-06-22T12:22:25","guid":{"rendered":"https:\/\/www.budokampsport.se\/?p=140228"},"modified":"2022-06-23T10:59:26","modified_gmt":"2022-06-23T08:59:26","slug":"gabriella-ringblom-leder-ny-sbk-satsning","status":"publish","type":"post","link":"https:\/\/www.budokampsport.se\/2022\/06\/22\/gabriella-ringblom-leder-ny-sbk-satsning\/","title":{"rendered":"Gabriella Ringblom leder ny SB&#038;K-satsning"},"content":{"rendered":"<p>2016 blev Gabriella Ringblom historisk som f\u00f6rsta svensk n\u00e5gonsin att vinna ett <a href=\"https:\/\/www.budokampsport.se\/2016\/07\/10\/har-skriver-hon-svensk-idrottshistoria\/\" target=\"_blank\" rel=\"noopener\">VM-guld i MMA<\/a>.<\/p>\n<p>Nu \u00e4r hon kansliets nytillskott som projektledare f\u00f6r en satsning kopplad till Physical literacy, <a href=\"https:\/\/www.budokampsport.se\/forbund\/motoriq-physical-literacy\/\" target=\"_blank\" rel=\"noopener\">Kampsportsskolan<\/a> och tr\u00e4ning f\u00f6r personer med funktionsneds\u00e4ttning kallat &#8220;Kampsport f\u00f6r fler&#8221;.<\/p>\n<p>Projektet ska fokusera p\u00e5 att ge fler personer med funktionsneds\u00e4ttning m\u00f6jlighet att pr\u00f6va p\u00e5 gl\u00e4djefylld r\u00f6relse och uppleva kampsportens positiva effekter. I l\u00e4ngden vill SB&amp;K bidra till att fler \u00e4r fysiskt aktiva, f\u00f6r livsl\u00e5ng utveckling och h\u00e4lsa.<\/p>\n<p>&#8211;\u00a0Fysisk aktivitet, idrott och h\u00e4lsa \u00e4r \u00e4mnen som st\u00e5r mig varmt om hj\u00e4rtat. Jag har jobbat med det i olika former sedan tidiga ton\u00e5ren och b\u00f6rjade vidareutbilda mig 2007. Parallellt med mitt f\u00f6retag inom tr\u00e4ning och h\u00e4lsa har jag arbetat med m\u00e4nniskor med olika typer av funktionsvariationer.\u00a0Med andra ord, det k\u00e4nns verkligen otroligt kul att f\u00e5 jobba med detta projekt p\u00e5 SB&amp;K.<\/p>\n<p>Gabriella har idrottat i stort sett hela sitt liv. B\u00e5de med idrotter i och utanf\u00f6r SB&amp;K. Hennes MMA-karri\u00e4r \u00e4r b\u00e5de v\u00e4lk\u00e4nd och djupt imponerande. Men hon har \u00e4ven tr\u00e4nat judo, BJJ, submission wrestling, boxning och thaiboxning.<\/p>\n<p>&#8211; Kampsporten betyder v\u00e4ldigt mycket f\u00f6r mig. Jag b\u00f6rjade med judo n\u00e4r jag var sex \u00e5r, elitsatsade p\u00e5 MMA i ungef\u00e4r tio \u00e5r och numera, efter min \u00f6gonskada, \u00e4r det BJJ och submission wrestling som g\u00e4ller.\u00a0<\/p>\n<p>&#8211; Under l\u00e5ng tid har jag varit en av utbildarna p\u00e5 SB&amp;K:s tr\u00e4narutbildningar och utbildningar om Physical literacy. N\u00e4r jag s\u00e5g att SB&amp;K skulle g\u00f6ra den h\u00e4r satsningen s\u00f6kte jag direkt rollen som projektledare, glad att just \u201dmitt\u201d f\u00f6rbund kraftsamlar kring de h\u00e4r fr\u00e5gorna! Jag tror att vi kan \u00e5stadkomma mycket och jag hoppas kunna bidra till att fler s\u00f6ker sig till v\u00e5ra f\u00f6reningar f\u00f6r att tr\u00e4na och t\u00e4vla. Jag anser att idrott fostrar, p\u00e5 ett av de b\u00e4sta s\u00e4tten och vill f\u00e5 fler att uppleva dess f\u00f6rdelar.<\/p>\n<p>Gabriella, som varit verksam ett par veckor i sin nya roll, har \u00e4gnat en stor del av sin tid till att skaffa sig en l\u00e4gesbild f\u00f6r att p\u00e5 b\u00e4sta s\u00e4tt utforma detta projekt. Hon tar v\u00e4ldigt g\u00e4rna emot tips och f\u00f6rslag fr\u00e5n f\u00f6reningar till det fortsatta arbetet.<\/p>\n<p>F\u00f6r att komma i kontakt med henne, skicka ett mejl till <a href=\"mailto:gabriella.utbildning@budo.se\">gabriella.utbildning@budo.se<\/a>.<\/p>\n<p>Text och foto: Jonathan Broberg<\/p>\n","protected":false},"excerpt":{"rendered":"<p>SB&#038;K. Den forna v\u00e4rldsm\u00e4starinnan i MMA Gabriella Ringblom ansluter till SB&#038;K:s kansli f\u00f6r att driva projektet \u201dKampsport f\u00f6r fler\u201d.\u00a0<br \/><br>&#8211; Det \u00e4r otroligt roligt att f\u00e5 vara med och bidra, s\u00e4ger hon till\u00a0budokampsport.se.<\/p><br>","protected":false},"author":7,"featured_media":140276,"comment_status":"open","ping_status":"open","sticky":false,"template":"","format":"standard","meta":{"_acf_changed":false,"footnotes":""},"categories":[1],"tags":[],"class_list":["post-140228","post","type-post","status-publish","format-standard","has-post-thumbnail","hentry","category-okategoriserade"],"acf":[],"yoast_head":"<!-- This site is optimized with the Yoast SEO plugin v26.8 - https:\/\/yoast.com\/product\/yoast-seo-wordpress\/ -->\n<title>Gabriella Ringblom leder ny SB&amp;K-satsning - Svenska Budo &amp; Kampsportsf\u00f6rbundet<\/title>\n<meta name=\"description\" content=\"SB&amp;K. Den forna v\u00e4rldsm\u00e4starinnan i MMA Gabriella Ringblom ansluter till SB&amp;K:s kansli f\u00f6r att driva projektet \u201dKampsport f\u00f6r fler\u201d.\u00a0 - Det \u00e4r otroligt roligt att f\u00e5 vara med och bidra, s\u00e4ger hon till\u00a0budokampsport.se.\" \/>\n<meta name=\"robots\" content=\"index, follow, max-snippet:-1, max-image-preview:large, max-video-preview:-1\" \/>\n<link rel=\"canonical\" href=\"https:\/\/www.budokampsport.se\/2022\/06\/22\/gabriella-ringblom-leder-ny-sbk-satsning\/\" \/>\n<meta property=\"og:locale\" content=\"sv_SE\" \/>\n<meta property=\"og:type\" content=\"article\" \/>\n<meta property=\"og:title\" content=\"Gabriella Ringblom leder ny SB&amp;K-satsning - Svenska Budo &amp; Kampsportsf\u00f6rbundet\" \/>\n<meta property=\"og:description\" content=\"SB&amp;K. Den forna v\u00e4rldsm\u00e4starinnan i MMA Gabriella Ringblom ansluter till SB&amp;K:s kansli f\u00f6r att driva projektet \u201dKampsport f\u00f6r fler\u201d.\u00a0 - Det \u00e4r otroligt roligt att f\u00e5 vara med och bidra, s\u00e4ger hon till\u00a0budokampsport.se.\" \/>\n<meta property=\"og:url\" content=\"https:\/\/www.budokampsport.se\/2022\/06\/22\/gabriella-ringblom-leder-ny-sbk-satsning\/\" \/>\n<meta property=\"og:site_name\" content=\"Svenska Budo &amp; Kampsportsf\u00f6rbundet\" \/>\n<meta property=\"article:author\" content=\"https:\/\/www.facebook.com\/jonathan.broberg.7\" \/>\n<meta property=\"article:published_time\" content=\"2022-06-22T12:22:25+00:00\" \/>\n<meta property=\"article:modified_time\" content=\"2022-06-23T08:59:26+00:00\" \/>\n<meta property=\"og:image\" content=\"https:\/\/www.budokampsport.se\/wp-content\/uploads\/2022\/06\/Gabriella-Ringblom.jpg\" \/>\n\t<meta property=\"og:image:width\" content=\"850\" \/>\n\t<meta property=\"og:image:height\" content=\"567\" \/>\n\t<meta property=\"og:image:type\" content=\"image\/jpeg\" \/>\n<meta name=\"author\" content=\"Jonathan Broberg\" \/>\n<meta name=\"twitter:card\" content=\"summary_large_image\" \/>\n<meta name=\"twitter:label1\" content=\"Skriven av\" \/>\n\t<meta name=\"twitter:data1\" content=\"Jonathan Broberg\" \/>\n\t<meta name=\"twitter:label2\" content=\"Ber\u00e4knad l\u00e4stid\" \/>\n\t<meta name=\"twitter:data2\" content=\"2 minuter\" \/>\n<script type=\"application\/ld+json\" class=\"yoast-schema-graph\">{\"@context\":\"https:\/\/schema.org\",\"@graph\":[{\"@type\":\"Article\",\"@id\":\"https:\/\/www.budokampsport.se\/2022\/06\/22\/gabriella-ringblom-leder-ny-sbk-satsning\/#article\",\"isPartOf\":{\"@id\":\"https:\/\/www.budokampsport.se\/2022\/06\/22\/gabriella-ringblom-leder-ny-sbk-satsning\/\"},\"author\":{\"name\":\"Jonathan Broberg\",\"@id\":\"https:\/\/www.budokampsport.se\/#\/schema\/person\/5c06d81d14850e2a8ce5493386560145\"},\"headline\":\"Gabriella Ringblom leder ny SB&#038;K-satsning\",\"datePublished\":\"2022-06-22T12:22:25+00:00\",\"dateModified\":\"2022-06-23T08:59:26+00:00\",\"mainEntityOfPage\":{\"@id\":\"https:\/\/www.budokampsport.se\/2022\/06\/22\/gabriella-ringblom-leder-ny-sbk-satsning\/\"},\"wordCount\":451,\"commentCount\":0,\"image\":{\"@id\":\"https:\/\/www.budokampsport.se\/2022\/06\/22\/gabriella-ringblom-leder-ny-sbk-satsning\/#primaryimage\"},\"thumbnailUrl\":\"https:\/\/www.budokampsport.se\/wp-content\/uploads\/2022\/06\/Gabriella-Ringblom.jpg\",\"inLanguage\":\"sv-SE\",\"potentialAction\":[{\"@type\":\"CommentAction\",\"name\":\"Comment\",\"target\":[\"https:\/\/www.budokampsport.se\/2022\/06\/22\/gabriella-ringblom-leder-ny-sbk-satsning\/#respond\"]}]},{\"@type\":\"WebPage\",\"@id\":\"https:\/\/www.budokampsport.se\/2022\/06\/22\/gabriella-ringblom-leder-ny-sbk-satsning\/\",\"url\":\"https:\/\/www.budokampsport.se\/2022\/06\/22\/gabriella-ringblom-leder-ny-sbk-satsning\/\",\"name\":\"Gabriella Ringblom leder ny SB&K-satsning - Svenska Budo &amp; Kampsportsf\u00f6rbundet\",\"isPartOf\":{\"@id\":\"https:\/\/www.budokampsport.se\/#website\"},\"primaryImageOfPage\":{\"@id\":\"https:\/\/www.budokampsport.se\/2022\/06\/22\/gabriella-ringblom-leder-ny-sbk-satsning\/#primaryimage\"},\"image\":{\"@id\":\"https:\/\/www.budokampsport.se\/2022\/06\/22\/gabriella-ringblom-leder-ny-sbk-satsning\/#primaryimage\"},\"thumbnailUrl\":\"https:\/\/www.budokampsport.se\/wp-content\/uploads\/2022\/06\/Gabriella-Ringblom.jpg\",\"datePublished\":\"2022-06-22T12:22:25+00:00\",\"dateModified\":\"2022-06-23T08:59:26+00:00\",\"author\":{\"@id\":\"https:\/\/www.budokampsport.se\/#\/schema\/person\/5c06d81d14850e2a8ce5493386560145\"},\"description\":\"SB&K. Den forna v\u00e4rldsm\u00e4starinnan i MMA Gabriella Ringblom ansluter till SB&K:s kansli f\u00f6r att driva projektet \u201dKampsport f\u00f6r fler\u201d.\u00a0 - Det \u00e4r otroligt roligt att f\u00e5 vara med och bidra, s\u00e4ger hon till\u00a0budokampsport.se.\",\"breadcrumb\":{\"@id\":\"https:\/\/www.budokampsport.se\/2022\/06\/22\/gabriella-ringblom-leder-ny-sbk-satsning\/#breadcrumb\"},\"inLanguage\":\"sv-SE\",\"potentialAction\":[{\"@type\":\"ReadAction\",\"target\":[\"https:\/\/www.budokampsport.se\/2022\/06\/22\/gabriella-ringblom-leder-ny-sbk-satsning\/\"]}]},{\"@type\":\"ImageObject\",\"inLanguage\":\"sv-SE\",\"@id\":\"https:\/\/www.budokampsport.se\/2022\/06\/22\/gabriella-ringblom-leder-ny-sbk-satsning\/#primaryimage\",\"url\":\"https:\/\/www.budokampsport.se\/wp-content\/uploads\/2022\/06\/Gabriella-Ringblom.jpg\",\"contentUrl\":\"https:\/\/www.budokampsport.se\/wp-content\/uploads\/2022\/06\/Gabriella-Ringblom.jpg\",\"width\":850,\"height\":567,\"caption\":\"Foto: Jonathan Broberg\"},{\"@type\":\"BreadcrumbList\",\"@id\":\"https:\/\/www.budokampsport.se\/2022\/06\/22\/gabriella-ringblom-leder-ny-sbk-satsning\/#breadcrumb\",\"itemListElement\":[{\"@type\":\"ListItem\",\"position\":1,\"name\":\"Hem\",\"item\":\"https:\/\/www.budokampsport.se\/\"},{\"@type\":\"ListItem\",\"position\":2,\"name\":\"Gabriella Ringblom leder ny SB&#038;K-satsning\"}]},{\"@type\":\"WebSite\",\"@id\":\"https:\/\/www.budokampsport.se\/#website\",\"url\":\"https:\/\/www.budokampsport.se\/\",\"name\":\"Svenska Budo &amp; Kampsportsf\u00f6rbundet\",\"description\":\"T\u00e4vling, Tr\u00e4ning, Tradition\",\"potentialAction\":[{\"@type\":\"SearchAction\",\"target\":{\"@type\":\"EntryPoint\",\"urlTemplate\":\"https:\/\/www.budokampsport.se\/?s={search_term_string}\"},\"query-input\":{\"@type\":\"PropertyValueSpecification\",\"valueRequired\":true,\"valueName\":\"search_term_string\"}}],\"inLanguage\":\"sv-SE\"},{\"@type\":\"Person\",\"@id\":\"https:\/\/www.budokampsport.se\/#\/schema\/person\/5c06d81d14850e2a8ce5493386560145\",\"name\":\"Jonathan Broberg\",\"image\":{\"@type\":\"ImageObject\",\"inLanguage\":\"sv-SE\",\"@id\":\"https:\/\/www.budokampsport.se\/#\/schema\/person\/image\/\",\"url\":\"https:\/\/secure.gravatar.com\/avatar\/a58041c6cea9128bd9c40ee2f26d4136?s=96&d=blank&r=g\",\"contentUrl\":\"https:\/\/secure.gravatar.com\/avatar\/a58041c6cea9128bd9c40ee2f26d4136?s=96&d=blank&r=g\",\"caption\":\"Jonathan Broberg\"},\"sameAs\":[\"https:\/\/www.facebook.com\/jonathan.broberg.7\"],\"url\":\"https:\/\/www.budokampsport.se\/author\/jonathan\/\"}]}<\/script>\n<!-- \/ Yoast SEO plugin. -->","yoast_head_json":{"title":"Gabriella Ringblom leder ny SB&K-satsning - Svenska Budo &amp; Kampsportsf\u00f6rbundet","description":"SB&K. Den forna v\u00e4rldsm\u00e4starinnan i MMA Gabriella Ringblom ansluter till SB&K:s kansli f\u00f6r att driva projektet \u201dKampsport f\u00f6r fler\u201d.\u00a0 - Det \u00e4r otroligt roligt att f\u00e5 vara med och bidra, s\u00e4ger hon till\u00a0budokampsport.se.","robots":{"index":"index","follow":"follow","max-snippet":"max-snippet:-1","max-image-preview":"max-image-preview:large","max-video-preview":"max-video-preview:-1"},"canonical":"https:\/\/www.budokampsport.se\/2022\/06\/22\/gabriella-ringblom-leder-ny-sbk-satsning\/","og_locale":"sv_SE","og_type":"article","og_title":"Gabriella Ringblom leder ny SB&K-satsning - Svenska Budo &amp; Kampsportsf\u00f6rbundet","og_description":"SB&K. Den forna v\u00e4rldsm\u00e4starinnan i MMA Gabriella Ringblom ansluter till SB&K:s kansli f\u00f6r att driva projektet \u201dKampsport f\u00f6r fler\u201d.\u00a0 - Det \u00e4r otroligt roligt att f\u00e5 vara med och bidra, s\u00e4ger hon till\u00a0budokampsport.se.","og_url":"https:\/\/www.budokampsport.se\/2022\/06\/22\/gabriella-ringblom-leder-ny-sbk-satsning\/","og_site_name":"Svenska Budo &amp; Kampsportsf\u00f6rbundet","article_author":"https:\/\/www.facebook.com\/jonathan.broberg.7","article_published_time":"2022-06-22T12:22:25+00:00","article_modified_time":"2022-06-23T08:59:26+00:00","og_image":[{"width":850,"height":567,"url":"https:\/\/www.budokampsport.se\/wp-content\/uploads\/2022\/06\/Gabriella-Ringblom.jpg","type":"image\/jpeg"}],"author":"Jonathan Broberg","twitter_card":"summary_large_image","twitter_misc":{"Skriven av":"Jonathan Broberg","Ber\u00e4knad l\u00e4stid":"2 minuter"},"schema":{"@context":"https:\/\/schema.org","@graph":[{"@type":"Article","@id":"https:\/\/www.budokampsport.se\/2022\/06\/22\/gabriella-ringblom-leder-ny-sbk-satsning\/#article","isPartOf":{"@id":"https:\/\/www.budokampsport.se\/2022\/06\/22\/gabriella-ringblom-leder-ny-sbk-satsning\/"},"author":{"name":"Jonathan Broberg","@id":"https:\/\/www.budokampsport.se\/#\/schema\/person\/5c06d81d14850e2a8ce5493386560145"},"headline":"Gabriella Ringblom leder ny SB&#038;K-satsning","datePublished":"2022-06-22T12:22:25+00:00","dateModified":"2022-06-23T08:59:26+00:00","mainEntityOfPage":{"@id":"https:\/\/www.budokampsport.se\/2022\/06\/22\/gabriella-ringblom-leder-ny-sbk-satsning\/"},"wordCount":451,"commentCount":0,"image":{"@id":"https:\/\/www.budokampsport.se\/2022\/06\/22\/gabriella-ringblom-leder-ny-sbk-satsning\/#primaryimage"},"thumbnailUrl":"https:\/\/www.budokampsport.se\/wp-content\/uploads\/2022\/06\/Gabriella-Ringblom.jpg","inLanguage":"sv-SE","potentialAction":[{"@type":"CommentAction","name":"Comment","target":["https:\/\/www.budokampsport.se\/2022\/06\/22\/gabriella-ringblom-leder-ny-sbk-satsning\/#respond"]}]},{"@type":"WebPage","@id":"https:\/\/www.budokampsport.se\/2022\/06\/22\/gabriella-ringblom-leder-ny-sbk-satsning\/","url":"https:\/\/www.budokampsport.se\/2022\/06\/22\/gabriella-ringblom-leder-ny-sbk-satsning\/","name":"Gabriella Ringblom leder ny SB&K-satsning - Svenska Budo &amp; Kampsportsf\u00f6rbundet","isPartOf":{"@id":"https:\/\/www.budokampsport.se\/#website"},"primaryImageOfPage":{"@id":"https:\/\/www.budokampsport.se\/2022\/06\/22\/gabriella-ringblom-leder-ny-sbk-satsning\/#primaryimage"},"image":{"@id":"https:\/\/www.budokampsport.se\/2022\/06\/22\/gabriella-ringblom-leder-ny-sbk-satsning\/#primaryimage"},"thumbnailUrl":"https:\/\/www.budokampsport.se\/wp-content\/uploads\/2022\/06\/Gabriella-Ringblom.jpg","datePublished":"2022-06-22T12:22:25+00:00","dateModified":"2022-06-23T08:59:26+00:00","author":{"@id":"https:\/\/www.budokampsport.se\/#\/schema\/person\/5c06d81d14850e2a8ce5493386560145"},"description":"SB&K. Den forna v\u00e4rldsm\u00e4starinnan i MMA Gabriella Ringblom ansluter till SB&K:s kansli f\u00f6r att driva projektet \u201dKampsport f\u00f6r fler\u201d.\u00a0 - Det \u00e4r otroligt roligt att f\u00e5 vara med och bidra, s\u00e4ger hon till\u00a0budokampsport.se.","breadcrumb":{"@id":"https:\/\/www.budokampsport.se\/2022\/06\/22\/gabriella-ringblom-leder-ny-sbk-satsning\/#breadcrumb"},"inLanguage":"sv-SE","potentialAction":[{"@type":"ReadAction","target":["https:\/\/www.budokampsport.se\/2022\/06\/22\/gabriella-ringblom-leder-ny-sbk-satsning\/"]}]},{"@type":"ImageObject","inLanguage":"sv-SE","@id":"https:\/\/www.budokampsport.se\/2022\/06\/22\/gabriella-ringblom-leder-ny-sbk-satsning\/#primaryimage","url":"https:\/\/www.budokampsport.se\/wp-content\/uploads\/2022\/06\/Gabriella-Ringblom.jpg","contentUrl":"https:\/\/www.budokampsport.se\/wp-content\/uploads\/2022\/06\/Gabriella-Ringblom.jpg","width":850,"height":567,"caption":"Foto: Jonathan Broberg"},{"@type":"BreadcrumbList","@id":"https:\/\/www.budokampsport.se\/2022\/06\/22\/gabriella-ringblom-leder-ny-sbk-satsning\/#breadcrumb","itemListElement":[{"@type":"ListItem","position":1,"name":"Hem","item":"https:\/\/www.budokampsport.se\/"},{"@type":"ListItem","position":2,"name":"Gabriella Ringblom leder ny SB&#038;K-satsning"}]},{"@type":"WebSite","@id":"https:\/\/www.budokampsport.se\/#website","url":"https:\/\/www.budokampsport.se\/","name":"Svenska Budo &amp; Kampsportsf\u00f6rbundet","description":"T\u00e4vling, Tr\u00e4ning, Tradition","potentialAction":[{"@type":"SearchAction","target":{"@type":"EntryPoint","urlTemplate":"https:\/\/www.budokampsport.se\/?s={search_term_string}"},"query-input":{"@type":"PropertyValueSpecification","valueRequired":true,"valueName":"search_term_string"}}],"inLanguage":"sv-SE"},{"@type":"Person","@id":"https:\/\/www.budokampsport.se\/#\/schema\/person\/5c06d81d14850e2a8ce5493386560145","name":"Jonathan Broberg","image":{"@type":"ImageObject","inLanguage":"sv-SE","@id":"https:\/\/www.budokampsport.se\/#\/schema\/person\/image\/","url":"https:\/\/secure.gravatar.com\/avatar\/a58041c6cea9128bd9c40ee2f26d4136?s=96&d=blank&r=g","contentUrl":"https:\/\/secure.gravatar.com\/avatar\/a58041c6cea9128bd9c40ee2f26d4136?s=96&d=blank&r=g","caption":"Jonathan Broberg"},"sameAs":["https:\/\/www.facebook.com\/jonathan.broberg.7"],"url":"https:\/\/www.budokampsport.se\/author\/jonathan\/"}]}},"_links":{"self":[{"href":"https:\/\/www.budokampsport.se\/api\/wp\/v2\/posts\/140228","targetHints":{"allow":["GET"]}}],"collection":[{"href":"https:\/\/www.budokampsport.se\/api\/wp\/v2\/posts"}],"about":[{"href":"https:\/\/www.budokampsport.se\/api\/wp\/v2\/types\/post"}],"author":[{"embeddable":true,"href":"https:\/\/www.budokampsport.se\/api\/wp\/v2\/users\/7"}],"replies":[{"embeddable":true,"href":"https:\/\/www.budokampsport.se\/api\/wp\/v2\/comments?post=140228"}],"version-history":[{"count":0,"href":"https:\/\/www.budokampsport.se\/api\/wp\/v2\/posts\/140228\/revisions"}],"wp:featuredmedia":[{"embeddable":true,"href":"https:\/\/www.budokampsport.se\/api\/wp\/v2\/media\/140276"}],"wp:attachment":[{"href":"https:\/\/www.budokampsport.se\/api\/wp\/v2\/media?parent=140228"}],"wp:term":[{"taxonomy":"category","embeddable":true,"href":"https:\/\/www.budokampsport.se\/api\/wp\/v2\/categories?post=140228"},{"taxonomy":"post_tag","embeddable":true,"href":"https:\/\/www.budokampsport.se\/api\/wp\/v2\/tags?post=140228"}],"curies":[{"name":"wp","href":"https:\/\/api.w.org\/{rel}","templated":true}]}}