{"id":140326,"date":"2022-07-08T10:28:36","date_gmt":"2022-07-08T08:28:36","guid":{"rendered":"https:\/\/www.budokampsport.se\/?p=140326"},"modified":"2022-07-08T10:28:36","modified_gmt":"2022-07-08T08:28:36","slug":"ewin-ates-aker-till-world-games-med-siktet-installt-pa-guld","status":"publish","type":"post","link":"https:\/\/www.budokampsport.se\/2022\/07\/08\/ewin-ates-aker-till-world-games-med-siktet-installt-pa-guld\/","title":{"rendered":"Ewin Ates \u00e5ker till World Games med siktet inst\u00e4llt p\u00e5 guld"},"content":{"rendered":"<p><a href=\"https:\/\/twg2022.com\/\" target=\"_blank\" rel=\"noopener\">World Games<\/a> p\u00e5g\u00e5r mellan 7-17 juli, det \u00e4r m\u00e5nga olika idrotter som kommer t\u00e4vla och thaiboxarna kommer att g\u00e5 in i ringen den 15 juli. <strong>Ewin Ates<\/strong> \u00e4r en av tre kvinnliga thaiboxare fr\u00e5n Sverige, hon representerar idrotten tillsammans med <strong>Patricia Axling<\/strong> och <strong>Erica Bj\u00f6rnestrand<\/strong>. Ates kvalificerade sig genom <a href=\"https:\/\/www.budokampsport.se\/2021\/12\/13\/guld-till-ates-silver-till-danielsson-i-thaiboxnings-vm\/\" target=\"_blank\" rel=\"noopener\">VM-guldet 2021<\/a> och hann med att ta ett <a href=\"https:\/\/www.budokampsport.se\/2022\/06\/04\/trippla-svenska-guld-i-thaiboxnings-vm\/\" target=\"_blank\" rel=\"noopener\">VM-silver<\/a> i \u00e5r innan det nu \u00e4r dags f\u00f6r World Games.<\/p>\n<p>\u2013 Det k\u00e4nns faktiskt helt otroligt. Nu \u00e4r jag mitt uppe i matchtr\u00e4ningen och det k\u00e4nns h\u00f6gst verkligt, men f\u00f6r typ ett \u00e5r sedan s\u00e5 k\u00e4ndes det v\u00e4ldigt avl\u00e4gset. Men jag \u00e4r stolt \u00f6ver att vara en av f\u00e5 svenskar som har kvalificerat sig, s\u00e4ger Ates.<\/p>\n<p>F\u00f6rberedelseperioden blev relativt kort p\u00e5 grund av VM som h\u00f6lls juni men formen k\u00e4nns bra och m\u00e5let \u00e4r att kliva h\u00f6gst upp p\u00e5 pallen.<\/p>\n<p>\u2013\u00a0Jag \u00e5ker med siktet inst\u00e4llt p\u00e5 guldmedaljen. Oavsett vad s\u00e5 vill jag kunna k\u00e4nna mig n\u00f6jd med vad jag presterar, jag vill alltid ge allt jag har i ringen. <br \/>\nUppladdningen har varit bra, jag har bara kunnat forts\u00e4tta rulla p\u00e5 formen sedan VM. Annars har det mest handlat om att slipa p\u00e5 detaljerna rent tekniskt. Det har inte varit j\u00e4ttemycket tid mellan VM och World Games, jag tog en veckas vila efter VM och efter det har jag varit i g\u00e5ng med h\u00e5rdtr\u00e4ning igen, ber\u00e4ttar Ates.<\/p>\n<p>V\u00e4l p\u00e5 plats i USA har hon <a href=\"https:\/\/twg2022.com\/qualified-athletes-teams\/\" target=\"_blank\" rel=\"noopener\">sju andra fighters<\/a> i samma viktklass (-60 kg), flera av dessa har hon m\u00f6tt f\u00f6rut men det finns n\u00e5gra namn hon inte k\u00e4nner igen.<\/p>\n<p>\u2013 Jag har m\u00f6tt fyra av de, tre av de senast p\u00e5 VM s\u00e5 de jag har ganska bra koll p\u00e5, men det \u00e4r ocks\u00e5 ett par motst\u00e5ndare som jag inte vet n\u00e5got om. Jag har en stark viktklass med m\u00e5nga duktiga motst\u00e5ndare s\u00e5 jag ser verkligen fram emot att t\u00e4vlingarna ska dra ig\u00e5ng.<\/p>\n<p><strong>Vem saknar du mest n\u00e4r du \u00e4r i v\u00e4g och t\u00e4vlar internationellt?<\/strong><\/p>\n<p>\u2013 Sj\u00e4lvklart min hund Biggie, vi Facetimear n\u00e4r vi har m\u00f6jlighet och d\u00e5 blir jag alltid lite bl\u00f6dig, avslutar Ates.<\/p>\n<h2>Ewin Ates potentiella motst\u00e5ndare<\/h2>\n<table style=\"border-collapse: collapse; width: 100%; height: 194px;\">\n<tbody>\n<tr style=\"height: 23px;\">\n<td style=\"width: 100%; height: 23px;\"><strong>THAIBOXNING, -60 kg<\/strong><\/td>\n<\/tr>\n<tr style=\"height: 23px;\">\n<td style=\"width: 100%; height: 23px;\"><img loading=\"lazy\" decoding=\"async\" class=\"alignnone size-full wp-image-122883\" src=\"https:\/\/www.budokampsport.se\/wp-content\/uploads\/2020\/11\/sweden-flag-icon-16.png\" alt=\"Sveriges flagga\" width=\"16\" height=\"10\" \/> Ewin Ates<\/td>\n<\/tr>\n<tr style=\"height: 23px;\">\n<td style=\"width: 100%; height: 23px;\"><img loading=\"lazy\" decoding=\"async\" class=\"alignnone wp-image-127809 size-full\" src=\"https:\/\/www.budokampsport.se\/wp-content\/uploads\/2021\/09\/turkey_flag-png-icon-16.png\" alt=\"\" width=\"16\" height=\"11\" \/> Kubra Kocakus<\/td>\n<\/tr>\n<tr style=\"height: 23px;\">\n<td style=\"width: 100%; height: 23px;\"><img loading=\"lazy\" decoding=\"async\" class=\"alignnone wp-image-128752 size-full\" src=\"https:\/\/www.budokampsport.se\/wp-content\/uploads\/2021\/09\/poland_flag-png-icon-16.png\" alt=\"\" width=\"16\" height=\"10\" \/> Dominika Filec<\/td>\n<\/tr>\n<tr style=\"height: 23px;\">\n<td style=\"width: 100%; height: 23px;\"><img loading=\"lazy\" decoding=\"async\" class=\"alignnone wp-image-125021 size-full\" src=\"https:\/\/www.budokampsport.se\/wp-content\/uploads\/2021\/03\/italy_flag-png-icon-16.png\" alt=\"Italiens flagga\" width=\"16\" height=\"11\" \/> Ajsa Adel Sandorfi<\/td>\n<\/tr>\n<tr style=\"height: 23px;\">\n<td style=\"width: 100%; height: 23px;\"><img loading=\"lazy\" decoding=\"async\" class=\"alignnone wp-image-134079 size-full\" src=\"https:\/\/www.budokampsport.se\/wp-content\/uploads\/2022\/01\/united-states-of-america_flag-png-icon-16.png\" alt=\"\" width=\"16\" height=\"8\" \/> Charlsey Maner<\/td>\n<\/tr>\n<tr style=\"height: 23px;\">\n<td style=\"width: 100%; height: 23px;\"><img loading=\"lazy\" decoding=\"async\" class=\"alignnone wp-image-127807 size-full\" src=\"https:\/\/www.budokampsport.se\/wp-content\/uploads\/2021\/09\/austria_flag-png-icon-16.png\" alt=\"\" width=\"16\" height=\"11\" \/> Nina Scheucher<\/td>\n<\/tr>\n<tr style=\"height: 23px;\">\n<td style=\"width: 100%; height: 23px;\"><img loading=\"lazy\" decoding=\"async\" class=\"alignnone wp-image-134078 size-full\" src=\"https:\/\/www.budokampsport.se\/wp-content\/uploads\/2022\/01\/united-kingdom_flag-png-icon-16.png\" alt=\"\" width=\"16\" height=\"8\" \/> Niamh Kinehan<\/td>\n<\/tr>\n<tr style=\"height: 23px;\">\n<td style=\"width: 100%; height: 10px;\"><img loading=\"lazy\" decoding=\"async\" class=\"alignnone wp-image-134182 size-full\" src=\"https:\/\/www.budokampsport.se\/wp-content\/uploads\/2022\/01\/israel_flag-png-icon-16.png\" alt=\"\" width=\"16\" height=\"12\" \/> Nili Block<\/td>\n<\/tr>\n<\/tbody>\n<\/table>\n<p>&nbsp;<\/p>\n<p><strong>Fler artiklar om World Games<br \/>\n<\/strong><a href=\"https:\/\/www.budokampsport.se\/2022\/06\/30\/erica-bjornestrand-siktar-mot-world-games-guld\/\" target=\"_blank\" rel=\"noopener\">Erica Bj\u00f6rnestrand siktar mot World Games-guld<\/a><br \/>\n<a href=\"https:\/\/www.budokampsport.se\/2022\/07\/05\/patricia-axling-debuterar-i-world-games-sammanhang\/\" target=\"_blank\" rel=\"noopener\">Patricia Axling debuterar i World Games-sammanhang<\/a><br \/>\n<a href=\"https:\/\/www.budokampsport.se\/2022\/07\/06\/emma-lette-med-fast-blick-mot-world-games\/\" target=\"_blank\" rel=\"noopener\">Emma Lette med faast blick mot World Games\u00a0<\/a><br \/>\n<a href=\"https:\/\/www.budokampsport.se\/2022\/07\/07\/emil-frank-visar-aikido-under-world-games\/\" target=\"_blank\" rel=\"noopener\">Emil Frank visar aikido under World Games<\/a><\/p>\n<p>Text: Annie Bondefelt<\/p>\n","protected":false},"excerpt":{"rendered":"<p>WORLD GAMES. Ig\u00e5r inleddes World Games, en t\u00e4vling som g\u00e5r av stapeln vart fj\u00e4rde \u00e5r och som i \u00e5r avg\u00f6rs i Birmingham, USA. Fr\u00e5n Sverige \u00e4r det fem som har kvalificerat sig och en av dessa \u00e4r thaiboxaren Ewin Ates.<br \/><br>(Foto: Privat)<\/p><br>","protected":false},"author":120,"featured_media":140328,"comment_status":"open","ping_status":"open","sticky":false,"template":"","format":"standard","meta":{"_acf_changed":false,"footnotes":""},"categories":[451],"tags":[],"class_list":["post-140326","post","type-post","status-publish","format-standard","has-post-thumbnail","hentry","category-elit"],"acf":[],"yoast_head":"<!-- This site is optimized with the Yoast SEO plugin v26.8 - https:\/\/yoast.com\/product\/yoast-seo-wordpress\/ -->\n<title>Ewin Ates \u00e5ker till World Games med siktet inst\u00e4llt p\u00e5 guld - Svenska Budo &amp; Kampsportsf\u00f6rbundet<\/title>\n<meta name=\"description\" content=\"WORLD GAMES. Ig\u00e5r inleddes World Games, en t\u00e4vling som g\u00e5r av stapeln vart fj\u00e4rde \u00e5r och som i \u00e5r avg\u00f6rs i Birmingham, USA. Fr\u00e5n Sverige \u00e4r det fem som har kvalificerat sig och en av dessa \u00e4r thaiboxaren Ewin Ates. (Foto: Privat)\" \/>\n<meta name=\"robots\" content=\"index, follow, max-snippet:-1, max-image-preview:large, max-video-preview:-1\" \/>\n<link rel=\"canonical\" href=\"https:\/\/www.budokampsport.se\/2022\/07\/08\/ewin-ates-aker-till-world-games-med-siktet-installt-pa-guld\/\" \/>\n<meta property=\"og:locale\" content=\"sv_SE\" \/>\n<meta property=\"og:type\" content=\"article\" \/>\n<meta property=\"og:title\" content=\"Ewin Ates \u00e5ker till World Games med siktet inst\u00e4llt p\u00e5 guld - Svenska Budo &amp; Kampsportsf\u00f6rbundet\" \/>\n<meta property=\"og:description\" content=\"WORLD GAMES. Ig\u00e5r inleddes World Games, en t\u00e4vling som g\u00e5r av stapeln vart fj\u00e4rde \u00e5r och som i \u00e5r avg\u00f6rs i Birmingham, USA. Fr\u00e5n Sverige \u00e4r det fem som har kvalificerat sig och en av dessa \u00e4r thaiboxaren Ewin Ates. (Foto: Privat)\" \/>\n<meta property=\"og:url\" content=\"https:\/\/www.budokampsport.se\/2022\/07\/08\/ewin-ates-aker-till-world-games-med-siktet-installt-pa-guld\/\" \/>\n<meta property=\"og:site_name\" content=\"Svenska Budo &amp; Kampsportsf\u00f6rbundet\" \/>\n<meta property=\"article:published_time\" content=\"2022-07-08T08:28:36+00:00\" \/>\n<meta property=\"og:image\" content=\"https:\/\/www.budokampsport.se\/wp-content\/uploads\/2022\/06\/ew.jpg\" \/>\n\t<meta property=\"og:image:width\" content=\"704\" \/>\n\t<meta property=\"og:image:height\" content=\"527\" \/>\n\t<meta property=\"og:image:type\" content=\"image\/jpeg\" \/>\n<meta name=\"author\" content=\"Annie Carriage\" \/>\n<meta name=\"twitter:card\" content=\"summary_large_image\" \/>\n<meta name=\"twitter:label1\" content=\"Skriven av\" \/>\n\t<meta name=\"twitter:data1\" content=\"Annie Carriage\" \/>\n\t<meta name=\"twitter:label2\" content=\"Ber\u00e4knad l\u00e4stid\" \/>\n\t<meta name=\"twitter:data2\" content=\"2 minuter\" \/>\n<script type=\"application\/ld+json\" class=\"yoast-schema-graph\">{\"@context\":\"https:\/\/schema.org\",\"@graph\":[{\"@type\":\"Article\",\"@id\":\"https:\/\/www.budokampsport.se\/2022\/07\/08\/ewin-ates-aker-till-world-games-med-siktet-installt-pa-guld\/#article\",\"isPartOf\":{\"@id\":\"https:\/\/www.budokampsport.se\/2022\/07\/08\/ewin-ates-aker-till-world-games-med-siktet-installt-pa-guld\/\"},\"author\":{\"name\":\"Annie Carriage\",\"@id\":\"https:\/\/www.budokampsport.se\/#\/schema\/person\/c838cace8171f692e363fde3f38f208b\"},\"headline\":\"Ewin Ates \u00e5ker till World Games med siktet inst\u00e4llt p\u00e5 guld\",\"datePublished\":\"2022-07-08T08:28:36+00:00\",\"mainEntityOfPage\":{\"@id\":\"https:\/\/www.budokampsport.se\/2022\/07\/08\/ewin-ates-aker-till-world-games-med-siktet-installt-pa-guld\/\"},\"wordCount\":459,\"commentCount\":0,\"image\":{\"@id\":\"https:\/\/www.budokampsport.se\/2022\/07\/08\/ewin-ates-aker-till-world-games-med-siktet-installt-pa-guld\/#primaryimage\"},\"thumbnailUrl\":\"https:\/\/www.budokampsport.se\/wp-content\/uploads\/2022\/06\/ew.jpg\",\"articleSection\":[\"Elit\"],\"inLanguage\":\"sv-SE\",\"potentialAction\":[{\"@type\":\"CommentAction\",\"name\":\"Comment\",\"target\":[\"https:\/\/www.budokampsport.se\/2022\/07\/08\/ewin-ates-aker-till-world-games-med-siktet-installt-pa-guld\/#respond\"]}]},{\"@type\":\"WebPage\",\"@id\":\"https:\/\/www.budokampsport.se\/2022\/07\/08\/ewin-ates-aker-till-world-games-med-siktet-installt-pa-guld\/\",\"url\":\"https:\/\/www.budokampsport.se\/2022\/07\/08\/ewin-ates-aker-till-world-games-med-siktet-installt-pa-guld\/\",\"name\":\"Ewin Ates \u00e5ker till World Games med siktet inst\u00e4llt p\u00e5 guld - Svenska Budo &amp; Kampsportsf\u00f6rbundet\",\"isPartOf\":{\"@id\":\"https:\/\/www.budokampsport.se\/#website\"},\"primaryImageOfPage\":{\"@id\":\"https:\/\/www.budokampsport.se\/2022\/07\/08\/ewin-ates-aker-till-world-games-med-siktet-installt-pa-guld\/#primaryimage\"},\"image\":{\"@id\":\"https:\/\/www.budokampsport.se\/2022\/07\/08\/ewin-ates-aker-till-world-games-med-siktet-installt-pa-guld\/#primaryimage\"},\"thumbnailUrl\":\"https:\/\/www.budokampsport.se\/wp-content\/uploads\/2022\/06\/ew.jpg\",\"datePublished\":\"2022-07-08T08:28:36+00:00\",\"author\":{\"@id\":\"https:\/\/www.budokampsport.se\/#\/schema\/person\/c838cace8171f692e363fde3f38f208b\"},\"description\":\"WORLD GAMES. Ig\u00e5r inleddes World Games, en t\u00e4vling som g\u00e5r av stapeln vart fj\u00e4rde \u00e5r och som i \u00e5r avg\u00f6rs i Birmingham, USA. Fr\u00e5n Sverige \u00e4r det fem som har kvalificerat sig och en av dessa \u00e4r thaiboxaren Ewin Ates. (Foto: Privat)\",\"breadcrumb\":{\"@id\":\"https:\/\/www.budokampsport.se\/2022\/07\/08\/ewin-ates-aker-till-world-games-med-siktet-installt-pa-guld\/#breadcrumb\"},\"inLanguage\":\"sv-SE\",\"potentialAction\":[{\"@type\":\"ReadAction\",\"target\":[\"https:\/\/www.budokampsport.se\/2022\/07\/08\/ewin-ates-aker-till-world-games-med-siktet-installt-pa-guld\/\"]}]},{\"@type\":\"ImageObject\",\"inLanguage\":\"sv-SE\",\"@id\":\"https:\/\/www.budokampsport.se\/2022\/07\/08\/ewin-ates-aker-till-world-games-med-siktet-installt-pa-guld\/#primaryimage\",\"url\":\"https:\/\/www.budokampsport.se\/wp-content\/uploads\/2022\/06\/ew.jpg\",\"contentUrl\":\"https:\/\/www.budokampsport.se\/wp-content\/uploads\/2022\/06\/ew.jpg\",\"width\":704,\"height\":527,\"caption\":\"Foto: Privat\"},{\"@type\":\"BreadcrumbList\",\"@id\":\"https:\/\/www.budokampsport.se\/2022\/07\/08\/ewin-ates-aker-till-world-games-med-siktet-installt-pa-guld\/#breadcrumb\",\"itemListElement\":[{\"@type\":\"ListItem\",\"position\":1,\"name\":\"Hem\",\"item\":\"https:\/\/www.budokampsport.se\/\"},{\"@type\":\"ListItem\",\"position\":2,\"name\":\"Ewin Ates \u00e5ker till World Games med siktet inst\u00e4llt p\u00e5 guld\"}]},{\"@type\":\"WebSite\",\"@id\":\"https:\/\/www.budokampsport.se\/#website\",\"url\":\"https:\/\/www.budokampsport.se\/\",\"name\":\"Svenska Budo &amp; Kampsportsf\u00f6rbundet\",\"description\":\"T\u00e4vling, Tr\u00e4ning, Tradition\",\"potentialAction\":[{\"@type\":\"SearchAction\",\"target\":{\"@type\":\"EntryPoint\",\"urlTemplate\":\"https:\/\/www.budokampsport.se\/?s={search_term_string}\"},\"query-input\":{\"@type\":\"PropertyValueSpecification\",\"valueRequired\":true,\"valueName\":\"search_term_string\"}}],\"inLanguage\":\"sv-SE\"},{\"@type\":\"Person\",\"@id\":\"https:\/\/www.budokampsport.se\/#\/schema\/person\/c838cace8171f692e363fde3f38f208b\",\"name\":\"Annie Carriage\",\"image\":{\"@type\":\"ImageObject\",\"inLanguage\":\"sv-SE\",\"@id\":\"https:\/\/www.budokampsport.se\/#\/schema\/person\/image\/\",\"url\":\"https:\/\/secure.gravatar.com\/avatar\/9311295560bdfbdf78365a26f7df1876?s=96&d=blank&r=g\",\"contentUrl\":\"https:\/\/secure.gravatar.com\/avatar\/9311295560bdfbdf78365a26f7df1876?s=96&d=blank&r=g\",\"caption\":\"Annie Carriage\"},\"url\":\"https:\/\/www.budokampsport.se\/author\/annie-bondefelt\/\"}]}<\/script>\n<!-- \/ Yoast SEO plugin. -->","yoast_head_json":{"title":"Ewin Ates \u00e5ker till World Games med siktet inst\u00e4llt p\u00e5 guld - Svenska Budo &amp; Kampsportsf\u00f6rbundet","description":"WORLD GAMES. Ig\u00e5r inleddes World Games, en t\u00e4vling som g\u00e5r av stapeln vart fj\u00e4rde \u00e5r och som i \u00e5r avg\u00f6rs i Birmingham, USA. Fr\u00e5n Sverige \u00e4r det fem som har kvalificerat sig och en av dessa \u00e4r thaiboxaren Ewin Ates. (Foto: Privat)","robots":{"index":"index","follow":"follow","max-snippet":"max-snippet:-1","max-image-preview":"max-image-preview:large","max-video-preview":"max-video-preview:-1"},"canonical":"https:\/\/www.budokampsport.se\/2022\/07\/08\/ewin-ates-aker-till-world-games-med-siktet-installt-pa-guld\/","og_locale":"sv_SE","og_type":"article","og_title":"Ewin Ates \u00e5ker till World Games med siktet inst\u00e4llt p\u00e5 guld - Svenska Budo &amp; Kampsportsf\u00f6rbundet","og_description":"WORLD GAMES. Ig\u00e5r inleddes World Games, en t\u00e4vling som g\u00e5r av stapeln vart fj\u00e4rde \u00e5r och som i \u00e5r avg\u00f6rs i Birmingham, USA. Fr\u00e5n Sverige \u00e4r det fem som har kvalificerat sig och en av dessa \u00e4r thaiboxaren Ewin Ates. (Foto: Privat)","og_url":"https:\/\/www.budokampsport.se\/2022\/07\/08\/ewin-ates-aker-till-world-games-med-siktet-installt-pa-guld\/","og_site_name":"Svenska Budo &amp; Kampsportsf\u00f6rbundet","article_published_time":"2022-07-08T08:28:36+00:00","og_image":[{"width":704,"height":527,"url":"https:\/\/www.budokampsport.se\/wp-content\/uploads\/2022\/06\/ew.jpg","type":"image\/jpeg"}],"author":"Annie Carriage","twitter_card":"summary_large_image","twitter_misc":{"Skriven av":"Annie Carriage","Ber\u00e4knad l\u00e4stid":"2 minuter"},"schema":{"@context":"https:\/\/schema.org","@graph":[{"@type":"Article","@id":"https:\/\/www.budokampsport.se\/2022\/07\/08\/ewin-ates-aker-till-world-games-med-siktet-installt-pa-guld\/#article","isPartOf":{"@id":"https:\/\/www.budokampsport.se\/2022\/07\/08\/ewin-ates-aker-till-world-games-med-siktet-installt-pa-guld\/"},"author":{"name":"Annie Carriage","@id":"https:\/\/www.budokampsport.se\/#\/schema\/person\/c838cace8171f692e363fde3f38f208b"},"headline":"Ewin Ates \u00e5ker till World Games med siktet inst\u00e4llt p\u00e5 guld","datePublished":"2022-07-08T08:28:36+00:00","mainEntityOfPage":{"@id":"https:\/\/www.budokampsport.se\/2022\/07\/08\/ewin-ates-aker-till-world-games-med-siktet-installt-pa-guld\/"},"wordCount":459,"commentCount":0,"image":{"@id":"https:\/\/www.budokampsport.se\/2022\/07\/08\/ewin-ates-aker-till-world-games-med-siktet-installt-pa-guld\/#primaryimage"},"thumbnailUrl":"https:\/\/www.budokampsport.se\/wp-content\/uploads\/2022\/06\/ew.jpg","articleSection":["Elit"],"inLanguage":"sv-SE","potentialAction":[{"@type":"CommentAction","name":"Comment","target":["https:\/\/www.budokampsport.se\/2022\/07\/08\/ewin-ates-aker-till-world-games-med-siktet-installt-pa-guld\/#respond"]}]},{"@type":"WebPage","@id":"https:\/\/www.budokampsport.se\/2022\/07\/08\/ewin-ates-aker-till-world-games-med-siktet-installt-pa-guld\/","url":"https:\/\/www.budokampsport.se\/2022\/07\/08\/ewin-ates-aker-till-world-games-med-siktet-installt-pa-guld\/","name":"Ewin Ates \u00e5ker till World Games med siktet inst\u00e4llt p\u00e5 guld - Svenska Budo &amp; Kampsportsf\u00f6rbundet","isPartOf":{"@id":"https:\/\/www.budokampsport.se\/#website"},"primaryImageOfPage":{"@id":"https:\/\/www.budokampsport.se\/2022\/07\/08\/ewin-ates-aker-till-world-games-med-siktet-installt-pa-guld\/#primaryimage"},"image":{"@id":"https:\/\/www.budokampsport.se\/2022\/07\/08\/ewin-ates-aker-till-world-games-med-siktet-installt-pa-guld\/#primaryimage"},"thumbnailUrl":"https:\/\/www.budokampsport.se\/wp-content\/uploads\/2022\/06\/ew.jpg","datePublished":"2022-07-08T08:28:36+00:00","author":{"@id":"https:\/\/www.budokampsport.se\/#\/schema\/person\/c838cace8171f692e363fde3f38f208b"},"description":"WORLD GAMES. Ig\u00e5r inleddes World Games, en t\u00e4vling som g\u00e5r av stapeln vart fj\u00e4rde \u00e5r och som i \u00e5r avg\u00f6rs i Birmingham, USA. Fr\u00e5n Sverige \u00e4r det fem som har kvalificerat sig och en av dessa \u00e4r thaiboxaren Ewin Ates. (Foto: Privat)","breadcrumb":{"@id":"https:\/\/www.budokampsport.se\/2022\/07\/08\/ewin-ates-aker-till-world-games-med-siktet-installt-pa-guld\/#breadcrumb"},"inLanguage":"sv-SE","potentialAction":[{"@type":"ReadAction","target":["https:\/\/www.budokampsport.se\/2022\/07\/08\/ewin-ates-aker-till-world-games-med-siktet-installt-pa-guld\/"]}]},{"@type":"ImageObject","inLanguage":"sv-SE","@id":"https:\/\/www.budokampsport.se\/2022\/07\/08\/ewin-ates-aker-till-world-games-med-siktet-installt-pa-guld\/#primaryimage","url":"https:\/\/www.budokampsport.se\/wp-content\/uploads\/2022\/06\/ew.jpg","contentUrl":"https:\/\/www.budokampsport.se\/wp-content\/uploads\/2022\/06\/ew.jpg","width":704,"height":527,"caption":"Foto: Privat"},{"@type":"BreadcrumbList","@id":"https:\/\/www.budokampsport.se\/2022\/07\/08\/ewin-ates-aker-till-world-games-med-siktet-installt-pa-guld\/#breadcrumb","itemListElement":[{"@type":"ListItem","position":1,"name":"Hem","item":"https:\/\/www.budokampsport.se\/"},{"@type":"ListItem","position":2,"name":"Ewin Ates \u00e5ker till World Games med siktet inst\u00e4llt p\u00e5 guld"}]},{"@type":"WebSite","@id":"https:\/\/www.budokampsport.se\/#website","url":"https:\/\/www.budokampsport.se\/","name":"Svenska Budo &amp; Kampsportsf\u00f6rbundet","description":"T\u00e4vling, Tr\u00e4ning, Tradition","potentialAction":[{"@type":"SearchAction","target":{"@type":"EntryPoint","urlTemplate":"https:\/\/www.budokampsport.se\/?s={search_term_string}"},"query-input":{"@type":"PropertyValueSpecification","valueRequired":true,"valueName":"search_term_string"}}],"inLanguage":"sv-SE"},{"@type":"Person","@id":"https:\/\/www.budokampsport.se\/#\/schema\/person\/c838cace8171f692e363fde3f38f208b","name":"Annie Carriage","image":{"@type":"ImageObject","inLanguage":"sv-SE","@id":"https:\/\/www.budokampsport.se\/#\/schema\/person\/image\/","url":"https:\/\/secure.gravatar.com\/avatar\/9311295560bdfbdf78365a26f7df1876?s=96&d=blank&r=g","contentUrl":"https:\/\/secure.gravatar.com\/avatar\/9311295560bdfbdf78365a26f7df1876?s=96&d=blank&r=g","caption":"Annie Carriage"},"url":"https:\/\/www.budokampsport.se\/author\/annie-bondefelt\/"}]}},"_links":{"self":[{"href":"https:\/\/www.budokampsport.se\/api\/wp\/v2\/posts\/140326","targetHints":{"allow":["GET"]}}],"collection":[{"href":"https:\/\/www.budokampsport.se\/api\/wp\/v2\/posts"}],"about":[{"href":"https:\/\/www.budokampsport.se\/api\/wp\/v2\/types\/post"}],"author":[{"embeddable":true,"href":"https:\/\/www.budokampsport.se\/api\/wp\/v2\/users\/120"}],"replies":[{"embeddable":true,"href":"https:\/\/www.budokampsport.se\/api\/wp\/v2\/comments?post=140326"}],"version-history":[{"count":0,"href":"https:\/\/www.budokampsport.se\/api\/wp\/v2\/posts\/140326\/revisions"}],"wp:featuredmedia":[{"embeddable":true,"href":"https:\/\/www.budokampsport.se\/api\/wp\/v2\/media\/140328"}],"wp:attachment":[{"href":"https:\/\/www.budokampsport.se\/api\/wp\/v2\/media?parent=140326"}],"wp:term":[{"taxonomy":"category","embeddable":true,"href":"https:\/\/www.budokampsport.se\/api\/wp\/v2\/categories?post=140326"},{"taxonomy":"post_tag","embeddable":true,"href":"https:\/\/www.budokampsport.se\/api\/wp\/v2\/tags?post=140326"}],"curies":[{"name":"wp","href":"https:\/\/api.w.org\/{rel}","templated":true}]}}