{"id":140342,"date":"2022-07-13T09:00:24","date_gmt":"2022-07-13T07:00:24","guid":{"rendered":"https:\/\/www.budokampsport.se\/?p=140342"},"modified":"2022-07-15T19:23:24","modified_gmt":"2022-07-15T17:23:24","slug":"riksidrottsforbundet-introducerar-idrottsbrevladan","status":"publish","type":"post","link":"https:\/\/www.budokampsport.se\/2022\/07\/13\/riksidrottsforbundet-introducerar-idrottsbrevladan\/","title":{"rendered":"Riksidrottsf\u00f6rbundet introducerar Idrottsbrevl\u00e5dan"},"content":{"rendered":"<p>Idrottsbrevl\u00e5dan har tagits fram i ett samarbete mellan Riksidrottsf\u00f6rbundet och <a href=\"https:\/\/kivra.se\/sv\/om-oss\/press\/kivra-och-riksidrottsforbundet-lanserar-idrottsbrevladan-3175550\" target=\"_blank\" rel=\"noopener\">Kivra<\/a> med syftet att skapa b\u00e4ttre kommunikationsf\u00f6ruts\u00e4ttningar f\u00f6r idrottsf\u00f6rbund, f\u00f6reningar och medlemmar samt lagringsyta f\u00f6r viktig information. Brevl\u00e5dan \u00e4r en kostnadsfri tj\u00e4nst och \u00e4r knuten till respektive verksamhet i st\u00e4llet f\u00f6r exempelvis mailadresser som ofta g\u00e5r till enskilda personer och riskerar att bli inaktuella.<\/p>\n<p>Idrottsf\u00f6reningar kan nu aktivera Idrottsbrevl\u00e5dan f\u00f6r att kunna ta emot digital post inom idrottsr\u00f6relsen.<\/p>\n<p>L\u00e4s mer om Idrottsbrevl\u00e5dan och hur den aktiveras p\u00e5 <a href=\"https:\/\/www.rf.se\/RFarbetarmed\/Samarbetspartners\/idrottsbrevlada\/\" target=\"_blank\" rel=\"noopener\">RF:s hemsida<\/a>.<\/p>\n<p>Text: Annie Bondefelt<\/p>\n","protected":false},"excerpt":{"rendered":"<p>SB&#038;K. Nu kan f\u00f6reningar aktivera Idrottsbrevl\u00e5dan f\u00f6r att ta emot digital post samt f\u00e5 lagringsyta f\u00f6r viktig information.<br \/><br>(Foto: Mathias Bergeld\/Bildbyr\u00e5n)<\/p><br>","protected":false},"author":120,"featured_media":140347,"comment_status":"open","ping_status":"open","sticky":false,"template":"","format":"standard","meta":{"_acf_changed":false,"footnotes":""},"categories":[481],"tags":[],"class_list":["post-140342","post","type-post","status-publish","format-standard","has-post-thumbnail","hentry","category-forening"],"acf":[],"yoast_head":"<!-- This site is optimized with the Yoast SEO plugin v26.8 - https:\/\/yoast.com\/product\/yoast-seo-wordpress\/ -->\n<title>Riksidrottsf\u00f6rbundet introducerar Idrottsbrevl\u00e5dan - Svenska Budo &amp; Kampsportsf\u00f6rbundet<\/title>\n<meta name=\"description\" content=\"SB&amp;K. Nu kan f\u00f6reningar aktivera Idrottsbrevl\u00e5dan f\u00f6r att ta emot digital post samt f\u00e5 lagringsyta f\u00f6r viktig information. (Foto: Mathias Bergeld\/Bildbyr\u00e5n)\" \/>\n<meta name=\"robots\" content=\"index, follow, max-snippet:-1, max-image-preview:large, max-video-preview:-1\" \/>\n<link rel=\"canonical\" href=\"https:\/\/www.budokampsport.se\/2022\/07\/13\/riksidrottsforbundet-introducerar-idrottsbrevladan\/\" \/>\n<meta property=\"og:locale\" content=\"sv_SE\" \/>\n<meta property=\"og:type\" content=\"article\" \/>\n<meta property=\"og:title\" content=\"Riksidrottsf\u00f6rbundet introducerar Idrottsbrevl\u00e5dan - Svenska Budo &amp; Kampsportsf\u00f6rbundet\" \/>\n<meta property=\"og:description\" content=\"SB&amp;K. Nu kan f\u00f6reningar aktivera Idrottsbrevl\u00e5dan f\u00f6r att ta emot digital post samt f\u00e5 lagringsyta f\u00f6r viktig information. (Foto: Mathias Bergeld\/Bildbyr\u00e5n)\" \/>\n<meta property=\"og:url\" content=\"https:\/\/www.budokampsport.se\/2022\/07\/13\/riksidrottsforbundet-introducerar-idrottsbrevladan\/\" \/>\n<meta property=\"og:site_name\" content=\"Svenska Budo &amp; Kampsportsf\u00f6rbundet\" \/>\n<meta property=\"article:published_time\" content=\"2022-07-13T07:00:24+00:00\" \/>\n<meta property=\"article:modified_time\" content=\"2022-07-15T17:23:24+00:00\" \/>\n<meta property=\"og:image\" content=\"https:\/\/www.budokampsport.se\/wp-content\/uploads\/2022\/06\/kivra-bid.jpg\" \/>\n\t<meta property=\"og:image:width\" content=\"850\" \/>\n\t<meta property=\"og:image:height\" content=\"567\" \/>\n\t<meta property=\"og:image:type\" content=\"image\/jpeg\" \/>\n<meta name=\"author\" content=\"Annie Carriage\" \/>\n<meta name=\"twitter:card\" content=\"summary_large_image\" \/>\n<meta name=\"twitter:label1\" content=\"Skriven av\" \/>\n\t<meta name=\"twitter:data1\" content=\"Annie Carriage\" \/>\n\t<meta name=\"twitter:label2\" content=\"Ber\u00e4knad l\u00e4stid\" \/>\n\t<meta name=\"twitter:data2\" content=\"1 minut\" \/>\n<script type=\"application\/ld+json\" class=\"yoast-schema-graph\">{\"@context\":\"https:\/\/schema.org\",\"@graph\":[{\"@type\":\"Article\",\"@id\":\"https:\/\/www.budokampsport.se\/2022\/07\/13\/riksidrottsforbundet-introducerar-idrottsbrevladan\/#article\",\"isPartOf\":{\"@id\":\"https:\/\/www.budokampsport.se\/2022\/07\/13\/riksidrottsforbundet-introducerar-idrottsbrevladan\/\"},\"author\":{\"name\":\"Annie Carriage\",\"@id\":\"https:\/\/www.budokampsport.se\/#\/schema\/person\/c838cace8171f692e363fde3f38f208b\"},\"headline\":\"Riksidrottsf\u00f6rbundet introducerar Idrottsbrevl\u00e5dan\",\"datePublished\":\"2022-07-13T07:00:24+00:00\",\"dateModified\":\"2022-07-15T17:23:24+00:00\",\"mainEntityOfPage\":{\"@id\":\"https:\/\/www.budokampsport.se\/2022\/07\/13\/riksidrottsforbundet-introducerar-idrottsbrevladan\/\"},\"wordCount\":108,\"commentCount\":0,\"image\":{\"@id\":\"https:\/\/www.budokampsport.se\/2022\/07\/13\/riksidrottsforbundet-introducerar-idrottsbrevladan\/#primaryimage\"},\"thumbnailUrl\":\"https:\/\/www.budokampsport.se\/wp-content\/uploads\/2022\/06\/kivra-bid.jpg\",\"articleSection\":[\"F\u00f6rening\"],\"inLanguage\":\"sv-SE\",\"potentialAction\":[{\"@type\":\"CommentAction\",\"name\":\"Comment\",\"target\":[\"https:\/\/www.budokampsport.se\/2022\/07\/13\/riksidrottsforbundet-introducerar-idrottsbrevladan\/#respond\"]}]},{\"@type\":\"WebPage\",\"@id\":\"https:\/\/www.budokampsport.se\/2022\/07\/13\/riksidrottsforbundet-introducerar-idrottsbrevladan\/\",\"url\":\"https:\/\/www.budokampsport.se\/2022\/07\/13\/riksidrottsforbundet-introducerar-idrottsbrevladan\/\",\"name\":\"Riksidrottsf\u00f6rbundet introducerar Idrottsbrevl\u00e5dan - Svenska Budo &amp; Kampsportsf\u00f6rbundet\",\"isPartOf\":{\"@id\":\"https:\/\/www.budokampsport.se\/#website\"},\"primaryImageOfPage\":{\"@id\":\"https:\/\/www.budokampsport.se\/2022\/07\/13\/riksidrottsforbundet-introducerar-idrottsbrevladan\/#primaryimage\"},\"image\":{\"@id\":\"https:\/\/www.budokampsport.se\/2022\/07\/13\/riksidrottsforbundet-introducerar-idrottsbrevladan\/#primaryimage\"},\"thumbnailUrl\":\"https:\/\/www.budokampsport.se\/wp-content\/uploads\/2022\/06\/kivra-bid.jpg\",\"datePublished\":\"2022-07-13T07:00:24+00:00\",\"dateModified\":\"2022-07-15T17:23:24+00:00\",\"author\":{\"@id\":\"https:\/\/www.budokampsport.se\/#\/schema\/person\/c838cace8171f692e363fde3f38f208b\"},\"description\":\"SB&K. Nu kan f\u00f6reningar aktivera Idrottsbrevl\u00e5dan f\u00f6r att ta emot digital post samt f\u00e5 lagringsyta f\u00f6r viktig information. (Foto: Mathias Bergeld\/Bildbyr\u00e5n)\",\"breadcrumb\":{\"@id\":\"https:\/\/www.budokampsport.se\/2022\/07\/13\/riksidrottsforbundet-introducerar-idrottsbrevladan\/#breadcrumb\"},\"inLanguage\":\"sv-SE\",\"potentialAction\":[{\"@type\":\"ReadAction\",\"target\":[\"https:\/\/www.budokampsport.se\/2022\/07\/13\/riksidrottsforbundet-introducerar-idrottsbrevladan\/\"]}]},{\"@type\":\"ImageObject\",\"inLanguage\":\"sv-SE\",\"@id\":\"https:\/\/www.budokampsport.se\/2022\/07\/13\/riksidrottsforbundet-introducerar-idrottsbrevladan\/#primaryimage\",\"url\":\"https:\/\/www.budokampsport.se\/wp-content\/uploads\/2022\/06\/kivra-bid.jpg\",\"contentUrl\":\"https:\/\/www.budokampsport.se\/wp-content\/uploads\/2022\/06\/kivra-bid.jpg\",\"width\":850,\"height\":567,\"caption\":\"Foto: MATHIAS BERGELD \/ BILDBYR\u00c5N \/ Cop 200\"},{\"@type\":\"BreadcrumbList\",\"@id\":\"https:\/\/www.budokampsport.se\/2022\/07\/13\/riksidrottsforbundet-introducerar-idrottsbrevladan\/#breadcrumb\",\"itemListElement\":[{\"@type\":\"ListItem\",\"position\":1,\"name\":\"Hem\",\"item\":\"https:\/\/www.budokampsport.se\/\"},{\"@type\":\"ListItem\",\"position\":2,\"name\":\"Riksidrottsf\u00f6rbundet introducerar Idrottsbrevl\u00e5dan\"}]},{\"@type\":\"WebSite\",\"@id\":\"https:\/\/www.budokampsport.se\/#website\",\"url\":\"https:\/\/www.budokampsport.se\/\",\"name\":\"Svenska Budo &amp; Kampsportsf\u00f6rbundet\",\"description\":\"T\u00e4vling, Tr\u00e4ning, Tradition\",\"potentialAction\":[{\"@type\":\"SearchAction\",\"target\":{\"@type\":\"EntryPoint\",\"urlTemplate\":\"https:\/\/www.budokampsport.se\/?s={search_term_string}\"},\"query-input\":{\"@type\":\"PropertyValueSpecification\",\"valueRequired\":true,\"valueName\":\"search_term_string\"}}],\"inLanguage\":\"sv-SE\"},{\"@type\":\"Person\",\"@id\":\"https:\/\/www.budokampsport.se\/#\/schema\/person\/c838cace8171f692e363fde3f38f208b\",\"name\":\"Annie Carriage\",\"image\":{\"@type\":\"ImageObject\",\"inLanguage\":\"sv-SE\",\"@id\":\"https:\/\/www.budokampsport.se\/#\/schema\/person\/image\/\",\"url\":\"https:\/\/secure.gravatar.com\/avatar\/9311295560bdfbdf78365a26f7df1876?s=96&d=blank&r=g\",\"contentUrl\":\"https:\/\/secure.gravatar.com\/avatar\/9311295560bdfbdf78365a26f7df1876?s=96&d=blank&r=g\",\"caption\":\"Annie Carriage\"},\"url\":\"https:\/\/www.budokampsport.se\/author\/annie-bondefelt\/\"}]}<\/script>\n<!-- \/ Yoast SEO plugin. -->","yoast_head_json":{"title":"Riksidrottsf\u00f6rbundet introducerar Idrottsbrevl\u00e5dan - Svenska Budo &amp; Kampsportsf\u00f6rbundet","description":"SB&K. Nu kan f\u00f6reningar aktivera Idrottsbrevl\u00e5dan f\u00f6r att ta emot digital post samt f\u00e5 lagringsyta f\u00f6r viktig information. (Foto: Mathias Bergeld\/Bildbyr\u00e5n)","robots":{"index":"index","follow":"follow","max-snippet":"max-snippet:-1","max-image-preview":"max-image-preview:large","max-video-preview":"max-video-preview:-1"},"canonical":"https:\/\/www.budokampsport.se\/2022\/07\/13\/riksidrottsforbundet-introducerar-idrottsbrevladan\/","og_locale":"sv_SE","og_type":"article","og_title":"Riksidrottsf\u00f6rbundet introducerar Idrottsbrevl\u00e5dan - Svenska Budo &amp; Kampsportsf\u00f6rbundet","og_description":"SB&K. Nu kan f\u00f6reningar aktivera Idrottsbrevl\u00e5dan f\u00f6r att ta emot digital post samt f\u00e5 lagringsyta f\u00f6r viktig information. (Foto: Mathias Bergeld\/Bildbyr\u00e5n)","og_url":"https:\/\/www.budokampsport.se\/2022\/07\/13\/riksidrottsforbundet-introducerar-idrottsbrevladan\/","og_site_name":"Svenska Budo &amp; Kampsportsf\u00f6rbundet","article_published_time":"2022-07-13T07:00:24+00:00","article_modified_time":"2022-07-15T17:23:24+00:00","og_image":[{"width":850,"height":567,"url":"https:\/\/www.budokampsport.se\/wp-content\/uploads\/2022\/06\/kivra-bid.jpg","type":"image\/jpeg"}],"author":"Annie Carriage","twitter_card":"summary_large_image","twitter_misc":{"Skriven av":"Annie Carriage","Ber\u00e4knad l\u00e4stid":"1 minut"},"schema":{"@context":"https:\/\/schema.org","@graph":[{"@type":"Article","@id":"https:\/\/www.budokampsport.se\/2022\/07\/13\/riksidrottsforbundet-introducerar-idrottsbrevladan\/#article","isPartOf":{"@id":"https:\/\/www.budokampsport.se\/2022\/07\/13\/riksidrottsforbundet-introducerar-idrottsbrevladan\/"},"author":{"name":"Annie Carriage","@id":"https:\/\/www.budokampsport.se\/#\/schema\/person\/c838cace8171f692e363fde3f38f208b"},"headline":"Riksidrottsf\u00f6rbundet introducerar Idrottsbrevl\u00e5dan","datePublished":"2022-07-13T07:00:24+00:00","dateModified":"2022-07-15T17:23:24+00:00","mainEntityOfPage":{"@id":"https:\/\/www.budokampsport.se\/2022\/07\/13\/riksidrottsforbundet-introducerar-idrottsbrevladan\/"},"wordCount":108,"commentCount":0,"image":{"@id":"https:\/\/www.budokampsport.se\/2022\/07\/13\/riksidrottsforbundet-introducerar-idrottsbrevladan\/#primaryimage"},"thumbnailUrl":"https:\/\/www.budokampsport.se\/wp-content\/uploads\/2022\/06\/kivra-bid.jpg","articleSection":["F\u00f6rening"],"inLanguage":"sv-SE","potentialAction":[{"@type":"CommentAction","name":"Comment","target":["https:\/\/www.budokampsport.se\/2022\/07\/13\/riksidrottsforbundet-introducerar-idrottsbrevladan\/#respond"]}]},{"@type":"WebPage","@id":"https:\/\/www.budokampsport.se\/2022\/07\/13\/riksidrottsforbundet-introducerar-idrottsbrevladan\/","url":"https:\/\/www.budokampsport.se\/2022\/07\/13\/riksidrottsforbundet-introducerar-idrottsbrevladan\/","name":"Riksidrottsf\u00f6rbundet introducerar Idrottsbrevl\u00e5dan - Svenska Budo &amp; Kampsportsf\u00f6rbundet","isPartOf":{"@id":"https:\/\/www.budokampsport.se\/#website"},"primaryImageOfPage":{"@id":"https:\/\/www.budokampsport.se\/2022\/07\/13\/riksidrottsforbundet-introducerar-idrottsbrevladan\/#primaryimage"},"image":{"@id":"https:\/\/www.budokampsport.se\/2022\/07\/13\/riksidrottsforbundet-introducerar-idrottsbrevladan\/#primaryimage"},"thumbnailUrl":"https:\/\/www.budokampsport.se\/wp-content\/uploads\/2022\/06\/kivra-bid.jpg","datePublished":"2022-07-13T07:00:24+00:00","dateModified":"2022-07-15T17:23:24+00:00","author":{"@id":"https:\/\/www.budokampsport.se\/#\/schema\/person\/c838cace8171f692e363fde3f38f208b"},"description":"SB&K. Nu kan f\u00f6reningar aktivera Idrottsbrevl\u00e5dan f\u00f6r att ta emot digital post samt f\u00e5 lagringsyta f\u00f6r viktig information. (Foto: Mathias Bergeld\/Bildbyr\u00e5n)","breadcrumb":{"@id":"https:\/\/www.budokampsport.se\/2022\/07\/13\/riksidrottsforbundet-introducerar-idrottsbrevladan\/#breadcrumb"},"inLanguage":"sv-SE","potentialAction":[{"@type":"ReadAction","target":["https:\/\/www.budokampsport.se\/2022\/07\/13\/riksidrottsforbundet-introducerar-idrottsbrevladan\/"]}]},{"@type":"ImageObject","inLanguage":"sv-SE","@id":"https:\/\/www.budokampsport.se\/2022\/07\/13\/riksidrottsforbundet-introducerar-idrottsbrevladan\/#primaryimage","url":"https:\/\/www.budokampsport.se\/wp-content\/uploads\/2022\/06\/kivra-bid.jpg","contentUrl":"https:\/\/www.budokampsport.se\/wp-content\/uploads\/2022\/06\/kivra-bid.jpg","width":850,"height":567,"caption":"Foto: MATHIAS BERGELD \/ BILDBYR\u00c5N \/ Cop 200"},{"@type":"BreadcrumbList","@id":"https:\/\/www.budokampsport.se\/2022\/07\/13\/riksidrottsforbundet-introducerar-idrottsbrevladan\/#breadcrumb","itemListElement":[{"@type":"ListItem","position":1,"name":"Hem","item":"https:\/\/www.budokampsport.se\/"},{"@type":"ListItem","position":2,"name":"Riksidrottsf\u00f6rbundet introducerar Idrottsbrevl\u00e5dan"}]},{"@type":"WebSite","@id":"https:\/\/www.budokampsport.se\/#website","url":"https:\/\/www.budokampsport.se\/","name":"Svenska Budo &amp; Kampsportsf\u00f6rbundet","description":"T\u00e4vling, Tr\u00e4ning, Tradition","potentialAction":[{"@type":"SearchAction","target":{"@type":"EntryPoint","urlTemplate":"https:\/\/www.budokampsport.se\/?s={search_term_string}"},"query-input":{"@type":"PropertyValueSpecification","valueRequired":true,"valueName":"search_term_string"}}],"inLanguage":"sv-SE"},{"@type":"Person","@id":"https:\/\/www.budokampsport.se\/#\/schema\/person\/c838cace8171f692e363fde3f38f208b","name":"Annie Carriage","image":{"@type":"ImageObject","inLanguage":"sv-SE","@id":"https:\/\/www.budokampsport.se\/#\/schema\/person\/image\/","url":"https:\/\/secure.gravatar.com\/avatar\/9311295560bdfbdf78365a26f7df1876?s=96&d=blank&r=g","contentUrl":"https:\/\/secure.gravatar.com\/avatar\/9311295560bdfbdf78365a26f7df1876?s=96&d=blank&r=g","caption":"Annie Carriage"},"url":"https:\/\/www.budokampsport.se\/author\/annie-bondefelt\/"}]}},"_links":{"self":[{"href":"https:\/\/www.budokampsport.se\/api\/wp\/v2\/posts\/140342","targetHints":{"allow":["GET"]}}],"collection":[{"href":"https:\/\/www.budokampsport.se\/api\/wp\/v2\/posts"}],"about":[{"href":"https:\/\/www.budokampsport.se\/api\/wp\/v2\/types\/post"}],"author":[{"embeddable":true,"href":"https:\/\/www.budokampsport.se\/api\/wp\/v2\/users\/120"}],"replies":[{"embeddable":true,"href":"https:\/\/www.budokampsport.se\/api\/wp\/v2\/comments?post=140342"}],"version-history":[{"count":0,"href":"https:\/\/www.budokampsport.se\/api\/wp\/v2\/posts\/140342\/revisions"}],"wp:featuredmedia":[{"embeddable":true,"href":"https:\/\/www.budokampsport.se\/api\/wp\/v2\/media\/140347"}],"wp:attachment":[{"href":"https:\/\/www.budokampsport.se\/api\/wp\/v2\/media?parent=140342"}],"wp:term":[{"taxonomy":"category","embeddable":true,"href":"https:\/\/www.budokampsport.se\/api\/wp\/v2\/categories?post=140342"},{"taxonomy":"post_tag","embeddable":true,"href":"https:\/\/www.budokampsport.se\/api\/wp\/v2\/tags?post=140342"}],"curies":[{"name":"wp","href":"https:\/\/api.w.org\/{rel}","templated":true}]}}