{"id":140430,"date":"2022-07-06T13:26:37","date_gmt":"2022-07-06T11:26:37","guid":{"rendered":"https:\/\/www.budokampsport.se\/?p=140430"},"modified":"2022-07-06T13:26:37","modified_gmt":"2022-07-06T11:26:37","slug":"beviljat-aterstartsstod-3","status":"publish","type":"post","link":"https:\/\/www.budokampsport.se\/2022\/07\/06\/beviljat-aterstartsstod-3\/","title":{"rendered":"Beviljat \u00e5terstartsst\u00f6d 3"},"content":{"rendered":"<p>\u00c5terstartsst\u00f6det ska ses som ett fram\u00e5triktat st\u00f6d som ska bidra till att idrottsr\u00f6relsen st\u00e5r sig fortsatt stark efter att pandemin sl\u00e4ppt sitt tag. Det ska inte f\u00f6rv\u00e4xlas med kompensationsst\u00f6det d\u00e5 \u00e5terstartsst\u00f6det inte syftar till att ekonomiskt kompensera f\u00f6reningar f\u00f6r negativa ekonomiska konsekvenser som uppst\u00e5tt.\u00a0<\/p>\n<h2>Beviljat \u00c5terstartsst\u00f6d 3<\/h2>\n<p>St\u00f6det till SB&amp;K centralt har efter beslut fr\u00e5n f\u00f6rbundsstyrelsen \u00f6ronm\u00e4rkts enligt f\u00f6ljande:<\/p>\n<p>\u2022 678 000 &#8211; Avgiftsfria tr\u00e4narutbildningar, med styrning f\u00f6r att \u00f6ka m\u00e5ngfalden bland tr\u00e4nare.<\/p>\n<p>\u2022 750 000 &#8211; Bygga en f\u00f6reningsportal &#8220;min sida&#8221; f\u00f6r varje f\u00f6rening och f\u00f6rhoppningsvis kunna koppla ihop den med IdrottOnline.<\/p>\n<p>\u2022 500 000 &#8211; Skapa digitala utbildningar i Idrottens utbildningsplattform, IUP, f\u00f6r underf\u00f6rbunden.<\/p>\n<p>\u2022 150 000 &#8211; Kartl\u00e4ggning kring m\u00e5ngfald i v\u00e5ra f\u00f6reningar.<\/p>\n<p>\u2022 500 000 &#8211; Kampsport f\u00f6r fler.<\/p>\n<p>\u2022 200 000 &#8211; Marknadsf\u00f6ring, belysa de positiva aspekterna med kampsport.<\/p>\n<p>\u2022 100 000 &#8211; Utbilda projektledare p\u00e5 IF f\u00f6r kampsportsskolan.<\/p>\n<p>Efter ans\u00f6kningarna har behandlats har \u00e4ven st\u00f6d beviljats till distrikt och UF.<\/p>\n<p><strong>Underf\u00f6rbund<\/strong><\/p>\n<table style=\"border-collapse: collapse; width: 100%; height: 264px;\">\n<tbody>\n<tr style=\"height: 24px;\">\n<td style=\"height: 24px; width: 80%;\" width=\"269\">Muay Thai<\/td>\n<td style=\"text-align: right; height: 24px; width: 20%;\">708 000 kr<\/td>\n<\/tr>\n<tr style=\"height: 24px;\">\n<td style=\"height: 24px; width: 80%;\" width=\"269\">Taido\u00a0<\/td>\n<td style=\"text-align: right; height: 24px; width: 20%;\">250 000 kr<\/td>\n<\/tr>\n<tr style=\"height: 24px;\">\n<td style=\"height: 24px; width: 80%;\" width=\"269\">Kyokushin<\/td>\n<td style=\"text-align: right; height: 24px; width: 20%;\">113 000 kr<\/td>\n<\/tr>\n<tr style=\"height: 24px;\">\n<td style=\"height: 24px; width: 80%;\" width=\"269\">Kickboxning<\/td>\n<td style=\"text-align: right; height: 24px; width: 20%;\" width=\"64\">120 000 kr<\/td>\n<\/tr>\n<tr style=\"height: 24px;\">\n<td style=\"height: 24px; width: 80%;\" width=\"269\">Wushu<\/td>\n<td style=\"text-align: right; height: 24px; width: 20%;\">600 000 kr<\/td>\n<\/tr>\n<tr style=\"height: 24px;\">\n<td style=\"height: 24px; width: 80%;\" width=\"269\">BJJ<\/td>\n<td style=\"text-align: right; height: 24px; width: 20%;\">100 000 kr<\/td>\n<\/tr>\n<tr style=\"height: 24px;\">\n<td style=\"height: 24px; width: 80%;\" width=\"269\">Aikido<\/td>\n<td style=\"text-align: right; height: 24px; width: 20%;\">265 000 kr<\/td>\n<\/tr>\n<tr style=\"height: 24px;\">\n<td style=\"height: 24px; width: 80%;\" width=\"269\">Allstyle<\/td>\n<td style=\"text-align: right; height: 24px; width: 20%;\">330 000 kr<\/td>\n<\/tr>\n<\/tbody>\n<\/table>\n<p><strong><br \/>\nDistrikt<\/strong><\/p>\n<table style=\"border-collapse: collapse; width: 100%; height: 10px;\">\n<tbody>\n<tr style=\"height: 24px;\">\n<td style=\"height: 10px; width: 74.6919%;\" width=\"269\">Distrikt Stockholm<\/td>\n<td style=\"text-align: right; height: 10px; width: 25.3081%;\" width=\"64\">1 100 000 kr<\/td>\n<\/tr>\n<\/tbody>\n<\/table>\n<p><strong><br \/>\nF\u00f6reningar<\/p>\n<p><\/strong>F\u00f6reningar som \u00e4nnu inte s\u00f6kt \u00c5terstartst\u00f6d eller inte uppn\u00e5tt 50 000 i beviljat bidrag fr\u00e5n \u00c5terstartst\u00f6d 1+2 \u00e4r v\u00e4lkomna att ans\u00f6ka. L\u00e4s mer hur ni ans\u00f6ker p\u00e5 undersidan <a href=\"https:\/\/www.budokampsport.se\/klubb\/bidrag\/aterstartsstodif\/\" target=\"_blank\" rel=\"noopener\">\u00c5terstartsst\u00f6d IF<\/a>.<\/p>\n<p>Text: Annie Bondefelt<\/p>\n","protected":false},"excerpt":{"rendered":"<p>BIDRAG. Ytterligare \u00e5terstartst\u00f6d har nu blivit beviljat till SB&#038;K, underf\u00f6rbund och distrikt.<br \/><br>(Foto: Mathias Bergeld\/Bildbyr\u00e5n)<\/p><br>","protected":false},"author":120,"featured_media":125371,"comment_status":"open","ping_status":"open","sticky":false,"template":"","format":"standard","meta":{"_acf_changed":false,"footnotes":""},"categories":[481,273],"tags":[],"class_list":["post-140430","post","type-post","status-publish","format-standard","has-post-thumbnail","hentry","category-forening","category-utbildning"],"acf":[],"yoast_head":"<!-- This site is optimized with the Yoast SEO plugin v26.8 - https:\/\/yoast.com\/product\/yoast-seo-wordpress\/ -->\n<title>Beviljat \u00e5terstartsst\u00f6d 3 - Svenska Budo &amp; Kampsportsf\u00f6rbundet<\/title>\n<meta name=\"description\" content=\"BIDRAG. Ytterligare \u00e5terstartst\u00f6d har nu blivit beviljat till SB&amp;K, underf\u00f6rbund och distrikt. (Foto: Mathias Bergeld\/Bildbyr\u00e5n)\" \/>\n<meta name=\"robots\" content=\"index, follow, max-snippet:-1, max-image-preview:large, max-video-preview:-1\" \/>\n<link rel=\"canonical\" href=\"https:\/\/www.budokampsport.se\/2022\/07\/06\/beviljat-aterstartsstod-3\/\" \/>\n<meta property=\"og:locale\" content=\"sv_SE\" \/>\n<meta property=\"og:type\" content=\"article\" \/>\n<meta property=\"og:title\" content=\"Beviljat \u00e5terstartsst\u00f6d 3 - Svenska Budo &amp; Kampsportsf\u00f6rbundet\" \/>\n<meta property=\"og:description\" content=\"BIDRAG. Ytterligare \u00e5terstartst\u00f6d har nu blivit beviljat till SB&amp;K, underf\u00f6rbund och distrikt. (Foto: Mathias Bergeld\/Bildbyr\u00e5n)\" \/>\n<meta property=\"og:url\" content=\"https:\/\/www.budokampsport.se\/2022\/07\/06\/beviljat-aterstartsstod-3\/\" \/>\n<meta property=\"og:site_name\" content=\"Svenska Budo &amp; Kampsportsf\u00f6rbundet\" \/>\n<meta property=\"article:published_time\" content=\"2022-07-06T11:26:37+00:00\" \/>\n<meta property=\"og:image\" content=\"https:\/\/www.budokampsport.se\/wp-content\/uploads\/2021\/04\/BB201123MB035-847px.jpg\" \/>\n\t<meta property=\"og:image:width\" content=\"847\" \/>\n\t<meta property=\"og:image:height\" content=\"549\" \/>\n\t<meta property=\"og:image:type\" content=\"image\/jpeg\" \/>\n<meta name=\"author\" content=\"Annie Carriage\" \/>\n<meta name=\"twitter:card\" content=\"summary_large_image\" \/>\n<meta name=\"twitter:label1\" content=\"Skriven av\" \/>\n\t<meta name=\"twitter:data1\" content=\"Annie Carriage\" \/>\n\t<meta name=\"twitter:label2\" content=\"Ber\u00e4knad l\u00e4stid\" \/>\n\t<meta name=\"twitter:data2\" content=\"1 minut\" \/>\n<script type=\"application\/ld+json\" class=\"yoast-schema-graph\">{\"@context\":\"https:\/\/schema.org\",\"@graph\":[{\"@type\":\"Article\",\"@id\":\"https:\/\/www.budokampsport.se\/2022\/07\/06\/beviljat-aterstartsstod-3\/#article\",\"isPartOf\":{\"@id\":\"https:\/\/www.budokampsport.se\/2022\/07\/06\/beviljat-aterstartsstod-3\/\"},\"author\":{\"name\":\"Annie Carriage\",\"@id\":\"https:\/\/www.budokampsport.se\/#\/schema\/person\/c838cace8171f692e363fde3f38f208b\"},\"headline\":\"Beviljat \u00e5terstartsst\u00f6d 3\",\"datePublished\":\"2022-07-06T11:26:37+00:00\",\"mainEntityOfPage\":{\"@id\":\"https:\/\/www.budokampsport.se\/2022\/07\/06\/beviljat-aterstartsstod-3\/\"},\"wordCount\":243,\"commentCount\":0,\"image\":{\"@id\":\"https:\/\/www.budokampsport.se\/2022\/07\/06\/beviljat-aterstartsstod-3\/#primaryimage\"},\"thumbnailUrl\":\"https:\/\/www.budokampsport.se\/wp-content\/uploads\/2021\/04\/BB201123MB035-847px.jpg\",\"articleSection\":[\"F\u00f6rening\",\"Utbildning\"],\"inLanguage\":\"sv-SE\",\"potentialAction\":[{\"@type\":\"CommentAction\",\"name\":\"Comment\",\"target\":[\"https:\/\/www.budokampsport.se\/2022\/07\/06\/beviljat-aterstartsstod-3\/#respond\"]}]},{\"@type\":\"WebPage\",\"@id\":\"https:\/\/www.budokampsport.se\/2022\/07\/06\/beviljat-aterstartsstod-3\/\",\"url\":\"https:\/\/www.budokampsport.se\/2022\/07\/06\/beviljat-aterstartsstod-3\/\",\"name\":\"Beviljat \u00e5terstartsst\u00f6d 3 - Svenska Budo &amp; Kampsportsf\u00f6rbundet\",\"isPartOf\":{\"@id\":\"https:\/\/www.budokampsport.se\/#website\"},\"primaryImageOfPage\":{\"@id\":\"https:\/\/www.budokampsport.se\/2022\/07\/06\/beviljat-aterstartsstod-3\/#primaryimage\"},\"image\":{\"@id\":\"https:\/\/www.budokampsport.se\/2022\/07\/06\/beviljat-aterstartsstod-3\/#primaryimage\"},\"thumbnailUrl\":\"https:\/\/www.budokampsport.se\/wp-content\/uploads\/2021\/04\/BB201123MB035-847px.jpg\",\"datePublished\":\"2022-07-06T11:26:37+00:00\",\"author\":{\"@id\":\"https:\/\/www.budokampsport.se\/#\/schema\/person\/c838cace8171f692e363fde3f38f208b\"},\"description\":\"BIDRAG. Ytterligare \u00e5terstartst\u00f6d har nu blivit beviljat till SB&K, underf\u00f6rbund och distrikt. (Foto: Mathias Bergeld\/Bildbyr\u00e5n)\",\"breadcrumb\":{\"@id\":\"https:\/\/www.budokampsport.se\/2022\/07\/06\/beviljat-aterstartsstod-3\/#breadcrumb\"},\"inLanguage\":\"sv-SE\",\"potentialAction\":[{\"@type\":\"ReadAction\",\"target\":[\"https:\/\/www.budokampsport.se\/2022\/07\/06\/beviljat-aterstartsstod-3\/\"]}]},{\"@type\":\"ImageObject\",\"inLanguage\":\"sv-SE\",\"@id\":\"https:\/\/www.budokampsport.se\/2022\/07\/06\/beviljat-aterstartsstod-3\/#primaryimage\",\"url\":\"https:\/\/www.budokampsport.se\/wp-content\/uploads\/2021\/04\/BB201123MB035-847px.jpg\",\"contentUrl\":\"https:\/\/www.budokampsport.se\/wp-content\/uploads\/2021\/04\/BB201123MB035-847px.jpg\",\"width\":847,\"height\":549,\"caption\":\"Foto: Mathias Bergeld \/ BILDBYR\u00c5N\"},{\"@type\":\"BreadcrumbList\",\"@id\":\"https:\/\/www.budokampsport.se\/2022\/07\/06\/beviljat-aterstartsstod-3\/#breadcrumb\",\"itemListElement\":[{\"@type\":\"ListItem\",\"position\":1,\"name\":\"Hem\",\"item\":\"https:\/\/www.budokampsport.se\/\"},{\"@type\":\"ListItem\",\"position\":2,\"name\":\"Beviljat \u00e5terstartsst\u00f6d 3\"}]},{\"@type\":\"WebSite\",\"@id\":\"https:\/\/www.budokampsport.se\/#website\",\"url\":\"https:\/\/www.budokampsport.se\/\",\"name\":\"Svenska Budo &amp; Kampsportsf\u00f6rbundet\",\"description\":\"T\u00e4vling, Tr\u00e4ning, Tradition\",\"potentialAction\":[{\"@type\":\"SearchAction\",\"target\":{\"@type\":\"EntryPoint\",\"urlTemplate\":\"https:\/\/www.budokampsport.se\/?s={search_term_string}\"},\"query-input\":{\"@type\":\"PropertyValueSpecification\",\"valueRequired\":true,\"valueName\":\"search_term_string\"}}],\"inLanguage\":\"sv-SE\"},{\"@type\":\"Person\",\"@id\":\"https:\/\/www.budokampsport.se\/#\/schema\/person\/c838cace8171f692e363fde3f38f208b\",\"name\":\"Annie Carriage\",\"image\":{\"@type\":\"ImageObject\",\"inLanguage\":\"sv-SE\",\"@id\":\"https:\/\/www.budokampsport.se\/#\/schema\/person\/image\/\",\"url\":\"https:\/\/secure.gravatar.com\/avatar\/9311295560bdfbdf78365a26f7df1876?s=96&d=blank&r=g\",\"contentUrl\":\"https:\/\/secure.gravatar.com\/avatar\/9311295560bdfbdf78365a26f7df1876?s=96&d=blank&r=g\",\"caption\":\"Annie Carriage\"},\"url\":\"https:\/\/www.budokampsport.se\/author\/annie-bondefelt\/\"}]}<\/script>\n<!-- \/ Yoast SEO plugin. -->","yoast_head_json":{"title":"Beviljat \u00e5terstartsst\u00f6d 3 - Svenska Budo &amp; Kampsportsf\u00f6rbundet","description":"BIDRAG. Ytterligare \u00e5terstartst\u00f6d har nu blivit beviljat till SB&K, underf\u00f6rbund och distrikt. (Foto: Mathias Bergeld\/Bildbyr\u00e5n)","robots":{"index":"index","follow":"follow","max-snippet":"max-snippet:-1","max-image-preview":"max-image-preview:large","max-video-preview":"max-video-preview:-1"},"canonical":"https:\/\/www.budokampsport.se\/2022\/07\/06\/beviljat-aterstartsstod-3\/","og_locale":"sv_SE","og_type":"article","og_title":"Beviljat \u00e5terstartsst\u00f6d 3 - Svenska Budo &amp; Kampsportsf\u00f6rbundet","og_description":"BIDRAG. Ytterligare \u00e5terstartst\u00f6d har nu blivit beviljat till SB&K, underf\u00f6rbund och distrikt. (Foto: Mathias Bergeld\/Bildbyr\u00e5n)","og_url":"https:\/\/www.budokampsport.se\/2022\/07\/06\/beviljat-aterstartsstod-3\/","og_site_name":"Svenska Budo &amp; Kampsportsf\u00f6rbundet","article_published_time":"2022-07-06T11:26:37+00:00","og_image":[{"width":847,"height":549,"url":"https:\/\/www.budokampsport.se\/wp-content\/uploads\/2021\/04\/BB201123MB035-847px.jpg","type":"image\/jpeg"}],"author":"Annie Carriage","twitter_card":"summary_large_image","twitter_misc":{"Skriven av":"Annie Carriage","Ber\u00e4knad l\u00e4stid":"1 minut"},"schema":{"@context":"https:\/\/schema.org","@graph":[{"@type":"Article","@id":"https:\/\/www.budokampsport.se\/2022\/07\/06\/beviljat-aterstartsstod-3\/#article","isPartOf":{"@id":"https:\/\/www.budokampsport.se\/2022\/07\/06\/beviljat-aterstartsstod-3\/"},"author":{"name":"Annie Carriage","@id":"https:\/\/www.budokampsport.se\/#\/schema\/person\/c838cace8171f692e363fde3f38f208b"},"headline":"Beviljat \u00e5terstartsst\u00f6d 3","datePublished":"2022-07-06T11:26:37+00:00","mainEntityOfPage":{"@id":"https:\/\/www.budokampsport.se\/2022\/07\/06\/beviljat-aterstartsstod-3\/"},"wordCount":243,"commentCount":0,"image":{"@id":"https:\/\/www.budokampsport.se\/2022\/07\/06\/beviljat-aterstartsstod-3\/#primaryimage"},"thumbnailUrl":"https:\/\/www.budokampsport.se\/wp-content\/uploads\/2021\/04\/BB201123MB035-847px.jpg","articleSection":["F\u00f6rening","Utbildning"],"inLanguage":"sv-SE","potentialAction":[{"@type":"CommentAction","name":"Comment","target":["https:\/\/www.budokampsport.se\/2022\/07\/06\/beviljat-aterstartsstod-3\/#respond"]}]},{"@type":"WebPage","@id":"https:\/\/www.budokampsport.se\/2022\/07\/06\/beviljat-aterstartsstod-3\/","url":"https:\/\/www.budokampsport.se\/2022\/07\/06\/beviljat-aterstartsstod-3\/","name":"Beviljat \u00e5terstartsst\u00f6d 3 - Svenska Budo &amp; Kampsportsf\u00f6rbundet","isPartOf":{"@id":"https:\/\/www.budokampsport.se\/#website"},"primaryImageOfPage":{"@id":"https:\/\/www.budokampsport.se\/2022\/07\/06\/beviljat-aterstartsstod-3\/#primaryimage"},"image":{"@id":"https:\/\/www.budokampsport.se\/2022\/07\/06\/beviljat-aterstartsstod-3\/#primaryimage"},"thumbnailUrl":"https:\/\/www.budokampsport.se\/wp-content\/uploads\/2021\/04\/BB201123MB035-847px.jpg","datePublished":"2022-07-06T11:26:37+00:00","author":{"@id":"https:\/\/www.budokampsport.se\/#\/schema\/person\/c838cace8171f692e363fde3f38f208b"},"description":"BIDRAG. Ytterligare \u00e5terstartst\u00f6d har nu blivit beviljat till SB&K, underf\u00f6rbund och distrikt. (Foto: Mathias Bergeld\/Bildbyr\u00e5n)","breadcrumb":{"@id":"https:\/\/www.budokampsport.se\/2022\/07\/06\/beviljat-aterstartsstod-3\/#breadcrumb"},"inLanguage":"sv-SE","potentialAction":[{"@type":"ReadAction","target":["https:\/\/www.budokampsport.se\/2022\/07\/06\/beviljat-aterstartsstod-3\/"]}]},{"@type":"ImageObject","inLanguage":"sv-SE","@id":"https:\/\/www.budokampsport.se\/2022\/07\/06\/beviljat-aterstartsstod-3\/#primaryimage","url":"https:\/\/www.budokampsport.se\/wp-content\/uploads\/2021\/04\/BB201123MB035-847px.jpg","contentUrl":"https:\/\/www.budokampsport.se\/wp-content\/uploads\/2021\/04\/BB201123MB035-847px.jpg","width":847,"height":549,"caption":"Foto: Mathias Bergeld \/ BILDBYR\u00c5N"},{"@type":"BreadcrumbList","@id":"https:\/\/www.budokampsport.se\/2022\/07\/06\/beviljat-aterstartsstod-3\/#breadcrumb","itemListElement":[{"@type":"ListItem","position":1,"name":"Hem","item":"https:\/\/www.budokampsport.se\/"},{"@type":"ListItem","position":2,"name":"Beviljat \u00e5terstartsst\u00f6d 3"}]},{"@type":"WebSite","@id":"https:\/\/www.budokampsport.se\/#website","url":"https:\/\/www.budokampsport.se\/","name":"Svenska Budo &amp; Kampsportsf\u00f6rbundet","description":"T\u00e4vling, Tr\u00e4ning, Tradition","potentialAction":[{"@type":"SearchAction","target":{"@type":"EntryPoint","urlTemplate":"https:\/\/www.budokampsport.se\/?s={search_term_string}"},"query-input":{"@type":"PropertyValueSpecification","valueRequired":true,"valueName":"search_term_string"}}],"inLanguage":"sv-SE"},{"@type":"Person","@id":"https:\/\/www.budokampsport.se\/#\/schema\/person\/c838cace8171f692e363fde3f38f208b","name":"Annie Carriage","image":{"@type":"ImageObject","inLanguage":"sv-SE","@id":"https:\/\/www.budokampsport.se\/#\/schema\/person\/image\/","url":"https:\/\/secure.gravatar.com\/avatar\/9311295560bdfbdf78365a26f7df1876?s=96&d=blank&r=g","contentUrl":"https:\/\/secure.gravatar.com\/avatar\/9311295560bdfbdf78365a26f7df1876?s=96&d=blank&r=g","caption":"Annie Carriage"},"url":"https:\/\/www.budokampsport.se\/author\/annie-bondefelt\/"}]}},"_links":{"self":[{"href":"https:\/\/www.budokampsport.se\/api\/wp\/v2\/posts\/140430","targetHints":{"allow":["GET"]}}],"collection":[{"href":"https:\/\/www.budokampsport.se\/api\/wp\/v2\/posts"}],"about":[{"href":"https:\/\/www.budokampsport.se\/api\/wp\/v2\/types\/post"}],"author":[{"embeddable":true,"href":"https:\/\/www.budokampsport.se\/api\/wp\/v2\/users\/120"}],"replies":[{"embeddable":true,"href":"https:\/\/www.budokampsport.se\/api\/wp\/v2\/comments?post=140430"}],"version-history":[{"count":0,"href":"https:\/\/www.budokampsport.se\/api\/wp\/v2\/posts\/140430\/revisions"}],"wp:featuredmedia":[{"embeddable":true,"href":"https:\/\/www.budokampsport.se\/api\/wp\/v2\/media\/125371"}],"wp:attachment":[{"href":"https:\/\/www.budokampsport.se\/api\/wp\/v2\/media?parent=140430"}],"wp:term":[{"taxonomy":"category","embeddable":true,"href":"https:\/\/www.budokampsport.se\/api\/wp\/v2\/categories?post=140430"},{"taxonomy":"post_tag","embeddable":true,"href":"https:\/\/www.budokampsport.se\/api\/wp\/v2\/tags?post=140430"}],"curies":[{"name":"wp","href":"https:\/\/api.w.org\/{rel}","templated":true}]}}