{"id":140480,"date":"2022-07-08T14:58:35","date_gmt":"2022-07-08T12:58:35","guid":{"rendered":"https:\/\/www.budokampsport.se\/?p=140480"},"modified":"2022-07-08T15:12:55","modified_gmt":"2022-07-08T13:12:55","slug":"kartlaggningar-kring-jamstalldhet-och-paraidrott","status":"publish","type":"post","link":"https:\/\/www.budokampsport.se\/2022\/07\/08\/kartlaggningar-kring-jamstalldhet-och-paraidrott\/","title":{"rendered":"Kartl\u00e4ggningar kring j\u00e4mst\u00e4lldhet och parasport"},"content":{"rendered":"<p><strong><span style=\"font-size: 14pt;\">Kartl\u00e4ggning j\u00e4mst\u00e4lldhet<\/span><\/p>\n<p><\/strong>I ett f\u00f6rs\u00f6k att s\u00e4kerst\u00e4lla de j\u00e4mst\u00e4lldhetsm\u00e5l Riksidrottsf\u00f6rbundet lyfter fram i <strong>Strategi 2025<\/strong>, och m\u00f6ta de kriterier som kommer ligga till grund f\u00f6r de finansiella st\u00f6den i framtiden, har f\u00f6rbundet tillsatt en arbetsgrupp f\u00f6r att unders\u00f6ka hur det ser ut bland v\u00e5ra medlemmar. <\/p>\n<p>Ett f\u00f6rsta steg var att kartl\u00e4gga nul\u00e4get, vilket genomf\u00f6rdes 2020. I b\u00f6rjan av 2021 presenterade arbetsgruppen ett f\u00f6rslag p\u00e5 hur vi som f\u00f6rbund kan forts\u00e4tta utvecklas. Bland annat lyftes att f\u00f6rbundet kan genomf\u00f6ra en \u00e5rlig j\u00e4mst\u00e4lldhetskartl\u00e4ggning. Enk\u00e4ten tar ca 5\u201310 minuter att fylla i och du som svarar \u00e4r helt anonym. <\/p>\n<p>Klicka <a href=\"https:\/\/response.questback.com\/svenskabudokampsportfrbundet\/dbj8pxqgrx\" target=\"_blank\" rel=\"noopener\">h\u00e4r<\/a> f\u00f6r att komma till enk\u00e4ten. Sista dag att svara p\u00e5 enk\u00e4ten \u00e4r 15 augusti. <\/p>\n<p><strong><span style=\"font-size: 14pt;\">Kartl\u00e4ggning parasport<\/span><br \/>\n<\/strong> <br \/>\nSB&amp;K vill att fler barn, unga och vuxna med funktionsneds\u00e4ttning f\u00e5r m\u00f6jlighet att testa p\u00e5 gl\u00e4djefylld fysisk aktivitet och uppleva kampsportens positiva effekter.<\/p>\n<p>Syftet med kartl\u00e4ggningen \u00e4r att f\u00e5 en \u00f6verblick \u00f6ver hur paraverksamheten i f\u00f6rbundet ser ut i dagsl\u00e4get. Enk\u00e4ten tar ca 5\u201310 minuter att fylla i och du som svarar \u00e4r helt anonym. <\/p>\n<p>Klicka <a href=\"https:\/\/response.questback.com\/svenskabudokampsportfrbundet\/4thfos0b4w\" target=\"_blank\" rel=\"noopener\">h\u00e4r<\/a> f\u00f6r att komma till enk\u00e4ten. Sista dag att svara p\u00e5 enk\u00e4ten \u00e4r 15 augusti.<\/p>\n<p><strong>L\u00e4s mer om SB&amp;K:s projekt:<\/strong><br \/>\n<a href=\"https:\/\/www.budokampsport.se\/forbund\/parasport\/\" target=\"_blank\" rel=\"noopener\">Parasport<\/a><br \/>\n<a href=\"https:\/\/www.budokampsport.se\/2022\/06\/22\/gabriella-ringblom-leder-ny-sbk-satsning\/\" target=\"_blank\" rel=\"noopener\">Kampsport f\u00f6r fler<\/a><br \/>\n<a href=\"https:\/\/www.budokampsport.se\/forbund\/50-50-pa-riktigt\/\" target=\"_blank\" rel=\"noopener\">50\/50. P\u00e5 riktigt.<\/a><\/p>\n<p>L\u00e4s mer om <a href=\"https:\/\/www.rf.se\/RFarbetarmed\/jamstalldhet\/jamstalldhetsmal\/\" target=\"_blank\" rel=\"noopener\">RF:s j\u00e4mst\u00e4lldhetsarbete i Strategi 2025<\/a>.<\/p>\n<p>&nbsp;<\/p>\n","protected":false},"excerpt":{"rendered":"<p>SB&#038;K. Under sommaren kartl\u00e4gger SB&#038;K paraverksamheten i f\u00f6rbundet och g\u00f6r samtidigt den \u00e5rliga j\u00e4mst\u00e4lldhetskartl\u00e4ggningen. F\u00f6rbundet \u00f6nskar att s\u00e5 m\u00e5nga som m\u00f6jligt av v\u00e5ra medlemmar svarar p\u00e5 enk\u00e4terna. Kartl\u00e4ggningarna avslutas den 15 augusti.<br \/><br>(Foto: Mathias Bergeld\/Bildbyr\u00e5n)<\/p><br>","protected":false},"author":120,"featured_media":125529,"comment_status":"open","ping_status":"open","sticky":false,"template":"","format":"standard","meta":{"_acf_changed":false,"footnotes":""},"categories":[1],"tags":[],"class_list":["post-140480","post","type-post","status-publish","format-standard","has-post-thumbnail","hentry","category-okategoriserade"],"acf":[],"yoast_head":"<!-- This site is optimized with the Yoast SEO plugin v26.8 - https:\/\/yoast.com\/product\/yoast-seo-wordpress\/ -->\n<title>Kartl\u00e4ggningar kring j\u00e4mst\u00e4lldhet och parasport - Svenska Budo &amp; Kampsportsf\u00f6rbundet<\/title>\n<meta name=\"description\" content=\"SB&amp;K. Under sommaren kartl\u00e4gger SB&amp;K paraverksamheten i f\u00f6rbundet och g\u00f6r samtidigt den \u00e5rliga j\u00e4mst\u00e4lldhetskartl\u00e4ggningen. F\u00f6rbundet \u00f6nskar att s\u00e5 m\u00e5nga som m\u00f6jligt av v\u00e5ra medlemmar svarar p\u00e5 enk\u00e4terna. Kartl\u00e4ggningarna avslutas den 15 augusti.  (Foto: Mathias Bergeld\/Bildbyr\u00e5n)\" \/>\n<meta name=\"robots\" content=\"index, follow, max-snippet:-1, max-image-preview:large, max-video-preview:-1\" \/>\n<link rel=\"canonical\" href=\"https:\/\/www.budokampsport.se\/2022\/07\/08\/kartlaggningar-kring-jamstalldhet-och-paraidrott\/\" \/>\n<meta property=\"og:locale\" content=\"sv_SE\" \/>\n<meta property=\"og:type\" content=\"article\" \/>\n<meta property=\"og:title\" content=\"Kartl\u00e4ggningar kring j\u00e4mst\u00e4lldhet och parasport - Svenska Budo &amp; Kampsportsf\u00f6rbundet\" \/>\n<meta property=\"og:description\" content=\"SB&amp;K. Under sommaren kartl\u00e4gger SB&amp;K paraverksamheten i f\u00f6rbundet och g\u00f6r samtidigt den \u00e5rliga j\u00e4mst\u00e4lldhetskartl\u00e4ggningen. F\u00f6rbundet \u00f6nskar att s\u00e5 m\u00e5nga som m\u00f6jligt av v\u00e5ra medlemmar svarar p\u00e5 enk\u00e4terna. Kartl\u00e4ggningarna avslutas den 15 augusti.  (Foto: Mathias Bergeld\/Bildbyr\u00e5n)\" \/>\n<meta property=\"og:url\" content=\"https:\/\/www.budokampsport.se\/2022\/07\/08\/kartlaggningar-kring-jamstalldhet-och-paraidrott\/\" \/>\n<meta property=\"og:site_name\" content=\"Svenska Budo &amp; Kampsportsf\u00f6rbundet\" \/>\n<meta property=\"article:published_time\" content=\"2022-07-08T12:58:35+00:00\" \/>\n<meta property=\"article:modified_time\" content=\"2022-07-08T13:12:55+00:00\" \/>\n<meta property=\"og:image\" content=\"https:\/\/www.budokampsport.se\/wp-content\/uploads\/2021\/05\/BB201014MB022-847px.jpg\" \/>\n\t<meta property=\"og:image:width\" content=\"847\" \/>\n\t<meta property=\"og:image:height\" content=\"400\" \/>\n\t<meta property=\"og:image:type\" content=\"image\/jpeg\" \/>\n<meta name=\"author\" content=\"Annie Carriage\" \/>\n<meta name=\"twitter:card\" content=\"summary_large_image\" \/>\n<meta name=\"twitter:label1\" content=\"Skriven av\" \/>\n\t<meta name=\"twitter:data1\" content=\"Annie Carriage\" \/>\n\t<meta name=\"twitter:label2\" content=\"Ber\u00e4knad l\u00e4stid\" \/>\n\t<meta name=\"twitter:data2\" content=\"1 minut\" \/>\n<script type=\"application\/ld+json\" class=\"yoast-schema-graph\">{\"@context\":\"https:\/\/schema.org\",\"@graph\":[{\"@type\":\"Article\",\"@id\":\"https:\/\/www.budokampsport.se\/2022\/07\/08\/kartlaggningar-kring-jamstalldhet-och-paraidrott\/#article\",\"isPartOf\":{\"@id\":\"https:\/\/www.budokampsport.se\/2022\/07\/08\/kartlaggningar-kring-jamstalldhet-och-paraidrott\/\"},\"author\":{\"name\":\"Annie Carriage\",\"@id\":\"https:\/\/www.budokampsport.se\/#\/schema\/person\/c838cace8171f692e363fde3f38f208b\"},\"headline\":\"Kartl\u00e4ggningar kring j\u00e4mst\u00e4lldhet och parasport\",\"datePublished\":\"2022-07-08T12:58:35+00:00\",\"dateModified\":\"2022-07-08T13:12:55+00:00\",\"mainEntityOfPage\":{\"@id\":\"https:\/\/www.budokampsport.se\/2022\/07\/08\/kartlaggningar-kring-jamstalldhet-och-paraidrott\/\"},\"wordCount\":265,\"commentCount\":0,\"image\":{\"@id\":\"https:\/\/www.budokampsport.se\/2022\/07\/08\/kartlaggningar-kring-jamstalldhet-och-paraidrott\/#primaryimage\"},\"thumbnailUrl\":\"https:\/\/www.budokampsport.se\/wp-content\/uploads\/2021\/05\/BB201014MB022-847px.jpg\",\"inLanguage\":\"sv-SE\",\"potentialAction\":[{\"@type\":\"CommentAction\",\"name\":\"Comment\",\"target\":[\"https:\/\/www.budokampsport.se\/2022\/07\/08\/kartlaggningar-kring-jamstalldhet-och-paraidrott\/#respond\"]}]},{\"@type\":\"WebPage\",\"@id\":\"https:\/\/www.budokampsport.se\/2022\/07\/08\/kartlaggningar-kring-jamstalldhet-och-paraidrott\/\",\"url\":\"https:\/\/www.budokampsport.se\/2022\/07\/08\/kartlaggningar-kring-jamstalldhet-och-paraidrott\/\",\"name\":\"Kartl\u00e4ggningar kring j\u00e4mst\u00e4lldhet och parasport - Svenska Budo &amp; Kampsportsf\u00f6rbundet\",\"isPartOf\":{\"@id\":\"https:\/\/www.budokampsport.se\/#website\"},\"primaryImageOfPage\":{\"@id\":\"https:\/\/www.budokampsport.se\/2022\/07\/08\/kartlaggningar-kring-jamstalldhet-och-paraidrott\/#primaryimage\"},\"image\":{\"@id\":\"https:\/\/www.budokampsport.se\/2022\/07\/08\/kartlaggningar-kring-jamstalldhet-och-paraidrott\/#primaryimage\"},\"thumbnailUrl\":\"https:\/\/www.budokampsport.se\/wp-content\/uploads\/2021\/05\/BB201014MB022-847px.jpg\",\"datePublished\":\"2022-07-08T12:58:35+00:00\",\"dateModified\":\"2022-07-08T13:12:55+00:00\",\"author\":{\"@id\":\"https:\/\/www.budokampsport.se\/#\/schema\/person\/c838cace8171f692e363fde3f38f208b\"},\"description\":\"SB&K. Under sommaren kartl\u00e4gger SB&K paraverksamheten i f\u00f6rbundet och g\u00f6r samtidigt den \u00e5rliga j\u00e4mst\u00e4lldhetskartl\u00e4ggningen. F\u00f6rbundet \u00f6nskar att s\u00e5 m\u00e5nga som m\u00f6jligt av v\u00e5ra medlemmar svarar p\u00e5 enk\u00e4terna. Kartl\u00e4ggningarna avslutas den 15 augusti. (Foto: Mathias Bergeld\/Bildbyr\u00e5n)\",\"breadcrumb\":{\"@id\":\"https:\/\/www.budokampsport.se\/2022\/07\/08\/kartlaggningar-kring-jamstalldhet-och-paraidrott\/#breadcrumb\"},\"inLanguage\":\"sv-SE\",\"potentialAction\":[{\"@type\":\"ReadAction\",\"target\":[\"https:\/\/www.budokampsport.se\/2022\/07\/08\/kartlaggningar-kring-jamstalldhet-och-paraidrott\/\"]}]},{\"@type\":\"ImageObject\",\"inLanguage\":\"sv-SE\",\"@id\":\"https:\/\/www.budokampsport.se\/2022\/07\/08\/kartlaggningar-kring-jamstalldhet-och-paraidrott\/#primaryimage\",\"url\":\"https:\/\/www.budokampsport.se\/wp-content\/uploads\/2021\/05\/BB201014MB022-847px.jpg\",\"contentUrl\":\"https:\/\/www.budokampsport.se\/wp-content\/uploads\/2021\/05\/BB201014MB022-847px.jpg\",\"width\":847,\"height\":400,\"caption\":\"201014 Deltagare fr\u00e5n G\u00f6teborgs Karate Kai kn\u00e4b\u00f6jer under en tr\u00e4ning i Kyokushinkai karate den 14 oktober 2020 i G\u00f6teborg. Foto: Mathias Bergeld \/ BILDBYR\u00c5N \/ COP 200 \/ MB0037\"},{\"@type\":\"BreadcrumbList\",\"@id\":\"https:\/\/www.budokampsport.se\/2022\/07\/08\/kartlaggningar-kring-jamstalldhet-och-paraidrott\/#breadcrumb\",\"itemListElement\":[{\"@type\":\"ListItem\",\"position\":1,\"name\":\"Hem\",\"item\":\"https:\/\/www.budokampsport.se\/\"},{\"@type\":\"ListItem\",\"position\":2,\"name\":\"Kartl\u00e4ggningar kring j\u00e4mst\u00e4lldhet och parasport\"}]},{\"@type\":\"WebSite\",\"@id\":\"https:\/\/www.budokampsport.se\/#website\",\"url\":\"https:\/\/www.budokampsport.se\/\",\"name\":\"Svenska Budo &amp; Kampsportsf\u00f6rbundet\",\"description\":\"T\u00e4vling, Tr\u00e4ning, Tradition\",\"potentialAction\":[{\"@type\":\"SearchAction\",\"target\":{\"@type\":\"EntryPoint\",\"urlTemplate\":\"https:\/\/www.budokampsport.se\/?s={search_term_string}\"},\"query-input\":{\"@type\":\"PropertyValueSpecification\",\"valueRequired\":true,\"valueName\":\"search_term_string\"}}],\"inLanguage\":\"sv-SE\"},{\"@type\":\"Person\",\"@id\":\"https:\/\/www.budokampsport.se\/#\/schema\/person\/c838cace8171f692e363fde3f38f208b\",\"name\":\"Annie Carriage\",\"image\":{\"@type\":\"ImageObject\",\"inLanguage\":\"sv-SE\",\"@id\":\"https:\/\/www.budokampsport.se\/#\/schema\/person\/image\/\",\"url\":\"https:\/\/secure.gravatar.com\/avatar\/9311295560bdfbdf78365a26f7df1876?s=96&d=blank&r=g\",\"contentUrl\":\"https:\/\/secure.gravatar.com\/avatar\/9311295560bdfbdf78365a26f7df1876?s=96&d=blank&r=g\",\"caption\":\"Annie Carriage\"},\"url\":\"https:\/\/www.budokampsport.se\/author\/annie-bondefelt\/\"}]}<\/script>\n<!-- \/ Yoast SEO plugin. -->","yoast_head_json":{"title":"Kartl\u00e4ggningar kring j\u00e4mst\u00e4lldhet och parasport - Svenska Budo &amp; Kampsportsf\u00f6rbundet","description":"SB&K. Under sommaren kartl\u00e4gger SB&K paraverksamheten i f\u00f6rbundet och g\u00f6r samtidigt den \u00e5rliga j\u00e4mst\u00e4lldhetskartl\u00e4ggningen. F\u00f6rbundet \u00f6nskar att s\u00e5 m\u00e5nga som m\u00f6jligt av v\u00e5ra medlemmar svarar p\u00e5 enk\u00e4terna. Kartl\u00e4ggningarna avslutas den 15 augusti.  (Foto: Mathias Bergeld\/Bildbyr\u00e5n)","robots":{"index":"index","follow":"follow","max-snippet":"max-snippet:-1","max-image-preview":"max-image-preview:large","max-video-preview":"max-video-preview:-1"},"canonical":"https:\/\/www.budokampsport.se\/2022\/07\/08\/kartlaggningar-kring-jamstalldhet-och-paraidrott\/","og_locale":"sv_SE","og_type":"article","og_title":"Kartl\u00e4ggningar kring j\u00e4mst\u00e4lldhet och parasport - Svenska Budo &amp; Kampsportsf\u00f6rbundet","og_description":"SB&K. Under sommaren kartl\u00e4gger SB&K paraverksamheten i f\u00f6rbundet och g\u00f6r samtidigt den \u00e5rliga j\u00e4mst\u00e4lldhetskartl\u00e4ggningen. F\u00f6rbundet \u00f6nskar att s\u00e5 m\u00e5nga som m\u00f6jligt av v\u00e5ra medlemmar svarar p\u00e5 enk\u00e4terna. Kartl\u00e4ggningarna avslutas den 15 augusti.  (Foto: Mathias Bergeld\/Bildbyr\u00e5n)","og_url":"https:\/\/www.budokampsport.se\/2022\/07\/08\/kartlaggningar-kring-jamstalldhet-och-paraidrott\/","og_site_name":"Svenska Budo &amp; Kampsportsf\u00f6rbundet","article_published_time":"2022-07-08T12:58:35+00:00","article_modified_time":"2022-07-08T13:12:55+00:00","og_image":[{"width":847,"height":400,"url":"https:\/\/www.budokampsport.se\/wp-content\/uploads\/2021\/05\/BB201014MB022-847px.jpg","type":"image\/jpeg"}],"author":"Annie Carriage","twitter_card":"summary_large_image","twitter_misc":{"Skriven av":"Annie Carriage","Ber\u00e4knad l\u00e4stid":"1 minut"},"schema":{"@context":"https:\/\/schema.org","@graph":[{"@type":"Article","@id":"https:\/\/www.budokampsport.se\/2022\/07\/08\/kartlaggningar-kring-jamstalldhet-och-paraidrott\/#article","isPartOf":{"@id":"https:\/\/www.budokampsport.se\/2022\/07\/08\/kartlaggningar-kring-jamstalldhet-och-paraidrott\/"},"author":{"name":"Annie Carriage","@id":"https:\/\/www.budokampsport.se\/#\/schema\/person\/c838cace8171f692e363fde3f38f208b"},"headline":"Kartl\u00e4ggningar kring j\u00e4mst\u00e4lldhet och parasport","datePublished":"2022-07-08T12:58:35+00:00","dateModified":"2022-07-08T13:12:55+00:00","mainEntityOfPage":{"@id":"https:\/\/www.budokampsport.se\/2022\/07\/08\/kartlaggningar-kring-jamstalldhet-och-paraidrott\/"},"wordCount":265,"commentCount":0,"image":{"@id":"https:\/\/www.budokampsport.se\/2022\/07\/08\/kartlaggningar-kring-jamstalldhet-och-paraidrott\/#primaryimage"},"thumbnailUrl":"https:\/\/www.budokampsport.se\/wp-content\/uploads\/2021\/05\/BB201014MB022-847px.jpg","inLanguage":"sv-SE","potentialAction":[{"@type":"CommentAction","name":"Comment","target":["https:\/\/www.budokampsport.se\/2022\/07\/08\/kartlaggningar-kring-jamstalldhet-och-paraidrott\/#respond"]}]},{"@type":"WebPage","@id":"https:\/\/www.budokampsport.se\/2022\/07\/08\/kartlaggningar-kring-jamstalldhet-och-paraidrott\/","url":"https:\/\/www.budokampsport.se\/2022\/07\/08\/kartlaggningar-kring-jamstalldhet-och-paraidrott\/","name":"Kartl\u00e4ggningar kring j\u00e4mst\u00e4lldhet och parasport - Svenska Budo &amp; Kampsportsf\u00f6rbundet","isPartOf":{"@id":"https:\/\/www.budokampsport.se\/#website"},"primaryImageOfPage":{"@id":"https:\/\/www.budokampsport.se\/2022\/07\/08\/kartlaggningar-kring-jamstalldhet-och-paraidrott\/#primaryimage"},"image":{"@id":"https:\/\/www.budokampsport.se\/2022\/07\/08\/kartlaggningar-kring-jamstalldhet-och-paraidrott\/#primaryimage"},"thumbnailUrl":"https:\/\/www.budokampsport.se\/wp-content\/uploads\/2021\/05\/BB201014MB022-847px.jpg","datePublished":"2022-07-08T12:58:35+00:00","dateModified":"2022-07-08T13:12:55+00:00","author":{"@id":"https:\/\/www.budokampsport.se\/#\/schema\/person\/c838cace8171f692e363fde3f38f208b"},"description":"SB&K. Under sommaren kartl\u00e4gger SB&K paraverksamheten i f\u00f6rbundet och g\u00f6r samtidigt den \u00e5rliga j\u00e4mst\u00e4lldhetskartl\u00e4ggningen. F\u00f6rbundet \u00f6nskar att s\u00e5 m\u00e5nga som m\u00f6jligt av v\u00e5ra medlemmar svarar p\u00e5 enk\u00e4terna. Kartl\u00e4ggningarna avslutas den 15 augusti. (Foto: Mathias Bergeld\/Bildbyr\u00e5n)","breadcrumb":{"@id":"https:\/\/www.budokampsport.se\/2022\/07\/08\/kartlaggningar-kring-jamstalldhet-och-paraidrott\/#breadcrumb"},"inLanguage":"sv-SE","potentialAction":[{"@type":"ReadAction","target":["https:\/\/www.budokampsport.se\/2022\/07\/08\/kartlaggningar-kring-jamstalldhet-och-paraidrott\/"]}]},{"@type":"ImageObject","inLanguage":"sv-SE","@id":"https:\/\/www.budokampsport.se\/2022\/07\/08\/kartlaggningar-kring-jamstalldhet-och-paraidrott\/#primaryimage","url":"https:\/\/www.budokampsport.se\/wp-content\/uploads\/2021\/05\/BB201014MB022-847px.jpg","contentUrl":"https:\/\/www.budokampsport.se\/wp-content\/uploads\/2021\/05\/BB201014MB022-847px.jpg","width":847,"height":400,"caption":"201014 Deltagare fr\u00e5n G\u00f6teborgs Karate Kai kn\u00e4b\u00f6jer under en tr\u00e4ning i Kyokushinkai karate den 14 oktober 2020 i G\u00f6teborg. Foto: Mathias Bergeld \/ BILDBYR\u00c5N \/ COP 200 \/ MB0037"},{"@type":"BreadcrumbList","@id":"https:\/\/www.budokampsport.se\/2022\/07\/08\/kartlaggningar-kring-jamstalldhet-och-paraidrott\/#breadcrumb","itemListElement":[{"@type":"ListItem","position":1,"name":"Hem","item":"https:\/\/www.budokampsport.se\/"},{"@type":"ListItem","position":2,"name":"Kartl\u00e4ggningar kring j\u00e4mst\u00e4lldhet och parasport"}]},{"@type":"WebSite","@id":"https:\/\/www.budokampsport.se\/#website","url":"https:\/\/www.budokampsport.se\/","name":"Svenska Budo &amp; Kampsportsf\u00f6rbundet","description":"T\u00e4vling, Tr\u00e4ning, Tradition","potentialAction":[{"@type":"SearchAction","target":{"@type":"EntryPoint","urlTemplate":"https:\/\/www.budokampsport.se\/?s={search_term_string}"},"query-input":{"@type":"PropertyValueSpecification","valueRequired":true,"valueName":"search_term_string"}}],"inLanguage":"sv-SE"},{"@type":"Person","@id":"https:\/\/www.budokampsport.se\/#\/schema\/person\/c838cace8171f692e363fde3f38f208b","name":"Annie Carriage","image":{"@type":"ImageObject","inLanguage":"sv-SE","@id":"https:\/\/www.budokampsport.se\/#\/schema\/person\/image\/","url":"https:\/\/secure.gravatar.com\/avatar\/9311295560bdfbdf78365a26f7df1876?s=96&d=blank&r=g","contentUrl":"https:\/\/secure.gravatar.com\/avatar\/9311295560bdfbdf78365a26f7df1876?s=96&d=blank&r=g","caption":"Annie Carriage"},"url":"https:\/\/www.budokampsport.se\/author\/annie-bondefelt\/"}]}},"_links":{"self":[{"href":"https:\/\/www.budokampsport.se\/api\/wp\/v2\/posts\/140480","targetHints":{"allow":["GET"]}}],"collection":[{"href":"https:\/\/www.budokampsport.se\/api\/wp\/v2\/posts"}],"about":[{"href":"https:\/\/www.budokampsport.se\/api\/wp\/v2\/types\/post"}],"author":[{"embeddable":true,"href":"https:\/\/www.budokampsport.se\/api\/wp\/v2\/users\/120"}],"replies":[{"embeddable":true,"href":"https:\/\/www.budokampsport.se\/api\/wp\/v2\/comments?post=140480"}],"version-history":[{"count":0,"href":"https:\/\/www.budokampsport.se\/api\/wp\/v2\/posts\/140480\/revisions"}],"wp:featuredmedia":[{"embeddable":true,"href":"https:\/\/www.budokampsport.se\/api\/wp\/v2\/media\/125529"}],"wp:attachment":[{"href":"https:\/\/www.budokampsport.se\/api\/wp\/v2\/media?parent=140480"}],"wp:term":[{"taxonomy":"category","embeddable":true,"href":"https:\/\/www.budokampsport.se\/api\/wp\/v2\/categories?post=140480"},{"taxonomy":"post_tag","embeddable":true,"href":"https:\/\/www.budokampsport.se\/api\/wp\/v2\/tags?post=140480"}],"curies":[{"name":"wp","href":"https:\/\/api.w.org\/{rel}","templated":true}]}}