{"id":140639,"date":"2022-07-23T09:19:27","date_gmt":"2022-07-23T07:19:27","guid":{"rendered":"https:\/\/www.budokampsport.se\/?p=140639"},"modified":"2022-07-23T21:22:24","modified_gmt":"2022-07-23T19:22:24","slug":"alexander-gustafsson-tillbaka-i-oktagonen-ikvall","status":"publish","type":"post","link":"https:\/\/www.budokampsport.se\/2022\/07\/23\/alexander-gustafsson-tillbaka-i-oktagonen-ikvall\/","title":{"rendered":"Alexander Gustafsson tillbaka i oktagonen ikv\u00e4ll"},"content":{"rendered":"<p>N\u00e4stan p\u00e5 dagen tv\u00e5 \u00e5r efter sin senaste match \u00e4r 35-\u00e5rige Alexander \u201dThe Mauler\u201d Gustafsson tillbaka i hetluften. Detta d\u00e5 han under l\u00f6rdagskv\u00e4llen g\u00f6r comeback i UFC med match mot ukrainaren Nikita \u201dThe Miner\u201d Krylov.<\/p>\n<p>Matchen i l\u00e4tt tungvikt ing\u00e5r i galan <em>UFC Fight Night: Blaydes vs. Aspinall<\/em> p\u00e5 O<sub>2<\/sub> Arena i London.<\/p>\n<p>Svensken g\u00e5r in i m\u00f6tet med tre raka f\u00f6rluster bakom sig mot Jon Jones, Anthony Smith och <a href=\"https:\/\/www.budokampsport.se\/2020\/07\/27\/ufc-segrar-for-chimaev-och-kianzad-gustafsson-forlorade\/\" target=\"_blank\" rel=\"noopener\">Fabricio Werdum<\/a>. M\u00f6tet med Werdum den 25 juli 2020 tog slut efter 2,5 minut efter att Gustafsson fastnat i ett arml\u00e5s.<\/p>\n<p>Sedan dess har flera matcher g\u00e5tt i st\u00f6pet f\u00f6r Gustafsson av olika anledningar \u2013 m\u00f6tet med Paul Craig i september 2021 st\u00e4lldes in sedan svensken skadat sig och matchen mot Ben Rothwell i maj i \u00e5r bl\u00e5stes av sedan Rothwell blivit av med sitt UFC-kontrakt. Men i kv\u00e4ll \u00e4r allts\u00e5 den svenska MMA-ikonen \u00e4ntligen tillbaka i t\u00e4vlingssammanhang.<\/p>\n<p>Senaste g\u00e5ngen <em>The Mauler<\/em> stod som segrare i oktagonen var den 28 maj 2017, d\u00e5 han knockade Glover Teixeira. Hans professionella record \u00e4r 18\u20137, varav 10\u20137 i UFC sedan debuten f\u00f6r organisationen 2009.<\/p>\n<p>I samma gala g\u00e5r \u00e4ven svensknorske Jack Hermansson en match mot Chris Curtis, som ersatt den skadade Darren Till. Matchen avg\u00f6rs i mellanviktsklassen och Hermanssons professionella record inf\u00f6r kv\u00e4llen \u00e4r 22\u20137, varav 9\u20135 i UFC.<\/p>\n<p>Text: Mats Lilja<\/p>\n","protected":false},"excerpt":{"rendered":"<p>MMA. &#8220;The Mauler&#8221; g\u00e5r sin f\u00f6rsta match i UFC sen sommaren 2020.<br \/><br>(Foto: Per H\u00e4ljestam\/MMA Photos) <\/p><br>","protected":false},"author":914,"featured_media":140645,"comment_status":"open","ping_status":"open","sticky":false,"template":"","format":"standard","meta":{"_acf_changed":false,"footnotes":""},"categories":[1],"tags":[],"class_list":["post-140639","post","type-post","status-publish","format-standard","has-post-thumbnail","hentry","category-okategoriserade"],"acf":[],"yoast_head":"<!-- This site is optimized with the Yoast SEO plugin v26.8 - https:\/\/yoast.com\/product\/yoast-seo-wordpress\/ -->\n<title>Alexander Gustafsson tillbaka i oktagonen ikv\u00e4ll - Svenska Budo &amp; Kampsportsf\u00f6rbundet<\/title>\n<meta name=\"description\" content=\"MMA. &quot;The Mauler&quot; g\u00e5r sin f\u00f6rsta match i UFC sen sommaren 2020. (Foto: Per H\u00e4ljestam\/MMA Photos)\" \/>\n<meta name=\"robots\" content=\"index, follow, max-snippet:-1, max-image-preview:large, max-video-preview:-1\" \/>\n<link rel=\"canonical\" href=\"https:\/\/www.budokampsport.se\/2022\/07\/23\/alexander-gustafsson-tillbaka-i-oktagonen-ikvall\/\" \/>\n<meta property=\"og:locale\" content=\"sv_SE\" \/>\n<meta property=\"og:type\" content=\"article\" \/>\n<meta property=\"og:title\" content=\"Alexander Gustafsson tillbaka i oktagonen ikv\u00e4ll - Svenska Budo &amp; Kampsportsf\u00f6rbundet\" \/>\n<meta property=\"og:description\" content=\"MMA. &quot;The Mauler&quot; g\u00e5r sin f\u00f6rsta match i UFC sen sommaren 2020. (Foto: Per H\u00e4ljestam\/MMA Photos)\" \/>\n<meta property=\"og:url\" content=\"https:\/\/www.budokampsport.se\/2022\/07\/23\/alexander-gustafsson-tillbaka-i-oktagonen-ikvall\/\" \/>\n<meta property=\"og:site_name\" content=\"Svenska Budo &amp; Kampsportsf\u00f6rbundet\" \/>\n<meta property=\"article:published_time\" content=\"2022-07-23T07:19:27+00:00\" \/>\n<meta property=\"article:modified_time\" content=\"2022-07-23T19:22:24+00:00\" \/>\n<meta property=\"og:image\" content=\"https:\/\/www.budokampsport.se\/wp-content\/uploads\/2022\/07\/294747045.jpg\" \/>\n\t<meta property=\"og:image:width\" content=\"1080\" \/>\n\t<meta property=\"og:image:height\" content=\"718\" \/>\n\t<meta property=\"og:image:type\" content=\"image\/jpeg\" \/>\n<meta name=\"author\" content=\"Mats Lilja\" \/>\n<meta name=\"twitter:card\" content=\"summary_large_image\" \/>\n<meta name=\"twitter:label1\" content=\"Skriven av\" \/>\n\t<meta name=\"twitter:data1\" content=\"Mats Lilja\" \/>\n\t<meta name=\"twitter:label2\" content=\"Ber\u00e4knad l\u00e4stid\" \/>\n\t<meta name=\"twitter:data2\" content=\"1 minut\" \/>\n<script type=\"application\/ld+json\" class=\"yoast-schema-graph\">{\"@context\":\"https:\/\/schema.org\",\"@graph\":[{\"@type\":\"Article\",\"@id\":\"https:\/\/www.budokampsport.se\/2022\/07\/23\/alexander-gustafsson-tillbaka-i-oktagonen-ikvall\/#article\",\"isPartOf\":{\"@id\":\"https:\/\/www.budokampsport.se\/2022\/07\/23\/alexander-gustafsson-tillbaka-i-oktagonen-ikvall\/\"},\"author\":{\"name\":\"Mats Lilja\",\"@id\":\"https:\/\/www.budokampsport.se\/#\/schema\/person\/d80c0bc61f1787703168fc250ce69522\"},\"headline\":\"Alexander Gustafsson tillbaka i oktagonen ikv\u00e4ll\",\"datePublished\":\"2022-07-23T07:19:27+00:00\",\"dateModified\":\"2022-07-23T19:22:24+00:00\",\"mainEntityOfPage\":{\"@id\":\"https:\/\/www.budokampsport.se\/2022\/07\/23\/alexander-gustafsson-tillbaka-i-oktagonen-ikvall\/\"},\"wordCount\":240,\"commentCount\":0,\"image\":{\"@id\":\"https:\/\/www.budokampsport.se\/2022\/07\/23\/alexander-gustafsson-tillbaka-i-oktagonen-ikvall\/#primaryimage\"},\"thumbnailUrl\":\"https:\/\/www.budokampsport.se\/wp-content\/uploads\/2022\/07\/294747045.jpg\",\"inLanguage\":\"sv-SE\",\"potentialAction\":[{\"@type\":\"CommentAction\",\"name\":\"Comment\",\"target\":[\"https:\/\/www.budokampsport.se\/2022\/07\/23\/alexander-gustafsson-tillbaka-i-oktagonen-ikvall\/#respond\"]}]},{\"@type\":\"WebPage\",\"@id\":\"https:\/\/www.budokampsport.se\/2022\/07\/23\/alexander-gustafsson-tillbaka-i-oktagonen-ikvall\/\",\"url\":\"https:\/\/www.budokampsport.se\/2022\/07\/23\/alexander-gustafsson-tillbaka-i-oktagonen-ikvall\/\",\"name\":\"Alexander Gustafsson tillbaka i oktagonen ikv\u00e4ll - Svenska Budo &amp; Kampsportsf\u00f6rbundet\",\"isPartOf\":{\"@id\":\"https:\/\/www.budokampsport.se\/#website\"},\"primaryImageOfPage\":{\"@id\":\"https:\/\/www.budokampsport.se\/2022\/07\/23\/alexander-gustafsson-tillbaka-i-oktagonen-ikvall\/#primaryimage\"},\"image\":{\"@id\":\"https:\/\/www.budokampsport.se\/2022\/07\/23\/alexander-gustafsson-tillbaka-i-oktagonen-ikvall\/#primaryimage\"},\"thumbnailUrl\":\"https:\/\/www.budokampsport.se\/wp-content\/uploads\/2022\/07\/294747045.jpg\",\"datePublished\":\"2022-07-23T07:19:27+00:00\",\"dateModified\":\"2022-07-23T19:22:24+00:00\",\"author\":{\"@id\":\"https:\/\/www.budokampsport.se\/#\/schema\/person\/d80c0bc61f1787703168fc250ce69522\"},\"description\":\"MMA. \\\"The Mauler\\\" g\u00e5r sin f\u00f6rsta match i UFC sen sommaren 2020. (Foto: Per H\u00e4ljestam\/MMA Photos)\",\"breadcrumb\":{\"@id\":\"https:\/\/www.budokampsport.se\/2022\/07\/23\/alexander-gustafsson-tillbaka-i-oktagonen-ikvall\/#breadcrumb\"},\"inLanguage\":\"sv-SE\",\"potentialAction\":[{\"@type\":\"ReadAction\",\"target\":[\"https:\/\/www.budokampsport.se\/2022\/07\/23\/alexander-gustafsson-tillbaka-i-oktagonen-ikvall\/\"]}]},{\"@type\":\"ImageObject\",\"inLanguage\":\"sv-SE\",\"@id\":\"https:\/\/www.budokampsport.se\/2022\/07\/23\/alexander-gustafsson-tillbaka-i-oktagonen-ikvall\/#primaryimage\",\"url\":\"https:\/\/www.budokampsport.se\/wp-content\/uploads\/2022\/07\/294747045.jpg\",\"contentUrl\":\"https:\/\/www.budokampsport.se\/wp-content\/uploads\/2022\/07\/294747045.jpg\",\"width\":1080,\"height\":718,\"caption\":\"Alexander Gustafsson vid inv\u00e4gning inf\u00f6r UFC-galan i London 23 juli. Foto: Per H\u00e4ljestam\/MMA Photos.\"},{\"@type\":\"BreadcrumbList\",\"@id\":\"https:\/\/www.budokampsport.se\/2022\/07\/23\/alexander-gustafsson-tillbaka-i-oktagonen-ikvall\/#breadcrumb\",\"itemListElement\":[{\"@type\":\"ListItem\",\"position\":1,\"name\":\"Hem\",\"item\":\"https:\/\/www.budokampsport.se\/\"},{\"@type\":\"ListItem\",\"position\":2,\"name\":\"Alexander Gustafsson tillbaka i oktagonen ikv\u00e4ll\"}]},{\"@type\":\"WebSite\",\"@id\":\"https:\/\/www.budokampsport.se\/#website\",\"url\":\"https:\/\/www.budokampsport.se\/\",\"name\":\"Svenska Budo &amp; Kampsportsf\u00f6rbundet\",\"description\":\"T\u00e4vling, Tr\u00e4ning, Tradition\",\"potentialAction\":[{\"@type\":\"SearchAction\",\"target\":{\"@type\":\"EntryPoint\",\"urlTemplate\":\"https:\/\/www.budokampsport.se\/?s={search_term_string}\"},\"query-input\":{\"@type\":\"PropertyValueSpecification\",\"valueRequired\":true,\"valueName\":\"search_term_string\"}}],\"inLanguage\":\"sv-SE\"},{\"@type\":\"Person\",\"@id\":\"https:\/\/www.budokampsport.se\/#\/schema\/person\/d80c0bc61f1787703168fc250ce69522\",\"name\":\"Mats Lilja\",\"image\":{\"@type\":\"ImageObject\",\"inLanguage\":\"sv-SE\",\"@id\":\"https:\/\/www.budokampsport.se\/#\/schema\/person\/image\/\",\"url\":\"https:\/\/secure.gravatar.com\/avatar\/607f84918e96abe1ebbd8611782fa57d?s=96&d=blank&r=g\",\"contentUrl\":\"https:\/\/secure.gravatar.com\/avatar\/607f84918e96abe1ebbd8611782fa57d?s=96&d=blank&r=g\",\"caption\":\"Mats Lilja\"},\"url\":\"https:\/\/www.budokampsport.se\/author\/mats-lilja\/\"}]}<\/script>\n<!-- \/ Yoast SEO plugin. -->","yoast_head_json":{"title":"Alexander Gustafsson tillbaka i oktagonen ikv\u00e4ll - Svenska Budo &amp; Kampsportsf\u00f6rbundet","description":"MMA. \"The Mauler\" g\u00e5r sin f\u00f6rsta match i UFC sen sommaren 2020. (Foto: Per H\u00e4ljestam\/MMA Photos)","robots":{"index":"index","follow":"follow","max-snippet":"max-snippet:-1","max-image-preview":"max-image-preview:large","max-video-preview":"max-video-preview:-1"},"canonical":"https:\/\/www.budokampsport.se\/2022\/07\/23\/alexander-gustafsson-tillbaka-i-oktagonen-ikvall\/","og_locale":"sv_SE","og_type":"article","og_title":"Alexander Gustafsson tillbaka i oktagonen ikv\u00e4ll - Svenska Budo &amp; Kampsportsf\u00f6rbundet","og_description":"MMA. \"The Mauler\" g\u00e5r sin f\u00f6rsta match i UFC sen sommaren 2020. (Foto: Per H\u00e4ljestam\/MMA Photos)","og_url":"https:\/\/www.budokampsport.se\/2022\/07\/23\/alexander-gustafsson-tillbaka-i-oktagonen-ikvall\/","og_site_name":"Svenska Budo &amp; Kampsportsf\u00f6rbundet","article_published_time":"2022-07-23T07:19:27+00:00","article_modified_time":"2022-07-23T19:22:24+00:00","og_image":[{"width":1080,"height":718,"url":"https:\/\/www.budokampsport.se\/wp-content\/uploads\/2022\/07\/294747045.jpg","type":"image\/jpeg"}],"author":"Mats Lilja","twitter_card":"summary_large_image","twitter_misc":{"Skriven av":"Mats Lilja","Ber\u00e4knad l\u00e4stid":"1 minut"},"schema":{"@context":"https:\/\/schema.org","@graph":[{"@type":"Article","@id":"https:\/\/www.budokampsport.se\/2022\/07\/23\/alexander-gustafsson-tillbaka-i-oktagonen-ikvall\/#article","isPartOf":{"@id":"https:\/\/www.budokampsport.se\/2022\/07\/23\/alexander-gustafsson-tillbaka-i-oktagonen-ikvall\/"},"author":{"name":"Mats Lilja","@id":"https:\/\/www.budokampsport.se\/#\/schema\/person\/d80c0bc61f1787703168fc250ce69522"},"headline":"Alexander Gustafsson tillbaka i oktagonen ikv\u00e4ll","datePublished":"2022-07-23T07:19:27+00:00","dateModified":"2022-07-23T19:22:24+00:00","mainEntityOfPage":{"@id":"https:\/\/www.budokampsport.se\/2022\/07\/23\/alexander-gustafsson-tillbaka-i-oktagonen-ikvall\/"},"wordCount":240,"commentCount":0,"image":{"@id":"https:\/\/www.budokampsport.se\/2022\/07\/23\/alexander-gustafsson-tillbaka-i-oktagonen-ikvall\/#primaryimage"},"thumbnailUrl":"https:\/\/www.budokampsport.se\/wp-content\/uploads\/2022\/07\/294747045.jpg","inLanguage":"sv-SE","potentialAction":[{"@type":"CommentAction","name":"Comment","target":["https:\/\/www.budokampsport.se\/2022\/07\/23\/alexander-gustafsson-tillbaka-i-oktagonen-ikvall\/#respond"]}]},{"@type":"WebPage","@id":"https:\/\/www.budokampsport.se\/2022\/07\/23\/alexander-gustafsson-tillbaka-i-oktagonen-ikvall\/","url":"https:\/\/www.budokampsport.se\/2022\/07\/23\/alexander-gustafsson-tillbaka-i-oktagonen-ikvall\/","name":"Alexander Gustafsson tillbaka i oktagonen ikv\u00e4ll - Svenska Budo &amp; Kampsportsf\u00f6rbundet","isPartOf":{"@id":"https:\/\/www.budokampsport.se\/#website"},"primaryImageOfPage":{"@id":"https:\/\/www.budokampsport.se\/2022\/07\/23\/alexander-gustafsson-tillbaka-i-oktagonen-ikvall\/#primaryimage"},"image":{"@id":"https:\/\/www.budokampsport.se\/2022\/07\/23\/alexander-gustafsson-tillbaka-i-oktagonen-ikvall\/#primaryimage"},"thumbnailUrl":"https:\/\/www.budokampsport.se\/wp-content\/uploads\/2022\/07\/294747045.jpg","datePublished":"2022-07-23T07:19:27+00:00","dateModified":"2022-07-23T19:22:24+00:00","author":{"@id":"https:\/\/www.budokampsport.se\/#\/schema\/person\/d80c0bc61f1787703168fc250ce69522"},"description":"MMA. \"The Mauler\" g\u00e5r sin f\u00f6rsta match i UFC sen sommaren 2020. (Foto: Per H\u00e4ljestam\/MMA Photos)","breadcrumb":{"@id":"https:\/\/www.budokampsport.se\/2022\/07\/23\/alexander-gustafsson-tillbaka-i-oktagonen-ikvall\/#breadcrumb"},"inLanguage":"sv-SE","potentialAction":[{"@type":"ReadAction","target":["https:\/\/www.budokampsport.se\/2022\/07\/23\/alexander-gustafsson-tillbaka-i-oktagonen-ikvall\/"]}]},{"@type":"ImageObject","inLanguage":"sv-SE","@id":"https:\/\/www.budokampsport.se\/2022\/07\/23\/alexander-gustafsson-tillbaka-i-oktagonen-ikvall\/#primaryimage","url":"https:\/\/www.budokampsport.se\/wp-content\/uploads\/2022\/07\/294747045.jpg","contentUrl":"https:\/\/www.budokampsport.se\/wp-content\/uploads\/2022\/07\/294747045.jpg","width":1080,"height":718,"caption":"Alexander Gustafsson vid inv\u00e4gning inf\u00f6r UFC-galan i London 23 juli. Foto: Per H\u00e4ljestam\/MMA Photos."},{"@type":"BreadcrumbList","@id":"https:\/\/www.budokampsport.se\/2022\/07\/23\/alexander-gustafsson-tillbaka-i-oktagonen-ikvall\/#breadcrumb","itemListElement":[{"@type":"ListItem","position":1,"name":"Hem","item":"https:\/\/www.budokampsport.se\/"},{"@type":"ListItem","position":2,"name":"Alexander Gustafsson tillbaka i oktagonen ikv\u00e4ll"}]},{"@type":"WebSite","@id":"https:\/\/www.budokampsport.se\/#website","url":"https:\/\/www.budokampsport.se\/","name":"Svenska Budo &amp; Kampsportsf\u00f6rbundet","description":"T\u00e4vling, Tr\u00e4ning, Tradition","potentialAction":[{"@type":"SearchAction","target":{"@type":"EntryPoint","urlTemplate":"https:\/\/www.budokampsport.se\/?s={search_term_string}"},"query-input":{"@type":"PropertyValueSpecification","valueRequired":true,"valueName":"search_term_string"}}],"inLanguage":"sv-SE"},{"@type":"Person","@id":"https:\/\/www.budokampsport.se\/#\/schema\/person\/d80c0bc61f1787703168fc250ce69522","name":"Mats Lilja","image":{"@type":"ImageObject","inLanguage":"sv-SE","@id":"https:\/\/www.budokampsport.se\/#\/schema\/person\/image\/","url":"https:\/\/secure.gravatar.com\/avatar\/607f84918e96abe1ebbd8611782fa57d?s=96&d=blank&r=g","contentUrl":"https:\/\/secure.gravatar.com\/avatar\/607f84918e96abe1ebbd8611782fa57d?s=96&d=blank&r=g","caption":"Mats Lilja"},"url":"https:\/\/www.budokampsport.se\/author\/mats-lilja\/"}]}},"_links":{"self":[{"href":"https:\/\/www.budokampsport.se\/api\/wp\/v2\/posts\/140639","targetHints":{"allow":["GET"]}}],"collection":[{"href":"https:\/\/www.budokampsport.se\/api\/wp\/v2\/posts"}],"about":[{"href":"https:\/\/www.budokampsport.se\/api\/wp\/v2\/types\/post"}],"author":[{"embeddable":true,"href":"https:\/\/www.budokampsport.se\/api\/wp\/v2\/users\/914"}],"replies":[{"embeddable":true,"href":"https:\/\/www.budokampsport.se\/api\/wp\/v2\/comments?post=140639"}],"version-history":[{"count":0,"href":"https:\/\/www.budokampsport.se\/api\/wp\/v2\/posts\/140639\/revisions"}],"wp:featuredmedia":[{"embeddable":true,"href":"https:\/\/www.budokampsport.se\/api\/wp\/v2\/media\/140645"}],"wp:attachment":[{"href":"https:\/\/www.budokampsport.se\/api\/wp\/v2\/media?parent=140639"}],"wp:term":[{"taxonomy":"category","embeddable":true,"href":"https:\/\/www.budokampsport.se\/api\/wp\/v2\/categories?post=140639"},{"taxonomy":"post_tag","embeddable":true,"href":"https:\/\/www.budokampsport.se\/api\/wp\/v2\/tags?post=140639"}],"curies":[{"name":"wp","href":"https:\/\/api.w.org\/{rel}","templated":true}]}}