{"id":141147,"date":"2022-08-22T15:40:37","date_gmt":"2022-08-22T13:40:37","guid":{"rendered":"https:\/\/www.budokampsport.se\/?p=141147"},"modified":"2024-07-23T15:21:52","modified_gmt":"2024-07-23T13:21:52","slug":"bjorn-eriksson-lokalfragor-kommer-i-andra-hand","status":"publish","type":"post","link":"https:\/\/www.budokampsport.se\/2022\/08\/22\/bjorn-eriksson-lokalfragor-kommer-i-andra-hand\/","title":{"rendered":"Bj\u00f6rn Eriksson: &#8220;Lokalfr\u00e5gor kommer i andra hand&#8221;"},"content":{"rendered":"<p>N\u00e4r Kampsportsdagarna anordnades i Stockholm 17\u201321 augusti var l\u00f6rdagens paneldiskussion kring kampsportsf\u00f6reningarnas tillg\u00e5ng till l\u00e4mpliga och ekonomiskt h\u00e5llbara lokaler en av de stora punkterna.<\/p>\n<p><strong>Thabo Motsieloa<\/strong>, vice ordf\u00f6rande f\u00f6r arrangerande Stockholms Budo &amp; Kampsportsf\u00f6rbund, lyfte i <a href=\"https:\/\/www.budokampsport.se\/2022\/08\/19\/thabo-motsieloa-kampsporten-har-en-unikt-dalig-situation\/\" target=\"_blank\" rel=\"noopener\">en intervju<\/a> lokalproblematiken som den st\u00f6rsta fr\u00e5gan kampsportssverige har just nu.<\/p>\n<p>&#8211; Vi har v\u00e4ldigt sv\u00e5rt att f\u00e5 tag i lokaler att tr\u00e4na i och sv\u00e5rt att f\u00e5 lokaler som \u00e4r anpassade f\u00f6r t\u00e4vling inom v\u00e5ra idrotter. Hyrorna g\u00e5r bara upp och fastighetsmarknaden i framf\u00f6r allt Stockholm har blivit stentuff. Det \u00e4r n\u00e4stan om\u00f6jligt f\u00f6r en f\u00f6rening att skriva ett kontrakt idag. Och har vi inga lokaler s\u00e5 har vi heller ingen kampsport, konstaterade han inf\u00f6r paneldiskussionen.<\/p>\n<p>Han agerade moderator p\u00e5 scenen i centrala Stockholm d\u00e4r <strong>Bj\u00f6rn Eriksson<\/strong> (ordf\u00f6rande i Riksidrottsf\u00f6rbundet), <strong>Karin Ernlund<\/strong> (idrottsborgarr\u00e5d i Stockholms Stad), <strong>Simon Sk\u00f6ld<\/strong> (MMA), <strong>Mikaela Laur\u00e9n<\/strong> (boxning) och <strong>Peder Finnsi\u00f6<\/strong> (ordf\u00f6rande i Stockholms Budo &amp; Kampsportsf\u00f6rbund) deltog i samtalet. Paneldiskussionen g\u00e5r att se i efterhand p\u00e5 stockholmsdistriktets <a href=\"https:\/\/youtu.be\/LK1OMt2ah3E\">Youtube-kanal<\/a>.<\/p>\n<p>Karin Ernlund (C),\u00a0 ansvarigt idrottsborgarr\u00e5d i Sveriges st\u00f6rsta stad, utlovar i <a href=\"https:\/\/www.budokampsport.se\/2022\/08\/22\/idrottsborgarradet-utlovar-satsningar\/\" target=\"_blank\" rel=\"noopener\">en separat intervju<\/a> satsningar p\u00e5 kampsporten i Stockholm. Hon har ocks\u00e5 tre nycklar f\u00f6r att underl\u00e4tta f\u00f6r kampsportsf\u00f6reningarna fram\u00f6ver.<\/p>\n<p>&#8211; Vi beh\u00f6ver dels f\u00f6rst\u00e4rka och bygga ut v\u00e5rt hyresst\u00f6d f\u00f6r att vi ska kunna hj\u00e4lpa f\u00f6reningen att betala hyra, vi beh\u00f6ver se till att vi sj\u00e4lva bygger lokaler f\u00f6r kampsporten och sen beh\u00f6ver vi ocks\u00e5 se till att n\u00e4r vi \u201dbygger stad\u201d s\u00e5 m\u00e5ste vi ocks\u00e5 se till att bygga lokaler som kampsporten kan hyra in sig i, ber\u00e4ttar hon i intervjun p\u00e5 budokampsport.se.<\/p>\n<figure id=\"attachment_141158\" aria-describedby=\"caption-attachment-141158\" style=\"width: 1200px\" class=\"wp-caption aligncenter\"><img loading=\"lazy\" decoding=\"async\" class=\"size-full wp-image-141158\" src=\"https:\/\/www.budokampsport.se\/wp-content\/uploads\/2022\/08\/kampsportsdagarna4-e1661172027770.png\" alt=\"\" width=\"1200\" height=\"549\" srcset=\"https:\/\/www.budokampsport.se\/wp-content\/uploads\/2022\/08\/kampsportsdagarna4-e1661172027770.png 1200w, https:\/\/www.budokampsport.se\/wp-content\/uploads\/2022\/08\/kampsportsdagarna4-e1661172027770-600x275.png 600w, https:\/\/www.budokampsport.se\/wp-content\/uploads\/2022\/08\/kampsportsdagarna4-e1661172027770-376x172.png 376w, https:\/\/www.budokampsport.se\/wp-content\/uploads\/2022\/08\/kampsportsdagarna4-e1661172027770-847x388.png 847w, https:\/\/www.budokampsport.se\/wp-content\/uploads\/2022\/08\/kampsportsdagarna4-e1661172027770-278x127.png 278w, https:\/\/www.budokampsport.se\/wp-content\/uploads\/2022\/08\/kampsportsdagarna4-e1661172027770-572x262.png 572w\" sizes=\"auto, (max-width: 1200px) 100vw, 1200px\" \/><figcaption id=\"caption-attachment-141158\" class=\"wp-caption-text\"><span style=\"font-size: 10pt;\"><em>Deltagarna i paneldiskussionen under Kampsportsdagarna i Stockholm.<\/em><\/span><\/figcaption><\/figure>\n<p>Som Riksidrottsf\u00f6rbundets ordf\u00f6rande \u00e4r Bj\u00f6rn Eriksson f\u00f6rst\u00e5s involverad i diskussionerna kring idrottsytor b\u00e5de lokalt och nationellt.<\/p>\n<p><strong>Vad tycker du var det viktigaste som sades p\u00e5 scenen under pandeldiskussionen? <\/strong><\/p>\n<p>&#8211; Att man [fr\u00e5n politikens sida] s\u00e4ger sig vara redo att \u00f6verg\u00e5 fr\u00e5n ord till handling. F\u00f6r jag tror att vi vet ungef\u00e4r vad som g\u00e5r att g\u00f6ra \u2013 men <em>g\u00f6r<\/em> det ocks\u00e5, s\u00e4ger Bj\u00f6rn Eriksson.<\/p>\n<p><strong>Hur skulle du beskriva kampsportens situation n\u00e4r det g\u00e4ller lokaler?<\/strong><\/p>\n<p>&#8211; De ligger illa till, s\u00e4mre \u00e4n m\u00e5nga andra. Utomhussporter ligger lite b\u00e4ttre till. Och pandemin finns ju d\u00e4r och sp\u00f6kar. Inomhussporter med kroppskontakt, inte minst i huvudstaden, tillh\u00f6r dem som har det bland det j\u00e4kligaste. Det \u00e4r det ingen tvekan om.<\/p>\n<p><strong>Vad kan Riksidrottsf\u00f6rbundet g\u00f6ra f\u00f6r att underl\u00e4tta f\u00f6r kampsportsf\u00f6reningarna?<\/strong><\/p>\n<p>&#8211; \u00a0Det \u00e4r m\u00e5nga saker. En id\u00e9 vi pratar om \u00e4r att ligga p\u00e5 och ligga p\u00e5 och ligga p\u00e5 och f\u00e5 fram politiska beslut. Sen har jag ju tv\u00e5 saker jag driver ut\u00f6ver det som \u00e4r viktiga \u2013 det ena \u00e4r att jag tror en del p\u00e5 nationella samordnare, n\u00e5gon m\u00e5ste rodda i det h\u00e4r f\u00f6r det l\u00f6ser sig inte av sig sj\u00e4lvt. Och n\u00e4r det g\u00e4ller livet ni har: hj\u00e4lp mig ordentligt och se till att den h\u00e4r f\u00f6rf\u00e4rliga internmomsen p\u00e5 administration f\u00f6rsvinner. Det skulle med l\u00e4tthet kunna l\u00f6sa m\u00e5nga, m\u00e5nga problem f\u00f6r er om man slapp att bli momsbelagd. En enig riksdag s\u00e4ger att det b\u00f6r komma bort f\u00f6r oss [inom idrotten].<\/p>\n<p><strong>Vad kan kampsportssverige sj\u00e4lva g\u00f6ra f\u00f6r att f\u00f6rb\u00e4ttra situationen? <\/strong><\/p>\n<p>&#8211; Opinionsbilda, opinionsbilda, opinionsbilda. Ni g\u00f6r idag v\u00e4ldigt mycket men ni \u00e4r lite kringg\u00e4rdade av det h\u00e4r, ska vi s\u00e4ga <em>jagandet<\/em>, efter inflyttningar och ombyggnader och annat. Det g\u00f6r att lokalfr\u00e5gor kommer i andra hand n\u00e4r det g\u00e4ller r\u00f6relse f\u00f6r m\u00e4nniskor. F\u00f6rst bygger man bost\u00e4der, sen bygger man dem g\u00e4rna p\u00e5 gr\u00f6nomr\u00e5den ocks\u00e5 f\u00f6r s\u00e4kerhets skull\u2026 Och s\u00e5 tar man andra lokaler i anspr\u00e5k. Det \u00e4r ingen bra utg\u00e5ngspunkt, man ska kunna r\u00f6ra sig i det omr\u00e5de man bor, s\u00e4ger Riksidrottsf\u00f6rbundets ordf\u00f6rande Bj\u00f6rn Eriksson.<\/p>\n<p>Text &amp; Foto: Mats Lilja<\/p>\n","protected":false},"excerpt":{"rendered":"<p>KAMPSPORTSDAGARNA. Riksidrottsf\u00f6rbundets ordf\u00f6rande efterlyser fler politiska beslut f\u00f6r att underl\u00e4tta f\u00f6r kampsportsf\u00f6reningarna.<\/p><br>","protected":false},"author":914,"featured_media":141155,"comment_status":"open","ping_status":"open","sticky":false,"template":"","format":"standard","meta":{"_acf_changed":false,"footnotes":""},"categories":[577,531],"tags":[],"class_list":["post-141147","post","type-post","status-publish","format-standard","has-post-thumbnail","hentry","category-anlaggning","category-sbk-2"],"acf":[],"yoast_head":"<!-- This site is optimized with the Yoast SEO plugin v26.8 - https:\/\/yoast.com\/product\/yoast-seo-wordpress\/ -->\n<title>Bj\u00f6rn Eriksson: &quot;Lokalfr\u00e5gor kommer i andra hand&quot; - Svenska Budo &amp; Kampsportsf\u00f6rbundet<\/title>\n<meta name=\"description\" content=\"KAMPSPORTSDAGARNA. Riksidrottsf\u00f6rbundets ordf\u00f6rande efterlyser fler politiska beslut f\u00f6r att underl\u00e4tta f\u00f6r kampsportsf\u00f6reningarna.\" \/>\n<meta name=\"robots\" content=\"index, follow, max-snippet:-1, max-image-preview:large, max-video-preview:-1\" \/>\n<link rel=\"canonical\" href=\"https:\/\/www.budokampsport.se\/2022\/08\/22\/bjorn-eriksson-lokalfragor-kommer-i-andra-hand\/\" \/>\n<meta property=\"og:locale\" content=\"sv_SE\" \/>\n<meta property=\"og:type\" content=\"article\" \/>\n<meta property=\"og:title\" content=\"Bj\u00f6rn Eriksson: &quot;Lokalfr\u00e5gor kommer i andra hand&quot; - Svenska Budo &amp; Kampsportsf\u00f6rbundet\" \/>\n<meta property=\"og:description\" content=\"KAMPSPORTSDAGARNA. Riksidrottsf\u00f6rbundets ordf\u00f6rande efterlyser fler politiska beslut f\u00f6r att underl\u00e4tta f\u00f6r kampsportsf\u00f6reningarna.\" \/>\n<meta property=\"og:url\" content=\"https:\/\/www.budokampsport.se\/2022\/08\/22\/bjorn-eriksson-lokalfragor-kommer-i-andra-hand\/\" \/>\n<meta property=\"og:site_name\" content=\"Svenska Budo &amp; Kampsportsf\u00f6rbundet\" \/>\n<meta property=\"article:published_time\" content=\"2022-08-22T13:40:37+00:00\" \/>\n<meta property=\"article:modified_time\" content=\"2024-07-23T13:21:52+00:00\" \/>\n<meta property=\"og:image\" content=\"https:\/\/www.budokampsport.se\/wp-content\/uploads\/2022\/08\/bjorneriksson.png\" \/>\n\t<meta property=\"og:image:width\" content=\"1200\" \/>\n\t<meta property=\"og:image:height\" content=\"800\" \/>\n\t<meta property=\"og:image:type\" content=\"image\/png\" \/>\n<meta name=\"author\" content=\"Mats Lilja\" \/>\n<meta name=\"twitter:card\" content=\"summary_large_image\" \/>\n<meta name=\"twitter:label1\" content=\"Skriven av\" \/>\n\t<meta name=\"twitter:data1\" content=\"Mats Lilja\" \/>\n\t<meta name=\"twitter:label2\" content=\"Ber\u00e4knad l\u00e4stid\" \/>\n\t<meta name=\"twitter:data2\" content=\"4 minuter\" \/>\n<script type=\"application\/ld+json\" class=\"yoast-schema-graph\">{\"@context\":\"https:\/\/schema.org\",\"@graph\":[{\"@type\":\"Article\",\"@id\":\"https:\/\/www.budokampsport.se\/2022\/08\/22\/bjorn-eriksson-lokalfragor-kommer-i-andra-hand\/#article\",\"isPartOf\":{\"@id\":\"https:\/\/www.budokampsport.se\/2022\/08\/22\/bjorn-eriksson-lokalfragor-kommer-i-andra-hand\/\"},\"author\":{\"name\":\"Mats Lilja\",\"@id\":\"https:\/\/www.budokampsport.se\/#\/schema\/person\/d80c0bc61f1787703168fc250ce69522\"},\"headline\":\"Bj\u00f6rn Eriksson: &#8220;Lokalfr\u00e5gor kommer i andra hand&#8221;\",\"datePublished\":\"2022-08-22T13:40:37+00:00\",\"dateModified\":\"2024-07-23T13:21:52+00:00\",\"mainEntityOfPage\":{\"@id\":\"https:\/\/www.budokampsport.se\/2022\/08\/22\/bjorn-eriksson-lokalfragor-kommer-i-andra-hand\/\"},\"wordCount\":757,\"commentCount\":0,\"image\":{\"@id\":\"https:\/\/www.budokampsport.se\/2022\/08\/22\/bjorn-eriksson-lokalfragor-kommer-i-andra-hand\/#primaryimage\"},\"thumbnailUrl\":\"https:\/\/www.budokampsport.se\/wp-content\/uploads\/2022\/08\/bjorneriksson.png\",\"articleSection\":[\"Anl\u00e4ggning\",\"SB&amp;K\"],\"inLanguage\":\"sv-SE\",\"potentialAction\":[{\"@type\":\"CommentAction\",\"name\":\"Comment\",\"target\":[\"https:\/\/www.budokampsport.se\/2022\/08\/22\/bjorn-eriksson-lokalfragor-kommer-i-andra-hand\/#respond\"]}]},{\"@type\":\"WebPage\",\"@id\":\"https:\/\/www.budokampsport.se\/2022\/08\/22\/bjorn-eriksson-lokalfragor-kommer-i-andra-hand\/\",\"url\":\"https:\/\/www.budokampsport.se\/2022\/08\/22\/bjorn-eriksson-lokalfragor-kommer-i-andra-hand\/\",\"name\":\"Bj\u00f6rn Eriksson: \\\"Lokalfr\u00e5gor kommer i andra hand\\\" - Svenska Budo &amp; Kampsportsf\u00f6rbundet\",\"isPartOf\":{\"@id\":\"https:\/\/www.budokampsport.se\/#website\"},\"primaryImageOfPage\":{\"@id\":\"https:\/\/www.budokampsport.se\/2022\/08\/22\/bjorn-eriksson-lokalfragor-kommer-i-andra-hand\/#primaryimage\"},\"image\":{\"@id\":\"https:\/\/www.budokampsport.se\/2022\/08\/22\/bjorn-eriksson-lokalfragor-kommer-i-andra-hand\/#primaryimage\"},\"thumbnailUrl\":\"https:\/\/www.budokampsport.se\/wp-content\/uploads\/2022\/08\/bjorneriksson.png\",\"datePublished\":\"2022-08-22T13:40:37+00:00\",\"dateModified\":\"2024-07-23T13:21:52+00:00\",\"author\":{\"@id\":\"https:\/\/www.budokampsport.se\/#\/schema\/person\/d80c0bc61f1787703168fc250ce69522\"},\"description\":\"KAMPSPORTSDAGARNA. Riksidrottsf\u00f6rbundets ordf\u00f6rande efterlyser fler politiska beslut f\u00f6r att underl\u00e4tta f\u00f6r kampsportsf\u00f6reningarna.\",\"breadcrumb\":{\"@id\":\"https:\/\/www.budokampsport.se\/2022\/08\/22\/bjorn-eriksson-lokalfragor-kommer-i-andra-hand\/#breadcrumb\"},\"inLanguage\":\"sv-SE\",\"potentialAction\":[{\"@type\":\"ReadAction\",\"target\":[\"https:\/\/www.budokampsport.se\/2022\/08\/22\/bjorn-eriksson-lokalfragor-kommer-i-andra-hand\/\"]}]},{\"@type\":\"ImageObject\",\"inLanguage\":\"sv-SE\",\"@id\":\"https:\/\/www.budokampsport.se\/2022\/08\/22\/bjorn-eriksson-lokalfragor-kommer-i-andra-hand\/#primaryimage\",\"url\":\"https:\/\/www.budokampsport.se\/wp-content\/uploads\/2022\/08\/bjorneriksson.png\",\"contentUrl\":\"https:\/\/www.budokampsport.se\/wp-content\/uploads\/2022\/08\/bjorneriksson.png\",\"width\":1200,\"height\":800,\"caption\":\"Riksidrottsf\u00f6rbundets ordf\u00f6rande Bj\u00f6rn Eriksson p\u00e5 plats p\u00e5 Kampsportsdagarna i Stockholm den 20 augusti 2022. Foto: Mats Lilja.\"},{\"@type\":\"BreadcrumbList\",\"@id\":\"https:\/\/www.budokampsport.se\/2022\/08\/22\/bjorn-eriksson-lokalfragor-kommer-i-andra-hand\/#breadcrumb\",\"itemListElement\":[{\"@type\":\"ListItem\",\"position\":1,\"name\":\"Hem\",\"item\":\"https:\/\/www.budokampsport.se\/\"},{\"@type\":\"ListItem\",\"position\":2,\"name\":\"Bj\u00f6rn Eriksson: &#8220;Lokalfr\u00e5gor kommer i andra hand&#8221;\"}]},{\"@type\":\"WebSite\",\"@id\":\"https:\/\/www.budokampsport.se\/#website\",\"url\":\"https:\/\/www.budokampsport.se\/\",\"name\":\"Svenska Budo &amp; Kampsportsf\u00f6rbundet\",\"description\":\"T\u00e4vling, Tr\u00e4ning, Tradition\",\"potentialAction\":[{\"@type\":\"SearchAction\",\"target\":{\"@type\":\"EntryPoint\",\"urlTemplate\":\"https:\/\/www.budokampsport.se\/?s={search_term_string}\"},\"query-input\":{\"@type\":\"PropertyValueSpecification\",\"valueRequired\":true,\"valueName\":\"search_term_string\"}}],\"inLanguage\":\"sv-SE\"},{\"@type\":\"Person\",\"@id\":\"https:\/\/www.budokampsport.se\/#\/schema\/person\/d80c0bc61f1787703168fc250ce69522\",\"name\":\"Mats Lilja\",\"image\":{\"@type\":\"ImageObject\",\"inLanguage\":\"sv-SE\",\"@id\":\"https:\/\/www.budokampsport.se\/#\/schema\/person\/image\/\",\"url\":\"https:\/\/secure.gravatar.com\/avatar\/607f84918e96abe1ebbd8611782fa57d?s=96&d=blank&r=g\",\"contentUrl\":\"https:\/\/secure.gravatar.com\/avatar\/607f84918e96abe1ebbd8611782fa57d?s=96&d=blank&r=g\",\"caption\":\"Mats Lilja\"},\"url\":\"https:\/\/www.budokampsport.se\/author\/mats-lilja\/\"}]}<\/script>\n<!-- \/ Yoast SEO plugin. -->","yoast_head_json":{"title":"Bj\u00f6rn Eriksson: \"Lokalfr\u00e5gor kommer i andra hand\" - Svenska Budo &amp; Kampsportsf\u00f6rbundet","description":"KAMPSPORTSDAGARNA. Riksidrottsf\u00f6rbundets ordf\u00f6rande efterlyser fler politiska beslut f\u00f6r att underl\u00e4tta f\u00f6r kampsportsf\u00f6reningarna.","robots":{"index":"index","follow":"follow","max-snippet":"max-snippet:-1","max-image-preview":"max-image-preview:large","max-video-preview":"max-video-preview:-1"},"canonical":"https:\/\/www.budokampsport.se\/2022\/08\/22\/bjorn-eriksson-lokalfragor-kommer-i-andra-hand\/","og_locale":"sv_SE","og_type":"article","og_title":"Bj\u00f6rn Eriksson: \"Lokalfr\u00e5gor kommer i andra hand\" - Svenska Budo &amp; Kampsportsf\u00f6rbundet","og_description":"KAMPSPORTSDAGARNA. Riksidrottsf\u00f6rbundets ordf\u00f6rande efterlyser fler politiska beslut f\u00f6r att underl\u00e4tta f\u00f6r kampsportsf\u00f6reningarna.","og_url":"https:\/\/www.budokampsport.se\/2022\/08\/22\/bjorn-eriksson-lokalfragor-kommer-i-andra-hand\/","og_site_name":"Svenska Budo &amp; Kampsportsf\u00f6rbundet","article_published_time":"2022-08-22T13:40:37+00:00","article_modified_time":"2024-07-23T13:21:52+00:00","og_image":[{"width":1200,"height":800,"url":"https:\/\/www.budokampsport.se\/wp-content\/uploads\/2022\/08\/bjorneriksson.png","type":"image\/png"}],"author":"Mats Lilja","twitter_card":"summary_large_image","twitter_misc":{"Skriven av":"Mats Lilja","Ber\u00e4knad l\u00e4stid":"4 minuter"},"schema":{"@context":"https:\/\/schema.org","@graph":[{"@type":"Article","@id":"https:\/\/www.budokampsport.se\/2022\/08\/22\/bjorn-eriksson-lokalfragor-kommer-i-andra-hand\/#article","isPartOf":{"@id":"https:\/\/www.budokampsport.se\/2022\/08\/22\/bjorn-eriksson-lokalfragor-kommer-i-andra-hand\/"},"author":{"name":"Mats Lilja","@id":"https:\/\/www.budokampsport.se\/#\/schema\/person\/d80c0bc61f1787703168fc250ce69522"},"headline":"Bj\u00f6rn Eriksson: &#8220;Lokalfr\u00e5gor kommer i andra hand&#8221;","datePublished":"2022-08-22T13:40:37+00:00","dateModified":"2024-07-23T13:21:52+00:00","mainEntityOfPage":{"@id":"https:\/\/www.budokampsport.se\/2022\/08\/22\/bjorn-eriksson-lokalfragor-kommer-i-andra-hand\/"},"wordCount":757,"commentCount":0,"image":{"@id":"https:\/\/www.budokampsport.se\/2022\/08\/22\/bjorn-eriksson-lokalfragor-kommer-i-andra-hand\/#primaryimage"},"thumbnailUrl":"https:\/\/www.budokampsport.se\/wp-content\/uploads\/2022\/08\/bjorneriksson.png","articleSection":["Anl\u00e4ggning","SB&amp;K"],"inLanguage":"sv-SE","potentialAction":[{"@type":"CommentAction","name":"Comment","target":["https:\/\/www.budokampsport.se\/2022\/08\/22\/bjorn-eriksson-lokalfragor-kommer-i-andra-hand\/#respond"]}]},{"@type":"WebPage","@id":"https:\/\/www.budokampsport.se\/2022\/08\/22\/bjorn-eriksson-lokalfragor-kommer-i-andra-hand\/","url":"https:\/\/www.budokampsport.se\/2022\/08\/22\/bjorn-eriksson-lokalfragor-kommer-i-andra-hand\/","name":"Bj\u00f6rn Eriksson: \"Lokalfr\u00e5gor kommer i andra hand\" - Svenska Budo &amp; Kampsportsf\u00f6rbundet","isPartOf":{"@id":"https:\/\/www.budokampsport.se\/#website"},"primaryImageOfPage":{"@id":"https:\/\/www.budokampsport.se\/2022\/08\/22\/bjorn-eriksson-lokalfragor-kommer-i-andra-hand\/#primaryimage"},"image":{"@id":"https:\/\/www.budokampsport.se\/2022\/08\/22\/bjorn-eriksson-lokalfragor-kommer-i-andra-hand\/#primaryimage"},"thumbnailUrl":"https:\/\/www.budokampsport.se\/wp-content\/uploads\/2022\/08\/bjorneriksson.png","datePublished":"2022-08-22T13:40:37+00:00","dateModified":"2024-07-23T13:21:52+00:00","author":{"@id":"https:\/\/www.budokampsport.se\/#\/schema\/person\/d80c0bc61f1787703168fc250ce69522"},"description":"KAMPSPORTSDAGARNA. Riksidrottsf\u00f6rbundets ordf\u00f6rande efterlyser fler politiska beslut f\u00f6r att underl\u00e4tta f\u00f6r kampsportsf\u00f6reningarna.","breadcrumb":{"@id":"https:\/\/www.budokampsport.se\/2022\/08\/22\/bjorn-eriksson-lokalfragor-kommer-i-andra-hand\/#breadcrumb"},"inLanguage":"sv-SE","potentialAction":[{"@type":"ReadAction","target":["https:\/\/www.budokampsport.se\/2022\/08\/22\/bjorn-eriksson-lokalfragor-kommer-i-andra-hand\/"]}]},{"@type":"ImageObject","inLanguage":"sv-SE","@id":"https:\/\/www.budokampsport.se\/2022\/08\/22\/bjorn-eriksson-lokalfragor-kommer-i-andra-hand\/#primaryimage","url":"https:\/\/www.budokampsport.se\/wp-content\/uploads\/2022\/08\/bjorneriksson.png","contentUrl":"https:\/\/www.budokampsport.se\/wp-content\/uploads\/2022\/08\/bjorneriksson.png","width":1200,"height":800,"caption":"Riksidrottsf\u00f6rbundets ordf\u00f6rande Bj\u00f6rn Eriksson p\u00e5 plats p\u00e5 Kampsportsdagarna i Stockholm den 20 augusti 2022. Foto: Mats Lilja."},{"@type":"BreadcrumbList","@id":"https:\/\/www.budokampsport.se\/2022\/08\/22\/bjorn-eriksson-lokalfragor-kommer-i-andra-hand\/#breadcrumb","itemListElement":[{"@type":"ListItem","position":1,"name":"Hem","item":"https:\/\/www.budokampsport.se\/"},{"@type":"ListItem","position":2,"name":"Bj\u00f6rn Eriksson: &#8220;Lokalfr\u00e5gor kommer i andra hand&#8221;"}]},{"@type":"WebSite","@id":"https:\/\/www.budokampsport.se\/#website","url":"https:\/\/www.budokampsport.se\/","name":"Svenska Budo &amp; Kampsportsf\u00f6rbundet","description":"T\u00e4vling, Tr\u00e4ning, Tradition","potentialAction":[{"@type":"SearchAction","target":{"@type":"EntryPoint","urlTemplate":"https:\/\/www.budokampsport.se\/?s={search_term_string}"},"query-input":{"@type":"PropertyValueSpecification","valueRequired":true,"valueName":"search_term_string"}}],"inLanguage":"sv-SE"},{"@type":"Person","@id":"https:\/\/www.budokampsport.se\/#\/schema\/person\/d80c0bc61f1787703168fc250ce69522","name":"Mats Lilja","image":{"@type":"ImageObject","inLanguage":"sv-SE","@id":"https:\/\/www.budokampsport.se\/#\/schema\/person\/image\/","url":"https:\/\/secure.gravatar.com\/avatar\/607f84918e96abe1ebbd8611782fa57d?s=96&d=blank&r=g","contentUrl":"https:\/\/secure.gravatar.com\/avatar\/607f84918e96abe1ebbd8611782fa57d?s=96&d=blank&r=g","caption":"Mats Lilja"},"url":"https:\/\/www.budokampsport.se\/author\/mats-lilja\/"}]}},"_links":{"self":[{"href":"https:\/\/www.budokampsport.se\/api\/wp\/v2\/posts\/141147","targetHints":{"allow":["GET"]}}],"collection":[{"href":"https:\/\/www.budokampsport.se\/api\/wp\/v2\/posts"}],"about":[{"href":"https:\/\/www.budokampsport.se\/api\/wp\/v2\/types\/post"}],"author":[{"embeddable":true,"href":"https:\/\/www.budokampsport.se\/api\/wp\/v2\/users\/914"}],"replies":[{"embeddable":true,"href":"https:\/\/www.budokampsport.se\/api\/wp\/v2\/comments?post=141147"}],"version-history":[{"count":0,"href":"https:\/\/www.budokampsport.se\/api\/wp\/v2\/posts\/141147\/revisions"}],"wp:featuredmedia":[{"embeddable":true,"href":"https:\/\/www.budokampsport.se\/api\/wp\/v2\/media\/141155"}],"wp:attachment":[{"href":"https:\/\/www.budokampsport.se\/api\/wp\/v2\/media?parent=141147"}],"wp:term":[{"taxonomy":"category","embeddable":true,"href":"https:\/\/www.budokampsport.se\/api\/wp\/v2\/categories?post=141147"},{"taxonomy":"post_tag","embeddable":true,"href":"https:\/\/www.budokampsport.se\/api\/wp\/v2\/tags?post=141147"}],"curies":[{"name":"wp","href":"https:\/\/api.w.org\/{rel}","templated":true}]}}