{"id":141330,"date":"2022-09-06T14:53:03","date_gmt":"2022-09-06T12:53:03","guid":{"rendered":"https:\/\/www.budokampsport.se\/?p=141330"},"modified":"2022-09-12T10:12:17","modified_gmt":"2022-09-12T08:12:17","slug":"khamzat-chimaev-huvudperson-i-helgens-ufc-gala","status":"publish","type":"post","link":"https:\/\/www.budokampsport.se\/2022\/09\/06\/khamzat-chimaev-huvudperson-i-helgens-ufc-gala\/","title":{"rendered":"Khamzat Chimaev huvudperson i helgens UFC-gala"},"content":{"rendered":"<p>Sent p\u00e5 l\u00f6rdagskv\u00e4llen g\u00e5r uppskrivne <strong>Khamzat Chimaev<\/strong> sin sj\u00e4tte match inom UFC:s organisation. Och efter de tidigare framg\u00e5ngarna, med flera spektakul\u00e4ra segrar, \u00e4r hans m\u00f6te i weltervikt med den amerikanske veteranen <strong>Nate Diaz<\/strong> \u00e4ven arrangemangets huvudmatch.<\/p>\n<p>Galan <em>UFC 279: Chimaev vs. Diaz<\/em> avg\u00f6rs i T-Mobile Arena i Las Vegas natten mot s\u00f6ndag svensk tid. Huvudkortets fem matcher startar 04:00 och galan ber\u00e4knas avslutas kring 08:30 p\u00e5 morgonen. Huvudmatchen avg\u00f6rs som brukligt allra sist.<\/p>\n<p>Khamzat \u201dBorz\u201d Chimaev \u00e4r f\u00f6dd i Tjejenien men har bott i Sverige sen 2011. Han har sin bakgrund inom brottningen och har t\u00e4vlat i MMA sedan 2017. Efter bara tre amat\u00f6rmatcher (seger i samtliga) gjorde han sin professionella debut den 26 maj 2018 mot norrmannen <strong>Gard Olve Sagen<\/strong> vid galan IRFA 14 i Uppsala. Det blev seger \u00e4ven d\u00e4r.<\/p>\n<p>Efter ytterligare fem raka segrar som proffs fick han chansen i UFC den 15 juli 2020. Motst\u00e5ndaren <strong>John Phillips<\/strong>\u00a0stod d\u00e5 emot i drygt 6 minuter innan Chimaev avslutade matchen via submission. \u00c4ven de efterf\u00f6ljande tre matcherna vann han i stor stil, bland annat besegrade han <strong>Gerald Meerschaert<\/strong> p\u00e5 knockout efter 17 (!) sekunder.<\/p>\n<p>Senast Khamzat Chimaev klev upp i oktagonen var den 9 april i \u00e5r. Brasilianaren <strong>Gilbert Burns<\/strong> blev d\u00e5 den f\u00f6rsta n\u00e5gonsin att h\u00e5lla ut en hel match (3&#215;5 minuter) mot \u201dBorz\u201d, som till slut \u00e4nd\u00e5 stod som vinnare efter enh\u00e4lligt domslut. Hela matchen finns att se p\u00e5 UFC:s konton p\u00e5 <a href=\"https:\/\/www.youtube.com\/watch?v=24B6AEow9oY\" target=\"_blank\" rel=\"noopener\">Youtube<\/a> och <a href=\"https:\/\/www.instagram.com\/reel\/CiGB42csHUL\/\" target=\"_blank\" rel=\"noopener\">Instagram<\/a>.<\/p>\n<p>Helgens motst\u00e5ndare Nate Diaz \u00e4r en verklig veteran inom MMA-sv\u00e4ngen. Den idag 37-\u00e5rige amerikanen blev professionell 2004 och gick sin f\u00f6rsta match i UFC redan 2007 (!). Av hans totalt 33 proffsmatcher har han vunnit 20 och f\u00f6rlorat 13. Senast vi s\u00e5g honom i aktion var den 12 juni 2021, d\u00e5 han f\u00f6ll p\u00e5 domslut mot den nuvarande welterviktsm\u00e4staren <strong>Leon Edwards<\/strong>.<\/p>\n<p>Inf\u00f6r helgens match \u00e4r Khamzat Chimaev <a href=\"https:\/\/www.ufc.com\/rankings\">rankad<\/a> som 3:e utmanare till Leon Edwards, bakom <strong>Kamaru Usman<\/strong> (nyligen nedpetad efter f\u00f6rlusten mot Edwards) och <strong>Colby Covington<\/strong>. Nate Diaz \u00e4r utanf\u00f6r rankinglistorna.<\/p>\n<p>F\u00f6rutom Khamzat Chimaev kommer vi \u00e4ven att f\u00e5 svenskt deltagande i galan genom g\u00f6teborgaren <strong>Anton Turkalj<\/strong>, som med kort varsel kastas in i hetluften och g\u00f6r sin UFC-debut. En <a href=\"https:\/\/www.budokampsport.se\/2022\/09\/08\/anton-turkalj-debuterar-i-ufc\/\" target=\"_blank\" rel=\"noopener\">separat artikel<\/a> om honom kommer under veckan.<\/p>\n<h3>Khamzat Chimaevs UFC-matcher<\/h3>\n<table style=\"border-collapse: collapse; width: 100%; height: 276px;\">\n<tbody>\n<tr style=\"height: 23px;\">\n<td style=\"width: 100%; height: 23px;\"><strong>1) Seger mot <img loading=\"lazy\" decoding=\"async\" class=\"alignnone size-full wp-image-134086\" src=\"https:\/\/www.budokampsport.se\/wp-content\/uploads\/2022\/01\/wales_flag-png-icon-16.png\" alt=\"\" width=\"16\" height=\"9\" \/> John Phillips<\/strong><\/td>\n<\/tr>\n<tr style=\"height: 23px;\">\n<td style=\"width: 100%; height: 23px;\"><span style=\"font-size: 10pt;\">2020-07-15 | Submission | 2:a ronden (1:12) \u2013\u00a0<a href=\"https:\/\/www.budokampsport.se\/2020\/07\/16\/overtygande-seger-for-chimaev-i-ufc-debuten\/\" target=\"_blank\" rel=\"noopener\">Artikel<\/a><\/span><\/td>\n<\/tr>\n<tr style=\"height: 23px;\">\n<td style=\"width: 100%; height: 23px;\"><strong>2) Seger mot <img loading=\"lazy\" decoding=\"async\" class=\"alignnone size-full wp-image-134232\" src=\"https:\/\/www.budokampsport.se\/wp-content\/uploads\/2022\/01\/northern-ireland_flag-png-icon-16.png\" alt=\"\" width=\"16\" height=\"8\" \/>\u00a0Rhys McKee<\/strong><\/td>\n<\/tr>\n<tr style=\"height: 23px;\">\n<td style=\"width: 100%; height: 23px;\"><span style=\"font-size: 10pt;\">2020-07-25 | TKO (Punches) | 1:a ronden (3:09) \u2013\u00a0<a href=\"https:\/\/www.budokampsport.se\/2020\/07\/27\/ufc-segrar-for-chimaev-och-kianzad-gustafsson-forlorade\/\" target=\"_blank\" rel=\"noopener\">Artikel<\/a><\/span><\/td>\n<\/tr>\n<tr style=\"height: 23px;\">\n<td style=\"width: 100%; height: 23px;\"><strong>3) Seger mot <img loading=\"lazy\" decoding=\"async\" class=\"alignnone size-full wp-image-134079\" src=\"https:\/\/www.budokampsport.se\/wp-content\/uploads\/2022\/01\/united-states-of-america_flag-png-icon-16.png\" alt=\"\" width=\"16\" height=\"8\" \/> Gerald Meerschaert<\/strong><\/td>\n<\/tr>\n<tr style=\"height: 23px;\">\n<td style=\"width: 100%; height: 23px;\"><span style=\"font-size: 10pt;\">2020-09-19 | KO (Punch) | 1:a ronden (0:17) \u2013\u00a0<a href=\"https:\/\/www.budokampsport.se\/2020\/09\/20\/ny-imponerande-chimaev-seger-i-ufc\/\" target=\"_blank\" rel=\"noopener\">Artikel<\/a><\/span><\/td>\n<\/tr>\n<tr style=\"height: 23px;\">\n<td style=\"width: 100%; height: 23px;\"><strong>4) Seger mot <img loading=\"lazy\" decoding=\"async\" class=\"alignnone size-full wp-image-134128\" src=\"https:\/\/www.budokampsport.se\/wp-content\/uploads\/2022\/01\/china_flag-png-icon-16.png\" alt=\"\" width=\"16\" height=\"11\" \/> Jingliang Li<\/strong><\/td>\n<\/tr>\n<tr style=\"height: 23px;\">\n<td style=\"width: 100%; height: 23px;\"><span style=\"font-size: 10pt;\">2021-10-30 | Submission | 1:a ronden (3:16) \u2013\u00a0<a href=\"https:\/\/www.budokampsport.se\/2021\/11\/01\/fjarde-raka-ufc-segern-for-khamzat-chimaev\/\" target=\"_blank\" rel=\"noopener\">Artikel<\/a><\/span><\/td>\n<\/tr>\n<tr style=\"height: 23px;\">\n<td style=\"width: 100%; height: 23px;\"><strong>5) Seger mot <img loading=\"lazy\" decoding=\"async\" class=\"alignnone size-full wp-image-122884\" src=\"https:\/\/www.budokampsport.se\/wp-content\/uploads\/2020\/11\/brazil-flag-icon-16.png\" alt=\"Brasiliens flagga\" width=\"16\" height=\"11\" \/> Gilbert Burns<\/strong><\/td>\n<\/tr>\n<tr style=\"height: 23px;\">\n<td style=\"width: 100%; height: 23px;\"><span style=\"font-size: 10pt;\"> 2022-04-09 | Enh\u00e4lligt domslut | 3 ronder (5:00) \u2013\u00a0<a href=\"https:\/\/www.budokampsport.se\/2022\/04\/10\/khamzat-chimaev-vann-mot-varldstvaan\/\" target=\"_blank\" rel=\"noopener\">Artikel<\/a><\/span><\/td>\n<\/tr>\n<\/tbody>\n<\/table>\n<p><span style=\"font-size: 10pt;\"><em>K\u00e4lla: ufc.com<\/em><\/span><\/p>\n<p>Text: Mats Lilja<br \/>\nFoto: ufc.com [bilden \u00e4r beskuren]<\/p>\n<p>&nbsp;<\/p>\n","protected":false},"excerpt":{"rendered":"<p>MMA. Svensken g\u00e5r huvudmatch i Las Vegas mot veteranen Nate Diaz.<\/p><br>","protected":false},"author":914,"featured_media":141588,"comment_status":"open","ping_status":"open","sticky":false,"template":"","format":"standard","meta":{"_acf_changed":false,"footnotes":""},"categories":[1],"tags":[],"class_list":["post-141330","post","type-post","status-publish","format-standard","has-post-thumbnail","hentry","category-okategoriserade"],"acf":[],"yoast_head":"<!-- This site is optimized with the Yoast SEO plugin v26.8 - https:\/\/yoast.com\/product\/yoast-seo-wordpress\/ -->\n<title>Khamzat Chimaev huvudperson i helgens UFC-gala - Svenska Budo &amp; Kampsportsf\u00f6rbundet<\/title>\n<meta name=\"description\" content=\"MMA. Svensken g\u00e5r huvudmatch i Las Vegas mot veteranen Nate Diaz.\" \/>\n<meta name=\"robots\" content=\"index, follow, max-snippet:-1, max-image-preview:large, max-video-preview:-1\" \/>\n<link rel=\"canonical\" href=\"https:\/\/www.budokampsport.se\/2022\/09\/06\/khamzat-chimaev-huvudperson-i-helgens-ufc-gala\/\" \/>\n<meta property=\"og:locale\" content=\"sv_SE\" \/>\n<meta property=\"og:type\" content=\"article\" \/>\n<meta property=\"og:title\" content=\"Khamzat Chimaev huvudperson i helgens UFC-gala - Svenska Budo &amp; Kampsportsf\u00f6rbundet\" \/>\n<meta property=\"og:description\" content=\"MMA. Svensken g\u00e5r huvudmatch i Las Vegas mot veteranen Nate Diaz.\" \/>\n<meta property=\"og:url\" content=\"https:\/\/www.budokampsport.se\/2022\/09\/06\/khamzat-chimaev-huvudperson-i-helgens-ufc-gala\/\" \/>\n<meta property=\"og:site_name\" content=\"Svenska Budo &amp; Kampsportsf\u00f6rbundet\" \/>\n<meta property=\"article:published_time\" content=\"2022-09-06T12:53:03+00:00\" \/>\n<meta property=\"article:modified_time\" content=\"2022-09-12T08:12:17+00:00\" \/>\n<meta property=\"og:image\" content=\"https:\/\/www.budokampsport.se\/wp-content\/uploads\/2022\/09\/ufc279.png\" \/>\n\t<meta property=\"og:image:width\" content=\"1200\" \/>\n\t<meta property=\"og:image:height\" content=\"765\" \/>\n\t<meta property=\"og:image:type\" content=\"image\/png\" \/>\n<meta name=\"author\" content=\"Mats Lilja\" \/>\n<meta name=\"twitter:card\" content=\"summary_large_image\" \/>\n<meta name=\"twitter:label1\" content=\"Skriven av\" \/>\n\t<meta name=\"twitter:data1\" content=\"Mats Lilja\" \/>\n\t<meta name=\"twitter:label2\" content=\"Ber\u00e4knad l\u00e4stid\" \/>\n\t<meta name=\"twitter:data2\" content=\"2 minuter\" \/>\n<script type=\"application\/ld+json\" class=\"yoast-schema-graph\">{\"@context\":\"https:\/\/schema.org\",\"@graph\":[{\"@type\":\"Article\",\"@id\":\"https:\/\/www.budokampsport.se\/2022\/09\/06\/khamzat-chimaev-huvudperson-i-helgens-ufc-gala\/#article\",\"isPartOf\":{\"@id\":\"https:\/\/www.budokampsport.se\/2022\/09\/06\/khamzat-chimaev-huvudperson-i-helgens-ufc-gala\/\"},\"author\":{\"name\":\"Mats Lilja\",\"@id\":\"https:\/\/www.budokampsport.se\/#\/schema\/person\/d80c0bc61f1787703168fc250ce69522\"},\"headline\":\"Khamzat Chimaev huvudperson i helgens UFC-gala\",\"datePublished\":\"2022-09-06T12:53:03+00:00\",\"dateModified\":\"2022-09-12T08:12:17+00:00\",\"mainEntityOfPage\":{\"@id\":\"https:\/\/www.budokampsport.se\/2022\/09\/06\/khamzat-chimaev-huvudperson-i-helgens-ufc-gala\/\"},\"wordCount\":457,\"commentCount\":0,\"image\":{\"@id\":\"https:\/\/www.budokampsport.se\/2022\/09\/06\/khamzat-chimaev-huvudperson-i-helgens-ufc-gala\/#primaryimage\"},\"thumbnailUrl\":\"https:\/\/www.budokampsport.se\/wp-content\/uploads\/2022\/09\/ufc279.png\",\"inLanguage\":\"sv-SE\",\"potentialAction\":[{\"@type\":\"CommentAction\",\"name\":\"Comment\",\"target\":[\"https:\/\/www.budokampsport.se\/2022\/09\/06\/khamzat-chimaev-huvudperson-i-helgens-ufc-gala\/#respond\"]}]},{\"@type\":\"WebPage\",\"@id\":\"https:\/\/www.budokampsport.se\/2022\/09\/06\/khamzat-chimaev-huvudperson-i-helgens-ufc-gala\/\",\"url\":\"https:\/\/www.budokampsport.se\/2022\/09\/06\/khamzat-chimaev-huvudperson-i-helgens-ufc-gala\/\",\"name\":\"Khamzat Chimaev huvudperson i helgens UFC-gala - Svenska Budo &amp; Kampsportsf\u00f6rbundet\",\"isPartOf\":{\"@id\":\"https:\/\/www.budokampsport.se\/#website\"},\"primaryImageOfPage\":{\"@id\":\"https:\/\/www.budokampsport.se\/2022\/09\/06\/khamzat-chimaev-huvudperson-i-helgens-ufc-gala\/#primaryimage\"},\"image\":{\"@id\":\"https:\/\/www.budokampsport.se\/2022\/09\/06\/khamzat-chimaev-huvudperson-i-helgens-ufc-gala\/#primaryimage\"},\"thumbnailUrl\":\"https:\/\/www.budokampsport.se\/wp-content\/uploads\/2022\/09\/ufc279.png\",\"datePublished\":\"2022-09-06T12:53:03+00:00\",\"dateModified\":\"2022-09-12T08:12:17+00:00\",\"author\":{\"@id\":\"https:\/\/www.budokampsport.se\/#\/schema\/person\/d80c0bc61f1787703168fc250ce69522\"},\"description\":\"MMA. Svensken g\u00e5r huvudmatch i Las Vegas mot veteranen Nate Diaz.\",\"breadcrumb\":{\"@id\":\"https:\/\/www.budokampsport.se\/2022\/09\/06\/khamzat-chimaev-huvudperson-i-helgens-ufc-gala\/#breadcrumb\"},\"inLanguage\":\"sv-SE\",\"potentialAction\":[{\"@type\":\"ReadAction\",\"target\":[\"https:\/\/www.budokampsport.se\/2022\/09\/06\/khamzat-chimaev-huvudperson-i-helgens-ufc-gala\/\"]}]},{\"@type\":\"ImageObject\",\"inLanguage\":\"sv-SE\",\"@id\":\"https:\/\/www.budokampsport.se\/2022\/09\/06\/khamzat-chimaev-huvudperson-i-helgens-ufc-gala\/#primaryimage\",\"url\":\"https:\/\/www.budokampsport.se\/wp-content\/uploads\/2022\/09\/ufc279.png\",\"contentUrl\":\"https:\/\/www.budokampsport.se\/wp-content\/uploads\/2022\/09\/ufc279.png\",\"width\":1200,\"height\":765,\"caption\":\"Poster f\u00f6r UFC 279: Chimaev vs. Diaz. Foto: ufc.com\"},{\"@type\":\"BreadcrumbList\",\"@id\":\"https:\/\/www.budokampsport.se\/2022\/09\/06\/khamzat-chimaev-huvudperson-i-helgens-ufc-gala\/#breadcrumb\",\"itemListElement\":[{\"@type\":\"ListItem\",\"position\":1,\"name\":\"Hem\",\"item\":\"https:\/\/www.budokampsport.se\/\"},{\"@type\":\"ListItem\",\"position\":2,\"name\":\"Khamzat Chimaev huvudperson i helgens UFC-gala\"}]},{\"@type\":\"WebSite\",\"@id\":\"https:\/\/www.budokampsport.se\/#website\",\"url\":\"https:\/\/www.budokampsport.se\/\",\"name\":\"Svenska Budo &amp; Kampsportsf\u00f6rbundet\",\"description\":\"T\u00e4vling, Tr\u00e4ning, Tradition\",\"potentialAction\":[{\"@type\":\"SearchAction\",\"target\":{\"@type\":\"EntryPoint\",\"urlTemplate\":\"https:\/\/www.budokampsport.se\/?s={search_term_string}\"},\"query-input\":{\"@type\":\"PropertyValueSpecification\",\"valueRequired\":true,\"valueName\":\"search_term_string\"}}],\"inLanguage\":\"sv-SE\"},{\"@type\":\"Person\",\"@id\":\"https:\/\/www.budokampsport.se\/#\/schema\/person\/d80c0bc61f1787703168fc250ce69522\",\"name\":\"Mats Lilja\",\"image\":{\"@type\":\"ImageObject\",\"inLanguage\":\"sv-SE\",\"@id\":\"https:\/\/www.budokampsport.se\/#\/schema\/person\/image\/\",\"url\":\"https:\/\/secure.gravatar.com\/avatar\/607f84918e96abe1ebbd8611782fa57d?s=96&d=blank&r=g\",\"contentUrl\":\"https:\/\/secure.gravatar.com\/avatar\/607f84918e96abe1ebbd8611782fa57d?s=96&d=blank&r=g\",\"caption\":\"Mats Lilja\"},\"url\":\"https:\/\/www.budokampsport.se\/author\/mats-lilja\/\"}]}<\/script>\n<!-- \/ Yoast SEO plugin. -->","yoast_head_json":{"title":"Khamzat Chimaev huvudperson i helgens UFC-gala - Svenska Budo &amp; Kampsportsf\u00f6rbundet","description":"MMA. Svensken g\u00e5r huvudmatch i Las Vegas mot veteranen Nate Diaz.","robots":{"index":"index","follow":"follow","max-snippet":"max-snippet:-1","max-image-preview":"max-image-preview:large","max-video-preview":"max-video-preview:-1"},"canonical":"https:\/\/www.budokampsport.se\/2022\/09\/06\/khamzat-chimaev-huvudperson-i-helgens-ufc-gala\/","og_locale":"sv_SE","og_type":"article","og_title":"Khamzat Chimaev huvudperson i helgens UFC-gala - Svenska Budo &amp; Kampsportsf\u00f6rbundet","og_description":"MMA. Svensken g\u00e5r huvudmatch i Las Vegas mot veteranen Nate Diaz.","og_url":"https:\/\/www.budokampsport.se\/2022\/09\/06\/khamzat-chimaev-huvudperson-i-helgens-ufc-gala\/","og_site_name":"Svenska Budo &amp; Kampsportsf\u00f6rbundet","article_published_time":"2022-09-06T12:53:03+00:00","article_modified_time":"2022-09-12T08:12:17+00:00","og_image":[{"width":1200,"height":765,"url":"https:\/\/www.budokampsport.se\/wp-content\/uploads\/2022\/09\/ufc279.png","type":"image\/png"}],"author":"Mats Lilja","twitter_card":"summary_large_image","twitter_misc":{"Skriven av":"Mats Lilja","Ber\u00e4knad l\u00e4stid":"2 minuter"},"schema":{"@context":"https:\/\/schema.org","@graph":[{"@type":"Article","@id":"https:\/\/www.budokampsport.se\/2022\/09\/06\/khamzat-chimaev-huvudperson-i-helgens-ufc-gala\/#article","isPartOf":{"@id":"https:\/\/www.budokampsport.se\/2022\/09\/06\/khamzat-chimaev-huvudperson-i-helgens-ufc-gala\/"},"author":{"name":"Mats Lilja","@id":"https:\/\/www.budokampsport.se\/#\/schema\/person\/d80c0bc61f1787703168fc250ce69522"},"headline":"Khamzat Chimaev huvudperson i helgens UFC-gala","datePublished":"2022-09-06T12:53:03+00:00","dateModified":"2022-09-12T08:12:17+00:00","mainEntityOfPage":{"@id":"https:\/\/www.budokampsport.se\/2022\/09\/06\/khamzat-chimaev-huvudperson-i-helgens-ufc-gala\/"},"wordCount":457,"commentCount":0,"image":{"@id":"https:\/\/www.budokampsport.se\/2022\/09\/06\/khamzat-chimaev-huvudperson-i-helgens-ufc-gala\/#primaryimage"},"thumbnailUrl":"https:\/\/www.budokampsport.se\/wp-content\/uploads\/2022\/09\/ufc279.png","inLanguage":"sv-SE","potentialAction":[{"@type":"CommentAction","name":"Comment","target":["https:\/\/www.budokampsport.se\/2022\/09\/06\/khamzat-chimaev-huvudperson-i-helgens-ufc-gala\/#respond"]}]},{"@type":"WebPage","@id":"https:\/\/www.budokampsport.se\/2022\/09\/06\/khamzat-chimaev-huvudperson-i-helgens-ufc-gala\/","url":"https:\/\/www.budokampsport.se\/2022\/09\/06\/khamzat-chimaev-huvudperson-i-helgens-ufc-gala\/","name":"Khamzat Chimaev huvudperson i helgens UFC-gala - Svenska Budo &amp; Kampsportsf\u00f6rbundet","isPartOf":{"@id":"https:\/\/www.budokampsport.se\/#website"},"primaryImageOfPage":{"@id":"https:\/\/www.budokampsport.se\/2022\/09\/06\/khamzat-chimaev-huvudperson-i-helgens-ufc-gala\/#primaryimage"},"image":{"@id":"https:\/\/www.budokampsport.se\/2022\/09\/06\/khamzat-chimaev-huvudperson-i-helgens-ufc-gala\/#primaryimage"},"thumbnailUrl":"https:\/\/www.budokampsport.se\/wp-content\/uploads\/2022\/09\/ufc279.png","datePublished":"2022-09-06T12:53:03+00:00","dateModified":"2022-09-12T08:12:17+00:00","author":{"@id":"https:\/\/www.budokampsport.se\/#\/schema\/person\/d80c0bc61f1787703168fc250ce69522"},"description":"MMA. Svensken g\u00e5r huvudmatch i Las Vegas mot veteranen Nate Diaz.","breadcrumb":{"@id":"https:\/\/www.budokampsport.se\/2022\/09\/06\/khamzat-chimaev-huvudperson-i-helgens-ufc-gala\/#breadcrumb"},"inLanguage":"sv-SE","potentialAction":[{"@type":"ReadAction","target":["https:\/\/www.budokampsport.se\/2022\/09\/06\/khamzat-chimaev-huvudperson-i-helgens-ufc-gala\/"]}]},{"@type":"ImageObject","inLanguage":"sv-SE","@id":"https:\/\/www.budokampsport.se\/2022\/09\/06\/khamzat-chimaev-huvudperson-i-helgens-ufc-gala\/#primaryimage","url":"https:\/\/www.budokampsport.se\/wp-content\/uploads\/2022\/09\/ufc279.png","contentUrl":"https:\/\/www.budokampsport.se\/wp-content\/uploads\/2022\/09\/ufc279.png","width":1200,"height":765,"caption":"Poster f\u00f6r UFC 279: Chimaev vs. Diaz. Foto: ufc.com"},{"@type":"BreadcrumbList","@id":"https:\/\/www.budokampsport.se\/2022\/09\/06\/khamzat-chimaev-huvudperson-i-helgens-ufc-gala\/#breadcrumb","itemListElement":[{"@type":"ListItem","position":1,"name":"Hem","item":"https:\/\/www.budokampsport.se\/"},{"@type":"ListItem","position":2,"name":"Khamzat Chimaev huvudperson i helgens UFC-gala"}]},{"@type":"WebSite","@id":"https:\/\/www.budokampsport.se\/#website","url":"https:\/\/www.budokampsport.se\/","name":"Svenska Budo &amp; Kampsportsf\u00f6rbundet","description":"T\u00e4vling, Tr\u00e4ning, Tradition","potentialAction":[{"@type":"SearchAction","target":{"@type":"EntryPoint","urlTemplate":"https:\/\/www.budokampsport.se\/?s={search_term_string}"},"query-input":{"@type":"PropertyValueSpecification","valueRequired":true,"valueName":"search_term_string"}}],"inLanguage":"sv-SE"},{"@type":"Person","@id":"https:\/\/www.budokampsport.se\/#\/schema\/person\/d80c0bc61f1787703168fc250ce69522","name":"Mats Lilja","image":{"@type":"ImageObject","inLanguage":"sv-SE","@id":"https:\/\/www.budokampsport.se\/#\/schema\/person\/image\/","url":"https:\/\/secure.gravatar.com\/avatar\/607f84918e96abe1ebbd8611782fa57d?s=96&d=blank&r=g","contentUrl":"https:\/\/secure.gravatar.com\/avatar\/607f84918e96abe1ebbd8611782fa57d?s=96&d=blank&r=g","caption":"Mats Lilja"},"url":"https:\/\/www.budokampsport.se\/author\/mats-lilja\/"}]}},"_links":{"self":[{"href":"https:\/\/www.budokampsport.se\/api\/wp\/v2\/posts\/141330","targetHints":{"allow":["GET"]}}],"collection":[{"href":"https:\/\/www.budokampsport.se\/api\/wp\/v2\/posts"}],"about":[{"href":"https:\/\/www.budokampsport.se\/api\/wp\/v2\/types\/post"}],"author":[{"embeddable":true,"href":"https:\/\/www.budokampsport.se\/api\/wp\/v2\/users\/914"}],"replies":[{"embeddable":true,"href":"https:\/\/www.budokampsport.se\/api\/wp\/v2\/comments?post=141330"}],"version-history":[{"count":0,"href":"https:\/\/www.budokampsport.se\/api\/wp\/v2\/posts\/141330\/revisions"}],"wp:featuredmedia":[{"embeddable":true,"href":"https:\/\/www.budokampsport.se\/api\/wp\/v2\/media\/141588"}],"wp:attachment":[{"href":"https:\/\/www.budokampsport.se\/api\/wp\/v2\/media?parent=141330"}],"wp:term":[{"taxonomy":"category","embeddable":true,"href":"https:\/\/www.budokampsport.se\/api\/wp\/v2\/categories?post=141330"},{"taxonomy":"post_tag","embeddable":true,"href":"https:\/\/www.budokampsport.se\/api\/wp\/v2\/tags?post=141330"}],"curies":[{"name":"wp","href":"https:\/\/api.w.org\/{rel}","templated":true}]}}