{"id":141647,"date":"2022-09-09T09:28:45","date_gmt":"2022-09-09T07:28:45","guid":{"rendered":"https:\/\/www.budokampsport.se\/?p=141647"},"modified":"2024-07-05T10:46:56","modified_gmt":"2024-07-05T08:46:56","slug":"tre-svenskar-i-naginata-em-i-helgen","status":"publish","type":"post","link":"https:\/\/www.budokampsport.se\/2022\/09\/09\/tre-svenskar-i-naginata-em-i-helgen\/","title":{"rendered":"Tre svenskar i naginata-EM i helgen"},"content":{"rendered":"<p>EM i naginata i belgiska Bryssel h\u00e5lls i helgen. Det blir tolfte g\u00e5ngen i ordningen ett EM h\u00e5lls och Sverige skickar tre idrottare dit.<\/p>\n<p>I stilen engi och shiai individuellt t\u00e4vlar <em><strong>Kirsi H\u00f6glund<\/strong><\/em> och <em><strong>Sophia Judkins<\/strong><\/em>. De b\u00e5da kompletteras i lagt\u00e4vlingen i shiai av <em><strong>Tulla Hagstr\u00f6m<\/strong><\/em>.<\/p>\n<p>&#8211; Jag hoppas sj\u00e4lvklart p\u00e5 goda resultat b\u00e5de f\u00f6r egen del och f\u00f6r Sophias och Tullas. Men det viktigaste och det jag ser mest fram emot \u00e4r att tr\u00e4ffa alla internationella naginata-v\u00e4nner.<\/p>\n<p>Det kommer att t\u00e4vlas i engi (kata) och shiai (f\u00e4ktningsliknande kamp med rustning), b\u00e5de individuellt och i lag. Sj\u00e4lva k\u00e4nslan att \u00e5ter f\u00e5 t\u00e4vla i EM, efter att m\u00e4sterskapet inte har anordnats under n\u00e5gra \u00e5r, beskriver Kirsi s\u00e5 h\u00e4r:<\/p>\n<p>&#8211; Det k\u00e4nns h\u00e4rligt att \u00e4ntligen f\u00e5 t\u00e4vla p\u00e5 ett m\u00e4sterskap igen, efter pandemi\u00e5ren. Det \u00e4r fantastiskt.<\/p>\n<h3>Svenskarna under EM<\/h3>\n<table style=\"border-collapse: collapse; width: 100%; height: 33px;\">\n<tbody>\n<tr style=\"height: 23px;\">\n<td style=\"height: 23px; width: 70%;\"><strong>ENGI <\/strong>(kata)<\/td>\n<\/tr>\n<tr style=\"height: 23px;\">\n<td style=\"height: 10px; width: 70%;\">\n<p><strong><img loading=\"lazy\" decoding=\"async\" class=\"size-full wp-image-122883 alignnone\" src=\"https:\/\/www.budokampsport.se\/wp-content\/uploads\/2020\/11\/sweden-flag-icon-16.png\" alt=\"Sveriges flagga\" width=\"16\" height=\"10\" \/> Kirsi H\u00f6glund<\/strong><br \/>\n<b><strong><img loading=\"lazy\" decoding=\"async\" class=\"size-full wp-image-122883 alignnone\" src=\"https:\/\/www.budokampsport.se\/wp-content\/uploads\/2020\/11\/sweden-flag-icon-16.png\" alt=\"Sveriges flagga\" width=\"16\" height=\"10\" \/> Sophia Judkins<\/strong><\/b><\/p>\n<\/td>\n<\/tr>\n<\/tbody>\n<\/table>\n<p>&nbsp;<\/p>\n<table style=\"border-collapse: collapse; width: 100%; height: 89px;\">\n<tbody>\n<tr style=\"height: 23px;\">\n<td style=\"height: 23px; width: 70%;\"><strong>SHIAI <\/strong>(f\u00e4ktningsliknande kamp med rustning)<\/td>\n<\/tr>\n<tr style=\"height: 23px;\">\n<td style=\"height: 10px; width: 70%;\">\n<p><strong><img loading=\"lazy\" decoding=\"async\" class=\"size-full wp-image-122883 alignnone\" src=\"https:\/\/www.budokampsport.se\/wp-content\/uploads\/2020\/11\/sweden-flag-icon-16.png\" alt=\"Sveriges flagga\" width=\"16\" height=\"10\" \/> Kirsi H\u00f6glund<\/strong><br \/>\n<b><strong><img loading=\"lazy\" decoding=\"async\" class=\"size-full wp-image-122883 alignnone\" src=\"https:\/\/www.budokampsport.se\/wp-content\/uploads\/2020\/11\/sweden-flag-icon-16.png\" alt=\"Sveriges flagga\" width=\"16\" height=\"10\" \/> Sophia Judkins<\/strong><\/b><\/p>\n<\/td>\n<\/tr>\n<\/tbody>\n<\/table>\n<p>&nbsp;<\/p>\n<table style=\"border-collapse: collapse; width: 100%; height: 89px;\">\n<tbody>\n<tr style=\"height: 23px;\">\n<td style=\"height: 23px; width: 70%;\"><strong>LAG-SHIAI\u00a0<\/strong><\/td>\n<\/tr>\n<tr style=\"height: 23px;\">\n<td style=\"height: 10px; width: 70%;\">\n<p><strong><img loading=\"lazy\" decoding=\"async\" class=\"size-full wp-image-122883 alignnone\" src=\"https:\/\/www.budokampsport.se\/wp-content\/uploads\/2020\/11\/sweden-flag-icon-16.png\" alt=\"Sveriges flagga\" width=\"16\" height=\"10\" \/> Kirsi H\u00f6glund<\/strong><br \/>\n<b><strong><img loading=\"lazy\" decoding=\"async\" class=\"size-full wp-image-122883 alignnone\" src=\"https:\/\/www.budokampsport.se\/wp-content\/uploads\/2020\/11\/sweden-flag-icon-16.png\" alt=\"Sveriges flagga\" width=\"16\" height=\"10\" \/> Sophia Judkins<br \/>\n<img loading=\"lazy\" decoding=\"async\" class=\"size-full wp-image-122883 alignnone\" src=\"https:\/\/www.budokampsport.se\/wp-content\/uploads\/2020\/11\/sweden-flag-icon-16.png\" alt=\"Sveriges flagga\" width=\"16\" height=\"10\" \/> Tulla Hagstr\u00f6m<br \/>\n<\/strong><\/b><\/p>\n<\/td>\n<\/tr>\n<\/tbody>\n<\/table>\n<p>&nbsp;<\/p>\n<p><figure id=\"attachment_141734\" aria-describedby=\"caption-attachment-141734\" style=\"width: 850px\" class=\"wp-caption alignnone\"><img loading=\"lazy\" decoding=\"async\" class=\"size-full wp-image-141734\" src=\"https:\/\/www.budokampsport.se\/wp-content\/uploads\/2022\/09\/naginata_ett.jpg\" alt=\"\" width=\"850\" height=\"1274\" srcset=\"https:\/\/www.budokampsport.se\/wp-content\/uploads\/2022\/09\/naginata_ett.jpg 850w, https:\/\/www.budokampsport.se\/wp-content\/uploads\/2022\/09\/naginata_ett-600x899.jpg 600w, https:\/\/www.budokampsport.se\/wp-content\/uploads\/2022\/09\/naginata_ett-251x376.jpg 251w, https:\/\/www.budokampsport.se\/wp-content\/uploads\/2022\/09\/naginata_ett-565x847.jpg 565w, https:\/\/www.budokampsport.se\/wp-content\/uploads\/2022\/09\/naginata_ett-185x278.jpg 185w, https:\/\/www.budokampsport.se\/wp-content\/uploads\/2022\/09\/naginata_ett-382x572.jpg 382w, https:\/\/www.budokampsport.se\/wp-content\/uploads\/2022\/09\/naginata_ett-572x857.jpg 572w\" sizes=\"auto, (max-width: 850px) 100vw, 850px\" \/><figcaption id=\"caption-attachment-141734\" class=\"wp-caption-text\"><em>Sophia Judkins\u00a0<\/em> \u00a0 \u00a0 \u00a0 \u00a0 \u00a0 \u00a0 \u00a0 \u00a0 \u00a0 \u00a0 \u00a0 \u00a0 \u00a0 \u00a0 \u00a0 \u00a0 \u00a0 \u00a0 \u00a0 \u00a0 \u00a0 \u00a0 \u00a0Foto: Peter Sj\u00f6din<\/figcaption><\/figure> <figure id=\"attachment_141735\" aria-describedby=\"caption-attachment-141735\" style=\"width: 850px\" class=\"wp-caption alignnone\"><img loading=\"lazy\" decoding=\"async\" class=\"size-full wp-image-141735\" src=\"https:\/\/www.budokampsport.se\/wp-content\/uploads\/2022\/09\/naginata_tva.jpg\" alt=\"\" width=\"850\" height=\"1274\" srcset=\"https:\/\/www.budokampsport.se\/wp-content\/uploads\/2022\/09\/naginata_tva.jpg 850w, https:\/\/www.budokampsport.se\/wp-content\/uploads\/2022\/09\/naginata_tva-600x899.jpg 600w, https:\/\/www.budokampsport.se\/wp-content\/uploads\/2022\/09\/naginata_tva-251x376.jpg 251w, https:\/\/www.budokampsport.se\/wp-content\/uploads\/2022\/09\/naginata_tva-565x847.jpg 565w, https:\/\/www.budokampsport.se\/wp-content\/uploads\/2022\/09\/naginata_tva-185x278.jpg 185w, https:\/\/www.budokampsport.se\/wp-content\/uploads\/2022\/09\/naginata_tva-382x572.jpg 382w, https:\/\/www.budokampsport.se\/wp-content\/uploads\/2022\/09\/naginata_tva-572x857.jpg 572w\" sizes=\"auto, (max-width: 850px) 100vw, 850px\" \/><figcaption id=\"caption-attachment-141735\" class=\"wp-caption-text\"><em>Kirsi H\u00f6glund\u00a0<\/em> \u00a0 \u00a0 \u00a0 \u00a0 \u00a0 \u00a0 \u00a0 \u00a0 \u00a0 \u00a0 \u00a0 \u00a0 \u00a0 \u00a0 \u00a0 \u00a0 \u00a0 \u00a0 \u00a0 \u00a0 \u00a0Foto: Peter Sj\u00f6din<\/figcaption><\/figure><\/p>\n<p>Text: Jonathan Broberg<\/p>\n","protected":false},"excerpt":{"rendered":"<p>NAGINATA. I helgen \u00e4r det dags f\u00f6r EM i naginata i Belgien. Tre svenskar t\u00e4vlar under m\u00e4sterskapet.<br \/><br>&#8211; Det k\u00e4nns h\u00e4rligt att \u00e4ntligen f\u00e5 t\u00e4vla p\u00e5 ett m\u00e4sterskap igen, s\u00e4ger landslagets Kirsi H\u00f6glund till budokampsport.se.<br \/><br>(Foto: Peter Sj\u00f6din)<\/p><br>","protected":false},"author":7,"featured_media":141733,"comment_status":"open","ping_status":"open","sticky":false,"template":"","format":"standard","meta":{"_acf_changed":false,"footnotes":""},"categories":[538],"tags":[],"class_list":["post-141647","post","type-post","status-publish","format-standard","has-post-thumbnail","hentry","category-naginata"],"acf":[],"yoast_head":"<!-- This site is optimized with the Yoast SEO plugin v26.8 - https:\/\/yoast.com\/product\/yoast-seo-wordpress\/ -->\n<title>Tre svenskar i naginata-EM i helgen - Svenska Budo &amp; Kampsportsf\u00f6rbundet<\/title>\n<meta name=\"description\" content=\"NAGINATA. I helgen \u00e4r det dags f\u00f6r EM i naginata i Belgien. Tre svenskar t\u00e4vlar under m\u00e4sterskapet. - Det k\u00e4nns h\u00e4rligt att \u00e4ntligen f\u00e5 t\u00e4vla p\u00e5 ett m\u00e4sterskap igen, s\u00e4ger landslagets Kirsi H\u00f6glund till budokampsport.se. (Foto: Peter Sj\u00f6din)\" \/>\n<meta name=\"robots\" content=\"index, follow, max-snippet:-1, max-image-preview:large, max-video-preview:-1\" \/>\n<link rel=\"canonical\" href=\"https:\/\/www.budokampsport.se\/2022\/09\/09\/tre-svenskar-i-naginata-em-i-helgen\/\" \/>\n<meta property=\"og:locale\" content=\"sv_SE\" \/>\n<meta property=\"og:type\" content=\"article\" \/>\n<meta property=\"og:title\" content=\"Tre svenskar i naginata-EM i helgen - Svenska Budo &amp; Kampsportsf\u00f6rbundet\" \/>\n<meta property=\"og:description\" content=\"NAGINATA. I helgen \u00e4r det dags f\u00f6r EM i naginata i Belgien. Tre svenskar t\u00e4vlar under m\u00e4sterskapet. - Det k\u00e4nns h\u00e4rligt att \u00e4ntligen f\u00e5 t\u00e4vla p\u00e5 ett m\u00e4sterskap igen, s\u00e4ger landslagets Kirsi H\u00f6glund till budokampsport.se. (Foto: Peter Sj\u00f6din)\" \/>\n<meta property=\"og:url\" content=\"https:\/\/www.budokampsport.se\/2022\/09\/09\/tre-svenskar-i-naginata-em-i-helgen\/\" \/>\n<meta property=\"og:site_name\" content=\"Svenska Budo &amp; Kampsportsf\u00f6rbundet\" \/>\n<meta property=\"article:author\" content=\"https:\/\/www.facebook.com\/jonathan.broberg.7\" \/>\n<meta property=\"article:published_time\" content=\"2022-09-09T07:28:45+00:00\" \/>\n<meta property=\"article:modified_time\" content=\"2024-07-05T08:46:56+00:00\" \/>\n<meta property=\"og:image\" content=\"https:\/\/www.budokampsport.se\/wp-content\/uploads\/2022\/09\/naginata_montage.jpg\" \/>\n\t<meta property=\"og:image:width\" content=\"850\" \/>\n\t<meta property=\"og:image:height\" content=\"570\" \/>\n\t<meta property=\"og:image:type\" content=\"image\/jpeg\" \/>\n<meta name=\"author\" content=\"Jonathan Broberg\" \/>\n<meta name=\"twitter:card\" content=\"summary_large_image\" \/>\n<meta name=\"twitter:label1\" content=\"Skriven av\" \/>\n\t<meta name=\"twitter:data1\" content=\"Jonathan Broberg\" \/>\n\t<meta name=\"twitter:label2\" content=\"Ber\u00e4knad l\u00e4stid\" \/>\n\t<meta name=\"twitter:data2\" content=\"3 minuter\" \/>\n<script type=\"application\/ld+json\" class=\"yoast-schema-graph\">{\"@context\":\"https:\/\/schema.org\",\"@graph\":[{\"@type\":\"Article\",\"@id\":\"https:\/\/www.budokampsport.se\/2022\/09\/09\/tre-svenskar-i-naginata-em-i-helgen\/#article\",\"isPartOf\":{\"@id\":\"https:\/\/www.budokampsport.se\/2022\/09\/09\/tre-svenskar-i-naginata-em-i-helgen\/\"},\"author\":{\"name\":\"Jonathan Broberg\",\"@id\":\"https:\/\/www.budokampsport.se\/#\/schema\/person\/5c06d81d14850e2a8ce5493386560145\"},\"headline\":\"Tre svenskar i naginata-EM i helgen\",\"datePublished\":\"2022-09-09T07:28:45+00:00\",\"dateModified\":\"2024-07-05T08:46:56+00:00\",\"mainEntityOfPage\":{\"@id\":\"https:\/\/www.budokampsport.se\/2022\/09\/09\/tre-svenskar-i-naginata-em-i-helgen\/\"},\"wordCount\":231,\"commentCount\":0,\"image\":{\"@id\":\"https:\/\/www.budokampsport.se\/2022\/09\/09\/tre-svenskar-i-naginata-em-i-helgen\/#primaryimage\"},\"thumbnailUrl\":\"https:\/\/www.budokampsport.se\/wp-content\/uploads\/2022\/09\/naginata_montage.jpg\",\"articleSection\":[\"Naginata\"],\"inLanguage\":\"sv-SE\",\"potentialAction\":[{\"@type\":\"CommentAction\",\"name\":\"Comment\",\"target\":[\"https:\/\/www.budokampsport.se\/2022\/09\/09\/tre-svenskar-i-naginata-em-i-helgen\/#respond\"]}]},{\"@type\":\"WebPage\",\"@id\":\"https:\/\/www.budokampsport.se\/2022\/09\/09\/tre-svenskar-i-naginata-em-i-helgen\/\",\"url\":\"https:\/\/www.budokampsport.se\/2022\/09\/09\/tre-svenskar-i-naginata-em-i-helgen\/\",\"name\":\"Tre svenskar i naginata-EM i helgen - Svenska Budo &amp; Kampsportsf\u00f6rbundet\",\"isPartOf\":{\"@id\":\"https:\/\/www.budokampsport.se\/#website\"},\"primaryImageOfPage\":{\"@id\":\"https:\/\/www.budokampsport.se\/2022\/09\/09\/tre-svenskar-i-naginata-em-i-helgen\/#primaryimage\"},\"image\":{\"@id\":\"https:\/\/www.budokampsport.se\/2022\/09\/09\/tre-svenskar-i-naginata-em-i-helgen\/#primaryimage\"},\"thumbnailUrl\":\"https:\/\/www.budokampsport.se\/wp-content\/uploads\/2022\/09\/naginata_montage.jpg\",\"datePublished\":\"2022-09-09T07:28:45+00:00\",\"dateModified\":\"2024-07-05T08:46:56+00:00\",\"author\":{\"@id\":\"https:\/\/www.budokampsport.se\/#\/schema\/person\/5c06d81d14850e2a8ce5493386560145\"},\"description\":\"NAGINATA. I helgen \u00e4r det dags f\u00f6r EM i naginata i Belgien. Tre svenskar t\u00e4vlar under m\u00e4sterskapet. - Det k\u00e4nns h\u00e4rligt att \u00e4ntligen f\u00e5 t\u00e4vla p\u00e5 ett m\u00e4sterskap igen, s\u00e4ger landslagets Kirsi H\u00f6glund till budokampsport.se. (Foto: Peter Sj\u00f6din)\",\"breadcrumb\":{\"@id\":\"https:\/\/www.budokampsport.se\/2022\/09\/09\/tre-svenskar-i-naginata-em-i-helgen\/#breadcrumb\"},\"inLanguage\":\"sv-SE\",\"potentialAction\":[{\"@type\":\"ReadAction\",\"target\":[\"https:\/\/www.budokampsport.se\/2022\/09\/09\/tre-svenskar-i-naginata-em-i-helgen\/\"]}]},{\"@type\":\"ImageObject\",\"inLanguage\":\"sv-SE\",\"@id\":\"https:\/\/www.budokampsport.se\/2022\/09\/09\/tre-svenskar-i-naginata-em-i-helgen\/#primaryimage\",\"url\":\"https:\/\/www.budokampsport.se\/wp-content\/uploads\/2022\/09\/naginata_montage.jpg\",\"contentUrl\":\"https:\/\/www.budokampsport.se\/wp-content\/uploads\/2022\/09\/naginata_montage.jpg\",\"width\":850,\"height\":570,\"caption\":\"Foto: Peter Sj\u00f6din\"},{\"@type\":\"BreadcrumbList\",\"@id\":\"https:\/\/www.budokampsport.se\/2022\/09\/09\/tre-svenskar-i-naginata-em-i-helgen\/#breadcrumb\",\"itemListElement\":[{\"@type\":\"ListItem\",\"position\":1,\"name\":\"Hem\",\"item\":\"https:\/\/www.budokampsport.se\/\"},{\"@type\":\"ListItem\",\"position\":2,\"name\":\"Tre svenskar i naginata-EM i helgen\"}]},{\"@type\":\"WebSite\",\"@id\":\"https:\/\/www.budokampsport.se\/#website\",\"url\":\"https:\/\/www.budokampsport.se\/\",\"name\":\"Svenska Budo &amp; Kampsportsf\u00f6rbundet\",\"description\":\"T\u00e4vling, Tr\u00e4ning, Tradition\",\"potentialAction\":[{\"@type\":\"SearchAction\",\"target\":{\"@type\":\"EntryPoint\",\"urlTemplate\":\"https:\/\/www.budokampsport.se\/?s={search_term_string}\"},\"query-input\":{\"@type\":\"PropertyValueSpecification\",\"valueRequired\":true,\"valueName\":\"search_term_string\"}}],\"inLanguage\":\"sv-SE\"},{\"@type\":\"Person\",\"@id\":\"https:\/\/www.budokampsport.se\/#\/schema\/person\/5c06d81d14850e2a8ce5493386560145\",\"name\":\"Jonathan Broberg\",\"image\":{\"@type\":\"ImageObject\",\"inLanguage\":\"sv-SE\",\"@id\":\"https:\/\/www.budokampsport.se\/#\/schema\/person\/image\/\",\"url\":\"https:\/\/secure.gravatar.com\/avatar\/a58041c6cea9128bd9c40ee2f26d4136?s=96&d=blank&r=g\",\"contentUrl\":\"https:\/\/secure.gravatar.com\/avatar\/a58041c6cea9128bd9c40ee2f26d4136?s=96&d=blank&r=g\",\"caption\":\"Jonathan Broberg\"},\"sameAs\":[\"https:\/\/www.facebook.com\/jonathan.broberg.7\"],\"url\":\"https:\/\/www.budokampsport.se\/author\/jonathan\/\"}]}<\/script>\n<!-- \/ Yoast SEO plugin. -->","yoast_head_json":{"title":"Tre svenskar i naginata-EM i helgen - Svenska Budo &amp; Kampsportsf\u00f6rbundet","description":"NAGINATA. I helgen \u00e4r det dags f\u00f6r EM i naginata i Belgien. Tre svenskar t\u00e4vlar under m\u00e4sterskapet. - Det k\u00e4nns h\u00e4rligt att \u00e4ntligen f\u00e5 t\u00e4vla p\u00e5 ett m\u00e4sterskap igen, s\u00e4ger landslagets Kirsi H\u00f6glund till budokampsport.se. (Foto: Peter Sj\u00f6din)","robots":{"index":"index","follow":"follow","max-snippet":"max-snippet:-1","max-image-preview":"max-image-preview:large","max-video-preview":"max-video-preview:-1"},"canonical":"https:\/\/www.budokampsport.se\/2022\/09\/09\/tre-svenskar-i-naginata-em-i-helgen\/","og_locale":"sv_SE","og_type":"article","og_title":"Tre svenskar i naginata-EM i helgen - Svenska Budo &amp; Kampsportsf\u00f6rbundet","og_description":"NAGINATA. I helgen \u00e4r det dags f\u00f6r EM i naginata i Belgien. Tre svenskar t\u00e4vlar under m\u00e4sterskapet. - Det k\u00e4nns h\u00e4rligt att \u00e4ntligen f\u00e5 t\u00e4vla p\u00e5 ett m\u00e4sterskap igen, s\u00e4ger landslagets Kirsi H\u00f6glund till budokampsport.se. (Foto: Peter Sj\u00f6din)","og_url":"https:\/\/www.budokampsport.se\/2022\/09\/09\/tre-svenskar-i-naginata-em-i-helgen\/","og_site_name":"Svenska Budo &amp; Kampsportsf\u00f6rbundet","article_author":"https:\/\/www.facebook.com\/jonathan.broberg.7","article_published_time":"2022-09-09T07:28:45+00:00","article_modified_time":"2024-07-05T08:46:56+00:00","og_image":[{"width":850,"height":570,"url":"https:\/\/www.budokampsport.se\/wp-content\/uploads\/2022\/09\/naginata_montage.jpg","type":"image\/jpeg"}],"author":"Jonathan Broberg","twitter_card":"summary_large_image","twitter_misc":{"Skriven av":"Jonathan Broberg","Ber\u00e4knad l\u00e4stid":"3 minuter"},"schema":{"@context":"https:\/\/schema.org","@graph":[{"@type":"Article","@id":"https:\/\/www.budokampsport.se\/2022\/09\/09\/tre-svenskar-i-naginata-em-i-helgen\/#article","isPartOf":{"@id":"https:\/\/www.budokampsport.se\/2022\/09\/09\/tre-svenskar-i-naginata-em-i-helgen\/"},"author":{"name":"Jonathan Broberg","@id":"https:\/\/www.budokampsport.se\/#\/schema\/person\/5c06d81d14850e2a8ce5493386560145"},"headline":"Tre svenskar i naginata-EM i helgen","datePublished":"2022-09-09T07:28:45+00:00","dateModified":"2024-07-05T08:46:56+00:00","mainEntityOfPage":{"@id":"https:\/\/www.budokampsport.se\/2022\/09\/09\/tre-svenskar-i-naginata-em-i-helgen\/"},"wordCount":231,"commentCount":0,"image":{"@id":"https:\/\/www.budokampsport.se\/2022\/09\/09\/tre-svenskar-i-naginata-em-i-helgen\/#primaryimage"},"thumbnailUrl":"https:\/\/www.budokampsport.se\/wp-content\/uploads\/2022\/09\/naginata_montage.jpg","articleSection":["Naginata"],"inLanguage":"sv-SE","potentialAction":[{"@type":"CommentAction","name":"Comment","target":["https:\/\/www.budokampsport.se\/2022\/09\/09\/tre-svenskar-i-naginata-em-i-helgen\/#respond"]}]},{"@type":"WebPage","@id":"https:\/\/www.budokampsport.se\/2022\/09\/09\/tre-svenskar-i-naginata-em-i-helgen\/","url":"https:\/\/www.budokampsport.se\/2022\/09\/09\/tre-svenskar-i-naginata-em-i-helgen\/","name":"Tre svenskar i naginata-EM i helgen - Svenska Budo &amp; Kampsportsf\u00f6rbundet","isPartOf":{"@id":"https:\/\/www.budokampsport.se\/#website"},"primaryImageOfPage":{"@id":"https:\/\/www.budokampsport.se\/2022\/09\/09\/tre-svenskar-i-naginata-em-i-helgen\/#primaryimage"},"image":{"@id":"https:\/\/www.budokampsport.se\/2022\/09\/09\/tre-svenskar-i-naginata-em-i-helgen\/#primaryimage"},"thumbnailUrl":"https:\/\/www.budokampsport.se\/wp-content\/uploads\/2022\/09\/naginata_montage.jpg","datePublished":"2022-09-09T07:28:45+00:00","dateModified":"2024-07-05T08:46:56+00:00","author":{"@id":"https:\/\/www.budokampsport.se\/#\/schema\/person\/5c06d81d14850e2a8ce5493386560145"},"description":"NAGINATA. I helgen \u00e4r det dags f\u00f6r EM i naginata i Belgien. Tre svenskar t\u00e4vlar under m\u00e4sterskapet. - Det k\u00e4nns h\u00e4rligt att \u00e4ntligen f\u00e5 t\u00e4vla p\u00e5 ett m\u00e4sterskap igen, s\u00e4ger landslagets Kirsi H\u00f6glund till budokampsport.se. (Foto: Peter Sj\u00f6din)","breadcrumb":{"@id":"https:\/\/www.budokampsport.se\/2022\/09\/09\/tre-svenskar-i-naginata-em-i-helgen\/#breadcrumb"},"inLanguage":"sv-SE","potentialAction":[{"@type":"ReadAction","target":["https:\/\/www.budokampsport.se\/2022\/09\/09\/tre-svenskar-i-naginata-em-i-helgen\/"]}]},{"@type":"ImageObject","inLanguage":"sv-SE","@id":"https:\/\/www.budokampsport.se\/2022\/09\/09\/tre-svenskar-i-naginata-em-i-helgen\/#primaryimage","url":"https:\/\/www.budokampsport.se\/wp-content\/uploads\/2022\/09\/naginata_montage.jpg","contentUrl":"https:\/\/www.budokampsport.se\/wp-content\/uploads\/2022\/09\/naginata_montage.jpg","width":850,"height":570,"caption":"Foto: Peter Sj\u00f6din"},{"@type":"BreadcrumbList","@id":"https:\/\/www.budokampsport.se\/2022\/09\/09\/tre-svenskar-i-naginata-em-i-helgen\/#breadcrumb","itemListElement":[{"@type":"ListItem","position":1,"name":"Hem","item":"https:\/\/www.budokampsport.se\/"},{"@type":"ListItem","position":2,"name":"Tre svenskar i naginata-EM i helgen"}]},{"@type":"WebSite","@id":"https:\/\/www.budokampsport.se\/#website","url":"https:\/\/www.budokampsport.se\/","name":"Svenska Budo &amp; Kampsportsf\u00f6rbundet","description":"T\u00e4vling, Tr\u00e4ning, Tradition","potentialAction":[{"@type":"SearchAction","target":{"@type":"EntryPoint","urlTemplate":"https:\/\/www.budokampsport.se\/?s={search_term_string}"},"query-input":{"@type":"PropertyValueSpecification","valueRequired":true,"valueName":"search_term_string"}}],"inLanguage":"sv-SE"},{"@type":"Person","@id":"https:\/\/www.budokampsport.se\/#\/schema\/person\/5c06d81d14850e2a8ce5493386560145","name":"Jonathan Broberg","image":{"@type":"ImageObject","inLanguage":"sv-SE","@id":"https:\/\/www.budokampsport.se\/#\/schema\/person\/image\/","url":"https:\/\/secure.gravatar.com\/avatar\/a58041c6cea9128bd9c40ee2f26d4136?s=96&d=blank&r=g","contentUrl":"https:\/\/secure.gravatar.com\/avatar\/a58041c6cea9128bd9c40ee2f26d4136?s=96&d=blank&r=g","caption":"Jonathan Broberg"},"sameAs":["https:\/\/www.facebook.com\/jonathan.broberg.7"],"url":"https:\/\/www.budokampsport.se\/author\/jonathan\/"}]}},"_links":{"self":[{"href":"https:\/\/www.budokampsport.se\/api\/wp\/v2\/posts\/141647","targetHints":{"allow":["GET"]}}],"collection":[{"href":"https:\/\/www.budokampsport.se\/api\/wp\/v2\/posts"}],"about":[{"href":"https:\/\/www.budokampsport.se\/api\/wp\/v2\/types\/post"}],"author":[{"embeddable":true,"href":"https:\/\/www.budokampsport.se\/api\/wp\/v2\/users\/7"}],"replies":[{"embeddable":true,"href":"https:\/\/www.budokampsport.se\/api\/wp\/v2\/comments?post=141647"}],"version-history":[{"count":0,"href":"https:\/\/www.budokampsport.se\/api\/wp\/v2\/posts\/141647\/revisions"}],"wp:featuredmedia":[{"embeddable":true,"href":"https:\/\/www.budokampsport.se\/api\/wp\/v2\/media\/141733"}],"wp:attachment":[{"href":"https:\/\/www.budokampsport.se\/api\/wp\/v2\/media?parent=141647"}],"wp:term":[{"taxonomy":"category","embeddable":true,"href":"https:\/\/www.budokampsport.se\/api\/wp\/v2\/categories?post=141647"},{"taxonomy":"post_tag","embeddable":true,"href":"https:\/\/www.budokampsport.se\/api\/wp\/v2\/tags?post=141647"}],"curies":[{"name":"wp","href":"https:\/\/api.w.org\/{rel}","templated":true}]}}