{"id":141658,"date":"2022-09-09T11:22:30","date_gmt":"2022-09-09T09:22:30","guid":{"rendered":"https:\/\/www.budokampsport.se\/?p=141658"},"modified":"2022-09-09T11:22:30","modified_gmt":"2022-09-09T09:22:30","slug":"projektet-kampsport-for-fler-gar-framat","status":"publish","type":"post","link":"https:\/\/www.budokampsport.se\/2022\/09\/09\/projektet-kampsport-for-fler-gar-framat\/","title":{"rendered":"Projektet \u201dKampsport f\u00f6r fler\u201d g\u00e5r fram\u00e5t"},"content":{"rendered":"<p>I b\u00f6rjan p\u00e5 sommaren anst\u00e4lldes Gabriella Ringblom f\u00f6r att driva <a href=\"https:\/\/www.budokampsport.se\/2022\/06\/22\/gabriella-ringblom-leder-ny-sbk-satsning\/\" target=\"_blank\" rel=\"noopener\">&#8220;Kampsport f\u00f6r fler&#8221;<\/a> med syftet att g\u00f6ra kampsporten mer tillg\u00e4nglig och h\u00e5llbar f\u00f6r alla. Fokus ligger p\u00e5 f\u00f6rbundets paraverksamhet och <a href=\"https:\/\/www.budokampsport.se\/forbund\/motoriq-physical-literacy\/\" target=\"_blank\" rel=\"noopener\">Physical Literacy<\/a>. <\/p>\n<p>M\u00e5ls\u00e4ttningen med projektet \u00e4r att skapa material och utforma en eller flera utbildningar i vad paraidrott kan vara och hur vi kan bli b\u00e4ttre p\u00e5 att inkludera. M\u00e5let \u00e4r ocks\u00e5 att integrera paraidrott i <a href=\"https:\/\/www.budokampsport.se\/2021\/04\/14\/kampsportsskolan-ar-tillbaka\/\" target=\"_blank\" rel=\"noopener\">Kampsportsskolan<\/a> samt att ta fram ett koncept f\u00f6r en \u00e5rlig \u201dParadag\u201d.<\/p>\n<h3>Research och framtagande av underlag<\/h3>\n<p>Under sommaren och b\u00f6rjan av h\u00f6sten har f\u00f6rbundet h\u00e4mtat in information, kontaktat f\u00f6reningar och skickat ut enk\u00e4ter f\u00f6r att f\u00e5 en tydligare bild hur vi tillsammans kan n\u00e5 m\u00e5let. Hur paraverksamheten i f\u00f6rbundet ser ut idag och vilka f\u00f6rb\u00e4ttringar som beh\u00f6vs.<\/p>\n<p>\u2013 Det finns en \u00f6nskan fr\u00e5n f\u00f6reningarna om att vara mer inkluderande i den ordinarie verksamheten. Det \u00e4r ocks\u00e5 v\u00e5r str\u00e4van med det material och den utbildning vi just nu utformar, att ge verktyg som g\u00f6r det enkelt att inkludera. Vi vill \u00e4ven n\u00e5 de som kanske inte t\u00e4nker att kampsport skulle fungera tillsammans med deras funktionsvariation, den gruppen \u00e4r det viktigt att n\u00e5. Kampsporten \u00e4r till f\u00f6r alla, s\u00e4ger Ringblom.<\/p>\n<p>\u2013 Utbildningarna som vi tar fram kommer att skapas i ett fysiskt och i ett digitalt format. Vi ska utveckla lekar som alla kan delta i och som kommer ing\u00e5 i Kampsportsskolan.\u00a0<\/p>\n<p>Kampsportsskolan \u00e4r ett \u201ctesta och l\u00e4ra\u201d-koncept d\u00e4r barn f\u00e5r m\u00f6jlighet att testa p\u00e5 gl\u00e4djefylld fysisk aktivitet och uppleva kampsportens positiva effekter. Den bygger p\u00e5 Physical Literacy som \u00e4r ett internationellt allm\u00e4nt vedertaget begrepp inom b\u00e5de forskning och fysisk utbildning.<\/p>\n<p>\u2013 Tanken \u00e4r ocks\u00e5 att g\u00f6ra ett koncept f\u00f6r en \u00e5rlig Paradag, en dag f\u00f6r att hylla gemenskap och d\u00e4r vi ska kunna bjuda in nya m\u00e4nniskor att prova p\u00e5 v\u00e5ra idrotter. En \u00f6nskan h\u00e4r \u00e4r att bygga kontaktn\u00e4t med andra enheter i samh\u00e4llet f\u00f6r att n\u00e5 fler. Vi vill hj\u00e4lpa folk att hitta till v\u00e5ra idrotter, vi vill att fler ska vara fysiskt aktiva, ha en god fysisk f\u00f6rm\u00e5ga och en god sj\u00e4lvk\u00e4nsla. Att fler f\u00e5r motivation och k\u00e4nna gl\u00e4dje inf\u00f6r fysisk tr\u00e4ning, f\u00f6rklarar Ringblom.<\/p>\n<h3>Pilotf\u00f6reningar s\u00f6kes<\/h3>\n<p>\u2013 Materialet ska vara s\u00e5 gott som klart i slutet p\u00e5 denna termin och d\u00e5 kommer vi beh\u00f6va testk\u00f6ra tillsammans med pilotf\u00f6reningar, s\u00e5 \u00e4r er f\u00f6rening intresserad att vara en del av detta och att driva projektet fram\u00e5t f\u00e5r de g\u00e4rna kontakta mig.<\/p>\n<p>SB&amp;K:s projektledare Gabriella Ringblom n\u00e5s p\u00e5 <a href=\"mailto:gabriella.utbildning@budo.se\" target=\"_blank\" rel=\"noopener\">gabriella.utbildning@budo.se<\/a><\/p>\n<p>Text: Annie Bondefelt<\/p>\n","protected":false},"excerpt":{"rendered":"<p>PARA. Projektet \u201dKampsport f\u00f6r fler\u201d har dragit i g\u00e5ng under sommaren och projektet har fokuserat p\u00e5 att ta in information och s\u00e4tta samman ett underlag f\u00f6r den fortsatta processen. Paraidrott och Kampsportsskolan \u00e4r i fokus och nu n\u00e4rmar sig n\u00e4sta del d\u00e4r er f\u00f6rening kan g\u00f6ra skillnad.<br \/><br>(Foto: Ludvig Thunman\/Bildbyr\u00e5n)<\/p><br>","protected":false},"author":120,"featured_media":133147,"comment_status":"open","ping_status":"open","sticky":false,"template":"","format":"standard","meta":{"_acf_changed":false,"footnotes":""},"categories":[273],"tags":[],"class_list":["post-141658","post","type-post","status-publish","format-standard","has-post-thumbnail","hentry","category-utbildning"],"acf":[],"yoast_head":"<!-- This site is optimized with the Yoast SEO plugin v26.8 - https:\/\/yoast.com\/product\/yoast-seo-wordpress\/ -->\n<title>Projektet \u201dKampsport f\u00f6r fler\u201d g\u00e5r fram\u00e5t - Svenska Budo &amp; Kampsportsf\u00f6rbundet<\/title>\n<meta name=\"description\" content=\"PARA. Projektet \u201dKampsport f\u00f6r fler\u201d har dragit i g\u00e5ng under sommaren och projektet har fokuserat p\u00e5 att ta in information och s\u00e4tta samman ett underlag f\u00f6r den fortsatta processen. Paraidrott och Kampsportsskolan \u00e4r i fokus och nu n\u00e4rmar sig n\u00e4sta del d\u00e4r er f\u00f6rening kan g\u00f6ra skillnad. (Foto: Ludvig Thunman\/Bildbyr\u00e5n)\" \/>\n<meta name=\"robots\" content=\"index, follow, max-snippet:-1, max-image-preview:large, max-video-preview:-1\" \/>\n<link rel=\"canonical\" href=\"https:\/\/www.budokampsport.se\/2022\/09\/09\/projektet-kampsport-for-fler-gar-framat\/\" \/>\n<meta property=\"og:locale\" content=\"sv_SE\" \/>\n<meta property=\"og:type\" content=\"article\" \/>\n<meta property=\"og:title\" content=\"Projektet \u201dKampsport f\u00f6r fler\u201d g\u00e5r fram\u00e5t - Svenska Budo &amp; Kampsportsf\u00f6rbundet\" \/>\n<meta property=\"og:description\" content=\"PARA. Projektet \u201dKampsport f\u00f6r fler\u201d har dragit i g\u00e5ng under sommaren och projektet har fokuserat p\u00e5 att ta in information och s\u00e4tta samman ett underlag f\u00f6r den fortsatta processen. Paraidrott och Kampsportsskolan \u00e4r i fokus och nu n\u00e4rmar sig n\u00e4sta del d\u00e4r er f\u00f6rening kan g\u00f6ra skillnad. (Foto: Ludvig Thunman\/Bildbyr\u00e5n)\" \/>\n<meta property=\"og:url\" content=\"https:\/\/www.budokampsport.se\/2022\/09\/09\/projektet-kampsport-for-fler-gar-framat\/\" \/>\n<meta property=\"og:site_name\" content=\"Svenska Budo &amp; Kampsportsf\u00f6rbundet\" \/>\n<meta property=\"article:published_time\" content=\"2022-09-09T09:22:30+00:00\" \/>\n<meta property=\"og:image\" content=\"https:\/\/www.budokampsport.se\/wp-content\/uploads\/2021\/12\/BB190907LT025-1200px.jpg\" \/>\n\t<meta property=\"og:image:width\" content=\"1200\" \/>\n\t<meta property=\"og:image:height\" content=\"800\" \/>\n\t<meta property=\"og:image:type\" content=\"image\/jpeg\" \/>\n<meta name=\"author\" content=\"Annie Carriage\" \/>\n<meta name=\"twitter:card\" content=\"summary_large_image\" \/>\n<meta name=\"twitter:label1\" content=\"Skriven av\" \/>\n\t<meta name=\"twitter:data1\" content=\"Annie Carriage\" \/>\n\t<meta name=\"twitter:label2\" content=\"Ber\u00e4knad l\u00e4stid\" \/>\n\t<meta name=\"twitter:data2\" content=\"2 minuter\" \/>\n<script type=\"application\/ld+json\" class=\"yoast-schema-graph\">{\"@context\":\"https:\/\/schema.org\",\"@graph\":[{\"@type\":\"Article\",\"@id\":\"https:\/\/www.budokampsport.se\/2022\/09\/09\/projektet-kampsport-for-fler-gar-framat\/#article\",\"isPartOf\":{\"@id\":\"https:\/\/www.budokampsport.se\/2022\/09\/09\/projektet-kampsport-for-fler-gar-framat\/\"},\"author\":{\"name\":\"Annie Carriage\",\"@id\":\"https:\/\/www.budokampsport.se\/#\/schema\/person\/c838cace8171f692e363fde3f38f208b\"},\"headline\":\"Projektet \u201dKampsport f\u00f6r fler\u201d g\u00e5r fram\u00e5t\",\"datePublished\":\"2022-09-09T09:22:30+00:00\",\"mainEntityOfPage\":{\"@id\":\"https:\/\/www.budokampsport.se\/2022\/09\/09\/projektet-kampsport-for-fler-gar-framat\/\"},\"wordCount\":491,\"commentCount\":0,\"image\":{\"@id\":\"https:\/\/www.budokampsport.se\/2022\/09\/09\/projektet-kampsport-for-fler-gar-framat\/#primaryimage\"},\"thumbnailUrl\":\"https:\/\/www.budokampsport.se\/wp-content\/uploads\/2021\/12\/BB190907LT025-1200px.jpg\",\"articleSection\":[\"Utbildning\"],\"inLanguage\":\"sv-SE\",\"potentialAction\":[{\"@type\":\"CommentAction\",\"name\":\"Comment\",\"target\":[\"https:\/\/www.budokampsport.se\/2022\/09\/09\/projektet-kampsport-for-fler-gar-framat\/#respond\"]}]},{\"@type\":\"WebPage\",\"@id\":\"https:\/\/www.budokampsport.se\/2022\/09\/09\/projektet-kampsport-for-fler-gar-framat\/\",\"url\":\"https:\/\/www.budokampsport.se\/2022\/09\/09\/projektet-kampsport-for-fler-gar-framat\/\",\"name\":\"Projektet \u201dKampsport f\u00f6r fler\u201d g\u00e5r fram\u00e5t - Svenska Budo &amp; Kampsportsf\u00f6rbundet\",\"isPartOf\":{\"@id\":\"https:\/\/www.budokampsport.se\/#website\"},\"primaryImageOfPage\":{\"@id\":\"https:\/\/www.budokampsport.se\/2022\/09\/09\/projektet-kampsport-for-fler-gar-framat\/#primaryimage\"},\"image\":{\"@id\":\"https:\/\/www.budokampsport.se\/2022\/09\/09\/projektet-kampsport-for-fler-gar-framat\/#primaryimage\"},\"thumbnailUrl\":\"https:\/\/www.budokampsport.se\/wp-content\/uploads\/2021\/12\/BB190907LT025-1200px.jpg\",\"datePublished\":\"2022-09-09T09:22:30+00:00\",\"author\":{\"@id\":\"https:\/\/www.budokampsport.se\/#\/schema\/person\/c838cace8171f692e363fde3f38f208b\"},\"description\":\"PARA. Projektet \u201dKampsport f\u00f6r fler\u201d har dragit i g\u00e5ng under sommaren och projektet har fokuserat p\u00e5 att ta in information och s\u00e4tta samman ett underlag f\u00f6r den fortsatta processen. Paraidrott och Kampsportsskolan \u00e4r i fokus och nu n\u00e4rmar sig n\u00e4sta del d\u00e4r er f\u00f6rening kan g\u00f6ra skillnad. (Foto: Ludvig Thunman\/Bildbyr\u00e5n)\",\"breadcrumb\":{\"@id\":\"https:\/\/www.budokampsport.se\/2022\/09\/09\/projektet-kampsport-for-fler-gar-framat\/#breadcrumb\"},\"inLanguage\":\"sv-SE\",\"potentialAction\":[{\"@type\":\"ReadAction\",\"target\":[\"https:\/\/www.budokampsport.se\/2022\/09\/09\/projektet-kampsport-for-fler-gar-framat\/\"]}]},{\"@type\":\"ImageObject\",\"inLanguage\":\"sv-SE\",\"@id\":\"https:\/\/www.budokampsport.se\/2022\/09\/09\/projektet-kampsport-for-fler-gar-framat\/#primaryimage\",\"url\":\"https:\/\/www.budokampsport.se\/wp-content\/uploads\/2021\/12\/BB190907LT025-1200px.jpg\",\"contentUrl\":\"https:\/\/www.budokampsport.se\/wp-content\/uploads\/2021\/12\/BB190907LT025-1200px.jpg\",\"width\":1200,\"height\":800,\"caption\":\"Foto: Ludvig Thunman \/ BILDBYR\u00c5N\"},{\"@type\":\"BreadcrumbList\",\"@id\":\"https:\/\/www.budokampsport.se\/2022\/09\/09\/projektet-kampsport-for-fler-gar-framat\/#breadcrumb\",\"itemListElement\":[{\"@type\":\"ListItem\",\"position\":1,\"name\":\"Hem\",\"item\":\"https:\/\/www.budokampsport.se\/\"},{\"@type\":\"ListItem\",\"position\":2,\"name\":\"Projektet \u201dKampsport f\u00f6r fler\u201d g\u00e5r fram\u00e5t\"}]},{\"@type\":\"WebSite\",\"@id\":\"https:\/\/www.budokampsport.se\/#website\",\"url\":\"https:\/\/www.budokampsport.se\/\",\"name\":\"Svenska Budo &amp; Kampsportsf\u00f6rbundet\",\"description\":\"T\u00e4vling, Tr\u00e4ning, Tradition\",\"potentialAction\":[{\"@type\":\"SearchAction\",\"target\":{\"@type\":\"EntryPoint\",\"urlTemplate\":\"https:\/\/www.budokampsport.se\/?s={search_term_string}\"},\"query-input\":{\"@type\":\"PropertyValueSpecification\",\"valueRequired\":true,\"valueName\":\"search_term_string\"}}],\"inLanguage\":\"sv-SE\"},{\"@type\":\"Person\",\"@id\":\"https:\/\/www.budokampsport.se\/#\/schema\/person\/c838cace8171f692e363fde3f38f208b\",\"name\":\"Annie Carriage\",\"image\":{\"@type\":\"ImageObject\",\"inLanguage\":\"sv-SE\",\"@id\":\"https:\/\/www.budokampsport.se\/#\/schema\/person\/image\/\",\"url\":\"https:\/\/secure.gravatar.com\/avatar\/9311295560bdfbdf78365a26f7df1876?s=96&d=blank&r=g\",\"contentUrl\":\"https:\/\/secure.gravatar.com\/avatar\/9311295560bdfbdf78365a26f7df1876?s=96&d=blank&r=g\",\"caption\":\"Annie Carriage\"},\"url\":\"https:\/\/www.budokampsport.se\/author\/annie-bondefelt\/\"}]}<\/script>\n<!-- \/ Yoast SEO plugin. -->","yoast_head_json":{"title":"Projektet \u201dKampsport f\u00f6r fler\u201d g\u00e5r fram\u00e5t - Svenska Budo &amp; Kampsportsf\u00f6rbundet","description":"PARA. Projektet \u201dKampsport f\u00f6r fler\u201d har dragit i g\u00e5ng under sommaren och projektet har fokuserat p\u00e5 att ta in information och s\u00e4tta samman ett underlag f\u00f6r den fortsatta processen. Paraidrott och Kampsportsskolan \u00e4r i fokus och nu n\u00e4rmar sig n\u00e4sta del d\u00e4r er f\u00f6rening kan g\u00f6ra skillnad. (Foto: Ludvig Thunman\/Bildbyr\u00e5n)","robots":{"index":"index","follow":"follow","max-snippet":"max-snippet:-1","max-image-preview":"max-image-preview:large","max-video-preview":"max-video-preview:-1"},"canonical":"https:\/\/www.budokampsport.se\/2022\/09\/09\/projektet-kampsport-for-fler-gar-framat\/","og_locale":"sv_SE","og_type":"article","og_title":"Projektet \u201dKampsport f\u00f6r fler\u201d g\u00e5r fram\u00e5t - Svenska Budo &amp; Kampsportsf\u00f6rbundet","og_description":"PARA. Projektet \u201dKampsport f\u00f6r fler\u201d har dragit i g\u00e5ng under sommaren och projektet har fokuserat p\u00e5 att ta in information och s\u00e4tta samman ett underlag f\u00f6r den fortsatta processen. Paraidrott och Kampsportsskolan \u00e4r i fokus och nu n\u00e4rmar sig n\u00e4sta del d\u00e4r er f\u00f6rening kan g\u00f6ra skillnad. (Foto: Ludvig Thunman\/Bildbyr\u00e5n)","og_url":"https:\/\/www.budokampsport.se\/2022\/09\/09\/projektet-kampsport-for-fler-gar-framat\/","og_site_name":"Svenska Budo &amp; Kampsportsf\u00f6rbundet","article_published_time":"2022-09-09T09:22:30+00:00","og_image":[{"width":1200,"height":800,"url":"https:\/\/www.budokampsport.se\/wp-content\/uploads\/2021\/12\/BB190907LT025-1200px.jpg","type":"image\/jpeg"}],"author":"Annie Carriage","twitter_card":"summary_large_image","twitter_misc":{"Skriven av":"Annie Carriage","Ber\u00e4knad l\u00e4stid":"2 minuter"},"schema":{"@context":"https:\/\/schema.org","@graph":[{"@type":"Article","@id":"https:\/\/www.budokampsport.se\/2022\/09\/09\/projektet-kampsport-for-fler-gar-framat\/#article","isPartOf":{"@id":"https:\/\/www.budokampsport.se\/2022\/09\/09\/projektet-kampsport-for-fler-gar-framat\/"},"author":{"name":"Annie Carriage","@id":"https:\/\/www.budokampsport.se\/#\/schema\/person\/c838cace8171f692e363fde3f38f208b"},"headline":"Projektet \u201dKampsport f\u00f6r fler\u201d g\u00e5r fram\u00e5t","datePublished":"2022-09-09T09:22:30+00:00","mainEntityOfPage":{"@id":"https:\/\/www.budokampsport.se\/2022\/09\/09\/projektet-kampsport-for-fler-gar-framat\/"},"wordCount":491,"commentCount":0,"image":{"@id":"https:\/\/www.budokampsport.se\/2022\/09\/09\/projektet-kampsport-for-fler-gar-framat\/#primaryimage"},"thumbnailUrl":"https:\/\/www.budokampsport.se\/wp-content\/uploads\/2021\/12\/BB190907LT025-1200px.jpg","articleSection":["Utbildning"],"inLanguage":"sv-SE","potentialAction":[{"@type":"CommentAction","name":"Comment","target":["https:\/\/www.budokampsport.se\/2022\/09\/09\/projektet-kampsport-for-fler-gar-framat\/#respond"]}]},{"@type":"WebPage","@id":"https:\/\/www.budokampsport.se\/2022\/09\/09\/projektet-kampsport-for-fler-gar-framat\/","url":"https:\/\/www.budokampsport.se\/2022\/09\/09\/projektet-kampsport-for-fler-gar-framat\/","name":"Projektet \u201dKampsport f\u00f6r fler\u201d g\u00e5r fram\u00e5t - Svenska Budo &amp; Kampsportsf\u00f6rbundet","isPartOf":{"@id":"https:\/\/www.budokampsport.se\/#website"},"primaryImageOfPage":{"@id":"https:\/\/www.budokampsport.se\/2022\/09\/09\/projektet-kampsport-for-fler-gar-framat\/#primaryimage"},"image":{"@id":"https:\/\/www.budokampsport.se\/2022\/09\/09\/projektet-kampsport-for-fler-gar-framat\/#primaryimage"},"thumbnailUrl":"https:\/\/www.budokampsport.se\/wp-content\/uploads\/2021\/12\/BB190907LT025-1200px.jpg","datePublished":"2022-09-09T09:22:30+00:00","author":{"@id":"https:\/\/www.budokampsport.se\/#\/schema\/person\/c838cace8171f692e363fde3f38f208b"},"description":"PARA. Projektet \u201dKampsport f\u00f6r fler\u201d har dragit i g\u00e5ng under sommaren och projektet har fokuserat p\u00e5 att ta in information och s\u00e4tta samman ett underlag f\u00f6r den fortsatta processen. Paraidrott och Kampsportsskolan \u00e4r i fokus och nu n\u00e4rmar sig n\u00e4sta del d\u00e4r er f\u00f6rening kan g\u00f6ra skillnad. (Foto: Ludvig Thunman\/Bildbyr\u00e5n)","breadcrumb":{"@id":"https:\/\/www.budokampsport.se\/2022\/09\/09\/projektet-kampsport-for-fler-gar-framat\/#breadcrumb"},"inLanguage":"sv-SE","potentialAction":[{"@type":"ReadAction","target":["https:\/\/www.budokampsport.se\/2022\/09\/09\/projektet-kampsport-for-fler-gar-framat\/"]}]},{"@type":"ImageObject","inLanguage":"sv-SE","@id":"https:\/\/www.budokampsport.se\/2022\/09\/09\/projektet-kampsport-for-fler-gar-framat\/#primaryimage","url":"https:\/\/www.budokampsport.se\/wp-content\/uploads\/2021\/12\/BB190907LT025-1200px.jpg","contentUrl":"https:\/\/www.budokampsport.se\/wp-content\/uploads\/2021\/12\/BB190907LT025-1200px.jpg","width":1200,"height":800,"caption":"Foto: Ludvig Thunman \/ BILDBYR\u00c5N"},{"@type":"BreadcrumbList","@id":"https:\/\/www.budokampsport.se\/2022\/09\/09\/projektet-kampsport-for-fler-gar-framat\/#breadcrumb","itemListElement":[{"@type":"ListItem","position":1,"name":"Hem","item":"https:\/\/www.budokampsport.se\/"},{"@type":"ListItem","position":2,"name":"Projektet \u201dKampsport f\u00f6r fler\u201d g\u00e5r fram\u00e5t"}]},{"@type":"WebSite","@id":"https:\/\/www.budokampsport.se\/#website","url":"https:\/\/www.budokampsport.se\/","name":"Svenska Budo &amp; Kampsportsf\u00f6rbundet","description":"T\u00e4vling, Tr\u00e4ning, Tradition","potentialAction":[{"@type":"SearchAction","target":{"@type":"EntryPoint","urlTemplate":"https:\/\/www.budokampsport.se\/?s={search_term_string}"},"query-input":{"@type":"PropertyValueSpecification","valueRequired":true,"valueName":"search_term_string"}}],"inLanguage":"sv-SE"},{"@type":"Person","@id":"https:\/\/www.budokampsport.se\/#\/schema\/person\/c838cace8171f692e363fde3f38f208b","name":"Annie Carriage","image":{"@type":"ImageObject","inLanguage":"sv-SE","@id":"https:\/\/www.budokampsport.se\/#\/schema\/person\/image\/","url":"https:\/\/secure.gravatar.com\/avatar\/9311295560bdfbdf78365a26f7df1876?s=96&d=blank&r=g","contentUrl":"https:\/\/secure.gravatar.com\/avatar\/9311295560bdfbdf78365a26f7df1876?s=96&d=blank&r=g","caption":"Annie Carriage"},"url":"https:\/\/www.budokampsport.se\/author\/annie-bondefelt\/"}]}},"_links":{"self":[{"href":"https:\/\/www.budokampsport.se\/api\/wp\/v2\/posts\/141658","targetHints":{"allow":["GET"]}}],"collection":[{"href":"https:\/\/www.budokampsport.se\/api\/wp\/v2\/posts"}],"about":[{"href":"https:\/\/www.budokampsport.se\/api\/wp\/v2\/types\/post"}],"author":[{"embeddable":true,"href":"https:\/\/www.budokampsport.se\/api\/wp\/v2\/users\/120"}],"replies":[{"embeddable":true,"href":"https:\/\/www.budokampsport.se\/api\/wp\/v2\/comments?post=141658"}],"version-history":[{"count":0,"href":"https:\/\/www.budokampsport.se\/api\/wp\/v2\/posts\/141658\/revisions"}],"wp:featuredmedia":[{"embeddable":true,"href":"https:\/\/www.budokampsport.se\/api\/wp\/v2\/media\/133147"}],"wp:attachment":[{"href":"https:\/\/www.budokampsport.se\/api\/wp\/v2\/media?parent=141658"}],"wp:term":[{"taxonomy":"category","embeddable":true,"href":"https:\/\/www.budokampsport.se\/api\/wp\/v2\/categories?post=141658"},{"taxonomy":"post_tag","embeddable":true,"href":"https:\/\/www.budokampsport.se\/api\/wp\/v2\/tags?post=141658"}],"curies":[{"name":"wp","href":"https:\/\/api.w.org\/{rel}","templated":true}]}}