{"id":141690,"date":"2022-09-14T10:36:08","date_gmt":"2022-09-14T08:36:08","guid":{"rendered":"https:\/\/www.budokampsport.se\/?p=141690"},"modified":"2024-09-09T08:27:03","modified_gmt":"2024-09-09T06:27:03","slug":"jessica-stringer-bodins-forsta-em-i-jodo","status":"publish","type":"post","link":"https:\/\/www.budokampsport.se\/2022\/09\/14\/jessica-stringer-bodins-forsta-em-i-jodo\/","title":{"rendered":"Jessica Stringer Bodins f\u00f6rsta EM i jodo"},"content":{"rendered":"<p>P\u00e5 Sicilien, f\u00f6r \u00e5tta \u00e5r sen, fann Stringer Bodin sin nya idrott. D\u00e4r uppt\u00e4ckte hon charmen med att idrotta med stav. Idrotten hon testade i Italien heter jodo. Men av en slump blev det iaido som Stringer Bodin f\u00f6rst b\u00f6rjade med hemma i Sverige.<\/p>\n<p>\u2013 Jag tr\u00e4nar fortfarande iaido och blev uttagen till landslaget f\u00f6r n\u00e5gra \u00e5r sedan men sen passade ocks\u00e5 jodo in i livet schemam\u00e4ssigt. Men det var en l\u00e5ng startstr\u00e4cka, det \u00e4r mycket grundtekniker i b\u00f6rjan och man l\u00e4ngtar tills man f\u00e5r b\u00f6rja k\u00f6ra kata. Men idrotten \u00e4r upplagt p\u00e5 det s\u00e4ttet, det tar ett tag innan man \u00e4r redo f\u00f6r n\u00e4sta utvecklingssteg. Sen kom tyv\u00e4rr en kn\u00e4skada i v\u00e4gen och jag hade ett r\u00e4tt l\u00e5ngt uppeh\u00e5ll. Efter pandemin k\u00e4nde jag mig dock bra igen och jag tog upp jodo och <a href=\"https:\/\/www.budokampsport.se\/2022\/03\/17\/sm-i-jodo-tillbaka-i-helgen\/\" target=\"_blank\" rel=\"noopener\">deltog i SM<\/a> och blev uttagen i landslaget.<\/p>\n<h3>\nF\u00f6rberedelser inf\u00f6r EM<\/h3>\n<p>F\u00f6rberedelserna inf\u00f6r m\u00e4sterskapet kr\u00e4ver b\u00e5de fysisk och mental uppladdning och landslaget hade ett l\u00e4ger tillsammans i b\u00f6rjan p\u00e5 juli.<\/p>\n<p>\u2013 N\u00e4r man t\u00e4vlar i jodo vet man inte alltid vem som kommer vara ens partner s\u00e5 man beh\u00f6ver anpassa f\u00f6rberedelserna lite. Man kanske inte f\u00e5r den sv\u00e4rdh\u00e5llare man vill, vilket kan p\u00e5verka ens egen prestation till viss del. S\u00e5 man jobbar mycket med att f\u00f6rs\u00f6ka f\u00e5 till r\u00e4tt k\u00e4nsla i tr\u00e4ningen inf\u00f6r ett EM, jag ska k\u00e4nna att \u201djag levererar bra fighting\u201d.<\/p>\n<p>\u2013 Jag missade tyv\u00e4rr landslagsl\u00e4gret tidigare i somras eftersom jag fick covid. Jag har ju tr\u00e4ffat alla redan men saknar dock erfarenheten hur de alla \u00e4r som partner vilket \u00e4r synd. Men jag tr\u00e4nar i samma klubb som v\u00e5r landslagstr\u00e4nare, <a href=\"https:\/\/www.budokampsport.se\/2022\/09\/12\/sida-yin-fran-tavlande-till-landslagscoach\/\" target=\"_blank\" rel=\"noopener\"><strong>Sida Yin<\/strong><\/a>, s\u00e5 det k\u00e4nns \u00e4nd\u00e5 sk\u00f6nt.<\/p>\n<h3>\nF\u00f6rhoppningar och m\u00e5ls\u00e4ttning<\/h3>\n<p>\u2013 Det ska bli j\u00e4tteroligt, sen vet jag att t\u00e4vlingsnerverna kommer n\u00e4r jag v\u00e4l \u00e4r d\u00e4r. Men det \u00e4r bra, d\u00e5 brukar jag fokusera b\u00e4ttre. Fokuset man f\u00e5r n\u00e4r det \u00e4r t\u00e4vling \u00e4r sv\u00e5rt att f\u00e5 n\u00e4r man tr\u00e4nar, t\u00e4vlingssituationen i sig skapar n\u00e5got som g\u00f6r att jag tar fram mitt allra b\u00e4sta. Men samtidigt \u00e4r det sv\u00e5rt att veta hur man reagerar eftersom det \u00e4r en ny erfarenhet och mitt f\u00f6rsta internationella m\u00e4sterskap i jodo. Jag ser ocks\u00e5 fram emot att se hur vi i Sverige st\u00e5r oss mot de l\u00e4nderna d\u00e4r jodon som idrott \u00e4r st\u00f6rre, det ska bli sp\u00e4nnande. Sen \u00e4r det alltid roligt att tr\u00e4ffa andra jodo-ut\u00f6vare, gemenskapen som finns d\u00e4r.<strong><br \/>\n<\/strong><br \/>\n\u2013 Eftersom det \u00e4r mitt f\u00f6rsta stora m\u00e4sterskap \u00e4r mitt m\u00e5l \u00e4r att klara mig ur poolen och g\u00e5 vidare till finalspelet. Jag hoppas ocks\u00e5 jag f\u00e5r chansen att t\u00e4vla i lag, d\u00e4r \u00e4r det fyra uttagna men endast tre som kommer f\u00e5 m\u00f6jligheten att t\u00e4vla. Det skulle vara mer nerv\u00f6st att t\u00e4vla i lagt\u00e4vlingen, n\u00e4r man t\u00e4vlar individuellt d\u00e5 g\u00f6r man det ju utifr\u00e5n sig sj\u00e4lv och sina f\u00f6ruts\u00e4ttningar men n\u00e4r man t\u00e4vlar i lag vill man ju vara en tillg\u00e5ng och bidra. Men det vore \u00e4nd\u00e5 kul att f\u00e5 k\u00f6ra! Oavsett hur det g\u00e5r s\u00e5 k\u00e4nns det stort att f\u00e5 vara med p\u00e5 ett EM, jag \u00e4r tacksam att f\u00e5 uppleva det h\u00e4r, avslutar Stringer Bodin.<\/p>\n<p>\n<strong>Fler artiklar om EM i jodo<\/strong><br \/>\n<a href=\"https:\/\/www.budokampsport.se\/2022\/08\/24\/svenska-truppen-till-em-i-jodo\/\" target=\"_blank\" rel=\"noopener\">Svenska truppen till EM i jodo<\/a><br \/>\n<a href=\"https:\/\/www.budokampsport.se\/2022\/09\/12\/sida-yin-fran-tavlande-till-landslagscoach\/\" target=\"_blank\" rel=\"noopener\">Sida Yin &#8211; fr\u00e5n t\u00e4vlande till landslagscoach<\/a><br \/>\n<a href=\"https:\/\/www.budokampsport.se\/2022\/09\/13\/lottningen-infor-helgens-em-i-jodo\/\" target=\"_blank\" rel=\"noopener\">Lottningen inf\u00f6r helgen EM i jodo<\/a><\/p>\n<p>Text: Annie Bondefelt<\/p>\n","protected":false},"excerpt":{"rendered":"<p>JODO. I helgen \u00e4r det dags f\u00f6r den svenska truppen att t\u00e4vla i jodo-EM i England. Jessica Stringer Bodin g\u00f6r EM-debut.<br \/><br>&#8211; Det k\u00e4nns stort och jag \u00e4r v\u00e4ldigt tacksam \u00f6ver att f\u00e5 g\u00f6ra det h\u00e4r, s\u00e4ger Stringer Bodin till budokampsport.se<br \/><br>(Foto: Adrian Kunce)<\/p><br>","protected":false},"author":120,"featured_media":141691,"comment_status":"closed","ping_status":"closed","sticky":false,"template":"","format":"standard","meta":{"_acf_changed":false,"footnotes":""},"categories":[582],"tags":[],"class_list":["post-141690","post","type-post","status-publish","format-standard","has-post-thumbnail","hentry","category-jodo"],"acf":[],"yoast_head":"<!-- This site is optimized with the Yoast SEO plugin v26.8 - https:\/\/yoast.com\/product\/yoast-seo-wordpress\/ -->\n<title>Jessica Stringer Bodins f\u00f6rsta EM i jodo - Svenska Budo &amp; Kampsportsf\u00f6rbundet<\/title>\n<meta name=\"description\" content=\"JODO. I helgen \u00e4r det dags f\u00f6r den svenska truppen att t\u00e4vla i jodo-EM i England. Jessica Stringer Bodin g\u00f6r EM-debut. - Det k\u00e4nns stort och jag \u00e4r v\u00e4ldigt tacksam \u00f6ver att f\u00e5 g\u00f6ra det h\u00e4r, s\u00e4ger Stringer Bodin till budokampsport.se (Foto: Adrian Kunce)\" \/>\n<meta name=\"robots\" content=\"index, follow, max-snippet:-1, max-image-preview:large, max-video-preview:-1\" \/>\n<link rel=\"canonical\" href=\"https:\/\/www.budokampsport.se\/2022\/09\/14\/jessica-stringer-bodins-forsta-em-i-jodo\/\" \/>\n<meta property=\"og:locale\" content=\"sv_SE\" \/>\n<meta property=\"og:type\" content=\"article\" \/>\n<meta property=\"og:title\" content=\"Jessica Stringer Bodins f\u00f6rsta EM i jodo - Svenska Budo &amp; Kampsportsf\u00f6rbundet\" \/>\n<meta property=\"og:description\" content=\"JODO. I helgen \u00e4r det dags f\u00f6r den svenska truppen att t\u00e4vla i jodo-EM i England. Jessica Stringer Bodin g\u00f6r EM-debut. - Det k\u00e4nns stort och jag \u00e4r v\u00e4ldigt tacksam \u00f6ver att f\u00e5 g\u00f6ra det h\u00e4r, s\u00e4ger Stringer Bodin till budokampsport.se (Foto: Adrian Kunce)\" \/>\n<meta property=\"og:url\" content=\"https:\/\/www.budokampsport.se\/2022\/09\/14\/jessica-stringer-bodins-forsta-em-i-jodo\/\" \/>\n<meta property=\"og:site_name\" content=\"Svenska Budo &amp; Kampsportsf\u00f6rbundet\" \/>\n<meta property=\"article:published_time\" content=\"2022-09-14T08:36:08+00:00\" \/>\n<meta property=\"article:modified_time\" content=\"2024-09-09T06:27:03+00:00\" \/>\n<meta property=\"og:image\" content=\"https:\/\/www.budokampsport.se\/wp-content\/uploads\/2022\/09\/jessica.jpg\" \/>\n\t<meta property=\"og:image:width\" content=\"640\" \/>\n\t<meta property=\"og:image:height\" content=\"427\" \/>\n\t<meta property=\"og:image:type\" content=\"image\/jpeg\" \/>\n<meta name=\"author\" content=\"Annie Carriage\" \/>\n<meta name=\"twitter:card\" content=\"summary_large_image\" \/>\n<meta name=\"twitter:label1\" content=\"Skriven av\" \/>\n\t<meta name=\"twitter:data1\" content=\"Annie Carriage\" \/>\n\t<meta name=\"twitter:label2\" content=\"Ber\u00e4knad l\u00e4stid\" \/>\n\t<meta name=\"twitter:data2\" content=\"3 minuter\" \/>\n<script type=\"application\/ld+json\" class=\"yoast-schema-graph\">{\"@context\":\"https:\/\/schema.org\",\"@graph\":[{\"@type\":\"Article\",\"@id\":\"https:\/\/www.budokampsport.se\/2022\/09\/14\/jessica-stringer-bodins-forsta-em-i-jodo\/#article\",\"isPartOf\":{\"@id\":\"https:\/\/www.budokampsport.se\/2022\/09\/14\/jessica-stringer-bodins-forsta-em-i-jodo\/\"},\"author\":{\"name\":\"Annie Carriage\",\"@id\":\"https:\/\/www.budokampsport.se\/#\/schema\/person\/c838cace8171f692e363fde3f38f208b\"},\"headline\":\"Jessica Stringer Bodins f\u00f6rsta EM i jodo\",\"datePublished\":\"2022-09-14T08:36:08+00:00\",\"dateModified\":\"2024-09-09T06:27:03+00:00\",\"mainEntityOfPage\":{\"@id\":\"https:\/\/www.budokampsport.se\/2022\/09\/14\/jessica-stringer-bodins-forsta-em-i-jodo\/\"},\"wordCount\":657,\"image\":{\"@id\":\"https:\/\/www.budokampsport.se\/2022\/09\/14\/jessica-stringer-bodins-forsta-em-i-jodo\/#primaryimage\"},\"thumbnailUrl\":\"https:\/\/www.budokampsport.se\/wp-content\/uploads\/2022\/09\/jessica.jpg\",\"articleSection\":[\"Jodo\"],\"inLanguage\":\"sv-SE\"},{\"@type\":\"WebPage\",\"@id\":\"https:\/\/www.budokampsport.se\/2022\/09\/14\/jessica-stringer-bodins-forsta-em-i-jodo\/\",\"url\":\"https:\/\/www.budokampsport.se\/2022\/09\/14\/jessica-stringer-bodins-forsta-em-i-jodo\/\",\"name\":\"Jessica Stringer Bodins f\u00f6rsta EM i jodo - Svenska Budo &amp; Kampsportsf\u00f6rbundet\",\"isPartOf\":{\"@id\":\"https:\/\/www.budokampsport.se\/#website\"},\"primaryImageOfPage\":{\"@id\":\"https:\/\/www.budokampsport.se\/2022\/09\/14\/jessica-stringer-bodins-forsta-em-i-jodo\/#primaryimage\"},\"image\":{\"@id\":\"https:\/\/www.budokampsport.se\/2022\/09\/14\/jessica-stringer-bodins-forsta-em-i-jodo\/#primaryimage\"},\"thumbnailUrl\":\"https:\/\/www.budokampsport.se\/wp-content\/uploads\/2022\/09\/jessica.jpg\",\"datePublished\":\"2022-09-14T08:36:08+00:00\",\"dateModified\":\"2024-09-09T06:27:03+00:00\",\"author\":{\"@id\":\"https:\/\/www.budokampsport.se\/#\/schema\/person\/c838cace8171f692e363fde3f38f208b\"},\"description\":\"JODO. I helgen \u00e4r det dags f\u00f6r den svenska truppen att t\u00e4vla i jodo-EM i England. Jessica Stringer Bodin g\u00f6r EM-debut. - Det k\u00e4nns stort och jag \u00e4r v\u00e4ldigt tacksam \u00f6ver att f\u00e5 g\u00f6ra det h\u00e4r, s\u00e4ger Stringer Bodin till budokampsport.se (Foto: Adrian Kunce)\",\"breadcrumb\":{\"@id\":\"https:\/\/www.budokampsport.se\/2022\/09\/14\/jessica-stringer-bodins-forsta-em-i-jodo\/#breadcrumb\"},\"inLanguage\":\"sv-SE\",\"potentialAction\":[{\"@type\":\"ReadAction\",\"target\":[\"https:\/\/www.budokampsport.se\/2022\/09\/14\/jessica-stringer-bodins-forsta-em-i-jodo\/\"]}]},{\"@type\":\"ImageObject\",\"inLanguage\":\"sv-SE\",\"@id\":\"https:\/\/www.budokampsport.se\/2022\/09\/14\/jessica-stringer-bodins-forsta-em-i-jodo\/#primaryimage\",\"url\":\"https:\/\/www.budokampsport.se\/wp-content\/uploads\/2022\/09\/jessica.jpg\",\"contentUrl\":\"https:\/\/www.budokampsport.se\/wp-content\/uploads\/2022\/09\/jessica.jpg\",\"width\":640,\"height\":427,\"caption\":\"Foto:Adrian Kunce\"},{\"@type\":\"BreadcrumbList\",\"@id\":\"https:\/\/www.budokampsport.se\/2022\/09\/14\/jessica-stringer-bodins-forsta-em-i-jodo\/#breadcrumb\",\"itemListElement\":[{\"@type\":\"ListItem\",\"position\":1,\"name\":\"Hem\",\"item\":\"https:\/\/www.budokampsport.se\/\"},{\"@type\":\"ListItem\",\"position\":2,\"name\":\"Jessica Stringer Bodins f\u00f6rsta EM i jodo\"}]},{\"@type\":\"WebSite\",\"@id\":\"https:\/\/www.budokampsport.se\/#website\",\"url\":\"https:\/\/www.budokampsport.se\/\",\"name\":\"Svenska Budo &amp; Kampsportsf\u00f6rbundet\",\"description\":\"T\u00e4vling, Tr\u00e4ning, Tradition\",\"potentialAction\":[{\"@type\":\"SearchAction\",\"target\":{\"@type\":\"EntryPoint\",\"urlTemplate\":\"https:\/\/www.budokampsport.se\/?s={search_term_string}\"},\"query-input\":{\"@type\":\"PropertyValueSpecification\",\"valueRequired\":true,\"valueName\":\"search_term_string\"}}],\"inLanguage\":\"sv-SE\"},{\"@type\":\"Person\",\"@id\":\"https:\/\/www.budokampsport.se\/#\/schema\/person\/c838cace8171f692e363fde3f38f208b\",\"name\":\"Annie Carriage\",\"image\":{\"@type\":\"ImageObject\",\"inLanguage\":\"sv-SE\",\"@id\":\"https:\/\/www.budokampsport.se\/#\/schema\/person\/image\/\",\"url\":\"https:\/\/secure.gravatar.com\/avatar\/9311295560bdfbdf78365a26f7df1876?s=96&d=blank&r=g\",\"contentUrl\":\"https:\/\/secure.gravatar.com\/avatar\/9311295560bdfbdf78365a26f7df1876?s=96&d=blank&r=g\",\"caption\":\"Annie Carriage\"},\"url\":\"https:\/\/www.budokampsport.se\/author\/annie-bondefelt\/\"}]}<\/script>\n<!-- \/ Yoast SEO plugin. -->","yoast_head_json":{"title":"Jessica Stringer Bodins f\u00f6rsta EM i jodo - Svenska Budo &amp; Kampsportsf\u00f6rbundet","description":"JODO. I helgen \u00e4r det dags f\u00f6r den svenska truppen att t\u00e4vla i jodo-EM i England. Jessica Stringer Bodin g\u00f6r EM-debut. - Det k\u00e4nns stort och jag \u00e4r v\u00e4ldigt tacksam \u00f6ver att f\u00e5 g\u00f6ra det h\u00e4r, s\u00e4ger Stringer Bodin till budokampsport.se (Foto: Adrian Kunce)","robots":{"index":"index","follow":"follow","max-snippet":"max-snippet:-1","max-image-preview":"max-image-preview:large","max-video-preview":"max-video-preview:-1"},"canonical":"https:\/\/www.budokampsport.se\/2022\/09\/14\/jessica-stringer-bodins-forsta-em-i-jodo\/","og_locale":"sv_SE","og_type":"article","og_title":"Jessica Stringer Bodins f\u00f6rsta EM i jodo - Svenska Budo &amp; Kampsportsf\u00f6rbundet","og_description":"JODO. I helgen \u00e4r det dags f\u00f6r den svenska truppen att t\u00e4vla i jodo-EM i England. Jessica Stringer Bodin g\u00f6r EM-debut. - Det k\u00e4nns stort och jag \u00e4r v\u00e4ldigt tacksam \u00f6ver att f\u00e5 g\u00f6ra det h\u00e4r, s\u00e4ger Stringer Bodin till budokampsport.se (Foto: Adrian Kunce)","og_url":"https:\/\/www.budokampsport.se\/2022\/09\/14\/jessica-stringer-bodins-forsta-em-i-jodo\/","og_site_name":"Svenska Budo &amp; Kampsportsf\u00f6rbundet","article_published_time":"2022-09-14T08:36:08+00:00","article_modified_time":"2024-09-09T06:27:03+00:00","og_image":[{"width":640,"height":427,"url":"https:\/\/www.budokampsport.se\/wp-content\/uploads\/2022\/09\/jessica.jpg","type":"image\/jpeg"}],"author":"Annie Carriage","twitter_card":"summary_large_image","twitter_misc":{"Skriven av":"Annie Carriage","Ber\u00e4knad l\u00e4stid":"3 minuter"},"schema":{"@context":"https:\/\/schema.org","@graph":[{"@type":"Article","@id":"https:\/\/www.budokampsport.se\/2022\/09\/14\/jessica-stringer-bodins-forsta-em-i-jodo\/#article","isPartOf":{"@id":"https:\/\/www.budokampsport.se\/2022\/09\/14\/jessica-stringer-bodins-forsta-em-i-jodo\/"},"author":{"name":"Annie Carriage","@id":"https:\/\/www.budokampsport.se\/#\/schema\/person\/c838cace8171f692e363fde3f38f208b"},"headline":"Jessica Stringer Bodins f\u00f6rsta EM i jodo","datePublished":"2022-09-14T08:36:08+00:00","dateModified":"2024-09-09T06:27:03+00:00","mainEntityOfPage":{"@id":"https:\/\/www.budokampsport.se\/2022\/09\/14\/jessica-stringer-bodins-forsta-em-i-jodo\/"},"wordCount":657,"image":{"@id":"https:\/\/www.budokampsport.se\/2022\/09\/14\/jessica-stringer-bodins-forsta-em-i-jodo\/#primaryimage"},"thumbnailUrl":"https:\/\/www.budokampsport.se\/wp-content\/uploads\/2022\/09\/jessica.jpg","articleSection":["Jodo"],"inLanguage":"sv-SE"},{"@type":"WebPage","@id":"https:\/\/www.budokampsport.se\/2022\/09\/14\/jessica-stringer-bodins-forsta-em-i-jodo\/","url":"https:\/\/www.budokampsport.se\/2022\/09\/14\/jessica-stringer-bodins-forsta-em-i-jodo\/","name":"Jessica Stringer Bodins f\u00f6rsta EM i jodo - Svenska Budo &amp; Kampsportsf\u00f6rbundet","isPartOf":{"@id":"https:\/\/www.budokampsport.se\/#website"},"primaryImageOfPage":{"@id":"https:\/\/www.budokampsport.se\/2022\/09\/14\/jessica-stringer-bodins-forsta-em-i-jodo\/#primaryimage"},"image":{"@id":"https:\/\/www.budokampsport.se\/2022\/09\/14\/jessica-stringer-bodins-forsta-em-i-jodo\/#primaryimage"},"thumbnailUrl":"https:\/\/www.budokampsport.se\/wp-content\/uploads\/2022\/09\/jessica.jpg","datePublished":"2022-09-14T08:36:08+00:00","dateModified":"2024-09-09T06:27:03+00:00","author":{"@id":"https:\/\/www.budokampsport.se\/#\/schema\/person\/c838cace8171f692e363fde3f38f208b"},"description":"JODO. I helgen \u00e4r det dags f\u00f6r den svenska truppen att t\u00e4vla i jodo-EM i England. Jessica Stringer Bodin g\u00f6r EM-debut. - Det k\u00e4nns stort och jag \u00e4r v\u00e4ldigt tacksam \u00f6ver att f\u00e5 g\u00f6ra det h\u00e4r, s\u00e4ger Stringer Bodin till budokampsport.se (Foto: Adrian Kunce)","breadcrumb":{"@id":"https:\/\/www.budokampsport.se\/2022\/09\/14\/jessica-stringer-bodins-forsta-em-i-jodo\/#breadcrumb"},"inLanguage":"sv-SE","potentialAction":[{"@type":"ReadAction","target":["https:\/\/www.budokampsport.se\/2022\/09\/14\/jessica-stringer-bodins-forsta-em-i-jodo\/"]}]},{"@type":"ImageObject","inLanguage":"sv-SE","@id":"https:\/\/www.budokampsport.se\/2022\/09\/14\/jessica-stringer-bodins-forsta-em-i-jodo\/#primaryimage","url":"https:\/\/www.budokampsport.se\/wp-content\/uploads\/2022\/09\/jessica.jpg","contentUrl":"https:\/\/www.budokampsport.se\/wp-content\/uploads\/2022\/09\/jessica.jpg","width":640,"height":427,"caption":"Foto:Adrian Kunce"},{"@type":"BreadcrumbList","@id":"https:\/\/www.budokampsport.se\/2022\/09\/14\/jessica-stringer-bodins-forsta-em-i-jodo\/#breadcrumb","itemListElement":[{"@type":"ListItem","position":1,"name":"Hem","item":"https:\/\/www.budokampsport.se\/"},{"@type":"ListItem","position":2,"name":"Jessica Stringer Bodins f\u00f6rsta EM i jodo"}]},{"@type":"WebSite","@id":"https:\/\/www.budokampsport.se\/#website","url":"https:\/\/www.budokampsport.se\/","name":"Svenska Budo &amp; Kampsportsf\u00f6rbundet","description":"T\u00e4vling, Tr\u00e4ning, Tradition","potentialAction":[{"@type":"SearchAction","target":{"@type":"EntryPoint","urlTemplate":"https:\/\/www.budokampsport.se\/?s={search_term_string}"},"query-input":{"@type":"PropertyValueSpecification","valueRequired":true,"valueName":"search_term_string"}}],"inLanguage":"sv-SE"},{"@type":"Person","@id":"https:\/\/www.budokampsport.se\/#\/schema\/person\/c838cace8171f692e363fde3f38f208b","name":"Annie Carriage","image":{"@type":"ImageObject","inLanguage":"sv-SE","@id":"https:\/\/www.budokampsport.se\/#\/schema\/person\/image\/","url":"https:\/\/secure.gravatar.com\/avatar\/9311295560bdfbdf78365a26f7df1876?s=96&d=blank&r=g","contentUrl":"https:\/\/secure.gravatar.com\/avatar\/9311295560bdfbdf78365a26f7df1876?s=96&d=blank&r=g","caption":"Annie Carriage"},"url":"https:\/\/www.budokampsport.se\/author\/annie-bondefelt\/"}]}},"_links":{"self":[{"href":"https:\/\/www.budokampsport.se\/api\/wp\/v2\/posts\/141690","targetHints":{"allow":["GET"]}}],"collection":[{"href":"https:\/\/www.budokampsport.se\/api\/wp\/v2\/posts"}],"about":[{"href":"https:\/\/www.budokampsport.se\/api\/wp\/v2\/types\/post"}],"author":[{"embeddable":true,"href":"https:\/\/www.budokampsport.se\/api\/wp\/v2\/users\/120"}],"replies":[{"embeddable":true,"href":"https:\/\/www.budokampsport.se\/api\/wp\/v2\/comments?post=141690"}],"version-history":[{"count":0,"href":"https:\/\/www.budokampsport.se\/api\/wp\/v2\/posts\/141690\/revisions"}],"wp:featuredmedia":[{"embeddable":true,"href":"https:\/\/www.budokampsport.se\/api\/wp\/v2\/media\/141691"}],"wp:attachment":[{"href":"https:\/\/www.budokampsport.se\/api\/wp\/v2\/media?parent=141690"}],"wp:term":[{"taxonomy":"category","embeddable":true,"href":"https:\/\/www.budokampsport.se\/api\/wp\/v2\/categories?post=141690"},{"taxonomy":"post_tag","embeddable":true,"href":"https:\/\/www.budokampsport.se\/api\/wp\/v2\/tags?post=141690"}],"curies":[{"name":"wp","href":"https:\/\/api.w.org\/{rel}","templated":true}]}}