{"id":141736,"date":"2022-09-09T13:04:44","date_gmt":"2022-09-09T11:04:44","guid":{"rendered":"https:\/\/www.budokampsport.se\/?p=141736"},"modified":"2024-07-25T16:11:22","modified_gmt":"2024-07-25T14:11:22","slug":"demokrativeckan-lomma-combat-jujutsu-if-om-ungdomar-i-verksamheten","status":"publish","type":"post","link":"https:\/\/www.budokampsport.se\/2022\/09\/09\/demokrativeckan-lomma-combat-jujutsu-if-om-ungdomar-i-verksamheten\/","title":{"rendered":"Demokrativeckan: Lomma Combat Jujutsu IF om ungdomar i verksamheten"},"content":{"rendered":"<p>Det r\u00e5der febril aktivitet i den renoverade bilverkstad som sedan n\u00e5gra \u00e5r tillbaka \u00e4r hem f\u00f6r Lomma Combat Jujutsu IF.<\/p>\n<p>Bel\u00e4get strax utanf\u00f6r Malm\u00f6 tillh\u00f6r Lomma den f\u00f6reningst\u00e4taste kommunen i landet och \u00e4ven d\u00e4r flest barn och ungdomar \u00e4r f\u00f6reningsaktiva genom idrotten. Under tr\u00e4narna Henrik Wendel och Ola H\u00e5kanssons vakande \u00f6gon bedrivs det tr\u00e4ning i Combat jujutsu och Brasiliansk Jiu Jitsu de flesta av veckans dagar.<\/p>\n<p>Uppdelade i \u00e5lderskategorier varvas mattan under kv\u00e4llstimmarna av barngrupper d\u00e4r leken st\u00e5r i centrum och av ungdomsgrupper d\u00e4r klubben stoltserar med en stor bredd men ocks\u00e5 framg\u00e5ngsrika t\u00e4vlingsresultat.<\/p>\n<p>Som en f\u00f6rening vars verksamhet i h\u00f6g grad pr\u00e4glas av barn, ungdomar och deras sportsliga och sociala utveckling, har f\u00f6reningen under l\u00e5ng tid deltagit i f\u00f6rbundets och distriktets utbildningar.<\/p>\n<p>Utbildningarna har dels erbjudit praktiska verktyg kring dom ungas tr\u00e4ning, dels hj\u00e4lpt f\u00f6reningen med metoder kring hur det demokratiska deltagandet bland ut\u00f6varna kunnat st\u00e4rkas.<\/p>\n<h3><strong>Kampsportsskolan <\/strong><\/h3>\n<p>F\u00f6r dom yngsta barnen, vars tr\u00e4ning kretsar kring att p\u00e5 ett lekfullt s\u00e4tt uppt\u00e4cka kampsportens r\u00f6relsem\u00f6nster har f\u00f6reningen deltagit i Svenska Budo &amp; Kampsportsf\u00f6rbundets utbildning <a href=\"https:\/\/www.budokampsport.se\/forbund\/motoriq-physical-literacy\/\" target=\"_blank\" rel=\"noopener\">Kampsportsskolan<\/a>.<\/p>\n<p>Denna utbildning handlar om konceptet Physical Literacy och br\u00e5klek som s\u00e4tter barnens r\u00f6relsekompetens i centrum. Genom \u00f6vningar uppdelade i enskilda r\u00f6relsem\u00f6nster ges barnen m\u00f6jlighet att tillsammans och utifr\u00e5n egen f\u00f6rm\u00e5ga skapa en vilja att delta i idrottandet. M\u00e5ls\u00e4ttningen \u00e4r att introducera och bedriva tr\u00e4ningen p\u00e5 ett s\u00e5dant s\u00e4tt att det livsl\u00e5nga idrottandet uppmuntras.<\/p>\n<h3><strong>Mitt f\u00f6rsta ledaruppdrag<\/strong><\/h3>\n<p>Inom idrottsgrenar d\u00e4r b\u00e4ltesf\u00e4rger, titlar och t\u00e4vlingsmeriter traditionellt sett anv\u00e4nts f\u00f6r att forma hierarkier ser Henrik p\u00e5 det annorlunda. Den moderna f\u00f6reningen m\u00e5ste inte bara erbjuda en plats f\u00f6r alla, utan ocks\u00e5 m\u00f6jlighet att aktivt delta i skapandet av den gemensamma tr\u00e4ningen. \u00a0<\/p>\n<p>&#8211; Vi kan inte bygga upp v\u00e5r verksamhet uteslutande p\u00e5 vem som kan dom b\u00e4sta teknikerna, p\u00e5 vem som tr\u00e4nat l\u00e4ngst eller \u00e4r h\u00f6gst graderad. Vi tror p\u00e5 en rollf\u00f6rdelning d\u00e4r olika medlemmar f\u00e5r \u00e4gna sig \u00e5t det som just dom \u00e4r bra p\u00e5, s\u00e4ger han<\/p>\n<p>I ett led att \u00f6ka ungdomarnas engagemang och ansvarsomr\u00e5den i den egna f\u00f6reningen genomgick ett flertal ungdomar fr\u00e5n klubben RF SISU:s ledarskapsutbildning f\u00f6r unga, kallat \u201d<a href=\"https:\/\/www.rfsisu.se\/skane\/utbildningfolkbildning\/varautbildningar\/mittforstaledaruppdrag\" target=\"_blank\" rel=\"noopener\">Mitt F\u00f6rsta ledaruppdrag<\/a>\u201d.<\/p>\n<p>Syftet med utbildningen \u00e4r att skapa f\u00f6ruts\u00e4ttningar f\u00f6r de ungdomar som har en vilja att parallellt med sin egen tr\u00e4ning ocks\u00e5 instruera andra. Medan utbildningen erbjuder handfasta r\u00e5d i form utav praktiska \u00f6vningar och lekar, kretsar den \u00e4ven kring att l\u00e4ra ungdomar pedagogiska metoder och f\u00f6rmedla idrottens v\u00e4rdegrund. F\u00f6rdelarna med en inkluderande instrukt\u00f6rsstruktur str\u00e4cker sig inte bara till f\u00f6reningens v\u00e4ggar.<\/p>\n<p>&#8211; Det \u00e4r klart att n\u00e4r ungdomarna tr\u00e4nar tillsammans, undervisar och skapar relationer s\u00e5 f\u00f6ljer det med \u00e4ven utanf\u00f6r tr\u00e4ningen. Skolan \u00e4r ju \u00e5ldersindelad men man k\u00e4nner han killen i 8:an som h\u00f6ll pass f\u00f6rra veckan, eller man k\u00e4nner till varandra fr\u00e5n tr\u00e4ningen n\u00e4r man tr\u00e4ffas p\u00e5 stan. Det skapar trygghet hos ungdomarna att ha erfarenhet fr\u00e5n relationerna som skapas fr\u00e5n idrotten, och kanske i synnerhet n\u00e4r dom inte bara tr\u00e4nar med varandra utan ocks\u00e5 blir tr\u00e4nade av varandra.<\/p>\n<h3>Planerade utbildningstillf\u00e4llen<\/h3>\n<table style=\"border-collapse: collapse; width: 100%; height: 89px;\">\n<tbody>\n<tr style=\"height: 23px;\">\n<td style=\"height: 23px; width: 70%;\"><strong>Mitt f\u00f6rsta ledaruppdrag, Sk\u00e5ne l\u00e4n<\/strong><\/td>\n<\/tr>\n<tr style=\"height: 23px;\">\n<td style=\"height: 10px; width: 70%;\">\n<p><strong>Landskrona, 18 september<\/strong><br \/>\n<a href=\"https:\/\/educationwebregistration.idrottonline.se\/home\/index\/1620775\" target=\"_blank\" rel=\"noopener\">Anm\u00e4l dig h\u00e4r<\/a><\/p>\n<p><b><strong>Ystad, 3 november<br \/>\n<\/strong><\/b><a href=\"https:\/\/educationwebregistration.idrottonline.se\/home\/index\/1620820\" target=\"_blank\" rel=\"noopener\">Anm\u00e4l dig h\u00e4r<\/a><\/p>\n<\/td>\n<\/tr>\n<\/tbody>\n<\/table>\n<p>&nbsp;<\/p>\n<p><a href=\"https:\/\/www.rfsisu.se\/skane\/utbildningfolkbildning\/varautbildningar\/mittforstaledaruppdrag\/\">Mer information om utbildningen<\/a>.\u00a0<\/p>\n<h3>F\u00f6r mer information kring Kampsportsskolan kontakta<\/h3>\n<p><strong>Pilo\u00a0Stylin<\/strong><br \/>\npilo@budo.se<br \/>\n070-714 43 64<\/p>\n<p><strong>Magnus Ledin<\/strong><br \/>\nledin@budo.se<br \/>\n08-705 15 73<\/p>\n<p>Text: Mathias Schiemann<\/p>\n","protected":false},"excerpt":{"rendered":"<p>DEMOKRATIVECKAN. Vi har tr\u00e4ffat ledare f\u00f6r Lomma Combat Jujustu IF i sk\u00e5ne och f\u00e5tt inblick i deras tr\u00e4ningsvardag, d\u00e4r ungdomar tydligt \u00e4r med och p\u00e5verkar. tr\u00e4ningsinneh\u00e5llet.<br \/><br>&#8211; Det \u00e4r klart att n\u00e4r ungdomarna tr\u00e4nar tillsammans, undervisar och skapar relationer s\u00e5 f\u00f6ljer det med \u00e4ven utanf\u00f6r tr\u00e4ningen, s\u00e4ger ledaren Henrik Wendel till budokampsport.se.<br \/><br>(Foto: Henrik Wendel)<\/p><br>","protected":false},"author":1199,"featured_media":141784,"comment_status":"open","ping_status":"open","sticky":false,"template":"","format":"standard","meta":{"_acf_changed":false,"footnotes":""},"categories":[580],"tags":[],"class_list":["post-141736","post","type-post","status-publish","format-standard","has-post-thumbnail","hentry","category-demokratidrott"],"acf":[],"yoast_head":"<!-- This site is optimized with the Yoast SEO plugin v26.8 - https:\/\/yoast.com\/product\/yoast-seo-wordpress\/ -->\n<title>Demokrativeckan: Lomma Combat Jujutsu IF om ungdomar i verksamheten - Svenska Budo &amp; Kampsportsf\u00f6rbundet<\/title>\n<meta name=\"description\" content=\"DEMOKRATIVECKAN. Vi har tr\u00e4ffat ledare f\u00f6r Lomma Combat Jujustu IF i sk\u00e5ne och f\u00e5tt inblick i deras tr\u00e4ningsvardag, d\u00e4r ungdomar tydligt \u00e4r med och p\u00e5verkar. tr\u00e4ningsinneh\u00e5llet. - Det \u00e4r klart att n\u00e4r ungdomarna tr\u00e4nar tillsammans, undervisar och skapar relationer s\u00e5 f\u00f6ljer det med \u00e4ven utanf\u00f6r tr\u00e4ningen, s\u00e4ger ledaren Henrik Wendel till budokampsport.se. (Foto: Henrik Wendel)\" \/>\n<meta name=\"robots\" content=\"index, follow, max-snippet:-1, max-image-preview:large, max-video-preview:-1\" \/>\n<link rel=\"canonical\" href=\"https:\/\/www.budokampsport.se\/2022\/09\/09\/demokrativeckan-lomma-combat-jujutsu-if-om-ungdomar-i-verksamheten\/\" \/>\n<meta property=\"og:locale\" content=\"sv_SE\" \/>\n<meta property=\"og:type\" content=\"article\" \/>\n<meta property=\"og:title\" content=\"Demokrativeckan: Lomma Combat Jujutsu IF om ungdomar i verksamheten - Svenska Budo &amp; Kampsportsf\u00f6rbundet\" \/>\n<meta property=\"og:description\" content=\"DEMOKRATIVECKAN. Vi har tr\u00e4ffat ledare f\u00f6r Lomma Combat Jujustu IF i sk\u00e5ne och f\u00e5tt inblick i deras tr\u00e4ningsvardag, d\u00e4r ungdomar tydligt \u00e4r med och p\u00e5verkar. tr\u00e4ningsinneh\u00e5llet. - Det \u00e4r klart att n\u00e4r ungdomarna tr\u00e4nar tillsammans, undervisar och skapar relationer s\u00e5 f\u00f6ljer det med \u00e4ven utanf\u00f6r tr\u00e4ningen, s\u00e4ger ledaren Henrik Wendel till budokampsport.se. (Foto: Henrik Wendel)\" \/>\n<meta property=\"og:url\" content=\"https:\/\/www.budokampsport.se\/2022\/09\/09\/demokrativeckan-lomma-combat-jujutsu-if-om-ungdomar-i-verksamheten\/\" \/>\n<meta property=\"og:site_name\" content=\"Svenska Budo &amp; Kampsportsf\u00f6rbundet\" \/>\n<meta property=\"article:published_time\" content=\"2022-09-09T11:04:44+00:00\" \/>\n<meta property=\"article:modified_time\" content=\"2024-07-25T14:11:22+00:00\" \/>\n<meta property=\"og:image\" content=\"https:\/\/www.budokampsport.se\/wp-content\/uploads\/2022\/09\/Lomma.jpg\" \/>\n\t<meta property=\"og:image:width\" content=\"850\" \/>\n\t<meta property=\"og:image:height\" content=\"570\" \/>\n\t<meta property=\"og:image:type\" content=\"image\/jpeg\" \/>\n<meta name=\"author\" content=\"Mathias Schiemann\" \/>\n<meta name=\"twitter:card\" content=\"summary_large_image\" \/>\n<meta name=\"twitter:label1\" content=\"Skriven av\" \/>\n\t<meta name=\"twitter:data1\" content=\"Mathias Schiemann\" \/>\n\t<meta name=\"twitter:label2\" content=\"Ber\u00e4knad l\u00e4stid\" \/>\n\t<meta name=\"twitter:data2\" content=\"3 minuter\" \/>\n<script type=\"application\/ld+json\" class=\"yoast-schema-graph\">{\"@context\":\"https:\/\/schema.org\",\"@graph\":[{\"@type\":\"Article\",\"@id\":\"https:\/\/www.budokampsport.se\/2022\/09\/09\/demokrativeckan-lomma-combat-jujutsu-if-om-ungdomar-i-verksamheten\/#article\",\"isPartOf\":{\"@id\":\"https:\/\/www.budokampsport.se\/2022\/09\/09\/demokrativeckan-lomma-combat-jujutsu-if-om-ungdomar-i-verksamheten\/\"},\"author\":{\"name\":\"Mathias Schiemann\",\"@id\":\"https:\/\/www.budokampsport.se\/#\/schema\/person\/d691e959b20ed14551eebf232fa5cc50\"},\"headline\":\"Demokrativeckan: Lomma Combat Jujutsu IF om ungdomar i verksamheten\",\"datePublished\":\"2022-09-09T11:04:44+00:00\",\"dateModified\":\"2024-07-25T14:11:22+00:00\",\"mainEntityOfPage\":{\"@id\":\"https:\/\/www.budokampsport.se\/2022\/09\/09\/demokrativeckan-lomma-combat-jujutsu-if-om-ungdomar-i-verksamheten\/\"},\"wordCount\":657,\"commentCount\":0,\"image\":{\"@id\":\"https:\/\/www.budokampsport.se\/2022\/09\/09\/demokrativeckan-lomma-combat-jujutsu-if-om-ungdomar-i-verksamheten\/#primaryimage\"},\"thumbnailUrl\":\"https:\/\/www.budokampsport.se\/wp-content\/uploads\/2022\/09\/Lomma.jpg\",\"articleSection\":[\"Demokratidrott\"],\"inLanguage\":\"sv-SE\",\"potentialAction\":[{\"@type\":\"CommentAction\",\"name\":\"Comment\",\"target\":[\"https:\/\/www.budokampsport.se\/2022\/09\/09\/demokrativeckan-lomma-combat-jujutsu-if-om-ungdomar-i-verksamheten\/#respond\"]}]},{\"@type\":\"WebPage\",\"@id\":\"https:\/\/www.budokampsport.se\/2022\/09\/09\/demokrativeckan-lomma-combat-jujutsu-if-om-ungdomar-i-verksamheten\/\",\"url\":\"https:\/\/www.budokampsport.se\/2022\/09\/09\/demokrativeckan-lomma-combat-jujutsu-if-om-ungdomar-i-verksamheten\/\",\"name\":\"Demokrativeckan: Lomma Combat Jujutsu IF om ungdomar i verksamheten - Svenska Budo &amp; Kampsportsf\u00f6rbundet\",\"isPartOf\":{\"@id\":\"https:\/\/www.budokampsport.se\/#website\"},\"primaryImageOfPage\":{\"@id\":\"https:\/\/www.budokampsport.se\/2022\/09\/09\/demokrativeckan-lomma-combat-jujutsu-if-om-ungdomar-i-verksamheten\/#primaryimage\"},\"image\":{\"@id\":\"https:\/\/www.budokampsport.se\/2022\/09\/09\/demokrativeckan-lomma-combat-jujutsu-if-om-ungdomar-i-verksamheten\/#primaryimage\"},\"thumbnailUrl\":\"https:\/\/www.budokampsport.se\/wp-content\/uploads\/2022\/09\/Lomma.jpg\",\"datePublished\":\"2022-09-09T11:04:44+00:00\",\"dateModified\":\"2024-07-25T14:11:22+00:00\",\"author\":{\"@id\":\"https:\/\/www.budokampsport.se\/#\/schema\/person\/d691e959b20ed14551eebf232fa5cc50\"},\"description\":\"DEMOKRATIVECKAN. Vi har tr\u00e4ffat ledare f\u00f6r Lomma Combat Jujustu IF i sk\u00e5ne och f\u00e5tt inblick i deras tr\u00e4ningsvardag, d\u00e4r ungdomar tydligt \u00e4r med och p\u00e5verkar. tr\u00e4ningsinneh\u00e5llet. - Det \u00e4r klart att n\u00e4r ungdomarna tr\u00e4nar tillsammans, undervisar och skapar relationer s\u00e5 f\u00f6ljer det med \u00e4ven utanf\u00f6r tr\u00e4ningen, s\u00e4ger ledaren Henrik Wendel till budokampsport.se. (Foto: Henrik Wendel)\",\"breadcrumb\":{\"@id\":\"https:\/\/www.budokampsport.se\/2022\/09\/09\/demokrativeckan-lomma-combat-jujutsu-if-om-ungdomar-i-verksamheten\/#breadcrumb\"},\"inLanguage\":\"sv-SE\",\"potentialAction\":[{\"@type\":\"ReadAction\",\"target\":[\"https:\/\/www.budokampsport.se\/2022\/09\/09\/demokrativeckan-lomma-combat-jujutsu-if-om-ungdomar-i-verksamheten\/\"]}]},{\"@type\":\"ImageObject\",\"inLanguage\":\"sv-SE\",\"@id\":\"https:\/\/www.budokampsport.se\/2022\/09\/09\/demokrativeckan-lomma-combat-jujutsu-if-om-ungdomar-i-verksamheten\/#primaryimage\",\"url\":\"https:\/\/www.budokampsport.se\/wp-content\/uploads\/2022\/09\/Lomma.jpg\",\"contentUrl\":\"https:\/\/www.budokampsport.se\/wp-content\/uploads\/2022\/09\/Lomma.jpg\",\"width\":850,\"height\":570,\"caption\":\"Foto: privat\"},{\"@type\":\"BreadcrumbList\",\"@id\":\"https:\/\/www.budokampsport.se\/2022\/09\/09\/demokrativeckan-lomma-combat-jujutsu-if-om-ungdomar-i-verksamheten\/#breadcrumb\",\"itemListElement\":[{\"@type\":\"ListItem\",\"position\":1,\"name\":\"Hem\",\"item\":\"https:\/\/www.budokampsport.se\/\"},{\"@type\":\"ListItem\",\"position\":2,\"name\":\"Demokrativeckan: Lomma Combat Jujutsu IF om ungdomar i verksamheten\"}]},{\"@type\":\"WebSite\",\"@id\":\"https:\/\/www.budokampsport.se\/#website\",\"url\":\"https:\/\/www.budokampsport.se\/\",\"name\":\"Svenska Budo &amp; Kampsportsf\u00f6rbundet\",\"description\":\"T\u00e4vling, Tr\u00e4ning, Tradition\",\"potentialAction\":[{\"@type\":\"SearchAction\",\"target\":{\"@type\":\"EntryPoint\",\"urlTemplate\":\"https:\/\/www.budokampsport.se\/?s={search_term_string}\"},\"query-input\":{\"@type\":\"PropertyValueSpecification\",\"valueRequired\":true,\"valueName\":\"search_term_string\"}}],\"inLanguage\":\"sv-SE\"},{\"@type\":\"Person\",\"@id\":\"https:\/\/www.budokampsport.se\/#\/schema\/person\/d691e959b20ed14551eebf232fa5cc50\",\"name\":\"Mathias Schiemann\",\"image\":{\"@type\":\"ImageObject\",\"inLanguage\":\"sv-SE\",\"@id\":\"https:\/\/www.budokampsport.se\/#\/schema\/person\/image\/\",\"url\":\"https:\/\/secure.gravatar.com\/avatar\/2c310619a1e007b9344ce11c706f1615?s=96&d=blank&r=g\",\"contentUrl\":\"https:\/\/secure.gravatar.com\/avatar\/2c310619a1e007b9344ce11c706f1615?s=96&d=blank&r=g\",\"caption\":\"Mathias Schiemann\"},\"url\":\"https:\/\/www.budokampsport.se\/author\/mathias-schiemann\/\"}]}<\/script>\n<!-- \/ Yoast SEO plugin. -->","yoast_head_json":{"title":"Demokrativeckan: Lomma Combat Jujutsu IF om ungdomar i verksamheten - Svenska Budo &amp; Kampsportsf\u00f6rbundet","description":"DEMOKRATIVECKAN. Vi har tr\u00e4ffat ledare f\u00f6r Lomma Combat Jujustu IF i sk\u00e5ne och f\u00e5tt inblick i deras tr\u00e4ningsvardag, d\u00e4r ungdomar tydligt \u00e4r med och p\u00e5verkar. tr\u00e4ningsinneh\u00e5llet. - Det \u00e4r klart att n\u00e4r ungdomarna tr\u00e4nar tillsammans, undervisar och skapar relationer s\u00e5 f\u00f6ljer det med \u00e4ven utanf\u00f6r tr\u00e4ningen, s\u00e4ger ledaren Henrik Wendel till budokampsport.se. (Foto: Henrik Wendel)","robots":{"index":"index","follow":"follow","max-snippet":"max-snippet:-1","max-image-preview":"max-image-preview:large","max-video-preview":"max-video-preview:-1"},"canonical":"https:\/\/www.budokampsport.se\/2022\/09\/09\/demokrativeckan-lomma-combat-jujutsu-if-om-ungdomar-i-verksamheten\/","og_locale":"sv_SE","og_type":"article","og_title":"Demokrativeckan: Lomma Combat Jujutsu IF om ungdomar i verksamheten - Svenska Budo &amp; Kampsportsf\u00f6rbundet","og_description":"DEMOKRATIVECKAN. Vi har tr\u00e4ffat ledare f\u00f6r Lomma Combat Jujustu IF i sk\u00e5ne och f\u00e5tt inblick i deras tr\u00e4ningsvardag, d\u00e4r ungdomar tydligt \u00e4r med och p\u00e5verkar. tr\u00e4ningsinneh\u00e5llet. - Det \u00e4r klart att n\u00e4r ungdomarna tr\u00e4nar tillsammans, undervisar och skapar relationer s\u00e5 f\u00f6ljer det med \u00e4ven utanf\u00f6r tr\u00e4ningen, s\u00e4ger ledaren Henrik Wendel till budokampsport.se. (Foto: Henrik Wendel)","og_url":"https:\/\/www.budokampsport.se\/2022\/09\/09\/demokrativeckan-lomma-combat-jujutsu-if-om-ungdomar-i-verksamheten\/","og_site_name":"Svenska Budo &amp; Kampsportsf\u00f6rbundet","article_published_time":"2022-09-09T11:04:44+00:00","article_modified_time":"2024-07-25T14:11:22+00:00","og_image":[{"width":850,"height":570,"url":"https:\/\/www.budokampsport.se\/wp-content\/uploads\/2022\/09\/Lomma.jpg","type":"image\/jpeg"}],"author":"Mathias Schiemann","twitter_card":"summary_large_image","twitter_misc":{"Skriven av":"Mathias Schiemann","Ber\u00e4knad l\u00e4stid":"3 minuter"},"schema":{"@context":"https:\/\/schema.org","@graph":[{"@type":"Article","@id":"https:\/\/www.budokampsport.se\/2022\/09\/09\/demokrativeckan-lomma-combat-jujutsu-if-om-ungdomar-i-verksamheten\/#article","isPartOf":{"@id":"https:\/\/www.budokampsport.se\/2022\/09\/09\/demokrativeckan-lomma-combat-jujutsu-if-om-ungdomar-i-verksamheten\/"},"author":{"name":"Mathias Schiemann","@id":"https:\/\/www.budokampsport.se\/#\/schema\/person\/d691e959b20ed14551eebf232fa5cc50"},"headline":"Demokrativeckan: Lomma Combat Jujutsu IF om ungdomar i verksamheten","datePublished":"2022-09-09T11:04:44+00:00","dateModified":"2024-07-25T14:11:22+00:00","mainEntityOfPage":{"@id":"https:\/\/www.budokampsport.se\/2022\/09\/09\/demokrativeckan-lomma-combat-jujutsu-if-om-ungdomar-i-verksamheten\/"},"wordCount":657,"commentCount":0,"image":{"@id":"https:\/\/www.budokampsport.se\/2022\/09\/09\/demokrativeckan-lomma-combat-jujutsu-if-om-ungdomar-i-verksamheten\/#primaryimage"},"thumbnailUrl":"https:\/\/www.budokampsport.se\/wp-content\/uploads\/2022\/09\/Lomma.jpg","articleSection":["Demokratidrott"],"inLanguage":"sv-SE","potentialAction":[{"@type":"CommentAction","name":"Comment","target":["https:\/\/www.budokampsport.se\/2022\/09\/09\/demokrativeckan-lomma-combat-jujutsu-if-om-ungdomar-i-verksamheten\/#respond"]}]},{"@type":"WebPage","@id":"https:\/\/www.budokampsport.se\/2022\/09\/09\/demokrativeckan-lomma-combat-jujutsu-if-om-ungdomar-i-verksamheten\/","url":"https:\/\/www.budokampsport.se\/2022\/09\/09\/demokrativeckan-lomma-combat-jujutsu-if-om-ungdomar-i-verksamheten\/","name":"Demokrativeckan: Lomma Combat Jujutsu IF om ungdomar i verksamheten - Svenska Budo &amp; Kampsportsf\u00f6rbundet","isPartOf":{"@id":"https:\/\/www.budokampsport.se\/#website"},"primaryImageOfPage":{"@id":"https:\/\/www.budokampsport.se\/2022\/09\/09\/demokrativeckan-lomma-combat-jujutsu-if-om-ungdomar-i-verksamheten\/#primaryimage"},"image":{"@id":"https:\/\/www.budokampsport.se\/2022\/09\/09\/demokrativeckan-lomma-combat-jujutsu-if-om-ungdomar-i-verksamheten\/#primaryimage"},"thumbnailUrl":"https:\/\/www.budokampsport.se\/wp-content\/uploads\/2022\/09\/Lomma.jpg","datePublished":"2022-09-09T11:04:44+00:00","dateModified":"2024-07-25T14:11:22+00:00","author":{"@id":"https:\/\/www.budokampsport.se\/#\/schema\/person\/d691e959b20ed14551eebf232fa5cc50"},"description":"DEMOKRATIVECKAN. Vi har tr\u00e4ffat ledare f\u00f6r Lomma Combat Jujustu IF i sk\u00e5ne och f\u00e5tt inblick i deras tr\u00e4ningsvardag, d\u00e4r ungdomar tydligt \u00e4r med och p\u00e5verkar. tr\u00e4ningsinneh\u00e5llet. - Det \u00e4r klart att n\u00e4r ungdomarna tr\u00e4nar tillsammans, undervisar och skapar relationer s\u00e5 f\u00f6ljer det med \u00e4ven utanf\u00f6r tr\u00e4ningen, s\u00e4ger ledaren Henrik Wendel till budokampsport.se. (Foto: Henrik Wendel)","breadcrumb":{"@id":"https:\/\/www.budokampsport.se\/2022\/09\/09\/demokrativeckan-lomma-combat-jujutsu-if-om-ungdomar-i-verksamheten\/#breadcrumb"},"inLanguage":"sv-SE","potentialAction":[{"@type":"ReadAction","target":["https:\/\/www.budokampsport.se\/2022\/09\/09\/demokrativeckan-lomma-combat-jujutsu-if-om-ungdomar-i-verksamheten\/"]}]},{"@type":"ImageObject","inLanguage":"sv-SE","@id":"https:\/\/www.budokampsport.se\/2022\/09\/09\/demokrativeckan-lomma-combat-jujutsu-if-om-ungdomar-i-verksamheten\/#primaryimage","url":"https:\/\/www.budokampsport.se\/wp-content\/uploads\/2022\/09\/Lomma.jpg","contentUrl":"https:\/\/www.budokampsport.se\/wp-content\/uploads\/2022\/09\/Lomma.jpg","width":850,"height":570,"caption":"Foto: privat"},{"@type":"BreadcrumbList","@id":"https:\/\/www.budokampsport.se\/2022\/09\/09\/demokrativeckan-lomma-combat-jujutsu-if-om-ungdomar-i-verksamheten\/#breadcrumb","itemListElement":[{"@type":"ListItem","position":1,"name":"Hem","item":"https:\/\/www.budokampsport.se\/"},{"@type":"ListItem","position":2,"name":"Demokrativeckan: Lomma Combat Jujutsu IF om ungdomar i verksamheten"}]},{"@type":"WebSite","@id":"https:\/\/www.budokampsport.se\/#website","url":"https:\/\/www.budokampsport.se\/","name":"Svenska Budo &amp; Kampsportsf\u00f6rbundet","description":"T\u00e4vling, Tr\u00e4ning, Tradition","potentialAction":[{"@type":"SearchAction","target":{"@type":"EntryPoint","urlTemplate":"https:\/\/www.budokampsport.se\/?s={search_term_string}"},"query-input":{"@type":"PropertyValueSpecification","valueRequired":true,"valueName":"search_term_string"}}],"inLanguage":"sv-SE"},{"@type":"Person","@id":"https:\/\/www.budokampsport.se\/#\/schema\/person\/d691e959b20ed14551eebf232fa5cc50","name":"Mathias Schiemann","image":{"@type":"ImageObject","inLanguage":"sv-SE","@id":"https:\/\/www.budokampsport.se\/#\/schema\/person\/image\/","url":"https:\/\/secure.gravatar.com\/avatar\/2c310619a1e007b9344ce11c706f1615?s=96&d=blank&r=g","contentUrl":"https:\/\/secure.gravatar.com\/avatar\/2c310619a1e007b9344ce11c706f1615?s=96&d=blank&r=g","caption":"Mathias Schiemann"},"url":"https:\/\/www.budokampsport.se\/author\/mathias-schiemann\/"}]}},"_links":{"self":[{"href":"https:\/\/www.budokampsport.se\/api\/wp\/v2\/posts\/141736","targetHints":{"allow":["GET"]}}],"collection":[{"href":"https:\/\/www.budokampsport.se\/api\/wp\/v2\/posts"}],"about":[{"href":"https:\/\/www.budokampsport.se\/api\/wp\/v2\/types\/post"}],"author":[{"embeddable":true,"href":"https:\/\/www.budokampsport.se\/api\/wp\/v2\/users\/1199"}],"replies":[{"embeddable":true,"href":"https:\/\/www.budokampsport.se\/api\/wp\/v2\/comments?post=141736"}],"version-history":[{"count":0,"href":"https:\/\/www.budokampsport.se\/api\/wp\/v2\/posts\/141736\/revisions"}],"wp:featuredmedia":[{"embeddable":true,"href":"https:\/\/www.budokampsport.se\/api\/wp\/v2\/media\/141784"}],"wp:attachment":[{"href":"https:\/\/www.budokampsport.se\/api\/wp\/v2\/media?parent=141736"}],"wp:term":[{"taxonomy":"category","embeddable":true,"href":"https:\/\/www.budokampsport.se\/api\/wp\/v2\/categories?post=141736"},{"taxonomy":"post_tag","embeddable":true,"href":"https:\/\/www.budokampsport.se\/api\/wp\/v2\/tags?post=141736"}],"curies":[{"name":"wp","href":"https:\/\/api.w.org\/{rel}","templated":true}]}}