{"id":141794,"date":"2022-09-30T09:59:26","date_gmt":"2022-09-30T07:59:26","guid":{"rendered":"https:\/\/www.budokampsport.se\/?p=141794"},"modified":"2022-09-30T09:59:26","modified_gmt":"2022-09-30T07:59:26","slug":"sbks-arsstamma-genomfors-fysiskt-den-25-mars-2023","status":"publish","type":"post","link":"https:\/\/www.budokampsport.se\/2022\/09\/30\/sbks-arsstamma-genomfors-fysiskt-den-25-mars-2023\/","title":{"rendered":"SB&#038;K:s \u00e5rsst\u00e4mma genomf\u00f6rs fysiskt den 25 mars 2023"},"content":{"rendered":"<p>Datum f\u00f6r SB&amp;K:s f\u00f6rbundsst\u00e4mma \u00e4r best\u00e4mt till l\u00f6rdagen den 25 mars 2023, tid och plats presenteras l\u00e4ngre fram.\u00a0<\/p>\n<h3><strong>Andra viktiga datum inf\u00f6r \u00e5rsst\u00e4mman<\/strong><\/h3>\n<ul>\n<li><strong>1 december 2022<\/strong><br \/>\nSista datum f\u00f6r valberedningen att meddela vilka i den nuvarande f\u00f6rbundsstyrelsen som avb\u00f6jer omval.<\/p>\n<\/li>\n<li><strong>14 december 2022<\/strong><br \/>\nL\u00e4nkar f\u00f6r medlemsrapportering skickas till f\u00f6reningens kontaktmejl i <a href=\"https:\/\/www.budokampsport.se\/klubbar\/\">klubbregistret<\/a>.\u00a0<\/p>\n<\/li>\n<li><strong>15 januari 2023<\/strong><br \/>\nSista datum f\u00f6r r\u00f6stber\u00e4ttigade f\u00f6reningar att nominera kandidater till f\u00f6rbundsstyrelse, revisorer och disciplinn\u00e4mnd.<\/p>\n<\/li>\n<li><strong>15 januari 2023<\/strong><br \/>\nSista datum f\u00f6r att skicka in motioner till st\u00e4mman. UF-styrelse, distriktsf\u00f6rbundsstyrelse samt f\u00f6reningar i SB&amp;K kan motionera.<\/p>\n<\/li>\n<li><strong>31 januari 2023<\/strong><br \/>\nSista datum f\u00f6r f\u00f6reningars medlemsrapportering och betalning till SB&amp;K f\u00f6r att \u00e4ga r\u00f6str\u00e4tt p\u00e5 st\u00e4mman.<\/p>\n<\/li>\n<li><strong>15 februari 2023<\/strong><br \/>\nSista datum f\u00f6r valberedningen att redovisa sitt f\u00f6rslag p\u00e5 kandidater till f\u00f6rbundsstyrelse, revisorer och disciplinn\u00e4mnd.<\/p>\n<\/li>\n<li><strong>11 mars 2023<\/strong><br \/>\nSista datum f\u00f6r att redovisa f\u00f6rbundsstyrelsens propositioner och \u00f6vriga \u00e5rsm\u00f6teshandlingar till st\u00e4mman.<\/p>\n<\/li>\n<\/ul>\n<h3><strong>Distriktens \u00e5rsm\u00f6ten<\/strong><\/h3>\n<p>Distrikten kan f\u00f6r hj\u00e4lp och st\u00f6ttning i genomf\u00f6randet av sitt \u00e5rsm\u00f6te kontakta aktuellt <a href=\"https:\/\/www.sisuidrottsutbildarna.se\/Omoss\/varadistrikt\/\" target=\"_blank\" rel=\"noopener\">RF-SISU distrikt<\/a>.\u00a0<\/p>\n<h3><strong>Underf\u00f6rbundens \u00e5rsm\u00f6ten<\/strong><\/h3>\n<p>Inom kort kommer det att g\u00e5 ut en f\u00f6rfr\u00e5gan till f\u00f6rbundets underf\u00f6rbund om att genomf\u00f6ra fysiska \u00e5rsm\u00f6ten i anslutning till SB&amp;K:s.\u00a0<\/p>\n<p>SB&amp;K:s \u00e5rsm\u00f6te \u00e4r det sista inom f\u00f6rbundet. Inf\u00f6r st\u00e4mman ska samtliga sju distrikt och 18 underf\u00f6rbund ha h\u00e5llit sina respektive \u00e5rsm\u00f6ten. Information om \u00e5rsm\u00f6ten inom f\u00f6rbundet publiceras under <a href=\"https:\/\/www.budokampsport.se\/forbund\/\" target=\"_blank\" rel=\"noopener noreferrer\">F\u00f6rbund<\/a>\u00a0\u203a\u00a0<a href=\"http:\/\/www.budokampsport.se\/forbund\/arsmoten\/\">\u00c5rsm\u00f6ten<\/a>.<\/p>\n<p>&nbsp;<\/p>\n<p>Text: Sofia Arnbom\/Annie Bondefelt<\/p>\n","protected":false},"excerpt":{"rendered":"<p>\u00c5RSM\u00d6TE. Efter tre \u00e5r med digitala st\u00e4mmor planerar Svenska Budo &#038; Kampsportsf\u00f6rbundet att genomf\u00f6ra n\u00e4sta \u00e5rsm\u00f6te fysiskt.<br \/><br>(Foto: Mathias Bergeld\/Bildbyr\u00e5n)<\/p><br>","protected":false},"author":1195,"featured_media":122715,"comment_status":"open","ping_status":"open","sticky":false,"template":"","format":"standard","meta":{"_acf_changed":false,"footnotes":""},"categories":[410],"tags":[],"class_list":["post-141794","post","type-post","status-publish","format-standard","has-post-thumbnail","hentry","category-arsmote"],"acf":[],"yoast_head":"<!-- This site is optimized with the Yoast SEO plugin v26.8 - https:\/\/yoast.com\/product\/yoast-seo-wordpress\/ -->\n<title>SB&amp;K:s \u00e5rsst\u00e4mma genomf\u00f6rs fysiskt den 25 mars 2023 - Svenska Budo &amp; Kampsportsf\u00f6rbundet<\/title>\n<meta name=\"description\" content=\"\u00c5RSM\u00d6TE. Efter tre \u00e5r med digitala st\u00e4mmor planerar Svenska Budo &amp; Kampsportsf\u00f6rbundet att genomf\u00f6ra n\u00e4sta \u00e5rsm\u00f6te fysiskt. (Foto: Mathias Bergeld\/Bildbyr\u00e5n)\" \/>\n<meta name=\"robots\" content=\"index, follow, max-snippet:-1, max-image-preview:large, max-video-preview:-1\" \/>\n<link rel=\"canonical\" href=\"https:\/\/www.budokampsport.se\/2022\/09\/30\/sbks-arsstamma-genomfors-fysiskt-den-25-mars-2023\/\" \/>\n<meta property=\"og:locale\" content=\"sv_SE\" \/>\n<meta property=\"og:type\" content=\"article\" \/>\n<meta property=\"og:title\" content=\"SB&amp;K:s \u00e5rsst\u00e4mma genomf\u00f6rs fysiskt den 25 mars 2023 - Svenska Budo &amp; Kampsportsf\u00f6rbundet\" \/>\n<meta property=\"og:description\" content=\"\u00c5RSM\u00d6TE. Efter tre \u00e5r med digitala st\u00e4mmor planerar Svenska Budo &amp; Kampsportsf\u00f6rbundet att genomf\u00f6ra n\u00e4sta \u00e5rsm\u00f6te fysiskt. (Foto: Mathias Bergeld\/Bildbyr\u00e5n)\" \/>\n<meta property=\"og:url\" content=\"https:\/\/www.budokampsport.se\/2022\/09\/30\/sbks-arsstamma-genomfors-fysiskt-den-25-mars-2023\/\" \/>\n<meta property=\"og:site_name\" content=\"Svenska Budo &amp; Kampsportsf\u00f6rbundet\" \/>\n<meta property=\"article:published_time\" content=\"2022-09-30T07:59:26+00:00\" \/>\n<meta property=\"og:image\" content=\"https:\/\/www.budokampsport.se\/wp-content\/uploads\/2020\/11\/BB190526MB009-850px.jpg\" \/>\n\t<meta property=\"og:image:width\" content=\"850\" \/>\n\t<meta property=\"og:image:height\" content=\"567\" \/>\n\t<meta property=\"og:image:type\" content=\"image\/jpeg\" \/>\n<meta name=\"author\" content=\"Kansliet\" \/>\n<meta name=\"twitter:card\" content=\"summary_large_image\" \/>\n<meta name=\"twitter:label1\" content=\"Skriven av\" \/>\n\t<meta name=\"twitter:data1\" content=\"Kansliet\" \/>\n\t<meta name=\"twitter:label2\" content=\"Ber\u00e4knad l\u00e4stid\" \/>\n\t<meta name=\"twitter:data2\" content=\"1 minut\" \/>\n<script type=\"application\/ld+json\" class=\"yoast-schema-graph\">{\"@context\":\"https:\/\/schema.org\",\"@graph\":[{\"@type\":\"Article\",\"@id\":\"https:\/\/www.budokampsport.se\/2022\/09\/30\/sbks-arsstamma-genomfors-fysiskt-den-25-mars-2023\/#article\",\"isPartOf\":{\"@id\":\"https:\/\/www.budokampsport.se\/2022\/09\/30\/sbks-arsstamma-genomfors-fysiskt-den-25-mars-2023\/\"},\"author\":{\"name\":\"Kansliet\",\"@id\":\"https:\/\/www.budokampsport.se\/#\/schema\/person\/4879786a5505c6e8fc3f5d619a753c3e\"},\"headline\":\"SB&#038;K:s \u00e5rsst\u00e4mma genomf\u00f6rs fysiskt den 25 mars 2023\",\"datePublished\":\"2022-09-30T07:59:26+00:00\",\"mainEntityOfPage\":{\"@id\":\"https:\/\/www.budokampsport.se\/2022\/09\/30\/sbks-arsstamma-genomfors-fysiskt-den-25-mars-2023\/\"},\"wordCount\":284,\"commentCount\":0,\"image\":{\"@id\":\"https:\/\/www.budokampsport.se\/2022\/09\/30\/sbks-arsstamma-genomfors-fysiskt-den-25-mars-2023\/#primaryimage\"},\"thumbnailUrl\":\"https:\/\/www.budokampsport.se\/wp-content\/uploads\/2020\/11\/BB190526MB009-850px.jpg\",\"articleSection\":[\"\u00c5rsm\u00f6te\"],\"inLanguage\":\"sv-SE\",\"potentialAction\":[{\"@type\":\"CommentAction\",\"name\":\"Comment\",\"target\":[\"https:\/\/www.budokampsport.se\/2022\/09\/30\/sbks-arsstamma-genomfors-fysiskt-den-25-mars-2023\/#respond\"]}]},{\"@type\":\"WebPage\",\"@id\":\"https:\/\/www.budokampsport.se\/2022\/09\/30\/sbks-arsstamma-genomfors-fysiskt-den-25-mars-2023\/\",\"url\":\"https:\/\/www.budokampsport.se\/2022\/09\/30\/sbks-arsstamma-genomfors-fysiskt-den-25-mars-2023\/\",\"name\":\"SB&K:s \u00e5rsst\u00e4mma genomf\u00f6rs fysiskt den 25 mars 2023 - Svenska Budo &amp; Kampsportsf\u00f6rbundet\",\"isPartOf\":{\"@id\":\"https:\/\/www.budokampsport.se\/#website\"},\"primaryImageOfPage\":{\"@id\":\"https:\/\/www.budokampsport.se\/2022\/09\/30\/sbks-arsstamma-genomfors-fysiskt-den-25-mars-2023\/#primaryimage\"},\"image\":{\"@id\":\"https:\/\/www.budokampsport.se\/2022\/09\/30\/sbks-arsstamma-genomfors-fysiskt-den-25-mars-2023\/#primaryimage\"},\"thumbnailUrl\":\"https:\/\/www.budokampsport.se\/wp-content\/uploads\/2020\/11\/BB190526MB009-850px.jpg\",\"datePublished\":\"2022-09-30T07:59:26+00:00\",\"author\":{\"@id\":\"https:\/\/www.budokampsport.se\/#\/schema\/person\/4879786a5505c6e8fc3f5d619a753c3e\"},\"description\":\"\u00c5RSM\u00d6TE. Efter tre \u00e5r med digitala st\u00e4mmor planerar Svenska Budo & Kampsportsf\u00f6rbundet att genomf\u00f6ra n\u00e4sta \u00e5rsm\u00f6te fysiskt. (Foto: Mathias Bergeld\/Bildbyr\u00e5n)\",\"breadcrumb\":{\"@id\":\"https:\/\/www.budokampsport.se\/2022\/09\/30\/sbks-arsstamma-genomfors-fysiskt-den-25-mars-2023\/#breadcrumb\"},\"inLanguage\":\"sv-SE\",\"potentialAction\":[{\"@type\":\"ReadAction\",\"target\":[\"https:\/\/www.budokampsport.se\/2022\/09\/30\/sbks-arsstamma-genomfors-fysiskt-den-25-mars-2023\/\"]}]},{\"@type\":\"ImageObject\",\"inLanguage\":\"sv-SE\",\"@id\":\"https:\/\/www.budokampsport.se\/2022\/09\/30\/sbks-arsstamma-genomfors-fysiskt-den-25-mars-2023\/#primaryimage\",\"url\":\"https:\/\/www.budokampsport.se\/wp-content\/uploads\/2020\/11\/BB190526MB009-850px.jpg\",\"contentUrl\":\"https:\/\/www.budokampsport.se\/wp-content\/uploads\/2020\/11\/BB190526MB009-850px.jpg\",\"width\":850,\"height\":567,\"caption\":\"190526 Ombuden r\u00f6star genom handuppr\u00e4ckning under dag tre av riksidrottsm\u00f6tet den 26 maj 2019 i J\u00f6nk\u00f6ping. Foto: Mathias Bergeld \/ BILDBYR\u00c5N \/ Cop 200\"},{\"@type\":\"BreadcrumbList\",\"@id\":\"https:\/\/www.budokampsport.se\/2022\/09\/30\/sbks-arsstamma-genomfors-fysiskt-den-25-mars-2023\/#breadcrumb\",\"itemListElement\":[{\"@type\":\"ListItem\",\"position\":1,\"name\":\"Hem\",\"item\":\"https:\/\/www.budokampsport.se\/\"},{\"@type\":\"ListItem\",\"position\":2,\"name\":\"SB&#038;K:s \u00e5rsst\u00e4mma genomf\u00f6rs fysiskt den 25 mars 2023\"}]},{\"@type\":\"WebSite\",\"@id\":\"https:\/\/www.budokampsport.se\/#website\",\"url\":\"https:\/\/www.budokampsport.se\/\",\"name\":\"Svenska Budo &amp; Kampsportsf\u00f6rbundet\",\"description\":\"T\u00e4vling, Tr\u00e4ning, Tradition\",\"potentialAction\":[{\"@type\":\"SearchAction\",\"target\":{\"@type\":\"EntryPoint\",\"urlTemplate\":\"https:\/\/www.budokampsport.se\/?s={search_term_string}\"},\"query-input\":{\"@type\":\"PropertyValueSpecification\",\"valueRequired\":true,\"valueName\":\"search_term_string\"}}],\"inLanguage\":\"sv-SE\"},{\"@type\":\"Person\",\"@id\":\"https:\/\/www.budokampsport.se\/#\/schema\/person\/4879786a5505c6e8fc3f5d619a753c3e\",\"name\":\"Kansliet\",\"image\":{\"@type\":\"ImageObject\",\"inLanguage\":\"sv-SE\",\"@id\":\"https:\/\/www.budokampsport.se\/#\/schema\/person\/image\/\",\"url\":\"https:\/\/secure.gravatar.com\/avatar\/14cbc5bb355f5ca0b294dcf8d8981cf4?s=96&d=blank&r=g\",\"contentUrl\":\"https:\/\/secure.gravatar.com\/avatar\/14cbc5bb355f5ca0b294dcf8d8981cf4?s=96&d=blank&r=g\",\"caption\":\"Kansliet\"},\"url\":\"https:\/\/www.budokampsport.se\/author\/kansliet\/\"}]}<\/script>\n<!-- \/ Yoast SEO plugin. -->","yoast_head_json":{"title":"SB&K:s \u00e5rsst\u00e4mma genomf\u00f6rs fysiskt den 25 mars 2023 - Svenska Budo &amp; Kampsportsf\u00f6rbundet","description":"\u00c5RSM\u00d6TE. Efter tre \u00e5r med digitala st\u00e4mmor planerar Svenska Budo & Kampsportsf\u00f6rbundet att genomf\u00f6ra n\u00e4sta \u00e5rsm\u00f6te fysiskt. (Foto: Mathias Bergeld\/Bildbyr\u00e5n)","robots":{"index":"index","follow":"follow","max-snippet":"max-snippet:-1","max-image-preview":"max-image-preview:large","max-video-preview":"max-video-preview:-1"},"canonical":"https:\/\/www.budokampsport.se\/2022\/09\/30\/sbks-arsstamma-genomfors-fysiskt-den-25-mars-2023\/","og_locale":"sv_SE","og_type":"article","og_title":"SB&K:s \u00e5rsst\u00e4mma genomf\u00f6rs fysiskt den 25 mars 2023 - Svenska Budo &amp; Kampsportsf\u00f6rbundet","og_description":"\u00c5RSM\u00d6TE. Efter tre \u00e5r med digitala st\u00e4mmor planerar Svenska Budo & Kampsportsf\u00f6rbundet att genomf\u00f6ra n\u00e4sta \u00e5rsm\u00f6te fysiskt. (Foto: Mathias Bergeld\/Bildbyr\u00e5n)","og_url":"https:\/\/www.budokampsport.se\/2022\/09\/30\/sbks-arsstamma-genomfors-fysiskt-den-25-mars-2023\/","og_site_name":"Svenska Budo &amp; Kampsportsf\u00f6rbundet","article_published_time":"2022-09-30T07:59:26+00:00","og_image":[{"width":850,"height":567,"url":"https:\/\/www.budokampsport.se\/wp-content\/uploads\/2020\/11\/BB190526MB009-850px.jpg","type":"image\/jpeg"}],"author":"Kansliet","twitter_card":"summary_large_image","twitter_misc":{"Skriven av":"Kansliet","Ber\u00e4knad l\u00e4stid":"1 minut"},"schema":{"@context":"https:\/\/schema.org","@graph":[{"@type":"Article","@id":"https:\/\/www.budokampsport.se\/2022\/09\/30\/sbks-arsstamma-genomfors-fysiskt-den-25-mars-2023\/#article","isPartOf":{"@id":"https:\/\/www.budokampsport.se\/2022\/09\/30\/sbks-arsstamma-genomfors-fysiskt-den-25-mars-2023\/"},"author":{"name":"Kansliet","@id":"https:\/\/www.budokampsport.se\/#\/schema\/person\/4879786a5505c6e8fc3f5d619a753c3e"},"headline":"SB&#038;K:s \u00e5rsst\u00e4mma genomf\u00f6rs fysiskt den 25 mars 2023","datePublished":"2022-09-30T07:59:26+00:00","mainEntityOfPage":{"@id":"https:\/\/www.budokampsport.se\/2022\/09\/30\/sbks-arsstamma-genomfors-fysiskt-den-25-mars-2023\/"},"wordCount":284,"commentCount":0,"image":{"@id":"https:\/\/www.budokampsport.se\/2022\/09\/30\/sbks-arsstamma-genomfors-fysiskt-den-25-mars-2023\/#primaryimage"},"thumbnailUrl":"https:\/\/www.budokampsport.se\/wp-content\/uploads\/2020\/11\/BB190526MB009-850px.jpg","articleSection":["\u00c5rsm\u00f6te"],"inLanguage":"sv-SE","potentialAction":[{"@type":"CommentAction","name":"Comment","target":["https:\/\/www.budokampsport.se\/2022\/09\/30\/sbks-arsstamma-genomfors-fysiskt-den-25-mars-2023\/#respond"]}]},{"@type":"WebPage","@id":"https:\/\/www.budokampsport.se\/2022\/09\/30\/sbks-arsstamma-genomfors-fysiskt-den-25-mars-2023\/","url":"https:\/\/www.budokampsport.se\/2022\/09\/30\/sbks-arsstamma-genomfors-fysiskt-den-25-mars-2023\/","name":"SB&K:s \u00e5rsst\u00e4mma genomf\u00f6rs fysiskt den 25 mars 2023 - Svenska Budo &amp; Kampsportsf\u00f6rbundet","isPartOf":{"@id":"https:\/\/www.budokampsport.se\/#website"},"primaryImageOfPage":{"@id":"https:\/\/www.budokampsport.se\/2022\/09\/30\/sbks-arsstamma-genomfors-fysiskt-den-25-mars-2023\/#primaryimage"},"image":{"@id":"https:\/\/www.budokampsport.se\/2022\/09\/30\/sbks-arsstamma-genomfors-fysiskt-den-25-mars-2023\/#primaryimage"},"thumbnailUrl":"https:\/\/www.budokampsport.se\/wp-content\/uploads\/2020\/11\/BB190526MB009-850px.jpg","datePublished":"2022-09-30T07:59:26+00:00","author":{"@id":"https:\/\/www.budokampsport.se\/#\/schema\/person\/4879786a5505c6e8fc3f5d619a753c3e"},"description":"\u00c5RSM\u00d6TE. Efter tre \u00e5r med digitala st\u00e4mmor planerar Svenska Budo & Kampsportsf\u00f6rbundet att genomf\u00f6ra n\u00e4sta \u00e5rsm\u00f6te fysiskt. (Foto: Mathias Bergeld\/Bildbyr\u00e5n)","breadcrumb":{"@id":"https:\/\/www.budokampsport.se\/2022\/09\/30\/sbks-arsstamma-genomfors-fysiskt-den-25-mars-2023\/#breadcrumb"},"inLanguage":"sv-SE","potentialAction":[{"@type":"ReadAction","target":["https:\/\/www.budokampsport.se\/2022\/09\/30\/sbks-arsstamma-genomfors-fysiskt-den-25-mars-2023\/"]}]},{"@type":"ImageObject","inLanguage":"sv-SE","@id":"https:\/\/www.budokampsport.se\/2022\/09\/30\/sbks-arsstamma-genomfors-fysiskt-den-25-mars-2023\/#primaryimage","url":"https:\/\/www.budokampsport.se\/wp-content\/uploads\/2020\/11\/BB190526MB009-850px.jpg","contentUrl":"https:\/\/www.budokampsport.se\/wp-content\/uploads\/2020\/11\/BB190526MB009-850px.jpg","width":850,"height":567,"caption":"190526 Ombuden r\u00f6star genom handuppr\u00e4ckning under dag tre av riksidrottsm\u00f6tet den 26 maj 2019 i J\u00f6nk\u00f6ping. Foto: Mathias Bergeld \/ BILDBYR\u00c5N \/ Cop 200"},{"@type":"BreadcrumbList","@id":"https:\/\/www.budokampsport.se\/2022\/09\/30\/sbks-arsstamma-genomfors-fysiskt-den-25-mars-2023\/#breadcrumb","itemListElement":[{"@type":"ListItem","position":1,"name":"Hem","item":"https:\/\/www.budokampsport.se\/"},{"@type":"ListItem","position":2,"name":"SB&#038;K:s \u00e5rsst\u00e4mma genomf\u00f6rs fysiskt den 25 mars 2023"}]},{"@type":"WebSite","@id":"https:\/\/www.budokampsport.se\/#website","url":"https:\/\/www.budokampsport.se\/","name":"Svenska Budo &amp; Kampsportsf\u00f6rbundet","description":"T\u00e4vling, Tr\u00e4ning, Tradition","potentialAction":[{"@type":"SearchAction","target":{"@type":"EntryPoint","urlTemplate":"https:\/\/www.budokampsport.se\/?s={search_term_string}"},"query-input":{"@type":"PropertyValueSpecification","valueRequired":true,"valueName":"search_term_string"}}],"inLanguage":"sv-SE"},{"@type":"Person","@id":"https:\/\/www.budokampsport.se\/#\/schema\/person\/4879786a5505c6e8fc3f5d619a753c3e","name":"Kansliet","image":{"@type":"ImageObject","inLanguage":"sv-SE","@id":"https:\/\/www.budokampsport.se\/#\/schema\/person\/image\/","url":"https:\/\/secure.gravatar.com\/avatar\/14cbc5bb355f5ca0b294dcf8d8981cf4?s=96&d=blank&r=g","contentUrl":"https:\/\/secure.gravatar.com\/avatar\/14cbc5bb355f5ca0b294dcf8d8981cf4?s=96&d=blank&r=g","caption":"Kansliet"},"url":"https:\/\/www.budokampsport.se\/author\/kansliet\/"}]}},"_links":{"self":[{"href":"https:\/\/www.budokampsport.se\/api\/wp\/v2\/posts\/141794","targetHints":{"allow":["GET"]}}],"collection":[{"href":"https:\/\/www.budokampsport.se\/api\/wp\/v2\/posts"}],"about":[{"href":"https:\/\/www.budokampsport.se\/api\/wp\/v2\/types\/post"}],"author":[{"embeddable":true,"href":"https:\/\/www.budokampsport.se\/api\/wp\/v2\/users\/1195"}],"replies":[{"embeddable":true,"href":"https:\/\/www.budokampsport.se\/api\/wp\/v2\/comments?post=141794"}],"version-history":[{"count":0,"href":"https:\/\/www.budokampsport.se\/api\/wp\/v2\/posts\/141794\/revisions"}],"wp:featuredmedia":[{"embeddable":true,"href":"https:\/\/www.budokampsport.se\/api\/wp\/v2\/media\/122715"}],"wp:attachment":[{"href":"https:\/\/www.budokampsport.se\/api\/wp\/v2\/media?parent=141794"}],"wp:term":[{"taxonomy":"category","embeddable":true,"href":"https:\/\/www.budokampsport.se\/api\/wp\/v2\/categories?post=141794"},{"taxonomy":"post_tag","embeddable":true,"href":"https:\/\/www.budokampsport.se\/api\/wp\/v2\/tags?post=141794"}],"curies":[{"name":"wp","href":"https:\/\/api.w.org\/{rel}","templated":true}]}}