{"id":141925,"date":"2022-09-15T08:57:51","date_gmt":"2022-09-15T06:57:51","guid":{"rendered":"https:\/\/www.budokampsport.se\/?p=141925"},"modified":"2022-09-15T08:57:51","modified_gmt":"2022-09-15T06:57:51","slug":"anna-lena-waldestal-gor-comeback","status":"publish","type":"post","link":"https:\/\/www.budokampsport.se\/2022\/09\/15\/anna-lena-waldestal-gor-comeback\/","title":{"rendered":"Anna-Lena Waldest\u00e5l g\u00f6r comeback"},"content":{"rendered":"<p><strong>Hur har uppladdningen g\u00e5tt inf\u00f6r EM?<\/strong><\/p>\n<p>\u2013 Tr\u00e4ningen har g\u00e5tt bra, regelbundenheten i tr\u00e4ningen \u00e4r det som ger resultaten och g\u00f6r att jag kan prestera bra under press som till exempel under ett m\u00e4sterskap. Men jag tr\u00e4nar ju lite oftare inf\u00f6r en stor t\u00e4vling, lite kortare men mer frekventa pass, ber\u00e4ttar Waldest\u00e5l.<\/p>\n<p><strong>Det blir comeback f\u00f6r dig i jodo-sammanhang?<\/strong><\/p>\n<p>\u2013 Att bli uttagen \u00e4r alltid en stor \u00e4ra, jag \u00e4r stolt \u00f6ver att representera Sverige. Det blir det f\u00f6rsta jodo-m\u00e4sterskapet efter pandemin och sen jag blev mamma, s\u00e5 det blir comeback och i en ny t\u00e4vlingsklass (yondan). Det k\u00e4nns fantastiskt men nerv\u00f6st s\u00e5klart, men det ska bli kul att tr\u00e4ffa alla och \u00e5terknyta kontakter. Vi \u00e4r ju en r\u00e4tt liten sport i Europa och \u00e4r d\u00e4rf\u00f6r ett r\u00e4tt tight community.<\/p>\n<p><strong>Hur har det g\u00e5tt att ladda om efter EM-bronset i iaido du tog f\u00f6r tv\u00e5 veckor sen?<\/strong><\/p>\n<p>\u2013 Jag har inte varit med om att iaido och jodo har m\u00e4sterskap under samma m\u00e5nad s\u00e5 det \u00e4r n\u00e5got nytt. Jag tycker det varit lite sv\u00e5rt att ladda om direkt. Det tar lite tid att landa och sen b\u00f6rja f\u00f6rbereda sig inf\u00f6r n\u00e4sta m\u00e4sterskap. Men \u00e5 andra sidan hinner man heller inte bli lika nerv\u00f6s eller bygga upp prestations\u00e5ngest p\u00e5 samma s\u00e4tt. Men v\u00e4l d\u00e4r s\u00e5 t\u00e4nder man s\u00e5klart till!<\/p>\n<p><strong>Vad \u00e4r den st\u00f6rsta utmaningen med jodo?<\/strong><\/p>\n<p>\u2013 Det sv\u00e5raste med jodo \u00e4r n\u00e4stan att man \u00e4r s\u00e5 beroende av en andra part, att t\u00e4vla med n\u00e5gon. Samspelet m\u00e5ste fungera. Tempot p\u00e5verkas av hur snabbt din partner g\u00f6r sina r\u00f6relser s\u00e5 det m\u00e5ste man anpassa sig till. Men det \u00e4r ocks\u00e5 det roliga, utmaningen. Under en match str\u00e4var jag efter att f\u00e5 till en bra kombination mellan teknik, samspel och intention. \u00c4ven om man g\u00f6r en f\u00f6rutbest\u00e4md kata s\u00e5 ska det se ut som att jag reagerar p\u00e5 en r\u00f6relse jag inte visste skulle komma.\u00a0Varje match \u00e4r lika viktigt s\u00e5 det g\u00e4ller att g\u00e5 in och ge allt. Man kan inte spara p\u00e5 energin som i vissa andra idrotter.<\/p>\n<p><strong>Och m\u00e5ls\u00e4ttningen?<br \/>\n<\/strong><br \/>\n\u2013 Ingen \u00e5ker f\u00f6r att f\u00f6rlora, jag kommer ge allt i alla matcher jag g\u00e5r. Det finns inga l\u00e4tta motst\u00e5ndare men ingen \u00e4r heller om\u00f6jligt, avslutar Waldest\u00e5l.<\/p>\n<p><strong>Fler artiklar om EM i jodo<br \/>\n<\/strong><a href=\"https:\/\/www.budokampsport.se\/2022\/08\/24\/svenska-truppen-till-em-i-jodo\/\" target=\"_blank\" rel=\"noopener\">Svenska truppen till EM i jodo<\/a><br \/>\n<a href=\"https:\/\/www.budokampsport.se\/2022\/09\/12\/sida-yin-fran-tavlande-till-landslagscoach\/\" target=\"_blank\" rel=\"noopener\">Sida Yin &#8211; fr\u00e5n t\u00e4vlande till landslagscoach<\/a><br \/>\n<a href=\"https:\/\/www.budokampsport.se\/2022\/09\/13\/lottningen-infor-helgens-em-i-jodo\/\" target=\"_blank\" rel=\"noopener\">Lottningen inf\u00f6r helgens EM i jodo<\/a><br \/>\n<a href=\"https:\/\/www.budokampsport.se\/2022\/09\/14\/jessica-stringer-bodins-forsta-em-i-jodo\/\" target=\"_blank\" rel=\"noopener\">Jessica Stringer Bodins f\u00f6rsta EM i jodo<\/a><\/p>\n<p>&nbsp;<\/p>\n<p>Text: Annie Bondefelt<\/p>\n","protected":false},"excerpt":{"rendered":"<p>JODO. Efter pandemi och f\u00f6r\u00e4ldraledighet kliver Waldest\u00e5l \u00e5terigen in i hetluften. P\u00e5 l\u00f6rdag startar EM i jodo och Waldest\u00e5l \u00e4r en av de som t\u00e4vlar i klassen yondan.<br \/><br>(Foto: Peter Sj\u00f6din)<\/p><br>","protected":false},"author":120,"featured_media":141474,"comment_status":"open","ping_status":"open","sticky":false,"template":"","format":"standard","meta":{"_acf_changed":false,"footnotes":""},"categories":[451],"tags":[],"class_list":["post-141925","post","type-post","status-publish","format-standard","has-post-thumbnail","hentry","category-elit"],"acf":[],"yoast_head":"<!-- This site is optimized with the Yoast SEO plugin v26.8 - https:\/\/yoast.com\/product\/yoast-seo-wordpress\/ -->\n<title>Anna-Lena Waldest\u00e5l g\u00f6r comeback - Svenska Budo &amp; Kampsportsf\u00f6rbundet<\/title>\n<meta name=\"description\" content=\"JODO. Efter pandemi och f\u00f6r\u00e4ldraledighet kliver Waldest\u00e5l \u00e5terigen in i hetluften. P\u00e5 l\u00f6rdag startar EM i jodo och Waldest\u00e5l \u00e4r en av de som t\u00e4vlar i klassen yondan. (Foto: Peter Sj\u00f6din)\" \/>\n<meta name=\"robots\" content=\"index, follow, max-snippet:-1, max-image-preview:large, max-video-preview:-1\" \/>\n<link rel=\"canonical\" href=\"https:\/\/www.budokampsport.se\/2022\/09\/15\/anna-lena-waldestal-gor-comeback\/\" \/>\n<meta property=\"og:locale\" content=\"sv_SE\" \/>\n<meta property=\"og:type\" content=\"article\" \/>\n<meta property=\"og:title\" content=\"Anna-Lena Waldest\u00e5l g\u00f6r comeback - Svenska Budo &amp; Kampsportsf\u00f6rbundet\" \/>\n<meta property=\"og:description\" content=\"JODO. Efter pandemi och f\u00f6r\u00e4ldraledighet kliver Waldest\u00e5l \u00e5terigen in i hetluften. P\u00e5 l\u00f6rdag startar EM i jodo och Waldest\u00e5l \u00e4r en av de som t\u00e4vlar i klassen yondan. (Foto: Peter Sj\u00f6din)\" \/>\n<meta property=\"og:url\" content=\"https:\/\/www.budokampsport.se\/2022\/09\/15\/anna-lena-waldestal-gor-comeback\/\" \/>\n<meta property=\"og:site_name\" content=\"Svenska Budo &amp; Kampsportsf\u00f6rbundet\" \/>\n<meta property=\"article:published_time\" content=\"2022-09-15T06:57:51+00:00\" \/>\n<meta property=\"og:image\" content=\"https:\/\/www.budokampsport.se\/wp-content\/uploads\/2022\/09\/Anna-Lena-Waldestal.jpg\" \/>\n\t<meta property=\"og:image:width\" content=\"869\" \/>\n\t<meta property=\"og:image:height\" content=\"653\" \/>\n\t<meta property=\"og:image:type\" content=\"image\/jpeg\" \/>\n<meta name=\"author\" content=\"Annie Carriage\" \/>\n<meta name=\"twitter:card\" content=\"summary_large_image\" \/>\n<meta name=\"twitter:label1\" content=\"Skriven av\" \/>\n\t<meta name=\"twitter:data1\" content=\"Annie Carriage\" \/>\n\t<meta name=\"twitter:label2\" content=\"Ber\u00e4knad l\u00e4stid\" \/>\n\t<meta name=\"twitter:data2\" content=\"2 minuter\" \/>\n<script type=\"application\/ld+json\" class=\"yoast-schema-graph\">{\"@context\":\"https:\/\/schema.org\",\"@graph\":[{\"@type\":\"Article\",\"@id\":\"https:\/\/www.budokampsport.se\/2022\/09\/15\/anna-lena-waldestal-gor-comeback\/#article\",\"isPartOf\":{\"@id\":\"https:\/\/www.budokampsport.se\/2022\/09\/15\/anna-lena-waldestal-gor-comeback\/\"},\"author\":{\"name\":\"Annie Carriage\",\"@id\":\"https:\/\/www.budokampsport.se\/#\/schema\/person\/c838cace8171f692e363fde3f38f208b\"},\"headline\":\"Anna-Lena Waldest\u00e5l g\u00f6r comeback\",\"datePublished\":\"2022-09-15T06:57:51+00:00\",\"mainEntityOfPage\":{\"@id\":\"https:\/\/www.budokampsport.se\/2022\/09\/15\/anna-lena-waldestal-gor-comeback\/\"},\"wordCount\":474,\"commentCount\":0,\"image\":{\"@id\":\"https:\/\/www.budokampsport.se\/2022\/09\/15\/anna-lena-waldestal-gor-comeback\/#primaryimage\"},\"thumbnailUrl\":\"https:\/\/www.budokampsport.se\/wp-content\/uploads\/2022\/09\/Anna-Lena-Waldestal.jpg\",\"articleSection\":[\"Elit\"],\"inLanguage\":\"sv-SE\",\"potentialAction\":[{\"@type\":\"CommentAction\",\"name\":\"Comment\",\"target\":[\"https:\/\/www.budokampsport.se\/2022\/09\/15\/anna-lena-waldestal-gor-comeback\/#respond\"]}]},{\"@type\":\"WebPage\",\"@id\":\"https:\/\/www.budokampsport.se\/2022\/09\/15\/anna-lena-waldestal-gor-comeback\/\",\"url\":\"https:\/\/www.budokampsport.se\/2022\/09\/15\/anna-lena-waldestal-gor-comeback\/\",\"name\":\"Anna-Lena Waldest\u00e5l g\u00f6r comeback - Svenska Budo &amp; Kampsportsf\u00f6rbundet\",\"isPartOf\":{\"@id\":\"https:\/\/www.budokampsport.se\/#website\"},\"primaryImageOfPage\":{\"@id\":\"https:\/\/www.budokampsport.se\/2022\/09\/15\/anna-lena-waldestal-gor-comeback\/#primaryimage\"},\"image\":{\"@id\":\"https:\/\/www.budokampsport.se\/2022\/09\/15\/anna-lena-waldestal-gor-comeback\/#primaryimage\"},\"thumbnailUrl\":\"https:\/\/www.budokampsport.se\/wp-content\/uploads\/2022\/09\/Anna-Lena-Waldestal.jpg\",\"datePublished\":\"2022-09-15T06:57:51+00:00\",\"author\":{\"@id\":\"https:\/\/www.budokampsport.se\/#\/schema\/person\/c838cace8171f692e363fde3f38f208b\"},\"description\":\"JODO. Efter pandemi och f\u00f6r\u00e4ldraledighet kliver Waldest\u00e5l \u00e5terigen in i hetluften. P\u00e5 l\u00f6rdag startar EM i jodo och Waldest\u00e5l \u00e4r en av de som t\u00e4vlar i klassen yondan. (Foto: Peter Sj\u00f6din)\",\"breadcrumb\":{\"@id\":\"https:\/\/www.budokampsport.se\/2022\/09\/15\/anna-lena-waldestal-gor-comeback\/#breadcrumb\"},\"inLanguage\":\"sv-SE\",\"potentialAction\":[{\"@type\":\"ReadAction\",\"target\":[\"https:\/\/www.budokampsport.se\/2022\/09\/15\/anna-lena-waldestal-gor-comeback\/\"]}]},{\"@type\":\"ImageObject\",\"inLanguage\":\"sv-SE\",\"@id\":\"https:\/\/www.budokampsport.se\/2022\/09\/15\/anna-lena-waldestal-gor-comeback\/#primaryimage\",\"url\":\"https:\/\/www.budokampsport.se\/wp-content\/uploads\/2022\/09\/Anna-Lena-Waldestal.jpg\",\"contentUrl\":\"https:\/\/www.budokampsport.se\/wp-content\/uploads\/2022\/09\/Anna-Lena-Waldestal.jpg\",\"width\":869,\"height\":653,\"caption\":\"Foto: Peter Sj\u00f6din\"},{\"@type\":\"BreadcrumbList\",\"@id\":\"https:\/\/www.budokampsport.se\/2022\/09\/15\/anna-lena-waldestal-gor-comeback\/#breadcrumb\",\"itemListElement\":[{\"@type\":\"ListItem\",\"position\":1,\"name\":\"Hem\",\"item\":\"https:\/\/www.budokampsport.se\/\"},{\"@type\":\"ListItem\",\"position\":2,\"name\":\"Anna-Lena Waldest\u00e5l g\u00f6r comeback\"}]},{\"@type\":\"WebSite\",\"@id\":\"https:\/\/www.budokampsport.se\/#website\",\"url\":\"https:\/\/www.budokampsport.se\/\",\"name\":\"Svenska Budo &amp; Kampsportsf\u00f6rbundet\",\"description\":\"T\u00e4vling, Tr\u00e4ning, Tradition\",\"potentialAction\":[{\"@type\":\"SearchAction\",\"target\":{\"@type\":\"EntryPoint\",\"urlTemplate\":\"https:\/\/www.budokampsport.se\/?s={search_term_string}\"},\"query-input\":{\"@type\":\"PropertyValueSpecification\",\"valueRequired\":true,\"valueName\":\"search_term_string\"}}],\"inLanguage\":\"sv-SE\"},{\"@type\":\"Person\",\"@id\":\"https:\/\/www.budokampsport.se\/#\/schema\/person\/c838cace8171f692e363fde3f38f208b\",\"name\":\"Annie Carriage\",\"image\":{\"@type\":\"ImageObject\",\"inLanguage\":\"sv-SE\",\"@id\":\"https:\/\/www.budokampsport.se\/#\/schema\/person\/image\/\",\"url\":\"https:\/\/secure.gravatar.com\/avatar\/9311295560bdfbdf78365a26f7df1876?s=96&d=blank&r=g\",\"contentUrl\":\"https:\/\/secure.gravatar.com\/avatar\/9311295560bdfbdf78365a26f7df1876?s=96&d=blank&r=g\",\"caption\":\"Annie Carriage\"},\"url\":\"https:\/\/www.budokampsport.se\/author\/annie-bondefelt\/\"}]}<\/script>\n<!-- \/ Yoast SEO plugin. -->","yoast_head_json":{"title":"Anna-Lena Waldest\u00e5l g\u00f6r comeback - Svenska Budo &amp; Kampsportsf\u00f6rbundet","description":"JODO. Efter pandemi och f\u00f6r\u00e4ldraledighet kliver Waldest\u00e5l \u00e5terigen in i hetluften. P\u00e5 l\u00f6rdag startar EM i jodo och Waldest\u00e5l \u00e4r en av de som t\u00e4vlar i klassen yondan. (Foto: Peter Sj\u00f6din)","robots":{"index":"index","follow":"follow","max-snippet":"max-snippet:-1","max-image-preview":"max-image-preview:large","max-video-preview":"max-video-preview:-1"},"canonical":"https:\/\/www.budokampsport.se\/2022\/09\/15\/anna-lena-waldestal-gor-comeback\/","og_locale":"sv_SE","og_type":"article","og_title":"Anna-Lena Waldest\u00e5l g\u00f6r comeback - Svenska Budo &amp; Kampsportsf\u00f6rbundet","og_description":"JODO. Efter pandemi och f\u00f6r\u00e4ldraledighet kliver Waldest\u00e5l \u00e5terigen in i hetluften. P\u00e5 l\u00f6rdag startar EM i jodo och Waldest\u00e5l \u00e4r en av de som t\u00e4vlar i klassen yondan. (Foto: Peter Sj\u00f6din)","og_url":"https:\/\/www.budokampsport.se\/2022\/09\/15\/anna-lena-waldestal-gor-comeback\/","og_site_name":"Svenska Budo &amp; Kampsportsf\u00f6rbundet","article_published_time":"2022-09-15T06:57:51+00:00","og_image":[{"width":869,"height":653,"url":"https:\/\/www.budokampsport.se\/wp-content\/uploads\/2022\/09\/Anna-Lena-Waldestal.jpg","type":"image\/jpeg"}],"author":"Annie Carriage","twitter_card":"summary_large_image","twitter_misc":{"Skriven av":"Annie Carriage","Ber\u00e4knad l\u00e4stid":"2 minuter"},"schema":{"@context":"https:\/\/schema.org","@graph":[{"@type":"Article","@id":"https:\/\/www.budokampsport.se\/2022\/09\/15\/anna-lena-waldestal-gor-comeback\/#article","isPartOf":{"@id":"https:\/\/www.budokampsport.se\/2022\/09\/15\/anna-lena-waldestal-gor-comeback\/"},"author":{"name":"Annie Carriage","@id":"https:\/\/www.budokampsport.se\/#\/schema\/person\/c838cace8171f692e363fde3f38f208b"},"headline":"Anna-Lena Waldest\u00e5l g\u00f6r comeback","datePublished":"2022-09-15T06:57:51+00:00","mainEntityOfPage":{"@id":"https:\/\/www.budokampsport.se\/2022\/09\/15\/anna-lena-waldestal-gor-comeback\/"},"wordCount":474,"commentCount":0,"image":{"@id":"https:\/\/www.budokampsport.se\/2022\/09\/15\/anna-lena-waldestal-gor-comeback\/#primaryimage"},"thumbnailUrl":"https:\/\/www.budokampsport.se\/wp-content\/uploads\/2022\/09\/Anna-Lena-Waldestal.jpg","articleSection":["Elit"],"inLanguage":"sv-SE","potentialAction":[{"@type":"CommentAction","name":"Comment","target":["https:\/\/www.budokampsport.se\/2022\/09\/15\/anna-lena-waldestal-gor-comeback\/#respond"]}]},{"@type":"WebPage","@id":"https:\/\/www.budokampsport.se\/2022\/09\/15\/anna-lena-waldestal-gor-comeback\/","url":"https:\/\/www.budokampsport.se\/2022\/09\/15\/anna-lena-waldestal-gor-comeback\/","name":"Anna-Lena Waldest\u00e5l g\u00f6r comeback - Svenska Budo &amp; Kampsportsf\u00f6rbundet","isPartOf":{"@id":"https:\/\/www.budokampsport.se\/#website"},"primaryImageOfPage":{"@id":"https:\/\/www.budokampsport.se\/2022\/09\/15\/anna-lena-waldestal-gor-comeback\/#primaryimage"},"image":{"@id":"https:\/\/www.budokampsport.se\/2022\/09\/15\/anna-lena-waldestal-gor-comeback\/#primaryimage"},"thumbnailUrl":"https:\/\/www.budokampsport.se\/wp-content\/uploads\/2022\/09\/Anna-Lena-Waldestal.jpg","datePublished":"2022-09-15T06:57:51+00:00","author":{"@id":"https:\/\/www.budokampsport.se\/#\/schema\/person\/c838cace8171f692e363fde3f38f208b"},"description":"JODO. Efter pandemi och f\u00f6r\u00e4ldraledighet kliver Waldest\u00e5l \u00e5terigen in i hetluften. P\u00e5 l\u00f6rdag startar EM i jodo och Waldest\u00e5l \u00e4r en av de som t\u00e4vlar i klassen yondan. (Foto: Peter Sj\u00f6din)","breadcrumb":{"@id":"https:\/\/www.budokampsport.se\/2022\/09\/15\/anna-lena-waldestal-gor-comeback\/#breadcrumb"},"inLanguage":"sv-SE","potentialAction":[{"@type":"ReadAction","target":["https:\/\/www.budokampsport.se\/2022\/09\/15\/anna-lena-waldestal-gor-comeback\/"]}]},{"@type":"ImageObject","inLanguage":"sv-SE","@id":"https:\/\/www.budokampsport.se\/2022\/09\/15\/anna-lena-waldestal-gor-comeback\/#primaryimage","url":"https:\/\/www.budokampsport.se\/wp-content\/uploads\/2022\/09\/Anna-Lena-Waldestal.jpg","contentUrl":"https:\/\/www.budokampsport.se\/wp-content\/uploads\/2022\/09\/Anna-Lena-Waldestal.jpg","width":869,"height":653,"caption":"Foto: Peter Sj\u00f6din"},{"@type":"BreadcrumbList","@id":"https:\/\/www.budokampsport.se\/2022\/09\/15\/anna-lena-waldestal-gor-comeback\/#breadcrumb","itemListElement":[{"@type":"ListItem","position":1,"name":"Hem","item":"https:\/\/www.budokampsport.se\/"},{"@type":"ListItem","position":2,"name":"Anna-Lena Waldest\u00e5l g\u00f6r comeback"}]},{"@type":"WebSite","@id":"https:\/\/www.budokampsport.se\/#website","url":"https:\/\/www.budokampsport.se\/","name":"Svenska Budo &amp; Kampsportsf\u00f6rbundet","description":"T\u00e4vling, Tr\u00e4ning, Tradition","potentialAction":[{"@type":"SearchAction","target":{"@type":"EntryPoint","urlTemplate":"https:\/\/www.budokampsport.se\/?s={search_term_string}"},"query-input":{"@type":"PropertyValueSpecification","valueRequired":true,"valueName":"search_term_string"}}],"inLanguage":"sv-SE"},{"@type":"Person","@id":"https:\/\/www.budokampsport.se\/#\/schema\/person\/c838cace8171f692e363fde3f38f208b","name":"Annie Carriage","image":{"@type":"ImageObject","inLanguage":"sv-SE","@id":"https:\/\/www.budokampsport.se\/#\/schema\/person\/image\/","url":"https:\/\/secure.gravatar.com\/avatar\/9311295560bdfbdf78365a26f7df1876?s=96&d=blank&r=g","contentUrl":"https:\/\/secure.gravatar.com\/avatar\/9311295560bdfbdf78365a26f7df1876?s=96&d=blank&r=g","caption":"Annie Carriage"},"url":"https:\/\/www.budokampsport.se\/author\/annie-bondefelt\/"}]}},"_links":{"self":[{"href":"https:\/\/www.budokampsport.se\/api\/wp\/v2\/posts\/141925","targetHints":{"allow":["GET"]}}],"collection":[{"href":"https:\/\/www.budokampsport.se\/api\/wp\/v2\/posts"}],"about":[{"href":"https:\/\/www.budokampsport.se\/api\/wp\/v2\/types\/post"}],"author":[{"embeddable":true,"href":"https:\/\/www.budokampsport.se\/api\/wp\/v2\/users\/120"}],"replies":[{"embeddable":true,"href":"https:\/\/www.budokampsport.se\/api\/wp\/v2\/comments?post=141925"}],"version-history":[{"count":0,"href":"https:\/\/www.budokampsport.se\/api\/wp\/v2\/posts\/141925\/revisions"}],"wp:featuredmedia":[{"embeddable":true,"href":"https:\/\/www.budokampsport.se\/api\/wp\/v2\/media\/141474"}],"wp:attachment":[{"href":"https:\/\/www.budokampsport.se\/api\/wp\/v2\/media?parent=141925"}],"wp:term":[{"taxonomy":"category","embeddable":true,"href":"https:\/\/www.budokampsport.se\/api\/wp\/v2\/categories?post=141925"},{"taxonomy":"post_tag","embeddable":true,"href":"https:\/\/www.budokampsport.se\/api\/wp\/v2\/tags?post=141925"}],"curies":[{"name":"wp","href":"https:\/\/api.w.org\/{rel}","templated":true}]}}