{"id":142063,"date":"2022-09-18T18:51:19","date_gmt":"2022-09-18T16:51:19","guid":{"rendered":"https:\/\/www.budokampsport.se\/?p=142063"},"modified":"2022-09-18T18:51:19","modified_gmt":"2022-09-18T16:51:19","slug":"josef-ewermans-forsta-em-slutade-med-brons","status":"publish","type":"post","link":"https:\/\/www.budokampsport.se\/2022\/09\/18\/josef-ewermans-forsta-em-slutade-med-brons\/","title":{"rendered":"Josef Ewermans f\u00f6rsta EM slutade med brons"},"content":{"rendered":"<p>Ewerman tog sig inte vidare fr\u00e5n poolen under g\u00e5rdagens individuella t\u00e4vling men under dagens lagt\u00e4vling fick han revansch. Tillsammans med sina lagkamrater, Anna-Lena Waldest\u00e5l, Jessica Stringer Bodin och Jesper Waldest\u00e5l, tog han EM-brons till Sverige.<\/p>\n<p>Sverige tog sig vidare fr\u00e5n poolen och m\u00f6tte i kvartsfinalen Slovakien. D\u00e4r blev det vinst innan Tyskland i semifinalen blev lite f\u00f6r sv\u00e5ra. Svenskarna fick d\u00e4rmed n\u00f6ja sig med en bronsmedalj, den tredje f\u00f6r helgen.<\/p>\n<p><strong>Hur har ditt f\u00f6rsta EM varit?<\/strong><\/p>\n<p>\u2013 Det var superkul men l\u00e4skigt som attan de f\u00f6rsta tre matcherna. Men sen tyckte jag det k\u00e4ndes mer som vanlig tr\u00e4ning, men p\u00e5 ett st\u00f6rre allvar. Det har varit otroligt l\u00e4rorikt eftersom man aldrig \u00e4r under den h\u00e4r typen av press n\u00e4r man tr\u00e4nar, den bidrar verkligen till att man utvecklas. S\u00e5 jag \u00e4r v\u00e4ldigt n\u00f6jd med m\u00e4sterskapet, s\u00e4ger Ewerman till budokampsport.se<\/p>\n<p><strong>Hur \u00e4r de att kliva upp i en match?<\/strong><\/p>\n<p>\u2013 Man g\u00e5r ut och sen bara gl\u00f6mmer man allt runt omkring sig och bara k\u00f6r. Det \u00e4r en cool k\u00e4nsla som \u00e4r sv\u00e5r att beskriva.<\/p>\n<p><strong>\u00c4r du n\u00f6jd med din prestation?<\/strong><\/p>\n<p>\u2013 Jag fick inga flaggor under min f\u00f6rsta t\u00e4vlingsdag ig\u00e5r, att d\u00e5 vara med och vinna idag och ta en avg\u00f6rande po\u00e4ng k\u00e4nns \u00e4nd\u00e5 r\u00e4tt sk\u00f6nt. Det k\u00e4ndes som jag l\u00e4rde mig n\u00e5got fr\u00e5n ig\u00e5r och jag fick ta revansch tillsammans med laget, avslutar Ewerman.<\/p>\n<p>&nbsp;<\/p>\n<p>Text &amp; foto: Annie Bondefelt<\/p>\n","protected":false},"excerpt":{"rendered":"<p>JODO. Josef Ewerman gjorde sitt f\u00f6rsta internationella m\u00e4sterskap i jodo denna helg. En insats som till slut utmynnade i ett brons i lagt\u00e4vlingen.<\/p><br>","protected":false},"author":120,"featured_media":142060,"comment_status":"open","ping_status":"open","sticky":false,"template":"","format":"standard","meta":{"_acf_changed":false,"footnotes":""},"categories":[451,1],"tags":[],"class_list":["post-142063","post","type-post","status-publish","format-standard","has-post-thumbnail","hentry","category-elit","category-okategoriserade"],"acf":[],"yoast_head":"<!-- This site is optimized with the Yoast SEO plugin v26.8 - https:\/\/yoast.com\/product\/yoast-seo-wordpress\/ -->\n<title>Josef Ewermans f\u00f6rsta EM slutade med brons - Svenska Budo &amp; Kampsportsf\u00f6rbundet<\/title>\n<meta name=\"description\" content=\"JODO. Josef Ewerman gjorde sitt f\u00f6rsta internationella m\u00e4sterskap i jodo denna helg. En insats som till slut utmynnade i ett brons i lagt\u00e4vlingen.\" \/>\n<meta name=\"robots\" content=\"index, follow, max-snippet:-1, max-image-preview:large, max-video-preview:-1\" \/>\n<link rel=\"canonical\" href=\"https:\/\/www.budokampsport.se\/2022\/09\/18\/josef-ewermans-forsta-em-slutade-med-brons\/\" \/>\n<meta property=\"og:locale\" content=\"sv_SE\" \/>\n<meta property=\"og:type\" content=\"article\" \/>\n<meta property=\"og:title\" content=\"Josef Ewermans f\u00f6rsta EM slutade med brons - Svenska Budo &amp; Kampsportsf\u00f6rbundet\" \/>\n<meta property=\"og:description\" content=\"JODO. Josef Ewerman gjorde sitt f\u00f6rsta internationella m\u00e4sterskap i jodo denna helg. En insats som till slut utmynnade i ett brons i lagt\u00e4vlingen.\" \/>\n<meta property=\"og:url\" content=\"https:\/\/www.budokampsport.se\/2022\/09\/18\/josef-ewermans-forsta-em-slutade-med-brons\/\" \/>\n<meta property=\"og:site_name\" content=\"Svenska Budo &amp; Kampsportsf\u00f6rbundet\" \/>\n<meta property=\"article:published_time\" content=\"2022-09-18T16:51:19+00:00\" \/>\n<meta property=\"og:image\" content=\"https:\/\/www.budokampsport.se\/wp-content\/uploads\/2022\/09\/IMG_7090-scaled.jpg\" \/>\n\t<meta property=\"og:image:width\" content=\"2560\" \/>\n\t<meta property=\"og:image:height\" content=\"1919\" \/>\n\t<meta property=\"og:image:type\" content=\"image\/jpeg\" \/>\n<meta name=\"author\" content=\"Annie Carriage\" \/>\n<meta name=\"twitter:card\" content=\"summary_large_image\" \/>\n<meta name=\"twitter:label1\" content=\"Skriven av\" \/>\n\t<meta name=\"twitter:data1\" content=\"Annie Carriage\" \/>\n\t<meta name=\"twitter:label2\" content=\"Ber\u00e4knad l\u00e4stid\" \/>\n\t<meta name=\"twitter:data2\" content=\"1 minut\" \/>\n<script type=\"application\/ld+json\" class=\"yoast-schema-graph\">{\"@context\":\"https:\/\/schema.org\",\"@graph\":[{\"@type\":\"Article\",\"@id\":\"https:\/\/www.budokampsport.se\/2022\/09\/18\/josef-ewermans-forsta-em-slutade-med-brons\/#article\",\"isPartOf\":{\"@id\":\"https:\/\/www.budokampsport.se\/2022\/09\/18\/josef-ewermans-forsta-em-slutade-med-brons\/\"},\"author\":{\"name\":\"Annie Carriage\",\"@id\":\"https:\/\/www.budokampsport.se\/#\/schema\/person\/c838cace8171f692e363fde3f38f208b\"},\"headline\":\"Josef Ewermans f\u00f6rsta EM slutade med brons\",\"datePublished\":\"2022-09-18T16:51:19+00:00\",\"mainEntityOfPage\":{\"@id\":\"https:\/\/www.budokampsport.se\/2022\/09\/18\/josef-ewermans-forsta-em-slutade-med-brons\/\"},\"wordCount\":284,\"commentCount\":0,\"image\":{\"@id\":\"https:\/\/www.budokampsport.se\/2022\/09\/18\/josef-ewermans-forsta-em-slutade-med-brons\/#primaryimage\"},\"thumbnailUrl\":\"https:\/\/www.budokampsport.se\/wp-content\/uploads\/2022\/09\/IMG_7090-scaled.jpg\",\"articleSection\":[\"Elit\"],\"inLanguage\":\"sv-SE\",\"potentialAction\":[{\"@type\":\"CommentAction\",\"name\":\"Comment\",\"target\":[\"https:\/\/www.budokampsport.se\/2022\/09\/18\/josef-ewermans-forsta-em-slutade-med-brons\/#respond\"]}]},{\"@type\":\"WebPage\",\"@id\":\"https:\/\/www.budokampsport.se\/2022\/09\/18\/josef-ewermans-forsta-em-slutade-med-brons\/\",\"url\":\"https:\/\/www.budokampsport.se\/2022\/09\/18\/josef-ewermans-forsta-em-slutade-med-brons\/\",\"name\":\"Josef Ewermans f\u00f6rsta EM slutade med brons - Svenska Budo &amp; Kampsportsf\u00f6rbundet\",\"isPartOf\":{\"@id\":\"https:\/\/www.budokampsport.se\/#website\"},\"primaryImageOfPage\":{\"@id\":\"https:\/\/www.budokampsport.se\/2022\/09\/18\/josef-ewermans-forsta-em-slutade-med-brons\/#primaryimage\"},\"image\":{\"@id\":\"https:\/\/www.budokampsport.se\/2022\/09\/18\/josef-ewermans-forsta-em-slutade-med-brons\/#primaryimage\"},\"thumbnailUrl\":\"https:\/\/www.budokampsport.se\/wp-content\/uploads\/2022\/09\/IMG_7090-scaled.jpg\",\"datePublished\":\"2022-09-18T16:51:19+00:00\",\"author\":{\"@id\":\"https:\/\/www.budokampsport.se\/#\/schema\/person\/c838cace8171f692e363fde3f38f208b\"},\"description\":\"JODO. Josef Ewerman gjorde sitt f\u00f6rsta internationella m\u00e4sterskap i jodo denna helg. En insats som till slut utmynnade i ett brons i lagt\u00e4vlingen.\",\"breadcrumb\":{\"@id\":\"https:\/\/www.budokampsport.se\/2022\/09\/18\/josef-ewermans-forsta-em-slutade-med-brons\/#breadcrumb\"},\"inLanguage\":\"sv-SE\",\"potentialAction\":[{\"@type\":\"ReadAction\",\"target\":[\"https:\/\/www.budokampsport.se\/2022\/09\/18\/josef-ewermans-forsta-em-slutade-med-brons\/\"]}]},{\"@type\":\"ImageObject\",\"inLanguage\":\"sv-SE\",\"@id\":\"https:\/\/www.budokampsport.se\/2022\/09\/18\/josef-ewermans-forsta-em-slutade-med-brons\/#primaryimage\",\"url\":\"https:\/\/www.budokampsport.se\/wp-content\/uploads\/2022\/09\/IMG_7090-scaled.jpg\",\"contentUrl\":\"https:\/\/www.budokampsport.se\/wp-content\/uploads\/2022\/09\/IMG_7090-scaled.jpg\",\"width\":2560,\"height\":1919},{\"@type\":\"BreadcrumbList\",\"@id\":\"https:\/\/www.budokampsport.se\/2022\/09\/18\/josef-ewermans-forsta-em-slutade-med-brons\/#breadcrumb\",\"itemListElement\":[{\"@type\":\"ListItem\",\"position\":1,\"name\":\"Hem\",\"item\":\"https:\/\/www.budokampsport.se\/\"},{\"@type\":\"ListItem\",\"position\":2,\"name\":\"Josef Ewermans f\u00f6rsta EM slutade med brons\"}]},{\"@type\":\"WebSite\",\"@id\":\"https:\/\/www.budokampsport.se\/#website\",\"url\":\"https:\/\/www.budokampsport.se\/\",\"name\":\"Svenska Budo &amp; Kampsportsf\u00f6rbundet\",\"description\":\"T\u00e4vling, Tr\u00e4ning, Tradition\",\"potentialAction\":[{\"@type\":\"SearchAction\",\"target\":{\"@type\":\"EntryPoint\",\"urlTemplate\":\"https:\/\/www.budokampsport.se\/?s={search_term_string}\"},\"query-input\":{\"@type\":\"PropertyValueSpecification\",\"valueRequired\":true,\"valueName\":\"search_term_string\"}}],\"inLanguage\":\"sv-SE\"},{\"@type\":\"Person\",\"@id\":\"https:\/\/www.budokampsport.se\/#\/schema\/person\/c838cace8171f692e363fde3f38f208b\",\"name\":\"Annie Carriage\",\"image\":{\"@type\":\"ImageObject\",\"inLanguage\":\"sv-SE\",\"@id\":\"https:\/\/www.budokampsport.se\/#\/schema\/person\/image\/\",\"url\":\"https:\/\/secure.gravatar.com\/avatar\/9311295560bdfbdf78365a26f7df1876?s=96&d=blank&r=g\",\"contentUrl\":\"https:\/\/secure.gravatar.com\/avatar\/9311295560bdfbdf78365a26f7df1876?s=96&d=blank&r=g\",\"caption\":\"Annie Carriage\"},\"url\":\"https:\/\/www.budokampsport.se\/author\/annie-bondefelt\/\"}]}<\/script>\n<!-- \/ Yoast SEO plugin. -->","yoast_head_json":{"title":"Josef Ewermans f\u00f6rsta EM slutade med brons - Svenska Budo &amp; Kampsportsf\u00f6rbundet","description":"JODO. Josef Ewerman gjorde sitt f\u00f6rsta internationella m\u00e4sterskap i jodo denna helg. En insats som till slut utmynnade i ett brons i lagt\u00e4vlingen.","robots":{"index":"index","follow":"follow","max-snippet":"max-snippet:-1","max-image-preview":"max-image-preview:large","max-video-preview":"max-video-preview:-1"},"canonical":"https:\/\/www.budokampsport.se\/2022\/09\/18\/josef-ewermans-forsta-em-slutade-med-brons\/","og_locale":"sv_SE","og_type":"article","og_title":"Josef Ewermans f\u00f6rsta EM slutade med brons - Svenska Budo &amp; Kampsportsf\u00f6rbundet","og_description":"JODO. Josef Ewerman gjorde sitt f\u00f6rsta internationella m\u00e4sterskap i jodo denna helg. En insats som till slut utmynnade i ett brons i lagt\u00e4vlingen.","og_url":"https:\/\/www.budokampsport.se\/2022\/09\/18\/josef-ewermans-forsta-em-slutade-med-brons\/","og_site_name":"Svenska Budo &amp; Kampsportsf\u00f6rbundet","article_published_time":"2022-09-18T16:51:19+00:00","og_image":[{"width":2560,"height":1919,"url":"https:\/\/www.budokampsport.se\/wp-content\/uploads\/2022\/09\/IMG_7090-scaled.jpg","type":"image\/jpeg"}],"author":"Annie Carriage","twitter_card":"summary_large_image","twitter_misc":{"Skriven av":"Annie Carriage","Ber\u00e4knad l\u00e4stid":"1 minut"},"schema":{"@context":"https:\/\/schema.org","@graph":[{"@type":"Article","@id":"https:\/\/www.budokampsport.se\/2022\/09\/18\/josef-ewermans-forsta-em-slutade-med-brons\/#article","isPartOf":{"@id":"https:\/\/www.budokampsport.se\/2022\/09\/18\/josef-ewermans-forsta-em-slutade-med-brons\/"},"author":{"name":"Annie Carriage","@id":"https:\/\/www.budokampsport.se\/#\/schema\/person\/c838cace8171f692e363fde3f38f208b"},"headline":"Josef Ewermans f\u00f6rsta EM slutade med brons","datePublished":"2022-09-18T16:51:19+00:00","mainEntityOfPage":{"@id":"https:\/\/www.budokampsport.se\/2022\/09\/18\/josef-ewermans-forsta-em-slutade-med-brons\/"},"wordCount":284,"commentCount":0,"image":{"@id":"https:\/\/www.budokampsport.se\/2022\/09\/18\/josef-ewermans-forsta-em-slutade-med-brons\/#primaryimage"},"thumbnailUrl":"https:\/\/www.budokampsport.se\/wp-content\/uploads\/2022\/09\/IMG_7090-scaled.jpg","articleSection":["Elit"],"inLanguage":"sv-SE","potentialAction":[{"@type":"CommentAction","name":"Comment","target":["https:\/\/www.budokampsport.se\/2022\/09\/18\/josef-ewermans-forsta-em-slutade-med-brons\/#respond"]}]},{"@type":"WebPage","@id":"https:\/\/www.budokampsport.se\/2022\/09\/18\/josef-ewermans-forsta-em-slutade-med-brons\/","url":"https:\/\/www.budokampsport.se\/2022\/09\/18\/josef-ewermans-forsta-em-slutade-med-brons\/","name":"Josef Ewermans f\u00f6rsta EM slutade med brons - Svenska Budo &amp; Kampsportsf\u00f6rbundet","isPartOf":{"@id":"https:\/\/www.budokampsport.se\/#website"},"primaryImageOfPage":{"@id":"https:\/\/www.budokampsport.se\/2022\/09\/18\/josef-ewermans-forsta-em-slutade-med-brons\/#primaryimage"},"image":{"@id":"https:\/\/www.budokampsport.se\/2022\/09\/18\/josef-ewermans-forsta-em-slutade-med-brons\/#primaryimage"},"thumbnailUrl":"https:\/\/www.budokampsport.se\/wp-content\/uploads\/2022\/09\/IMG_7090-scaled.jpg","datePublished":"2022-09-18T16:51:19+00:00","author":{"@id":"https:\/\/www.budokampsport.se\/#\/schema\/person\/c838cace8171f692e363fde3f38f208b"},"description":"JODO. Josef Ewerman gjorde sitt f\u00f6rsta internationella m\u00e4sterskap i jodo denna helg. En insats som till slut utmynnade i ett brons i lagt\u00e4vlingen.","breadcrumb":{"@id":"https:\/\/www.budokampsport.se\/2022\/09\/18\/josef-ewermans-forsta-em-slutade-med-brons\/#breadcrumb"},"inLanguage":"sv-SE","potentialAction":[{"@type":"ReadAction","target":["https:\/\/www.budokampsport.se\/2022\/09\/18\/josef-ewermans-forsta-em-slutade-med-brons\/"]}]},{"@type":"ImageObject","inLanguage":"sv-SE","@id":"https:\/\/www.budokampsport.se\/2022\/09\/18\/josef-ewermans-forsta-em-slutade-med-brons\/#primaryimage","url":"https:\/\/www.budokampsport.se\/wp-content\/uploads\/2022\/09\/IMG_7090-scaled.jpg","contentUrl":"https:\/\/www.budokampsport.se\/wp-content\/uploads\/2022\/09\/IMG_7090-scaled.jpg","width":2560,"height":1919},{"@type":"BreadcrumbList","@id":"https:\/\/www.budokampsport.se\/2022\/09\/18\/josef-ewermans-forsta-em-slutade-med-brons\/#breadcrumb","itemListElement":[{"@type":"ListItem","position":1,"name":"Hem","item":"https:\/\/www.budokampsport.se\/"},{"@type":"ListItem","position":2,"name":"Josef Ewermans f\u00f6rsta EM slutade med brons"}]},{"@type":"WebSite","@id":"https:\/\/www.budokampsport.se\/#website","url":"https:\/\/www.budokampsport.se\/","name":"Svenska Budo &amp; Kampsportsf\u00f6rbundet","description":"T\u00e4vling, Tr\u00e4ning, Tradition","potentialAction":[{"@type":"SearchAction","target":{"@type":"EntryPoint","urlTemplate":"https:\/\/www.budokampsport.se\/?s={search_term_string}"},"query-input":{"@type":"PropertyValueSpecification","valueRequired":true,"valueName":"search_term_string"}}],"inLanguage":"sv-SE"},{"@type":"Person","@id":"https:\/\/www.budokampsport.se\/#\/schema\/person\/c838cace8171f692e363fde3f38f208b","name":"Annie Carriage","image":{"@type":"ImageObject","inLanguage":"sv-SE","@id":"https:\/\/www.budokampsport.se\/#\/schema\/person\/image\/","url":"https:\/\/secure.gravatar.com\/avatar\/9311295560bdfbdf78365a26f7df1876?s=96&d=blank&r=g","contentUrl":"https:\/\/secure.gravatar.com\/avatar\/9311295560bdfbdf78365a26f7df1876?s=96&d=blank&r=g","caption":"Annie Carriage"},"url":"https:\/\/www.budokampsport.se\/author\/annie-bondefelt\/"}]}},"_links":{"self":[{"href":"https:\/\/www.budokampsport.se\/api\/wp\/v2\/posts\/142063","targetHints":{"allow":["GET"]}}],"collection":[{"href":"https:\/\/www.budokampsport.se\/api\/wp\/v2\/posts"}],"about":[{"href":"https:\/\/www.budokampsport.se\/api\/wp\/v2\/types\/post"}],"author":[{"embeddable":true,"href":"https:\/\/www.budokampsport.se\/api\/wp\/v2\/users\/120"}],"replies":[{"embeddable":true,"href":"https:\/\/www.budokampsport.se\/api\/wp\/v2\/comments?post=142063"}],"version-history":[{"count":0,"href":"https:\/\/www.budokampsport.se\/api\/wp\/v2\/posts\/142063\/revisions"}],"wp:featuredmedia":[{"embeddable":true,"href":"https:\/\/www.budokampsport.se\/api\/wp\/v2\/media\/142060"}],"wp:attachment":[{"href":"https:\/\/www.budokampsport.se\/api\/wp\/v2\/media?parent=142063"}],"wp:term":[{"taxonomy":"category","embeddable":true,"href":"https:\/\/www.budokampsport.se\/api\/wp\/v2\/categories?post=142063"},{"taxonomy":"post_tag","embeddable":true,"href":"https:\/\/www.budokampsport.se\/api\/wp\/v2\/tags?post=142063"}],"curies":[{"name":"wp","href":"https:\/\/api.w.org\/{rel}","templated":true}]}}