{"id":142301,"date":"2022-09-25T18:06:20","date_gmt":"2022-09-25T16:06:20","guid":{"rendered":"https:\/\/www.budokampsport.se\/?p=142301"},"modified":"2022-09-26T09:50:12","modified_gmt":"2022-09-26T07:50:12","slug":"marlon-tajik-forsvarade-sitt-sm-guld","status":"publish","type":"post","link":"https:\/\/www.budokampsport.se\/2022\/09\/25\/marlon-tajik-forsvarade-sitt-sm-guld\/","title":{"rendered":"Marlon Tajik f\u00f6rsvarade sitt SM-guld"},"content":{"rendered":"<p>Av de 14 <a href=\"https:\/\/www.budokampsport.se\/2022\/09\/24\/svenska-mastarna-i-bjj-2022\/\" target=\"_blank\" rel=\"noopener\">svenska m\u00e4starna<\/a> p\u00e5 seniorsidan i helgens BJJ-SM i Stockholm var det bara fyra som lyckades f\u00f6rsvara sitt guld fr\u00e5n f\u00f6rra \u00e5ret. En av dem var blott 19-\u00e5rige Marlon Tajik fr\u00e5n arrang\u00f6rsklubben Prana Jiu Jitsu Klubb. Precis som f\u00f6rra \u00e5ret i V\u00e4xj\u00f6 tog han hem herrarnas medeltungviktsklass (-88 kg).<\/p>\n<p>&#8211; Det k\u00e4nns bra. Jag f\u00f6rsvarade mitt guld och fick submission i 3 av 4 matcher. Det kan g\u00e5 b\u00e4ttre n\u00e4sta g\u00e5ng men det var bra, s\u00e4ger han till budokampsport.se.<\/p>\n<p><strong>Hade du satt st\u00f6rre press p\u00e5 dig sj\u00e4lv i \u00e5r eftersom du hade ett guld att f\u00f6rsvara? <\/strong><\/p>\n<p>&#8211; Det \u00e4r alltid samma press och m\u00e5let \u00e4r alltid detsamma. Du m\u00e5ste b\u00f6rja med att vara b\u00e4st n\u00e5gonstans f\u00f6r att bli b\u00e4st i v\u00e4rlden. Vi har k\u00f6rt h\u00e5rt p\u00e5 Prana, min coach Kenta Hammarstr\u00f6m \u00e4r nog den b\u00e4sta tr\u00e4nare jag har sett. Jag f\u00f6ljer bara hans v\u00e4gledning och det ger resultat. S\u00e5 jag tackar honom, alla p\u00e5 klubben och min familj.<\/p>\n<p><strong>Var det n\u00e5gonting under SM som du tycker fungerade extra bra?<\/strong><\/p>\n<p>&#8211; Jag tyckte att jag visade att jag f\u00f6rs\u00f6ker att skilja mig fr\u00e5n resten genom att kunna avsluta alla matcher. Tyv\u00e4rr gick det inte i f\u00f6rsta matchen men i kvart, semi och final s\u00e5 drog jag ut alla.<\/p>\n<p><strong>Var 8-delsfinalen mot Alexander Baffoun din tuffaste match?<\/strong><\/p>\n<p>&#8211; Ja, det skulle jag s\u00e4ga. Inte p\u00e5 grund av atleticismen utan f\u00f6r att det var en v\u00e4ldigt taktisk match. Han k\u00f6rde v\u00e4ldigt s\u00e4kert spel s\u00e5 det blev inte s\u00e5 mycket utbyten. Jag gillar n\u00e4r det blir mer action men det var en bra match, han spelade mycket fint.<\/p>\n<p>Efter segern mot landslagsmannen Baffoun f\u00f6ljde Marlon Tajik upp det med att besegra \u00e4ven Tommie Elv\u00e9r, Sargon Orahim och Fredrik Widgren p\u00e5 sin v\u00e4g mot SM-guldet.<\/p>\n<p><strong>Hur ser din fortsatta satsning ut den n\u00e4rmaste tiden? <\/strong><\/p>\n<p>&#8211; Jag forts\u00e4tter som vanligt. Jag var tillbaka p\u00e5 klubben idag f\u00f6r att tr\u00e4na. Och jag t\u00e4nker tr\u00e4na p\u00e5 s\u00e5 mycket det g\u00e5r inf\u00f6r kommande t\u00e4vlingar. Jag siktar i alla fall p\u00e5 tre stycken till i \u00e5r innan vi s\u00e4tter ig\u00e5ng tr\u00e4ningen inf\u00f6r n\u00e4sta \u00e5r, s\u00e4ger Marlon Tajik.<\/p>\n<h4><strong>Mer om BJJ-SM 2022<\/strong><\/h4>\n<p>\u00bb <a href=\"https:\/\/www.budokampsport.se\/2022\/09\/22\/bjj-sm-avgors-for-forsta-gangen-i-centrala-stockholm\/\" target=\"_blank\" rel=\"noopener\">BJJ-SM avg\u00f6rs f\u00f6r f\u00f6rsta g\u00e5ngen i centrala Stockholm<\/a><br \/>\n\u00bb <a href=\"https:\/\/www.budokampsport.se\/2022\/09\/24\/svenska-mastarna-i-bjj-2022\/\" target=\"_blank\" rel=\"noopener\">Svenska m\u00e4starna i BJJ 2022<\/a><\/p>\n<p>Text: Mats Lilja<\/p>\n","protected":false},"excerpt":{"rendered":"<p>BJJ. \u00c4nnu en framg\u00e5ng f\u00f6r den unge Prana-fightern.<br \/><br>(Foto: Kenta Hammarstr\u00f6m)<\/p><br>","protected":false},"author":914,"featured_media":142340,"comment_status":"open","ping_status":"open","sticky":false,"template":"","format":"standard","meta":{"_acf_changed":false,"footnotes":""},"categories":[1],"tags":[],"class_list":["post-142301","post","type-post","status-publish","format-standard","has-post-thumbnail","hentry","category-okategoriserade"],"acf":[],"yoast_head":"<!-- This site is optimized with the Yoast SEO plugin v26.8 - https:\/\/yoast.com\/product\/yoast-seo-wordpress\/ -->\n<title>Marlon Tajik f\u00f6rsvarade sitt SM-guld - Svenska Budo &amp; Kampsportsf\u00f6rbundet<\/title>\n<meta name=\"description\" content=\"BJJ. \u00c4nnu en framg\u00e5ng f\u00f6r den unge Prana-fightern. (Foto: Kenta Hammarstr\u00f6m)\" \/>\n<meta name=\"robots\" content=\"index, follow, max-snippet:-1, max-image-preview:large, max-video-preview:-1\" \/>\n<link rel=\"canonical\" href=\"https:\/\/www.budokampsport.se\/2022\/09\/25\/marlon-tajik-forsvarade-sitt-sm-guld\/\" \/>\n<meta property=\"og:locale\" content=\"sv_SE\" \/>\n<meta property=\"og:type\" content=\"article\" \/>\n<meta property=\"og:title\" content=\"Marlon Tajik f\u00f6rsvarade sitt SM-guld - Svenska Budo &amp; Kampsportsf\u00f6rbundet\" \/>\n<meta property=\"og:description\" content=\"BJJ. \u00c4nnu en framg\u00e5ng f\u00f6r den unge Prana-fightern. (Foto: Kenta Hammarstr\u00f6m)\" \/>\n<meta property=\"og:url\" content=\"https:\/\/www.budokampsport.se\/2022\/09\/25\/marlon-tajik-forsvarade-sitt-sm-guld\/\" \/>\n<meta property=\"og:site_name\" content=\"Svenska Budo &amp; Kampsportsf\u00f6rbundet\" \/>\n<meta property=\"article:published_time\" content=\"2022-09-25T16:06:20+00:00\" \/>\n<meta property=\"article:modified_time\" content=\"2022-09-26T07:50:12+00:00\" \/>\n<meta property=\"og:image\" content=\"https:\/\/www.budokampsport.se\/wp-content\/uploads\/2022\/09\/marlontajik.png\" \/>\n\t<meta property=\"og:image:width\" content=\"1200\" \/>\n\t<meta property=\"og:image:height\" content=\"800\" \/>\n\t<meta property=\"og:image:type\" content=\"image\/png\" \/>\n<meta name=\"author\" content=\"Mats Lilja\" \/>\n<meta name=\"twitter:card\" content=\"summary_large_image\" \/>\n<meta name=\"twitter:label1\" content=\"Skriven av\" \/>\n\t<meta name=\"twitter:data1\" content=\"Mats Lilja\" \/>\n\t<meta name=\"twitter:label2\" content=\"Ber\u00e4knad l\u00e4stid\" \/>\n\t<meta name=\"twitter:data2\" content=\"2 minuter\" \/>\n<script type=\"application\/ld+json\" class=\"yoast-schema-graph\">{\"@context\":\"https:\/\/schema.org\",\"@graph\":[{\"@type\":\"Article\",\"@id\":\"https:\/\/www.budokampsport.se\/2022\/09\/25\/marlon-tajik-forsvarade-sitt-sm-guld\/#article\",\"isPartOf\":{\"@id\":\"https:\/\/www.budokampsport.se\/2022\/09\/25\/marlon-tajik-forsvarade-sitt-sm-guld\/\"},\"author\":{\"name\":\"Mats Lilja\",\"@id\":\"https:\/\/www.budokampsport.se\/#\/schema\/person\/d80c0bc61f1787703168fc250ce69522\"},\"headline\":\"Marlon Tajik f\u00f6rsvarade sitt SM-guld\",\"datePublished\":\"2022-09-25T16:06:20+00:00\",\"dateModified\":\"2022-09-26T07:50:12+00:00\",\"mainEntityOfPage\":{\"@id\":\"https:\/\/www.budokampsport.se\/2022\/09\/25\/marlon-tajik-forsvarade-sitt-sm-guld\/\"},\"wordCount\":440,\"commentCount\":0,\"image\":{\"@id\":\"https:\/\/www.budokampsport.se\/2022\/09\/25\/marlon-tajik-forsvarade-sitt-sm-guld\/#primaryimage\"},\"thumbnailUrl\":\"https:\/\/www.budokampsport.se\/wp-content\/uploads\/2022\/09\/marlontajik.png\",\"inLanguage\":\"sv-SE\",\"potentialAction\":[{\"@type\":\"CommentAction\",\"name\":\"Comment\",\"target\":[\"https:\/\/www.budokampsport.se\/2022\/09\/25\/marlon-tajik-forsvarade-sitt-sm-guld\/#respond\"]}]},{\"@type\":\"WebPage\",\"@id\":\"https:\/\/www.budokampsport.se\/2022\/09\/25\/marlon-tajik-forsvarade-sitt-sm-guld\/\",\"url\":\"https:\/\/www.budokampsport.se\/2022\/09\/25\/marlon-tajik-forsvarade-sitt-sm-guld\/\",\"name\":\"Marlon Tajik f\u00f6rsvarade sitt SM-guld - Svenska Budo &amp; Kampsportsf\u00f6rbundet\",\"isPartOf\":{\"@id\":\"https:\/\/www.budokampsport.se\/#website\"},\"primaryImageOfPage\":{\"@id\":\"https:\/\/www.budokampsport.se\/2022\/09\/25\/marlon-tajik-forsvarade-sitt-sm-guld\/#primaryimage\"},\"image\":{\"@id\":\"https:\/\/www.budokampsport.se\/2022\/09\/25\/marlon-tajik-forsvarade-sitt-sm-guld\/#primaryimage\"},\"thumbnailUrl\":\"https:\/\/www.budokampsport.se\/wp-content\/uploads\/2022\/09\/marlontajik.png\",\"datePublished\":\"2022-09-25T16:06:20+00:00\",\"dateModified\":\"2022-09-26T07:50:12+00:00\",\"author\":{\"@id\":\"https:\/\/www.budokampsport.se\/#\/schema\/person\/d80c0bc61f1787703168fc250ce69522\"},\"description\":\"BJJ. \u00c4nnu en framg\u00e5ng f\u00f6r den unge Prana-fightern. (Foto: Kenta Hammarstr\u00f6m)\",\"breadcrumb\":{\"@id\":\"https:\/\/www.budokampsport.se\/2022\/09\/25\/marlon-tajik-forsvarade-sitt-sm-guld\/#breadcrumb\"},\"inLanguage\":\"sv-SE\",\"potentialAction\":[{\"@type\":\"ReadAction\",\"target\":[\"https:\/\/www.budokampsport.se\/2022\/09\/25\/marlon-tajik-forsvarade-sitt-sm-guld\/\"]}]},{\"@type\":\"ImageObject\",\"inLanguage\":\"sv-SE\",\"@id\":\"https:\/\/www.budokampsport.se\/2022\/09\/25\/marlon-tajik-forsvarade-sitt-sm-guld\/#primaryimage\",\"url\":\"https:\/\/www.budokampsport.se\/wp-content\/uploads\/2022\/09\/marlontajik.png\",\"contentUrl\":\"https:\/\/www.budokampsport.se\/wp-content\/uploads\/2022\/09\/marlontajik.png\",\"width\":1200,\"height\":800,\"caption\":\"Marlon Tajik (i svart) under BJJ-SM 2022. Foto: Kenta Hammarstr\u00f6m.\"},{\"@type\":\"BreadcrumbList\",\"@id\":\"https:\/\/www.budokampsport.se\/2022\/09\/25\/marlon-tajik-forsvarade-sitt-sm-guld\/#breadcrumb\",\"itemListElement\":[{\"@type\":\"ListItem\",\"position\":1,\"name\":\"Hem\",\"item\":\"https:\/\/www.budokampsport.se\/\"},{\"@type\":\"ListItem\",\"position\":2,\"name\":\"Marlon Tajik f\u00f6rsvarade sitt SM-guld\"}]},{\"@type\":\"WebSite\",\"@id\":\"https:\/\/www.budokampsport.se\/#website\",\"url\":\"https:\/\/www.budokampsport.se\/\",\"name\":\"Svenska Budo &amp; Kampsportsf\u00f6rbundet\",\"description\":\"T\u00e4vling, Tr\u00e4ning, Tradition\",\"potentialAction\":[{\"@type\":\"SearchAction\",\"target\":{\"@type\":\"EntryPoint\",\"urlTemplate\":\"https:\/\/www.budokampsport.se\/?s={search_term_string}\"},\"query-input\":{\"@type\":\"PropertyValueSpecification\",\"valueRequired\":true,\"valueName\":\"search_term_string\"}}],\"inLanguage\":\"sv-SE\"},{\"@type\":\"Person\",\"@id\":\"https:\/\/www.budokampsport.se\/#\/schema\/person\/d80c0bc61f1787703168fc250ce69522\",\"name\":\"Mats Lilja\",\"image\":{\"@type\":\"ImageObject\",\"inLanguage\":\"sv-SE\",\"@id\":\"https:\/\/www.budokampsport.se\/#\/schema\/person\/image\/\",\"url\":\"https:\/\/secure.gravatar.com\/avatar\/607f84918e96abe1ebbd8611782fa57d?s=96&d=blank&r=g\",\"contentUrl\":\"https:\/\/secure.gravatar.com\/avatar\/607f84918e96abe1ebbd8611782fa57d?s=96&d=blank&r=g\",\"caption\":\"Mats Lilja\"},\"url\":\"https:\/\/www.budokampsport.se\/author\/mats-lilja\/\"}]}<\/script>\n<!-- \/ Yoast SEO plugin. -->","yoast_head_json":{"title":"Marlon Tajik f\u00f6rsvarade sitt SM-guld - Svenska Budo &amp; Kampsportsf\u00f6rbundet","description":"BJJ. \u00c4nnu en framg\u00e5ng f\u00f6r den unge Prana-fightern. (Foto: Kenta Hammarstr\u00f6m)","robots":{"index":"index","follow":"follow","max-snippet":"max-snippet:-1","max-image-preview":"max-image-preview:large","max-video-preview":"max-video-preview:-1"},"canonical":"https:\/\/www.budokampsport.se\/2022\/09\/25\/marlon-tajik-forsvarade-sitt-sm-guld\/","og_locale":"sv_SE","og_type":"article","og_title":"Marlon Tajik f\u00f6rsvarade sitt SM-guld - Svenska Budo &amp; Kampsportsf\u00f6rbundet","og_description":"BJJ. \u00c4nnu en framg\u00e5ng f\u00f6r den unge Prana-fightern. (Foto: Kenta Hammarstr\u00f6m)","og_url":"https:\/\/www.budokampsport.se\/2022\/09\/25\/marlon-tajik-forsvarade-sitt-sm-guld\/","og_site_name":"Svenska Budo &amp; Kampsportsf\u00f6rbundet","article_published_time":"2022-09-25T16:06:20+00:00","article_modified_time":"2022-09-26T07:50:12+00:00","og_image":[{"width":1200,"height":800,"url":"https:\/\/www.budokampsport.se\/wp-content\/uploads\/2022\/09\/marlontajik.png","type":"image\/png"}],"author":"Mats Lilja","twitter_card":"summary_large_image","twitter_misc":{"Skriven av":"Mats Lilja","Ber\u00e4knad l\u00e4stid":"2 minuter"},"schema":{"@context":"https:\/\/schema.org","@graph":[{"@type":"Article","@id":"https:\/\/www.budokampsport.se\/2022\/09\/25\/marlon-tajik-forsvarade-sitt-sm-guld\/#article","isPartOf":{"@id":"https:\/\/www.budokampsport.se\/2022\/09\/25\/marlon-tajik-forsvarade-sitt-sm-guld\/"},"author":{"name":"Mats Lilja","@id":"https:\/\/www.budokampsport.se\/#\/schema\/person\/d80c0bc61f1787703168fc250ce69522"},"headline":"Marlon Tajik f\u00f6rsvarade sitt SM-guld","datePublished":"2022-09-25T16:06:20+00:00","dateModified":"2022-09-26T07:50:12+00:00","mainEntityOfPage":{"@id":"https:\/\/www.budokampsport.se\/2022\/09\/25\/marlon-tajik-forsvarade-sitt-sm-guld\/"},"wordCount":440,"commentCount":0,"image":{"@id":"https:\/\/www.budokampsport.se\/2022\/09\/25\/marlon-tajik-forsvarade-sitt-sm-guld\/#primaryimage"},"thumbnailUrl":"https:\/\/www.budokampsport.se\/wp-content\/uploads\/2022\/09\/marlontajik.png","inLanguage":"sv-SE","potentialAction":[{"@type":"CommentAction","name":"Comment","target":["https:\/\/www.budokampsport.se\/2022\/09\/25\/marlon-tajik-forsvarade-sitt-sm-guld\/#respond"]}]},{"@type":"WebPage","@id":"https:\/\/www.budokampsport.se\/2022\/09\/25\/marlon-tajik-forsvarade-sitt-sm-guld\/","url":"https:\/\/www.budokampsport.se\/2022\/09\/25\/marlon-tajik-forsvarade-sitt-sm-guld\/","name":"Marlon Tajik f\u00f6rsvarade sitt SM-guld - Svenska Budo &amp; Kampsportsf\u00f6rbundet","isPartOf":{"@id":"https:\/\/www.budokampsport.se\/#website"},"primaryImageOfPage":{"@id":"https:\/\/www.budokampsport.se\/2022\/09\/25\/marlon-tajik-forsvarade-sitt-sm-guld\/#primaryimage"},"image":{"@id":"https:\/\/www.budokampsport.se\/2022\/09\/25\/marlon-tajik-forsvarade-sitt-sm-guld\/#primaryimage"},"thumbnailUrl":"https:\/\/www.budokampsport.se\/wp-content\/uploads\/2022\/09\/marlontajik.png","datePublished":"2022-09-25T16:06:20+00:00","dateModified":"2022-09-26T07:50:12+00:00","author":{"@id":"https:\/\/www.budokampsport.se\/#\/schema\/person\/d80c0bc61f1787703168fc250ce69522"},"description":"BJJ. \u00c4nnu en framg\u00e5ng f\u00f6r den unge Prana-fightern. (Foto: Kenta Hammarstr\u00f6m)","breadcrumb":{"@id":"https:\/\/www.budokampsport.se\/2022\/09\/25\/marlon-tajik-forsvarade-sitt-sm-guld\/#breadcrumb"},"inLanguage":"sv-SE","potentialAction":[{"@type":"ReadAction","target":["https:\/\/www.budokampsport.se\/2022\/09\/25\/marlon-tajik-forsvarade-sitt-sm-guld\/"]}]},{"@type":"ImageObject","inLanguage":"sv-SE","@id":"https:\/\/www.budokampsport.se\/2022\/09\/25\/marlon-tajik-forsvarade-sitt-sm-guld\/#primaryimage","url":"https:\/\/www.budokampsport.se\/wp-content\/uploads\/2022\/09\/marlontajik.png","contentUrl":"https:\/\/www.budokampsport.se\/wp-content\/uploads\/2022\/09\/marlontajik.png","width":1200,"height":800,"caption":"Marlon Tajik (i svart) under BJJ-SM 2022. Foto: Kenta Hammarstr\u00f6m."},{"@type":"BreadcrumbList","@id":"https:\/\/www.budokampsport.se\/2022\/09\/25\/marlon-tajik-forsvarade-sitt-sm-guld\/#breadcrumb","itemListElement":[{"@type":"ListItem","position":1,"name":"Hem","item":"https:\/\/www.budokampsport.se\/"},{"@type":"ListItem","position":2,"name":"Marlon Tajik f\u00f6rsvarade sitt SM-guld"}]},{"@type":"WebSite","@id":"https:\/\/www.budokampsport.se\/#website","url":"https:\/\/www.budokampsport.se\/","name":"Svenska Budo &amp; Kampsportsf\u00f6rbundet","description":"T\u00e4vling, Tr\u00e4ning, Tradition","potentialAction":[{"@type":"SearchAction","target":{"@type":"EntryPoint","urlTemplate":"https:\/\/www.budokampsport.se\/?s={search_term_string}"},"query-input":{"@type":"PropertyValueSpecification","valueRequired":true,"valueName":"search_term_string"}}],"inLanguage":"sv-SE"},{"@type":"Person","@id":"https:\/\/www.budokampsport.se\/#\/schema\/person\/d80c0bc61f1787703168fc250ce69522","name":"Mats Lilja","image":{"@type":"ImageObject","inLanguage":"sv-SE","@id":"https:\/\/www.budokampsport.se\/#\/schema\/person\/image\/","url":"https:\/\/secure.gravatar.com\/avatar\/607f84918e96abe1ebbd8611782fa57d?s=96&d=blank&r=g","contentUrl":"https:\/\/secure.gravatar.com\/avatar\/607f84918e96abe1ebbd8611782fa57d?s=96&d=blank&r=g","caption":"Mats Lilja"},"url":"https:\/\/www.budokampsport.se\/author\/mats-lilja\/"}]}},"_links":{"self":[{"href":"https:\/\/www.budokampsport.se\/api\/wp\/v2\/posts\/142301","targetHints":{"allow":["GET"]}}],"collection":[{"href":"https:\/\/www.budokampsport.se\/api\/wp\/v2\/posts"}],"about":[{"href":"https:\/\/www.budokampsport.se\/api\/wp\/v2\/types\/post"}],"author":[{"embeddable":true,"href":"https:\/\/www.budokampsport.se\/api\/wp\/v2\/users\/914"}],"replies":[{"embeddable":true,"href":"https:\/\/www.budokampsport.se\/api\/wp\/v2\/comments?post=142301"}],"version-history":[{"count":0,"href":"https:\/\/www.budokampsport.se\/api\/wp\/v2\/posts\/142301\/revisions"}],"wp:featuredmedia":[{"embeddable":true,"href":"https:\/\/www.budokampsport.se\/api\/wp\/v2\/media\/142340"}],"wp:attachment":[{"href":"https:\/\/www.budokampsport.se\/api\/wp\/v2\/media?parent=142301"}],"wp:term":[{"taxonomy":"category","embeddable":true,"href":"https:\/\/www.budokampsport.se\/api\/wp\/v2\/categories?post=142301"},{"taxonomy":"post_tag","embeddable":true,"href":"https:\/\/www.budokampsport.se\/api\/wp\/v2\/tags?post=142301"}],"curies":[{"name":"wp","href":"https:\/\/api.w.org\/{rel}","templated":true}]}}