{"id":142440,"date":"2022-10-13T14:12:01","date_gmt":"2022-10-13T12:12:01","guid":{"rendered":"https:\/\/www.budokampsport.se\/?p=142440"},"modified":"2022-10-24T10:15:34","modified_gmt":"2022-10-24T08:15:34","slug":"ar-kontaktuppgifterna-till-foreningen-ratt","status":"publish","type":"post","link":"https:\/\/www.budokampsport.se\/2022\/10\/13\/ar-kontaktuppgifterna-till-foreningen-ratt\/","title":{"rendered":"\u00c4r kontaktuppgifterna till f\u00f6reningen r\u00e4tt?"},"content":{"rendered":"\r\n<h3><strong>Allm\u00e4nt om kontaktuppgifter<\/strong><\/h3>\r\n<p>Information fr\u00e5n SB&amp;K eller Riksidrottsf\u00f6rbundet skickas vanligen till medlemsf\u00f6reningarna via mejl. Tyv\u00e4rr \u00e4r det inte ovanligt med inaktuella mejladresser vilket betyder att m\u00e5nga f\u00f6reningar riskerar att g\u00e5 miste om viktig information, till exempel m\u00f6jligheter till ekonomiska st\u00f6d och bidrag.<\/p>\r\n<p><em><strong>Tips!<\/strong> Skapa en egen mejladress till f\u00f6reningen ist\u00e4llet f\u00f6r att anv\u00e4nda en privatpersons privat- eller jobbadress, det g\u00f6r det l\u00e4ttare f\u00f6r f\u00f6reningen att f\u00f6lja kommunikation \u00f6ver tid och kontaktmejl beh\u00f6ver inte uppdateras lika ofta.<\/em><\/p>\r\n<h3><strong>Tv\u00e5 olika system<\/strong><\/h3>\r\n<p>SB&amp;K:s f\u00f6reningar \u00e4r kopplade mot tv\u00e5 olika system f\u00f6r kontaktuppgifter: Klubbregistret p\u00e5 budokampsport.se samt idrottens gemensamma system IdrottOnline.<\/p>\r\n<p>D\u00e4rf\u00f6r \u00e4r det viktigt att kontrollera vilka kontaktuppgifter som finns registrerad till f\u00f6reningen p\u00e5 respektive st\u00e4lle. Systemen utbyter inte information med varandra.<\/p>\r\n<h3><strong>Klubbregistret<\/strong><\/h3>\r\n<p>Kontrollera vilka uppgifter som finns registrerade f\u00f6r f\u00f6reningen i <a href=\"https:\/\/www.budokampsport.se\/klubbar\/\">Klubbregistret<\/a>\u00a0p\u00e5 budokampsport.se. Om ni vill \u00e4ndra n\u00e5gon uppgift i klubbregistret skicka uppdateringen till <a href=\"mailto:info@budokampsport.se\">info@budokampsport.se<\/a>. Var d\u00e5 tydlig med vilken f\u00f6rening och vilken \u00e4ndring som avses. <br \/>\r\n<em><br \/>\r\n<strong>Tips!<\/strong> Uppge adressen till f\u00f6reningens hemsida eller Facebooksida och se till att de h\u00e5lls uppdaterade s\u00e5 att intresserade personer l\u00e4ttare hittar r\u00e4tt information.<\/em><\/p>\r\n<h3><strong>IdrottOnline<\/strong><\/h3>\r\n<p><a href=\"https:\/\/www.idrottonline.se\" target=\"_blank\" rel=\"noopener noreferrer\">IdrottOnline<\/a> \u00e4r idrottsr\u00f6relsens gemensamma och idrotts\u00f6vergripande system d\u00e4r f\u00f6reningar hanterar till exempel medlemsregister samt ans\u00f6kningar om Projektst\u00f6d IF och LOK-st\u00f6d. Varje f\u00f6rening ansvarar sj\u00e4lv f\u00f6r att h\u00e5lla sina uppgifter uppdaterade i IdrottOnline.\u00a0<\/p>\r\n<p>De uppgifter som syns ut\u00e5t hos Riksidrottsf\u00f6rbundet f\u00f6r just er f\u00f6rening ser ni p\u00e5 sidan <a href=\"https:\/\/www.rf.se\/omriksidrottsforbundet\/hittainomidrottsrorelsen\/\" target=\"_blank\" rel=\"noopener noreferrer\">Hitta inom idrottsr\u00f6relsen<\/a>.<br \/>\r\n<em><br \/>\r\n<strong>Tips!<\/strong> G\u00f6r det till rutin att i direkt anslutning till det konstituerande styrelsem\u00f6tet uppdatera kontaktuppgifterna i IdrottOnline.<br \/>\r\n<br \/>\r\n<\/em><\/p>\r\n<hr \/>\r\n<p><strong>Svenska Budo &amp; Kampsportsf\u00f6rbundet<\/strong><\/p>\r\n","protected":false},"excerpt":{"rendered":"<p>F\u00d6RENING. Viktigt att b\u00e5de Svenska Budo &#038; Kampsportsf\u00f6rbundet och Riksidrottsf\u00f6rbundet har r\u00e4tt information.<br \/><br>(Foto: Maxim Thor\u00e9\/Bildbyr\u00e5n)<\/p><br>","protected":false},"author":1195,"featured_media":106816,"comment_status":"closed","ping_status":"closed","sticky":false,"template":"","format":"standard","meta":{"_acf_changed":false,"footnotes":""},"categories":[481],"tags":[],"class_list":["post-142440","post","type-post","status-publish","format-standard","has-post-thumbnail","hentry","category-forening"],"acf":[],"yoast_head":"<!-- This site is optimized with the Yoast SEO plugin v26.8 - https:\/\/yoast.com\/product\/yoast-seo-wordpress\/ -->\n<title>\u00c4r kontaktuppgifterna till f\u00f6reningen r\u00e4tt? - Svenska Budo &amp; Kampsportsf\u00f6rbundet<\/title>\n<meta name=\"description\" content=\"F\u00d6RENING. Viktigt att b\u00e5de Svenska Budo &amp; Kampsportsf\u00f6rbundet och Riksidrottsf\u00f6rbundet har r\u00e4tt information.  (Foto: Maxim Thor\u00e9\/Bildbyr\u00e5n)\" \/>\n<meta name=\"robots\" content=\"index, follow, max-snippet:-1, max-image-preview:large, max-video-preview:-1\" \/>\n<link rel=\"canonical\" href=\"https:\/\/www.budokampsport.se\/2022\/10\/13\/ar-kontaktuppgifterna-till-foreningen-ratt\/\" \/>\n<meta property=\"og:locale\" content=\"sv_SE\" \/>\n<meta property=\"og:type\" content=\"article\" \/>\n<meta property=\"og:title\" content=\"\u00c4r kontaktuppgifterna till f\u00f6reningen r\u00e4tt? - Svenska Budo &amp; Kampsportsf\u00f6rbundet\" \/>\n<meta property=\"og:description\" content=\"F\u00d6RENING. Viktigt att b\u00e5de Svenska Budo &amp; Kampsportsf\u00f6rbundet och Riksidrottsf\u00f6rbundet har r\u00e4tt information.  (Foto: Maxim Thor\u00e9\/Bildbyr\u00e5n)\" \/>\n<meta property=\"og:url\" content=\"https:\/\/www.budokampsport.se\/2022\/10\/13\/ar-kontaktuppgifterna-till-foreningen-ratt\/\" \/>\n<meta property=\"og:site_name\" content=\"Svenska Budo &amp; Kampsportsf\u00f6rbundet\" \/>\n<meta property=\"article:published_time\" content=\"2022-10-13T12:12:01+00:00\" \/>\n<meta property=\"article:modified_time\" content=\"2022-10-24T08:15:34+00:00\" \/>\n<meta property=\"og:image\" content=\"https:\/\/www.budokampsport.se\/wp-content\/uploads\/2019\/09\/Bildbyran-Maxim-Thore-e1625212093901.jpg\" \/>\n\t<meta property=\"og:image:width\" content=\"850\" \/>\n\t<meta property=\"og:image:height\" content=\"566\" \/>\n\t<meta property=\"og:image:type\" content=\"image\/jpeg\" \/>\n<meta name=\"author\" content=\"Kansliet\" \/>\n<meta name=\"twitter:card\" content=\"summary_large_image\" \/>\n<meta name=\"twitter:label1\" content=\"Skriven av\" \/>\n\t<meta name=\"twitter:data1\" content=\"Kansliet\" \/>\n\t<meta name=\"twitter:label2\" content=\"Ber\u00e4knad l\u00e4stid\" \/>\n\t<meta name=\"twitter:data2\" content=\"2 minuter\" \/>\n<script type=\"application\/ld+json\" class=\"yoast-schema-graph\">{\"@context\":\"https:\/\/schema.org\",\"@graph\":[{\"@type\":\"Article\",\"@id\":\"https:\/\/www.budokampsport.se\/2022\/10\/13\/ar-kontaktuppgifterna-till-foreningen-ratt\/#article\",\"isPartOf\":{\"@id\":\"https:\/\/www.budokampsport.se\/2022\/10\/13\/ar-kontaktuppgifterna-till-foreningen-ratt\/\"},\"author\":{\"name\":\"Kansliet\",\"@id\":\"https:\/\/www.budokampsport.se\/#\/schema\/person\/4879786a5505c6e8fc3f5d619a753c3e\"},\"headline\":\"\u00c4r kontaktuppgifterna till f\u00f6reningen r\u00e4tt?\",\"datePublished\":\"2022-10-13T12:12:01+00:00\",\"dateModified\":\"2022-10-24T08:15:34+00:00\",\"mainEntityOfPage\":{\"@id\":\"https:\/\/www.budokampsport.se\/2022\/10\/13\/ar-kontaktuppgifterna-till-foreningen-ratt\/\"},\"wordCount\":318,\"image\":{\"@id\":\"https:\/\/www.budokampsport.se\/2022\/10\/13\/ar-kontaktuppgifterna-till-foreningen-ratt\/#primaryimage\"},\"thumbnailUrl\":\"https:\/\/www.budokampsport.se\/wp-content\/uploads\/2019\/09\/Bildbyran-Maxim-Thore-e1625212093901.jpg\",\"articleSection\":[\"F\u00f6rening\"],\"inLanguage\":\"sv-SE\"},{\"@type\":\"WebPage\",\"@id\":\"https:\/\/www.budokampsport.se\/2022\/10\/13\/ar-kontaktuppgifterna-till-foreningen-ratt\/\",\"url\":\"https:\/\/www.budokampsport.se\/2022\/10\/13\/ar-kontaktuppgifterna-till-foreningen-ratt\/\",\"name\":\"\u00c4r kontaktuppgifterna till f\u00f6reningen r\u00e4tt? - Svenska Budo &amp; Kampsportsf\u00f6rbundet\",\"isPartOf\":{\"@id\":\"https:\/\/www.budokampsport.se\/#website\"},\"primaryImageOfPage\":{\"@id\":\"https:\/\/www.budokampsport.se\/2022\/10\/13\/ar-kontaktuppgifterna-till-foreningen-ratt\/#primaryimage\"},\"image\":{\"@id\":\"https:\/\/www.budokampsport.se\/2022\/10\/13\/ar-kontaktuppgifterna-till-foreningen-ratt\/#primaryimage\"},\"thumbnailUrl\":\"https:\/\/www.budokampsport.se\/wp-content\/uploads\/2019\/09\/Bildbyran-Maxim-Thore-e1625212093901.jpg\",\"datePublished\":\"2022-10-13T12:12:01+00:00\",\"dateModified\":\"2022-10-24T08:15:34+00:00\",\"author\":{\"@id\":\"https:\/\/www.budokampsport.se\/#\/schema\/person\/4879786a5505c6e8fc3f5d619a753c3e\"},\"description\":\"F\u00d6RENING. Viktigt att b\u00e5de Svenska Budo & Kampsportsf\u00f6rbundet och Riksidrottsf\u00f6rbundet har r\u00e4tt information. (Foto: Maxim Thor\u00e9\/Bildbyr\u00e5n)\",\"breadcrumb\":{\"@id\":\"https:\/\/www.budokampsport.se\/2022\/10\/13\/ar-kontaktuppgifterna-till-foreningen-ratt\/#breadcrumb\"},\"inLanguage\":\"sv-SE\",\"potentialAction\":[{\"@type\":\"ReadAction\",\"target\":[\"https:\/\/www.budokampsport.se\/2022\/10\/13\/ar-kontaktuppgifterna-till-foreningen-ratt\/\"]}]},{\"@type\":\"ImageObject\",\"inLanguage\":\"sv-SE\",\"@id\":\"https:\/\/www.budokampsport.se\/2022\/10\/13\/ar-kontaktuppgifterna-till-foreningen-ratt\/#primaryimage\",\"url\":\"https:\/\/www.budokampsport.se\/wp-content\/uploads\/2019\/09\/Bildbyran-Maxim-Thore-e1625212093901.jpg\",\"contentUrl\":\"https:\/\/www.budokampsport.se\/wp-content\/uploads\/2019\/09\/Bildbyran-Maxim-Thore-e1625212093901.jpg\",\"width\":850,\"height\":566,\"caption\":\"181031 En person skriver p\u00e5 sin dator p\u00e5 universitetet den 31 oktober 2018 i Stockholm. Foto: MAXIM THOR\u00c9 \/ BILDBYR\u00c5N\"},{\"@type\":\"BreadcrumbList\",\"@id\":\"https:\/\/www.budokampsport.se\/2022\/10\/13\/ar-kontaktuppgifterna-till-foreningen-ratt\/#breadcrumb\",\"itemListElement\":[{\"@type\":\"ListItem\",\"position\":1,\"name\":\"Hem\",\"item\":\"https:\/\/www.budokampsport.se\/\"},{\"@type\":\"ListItem\",\"position\":2,\"name\":\"\u00c4r kontaktuppgifterna till f\u00f6reningen r\u00e4tt?\"}]},{\"@type\":\"WebSite\",\"@id\":\"https:\/\/www.budokampsport.se\/#website\",\"url\":\"https:\/\/www.budokampsport.se\/\",\"name\":\"Svenska Budo &amp; Kampsportsf\u00f6rbundet\",\"description\":\"T\u00e4vling, Tr\u00e4ning, Tradition\",\"potentialAction\":[{\"@type\":\"SearchAction\",\"target\":{\"@type\":\"EntryPoint\",\"urlTemplate\":\"https:\/\/www.budokampsport.se\/?s={search_term_string}\"},\"query-input\":{\"@type\":\"PropertyValueSpecification\",\"valueRequired\":true,\"valueName\":\"search_term_string\"}}],\"inLanguage\":\"sv-SE\"},{\"@type\":\"Person\",\"@id\":\"https:\/\/www.budokampsport.se\/#\/schema\/person\/4879786a5505c6e8fc3f5d619a753c3e\",\"name\":\"Kansliet\",\"image\":{\"@type\":\"ImageObject\",\"inLanguage\":\"sv-SE\",\"@id\":\"https:\/\/www.budokampsport.se\/#\/schema\/person\/image\/\",\"url\":\"https:\/\/secure.gravatar.com\/avatar\/14cbc5bb355f5ca0b294dcf8d8981cf4?s=96&d=blank&r=g\",\"contentUrl\":\"https:\/\/secure.gravatar.com\/avatar\/14cbc5bb355f5ca0b294dcf8d8981cf4?s=96&d=blank&r=g\",\"caption\":\"Kansliet\"},\"url\":\"https:\/\/www.budokampsport.se\/author\/kansliet\/\"}]}<\/script>\n<!-- \/ Yoast SEO plugin. -->","yoast_head_json":{"title":"\u00c4r kontaktuppgifterna till f\u00f6reningen r\u00e4tt? - Svenska Budo &amp; Kampsportsf\u00f6rbundet","description":"F\u00d6RENING. Viktigt att b\u00e5de Svenska Budo & Kampsportsf\u00f6rbundet och Riksidrottsf\u00f6rbundet har r\u00e4tt information.  (Foto: Maxim Thor\u00e9\/Bildbyr\u00e5n)","robots":{"index":"index","follow":"follow","max-snippet":"max-snippet:-1","max-image-preview":"max-image-preview:large","max-video-preview":"max-video-preview:-1"},"canonical":"https:\/\/www.budokampsport.se\/2022\/10\/13\/ar-kontaktuppgifterna-till-foreningen-ratt\/","og_locale":"sv_SE","og_type":"article","og_title":"\u00c4r kontaktuppgifterna till f\u00f6reningen r\u00e4tt? - Svenska Budo &amp; Kampsportsf\u00f6rbundet","og_description":"F\u00d6RENING. Viktigt att b\u00e5de Svenska Budo & Kampsportsf\u00f6rbundet och Riksidrottsf\u00f6rbundet har r\u00e4tt information.  (Foto: Maxim Thor\u00e9\/Bildbyr\u00e5n)","og_url":"https:\/\/www.budokampsport.se\/2022\/10\/13\/ar-kontaktuppgifterna-till-foreningen-ratt\/","og_site_name":"Svenska Budo &amp; Kampsportsf\u00f6rbundet","article_published_time":"2022-10-13T12:12:01+00:00","article_modified_time":"2022-10-24T08:15:34+00:00","og_image":[{"width":850,"height":566,"url":"https:\/\/www.budokampsport.se\/wp-content\/uploads\/2019\/09\/Bildbyran-Maxim-Thore-e1625212093901.jpg","type":"image\/jpeg"}],"author":"Kansliet","twitter_card":"summary_large_image","twitter_misc":{"Skriven av":"Kansliet","Ber\u00e4knad l\u00e4stid":"2 minuter"},"schema":{"@context":"https:\/\/schema.org","@graph":[{"@type":"Article","@id":"https:\/\/www.budokampsport.se\/2022\/10\/13\/ar-kontaktuppgifterna-till-foreningen-ratt\/#article","isPartOf":{"@id":"https:\/\/www.budokampsport.se\/2022\/10\/13\/ar-kontaktuppgifterna-till-foreningen-ratt\/"},"author":{"name":"Kansliet","@id":"https:\/\/www.budokampsport.se\/#\/schema\/person\/4879786a5505c6e8fc3f5d619a753c3e"},"headline":"\u00c4r kontaktuppgifterna till f\u00f6reningen r\u00e4tt?","datePublished":"2022-10-13T12:12:01+00:00","dateModified":"2022-10-24T08:15:34+00:00","mainEntityOfPage":{"@id":"https:\/\/www.budokampsport.se\/2022\/10\/13\/ar-kontaktuppgifterna-till-foreningen-ratt\/"},"wordCount":318,"image":{"@id":"https:\/\/www.budokampsport.se\/2022\/10\/13\/ar-kontaktuppgifterna-till-foreningen-ratt\/#primaryimage"},"thumbnailUrl":"https:\/\/www.budokampsport.se\/wp-content\/uploads\/2019\/09\/Bildbyran-Maxim-Thore-e1625212093901.jpg","articleSection":["F\u00f6rening"],"inLanguage":"sv-SE"},{"@type":"WebPage","@id":"https:\/\/www.budokampsport.se\/2022\/10\/13\/ar-kontaktuppgifterna-till-foreningen-ratt\/","url":"https:\/\/www.budokampsport.se\/2022\/10\/13\/ar-kontaktuppgifterna-till-foreningen-ratt\/","name":"\u00c4r kontaktuppgifterna till f\u00f6reningen r\u00e4tt? - Svenska Budo &amp; Kampsportsf\u00f6rbundet","isPartOf":{"@id":"https:\/\/www.budokampsport.se\/#website"},"primaryImageOfPage":{"@id":"https:\/\/www.budokampsport.se\/2022\/10\/13\/ar-kontaktuppgifterna-till-foreningen-ratt\/#primaryimage"},"image":{"@id":"https:\/\/www.budokampsport.se\/2022\/10\/13\/ar-kontaktuppgifterna-till-foreningen-ratt\/#primaryimage"},"thumbnailUrl":"https:\/\/www.budokampsport.se\/wp-content\/uploads\/2019\/09\/Bildbyran-Maxim-Thore-e1625212093901.jpg","datePublished":"2022-10-13T12:12:01+00:00","dateModified":"2022-10-24T08:15:34+00:00","author":{"@id":"https:\/\/www.budokampsport.se\/#\/schema\/person\/4879786a5505c6e8fc3f5d619a753c3e"},"description":"F\u00d6RENING. Viktigt att b\u00e5de Svenska Budo & Kampsportsf\u00f6rbundet och Riksidrottsf\u00f6rbundet har r\u00e4tt information. (Foto: Maxim Thor\u00e9\/Bildbyr\u00e5n)","breadcrumb":{"@id":"https:\/\/www.budokampsport.se\/2022\/10\/13\/ar-kontaktuppgifterna-till-foreningen-ratt\/#breadcrumb"},"inLanguage":"sv-SE","potentialAction":[{"@type":"ReadAction","target":["https:\/\/www.budokampsport.se\/2022\/10\/13\/ar-kontaktuppgifterna-till-foreningen-ratt\/"]}]},{"@type":"ImageObject","inLanguage":"sv-SE","@id":"https:\/\/www.budokampsport.se\/2022\/10\/13\/ar-kontaktuppgifterna-till-foreningen-ratt\/#primaryimage","url":"https:\/\/www.budokampsport.se\/wp-content\/uploads\/2019\/09\/Bildbyran-Maxim-Thore-e1625212093901.jpg","contentUrl":"https:\/\/www.budokampsport.se\/wp-content\/uploads\/2019\/09\/Bildbyran-Maxim-Thore-e1625212093901.jpg","width":850,"height":566,"caption":"181031 En person skriver p\u00e5 sin dator p\u00e5 universitetet den 31 oktober 2018 i Stockholm. Foto: MAXIM THOR\u00c9 \/ BILDBYR\u00c5N"},{"@type":"BreadcrumbList","@id":"https:\/\/www.budokampsport.se\/2022\/10\/13\/ar-kontaktuppgifterna-till-foreningen-ratt\/#breadcrumb","itemListElement":[{"@type":"ListItem","position":1,"name":"Hem","item":"https:\/\/www.budokampsport.se\/"},{"@type":"ListItem","position":2,"name":"\u00c4r kontaktuppgifterna till f\u00f6reningen r\u00e4tt?"}]},{"@type":"WebSite","@id":"https:\/\/www.budokampsport.se\/#website","url":"https:\/\/www.budokampsport.se\/","name":"Svenska Budo &amp; Kampsportsf\u00f6rbundet","description":"T\u00e4vling, Tr\u00e4ning, Tradition","potentialAction":[{"@type":"SearchAction","target":{"@type":"EntryPoint","urlTemplate":"https:\/\/www.budokampsport.se\/?s={search_term_string}"},"query-input":{"@type":"PropertyValueSpecification","valueRequired":true,"valueName":"search_term_string"}}],"inLanguage":"sv-SE"},{"@type":"Person","@id":"https:\/\/www.budokampsport.se\/#\/schema\/person\/4879786a5505c6e8fc3f5d619a753c3e","name":"Kansliet","image":{"@type":"ImageObject","inLanguage":"sv-SE","@id":"https:\/\/www.budokampsport.se\/#\/schema\/person\/image\/","url":"https:\/\/secure.gravatar.com\/avatar\/14cbc5bb355f5ca0b294dcf8d8981cf4?s=96&d=blank&r=g","contentUrl":"https:\/\/secure.gravatar.com\/avatar\/14cbc5bb355f5ca0b294dcf8d8981cf4?s=96&d=blank&r=g","caption":"Kansliet"},"url":"https:\/\/www.budokampsport.se\/author\/kansliet\/"}]}},"_links":{"self":[{"href":"https:\/\/www.budokampsport.se\/api\/wp\/v2\/posts\/142440","targetHints":{"allow":["GET"]}}],"collection":[{"href":"https:\/\/www.budokampsport.se\/api\/wp\/v2\/posts"}],"about":[{"href":"https:\/\/www.budokampsport.se\/api\/wp\/v2\/types\/post"}],"author":[{"embeddable":true,"href":"https:\/\/www.budokampsport.se\/api\/wp\/v2\/users\/1195"}],"replies":[{"embeddable":true,"href":"https:\/\/www.budokampsport.se\/api\/wp\/v2\/comments?post=142440"}],"version-history":[{"count":0,"href":"https:\/\/www.budokampsport.se\/api\/wp\/v2\/posts\/142440\/revisions"}],"wp:featuredmedia":[{"embeddable":true,"href":"https:\/\/www.budokampsport.se\/api\/wp\/v2\/media\/106816"}],"wp:attachment":[{"href":"https:\/\/www.budokampsport.se\/api\/wp\/v2\/media?parent=142440"}],"wp:term":[{"taxonomy":"category","embeddable":true,"href":"https:\/\/www.budokampsport.se\/api\/wp\/v2\/categories?post=142440"},{"taxonomy":"post_tag","embeddable":true,"href":"https:\/\/www.budokampsport.se\/api\/wp\/v2\/tags?post=142440"}],"curies":[{"name":"wp","href":"https:\/\/api.w.org\/{rel}","templated":true}]}}